{"id":58614,"date":"2022-10-15T17:40:47","date_gmt":"2022-10-15T15:40:47","guid":{"rendered":"https:\/\/vosgesinfo.fr\/saintdieinfo\/2022\/10\/nouveau-rassemblement-patriotes-a-saint-die-vosges\/"},"modified":"2022-10-15T17:40:47","modified_gmt":"2022-10-15T15:40:47","slug":"nouveau-rassemblement-patriotes-a-saint-die-vosges","status":"publish","type":"post","link":"https:\/\/vosgesinfo.fr\/saintdieinfo\/2022\/10\/nouveau-rassemblement-patriotes-a-saint-die-vosges\/","title":{"rendered":"Nouveau rassemblement des Patriotes \u00e0 Saint-Di\u00e9-des-Vosges"},"content":{"rendered":"<div id=\"attachment_191203\" style=\"width: 970px\" class=\"wp-caption aligncenter\"><a href=\"\/2022\/10\/Rassemblement_Les_Patriotes_SDDV-1.jpg\" target=\"_blank\" rel=\"noopener\"><img decoding=\"async\" aria-describedby=\"caption-attachment-191203\" class=\"wp-image-191203 size-large\" src=\"\/2022\/10\/Rassemblement_Les_Patriotes_SDDV-1-1024x683.jpg\" alt=\"Rassemblement_Les_Patriotes_SDDV (1)\" width=\"960\" height=\"640\" \/><\/a><p id=\"caption-attachment-191203\" class=\"wp-caption-text\">(Photographies Marc Fourniquet)<\/p><\/div>\n<h2><strong><span style=\"font-size: 14pt;\">Les Patriotes ont manifest\u00e9 de nombreux samedis apr\u00e8s-midis \u00e0 Saint-Di\u00e9-des-Vosges, principalement contre le pass sanitaire et l&rsquo;obligation vaccinale. Apr\u00e8s plusieurs mois d&rsquo;absence, les militants du parti de Floriant Philippot organisaient un nouveau rassemblement d\u00e9odatien ce samedi 15 octobre, toujours au niveau de la place du G\u00e9n\u00e9ral-de-Gaulle.<\/span><\/strong><\/h2>\n<p><!--more--><\/p>\n<p>Le collectif \u00ab Parents en col\u00e8re \u00bb s&rsquo;\u00e9tait joint \u00e0 cette manifestation automnale, qui avait pour objet de \u00ab r\u00e9veiller les consciences\u00a0\u00bb vis \u00e0 vis \u00ab\u00a0de la nouvelle supercherie du Gouvernement\u00a0\u00bb. \u00ab\u00a0Notre volont\u00e9 est de rassembler toutes personnes se sentant touch\u00e9s par ce qui se passe. Tout le monde est concern\u00e9 par la hausse des prix et tout le monde a le droit d&rsquo;exprimer sa contestation. Pensons \u00e0 nos enfants qui vont grandir dans un monde dans lequel la num\u00e9risation veut imposer sa loi. Pensons \u00e0 nos anciens qui se sont battus pour que nous ayons le droit d&rsquo;expression\u00a0\u00bb a notamment d\u00e9clar\u00e9 Marina Collin-Duparcq, r\u00e9f\u00e9rente Patriotes des Vosges et organisatrice du rassemblement, auquel une trentaine de personnes a pris part.<\/p>\n<p>J.J.<\/p>\n\n","protected":false},"excerpt":{"rendered":"<p>Les Patriotes ont manifest\u00e9 de nombreux samedis apr\u00e8s-midis \u00e0 Saint-Di\u00e9-des-Vosges, principalement contre le pass sanitaire et l&rsquo;obligation vaccinale. Apr\u00e8s plusieurs [&hellip;]<\/p>\n","protected":false},"author":44,"featured_media":58615,"comment_status":"open","ping_status":"open","sticky":false,"template":"","format":"standard","meta":{"footnotes":""},"categories":[460,10,2915],"tags":[7883,615,10125,3039],"class_list":["post-58614","post","type-post","status-publish","format-standard","has-post-thumbnail","hentry","category-a-la-une","category-politique","category-saint-die-son-canton","tag-les-patriotes","tag-manifestation","tag-parents-en-colere","tag-place-du-general-de-gaulle"],"acf":[],"yoast_head":"<!-- This site is optimized with the Yoast SEO plugin v22.5 - https:\/\/yoast.com\/wordpress\/plugins\/seo\/ -->\n<title>Nouveau rassemblement des Patriotes \u00e0 Saint-Di\u00e9-des-Vosges - Saint Die Info<\/title>\n<meta name=\"robots\" content=\"index, follow, max-snippet:-1, max-image-preview:large, max-video-preview:-1\" \/>\n<link rel=\"canonical\" href=\"https:\/\/vosgesinfo.fr\/saintdieinfo\/2022\/10\/nouveau-rassemblement-patriotes-a-saint-die-vosges\/\" \/>\n<meta name=\"twitter:card\" content=\"summary_large_image\" \/>\n<meta name=\"twitter:title\" content=\"Nouveau rassemblement des Patriotes \u00e0 Saint-Di\u00e9-des-Vosges - Saint Die Info\" \/>\n<meta name=\"twitter:description\" content=\"Les Patriotes ont manifest\u00e9 de nombreux samedis apr\u00e8s-midis \u00e0 Saint-Di\u00e9-des-Vosges, principalement contre le pass sanitaire et l&rsquo;obligation vaccinale. Apr\u00e8s plusieurs [&hellip;]\" \/>\n<meta name=\"twitter:image\" content=\"https:\/\/vosgesinfo.fr\/app\/uploads\/sites\/4\/2024\/08\/202210rassemblement-les-patriotes-sddv-1.jpg\" \/>\n<meta name=\"twitter:creator\" content=\"@VosgesInfo88\" \/>\n<meta name=\"twitter:site\" content=\"@VosgesInfo88\" \/>\n<meta name=\"twitter:label1\" content=\"\u00c9crit par\" \/>\n\t<meta name=\"twitter:data1\" content=\"la r\u00e9daction\" \/>\n\t<meta name=\"twitter:label2\" content=\"Dur\u00e9e de lecture estim\u00e9e\" \/>\n\t<meta name=\"twitter:data2\" content=\"1 minute\" \/>\n<script type=\"application\/ld+json\" class=\"yoast-schema-graph\">{\"@context\":\"https:\/\/schema.org\",\"@graph\":[{\"@type\":\"Article\",\"@id\":\"https:\/\/vosgesinfo.fr\/saintdieinfo\/2022\/10\/nouveau-rassemblement-patriotes-a-saint-die-vosges\/#article\",\"isPartOf\":{\"@id\":\"https:\/\/vosgesinfo.fr\/saintdieinfo\/2022\/10\/nouveau-rassemblement-patriotes-a-saint-die-vosges\/\"},\"author\":{\"name\":\"la r\u00e9daction\",\"@id\":\"https:\/\/vosgesinfo.fr\/saintdieinfo\/#\/schema\/person\/faee6704a21f3977511db84bd1cd450f\"},\"headline\":\"Nouveau rassemblement des Patriotes \u00e0 Saint-Di\u00e9-des-Vosges\",\"datePublished\":\"2022-10-15T15:40:47+00:00\",\"dateModified\":\"2022-10-15T15:40:47+00:00\",\"mainEntityOfPage\":{\"@id\":\"https:\/\/vosgesinfo.fr\/saintdieinfo\/2022\/10\/nouveau-rassemblement-patriotes-a-saint-die-vosges\/\"},\"wordCount\":199,\"commentCount\":0,\"publisher\":{\"@id\":\"https:\/\/vosgesinfo.fr\/saintdieinfo\/#organization\"},\"image\":{\"@id\":\"https:\/\/vosgesinfo.fr\/saintdieinfo\/2022\/10\/nouveau-rassemblement-patriotes-a-saint-die-vosges\/#primaryimage\"},\"thumbnailUrl\":\"https:\/\/vosgesinfo.fr\/app\/uploads\/sites\/4\/2024\/08\/202210rassemblement-les-patriotes-sddv-1.jpg\",\"keywords\":[\"Les Patriotes\",\"manifestation\",\"Parents en col\u00e8re\",\"Place du G\u00e9n\u00e9ral de Gaulle\"],\"articleSection\":[\"A la Une\",\"Politique\",\"Saint-Di\u00e9-des-Vosges et son Agglom\u00e9ration\"],\"inLanguage\":\"fr-FR\",\"potentialAction\":[{\"@type\":\"CommentAction\",\"name\":\"Comment\",\"target\":[\"https:\/\/vosgesinfo.fr\/saintdieinfo\/2022\/10\/nouveau-rassemblement-patriotes-a-saint-die-vosges\/#respond\"]}]},{\"@type\":\"WebPage\",\"@id\":\"https:\/\/vosgesinfo.fr\/saintdieinfo\/2022\/10\/nouveau-rassemblement-patriotes-a-saint-die-vosges\/\",\"url\":\"https:\/\/vosgesinfo.fr\/saintdieinfo\/2022\/10\/nouveau-rassemblement-patriotes-a-saint-die-vosges\/\",\"name\":\"Nouveau rassemblement des Patriotes \u00e0 Saint-Di\u00e9-des-Vosges - Saint Die Info\",\"isPartOf\":{\"@id\":\"https:\/\/vosgesinfo.fr\/saintdieinfo\/#website\"},\"primaryImageOfPage\":{\"@id\":\"https:\/\/vosgesinfo.fr\/saintdieinfo\/2022\/10\/nouveau-rassemblement-patriotes-a-saint-die-vosges\/#primaryimage\"},\"image\":{\"@id\":\"https:\/\/vosgesinfo.fr\/saintdieinfo\/2022\/10\/nouveau-rassemblement-patriotes-a-saint-die-vosges\/#primaryimage\"},\"thumbnailUrl\":\"https:\/\/vosgesinfo.fr\/app\/uploads\/sites\/4\/2024\/08\/202210rassemblement-les-patriotes-sddv-1.jpg\",\"datePublished\":\"2022-10-15T15:40:47+00:00\",\"dateModified\":\"2022-10-15T15:40:47+00:00\",\"breadcrumb\":{\"@id\":\"https:\/\/vosgesinfo.fr\/saintdieinfo\/2022\/10\/nouveau-rassemblement-patriotes-a-saint-die-vosges\/#breadcrumb\"},\"inLanguage\":\"fr-FR\",\"potentialAction\":[{\"@type\":\"ReadAction\",\"target\":[\"https:\/\/vosgesinfo.fr\/saintdieinfo\/2022\/10\/nouveau-rassemblement-patriotes-a-saint-die-vosges\/\"]}]},{\"@type\":\"ImageObject\",\"inLanguage\":\"fr-FR\",\"@id\":\"https:\/\/vosgesinfo.fr\/saintdieinfo\/2022\/10\/nouveau-rassemblement-patriotes-a-saint-die-vosges\/#primaryimage\",\"url\":\"https:\/\/vosgesinfo.fr\/app\/uploads\/sites\/4\/2024\/08\/202210rassemblement-les-patriotes-sddv-1.jpg\",\"contentUrl\":\"https:\/\/vosgesinfo.fr\/app\/uploads\/sites\/4\/2024\/08\/202210rassemblement-les-patriotes-sddv-1.jpg\",\"width\":1024,\"height\":683},{\"@type\":\"BreadcrumbList\",\"@id\":\"https:\/\/vosgesinfo.fr\/saintdieinfo\/2022\/10\/nouveau-rassemblement-patriotes-a-saint-die-vosges\/#breadcrumb\",\"itemListElement\":[{\"@type\":\"ListItem\",\"position\":1,\"name\":\"Home\",\"item\":\"https:\/\/vosgesinfo.fr\/saintdieinfo\/\"},{\"@type\":\"ListItem\",\"position\":2,\"name\":\"Nouveau rassemblement des Patriotes \u00e0 Saint-Di\u00e9-des-Vosges\"}]},{\"@type\":\"WebSite\",\"@id\":\"https:\/\/vosgesinfo.fr\/saintdieinfo\/#website\",\"url\":\"https:\/\/vosgesinfo.fr\/saintdieinfo\/\",\"name\":\"Saint Die Info\",\"description\":\"Toute l&#039;actualit\u00e9 de Saint-Di\u00e9-Des-Vosges\",\"publisher\":{\"@id\":\"https:\/\/vosgesinfo.fr\/saintdieinfo\/#organization\"},\"alternateName\":\"Toute l'actualit\u00e9 de Saint-Di\u00e9-Des-Vosges\",\"potentialAction\":[{\"@type\":\"SearchAction\",\"target\":{\"@type\":\"EntryPoint\",\"urlTemplate\":\"https:\/\/vosgesinfo.fr\/saintdieinfo\/?s={search_term_string}\"},\"query-input\":\"required name=search_term_string\"}],\"inLanguage\":\"fr-FR\"},{\"@type\":\"Organization\",\"@id\":\"https:\/\/vosgesinfo.fr\/saintdieinfo\/#organization\",\"name\":\"Saint Die Info\",\"url\":\"https:\/\/vosgesinfo.fr\/saintdieinfo\/\",\"logo\":{\"@type\":\"ImageObject\",\"inLanguage\":\"fr-FR\",\"@id\":\"https:\/\/vosgesinfo.fr\/saintdieinfo\/#\/schema\/logo\/image\/\",\"url\":\"https:\/\/vosgesinfo.fr\/app\/uploads\/sites\/4\/2024\/02\/logo-sdi.jpg\",\"contentUrl\":\"https:\/\/vosgesinfo.fr\/app\/uploads\/sites\/4\/2024\/02\/logo-sdi.jpg\",\"width\":600,\"height\":600,\"caption\":\"Saint Die Info\"},\"image\":{\"@id\":\"https:\/\/vosgesinfo.fr\/saintdieinfo\/#\/schema\/logo\/image\/\"},\"sameAs\":[\"https:\/\/www.facebook.com\/Saintdieinfofr\",\"https:\/\/x.com\/VosgesInfo88\",\"https:\/\/www.youtube.com\/@vosgesinfo\"]},{\"@type\":\"Person\",\"@id\":\"https:\/\/vosgesinfo.fr\/saintdieinfo\/#\/schema\/person\/faee6704a21f3977511db84bd1cd450f\",\"name\":\"la r\u00e9daction\",\"image\":{\"@type\":\"ImageObject\",\"inLanguage\":\"fr-FR\",\"@id\":\"https:\/\/vosgesinfo.fr\/saintdieinfo\/#\/schema\/person\/image\/\",\"url\":\"https:\/\/secure.gravatar.com\/avatar\/6673d8bc6a9c17fa9a453eaa3448de834fa308c2ec9635b7aa99441a7c8d2cf6?s=96&d=mm&r=g\",\"contentUrl\":\"https:\/\/secure.gravatar.com\/avatar\/6673d8bc6a9c17fa9a453eaa3448de834fa308c2ec9635b7aa99441a7c8d2cf6?s=96&d=mm&r=g\",\"caption\":\"la r\u00e9daction\"},\"url\":\"https:\/\/vosgesinfo.fr\/saintdieinfo\/author\/redac\/\"}]}<\/script>\n<!-- \/ Yoast SEO plugin. -->","yoast_head_json":{"title":"Nouveau rassemblement des Patriotes \u00e0 Saint-Di\u00e9-des-Vosges - Saint Die Info","robots":{"index":"index","follow":"follow","max-snippet":"max-snippet:-1","max-image-preview":"max-image-preview:large","max-video-preview":"max-video-preview:-1"},"canonical":"https:\/\/vosgesinfo.fr\/saintdieinfo\/2022\/10\/nouveau-rassemblement-patriotes-a-saint-die-vosges\/","twitter_card":"summary_large_image","twitter_title":"Nouveau rassemblement des Patriotes \u00e0 Saint-Di\u00e9-des-Vosges - Saint Die Info","twitter_description":"Les Patriotes ont manifest\u00e9 de nombreux samedis apr\u00e8s-midis \u00e0 Saint-Di\u00e9-des-Vosges, principalement contre le pass sanitaire et l&rsquo;obligation vaccinale. Apr\u00e8s plusieurs [&hellip;]","twitter_image":"https:\/\/vosgesinfo.fr\/app\/uploads\/sites\/4\/2024\/08\/202210rassemblement-les-patriotes-sddv-1.jpg","twitter_creator":"@VosgesInfo88","twitter_site":"@VosgesInfo88","twitter_misc":{"\u00c9crit par":"la r\u00e9daction","Dur\u00e9e de lecture estim\u00e9e":"1 minute"},"schema":{"@context":"https:\/\/schema.org","@graph":[{"@type":"Article","@id":"https:\/\/vosgesinfo.fr\/saintdieinfo\/2022\/10\/nouveau-rassemblement-patriotes-a-saint-die-vosges\/#article","isPartOf":{"@id":"https:\/\/vosgesinfo.fr\/saintdieinfo\/2022\/10\/nouveau-rassemblement-patriotes-a-saint-die-vosges\/"},"author":{"name":"la r\u00e9daction","@id":"https:\/\/vosgesinfo.fr\/saintdieinfo\/#\/schema\/person\/faee6704a21f3977511db84bd1cd450f"},"headline":"Nouveau rassemblement des Patriotes \u00e0 Saint-Di\u00e9-des-Vosges","datePublished":"2022-10-15T15:40:47+00:00","dateModified":"2022-10-15T15:40:47+00:00","mainEntityOfPage":{"@id":"https:\/\/vosgesinfo.fr\/saintdieinfo\/2022\/10\/nouveau-rassemblement-patriotes-a-saint-die-vosges\/"},"wordCount":199,"commentCount":0,"publisher":{"@id":"https:\/\/vosgesinfo.fr\/saintdieinfo\/#organization"},"image":{"@id":"https:\/\/vosgesinfo.fr\/saintdieinfo\/2022\/10\/nouveau-rassemblement-patriotes-a-saint-die-vosges\/#primaryimage"},"thumbnailUrl":"https:\/\/vosgesinfo.fr\/app\/uploads\/sites\/4\/2024\/08\/202210rassemblement-les-patriotes-sddv-1.jpg","keywords":["Les Patriotes","manifestation","Parents en col\u00e8re","Place du G\u00e9n\u00e9ral de Gaulle"],"articleSection":["A la Une","Politique","Saint-Di\u00e9-des-Vosges et son Agglom\u00e9ration"],"inLanguage":"fr-FR","potentialAction":[{"@type":"CommentAction","name":"Comment","target":["https:\/\/vosgesinfo.fr\/saintdieinfo\/2022\/10\/nouveau-rassemblement-patriotes-a-saint-die-vosges\/#respond"]}]},{"@type":"WebPage","@id":"https:\/\/vosgesinfo.fr\/saintdieinfo\/2022\/10\/nouveau-rassemblement-patriotes-a-saint-die-vosges\/","url":"https:\/\/vosgesinfo.fr\/saintdieinfo\/2022\/10\/nouveau-rassemblement-patriotes-a-saint-die-vosges\/","name":"Nouveau rassemblement des Patriotes \u00e0 Saint-Di\u00e9-des-Vosges - Saint Die Info","isPartOf":{"@id":"https:\/\/vosgesinfo.fr\/saintdieinfo\/#website"},"primaryImageOfPage":{"@id":"https:\/\/vosgesinfo.fr\/saintdieinfo\/2022\/10\/nouveau-rassemblement-patriotes-a-saint-die-vosges\/#primaryimage"},"image":{"@id":"https:\/\/vosgesinfo.fr\/saintdieinfo\/2022\/10\/nouveau-rassemblement-patriotes-a-saint-die-vosges\/#primaryimage"},"thumbnailUrl":"https:\/\/vosgesinfo.fr\/app\/uploads\/sites\/4\/2024\/08\/202210rassemblement-les-patriotes-sddv-1.jpg","datePublished":"2022-10-15T15:40:47+00:00","dateModified":"2022-10-15T15:40:47+00:00","breadcrumb":{"@id":"https:\/\/vosgesinfo.fr\/saintdieinfo\/2022\/10\/nouveau-rassemblement-patriotes-a-saint-die-vosges\/#breadcrumb"},"inLanguage":"fr-FR","potentialAction":[{"@type":"ReadAction","target":["https:\/\/vosgesinfo.fr\/saintdieinfo\/2022\/10\/nouveau-rassemblement-patriotes-a-saint-die-vosges\/"]}]},{"@type":"ImageObject","inLanguage":"fr-FR","@id":"https:\/\/vosgesinfo.fr\/saintdieinfo\/2022\/10\/nouveau-rassemblement-patriotes-a-saint-die-vosges\/#primaryimage","url":"https:\/\/vosgesinfo.fr\/app\/uploads\/sites\/4\/2024\/08\/202210rassemblement-les-patriotes-sddv-1.jpg","contentUrl":"https:\/\/vosgesinfo.fr\/app\/uploads\/sites\/4\/2024\/08\/202210rassemblement-les-patriotes-sddv-1.jpg","width":1024,"height":683},{"@type":"BreadcrumbList","@id":"https:\/\/vosgesinfo.fr\/saintdieinfo\/2022\/10\/nouveau-rassemblement-patriotes-a-saint-die-vosges\/#breadcrumb","itemListElement":[{"@type":"ListItem","position":1,"name":"Home","item":"https:\/\/vosgesinfo.fr\/saintdieinfo\/"},{"@type":"ListItem","position":2,"name":"Nouveau rassemblement des Patriotes \u00e0 Saint-Di\u00e9-des-Vosges"}]},{"@type":"WebSite","@id":"https:\/\/vosgesinfo.fr\/saintdieinfo\/#website","url":"https:\/\/vosgesinfo.fr\/saintdieinfo\/","name":"Saint Die Info","description":"Toute l&#039;actualit\u00e9 de Saint-Di\u00e9-Des-Vosges","publisher":{"@id":"https:\/\/vosgesinfo.fr\/saintdieinfo\/#organization"},"alternateName":"Toute l'actualit\u00e9 de Saint-Di\u00e9-Des-Vosges","potentialAction":[{"@type":"SearchAction","target":{"@type":"EntryPoint","urlTemplate":"https:\/\/vosgesinfo.fr\/saintdieinfo\/?s={search_term_string}"},"query-input":"required name=search_term_string"}],"inLanguage":"fr-FR"},{"@type":"Organization","@id":"https:\/\/vosgesinfo.fr\/saintdieinfo\/#organization","name":"Saint Die Info","url":"https:\/\/vosgesinfo.fr\/saintdieinfo\/","logo":{"@type":"ImageObject","inLanguage":"fr-FR","@id":"https:\/\/vosgesinfo.fr\/saintdieinfo\/#\/schema\/logo\/image\/","url":"https:\/\/vosgesinfo.fr\/app\/uploads\/sites\/4\/2024\/02\/logo-sdi.jpg","contentUrl":"https:\/\/vosgesinfo.fr\/app\/uploads\/sites\/4\/2024\/02\/logo-sdi.jpg","width":600,"height":600,"caption":"Saint Die Info"},"image":{"@id":"https:\/\/vosgesinfo.fr\/saintdieinfo\/#\/schema\/logo\/image\/"},"sameAs":["https:\/\/www.facebook.com\/Saintdieinfofr","https:\/\/x.com\/VosgesInfo88","https:\/\/www.youtube.com\/@vosgesinfo"]},{"@type":"Person","@id":"https:\/\/vosgesinfo.fr\/saintdieinfo\/#\/schema\/person\/faee6704a21f3977511db84bd1cd450f","name":"la r\u00e9daction","image":{"@type":"ImageObject","inLanguage":"fr-FR","@id":"https:\/\/vosgesinfo.fr\/saintdieinfo\/#\/schema\/person\/image\/","url":"https:\/\/secure.gravatar.com\/avatar\/6673d8bc6a9c17fa9a453eaa3448de834fa308c2ec9635b7aa99441a7c8d2cf6?s=96&d=mm&r=g","contentUrl":"https:\/\/secure.gravatar.com\/avatar\/6673d8bc6a9c17fa9a453eaa3448de834fa308c2ec9635b7aa99441a7c8d2cf6?s=96&d=mm&r=g","caption":"la r\u00e9daction"},"url":"https:\/\/vosgesinfo.fr\/saintdieinfo\/author\/redac\/"}]}},"_links":{"self":[{"href":"https:\/\/vosgesinfo.fr\/saintdieinfo\/wp-json\/wp\/v2\/posts\/58614","targetHints":{"allow":["GET"]}}],"collection":[{"href":"https:\/\/vosgesinfo.fr\/saintdieinfo\/wp-json\/wp\/v2\/posts"}],"about":[{"href":"https:\/\/vosgesinfo.fr\/saintdieinfo\/wp-json\/wp\/v2\/types\/post"}],"author":[{"embeddable":true,"href":"https:\/\/vosgesinfo.fr\/saintdieinfo\/wp-json\/wp\/v2\/users\/44"}],"replies":[{"embeddable":true,"href":"https:\/\/vosgesinfo.fr\/saintdieinfo\/wp-json\/wp\/v2\/comments?post=58614"}],"version-history":[{"count":0,"href":"https:\/\/vosgesinfo.fr\/saintdieinfo\/wp-json\/wp\/v2\/posts\/58614\/revisions"}],"wp:featuredmedia":[{"embeddable":true,"href":"https:\/\/vosgesinfo.fr\/saintdieinfo\/wp-json\/wp\/v2\/media\/58615"}],"wp:attachment":[{"href":"https:\/\/vosgesinfo.fr\/saintdieinfo\/wp-json\/wp\/v2\/media?parent=58614"}],"wp:term":[{"taxonomy":"category","embeddable":true,"href":"https:\/\/vosgesinfo.fr\/saintdieinfo\/wp-json\/wp\/v2\/categories?post=58614"},{"taxonomy":"post_tag","embeddable":true,"href":"https:\/\/vosgesinfo.fr\/saintdieinfo\/wp-json\/wp\/v2\/tags?post=58614"}],"curies":[{"name":"wp","href":"https:\/\/api.w.org\/{rel}","templated":true}]}}