{"id":58626,"date":"2022-10-17T06:57:49","date_gmt":"2022-10-17T04:57:49","guid":{"rendered":"https:\/\/vosgesinfo.fr\/saintdieinfo\/2022\/10\/sequiper-a-moindre-cout-bourse-aux-skis-snowboards-scvm-3\/"},"modified":"2022-10-17T06:57:49","modified_gmt":"2022-10-17T04:57:49","slug":"sequiper-a-moindre-cout-bourse-aux-skis-snowboards-scvm-3","status":"publish","type":"post","link":"https:\/\/vosgesinfo.fr\/saintdieinfo\/2022\/10\/sequiper-a-moindre-cout-bourse-aux-skis-snowboards-scvm-3\/","title":{"rendered":"S\u2019\u00e9quiper \u00e0 moindre co\u00fbt avec la bourse aux skis et snowboards du SCVM"},"content":{"rendered":"<div id=\"attachment_174124\" style=\"width: 810px\" class=\"wp-caption aligncenter\"><a href=\"\/2021\/11\/Bourse_Skis_SCVM-5.jpg\" target=\"_blank\" rel=\"noopener\"><img decoding=\"async\" aria-describedby=\"caption-attachment-174124\" class=\"wp-image-174124 size-full\" src=\"\/2021\/11\/Bourse_Skis_SCVM-5.jpg\" alt=\"Bourse_Skis_SCVM (5)\" width=\"800\" height=\"534\" \/><\/a><p id=\"caption-attachment-174124\" class=\"wp-caption-text\">Le d\u00e9p\u00f4t des articles l&rsquo;an dernier. (Archive)<\/p><\/div>\n<h2><strong><span style=\"font-size: 14pt;\">La prochaine bourse aux skis et snowboards du Ski Club Vall\u00e9es et Montagne \u2013 SCVM \u2013 se tiendra les vendredi 4, samedi 5 et dimanche 6 novembre \u00e0 l&rsquo;Espace Fran\u00e7ois-Mitterrand.<\/span><\/strong><\/h2>\n<p><!--more--><\/p>\n<p><span style=\"font-size: 12pt;\">Le d\u00e9p\u00f4t des articles se fera le vendredi de 17h \u00e0 20h\u00a0: skis, b\u00e2tons, snowboards, chaussures de ski, boots de snowboard, v\u00eatements de ski&#8230; en bon \u00e9tat, propres et bien entretenus. Afin de limiter le temps d&rsquo;attente, l&rsquo;association mettra en place des caisses rapides pour celles et ceux qui auront 5 articles ou moins, ainsi qu&rsquo;un enregistrement des articles d\u00e8s votre arriv\u00e9e.<\/span><\/p>\n<p><span style=\"font-size: 12pt;\">La vente en elle-m\u00eame se d\u00e9roulera le samedi de 9h \u00e0 18h, puis le dimanche de 10h \u00e0 13h. Sur place, un grand choix de mat\u00e9riel d&rsquo;occasion, mais aussi neuf, sera \u00e0 retrouver, sachant que des b\u00e9n\u00e9voles du SCVM et des professionnels seront \u00e0 la disposition du public pour apporter des conseils. A noter que les r\u00e8glements en esp\u00e8ces ou par ch\u00e8que sont accept\u00e9s.<\/span><\/p>\n<p><span style=\"font-size: 12pt;\">La bourse aux skis se terminera dimanche en fin de journ\u00e9e, avec le r\u00e8glement des articles vendus et la reprise des invendus \u00e9ventuels de 17h \u00e0 18h. Le tout en sachant que pour les vendeurs comme pour les acheteurs, il est n\u00e9cessaire d&rsquo;adh\u00e9rer au SCVM. La carte d&rsquo;adh\u00e9sion sera disponible sur place au tarif de 5\u20ac.<\/span><\/p>\n<p>J.J.<\/p>\n<p><a href=\"\/2022\/10\/Bourse_Skis_SCVM.png\" target=\"_blank\" rel=\"noopener\"><img decoding=\"async\" class=\"aligncenter wp-image-191224 size-large\" src=\"\/2022\/10\/Bourse_Skis_SCVM-724x1024.png\" alt=\"Bourse_Skis_SCVM\" width=\"724\" height=\"1024\" \/><\/a><\/p>\n","protected":false},"excerpt":{"rendered":"<p>La prochaine bourse aux skis et snowboards du Ski Club Vall\u00e9es et Montagne \u2013 SCVM \u2013 se tiendra les vendredi [&hellip;]<\/p>\n","protected":false},"author":44,"featured_media":26464,"comment_status":"open","ping_status":"open","sticky":false,"template":"","format":"standard","meta":{"footnotes":""},"categories":[460,20,2915,14,17],"tags":[9374,12821,3089,9375],"class_list":["post-58626","post","type-post","status-publish","format-standard","has-post-thumbnail","hentry","category-a-la-une","category-loisirs","category-saint-die-son-canton","category-sport","category-vie-associative","tag-bourse-aux-skis-et-snowboards","tag-bourse-aux-skis-et-snowboards-du-scvm","tag-espace-francois-mitterrand","tag-scvm"],"acf":[],"yoast_head":"<!-- This site is optimized with the Yoast SEO plugin v22.5 - https:\/\/yoast.com\/wordpress\/plugins\/seo\/ -->\n<title>S\u2019\u00e9quiper \u00e0 moindre co\u00fbt avec la bourse aux skis et snowboards du SCVM - Saint Die Info<\/title>\n<meta name=\"robots\" content=\"index, follow, max-snippet:-1, max-image-preview:large, max-video-preview:-1\" \/>\n<link rel=\"canonical\" href=\"https:\/\/vosgesinfo.fr\/saintdieinfo\/2022\/10\/sequiper-a-moindre-cout-bourse-aux-skis-snowboards-scvm-3\/\" \/>\n<meta name=\"twitter:card\" content=\"summary_large_image\" \/>\n<meta name=\"twitter:title\" content=\"S\u2019\u00e9quiper \u00e0 moindre co\u00fbt avec la bourse aux skis et snowboards du SCVM - Saint Die Info\" \/>\n<meta name=\"twitter:description\" content=\"La prochaine bourse aux skis et snowboards du Ski Club Vall\u00e9es et Montagne \u2013 SCVM \u2013 se tiendra les vendredi [&hellip;]\" \/>\n<meta name=\"twitter:image\" content=\"https:\/\/vosgesinfo.fr\/app\/uploads\/sites\/4\/2021\/11\/bourse-skis-scvm-5.jpg\" \/>\n<meta name=\"twitter:creator\" content=\"@VosgesInfo88\" \/>\n<meta name=\"twitter:site\" content=\"@VosgesInfo88\" \/>\n<meta name=\"twitter:label1\" content=\"\u00c9crit par\" \/>\n\t<meta name=\"twitter:data1\" content=\"la r\u00e9daction\" \/>\n\t<meta name=\"twitter:label2\" content=\"Dur\u00e9e de lecture estim\u00e9e\" \/>\n\t<meta name=\"twitter:data2\" content=\"1 minute\" \/>\n<script type=\"application\/ld+json\" class=\"yoast-schema-graph\">{\"@context\":\"https:\/\/schema.org\",\"@graph\":[{\"@type\":\"Article\",\"@id\":\"https:\/\/vosgesinfo.fr\/saintdieinfo\/2022\/10\/sequiper-a-moindre-cout-bourse-aux-skis-snowboards-scvm-3\/#article\",\"isPartOf\":{\"@id\":\"https:\/\/vosgesinfo.fr\/saintdieinfo\/2022\/10\/sequiper-a-moindre-cout-bourse-aux-skis-snowboards-scvm-3\/\"},\"author\":{\"name\":\"la r\u00e9daction\",\"@id\":\"https:\/\/vosgesinfo.fr\/saintdieinfo\/#\/schema\/person\/faee6704a21f3977511db84bd1cd450f\"},\"headline\":\"S\u2019\u00e9quiper \u00e0 moindre co\u00fbt avec la bourse aux skis et snowboards du SCVM\",\"datePublished\":\"2022-10-17T04:57:49+00:00\",\"dateModified\":\"2022-10-17T04:57:49+00:00\",\"mainEntityOfPage\":{\"@id\":\"https:\/\/vosgesinfo.fr\/saintdieinfo\/2022\/10\/sequiper-a-moindre-cout-bourse-aux-skis-snowboards-scvm-3\/\"},\"wordCount\":260,\"commentCount\":0,\"publisher\":{\"@id\":\"https:\/\/vosgesinfo.fr\/saintdieinfo\/#organization\"},\"image\":{\"@id\":\"https:\/\/vosgesinfo.fr\/saintdieinfo\/2022\/10\/sequiper-a-moindre-cout-bourse-aux-skis-snowboards-scvm-3\/#primaryimage\"},\"thumbnailUrl\":\"https:\/\/vosgesinfo.fr\/app\/uploads\/sites\/4\/2021\/11\/bourse-skis-scvm-5.jpg\",\"keywords\":[\"Bourse aux skis et snowboards\",\"Bourse aux skis et snowboards du SCVM\",\"Espace Fran\u00e7ois-Mitterrand\",\"SCVM\"],\"articleSection\":[\"A la Une\",\"Loisirs\",\"Saint-Di\u00e9-des-Vosges et son Agglom\u00e9ration\",\"Sport\",\"Vie Associative\"],\"inLanguage\":\"fr-FR\",\"potentialAction\":[{\"@type\":\"CommentAction\",\"name\":\"Comment\",\"target\":[\"https:\/\/vosgesinfo.fr\/saintdieinfo\/2022\/10\/sequiper-a-moindre-cout-bourse-aux-skis-snowboards-scvm-3\/#respond\"]}]},{\"@type\":\"WebPage\",\"@id\":\"https:\/\/vosgesinfo.fr\/saintdieinfo\/2022\/10\/sequiper-a-moindre-cout-bourse-aux-skis-snowboards-scvm-3\/\",\"url\":\"https:\/\/vosgesinfo.fr\/saintdieinfo\/2022\/10\/sequiper-a-moindre-cout-bourse-aux-skis-snowboards-scvm-3\/\",\"name\":\"S\u2019\u00e9quiper \u00e0 moindre co\u00fbt avec la bourse aux skis et snowboards du SCVM - Saint Die Info\",\"isPartOf\":{\"@id\":\"https:\/\/vosgesinfo.fr\/saintdieinfo\/#website\"},\"primaryImageOfPage\":{\"@id\":\"https:\/\/vosgesinfo.fr\/saintdieinfo\/2022\/10\/sequiper-a-moindre-cout-bourse-aux-skis-snowboards-scvm-3\/#primaryimage\"},\"image\":{\"@id\":\"https:\/\/vosgesinfo.fr\/saintdieinfo\/2022\/10\/sequiper-a-moindre-cout-bourse-aux-skis-snowboards-scvm-3\/#primaryimage\"},\"thumbnailUrl\":\"https:\/\/vosgesinfo.fr\/app\/uploads\/sites\/4\/2021\/11\/bourse-skis-scvm-5.jpg\",\"datePublished\":\"2022-10-17T04:57:49+00:00\",\"dateModified\":\"2022-10-17T04:57:49+00:00\",\"breadcrumb\":{\"@id\":\"https:\/\/vosgesinfo.fr\/saintdieinfo\/2022\/10\/sequiper-a-moindre-cout-bourse-aux-skis-snowboards-scvm-3\/#breadcrumb\"},\"inLanguage\":\"fr-FR\",\"potentialAction\":[{\"@type\":\"ReadAction\",\"target\":[\"https:\/\/vosgesinfo.fr\/saintdieinfo\/2022\/10\/sequiper-a-moindre-cout-bourse-aux-skis-snowboards-scvm-3\/\"]}]},{\"@type\":\"ImageObject\",\"inLanguage\":\"fr-FR\",\"@id\":\"https:\/\/vosgesinfo.fr\/saintdieinfo\/2022\/10\/sequiper-a-moindre-cout-bourse-aux-skis-snowboards-scvm-3\/#primaryimage\",\"url\":\"https:\/\/vosgesinfo.fr\/app\/uploads\/sites\/4\/2021\/11\/bourse-skis-scvm-5.jpg\",\"contentUrl\":\"https:\/\/vosgesinfo.fr\/app\/uploads\/sites\/4\/2021\/11\/bourse-skis-scvm-5.jpg\",\"width\":800,\"height\":534},{\"@type\":\"BreadcrumbList\",\"@id\":\"https:\/\/vosgesinfo.fr\/saintdieinfo\/2022\/10\/sequiper-a-moindre-cout-bourse-aux-skis-snowboards-scvm-3\/#breadcrumb\",\"itemListElement\":[{\"@type\":\"ListItem\",\"position\":1,\"name\":\"Home\",\"item\":\"https:\/\/vosgesinfo.fr\/saintdieinfo\/\"},{\"@type\":\"ListItem\",\"position\":2,\"name\":\"S\u2019\u00e9quiper \u00e0 moindre co\u00fbt avec la bourse aux skis et snowboards du SCVM\"}]},{\"@type\":\"WebSite\",\"@id\":\"https:\/\/vosgesinfo.fr\/saintdieinfo\/#website\",\"url\":\"https:\/\/vosgesinfo.fr\/saintdieinfo\/\",\"name\":\"Saint Die Info\",\"description\":\"Toute l&#039;actualit\u00e9 de Saint-Di\u00e9-Des-Vosges\",\"publisher\":{\"@id\":\"https:\/\/vosgesinfo.fr\/saintdieinfo\/#organization\"},\"alternateName\":\"Toute l'actualit\u00e9 de Saint-Di\u00e9-Des-Vosges\",\"potentialAction\":[{\"@type\":\"SearchAction\",\"target\":{\"@type\":\"EntryPoint\",\"urlTemplate\":\"https:\/\/vosgesinfo.fr\/saintdieinfo\/?s={search_term_string}\"},\"query-input\":\"required name=search_term_string\"}],\"inLanguage\":\"fr-FR\"},{\"@type\":\"Organization\",\"@id\":\"https:\/\/vosgesinfo.fr\/saintdieinfo\/#organization\",\"name\":\"Saint Die Info\",\"url\":\"https:\/\/vosgesinfo.fr\/saintdieinfo\/\",\"logo\":{\"@type\":\"ImageObject\",\"inLanguage\":\"fr-FR\",\"@id\":\"https:\/\/vosgesinfo.fr\/saintdieinfo\/#\/schema\/logo\/image\/\",\"url\":\"https:\/\/vosgesinfo.fr\/app\/uploads\/sites\/4\/2024\/02\/logo-sdi.jpg\",\"contentUrl\":\"https:\/\/vosgesinfo.fr\/app\/uploads\/sites\/4\/2024\/02\/logo-sdi.jpg\",\"width\":600,\"height\":600,\"caption\":\"Saint Die Info\"},\"image\":{\"@id\":\"https:\/\/vosgesinfo.fr\/saintdieinfo\/#\/schema\/logo\/image\/\"},\"sameAs\":[\"https:\/\/www.facebook.com\/Saintdieinfofr\",\"https:\/\/x.com\/VosgesInfo88\",\"https:\/\/www.youtube.com\/@vosgesinfo\"]},{\"@type\":\"Person\",\"@id\":\"https:\/\/vosgesinfo.fr\/saintdieinfo\/#\/schema\/person\/faee6704a21f3977511db84bd1cd450f\",\"name\":\"la r\u00e9daction\",\"image\":{\"@type\":\"ImageObject\",\"inLanguage\":\"fr-FR\",\"@id\":\"https:\/\/vosgesinfo.fr\/saintdieinfo\/#\/schema\/person\/image\/\",\"url\":\"https:\/\/secure.gravatar.com\/avatar\/6673d8bc6a9c17fa9a453eaa3448de834fa308c2ec9635b7aa99441a7c8d2cf6?s=96&d=mm&r=g\",\"contentUrl\":\"https:\/\/secure.gravatar.com\/avatar\/6673d8bc6a9c17fa9a453eaa3448de834fa308c2ec9635b7aa99441a7c8d2cf6?s=96&d=mm&r=g\",\"caption\":\"la r\u00e9daction\"},\"url\":\"https:\/\/vosgesinfo.fr\/saintdieinfo\/author\/redac\/\"}]}<\/script>\n<!-- \/ Yoast SEO plugin. -->","yoast_head_json":{"title":"S\u2019\u00e9quiper \u00e0 moindre co\u00fbt avec la bourse aux skis et snowboards du SCVM - Saint Die Info","robots":{"index":"index","follow":"follow","max-snippet":"max-snippet:-1","max-image-preview":"max-image-preview:large","max-video-preview":"max-video-preview:-1"},"canonical":"https:\/\/vosgesinfo.fr\/saintdieinfo\/2022\/10\/sequiper-a-moindre-cout-bourse-aux-skis-snowboards-scvm-3\/","twitter_card":"summary_large_image","twitter_title":"S\u2019\u00e9quiper \u00e0 moindre co\u00fbt avec la bourse aux skis et snowboards du SCVM - Saint Die Info","twitter_description":"La prochaine bourse aux skis et snowboards du Ski Club Vall\u00e9es et Montagne \u2013 SCVM \u2013 se tiendra les vendredi [&hellip;]","twitter_image":"https:\/\/vosgesinfo.fr\/app\/uploads\/sites\/4\/2021\/11\/bourse-skis-scvm-5.jpg","twitter_creator":"@VosgesInfo88","twitter_site":"@VosgesInfo88","twitter_misc":{"\u00c9crit par":"la r\u00e9daction","Dur\u00e9e de lecture estim\u00e9e":"1 minute"},"schema":{"@context":"https:\/\/schema.org","@graph":[{"@type":"Article","@id":"https:\/\/vosgesinfo.fr\/saintdieinfo\/2022\/10\/sequiper-a-moindre-cout-bourse-aux-skis-snowboards-scvm-3\/#article","isPartOf":{"@id":"https:\/\/vosgesinfo.fr\/saintdieinfo\/2022\/10\/sequiper-a-moindre-cout-bourse-aux-skis-snowboards-scvm-3\/"},"author":{"name":"la r\u00e9daction","@id":"https:\/\/vosgesinfo.fr\/saintdieinfo\/#\/schema\/person\/faee6704a21f3977511db84bd1cd450f"},"headline":"S\u2019\u00e9quiper \u00e0 moindre co\u00fbt avec la bourse aux skis et snowboards du SCVM","datePublished":"2022-10-17T04:57:49+00:00","dateModified":"2022-10-17T04:57:49+00:00","mainEntityOfPage":{"@id":"https:\/\/vosgesinfo.fr\/saintdieinfo\/2022\/10\/sequiper-a-moindre-cout-bourse-aux-skis-snowboards-scvm-3\/"},"wordCount":260,"commentCount":0,"publisher":{"@id":"https:\/\/vosgesinfo.fr\/saintdieinfo\/#organization"},"image":{"@id":"https:\/\/vosgesinfo.fr\/saintdieinfo\/2022\/10\/sequiper-a-moindre-cout-bourse-aux-skis-snowboards-scvm-3\/#primaryimage"},"thumbnailUrl":"https:\/\/vosgesinfo.fr\/app\/uploads\/sites\/4\/2021\/11\/bourse-skis-scvm-5.jpg","keywords":["Bourse aux skis et snowboards","Bourse aux skis et snowboards du SCVM","Espace Fran\u00e7ois-Mitterrand","SCVM"],"articleSection":["A la Une","Loisirs","Saint-Di\u00e9-des-Vosges et son Agglom\u00e9ration","Sport","Vie Associative"],"inLanguage":"fr-FR","potentialAction":[{"@type":"CommentAction","name":"Comment","target":["https:\/\/vosgesinfo.fr\/saintdieinfo\/2022\/10\/sequiper-a-moindre-cout-bourse-aux-skis-snowboards-scvm-3\/#respond"]}]},{"@type":"WebPage","@id":"https:\/\/vosgesinfo.fr\/saintdieinfo\/2022\/10\/sequiper-a-moindre-cout-bourse-aux-skis-snowboards-scvm-3\/","url":"https:\/\/vosgesinfo.fr\/saintdieinfo\/2022\/10\/sequiper-a-moindre-cout-bourse-aux-skis-snowboards-scvm-3\/","name":"S\u2019\u00e9quiper \u00e0 moindre co\u00fbt avec la bourse aux skis et snowboards du SCVM - Saint Die Info","isPartOf":{"@id":"https:\/\/vosgesinfo.fr\/saintdieinfo\/#website"},"primaryImageOfPage":{"@id":"https:\/\/vosgesinfo.fr\/saintdieinfo\/2022\/10\/sequiper-a-moindre-cout-bourse-aux-skis-snowboards-scvm-3\/#primaryimage"},"image":{"@id":"https:\/\/vosgesinfo.fr\/saintdieinfo\/2022\/10\/sequiper-a-moindre-cout-bourse-aux-skis-snowboards-scvm-3\/#primaryimage"},"thumbnailUrl":"https:\/\/vosgesinfo.fr\/app\/uploads\/sites\/4\/2021\/11\/bourse-skis-scvm-5.jpg","datePublished":"2022-10-17T04:57:49+00:00","dateModified":"2022-10-17T04:57:49+00:00","breadcrumb":{"@id":"https:\/\/vosgesinfo.fr\/saintdieinfo\/2022\/10\/sequiper-a-moindre-cout-bourse-aux-skis-snowboards-scvm-3\/#breadcrumb"},"inLanguage":"fr-FR","potentialAction":[{"@type":"ReadAction","target":["https:\/\/vosgesinfo.fr\/saintdieinfo\/2022\/10\/sequiper-a-moindre-cout-bourse-aux-skis-snowboards-scvm-3\/"]}]},{"@type":"ImageObject","inLanguage":"fr-FR","@id":"https:\/\/vosgesinfo.fr\/saintdieinfo\/2022\/10\/sequiper-a-moindre-cout-bourse-aux-skis-snowboards-scvm-3\/#primaryimage","url":"https:\/\/vosgesinfo.fr\/app\/uploads\/sites\/4\/2021\/11\/bourse-skis-scvm-5.jpg","contentUrl":"https:\/\/vosgesinfo.fr\/app\/uploads\/sites\/4\/2021\/11\/bourse-skis-scvm-5.jpg","width":800,"height":534},{"@type":"BreadcrumbList","@id":"https:\/\/vosgesinfo.fr\/saintdieinfo\/2022\/10\/sequiper-a-moindre-cout-bourse-aux-skis-snowboards-scvm-3\/#breadcrumb","itemListElement":[{"@type":"ListItem","position":1,"name":"Home","item":"https:\/\/vosgesinfo.fr\/saintdieinfo\/"},{"@type":"ListItem","position":2,"name":"S\u2019\u00e9quiper \u00e0 moindre co\u00fbt avec la bourse aux skis et snowboards du SCVM"}]},{"@type":"WebSite","@id":"https:\/\/vosgesinfo.fr\/saintdieinfo\/#website","url":"https:\/\/vosgesinfo.fr\/saintdieinfo\/","name":"Saint Die Info","description":"Toute l&#039;actualit\u00e9 de Saint-Di\u00e9-Des-Vosges","publisher":{"@id":"https:\/\/vosgesinfo.fr\/saintdieinfo\/#organization"},"alternateName":"Toute l'actualit\u00e9 de Saint-Di\u00e9-Des-Vosges","potentialAction":[{"@type":"SearchAction","target":{"@type":"EntryPoint","urlTemplate":"https:\/\/vosgesinfo.fr\/saintdieinfo\/?s={search_term_string}"},"query-input":"required name=search_term_string"}],"inLanguage":"fr-FR"},{"@type":"Organization","@id":"https:\/\/vosgesinfo.fr\/saintdieinfo\/#organization","name":"Saint Die Info","url":"https:\/\/vosgesinfo.fr\/saintdieinfo\/","logo":{"@type":"ImageObject","inLanguage":"fr-FR","@id":"https:\/\/vosgesinfo.fr\/saintdieinfo\/#\/schema\/logo\/image\/","url":"https:\/\/vosgesinfo.fr\/app\/uploads\/sites\/4\/2024\/02\/logo-sdi.jpg","contentUrl":"https:\/\/vosgesinfo.fr\/app\/uploads\/sites\/4\/2024\/02\/logo-sdi.jpg","width":600,"height":600,"caption":"Saint Die Info"},"image":{"@id":"https:\/\/vosgesinfo.fr\/saintdieinfo\/#\/schema\/logo\/image\/"},"sameAs":["https:\/\/www.facebook.com\/Saintdieinfofr","https:\/\/x.com\/VosgesInfo88","https:\/\/www.youtube.com\/@vosgesinfo"]},{"@type":"Person","@id":"https:\/\/vosgesinfo.fr\/saintdieinfo\/#\/schema\/person\/faee6704a21f3977511db84bd1cd450f","name":"la r\u00e9daction","image":{"@type":"ImageObject","inLanguage":"fr-FR","@id":"https:\/\/vosgesinfo.fr\/saintdieinfo\/#\/schema\/person\/image\/","url":"https:\/\/secure.gravatar.com\/avatar\/6673d8bc6a9c17fa9a453eaa3448de834fa308c2ec9635b7aa99441a7c8d2cf6?s=96&d=mm&r=g","contentUrl":"https:\/\/secure.gravatar.com\/avatar\/6673d8bc6a9c17fa9a453eaa3448de834fa308c2ec9635b7aa99441a7c8d2cf6?s=96&d=mm&r=g","caption":"la r\u00e9daction"},"url":"https:\/\/vosgesinfo.fr\/saintdieinfo\/author\/redac\/"}]}},"_links":{"self":[{"href":"https:\/\/vosgesinfo.fr\/saintdieinfo\/wp-json\/wp\/v2\/posts\/58626","targetHints":{"allow":["GET"]}}],"collection":[{"href":"https:\/\/vosgesinfo.fr\/saintdieinfo\/wp-json\/wp\/v2\/posts"}],"about":[{"href":"https:\/\/vosgesinfo.fr\/saintdieinfo\/wp-json\/wp\/v2\/types\/post"}],"author":[{"embeddable":true,"href":"https:\/\/vosgesinfo.fr\/saintdieinfo\/wp-json\/wp\/v2\/users\/44"}],"replies":[{"embeddable":true,"href":"https:\/\/vosgesinfo.fr\/saintdieinfo\/wp-json\/wp\/v2\/comments?post=58626"}],"version-history":[{"count":0,"href":"https:\/\/vosgesinfo.fr\/saintdieinfo\/wp-json\/wp\/v2\/posts\/58626\/revisions"}],"wp:featuredmedia":[{"embeddable":true,"href":"https:\/\/vosgesinfo.fr\/saintdieinfo\/wp-json\/wp\/v2\/media\/26464"}],"wp:attachment":[{"href":"https:\/\/vosgesinfo.fr\/saintdieinfo\/wp-json\/wp\/v2\/media?parent=58626"}],"wp:term":[{"taxonomy":"category","embeddable":true,"href":"https:\/\/vosgesinfo.fr\/saintdieinfo\/wp-json\/wp\/v2\/categories?post=58626"},{"taxonomy":"post_tag","embeddable":true,"href":"https:\/\/vosgesinfo.fr\/saintdieinfo\/wp-json\/wp\/v2\/tags?post=58626"}],"curies":[{"name":"wp","href":"https:\/\/api.w.org\/{rel}","templated":true}]}}