{"id":58628,"date":"2022-10-17T07:25:16","date_gmt":"2022-10-17T05:25:16","guid":{"rendered":"https:\/\/vosgesinfo.fr\/saintdieinfo\/2022\/10\/senones-illuminations-de-fin-dannee-sadaptent-contexte-actuel\/"},"modified":"2022-10-17T07:25:16","modified_gmt":"2022-10-17T05:25:16","slug":"senones-illuminations-de-fin-dannee-sadaptent-contexte-actuel","status":"publish","type":"post","link":"https:\/\/vosgesinfo.fr\/saintdieinfo\/2022\/10\/senones-illuminations-de-fin-dannee-sadaptent-contexte-actuel\/","title":{"rendered":"Senones \u2013 Les illuminations de fin d&rsquo;ann\u00e9e s&rsquo;adaptent au contexte actuel"},"content":{"rendered":"<div id=\"attachment_191228\" style=\"width: 571px\" class=\"wp-caption aligncenter\"><a href=\"\/2022\/10\/Senones-Illuminations_F\u00eates_Fin_dAnn\u00e9e.jpg\" target=\"_blank\" rel=\"noopener\"><img decoding=\"async\" aria-describedby=\"caption-attachment-191228\" class=\"wp-image-191228 size-full\" src=\"\/2022\/10\/Senones-Illuminations_F\u00eates_Fin_dAnn\u00e9e.jpg\" alt=\"Senones-Illuminations_F\u00eates_Fin_d'Ann\u00e9e\" width=\"561\" height=\"186\" \/><\/a><p id=\"caption-attachment-191228\" class=\"wp-caption-text\">(Photographie Ville de Senones)<\/p><\/div>\n<h2><strong><span style=\"font-size: 14pt;\">Dans le contexte actuel de tensions sur les \u00e9nergies, de nombreuses communes prennent des mesures visant \u00e0 \u00e9conomiser le carburant, le gaz et l&rsquo;\u00e9lectricit\u00e9. C&rsquo;est le cas notamment \u00e0 Saint-Di\u00e9-des-Vosges (<a href=\"https:\/\/saintdieinfo.fr\/2022\/10\/sobriete-energetique-mesures-de-ville-de-saint-die-vosges\/\" target=\"_blank\" rel=\"noopener\">lire notre article<\/a>), \u00e0 Raon-l&rsquo;Etape (<a href=\"https:\/\/saintdieinfo.fr\/2022\/09\/raon-letape-extinction-de-leclairage-public-nuit\/\" target=\"_blank\" rel=\"noopener\">lire notre article<\/a>) et \u00e0 Senones.<\/span><\/strong><\/h2>\n<p><!--more--><\/p>\n<p>Si l&rsquo;ancienne principaut\u00e9 de Salm sera belle et bien illumin\u00e9e lors des f\u00eates de fin d&rsquo;ann\u00e9e, et ce malgr\u00e9 la flamb\u00e9e des co\u00fbts \u00e9nerg\u00e9tiques, seules les guirlandes \u00e9quip\u00e9es de LEDs seront install\u00e9es par les services techniques de la Ville. Les anciennes guirlandes \u00e0 ampoules incandescentes, plus \u00e9nergivores, resteront quant \u00e0 elles au placard cet hiver. De plus, la p\u00e9riode d&rsquo;illumination se verra quelque peu r\u00e9duite par rapport aux ann\u00e9es pr\u00e9c\u00e9dentes, puisqu&rsquo;elle s&rsquo;\u00e9tendra du 10 d\u00e9cembre 2022 au 2 janvier 2023. Reli\u00e9es \u00e0 l&rsquo;\u00e9clairage public, les guirlandes s&rsquo;\u00e9teindront de 23h \u00e0 5h du matin.<\/p>\n<p>J.J.<\/p>\n","protected":false},"excerpt":{"rendered":"<p>Dans le contexte actuel de tensions sur les \u00e9nergies, de nombreuses communes prennent des mesures visant \u00e0 \u00e9conomiser le carburant, [&hellip;]<\/p>\n","protected":false},"author":44,"featured_media":58629,"comment_status":"open","ping_status":"open","sticky":false,"template":"","format":"standard","meta":{"footnotes":""},"categories":[460,2915,13],"tags":[9602,2998,12636],"class_list":["post-58628","post","type-post","status-publish","format-standard","has-post-thumbnail","hentry","category-a-la-une","category-saint-die-son-canton","category-societe","tag-illuminations-de-fin-dannee","tag-senones","tag-sobriete-energetique"],"acf":[],"yoast_head":"<!-- This site is optimized with the Yoast SEO plugin v22.5 - https:\/\/yoast.com\/wordpress\/plugins\/seo\/ -->\n<title>Senones \u2013 Les illuminations de fin d&#039;ann\u00e9e s&#039;adaptent au contexte actuel - Saint Die Info<\/title>\n<meta name=\"robots\" content=\"index, follow, max-snippet:-1, max-image-preview:large, max-video-preview:-1\" \/>\n<link rel=\"canonical\" href=\"https:\/\/vosgesinfo.fr\/saintdieinfo\/2022\/10\/senones-illuminations-de-fin-dannee-sadaptent-contexte-actuel\/\" \/>\n<meta name=\"twitter:card\" content=\"summary_large_image\" \/>\n<meta name=\"twitter:title\" content=\"Senones \u2013 Les illuminations de fin d&#039;ann\u00e9e s&#039;adaptent au contexte actuel - Saint Die Info\" \/>\n<meta name=\"twitter:description\" content=\"Dans le contexte actuel de tensions sur les \u00e9nergies, de nombreuses communes prennent des mesures visant \u00e0 \u00e9conomiser le carburant, [&hellip;]\" \/>\n<meta name=\"twitter:image\" content=\"https:\/\/vosgesinfo.fr\/app\/uploads\/sites\/4\/2024\/08\/202210senones-illuminations-fetes-fin-dannee.jpg\" \/>\n<meta name=\"twitter:creator\" content=\"@VosgesInfo88\" \/>\n<meta name=\"twitter:site\" content=\"@VosgesInfo88\" \/>\n<meta name=\"twitter:label1\" content=\"\u00c9crit par\" \/>\n\t<meta name=\"twitter:data1\" content=\"la r\u00e9daction\" \/>\n\t<meta name=\"twitter:label2\" content=\"Dur\u00e9e de lecture estim\u00e9e\" \/>\n\t<meta name=\"twitter:data2\" content=\"1 minute\" \/>\n<script type=\"application\/ld+json\" class=\"yoast-schema-graph\">{\"@context\":\"https:\/\/schema.org\",\"@graph\":[{\"@type\":\"Article\",\"@id\":\"https:\/\/vosgesinfo.fr\/saintdieinfo\/2022\/10\/senones-illuminations-de-fin-dannee-sadaptent-contexte-actuel\/#article\",\"isPartOf\":{\"@id\":\"https:\/\/vosgesinfo.fr\/saintdieinfo\/2022\/10\/senones-illuminations-de-fin-dannee-sadaptent-contexte-actuel\/\"},\"author\":{\"name\":\"la r\u00e9daction\",\"@id\":\"https:\/\/vosgesinfo.fr\/saintdieinfo\/#\/schema\/person\/faee6704a21f3977511db84bd1cd450f\"},\"headline\":\"Senones \u2013 Les illuminations de fin d&rsquo;ann\u00e9e s&rsquo;adaptent au contexte actuel\",\"datePublished\":\"2022-10-17T05:25:16+00:00\",\"dateModified\":\"2022-10-17T05:25:16+00:00\",\"mainEntityOfPage\":{\"@id\":\"https:\/\/vosgesinfo.fr\/saintdieinfo\/2022\/10\/senones-illuminations-de-fin-dannee-sadaptent-contexte-actuel\/\"},\"wordCount\":174,\"commentCount\":0,\"publisher\":{\"@id\":\"https:\/\/vosgesinfo.fr\/saintdieinfo\/#organization\"},\"image\":{\"@id\":\"https:\/\/vosgesinfo.fr\/saintdieinfo\/2022\/10\/senones-illuminations-de-fin-dannee-sadaptent-contexte-actuel\/#primaryimage\"},\"thumbnailUrl\":\"https:\/\/vosgesinfo.fr\/app\/uploads\/sites\/4\/2024\/08\/202210senones-illuminations-fetes-fin-dannee.jpg\",\"keywords\":[\"Illuminations de fin d'ann\u00e9e\",\"Senones\",\"Sobri\u00e9t\u00e9 \u00e9nerg\u00e9tique\"],\"articleSection\":[\"A la Une\",\"Saint-Di\u00e9-des-Vosges et son Agglom\u00e9ration\",\"Soci\u00e9t\u00e9\"],\"inLanguage\":\"fr-FR\",\"potentialAction\":[{\"@type\":\"CommentAction\",\"name\":\"Comment\",\"target\":[\"https:\/\/vosgesinfo.fr\/saintdieinfo\/2022\/10\/senones-illuminations-de-fin-dannee-sadaptent-contexte-actuel\/#respond\"]}]},{\"@type\":\"WebPage\",\"@id\":\"https:\/\/vosgesinfo.fr\/saintdieinfo\/2022\/10\/senones-illuminations-de-fin-dannee-sadaptent-contexte-actuel\/\",\"url\":\"https:\/\/vosgesinfo.fr\/saintdieinfo\/2022\/10\/senones-illuminations-de-fin-dannee-sadaptent-contexte-actuel\/\",\"name\":\"Senones \u2013 Les illuminations de fin d'ann\u00e9e s'adaptent au contexte actuel - Saint Die Info\",\"isPartOf\":{\"@id\":\"https:\/\/vosgesinfo.fr\/saintdieinfo\/#website\"},\"primaryImageOfPage\":{\"@id\":\"https:\/\/vosgesinfo.fr\/saintdieinfo\/2022\/10\/senones-illuminations-de-fin-dannee-sadaptent-contexte-actuel\/#primaryimage\"},\"image\":{\"@id\":\"https:\/\/vosgesinfo.fr\/saintdieinfo\/2022\/10\/senones-illuminations-de-fin-dannee-sadaptent-contexte-actuel\/#primaryimage\"},\"thumbnailUrl\":\"https:\/\/vosgesinfo.fr\/app\/uploads\/sites\/4\/2024\/08\/202210senones-illuminations-fetes-fin-dannee.jpg\",\"datePublished\":\"2022-10-17T05:25:16+00:00\",\"dateModified\":\"2022-10-17T05:25:16+00:00\",\"breadcrumb\":{\"@id\":\"https:\/\/vosgesinfo.fr\/saintdieinfo\/2022\/10\/senones-illuminations-de-fin-dannee-sadaptent-contexte-actuel\/#breadcrumb\"},\"inLanguage\":\"fr-FR\",\"potentialAction\":[{\"@type\":\"ReadAction\",\"target\":[\"https:\/\/vosgesinfo.fr\/saintdieinfo\/2022\/10\/senones-illuminations-de-fin-dannee-sadaptent-contexte-actuel\/\"]}]},{\"@type\":\"ImageObject\",\"inLanguage\":\"fr-FR\",\"@id\":\"https:\/\/vosgesinfo.fr\/saintdieinfo\/2022\/10\/senones-illuminations-de-fin-dannee-sadaptent-contexte-actuel\/#primaryimage\",\"url\":\"https:\/\/vosgesinfo.fr\/app\/uploads\/sites\/4\/2024\/08\/202210senones-illuminations-fetes-fin-dannee.jpg\",\"contentUrl\":\"https:\/\/vosgesinfo.fr\/app\/uploads\/sites\/4\/2024\/08\/202210senones-illuminations-fetes-fin-dannee.jpg\",\"width\":561,\"height\":186},{\"@type\":\"BreadcrumbList\",\"@id\":\"https:\/\/vosgesinfo.fr\/saintdieinfo\/2022\/10\/senones-illuminations-de-fin-dannee-sadaptent-contexte-actuel\/#breadcrumb\",\"itemListElement\":[{\"@type\":\"ListItem\",\"position\":1,\"name\":\"Home\",\"item\":\"https:\/\/vosgesinfo.fr\/saintdieinfo\/\"},{\"@type\":\"ListItem\",\"position\":2,\"name\":\"Senones \u2013 Les illuminations de fin d&rsquo;ann\u00e9e s&rsquo;adaptent au contexte actuel\"}]},{\"@type\":\"WebSite\",\"@id\":\"https:\/\/vosgesinfo.fr\/saintdieinfo\/#website\",\"url\":\"https:\/\/vosgesinfo.fr\/saintdieinfo\/\",\"name\":\"Saint Die Info\",\"description\":\"Toute l&#039;actualit\u00e9 de Saint-Di\u00e9-Des-Vosges\",\"publisher\":{\"@id\":\"https:\/\/vosgesinfo.fr\/saintdieinfo\/#organization\"},\"alternateName\":\"Toute l'actualit\u00e9 de Saint-Di\u00e9-Des-Vosges\",\"potentialAction\":[{\"@type\":\"SearchAction\",\"target\":{\"@type\":\"EntryPoint\",\"urlTemplate\":\"https:\/\/vosgesinfo.fr\/saintdieinfo\/?s={search_term_string}\"},\"query-input\":\"required name=search_term_string\"}],\"inLanguage\":\"fr-FR\"},{\"@type\":\"Organization\",\"@id\":\"https:\/\/vosgesinfo.fr\/saintdieinfo\/#organization\",\"name\":\"Saint Die Info\",\"url\":\"https:\/\/vosgesinfo.fr\/saintdieinfo\/\",\"logo\":{\"@type\":\"ImageObject\",\"inLanguage\":\"fr-FR\",\"@id\":\"https:\/\/vosgesinfo.fr\/saintdieinfo\/#\/schema\/logo\/image\/\",\"url\":\"https:\/\/vosgesinfo.fr\/app\/uploads\/sites\/4\/2024\/02\/logo-sdi.jpg\",\"contentUrl\":\"https:\/\/vosgesinfo.fr\/app\/uploads\/sites\/4\/2024\/02\/logo-sdi.jpg\",\"width\":600,\"height\":600,\"caption\":\"Saint Die Info\"},\"image\":{\"@id\":\"https:\/\/vosgesinfo.fr\/saintdieinfo\/#\/schema\/logo\/image\/\"},\"sameAs\":[\"https:\/\/www.facebook.com\/Saintdieinfofr\",\"https:\/\/x.com\/VosgesInfo88\",\"https:\/\/www.youtube.com\/@vosgesinfo\"]},{\"@type\":\"Person\",\"@id\":\"https:\/\/vosgesinfo.fr\/saintdieinfo\/#\/schema\/person\/faee6704a21f3977511db84bd1cd450f\",\"name\":\"la r\u00e9daction\",\"image\":{\"@type\":\"ImageObject\",\"inLanguage\":\"fr-FR\",\"@id\":\"https:\/\/vosgesinfo.fr\/saintdieinfo\/#\/schema\/person\/image\/\",\"url\":\"https:\/\/secure.gravatar.com\/avatar\/6673d8bc6a9c17fa9a453eaa3448de834fa308c2ec9635b7aa99441a7c8d2cf6?s=96&d=mm&r=g\",\"contentUrl\":\"https:\/\/secure.gravatar.com\/avatar\/6673d8bc6a9c17fa9a453eaa3448de834fa308c2ec9635b7aa99441a7c8d2cf6?s=96&d=mm&r=g\",\"caption\":\"la r\u00e9daction\"},\"url\":\"https:\/\/vosgesinfo.fr\/saintdieinfo\/author\/redac\/\"}]}<\/script>\n<!-- \/ Yoast SEO plugin. -->","yoast_head_json":{"title":"Senones \u2013 Les illuminations de fin d'ann\u00e9e s'adaptent au contexte actuel - Saint Die Info","robots":{"index":"index","follow":"follow","max-snippet":"max-snippet:-1","max-image-preview":"max-image-preview:large","max-video-preview":"max-video-preview:-1"},"canonical":"https:\/\/vosgesinfo.fr\/saintdieinfo\/2022\/10\/senones-illuminations-de-fin-dannee-sadaptent-contexte-actuel\/","twitter_card":"summary_large_image","twitter_title":"Senones \u2013 Les illuminations de fin d'ann\u00e9e s'adaptent au contexte actuel - Saint Die Info","twitter_description":"Dans le contexte actuel de tensions sur les \u00e9nergies, de nombreuses communes prennent des mesures visant \u00e0 \u00e9conomiser le carburant, [&hellip;]","twitter_image":"https:\/\/vosgesinfo.fr\/app\/uploads\/sites\/4\/2024\/08\/202210senones-illuminations-fetes-fin-dannee.jpg","twitter_creator":"@VosgesInfo88","twitter_site":"@VosgesInfo88","twitter_misc":{"\u00c9crit par":"la r\u00e9daction","Dur\u00e9e de lecture estim\u00e9e":"1 minute"},"schema":{"@context":"https:\/\/schema.org","@graph":[{"@type":"Article","@id":"https:\/\/vosgesinfo.fr\/saintdieinfo\/2022\/10\/senones-illuminations-de-fin-dannee-sadaptent-contexte-actuel\/#article","isPartOf":{"@id":"https:\/\/vosgesinfo.fr\/saintdieinfo\/2022\/10\/senones-illuminations-de-fin-dannee-sadaptent-contexte-actuel\/"},"author":{"name":"la r\u00e9daction","@id":"https:\/\/vosgesinfo.fr\/saintdieinfo\/#\/schema\/person\/faee6704a21f3977511db84bd1cd450f"},"headline":"Senones \u2013 Les illuminations de fin d&rsquo;ann\u00e9e s&rsquo;adaptent au contexte actuel","datePublished":"2022-10-17T05:25:16+00:00","dateModified":"2022-10-17T05:25:16+00:00","mainEntityOfPage":{"@id":"https:\/\/vosgesinfo.fr\/saintdieinfo\/2022\/10\/senones-illuminations-de-fin-dannee-sadaptent-contexte-actuel\/"},"wordCount":174,"commentCount":0,"publisher":{"@id":"https:\/\/vosgesinfo.fr\/saintdieinfo\/#organization"},"image":{"@id":"https:\/\/vosgesinfo.fr\/saintdieinfo\/2022\/10\/senones-illuminations-de-fin-dannee-sadaptent-contexte-actuel\/#primaryimage"},"thumbnailUrl":"https:\/\/vosgesinfo.fr\/app\/uploads\/sites\/4\/2024\/08\/202210senones-illuminations-fetes-fin-dannee.jpg","keywords":["Illuminations de fin d'ann\u00e9e","Senones","Sobri\u00e9t\u00e9 \u00e9nerg\u00e9tique"],"articleSection":["A la Une","Saint-Di\u00e9-des-Vosges et son Agglom\u00e9ration","Soci\u00e9t\u00e9"],"inLanguage":"fr-FR","potentialAction":[{"@type":"CommentAction","name":"Comment","target":["https:\/\/vosgesinfo.fr\/saintdieinfo\/2022\/10\/senones-illuminations-de-fin-dannee-sadaptent-contexte-actuel\/#respond"]}]},{"@type":"WebPage","@id":"https:\/\/vosgesinfo.fr\/saintdieinfo\/2022\/10\/senones-illuminations-de-fin-dannee-sadaptent-contexte-actuel\/","url":"https:\/\/vosgesinfo.fr\/saintdieinfo\/2022\/10\/senones-illuminations-de-fin-dannee-sadaptent-contexte-actuel\/","name":"Senones \u2013 Les illuminations de fin d'ann\u00e9e s'adaptent au contexte actuel - Saint Die Info","isPartOf":{"@id":"https:\/\/vosgesinfo.fr\/saintdieinfo\/#website"},"primaryImageOfPage":{"@id":"https:\/\/vosgesinfo.fr\/saintdieinfo\/2022\/10\/senones-illuminations-de-fin-dannee-sadaptent-contexte-actuel\/#primaryimage"},"image":{"@id":"https:\/\/vosgesinfo.fr\/saintdieinfo\/2022\/10\/senones-illuminations-de-fin-dannee-sadaptent-contexte-actuel\/#primaryimage"},"thumbnailUrl":"https:\/\/vosgesinfo.fr\/app\/uploads\/sites\/4\/2024\/08\/202210senones-illuminations-fetes-fin-dannee.jpg","datePublished":"2022-10-17T05:25:16+00:00","dateModified":"2022-10-17T05:25:16+00:00","breadcrumb":{"@id":"https:\/\/vosgesinfo.fr\/saintdieinfo\/2022\/10\/senones-illuminations-de-fin-dannee-sadaptent-contexte-actuel\/#breadcrumb"},"inLanguage":"fr-FR","potentialAction":[{"@type":"ReadAction","target":["https:\/\/vosgesinfo.fr\/saintdieinfo\/2022\/10\/senones-illuminations-de-fin-dannee-sadaptent-contexte-actuel\/"]}]},{"@type":"ImageObject","inLanguage":"fr-FR","@id":"https:\/\/vosgesinfo.fr\/saintdieinfo\/2022\/10\/senones-illuminations-de-fin-dannee-sadaptent-contexte-actuel\/#primaryimage","url":"https:\/\/vosgesinfo.fr\/app\/uploads\/sites\/4\/2024\/08\/202210senones-illuminations-fetes-fin-dannee.jpg","contentUrl":"https:\/\/vosgesinfo.fr\/app\/uploads\/sites\/4\/2024\/08\/202210senones-illuminations-fetes-fin-dannee.jpg","width":561,"height":186},{"@type":"BreadcrumbList","@id":"https:\/\/vosgesinfo.fr\/saintdieinfo\/2022\/10\/senones-illuminations-de-fin-dannee-sadaptent-contexte-actuel\/#breadcrumb","itemListElement":[{"@type":"ListItem","position":1,"name":"Home","item":"https:\/\/vosgesinfo.fr\/saintdieinfo\/"},{"@type":"ListItem","position":2,"name":"Senones \u2013 Les illuminations de fin d&rsquo;ann\u00e9e s&rsquo;adaptent au contexte actuel"}]},{"@type":"WebSite","@id":"https:\/\/vosgesinfo.fr\/saintdieinfo\/#website","url":"https:\/\/vosgesinfo.fr\/saintdieinfo\/","name":"Saint Die Info","description":"Toute l&#039;actualit\u00e9 de Saint-Di\u00e9-Des-Vosges","publisher":{"@id":"https:\/\/vosgesinfo.fr\/saintdieinfo\/#organization"},"alternateName":"Toute l'actualit\u00e9 de Saint-Di\u00e9-Des-Vosges","potentialAction":[{"@type":"SearchAction","target":{"@type":"EntryPoint","urlTemplate":"https:\/\/vosgesinfo.fr\/saintdieinfo\/?s={search_term_string}"},"query-input":"required name=search_term_string"}],"inLanguage":"fr-FR"},{"@type":"Organization","@id":"https:\/\/vosgesinfo.fr\/saintdieinfo\/#organization","name":"Saint Die Info","url":"https:\/\/vosgesinfo.fr\/saintdieinfo\/","logo":{"@type":"ImageObject","inLanguage":"fr-FR","@id":"https:\/\/vosgesinfo.fr\/saintdieinfo\/#\/schema\/logo\/image\/","url":"https:\/\/vosgesinfo.fr\/app\/uploads\/sites\/4\/2024\/02\/logo-sdi.jpg","contentUrl":"https:\/\/vosgesinfo.fr\/app\/uploads\/sites\/4\/2024\/02\/logo-sdi.jpg","width":600,"height":600,"caption":"Saint Die Info"},"image":{"@id":"https:\/\/vosgesinfo.fr\/saintdieinfo\/#\/schema\/logo\/image\/"},"sameAs":["https:\/\/www.facebook.com\/Saintdieinfofr","https:\/\/x.com\/VosgesInfo88","https:\/\/www.youtube.com\/@vosgesinfo"]},{"@type":"Person","@id":"https:\/\/vosgesinfo.fr\/saintdieinfo\/#\/schema\/person\/faee6704a21f3977511db84bd1cd450f","name":"la r\u00e9daction","image":{"@type":"ImageObject","inLanguage":"fr-FR","@id":"https:\/\/vosgesinfo.fr\/saintdieinfo\/#\/schema\/person\/image\/","url":"https:\/\/secure.gravatar.com\/avatar\/6673d8bc6a9c17fa9a453eaa3448de834fa308c2ec9635b7aa99441a7c8d2cf6?s=96&d=mm&r=g","contentUrl":"https:\/\/secure.gravatar.com\/avatar\/6673d8bc6a9c17fa9a453eaa3448de834fa308c2ec9635b7aa99441a7c8d2cf6?s=96&d=mm&r=g","caption":"la r\u00e9daction"},"url":"https:\/\/vosgesinfo.fr\/saintdieinfo\/author\/redac\/"}]}},"_links":{"self":[{"href":"https:\/\/vosgesinfo.fr\/saintdieinfo\/wp-json\/wp\/v2\/posts\/58628","targetHints":{"allow":["GET"]}}],"collection":[{"href":"https:\/\/vosgesinfo.fr\/saintdieinfo\/wp-json\/wp\/v2\/posts"}],"about":[{"href":"https:\/\/vosgesinfo.fr\/saintdieinfo\/wp-json\/wp\/v2\/types\/post"}],"author":[{"embeddable":true,"href":"https:\/\/vosgesinfo.fr\/saintdieinfo\/wp-json\/wp\/v2\/users\/44"}],"replies":[{"embeddable":true,"href":"https:\/\/vosgesinfo.fr\/saintdieinfo\/wp-json\/wp\/v2\/comments?post=58628"}],"version-history":[{"count":0,"href":"https:\/\/vosgesinfo.fr\/saintdieinfo\/wp-json\/wp\/v2\/posts\/58628\/revisions"}],"wp:featuredmedia":[{"embeddable":true,"href":"https:\/\/vosgesinfo.fr\/saintdieinfo\/wp-json\/wp\/v2\/media\/58629"}],"wp:attachment":[{"href":"https:\/\/vosgesinfo.fr\/saintdieinfo\/wp-json\/wp\/v2\/media?parent=58628"}],"wp:term":[{"taxonomy":"category","embeddable":true,"href":"https:\/\/vosgesinfo.fr\/saintdieinfo\/wp-json\/wp\/v2\/categories?post=58628"},{"taxonomy":"post_tag","embeddable":true,"href":"https:\/\/vosgesinfo.fr\/saintdieinfo\/wp-json\/wp\/v2\/tags?post=58628"}],"curies":[{"name":"wp","href":"https:\/\/api.w.org\/{rel}","templated":true}]}}