{"id":58716,"date":"2022-10-19T10:55:46","date_gmt":"2022-10-19T08:55:46","guid":{"rendered":"https:\/\/vosgesinfo.fr\/saintdieinfo\/2022\/10\/journee-deodatienne-consacree-a-sante-mentale\/"},"modified":"2022-10-19T10:55:46","modified_gmt":"2022-10-19T08:55:46","slug":"journee-deodatienne-consacree-a-sante-mentale","status":"publish","type":"post","link":"https:\/\/vosgesinfo.fr\/saintdieinfo\/2022\/10\/journee-deodatienne-consacree-a-sante-mentale\/","title":{"rendered":"Une journ\u00e9e d\u00e9odatienne consacr\u00e9e \u00e0 la sant\u00e9 mentale"},"content":{"rendered":"\n<h2><strong><span style=\"font-size: 14pt;\">Dans le cadre des Semaines d&rsquo;Information sur la Sant\u00e9 Mentale, dont le th\u00e8me est cette ann\u00e9e \u00ab\u00a0Pour ma sant\u00e9 mentale, agissons pour l&rsquo;environnement\u00a0!\u00a0\u00bb, l&rsquo;Union Nationale des Amis et Familles de Personnes Malades et\/ou Handicap\u00e9es Psychique des des Vosges organisait une journ\u00e9e \u00e0 la salle polyvalente Kaf\u00e9 du quartier Kellermann.<\/span><\/strong><\/h2>\n<p><!--more--><\/p>\n<p>L&rsquo;occasion pour l&rsquo;UNAFAM 88 d&rsquo;expliquer ses diff\u00e9rentes actions de soutien, d&rsquo;accueil, d&rsquo;aide et d&rsquo;information en faveur des familles dont un proche souffre de troubles ou de maladie psychique. Dirig\u00e9e par Sylvie Ducoudard, la chorale du Groupe d&rsquo;Entraide Mutuel \u2013 GEM \u2013 de Saint-Di\u00e9-des-Vosges a largement contribu\u00e9 \u00e0 l&rsquo;ambiance de cette journ\u00e9e consacr\u00e9e \u00e0 la sant\u00e9 mentale, en interpr\u00e9tant des chansons issues des r\u00e9pertoires de Brel, Dassin, Bourvil, Claude Fran\u00e7ois, Gr\u00e9goire et bien d&rsquo;autres. Conquis, l&rsquo;auditoire n&rsquo;a pas manqu\u00e9 de pousser \u00e9galement la chansonnette.<\/p>\n<p>Pour leur part, les locataires de la R\u00e9sidence Accueil de Saint-Di\u00e9-des-Vosges ont apport\u00e9 leurs produits d&rsquo;entretien, fabriqu\u00e9s \u00e0 base de produits naturels, ainsi qu&rsquo;un jeu de leur fabrication aidant \u00e0 la compr\u00e9hension du tri s\u00e9lectif. Le Centre d&rsquo;Activit\u00e9 \u00e0 Temps Partiel \u2013 CATTP \u2013 a quant \u00e0 lui expos\u00e9 des photographies sur la Psycyclette, qui \u00e9tait cette ann\u00e9e partie de Lille pour rejoindre Paris.<\/p>\n<p>Pour contacter l&rsquo;UNAFAM 88\u00a0: 03-29-64-05-73 ou sur le site de l&rsquo;association (<a href=\"https:\/\/www.unafam.org\/vosges\" target=\"_blank\" rel=\"noopener\">cliquer ici<\/a>).<\/p>\n","protected":false},"excerpt":{"rendered":"<p>Dans le cadre des Semaines d&rsquo;Information sur la Sant\u00e9 Mentale, dont le th\u00e8me est cette ann\u00e9e \u00ab\u00a0Pour ma sant\u00e9 mentale, [&hellip;]<\/p>\n","protected":false},"author":44,"featured_media":58717,"comment_status":"open","ping_status":"open","sticky":false,"template":"","format":"standard","meta":{"footnotes":""},"categories":[460,2915,4152,13,17],"tags":[2971,9984,12850,12598],"class_list":["post-58716","post","type-post","status-publish","format-standard","has-post-thumbnail","hentry","category-a-la-une","category-saint-die-son-canton","category-sante","category-societe","category-vie-associative","tag-quartier-kellermann","tag-salle-polyvalente-kafe","tag-semaines-dinfirmation-sur-la-sante-mentale","tag-unafam-88"],"acf":[],"yoast_head":"<!-- This site is optimized with the Yoast SEO plugin v22.5 - https:\/\/yoast.com\/wordpress\/plugins\/seo\/ -->\n<title>Une journ\u00e9e d\u00e9odatienne consacr\u00e9e \u00e0 la sant\u00e9 mentale - Saint Die Info<\/title>\n<meta name=\"robots\" content=\"index, follow, max-snippet:-1, max-image-preview:large, max-video-preview:-1\" \/>\n<link rel=\"canonical\" href=\"https:\/\/vosgesinfo.fr\/saintdieinfo\/2022\/10\/journee-deodatienne-consacree-a-sante-mentale\/\" \/>\n<meta name=\"twitter:card\" content=\"summary_large_image\" \/>\n<meta name=\"twitter:title\" content=\"Une journ\u00e9e d\u00e9odatienne consacr\u00e9e \u00e0 la sant\u00e9 mentale - Saint Die Info\" \/>\n<meta name=\"twitter:description\" content=\"Dans le cadre des Semaines d&rsquo;Information sur la Sant\u00e9 Mentale, dont le th\u00e8me est cette ann\u00e9e \u00ab\u00a0Pour ma sant\u00e9 mentale, [&hellip;]\" \/>\n<meta name=\"twitter:image\" content=\"https:\/\/vosgesinfo.fr\/app\/uploads\/sites\/4\/2024\/08\/202210semaine-information-sante-mentale-2.jpg\" \/>\n<meta name=\"twitter:creator\" content=\"@VosgesInfo88\" \/>\n<meta name=\"twitter:site\" content=\"@VosgesInfo88\" \/>\n<meta name=\"twitter:label1\" content=\"\u00c9crit par\" \/>\n\t<meta name=\"twitter:data1\" content=\"la r\u00e9daction\" \/>\n\t<meta name=\"twitter:label2\" content=\"Dur\u00e9e de lecture estim\u00e9e\" \/>\n\t<meta name=\"twitter:data2\" content=\"1 minute\" \/>\n<script type=\"application\/ld+json\" class=\"yoast-schema-graph\">{\"@context\":\"https:\/\/schema.org\",\"@graph\":[{\"@type\":\"Article\",\"@id\":\"https:\/\/vosgesinfo.fr\/saintdieinfo\/2022\/10\/journee-deodatienne-consacree-a-sante-mentale\/#article\",\"isPartOf\":{\"@id\":\"https:\/\/vosgesinfo.fr\/saintdieinfo\/2022\/10\/journee-deodatienne-consacree-a-sante-mentale\/\"},\"author\":{\"name\":\"la r\u00e9daction\",\"@id\":\"https:\/\/vosgesinfo.fr\/saintdieinfo\/#\/schema\/person\/faee6704a21f3977511db84bd1cd450f\"},\"headline\":\"Une journ\u00e9e d\u00e9odatienne consacr\u00e9e \u00e0 la sant\u00e9 mentale\",\"datePublished\":\"2022-10-19T08:55:46+00:00\",\"dateModified\":\"2022-10-19T08:55:46+00:00\",\"mainEntityOfPage\":{\"@id\":\"https:\/\/vosgesinfo.fr\/saintdieinfo\/2022\/10\/journee-deodatienne-consacree-a-sante-mentale\/\"},\"wordCount\":254,\"commentCount\":0,\"publisher\":{\"@id\":\"https:\/\/vosgesinfo.fr\/saintdieinfo\/#organization\"},\"image\":{\"@id\":\"https:\/\/vosgesinfo.fr\/saintdieinfo\/2022\/10\/journee-deodatienne-consacree-a-sante-mentale\/#primaryimage\"},\"thumbnailUrl\":\"https:\/\/vosgesinfo.fr\/app\/uploads\/sites\/4\/2024\/08\/202210semaine-information-sante-mentale-2.jpg\",\"keywords\":[\"Quartier Kellermann\",\"Salle polyvalente KAFE\",\"Semaines d'Infirmation sur la Sant\u00e9 Mentale\",\"UNAFAM 88\"],\"articleSection\":[\"A la Une\",\"Saint-Di\u00e9-des-Vosges et son Agglom\u00e9ration\",\"Sant\u00e9\",\"Soci\u00e9t\u00e9\",\"Vie Associative\"],\"inLanguage\":\"fr-FR\",\"potentialAction\":[{\"@type\":\"CommentAction\",\"name\":\"Comment\",\"target\":[\"https:\/\/vosgesinfo.fr\/saintdieinfo\/2022\/10\/journee-deodatienne-consacree-a-sante-mentale\/#respond\"]}]},{\"@type\":\"WebPage\",\"@id\":\"https:\/\/vosgesinfo.fr\/saintdieinfo\/2022\/10\/journee-deodatienne-consacree-a-sante-mentale\/\",\"url\":\"https:\/\/vosgesinfo.fr\/saintdieinfo\/2022\/10\/journee-deodatienne-consacree-a-sante-mentale\/\",\"name\":\"Une journ\u00e9e d\u00e9odatienne consacr\u00e9e \u00e0 la sant\u00e9 mentale - Saint Die Info\",\"isPartOf\":{\"@id\":\"https:\/\/vosgesinfo.fr\/saintdieinfo\/#website\"},\"primaryImageOfPage\":{\"@id\":\"https:\/\/vosgesinfo.fr\/saintdieinfo\/2022\/10\/journee-deodatienne-consacree-a-sante-mentale\/#primaryimage\"},\"image\":{\"@id\":\"https:\/\/vosgesinfo.fr\/saintdieinfo\/2022\/10\/journee-deodatienne-consacree-a-sante-mentale\/#primaryimage\"},\"thumbnailUrl\":\"https:\/\/vosgesinfo.fr\/app\/uploads\/sites\/4\/2024\/08\/202210semaine-information-sante-mentale-2.jpg\",\"datePublished\":\"2022-10-19T08:55:46+00:00\",\"dateModified\":\"2022-10-19T08:55:46+00:00\",\"breadcrumb\":{\"@id\":\"https:\/\/vosgesinfo.fr\/saintdieinfo\/2022\/10\/journee-deodatienne-consacree-a-sante-mentale\/#breadcrumb\"},\"inLanguage\":\"fr-FR\",\"potentialAction\":[{\"@type\":\"ReadAction\",\"target\":[\"https:\/\/vosgesinfo.fr\/saintdieinfo\/2022\/10\/journee-deodatienne-consacree-a-sante-mentale\/\"]}]},{\"@type\":\"ImageObject\",\"inLanguage\":\"fr-FR\",\"@id\":\"https:\/\/vosgesinfo.fr\/saintdieinfo\/2022\/10\/journee-deodatienne-consacree-a-sante-mentale\/#primaryimage\",\"url\":\"https:\/\/vosgesinfo.fr\/app\/uploads\/sites\/4\/2024\/08\/202210semaine-information-sante-mentale-2.jpg\",\"contentUrl\":\"https:\/\/vosgesinfo.fr\/app\/uploads\/sites\/4\/2024\/08\/202210semaine-information-sante-mentale-2.jpg\",\"width\":1345,\"height\":961},{\"@type\":\"BreadcrumbList\",\"@id\":\"https:\/\/vosgesinfo.fr\/saintdieinfo\/2022\/10\/journee-deodatienne-consacree-a-sante-mentale\/#breadcrumb\",\"itemListElement\":[{\"@type\":\"ListItem\",\"position\":1,\"name\":\"Home\",\"item\":\"https:\/\/vosgesinfo.fr\/saintdieinfo\/\"},{\"@type\":\"ListItem\",\"position\":2,\"name\":\"Une journ\u00e9e d\u00e9odatienne consacr\u00e9e \u00e0 la sant\u00e9 mentale\"}]},{\"@type\":\"WebSite\",\"@id\":\"https:\/\/vosgesinfo.fr\/saintdieinfo\/#website\",\"url\":\"https:\/\/vosgesinfo.fr\/saintdieinfo\/\",\"name\":\"Saint Die Info\",\"description\":\"Toute l&#039;actualit\u00e9 de Saint-Di\u00e9-Des-Vosges\",\"publisher\":{\"@id\":\"https:\/\/vosgesinfo.fr\/saintdieinfo\/#organization\"},\"alternateName\":\"Toute l'actualit\u00e9 de Saint-Di\u00e9-Des-Vosges\",\"potentialAction\":[{\"@type\":\"SearchAction\",\"target\":{\"@type\":\"EntryPoint\",\"urlTemplate\":\"https:\/\/vosgesinfo.fr\/saintdieinfo\/?s={search_term_string}\"},\"query-input\":\"required name=search_term_string\"}],\"inLanguage\":\"fr-FR\"},{\"@type\":\"Organization\",\"@id\":\"https:\/\/vosgesinfo.fr\/saintdieinfo\/#organization\",\"name\":\"Saint Die Info\",\"url\":\"https:\/\/vosgesinfo.fr\/saintdieinfo\/\",\"logo\":{\"@type\":\"ImageObject\",\"inLanguage\":\"fr-FR\",\"@id\":\"https:\/\/vosgesinfo.fr\/saintdieinfo\/#\/schema\/logo\/image\/\",\"url\":\"https:\/\/vosgesinfo.fr\/app\/uploads\/sites\/4\/2024\/02\/logo-sdi.jpg\",\"contentUrl\":\"https:\/\/vosgesinfo.fr\/app\/uploads\/sites\/4\/2024\/02\/logo-sdi.jpg\",\"width\":600,\"height\":600,\"caption\":\"Saint Die Info\"},\"image\":{\"@id\":\"https:\/\/vosgesinfo.fr\/saintdieinfo\/#\/schema\/logo\/image\/\"},\"sameAs\":[\"https:\/\/www.facebook.com\/Saintdieinfofr\",\"https:\/\/x.com\/VosgesInfo88\",\"https:\/\/www.youtube.com\/@vosgesinfo\"]},{\"@type\":\"Person\",\"@id\":\"https:\/\/vosgesinfo.fr\/saintdieinfo\/#\/schema\/person\/faee6704a21f3977511db84bd1cd450f\",\"name\":\"la r\u00e9daction\",\"image\":{\"@type\":\"ImageObject\",\"inLanguage\":\"fr-FR\",\"@id\":\"https:\/\/vosgesinfo.fr\/saintdieinfo\/#\/schema\/person\/image\/\",\"url\":\"https:\/\/secure.gravatar.com\/avatar\/6673d8bc6a9c17fa9a453eaa3448de834fa308c2ec9635b7aa99441a7c8d2cf6?s=96&d=mm&r=g\",\"contentUrl\":\"https:\/\/secure.gravatar.com\/avatar\/6673d8bc6a9c17fa9a453eaa3448de834fa308c2ec9635b7aa99441a7c8d2cf6?s=96&d=mm&r=g\",\"caption\":\"la r\u00e9daction\"},\"url\":\"https:\/\/vosgesinfo.fr\/saintdieinfo\/author\/redac\/\"}]}<\/script>\n<!-- \/ Yoast SEO plugin. -->","yoast_head_json":{"title":"Une journ\u00e9e d\u00e9odatienne consacr\u00e9e \u00e0 la sant\u00e9 mentale - Saint Die Info","robots":{"index":"index","follow":"follow","max-snippet":"max-snippet:-1","max-image-preview":"max-image-preview:large","max-video-preview":"max-video-preview:-1"},"canonical":"https:\/\/vosgesinfo.fr\/saintdieinfo\/2022\/10\/journee-deodatienne-consacree-a-sante-mentale\/","twitter_card":"summary_large_image","twitter_title":"Une journ\u00e9e d\u00e9odatienne consacr\u00e9e \u00e0 la sant\u00e9 mentale - Saint Die Info","twitter_description":"Dans le cadre des Semaines d&rsquo;Information sur la Sant\u00e9 Mentale, dont le th\u00e8me est cette ann\u00e9e \u00ab\u00a0Pour ma sant\u00e9 mentale, [&hellip;]","twitter_image":"https:\/\/vosgesinfo.fr\/app\/uploads\/sites\/4\/2024\/08\/202210semaine-information-sante-mentale-2.jpg","twitter_creator":"@VosgesInfo88","twitter_site":"@VosgesInfo88","twitter_misc":{"\u00c9crit par":"la r\u00e9daction","Dur\u00e9e de lecture estim\u00e9e":"1 minute"},"schema":{"@context":"https:\/\/schema.org","@graph":[{"@type":"Article","@id":"https:\/\/vosgesinfo.fr\/saintdieinfo\/2022\/10\/journee-deodatienne-consacree-a-sante-mentale\/#article","isPartOf":{"@id":"https:\/\/vosgesinfo.fr\/saintdieinfo\/2022\/10\/journee-deodatienne-consacree-a-sante-mentale\/"},"author":{"name":"la r\u00e9daction","@id":"https:\/\/vosgesinfo.fr\/saintdieinfo\/#\/schema\/person\/faee6704a21f3977511db84bd1cd450f"},"headline":"Une journ\u00e9e d\u00e9odatienne consacr\u00e9e \u00e0 la sant\u00e9 mentale","datePublished":"2022-10-19T08:55:46+00:00","dateModified":"2022-10-19T08:55:46+00:00","mainEntityOfPage":{"@id":"https:\/\/vosgesinfo.fr\/saintdieinfo\/2022\/10\/journee-deodatienne-consacree-a-sante-mentale\/"},"wordCount":254,"commentCount":0,"publisher":{"@id":"https:\/\/vosgesinfo.fr\/saintdieinfo\/#organization"},"image":{"@id":"https:\/\/vosgesinfo.fr\/saintdieinfo\/2022\/10\/journee-deodatienne-consacree-a-sante-mentale\/#primaryimage"},"thumbnailUrl":"https:\/\/vosgesinfo.fr\/app\/uploads\/sites\/4\/2024\/08\/202210semaine-information-sante-mentale-2.jpg","keywords":["Quartier Kellermann","Salle polyvalente KAFE","Semaines d'Infirmation sur la Sant\u00e9 Mentale","UNAFAM 88"],"articleSection":["A la Une","Saint-Di\u00e9-des-Vosges et son Agglom\u00e9ration","Sant\u00e9","Soci\u00e9t\u00e9","Vie Associative"],"inLanguage":"fr-FR","potentialAction":[{"@type":"CommentAction","name":"Comment","target":["https:\/\/vosgesinfo.fr\/saintdieinfo\/2022\/10\/journee-deodatienne-consacree-a-sante-mentale\/#respond"]}]},{"@type":"WebPage","@id":"https:\/\/vosgesinfo.fr\/saintdieinfo\/2022\/10\/journee-deodatienne-consacree-a-sante-mentale\/","url":"https:\/\/vosgesinfo.fr\/saintdieinfo\/2022\/10\/journee-deodatienne-consacree-a-sante-mentale\/","name":"Une journ\u00e9e d\u00e9odatienne consacr\u00e9e \u00e0 la sant\u00e9 mentale - Saint Die Info","isPartOf":{"@id":"https:\/\/vosgesinfo.fr\/saintdieinfo\/#website"},"primaryImageOfPage":{"@id":"https:\/\/vosgesinfo.fr\/saintdieinfo\/2022\/10\/journee-deodatienne-consacree-a-sante-mentale\/#primaryimage"},"image":{"@id":"https:\/\/vosgesinfo.fr\/saintdieinfo\/2022\/10\/journee-deodatienne-consacree-a-sante-mentale\/#primaryimage"},"thumbnailUrl":"https:\/\/vosgesinfo.fr\/app\/uploads\/sites\/4\/2024\/08\/202210semaine-information-sante-mentale-2.jpg","datePublished":"2022-10-19T08:55:46+00:00","dateModified":"2022-10-19T08:55:46+00:00","breadcrumb":{"@id":"https:\/\/vosgesinfo.fr\/saintdieinfo\/2022\/10\/journee-deodatienne-consacree-a-sante-mentale\/#breadcrumb"},"inLanguage":"fr-FR","potentialAction":[{"@type":"ReadAction","target":["https:\/\/vosgesinfo.fr\/saintdieinfo\/2022\/10\/journee-deodatienne-consacree-a-sante-mentale\/"]}]},{"@type":"ImageObject","inLanguage":"fr-FR","@id":"https:\/\/vosgesinfo.fr\/saintdieinfo\/2022\/10\/journee-deodatienne-consacree-a-sante-mentale\/#primaryimage","url":"https:\/\/vosgesinfo.fr\/app\/uploads\/sites\/4\/2024\/08\/202210semaine-information-sante-mentale-2.jpg","contentUrl":"https:\/\/vosgesinfo.fr\/app\/uploads\/sites\/4\/2024\/08\/202210semaine-information-sante-mentale-2.jpg","width":1345,"height":961},{"@type":"BreadcrumbList","@id":"https:\/\/vosgesinfo.fr\/saintdieinfo\/2022\/10\/journee-deodatienne-consacree-a-sante-mentale\/#breadcrumb","itemListElement":[{"@type":"ListItem","position":1,"name":"Home","item":"https:\/\/vosgesinfo.fr\/saintdieinfo\/"},{"@type":"ListItem","position":2,"name":"Une journ\u00e9e d\u00e9odatienne consacr\u00e9e \u00e0 la sant\u00e9 mentale"}]},{"@type":"WebSite","@id":"https:\/\/vosgesinfo.fr\/saintdieinfo\/#website","url":"https:\/\/vosgesinfo.fr\/saintdieinfo\/","name":"Saint Die Info","description":"Toute l&#039;actualit\u00e9 de Saint-Di\u00e9-Des-Vosges","publisher":{"@id":"https:\/\/vosgesinfo.fr\/saintdieinfo\/#organization"},"alternateName":"Toute l'actualit\u00e9 de Saint-Di\u00e9-Des-Vosges","potentialAction":[{"@type":"SearchAction","target":{"@type":"EntryPoint","urlTemplate":"https:\/\/vosgesinfo.fr\/saintdieinfo\/?s={search_term_string}"},"query-input":"required name=search_term_string"}],"inLanguage":"fr-FR"},{"@type":"Organization","@id":"https:\/\/vosgesinfo.fr\/saintdieinfo\/#organization","name":"Saint Die Info","url":"https:\/\/vosgesinfo.fr\/saintdieinfo\/","logo":{"@type":"ImageObject","inLanguage":"fr-FR","@id":"https:\/\/vosgesinfo.fr\/saintdieinfo\/#\/schema\/logo\/image\/","url":"https:\/\/vosgesinfo.fr\/app\/uploads\/sites\/4\/2024\/02\/logo-sdi.jpg","contentUrl":"https:\/\/vosgesinfo.fr\/app\/uploads\/sites\/4\/2024\/02\/logo-sdi.jpg","width":600,"height":600,"caption":"Saint Die Info"},"image":{"@id":"https:\/\/vosgesinfo.fr\/saintdieinfo\/#\/schema\/logo\/image\/"},"sameAs":["https:\/\/www.facebook.com\/Saintdieinfofr","https:\/\/x.com\/VosgesInfo88","https:\/\/www.youtube.com\/@vosgesinfo"]},{"@type":"Person","@id":"https:\/\/vosgesinfo.fr\/saintdieinfo\/#\/schema\/person\/faee6704a21f3977511db84bd1cd450f","name":"la r\u00e9daction","image":{"@type":"ImageObject","inLanguage":"fr-FR","@id":"https:\/\/vosgesinfo.fr\/saintdieinfo\/#\/schema\/person\/image\/","url":"https:\/\/secure.gravatar.com\/avatar\/6673d8bc6a9c17fa9a453eaa3448de834fa308c2ec9635b7aa99441a7c8d2cf6?s=96&d=mm&r=g","contentUrl":"https:\/\/secure.gravatar.com\/avatar\/6673d8bc6a9c17fa9a453eaa3448de834fa308c2ec9635b7aa99441a7c8d2cf6?s=96&d=mm&r=g","caption":"la r\u00e9daction"},"url":"https:\/\/vosgesinfo.fr\/saintdieinfo\/author\/redac\/"}]}},"_links":{"self":[{"href":"https:\/\/vosgesinfo.fr\/saintdieinfo\/wp-json\/wp\/v2\/posts\/58716","targetHints":{"allow":["GET"]}}],"collection":[{"href":"https:\/\/vosgesinfo.fr\/saintdieinfo\/wp-json\/wp\/v2\/posts"}],"about":[{"href":"https:\/\/vosgesinfo.fr\/saintdieinfo\/wp-json\/wp\/v2\/types\/post"}],"author":[{"embeddable":true,"href":"https:\/\/vosgesinfo.fr\/saintdieinfo\/wp-json\/wp\/v2\/users\/44"}],"replies":[{"embeddable":true,"href":"https:\/\/vosgesinfo.fr\/saintdieinfo\/wp-json\/wp\/v2\/comments?post=58716"}],"version-history":[{"count":0,"href":"https:\/\/vosgesinfo.fr\/saintdieinfo\/wp-json\/wp\/v2\/posts\/58716\/revisions"}],"wp:featuredmedia":[{"embeddable":true,"href":"https:\/\/vosgesinfo.fr\/saintdieinfo\/wp-json\/wp\/v2\/media\/58717"}],"wp:attachment":[{"href":"https:\/\/vosgesinfo.fr\/saintdieinfo\/wp-json\/wp\/v2\/media?parent=58716"}],"wp:term":[{"taxonomy":"category","embeddable":true,"href":"https:\/\/vosgesinfo.fr\/saintdieinfo\/wp-json\/wp\/v2\/categories?post=58716"},{"taxonomy":"post_tag","embeddable":true,"href":"https:\/\/vosgesinfo.fr\/saintdieinfo\/wp-json\/wp\/v2\/tags?post=58716"}],"curies":[{"name":"wp","href":"https:\/\/api.w.org\/{rel}","templated":true}]}}