{"id":58771,"date":"2022-10-20T06:54:30","date_gmt":"2022-10-20T04:54:30","guid":{"rendered":"https:\/\/vosgesinfo.fr\/saintdieinfo\/2022\/10\/soiree-decouverte-de-fete-de-halloween-lassociation-berian\/"},"modified":"2022-10-20T06:54:30","modified_gmt":"2022-10-20T04:54:30","slug":"soiree-decouverte-de-fete-de-halloween-lassociation-berian","status":"publish","type":"post","link":"https:\/\/vosgesinfo.fr\/saintdieinfo\/2022\/10\/soiree-decouverte-de-fete-de-halloween-lassociation-berian\/","title":{"rendered":"Soir\u00e9e d\u00e9couverte de la f\u00eate de Halloween avec l\u2019association BERIAN"},"content":{"rendered":"<h2><a href=\"\/2022\/10\/Soir\u00e9e_BERIAN_Samonios.jpg\" target=\"_blank\" rel=\"noopener\"><img decoding=\"async\" class=\"aligncenter wp-image-191428 size-large\" src=\"\/2022\/10\/Soir\u00e9e_BERIAN_Samonios-1024x724.jpg\" alt=\"Soir\u00e9e_BERIAN_Samonios\" width=\"960\" height=\"679\" \/><\/a><\/h2>\n<h2><strong><span style=\"font-size: 14pt;\">Tout au long de l\u2019ann\u00e9e 2022, l\u2019association naturaliste et historienne BERIAN propose un cycle de soir\u00e9es de d\u00e9couverte sur les grandes f\u00eates pa\u00efennes et populaires de la roue de l\u2019ann\u00e9e.<\/span><\/strong><\/h2>\n<p><!--more--><\/p>\n<p>Ces soir\u00e9es se d\u00e9roulent \u00e0 l\u2019auberge de la Cholotte, aux Rouges-Eaux en bas du col du Haut-Jacques. La prochaine soir\u00e9e aura lieu le vendredi 28 octobre \u00e0 20h30, et sera consacr\u00e9e \u00e0 la f\u00eate de Halloween. \u00ab Notre voyage se poursuit avec la f\u00eate d\u2019Halloween, ou plut\u00f4t Samonios en gaulois ! Nous y d\u00e9couvrirons les traditions de cette f\u00eate des morts, autrefois joyeuse avant sa reprise chr\u00e9tienne de la Toussaint. Nous y d\u00e9couvrirons l\u2019origine des citrouilles, les activit\u00e9s diverses de nos anc\u00eatres en cette p\u00e9riode, etc. \u00bb pr\u00e9cise Jean-Micha\u00ebl Choserot, pr\u00e9sident de l\u2019association BERIAN.<\/p>\n<p>Le tarif d\u2019entr\u00e9e est de 5\u20ac par personne, sachant qu\u2019il sera possible de d\u00e9guster, \u00e0 partir de 12\u20ac, les bons produits locaux de l\u2019auberge \u00ab\u00a0La bonne cuisine de nos Grand\u2019m\u00e8res\u00a0\u00bb. Les r\u00e9servations pour la soir\u00e9e se font aupr\u00e8s de l\u2019auberge de la Cholotte, situ\u00e9e \u00e0 La Cense de Saint-Di\u00e9 88600 Les Rouges-Eaux, au <strong>03-29-50-56-93<\/strong> ou <strong>06-76-77-24-13.<\/strong><\/p>\n<p>Pour contacter BERIAN\u00a0: <strong>07-67-87-00-43 <\/strong>ou <strong><a href=\"mailto:berian.association@hotmail.com\" target=\"_blank\" rel=\"noopener\">berian.association@hotmail.com<\/a><\/strong>. Retrouvez l\u2019association sur ses r\u00e9seaux\u00a0: <strong><a href=\"http:\/\/berian.jimdosite.com\" target=\"_blank\" rel=\"noopener\">berian.jimdosite.com<\/a><\/strong>, <strong><a href=\"http:\/\/berianasso.wordpress.com\" target=\"_blank\" rel=\"noopener\">berianasso.wordpress.com<\/a><\/strong> et sur sa <strong><a href=\"https:\/\/www.facebook.com\/Berian-Association-Naturaliste-et-Historienne-109124970544923\" target=\"_blank\" rel=\"noopener\">page Facebook.<\/a><\/strong><\/p>\n<p>J.J.<\/p>\n","protected":false},"excerpt":{"rendered":"<p>Tout au long de l\u2019ann\u00e9e 2022, l\u2019association naturaliste et historienne BERIAN propose un cycle de soir\u00e9es de d\u00e9couverte sur les [&hellip;]<\/p>\n","protected":false},"author":44,"featured_media":58772,"comment_status":"open","ping_status":"open","sticky":false,"template":"","format":"standard","meta":{"footnotes":""},"categories":[460,3900,2915,17],"tags":[3009,3010,2457,3012,12862],"class_list":["post-58771","post","type-post","status-publish","format-standard","has-post-thumbnail","hentry","category-a-la-une","category-breves","category-saint-die-son-canton","category-vie-associative","tag-auberge-de-la-cholotte","tag-berian","tag-halloween","tag-les-rouges-eaux","tag-samonios"],"acf":[],"yoast_head":"<!-- This site is optimized with the Yoast SEO plugin v22.5 - https:\/\/yoast.com\/wordpress\/plugins\/seo\/ -->\n<title>Soir\u00e9e d\u00e9couverte de la f\u00eate de Halloween avec l\u2019association BERIAN - Saint Die Info<\/title>\n<meta name=\"robots\" content=\"index, follow, max-snippet:-1, max-image-preview:large, max-video-preview:-1\" \/>\n<link rel=\"canonical\" href=\"https:\/\/vosgesinfo.fr\/saintdieinfo\/2022\/10\/soiree-decouverte-de-fete-de-halloween-lassociation-berian\/\" \/>\n<meta name=\"twitter:card\" content=\"summary_large_image\" \/>\n<meta name=\"twitter:title\" content=\"Soir\u00e9e d\u00e9couverte de la f\u00eate de Halloween avec l\u2019association BERIAN - Saint Die Info\" \/>\n<meta name=\"twitter:description\" content=\"Tout au long de l\u2019ann\u00e9e 2022, l\u2019association naturaliste et historienne BERIAN propose un cycle de soir\u00e9es de d\u00e9couverte sur les [&hellip;]\" \/>\n<meta name=\"twitter:image\" content=\"https:\/\/vosgesinfo.fr\/app\/uploads\/sites\/4\/2024\/08\/202210soiree-berian-samonios-1.jpg\" \/>\n<meta name=\"twitter:creator\" content=\"@VosgesInfo88\" \/>\n<meta name=\"twitter:site\" content=\"@VosgesInfo88\" \/>\n<meta name=\"twitter:label1\" content=\"\u00c9crit par\" \/>\n\t<meta name=\"twitter:data1\" content=\"la r\u00e9daction\" \/>\n\t<meta name=\"twitter:label2\" content=\"Dur\u00e9e de lecture estim\u00e9e\" \/>\n\t<meta name=\"twitter:data2\" content=\"1 minute\" \/>\n<script type=\"application\/ld+json\" class=\"yoast-schema-graph\">{\"@context\":\"https:\/\/schema.org\",\"@graph\":[{\"@type\":\"Article\",\"@id\":\"https:\/\/vosgesinfo.fr\/saintdieinfo\/2022\/10\/soiree-decouverte-de-fete-de-halloween-lassociation-berian\/#article\",\"isPartOf\":{\"@id\":\"https:\/\/vosgesinfo.fr\/saintdieinfo\/2022\/10\/soiree-decouverte-de-fete-de-halloween-lassociation-berian\/\"},\"author\":{\"name\":\"la r\u00e9daction\",\"@id\":\"https:\/\/vosgesinfo.fr\/saintdieinfo\/#\/schema\/person\/faee6704a21f3977511db84bd1cd450f\"},\"headline\":\"Soir\u00e9e d\u00e9couverte de la f\u00eate de Halloween avec l\u2019association BERIAN\",\"datePublished\":\"2022-10-20T04:54:30+00:00\",\"dateModified\":\"2022-10-20T04:54:30+00:00\",\"mainEntityOfPage\":{\"@id\":\"https:\/\/vosgesinfo.fr\/saintdieinfo\/2022\/10\/soiree-decouverte-de-fete-de-halloween-lassociation-berian\/\"},\"wordCount\":261,\"commentCount\":0,\"publisher\":{\"@id\":\"https:\/\/vosgesinfo.fr\/saintdieinfo\/#organization\"},\"image\":{\"@id\":\"https:\/\/vosgesinfo.fr\/saintdieinfo\/2022\/10\/soiree-decouverte-de-fete-de-halloween-lassociation-berian\/#primaryimage\"},\"thumbnailUrl\":\"https:\/\/vosgesinfo.fr\/app\/uploads\/sites\/4\/2024\/08\/202210soiree-berian-samonios-1.jpg\",\"keywords\":[\"Auberge de la Cholotte\",\"BERIAN\",\"Halloween\",\"Les Rouges-Eaux\",\"Samonios\"],\"articleSection\":[\"A la Une\",\"Br\u00e8ves\",\"Saint-Di\u00e9-des-Vosges et son Agglom\u00e9ration\",\"Vie Associative\"],\"inLanguage\":\"fr-FR\",\"potentialAction\":[{\"@type\":\"CommentAction\",\"name\":\"Comment\",\"target\":[\"https:\/\/vosgesinfo.fr\/saintdieinfo\/2022\/10\/soiree-decouverte-de-fete-de-halloween-lassociation-berian\/#respond\"]}]},{\"@type\":\"WebPage\",\"@id\":\"https:\/\/vosgesinfo.fr\/saintdieinfo\/2022\/10\/soiree-decouverte-de-fete-de-halloween-lassociation-berian\/\",\"url\":\"https:\/\/vosgesinfo.fr\/saintdieinfo\/2022\/10\/soiree-decouverte-de-fete-de-halloween-lassociation-berian\/\",\"name\":\"Soir\u00e9e d\u00e9couverte de la f\u00eate de Halloween avec l\u2019association BERIAN - Saint Die Info\",\"isPartOf\":{\"@id\":\"https:\/\/vosgesinfo.fr\/saintdieinfo\/#website\"},\"primaryImageOfPage\":{\"@id\":\"https:\/\/vosgesinfo.fr\/saintdieinfo\/2022\/10\/soiree-decouverte-de-fete-de-halloween-lassociation-berian\/#primaryimage\"},\"image\":{\"@id\":\"https:\/\/vosgesinfo.fr\/saintdieinfo\/2022\/10\/soiree-decouverte-de-fete-de-halloween-lassociation-berian\/#primaryimage\"},\"thumbnailUrl\":\"https:\/\/vosgesinfo.fr\/app\/uploads\/sites\/4\/2024\/08\/202210soiree-berian-samonios-1.jpg\",\"datePublished\":\"2022-10-20T04:54:30+00:00\",\"dateModified\":\"2022-10-20T04:54:30+00:00\",\"breadcrumb\":{\"@id\":\"https:\/\/vosgesinfo.fr\/saintdieinfo\/2022\/10\/soiree-decouverte-de-fete-de-halloween-lassociation-berian\/#breadcrumb\"},\"inLanguage\":\"fr-FR\",\"potentialAction\":[{\"@type\":\"ReadAction\",\"target\":[\"https:\/\/vosgesinfo.fr\/saintdieinfo\/2022\/10\/soiree-decouverte-de-fete-de-halloween-lassociation-berian\/\"]}]},{\"@type\":\"ImageObject\",\"inLanguage\":\"fr-FR\",\"@id\":\"https:\/\/vosgesinfo.fr\/saintdieinfo\/2022\/10\/soiree-decouverte-de-fete-de-halloween-lassociation-berian\/#primaryimage\",\"url\":\"https:\/\/vosgesinfo.fr\/app\/uploads\/sites\/4\/2024\/08\/202210soiree-berian-samonios-1.jpg\",\"contentUrl\":\"https:\/\/vosgesinfo.fr\/app\/uploads\/sites\/4\/2024\/08\/202210soiree-berian-samonios-1.jpg\",\"width\":1754,\"height\":1240},{\"@type\":\"BreadcrumbList\",\"@id\":\"https:\/\/vosgesinfo.fr\/saintdieinfo\/2022\/10\/soiree-decouverte-de-fete-de-halloween-lassociation-berian\/#breadcrumb\",\"itemListElement\":[{\"@type\":\"ListItem\",\"position\":1,\"name\":\"Home\",\"item\":\"https:\/\/vosgesinfo.fr\/saintdieinfo\/\"},{\"@type\":\"ListItem\",\"position\":2,\"name\":\"Soir\u00e9e d\u00e9couverte de la f\u00eate de Halloween avec l\u2019association BERIAN\"}]},{\"@type\":\"WebSite\",\"@id\":\"https:\/\/vosgesinfo.fr\/saintdieinfo\/#website\",\"url\":\"https:\/\/vosgesinfo.fr\/saintdieinfo\/\",\"name\":\"Saint Die Info\",\"description\":\"Toute l&#039;actualit\u00e9 de Saint-Di\u00e9-Des-Vosges\",\"publisher\":{\"@id\":\"https:\/\/vosgesinfo.fr\/saintdieinfo\/#organization\"},\"alternateName\":\"Toute l'actualit\u00e9 de Saint-Di\u00e9-Des-Vosges\",\"potentialAction\":[{\"@type\":\"SearchAction\",\"target\":{\"@type\":\"EntryPoint\",\"urlTemplate\":\"https:\/\/vosgesinfo.fr\/saintdieinfo\/?s={search_term_string}\"},\"query-input\":\"required name=search_term_string\"}],\"inLanguage\":\"fr-FR\"},{\"@type\":\"Organization\",\"@id\":\"https:\/\/vosgesinfo.fr\/saintdieinfo\/#organization\",\"name\":\"Saint Die Info\",\"url\":\"https:\/\/vosgesinfo.fr\/saintdieinfo\/\",\"logo\":{\"@type\":\"ImageObject\",\"inLanguage\":\"fr-FR\",\"@id\":\"https:\/\/vosgesinfo.fr\/saintdieinfo\/#\/schema\/logo\/image\/\",\"url\":\"https:\/\/vosgesinfo.fr\/app\/uploads\/sites\/4\/2024\/02\/logo-sdi.jpg\",\"contentUrl\":\"https:\/\/vosgesinfo.fr\/app\/uploads\/sites\/4\/2024\/02\/logo-sdi.jpg\",\"width\":600,\"height\":600,\"caption\":\"Saint Die Info\"},\"image\":{\"@id\":\"https:\/\/vosgesinfo.fr\/saintdieinfo\/#\/schema\/logo\/image\/\"},\"sameAs\":[\"https:\/\/www.facebook.com\/Saintdieinfofr\",\"https:\/\/x.com\/VosgesInfo88\",\"https:\/\/www.youtube.com\/@vosgesinfo\"]},{\"@type\":\"Person\",\"@id\":\"https:\/\/vosgesinfo.fr\/saintdieinfo\/#\/schema\/person\/faee6704a21f3977511db84bd1cd450f\",\"name\":\"la r\u00e9daction\",\"image\":{\"@type\":\"ImageObject\",\"inLanguage\":\"fr-FR\",\"@id\":\"https:\/\/vosgesinfo.fr\/saintdieinfo\/#\/schema\/person\/image\/\",\"url\":\"https:\/\/secure.gravatar.com\/avatar\/6673d8bc6a9c17fa9a453eaa3448de834fa308c2ec9635b7aa99441a7c8d2cf6?s=96&d=mm&r=g\",\"contentUrl\":\"https:\/\/secure.gravatar.com\/avatar\/6673d8bc6a9c17fa9a453eaa3448de834fa308c2ec9635b7aa99441a7c8d2cf6?s=96&d=mm&r=g\",\"caption\":\"la r\u00e9daction\"},\"url\":\"https:\/\/vosgesinfo.fr\/saintdieinfo\/author\/redac\/\"}]}<\/script>\n<!-- \/ Yoast SEO plugin. -->","yoast_head_json":{"title":"Soir\u00e9e d\u00e9couverte de la f\u00eate de Halloween avec l\u2019association BERIAN - Saint Die Info","robots":{"index":"index","follow":"follow","max-snippet":"max-snippet:-1","max-image-preview":"max-image-preview:large","max-video-preview":"max-video-preview:-1"},"canonical":"https:\/\/vosgesinfo.fr\/saintdieinfo\/2022\/10\/soiree-decouverte-de-fete-de-halloween-lassociation-berian\/","twitter_card":"summary_large_image","twitter_title":"Soir\u00e9e d\u00e9couverte de la f\u00eate de Halloween avec l\u2019association BERIAN - Saint Die Info","twitter_description":"Tout au long de l\u2019ann\u00e9e 2022, l\u2019association naturaliste et historienne BERIAN propose un cycle de soir\u00e9es de d\u00e9couverte sur les [&hellip;]","twitter_image":"https:\/\/vosgesinfo.fr\/app\/uploads\/sites\/4\/2024\/08\/202210soiree-berian-samonios-1.jpg","twitter_creator":"@VosgesInfo88","twitter_site":"@VosgesInfo88","twitter_misc":{"\u00c9crit par":"la r\u00e9daction","Dur\u00e9e de lecture estim\u00e9e":"1 minute"},"schema":{"@context":"https:\/\/schema.org","@graph":[{"@type":"Article","@id":"https:\/\/vosgesinfo.fr\/saintdieinfo\/2022\/10\/soiree-decouverte-de-fete-de-halloween-lassociation-berian\/#article","isPartOf":{"@id":"https:\/\/vosgesinfo.fr\/saintdieinfo\/2022\/10\/soiree-decouverte-de-fete-de-halloween-lassociation-berian\/"},"author":{"name":"la r\u00e9daction","@id":"https:\/\/vosgesinfo.fr\/saintdieinfo\/#\/schema\/person\/faee6704a21f3977511db84bd1cd450f"},"headline":"Soir\u00e9e d\u00e9couverte de la f\u00eate de Halloween avec l\u2019association BERIAN","datePublished":"2022-10-20T04:54:30+00:00","dateModified":"2022-10-20T04:54:30+00:00","mainEntityOfPage":{"@id":"https:\/\/vosgesinfo.fr\/saintdieinfo\/2022\/10\/soiree-decouverte-de-fete-de-halloween-lassociation-berian\/"},"wordCount":261,"commentCount":0,"publisher":{"@id":"https:\/\/vosgesinfo.fr\/saintdieinfo\/#organization"},"image":{"@id":"https:\/\/vosgesinfo.fr\/saintdieinfo\/2022\/10\/soiree-decouverte-de-fete-de-halloween-lassociation-berian\/#primaryimage"},"thumbnailUrl":"https:\/\/vosgesinfo.fr\/app\/uploads\/sites\/4\/2024\/08\/202210soiree-berian-samonios-1.jpg","keywords":["Auberge de la Cholotte","BERIAN","Halloween","Les Rouges-Eaux","Samonios"],"articleSection":["A la Une","Br\u00e8ves","Saint-Di\u00e9-des-Vosges et son Agglom\u00e9ration","Vie Associative"],"inLanguage":"fr-FR","potentialAction":[{"@type":"CommentAction","name":"Comment","target":["https:\/\/vosgesinfo.fr\/saintdieinfo\/2022\/10\/soiree-decouverte-de-fete-de-halloween-lassociation-berian\/#respond"]}]},{"@type":"WebPage","@id":"https:\/\/vosgesinfo.fr\/saintdieinfo\/2022\/10\/soiree-decouverte-de-fete-de-halloween-lassociation-berian\/","url":"https:\/\/vosgesinfo.fr\/saintdieinfo\/2022\/10\/soiree-decouverte-de-fete-de-halloween-lassociation-berian\/","name":"Soir\u00e9e d\u00e9couverte de la f\u00eate de Halloween avec l\u2019association BERIAN - Saint Die Info","isPartOf":{"@id":"https:\/\/vosgesinfo.fr\/saintdieinfo\/#website"},"primaryImageOfPage":{"@id":"https:\/\/vosgesinfo.fr\/saintdieinfo\/2022\/10\/soiree-decouverte-de-fete-de-halloween-lassociation-berian\/#primaryimage"},"image":{"@id":"https:\/\/vosgesinfo.fr\/saintdieinfo\/2022\/10\/soiree-decouverte-de-fete-de-halloween-lassociation-berian\/#primaryimage"},"thumbnailUrl":"https:\/\/vosgesinfo.fr\/app\/uploads\/sites\/4\/2024\/08\/202210soiree-berian-samonios-1.jpg","datePublished":"2022-10-20T04:54:30+00:00","dateModified":"2022-10-20T04:54:30+00:00","breadcrumb":{"@id":"https:\/\/vosgesinfo.fr\/saintdieinfo\/2022\/10\/soiree-decouverte-de-fete-de-halloween-lassociation-berian\/#breadcrumb"},"inLanguage":"fr-FR","potentialAction":[{"@type":"ReadAction","target":["https:\/\/vosgesinfo.fr\/saintdieinfo\/2022\/10\/soiree-decouverte-de-fete-de-halloween-lassociation-berian\/"]}]},{"@type":"ImageObject","inLanguage":"fr-FR","@id":"https:\/\/vosgesinfo.fr\/saintdieinfo\/2022\/10\/soiree-decouverte-de-fete-de-halloween-lassociation-berian\/#primaryimage","url":"https:\/\/vosgesinfo.fr\/app\/uploads\/sites\/4\/2024\/08\/202210soiree-berian-samonios-1.jpg","contentUrl":"https:\/\/vosgesinfo.fr\/app\/uploads\/sites\/4\/2024\/08\/202210soiree-berian-samonios-1.jpg","width":1754,"height":1240},{"@type":"BreadcrumbList","@id":"https:\/\/vosgesinfo.fr\/saintdieinfo\/2022\/10\/soiree-decouverte-de-fete-de-halloween-lassociation-berian\/#breadcrumb","itemListElement":[{"@type":"ListItem","position":1,"name":"Home","item":"https:\/\/vosgesinfo.fr\/saintdieinfo\/"},{"@type":"ListItem","position":2,"name":"Soir\u00e9e d\u00e9couverte de la f\u00eate de Halloween avec l\u2019association BERIAN"}]},{"@type":"WebSite","@id":"https:\/\/vosgesinfo.fr\/saintdieinfo\/#website","url":"https:\/\/vosgesinfo.fr\/saintdieinfo\/","name":"Saint Die Info","description":"Toute l&#039;actualit\u00e9 de Saint-Di\u00e9-Des-Vosges","publisher":{"@id":"https:\/\/vosgesinfo.fr\/saintdieinfo\/#organization"},"alternateName":"Toute l'actualit\u00e9 de Saint-Di\u00e9-Des-Vosges","potentialAction":[{"@type":"SearchAction","target":{"@type":"EntryPoint","urlTemplate":"https:\/\/vosgesinfo.fr\/saintdieinfo\/?s={search_term_string}"},"query-input":"required name=search_term_string"}],"inLanguage":"fr-FR"},{"@type":"Organization","@id":"https:\/\/vosgesinfo.fr\/saintdieinfo\/#organization","name":"Saint Die Info","url":"https:\/\/vosgesinfo.fr\/saintdieinfo\/","logo":{"@type":"ImageObject","inLanguage":"fr-FR","@id":"https:\/\/vosgesinfo.fr\/saintdieinfo\/#\/schema\/logo\/image\/","url":"https:\/\/vosgesinfo.fr\/app\/uploads\/sites\/4\/2024\/02\/logo-sdi.jpg","contentUrl":"https:\/\/vosgesinfo.fr\/app\/uploads\/sites\/4\/2024\/02\/logo-sdi.jpg","width":600,"height":600,"caption":"Saint Die Info"},"image":{"@id":"https:\/\/vosgesinfo.fr\/saintdieinfo\/#\/schema\/logo\/image\/"},"sameAs":["https:\/\/www.facebook.com\/Saintdieinfofr","https:\/\/x.com\/VosgesInfo88","https:\/\/www.youtube.com\/@vosgesinfo"]},{"@type":"Person","@id":"https:\/\/vosgesinfo.fr\/saintdieinfo\/#\/schema\/person\/faee6704a21f3977511db84bd1cd450f","name":"la r\u00e9daction","image":{"@type":"ImageObject","inLanguage":"fr-FR","@id":"https:\/\/vosgesinfo.fr\/saintdieinfo\/#\/schema\/person\/image\/","url":"https:\/\/secure.gravatar.com\/avatar\/6673d8bc6a9c17fa9a453eaa3448de834fa308c2ec9635b7aa99441a7c8d2cf6?s=96&d=mm&r=g","contentUrl":"https:\/\/secure.gravatar.com\/avatar\/6673d8bc6a9c17fa9a453eaa3448de834fa308c2ec9635b7aa99441a7c8d2cf6?s=96&d=mm&r=g","caption":"la r\u00e9daction"},"url":"https:\/\/vosgesinfo.fr\/saintdieinfo\/author\/redac\/"}]}},"_links":{"self":[{"href":"https:\/\/vosgesinfo.fr\/saintdieinfo\/wp-json\/wp\/v2\/posts\/58771","targetHints":{"allow":["GET"]}}],"collection":[{"href":"https:\/\/vosgesinfo.fr\/saintdieinfo\/wp-json\/wp\/v2\/posts"}],"about":[{"href":"https:\/\/vosgesinfo.fr\/saintdieinfo\/wp-json\/wp\/v2\/types\/post"}],"author":[{"embeddable":true,"href":"https:\/\/vosgesinfo.fr\/saintdieinfo\/wp-json\/wp\/v2\/users\/44"}],"replies":[{"embeddable":true,"href":"https:\/\/vosgesinfo.fr\/saintdieinfo\/wp-json\/wp\/v2\/comments?post=58771"}],"version-history":[{"count":0,"href":"https:\/\/vosgesinfo.fr\/saintdieinfo\/wp-json\/wp\/v2\/posts\/58771\/revisions"}],"wp:featuredmedia":[{"embeddable":true,"href":"https:\/\/vosgesinfo.fr\/saintdieinfo\/wp-json\/wp\/v2\/media\/58772"}],"wp:attachment":[{"href":"https:\/\/vosgesinfo.fr\/saintdieinfo\/wp-json\/wp\/v2\/media?parent=58771"}],"wp:term":[{"taxonomy":"category","embeddable":true,"href":"https:\/\/vosgesinfo.fr\/saintdieinfo\/wp-json\/wp\/v2\/categories?post=58771"},{"taxonomy":"post_tag","embeddable":true,"href":"https:\/\/vosgesinfo.fr\/saintdieinfo\/wp-json\/wp\/v2\/tags?post=58771"}],"curies":[{"name":"wp","href":"https:\/\/api.w.org\/{rel}","templated":true}]}}