{"id":58790,"date":"2022-10-20T12:04:01","date_gmt":"2022-10-20T10:04:01","guid":{"rendered":"https:\/\/vosgesinfo.fr\/saintdieinfo\/2022\/10\/sobriete-energetique-reduire-facture-energetique-grace-aux-conseils-dune-conseillere-france-renov\/"},"modified":"2022-10-20T12:04:01","modified_gmt":"2022-10-20T10:04:01","slug":"sobriete-energetique-reduire-facture-energetique-grace-aux-conseils-dune-conseillere-france-renov","status":"publish","type":"post","link":"https:\/\/vosgesinfo.fr\/saintdieinfo\/2022\/10\/sobriete-energetique-reduire-facture-energetique-grace-aux-conseils-dune-conseillere-france-renov\/","title":{"rendered":"Sobri\u00e9t\u00e9 \u00e9nerg\u00e9tique\u00a0: r\u00e9duire sa facture \u00e9nerg\u00e9tique gr\u00e2ce aux conseils d&rsquo;une conseill\u00e8re France Renov&rsquo;"},"content":{"rendered":"<p><a href=\"\/2022\/10\/Conseils_Economies_Energie_France_R\u00e9nov.jpg\" target=\"_blank\" rel=\"noopener\"><img decoding=\"async\" class=\"aligncenter wp-image-191466 size-large\" src=\"\/2022\/10\/Conseils_Economies_Energie_France_R\u00e9nov-1024x771.jpg\" alt=\"Conseils_Economies_Energie_France_R\u00e9nov\" width=\"960\" height=\"723\" \/><\/a><\/p>\n<h2><strong><span style=\"font-size: 14pt;\">Marie-Lou Moro est conseill\u00e8re France R\u00e9nov&rsquo; \u00e0 Saint-Di\u00e9-des-Vosges. Un dispositif port\u00e9 localement par la Maison de l&rsquo;Habitat et de l&rsquo;Energie du Pays de la D\u00e9odatie. Avec son coll\u00e8gue Simon Duch\u00eane, elle renseigne et accompagne les m\u00e9nages d\u00e9sireux de r\u00e9duire leurs factures \u00e9nerg\u00e9tiques. Ce qui passe par la r\u00e9alisation de travaux, notamment d&rsquo;isolation, mais aussi en appliquant quelques conseils simples et accessibles \u00e0 tous. Des conseils qui, mis bout \u00e0 bout, permettent de r\u00e9aliser de substantielles \u00e9conomies.<\/span><\/strong><\/h2>\n<p><!--more--><\/p>\n<p>L&rsquo;un des conseils les plus efficaces est de r\u00e9duire la temp\u00e9rature de son logement. \u00ab\u00a0L&rsquo;id\u00e9al est +19\u00b0C dans les pi\u00e8ces de vie et +16\u00b0C dans les pi\u00e8ces de nuit. Les personnes qui auraient du mal \u00e0 supporter ces temp\u00e9ratures peuvent porter des polaires ou des collants en laine, sachant qu&rsquo;on a plut\u00f4t tendance \u00e0 se couvrir sur le haut du corps et n\u00e9gliger le bas\u00a0\u00bb explique Marie-Lou Moro. Moduler la temp\u00e9rature du logement en fonction de l&rsquo;occupation des pi\u00e8ces permet \u00e9galement de r\u00e9duire sa consommation, de l&rsquo;ordre de 7% \u00e0 10% en baissant seulement de 1\u00b0C la temp\u00e9rature de l&rsquo;air.<\/p>\n<p>Autre pr\u00e9cieux conseil donn\u00e9 par la conseill\u00e8re France R\u00e9nov&rsquo;, le r\u00e9glage de la temp\u00e9rature de l&rsquo;eau chaude. \u00ab\u00a0L&rsquo;eau chaude sanitaire peut \u00eatre produite entre +55\u00b0C et +60\u00b0C. Voire moins surtout si la production est instantan\u00e9e et qu&rsquo;elle se situe proche des points d&rsquo;eau. Pour le chauffage, vous pouvez faire varier le temp\u00e9rature de l&rsquo;eau envoy\u00e9e dans les radiateurs entre +40\u00b0C et +60\u00b0C en fonction des temp\u00e9ratures ext\u00e9rieures. Il n&rsquo;y a pas besoin de faire intervenir un professionnel pour r\u00e9gler la temp\u00e9rature de l&rsquo;eau chaude, la manipulation est simple. Des tutos existent sur YouTube.\u00a0\u00bb Et si vous vous absentez plus de 3 jours, il est conseill\u00e9 d&rsquo;arr\u00eater la production d&rsquo;eau chaude.<\/p>\n<p>Les limitateurs d&rsquo;eau, plus commun\u00e9ment appel\u00e9s \u00ab\u00a0mousseurs\u00a0\u00bb, sont peu co\u00fbteux et permettent l\u00e0 aussi de r\u00e9aliser des \u00e9conomies. \u00ab\u00a0La consommation d&rsquo;eau peut ainsi passer de 15 litres\/minute \u00e0 2,5 litres\/minute. Vous pouvez \u00e9galement installer des r\u00e9ducteurs de d\u00e9bit pour la douche entre le robinet et le flexible, ainsi que des douchettes \u00e9conomies\u00a0\u00bb pr\u00e9cise Marie-Lou Moro, tout en ajoutant que \u00ab\u00a0certaines chaudi\u00e8res anciennes ne sont pas capables de d\u00e9tecter un appel d&rsquo;eau chaude inf\u00e9rieur \u00e0 3 litres\/minute.\u00a0\u00bb<\/p>\n<p>En r\u00e9duisant au plus pr\u00e8s de vos besoins le temps de fonctionnement des diff\u00e9rents appareils qui \u00e9quipent un logement, que la consommation d&rsquo;\u00e9nergie peut \u00eatre r\u00e9duite de mani\u00e8re efficace. Concr\u00e8tement, cela passe par des douches de moins de 5 minutes ou de penser \u00e0 d\u00e9brancher les appareils \u00e9lectriques lorsqu&rsquo;ils n&rsquo;ont pas d&rsquo;utilit\u00e9.<\/p>\n<p>Si cela va \u2013 th\u00e9oriquement \u2013 de soi, l&rsquo;entretien des appareils et \u00e9quipements est une autre source d&rsquo;\u00e9conomie. Certains entretiens sont obligatoires, comme une VMC ou une chaudi\u00e8re, d&rsquo;autres ne le sont pas mais peuvent diminuer les consommations d&rsquo;\u00e9nergie. \u00ab\u00a0Par exemple en r\u00e9alisant le d\u00e9tartrage du cumulus et des machines de lavage, le d\u00e9givrage des appareils de froid, le rep\u00e9rage et la r\u00e9paration des fuites\u00a0\u00bb souligne la conseill\u00e8re France R\u00e9nov&rsquo;.<\/p>\n<p>Pour aller plus loin, l&rsquo;isolation des conduites d&rsquo;eau de chauffage et\/ou sanitaire qui se situent dans des espaces non chauff\u00e9s am\u00e8ne \u00e0 une r\u00e9duction de 10% des consommations, tandis que placer un film r\u00e9fl\u00e9chissant derri\u00e8re les radiateurs permet d&rsquo;am\u00e9liorer leur performance de 5% \u00e0 10%. Toutefois, de la condensation peut se former. Enfin, pensez \u00e0 v\u00e9rifier vos abonnements de fourniture d&rsquo;\u00e9nergie, en souscrivant \u00e0 des abonnements adapt\u00e9s \u00e0 votre consommation, sachant que l&rsquo;option \u00ab\u00a0heure pleine et heure creuse\u00a0\u00bb d&rsquo;un abonnement \u00e9lectrique est rentable si au moins un tiers de l&rsquo;\u00e9nergie totale est consomm\u00e9e en heure creuse.<\/p>\n<h3><strong><span style=\"font-size: 12pt;\">Les conseils apport\u00e9s par les conseillers France R\u00e9nov&rsquo; sont gratuits. Pour les secteurs de la Communaut\u00e9 d&rsquo;Agglom\u00e9ration de Saint-Di\u00e9-des-Vosges ainsi que les Communaut\u00e9 de Communes de Bruy\u00e8res et de G\u00e9rardmer, Marie-Lou Moro et Simon Duch\u00eane peuvent \u00eatre contact\u00e9s aux coordonn\u00e9es suivantes\u00a0:<\/span><\/strong><\/h3>\n<p>Maison de l&rsquo;Habitat et de l&rsquo;Energie de la D\u00e9odatie \u2013 26, rue d&rsquo;Am\u00e9rique 88100 Saint-Di\u00e9-des-Vosges. T\u00e9l\u00e9phone\u00a0: 03-29-56-75-18. Courriels\u00a0: <a href=\"mailto:mmoro@deodatie.com\" target=\"_blank\" rel=\"noopener\">mmoro@deodatie.com<\/a> et <a href=\"mailto:sduchene@deodatie.com\" target=\"_blank\" rel=\"noopener\">sduchene@deodatie.com<\/a>.<\/p>\n<p>J.J.<\/p>\n","protected":false},"excerpt":{"rendered":"<p>Marie-Lou Moro est conseill\u00e8re France R\u00e9nov&rsquo; \u00e0 Saint-Di\u00e9-des-Vosges. Un dispositif port\u00e9 localement par la Maison de l&rsquo;Habitat et de l&rsquo;Energie [&hellip;]<\/p>\n","protected":false},"author":44,"featured_media":58791,"comment_status":"open","ping_status":"open","sticky":false,"template":"","format":"standard","meta":{"footnotes":""},"categories":[460,2915],"tags":[12580,12775,12868,12869,3460,12636],"class_list":["post-58790","post","type-post","status-publish","format-standard","has-post-thumbnail","hentry","category-a-la-une","category-saint-die-son-canton","tag-economies-denergie","tag-france-renov","tag-maison-de-lhabitat-et-de-lenergie-de-la-deodatie","tag-marie-lou-moro","tag-pays-de-la-deodatie","tag-sobriete-energetique"],"acf":[],"yoast_head":"<!-- This site is optimized with the Yoast SEO plugin v22.5 - https:\/\/yoast.com\/wordpress\/plugins\/seo\/ -->\n<title>Sobri\u00e9t\u00e9 \u00e9nerg\u00e9tique\u00a0: r\u00e9duire sa facture \u00e9nerg\u00e9tique gr\u00e2ce aux conseils d&#039;une conseill\u00e8re France Renov&#039; - Saint Die Info<\/title>\n<meta name=\"robots\" content=\"index, follow, max-snippet:-1, max-image-preview:large, max-video-preview:-1\" \/>\n<link rel=\"canonical\" href=\"https:\/\/vosgesinfo.fr\/saintdieinfo\/2022\/10\/sobriete-energetique-reduire-facture-energetique-grace-aux-conseils-dune-conseillere-france-renov\/\" \/>\n<meta name=\"twitter:card\" content=\"summary_large_image\" \/>\n<meta name=\"twitter:title\" content=\"Sobri\u00e9t\u00e9 \u00e9nerg\u00e9tique\u00a0: r\u00e9duire sa facture \u00e9nerg\u00e9tique gr\u00e2ce aux conseils d&#039;une conseill\u00e8re France Renov&#039; - Saint Die Info\" \/>\n<meta name=\"twitter:description\" content=\"Marie-Lou Moro est conseill\u00e8re France R\u00e9nov&rsquo; \u00e0 Saint-Di\u00e9-des-Vosges. Un dispositif port\u00e9 localement par la Maison de l&rsquo;Habitat et de l&rsquo;Energie [&hellip;]\" \/>\n<meta name=\"twitter:image\" content=\"https:\/\/vosgesinfo.fr\/app\/uploads\/sites\/4\/2024\/08\/202210conseils-economies-energie-france-renov.jpg\" \/>\n<meta name=\"twitter:creator\" content=\"@VosgesInfo88\" \/>\n<meta name=\"twitter:site\" content=\"@VosgesInfo88\" \/>\n<meta name=\"twitter:label1\" content=\"\u00c9crit par\" \/>\n\t<meta name=\"twitter:data1\" content=\"la r\u00e9daction\" \/>\n\t<meta name=\"twitter:label2\" content=\"Dur\u00e9e de lecture estim\u00e9e\" \/>\n\t<meta name=\"twitter:data2\" content=\"4 minutes\" \/>\n<script type=\"application\/ld+json\" class=\"yoast-schema-graph\">{\"@context\":\"https:\/\/schema.org\",\"@graph\":[{\"@type\":\"Article\",\"@id\":\"https:\/\/vosgesinfo.fr\/saintdieinfo\/2022\/10\/sobriete-energetique-reduire-facture-energetique-grace-aux-conseils-dune-conseillere-france-renov\/#article\",\"isPartOf\":{\"@id\":\"https:\/\/vosgesinfo.fr\/saintdieinfo\/2022\/10\/sobriete-energetique-reduire-facture-energetique-grace-aux-conseils-dune-conseillere-france-renov\/\"},\"author\":{\"name\":\"la r\u00e9daction\",\"@id\":\"https:\/\/vosgesinfo.fr\/saintdieinfo\/#\/schema\/person\/faee6704a21f3977511db84bd1cd450f\"},\"headline\":\"Sobri\u00e9t\u00e9 \u00e9nerg\u00e9tique\u00a0: r\u00e9duire sa facture \u00e9nerg\u00e9tique gr\u00e2ce aux conseils d&rsquo;une conseill\u00e8re France Renov&rsquo;\",\"datePublished\":\"2022-10-20T10:04:01+00:00\",\"dateModified\":\"2022-10-20T10:04:01+00:00\",\"mainEntityOfPage\":{\"@id\":\"https:\/\/vosgesinfo.fr\/saintdieinfo\/2022\/10\/sobriete-energetique-reduire-facture-energetique-grace-aux-conseils-dune-conseillere-france-renov\/\"},\"wordCount\":773,\"commentCount\":0,\"publisher\":{\"@id\":\"https:\/\/vosgesinfo.fr\/saintdieinfo\/#organization\"},\"image\":{\"@id\":\"https:\/\/vosgesinfo.fr\/saintdieinfo\/2022\/10\/sobriete-energetique-reduire-facture-energetique-grace-aux-conseils-dune-conseillere-france-renov\/#primaryimage\"},\"thumbnailUrl\":\"https:\/\/vosgesinfo.fr\/app\/uploads\/sites\/4\/2024\/08\/202210conseils-economies-energie-france-renov.jpg\",\"keywords\":[\"Economies d'\u00e9nergie\",\"France Renov'\",\"Maison de l'Habitat et de l'Energie de la D\u00e9odatie\",\"Marie-Lou Moro\",\"Pays de la D\u00e9odatie\",\"Sobri\u00e9t\u00e9 \u00e9nerg\u00e9tique\"],\"articleSection\":[\"A la Une\",\"Saint-Di\u00e9-des-Vosges et son Agglom\u00e9ration\"],\"inLanguage\":\"fr-FR\",\"potentialAction\":[{\"@type\":\"CommentAction\",\"name\":\"Comment\",\"target\":[\"https:\/\/vosgesinfo.fr\/saintdieinfo\/2022\/10\/sobriete-energetique-reduire-facture-energetique-grace-aux-conseils-dune-conseillere-france-renov\/#respond\"]}]},{\"@type\":\"WebPage\",\"@id\":\"https:\/\/vosgesinfo.fr\/saintdieinfo\/2022\/10\/sobriete-energetique-reduire-facture-energetique-grace-aux-conseils-dune-conseillere-france-renov\/\",\"url\":\"https:\/\/vosgesinfo.fr\/saintdieinfo\/2022\/10\/sobriete-energetique-reduire-facture-energetique-grace-aux-conseils-dune-conseillere-france-renov\/\",\"name\":\"Sobri\u00e9t\u00e9 \u00e9nerg\u00e9tique\u00a0: r\u00e9duire sa facture \u00e9nerg\u00e9tique gr\u00e2ce aux conseils d'une conseill\u00e8re France Renov' - Saint Die Info\",\"isPartOf\":{\"@id\":\"https:\/\/vosgesinfo.fr\/saintdieinfo\/#website\"},\"primaryImageOfPage\":{\"@id\":\"https:\/\/vosgesinfo.fr\/saintdieinfo\/2022\/10\/sobriete-energetique-reduire-facture-energetique-grace-aux-conseils-dune-conseillere-france-renov\/#primaryimage\"},\"image\":{\"@id\":\"https:\/\/vosgesinfo.fr\/saintdieinfo\/2022\/10\/sobriete-energetique-reduire-facture-energetique-grace-aux-conseils-dune-conseillere-france-renov\/#primaryimage\"},\"thumbnailUrl\":\"https:\/\/vosgesinfo.fr\/app\/uploads\/sites\/4\/2024\/08\/202210conseils-economies-energie-france-renov.jpg\",\"datePublished\":\"2022-10-20T10:04:01+00:00\",\"dateModified\":\"2022-10-20T10:04:01+00:00\",\"breadcrumb\":{\"@id\":\"https:\/\/vosgesinfo.fr\/saintdieinfo\/2022\/10\/sobriete-energetique-reduire-facture-energetique-grace-aux-conseils-dune-conseillere-france-renov\/#breadcrumb\"},\"inLanguage\":\"fr-FR\",\"potentialAction\":[{\"@type\":\"ReadAction\",\"target\":[\"https:\/\/vosgesinfo.fr\/saintdieinfo\/2022\/10\/sobriete-energetique-reduire-facture-energetique-grace-aux-conseils-dune-conseillere-france-renov\/\"]}]},{\"@type\":\"ImageObject\",\"inLanguage\":\"fr-FR\",\"@id\":\"https:\/\/vosgesinfo.fr\/saintdieinfo\/2022\/10\/sobriete-energetique-reduire-facture-energetique-grace-aux-conseils-dune-conseillere-france-renov\/#primaryimage\",\"url\":\"https:\/\/vosgesinfo.fr\/app\/uploads\/sites\/4\/2024\/08\/202210conseils-economies-energie-france-renov.jpg\",\"contentUrl\":\"https:\/\/vosgesinfo.fr\/app\/uploads\/sites\/4\/2024\/08\/202210conseils-economies-energie-france-renov.jpg\",\"width\":1600,\"height\":1205},{\"@type\":\"BreadcrumbList\",\"@id\":\"https:\/\/vosgesinfo.fr\/saintdieinfo\/2022\/10\/sobriete-energetique-reduire-facture-energetique-grace-aux-conseils-dune-conseillere-france-renov\/#breadcrumb\",\"itemListElement\":[{\"@type\":\"ListItem\",\"position\":1,\"name\":\"Home\",\"item\":\"https:\/\/vosgesinfo.fr\/saintdieinfo\/\"},{\"@type\":\"ListItem\",\"position\":2,\"name\":\"Sobri\u00e9t\u00e9 \u00e9nerg\u00e9tique\u00a0: r\u00e9duire sa facture \u00e9nerg\u00e9tique gr\u00e2ce aux conseils d&rsquo;une conseill\u00e8re France Renov&rsquo;\"}]},{\"@type\":\"WebSite\",\"@id\":\"https:\/\/vosgesinfo.fr\/saintdieinfo\/#website\",\"url\":\"https:\/\/vosgesinfo.fr\/saintdieinfo\/\",\"name\":\"Saint Die Info\",\"description\":\"Toute l&#039;actualit\u00e9 de Saint-Di\u00e9-Des-Vosges\",\"publisher\":{\"@id\":\"https:\/\/vosgesinfo.fr\/saintdieinfo\/#organization\"},\"alternateName\":\"Toute l'actualit\u00e9 de Saint-Di\u00e9-Des-Vosges\",\"potentialAction\":[{\"@type\":\"SearchAction\",\"target\":{\"@type\":\"EntryPoint\",\"urlTemplate\":\"https:\/\/vosgesinfo.fr\/saintdieinfo\/?s={search_term_string}\"},\"query-input\":\"required name=search_term_string\"}],\"inLanguage\":\"fr-FR\"},{\"@type\":\"Organization\",\"@id\":\"https:\/\/vosgesinfo.fr\/saintdieinfo\/#organization\",\"name\":\"Saint Die Info\",\"url\":\"https:\/\/vosgesinfo.fr\/saintdieinfo\/\",\"logo\":{\"@type\":\"ImageObject\",\"inLanguage\":\"fr-FR\",\"@id\":\"https:\/\/vosgesinfo.fr\/saintdieinfo\/#\/schema\/logo\/image\/\",\"url\":\"https:\/\/vosgesinfo.fr\/app\/uploads\/sites\/4\/2024\/02\/logo-sdi.jpg\",\"contentUrl\":\"https:\/\/vosgesinfo.fr\/app\/uploads\/sites\/4\/2024\/02\/logo-sdi.jpg\",\"width\":600,\"height\":600,\"caption\":\"Saint Die Info\"},\"image\":{\"@id\":\"https:\/\/vosgesinfo.fr\/saintdieinfo\/#\/schema\/logo\/image\/\"},\"sameAs\":[\"https:\/\/www.facebook.com\/Saintdieinfofr\",\"https:\/\/x.com\/VosgesInfo88\",\"https:\/\/www.youtube.com\/@vosgesinfo\"]},{\"@type\":\"Person\",\"@id\":\"https:\/\/vosgesinfo.fr\/saintdieinfo\/#\/schema\/person\/faee6704a21f3977511db84bd1cd450f\",\"name\":\"la r\u00e9daction\",\"image\":{\"@type\":\"ImageObject\",\"inLanguage\":\"fr-FR\",\"@id\":\"https:\/\/vosgesinfo.fr\/saintdieinfo\/#\/schema\/person\/image\/\",\"url\":\"https:\/\/secure.gravatar.com\/avatar\/6673d8bc6a9c17fa9a453eaa3448de834fa308c2ec9635b7aa99441a7c8d2cf6?s=96&d=mm&r=g\",\"contentUrl\":\"https:\/\/secure.gravatar.com\/avatar\/6673d8bc6a9c17fa9a453eaa3448de834fa308c2ec9635b7aa99441a7c8d2cf6?s=96&d=mm&r=g\",\"caption\":\"la r\u00e9daction\"},\"url\":\"https:\/\/vosgesinfo.fr\/saintdieinfo\/author\/redac\/\"}]}<\/script>\n<!-- \/ Yoast SEO plugin. -->","yoast_head_json":{"title":"Sobri\u00e9t\u00e9 \u00e9nerg\u00e9tique\u00a0: r\u00e9duire sa facture \u00e9nerg\u00e9tique gr\u00e2ce aux conseils d'une conseill\u00e8re France Renov' - Saint Die Info","robots":{"index":"index","follow":"follow","max-snippet":"max-snippet:-1","max-image-preview":"max-image-preview:large","max-video-preview":"max-video-preview:-1"},"canonical":"https:\/\/vosgesinfo.fr\/saintdieinfo\/2022\/10\/sobriete-energetique-reduire-facture-energetique-grace-aux-conseils-dune-conseillere-france-renov\/","twitter_card":"summary_large_image","twitter_title":"Sobri\u00e9t\u00e9 \u00e9nerg\u00e9tique\u00a0: r\u00e9duire sa facture \u00e9nerg\u00e9tique gr\u00e2ce aux conseils d'une conseill\u00e8re France Renov' - Saint Die Info","twitter_description":"Marie-Lou Moro est conseill\u00e8re France R\u00e9nov&rsquo; \u00e0 Saint-Di\u00e9-des-Vosges. Un dispositif port\u00e9 localement par la Maison de l&rsquo;Habitat et de l&rsquo;Energie [&hellip;]","twitter_image":"https:\/\/vosgesinfo.fr\/app\/uploads\/sites\/4\/2024\/08\/202210conseils-economies-energie-france-renov.jpg","twitter_creator":"@VosgesInfo88","twitter_site":"@VosgesInfo88","twitter_misc":{"\u00c9crit par":"la r\u00e9daction","Dur\u00e9e de lecture estim\u00e9e":"4 minutes"},"schema":{"@context":"https:\/\/schema.org","@graph":[{"@type":"Article","@id":"https:\/\/vosgesinfo.fr\/saintdieinfo\/2022\/10\/sobriete-energetique-reduire-facture-energetique-grace-aux-conseils-dune-conseillere-france-renov\/#article","isPartOf":{"@id":"https:\/\/vosgesinfo.fr\/saintdieinfo\/2022\/10\/sobriete-energetique-reduire-facture-energetique-grace-aux-conseils-dune-conseillere-france-renov\/"},"author":{"name":"la r\u00e9daction","@id":"https:\/\/vosgesinfo.fr\/saintdieinfo\/#\/schema\/person\/faee6704a21f3977511db84bd1cd450f"},"headline":"Sobri\u00e9t\u00e9 \u00e9nerg\u00e9tique\u00a0: r\u00e9duire sa facture \u00e9nerg\u00e9tique gr\u00e2ce aux conseils d&rsquo;une conseill\u00e8re France Renov&rsquo;","datePublished":"2022-10-20T10:04:01+00:00","dateModified":"2022-10-20T10:04:01+00:00","mainEntityOfPage":{"@id":"https:\/\/vosgesinfo.fr\/saintdieinfo\/2022\/10\/sobriete-energetique-reduire-facture-energetique-grace-aux-conseils-dune-conseillere-france-renov\/"},"wordCount":773,"commentCount":0,"publisher":{"@id":"https:\/\/vosgesinfo.fr\/saintdieinfo\/#organization"},"image":{"@id":"https:\/\/vosgesinfo.fr\/saintdieinfo\/2022\/10\/sobriete-energetique-reduire-facture-energetique-grace-aux-conseils-dune-conseillere-france-renov\/#primaryimage"},"thumbnailUrl":"https:\/\/vosgesinfo.fr\/app\/uploads\/sites\/4\/2024\/08\/202210conseils-economies-energie-france-renov.jpg","keywords":["Economies d'\u00e9nergie","France Renov'","Maison de l'Habitat et de l'Energie de la D\u00e9odatie","Marie-Lou Moro","Pays de la D\u00e9odatie","Sobri\u00e9t\u00e9 \u00e9nerg\u00e9tique"],"articleSection":["A la Une","Saint-Di\u00e9-des-Vosges et son Agglom\u00e9ration"],"inLanguage":"fr-FR","potentialAction":[{"@type":"CommentAction","name":"Comment","target":["https:\/\/vosgesinfo.fr\/saintdieinfo\/2022\/10\/sobriete-energetique-reduire-facture-energetique-grace-aux-conseils-dune-conseillere-france-renov\/#respond"]}]},{"@type":"WebPage","@id":"https:\/\/vosgesinfo.fr\/saintdieinfo\/2022\/10\/sobriete-energetique-reduire-facture-energetique-grace-aux-conseils-dune-conseillere-france-renov\/","url":"https:\/\/vosgesinfo.fr\/saintdieinfo\/2022\/10\/sobriete-energetique-reduire-facture-energetique-grace-aux-conseils-dune-conseillere-france-renov\/","name":"Sobri\u00e9t\u00e9 \u00e9nerg\u00e9tique\u00a0: r\u00e9duire sa facture \u00e9nerg\u00e9tique gr\u00e2ce aux conseils d'une conseill\u00e8re France Renov' - Saint Die Info","isPartOf":{"@id":"https:\/\/vosgesinfo.fr\/saintdieinfo\/#website"},"primaryImageOfPage":{"@id":"https:\/\/vosgesinfo.fr\/saintdieinfo\/2022\/10\/sobriete-energetique-reduire-facture-energetique-grace-aux-conseils-dune-conseillere-france-renov\/#primaryimage"},"image":{"@id":"https:\/\/vosgesinfo.fr\/saintdieinfo\/2022\/10\/sobriete-energetique-reduire-facture-energetique-grace-aux-conseils-dune-conseillere-france-renov\/#primaryimage"},"thumbnailUrl":"https:\/\/vosgesinfo.fr\/app\/uploads\/sites\/4\/2024\/08\/202210conseils-economies-energie-france-renov.jpg","datePublished":"2022-10-20T10:04:01+00:00","dateModified":"2022-10-20T10:04:01+00:00","breadcrumb":{"@id":"https:\/\/vosgesinfo.fr\/saintdieinfo\/2022\/10\/sobriete-energetique-reduire-facture-energetique-grace-aux-conseils-dune-conseillere-france-renov\/#breadcrumb"},"inLanguage":"fr-FR","potentialAction":[{"@type":"ReadAction","target":["https:\/\/vosgesinfo.fr\/saintdieinfo\/2022\/10\/sobriete-energetique-reduire-facture-energetique-grace-aux-conseils-dune-conseillere-france-renov\/"]}]},{"@type":"ImageObject","inLanguage":"fr-FR","@id":"https:\/\/vosgesinfo.fr\/saintdieinfo\/2022\/10\/sobriete-energetique-reduire-facture-energetique-grace-aux-conseils-dune-conseillere-france-renov\/#primaryimage","url":"https:\/\/vosgesinfo.fr\/app\/uploads\/sites\/4\/2024\/08\/202210conseils-economies-energie-france-renov.jpg","contentUrl":"https:\/\/vosgesinfo.fr\/app\/uploads\/sites\/4\/2024\/08\/202210conseils-economies-energie-france-renov.jpg","width":1600,"height":1205},{"@type":"BreadcrumbList","@id":"https:\/\/vosgesinfo.fr\/saintdieinfo\/2022\/10\/sobriete-energetique-reduire-facture-energetique-grace-aux-conseils-dune-conseillere-france-renov\/#breadcrumb","itemListElement":[{"@type":"ListItem","position":1,"name":"Home","item":"https:\/\/vosgesinfo.fr\/saintdieinfo\/"},{"@type":"ListItem","position":2,"name":"Sobri\u00e9t\u00e9 \u00e9nerg\u00e9tique\u00a0: r\u00e9duire sa facture \u00e9nerg\u00e9tique gr\u00e2ce aux conseils d&rsquo;une conseill\u00e8re France Renov&rsquo;"}]},{"@type":"WebSite","@id":"https:\/\/vosgesinfo.fr\/saintdieinfo\/#website","url":"https:\/\/vosgesinfo.fr\/saintdieinfo\/","name":"Saint Die Info","description":"Toute l&#039;actualit\u00e9 de Saint-Di\u00e9-Des-Vosges","publisher":{"@id":"https:\/\/vosgesinfo.fr\/saintdieinfo\/#organization"},"alternateName":"Toute l'actualit\u00e9 de Saint-Di\u00e9-Des-Vosges","potentialAction":[{"@type":"SearchAction","target":{"@type":"EntryPoint","urlTemplate":"https:\/\/vosgesinfo.fr\/saintdieinfo\/?s={search_term_string}"},"query-input":"required name=search_term_string"}],"inLanguage":"fr-FR"},{"@type":"Organization","@id":"https:\/\/vosgesinfo.fr\/saintdieinfo\/#organization","name":"Saint Die Info","url":"https:\/\/vosgesinfo.fr\/saintdieinfo\/","logo":{"@type":"ImageObject","inLanguage":"fr-FR","@id":"https:\/\/vosgesinfo.fr\/saintdieinfo\/#\/schema\/logo\/image\/","url":"https:\/\/vosgesinfo.fr\/app\/uploads\/sites\/4\/2024\/02\/logo-sdi.jpg","contentUrl":"https:\/\/vosgesinfo.fr\/app\/uploads\/sites\/4\/2024\/02\/logo-sdi.jpg","width":600,"height":600,"caption":"Saint Die Info"},"image":{"@id":"https:\/\/vosgesinfo.fr\/saintdieinfo\/#\/schema\/logo\/image\/"},"sameAs":["https:\/\/www.facebook.com\/Saintdieinfofr","https:\/\/x.com\/VosgesInfo88","https:\/\/www.youtube.com\/@vosgesinfo"]},{"@type":"Person","@id":"https:\/\/vosgesinfo.fr\/saintdieinfo\/#\/schema\/person\/faee6704a21f3977511db84bd1cd450f","name":"la r\u00e9daction","image":{"@type":"ImageObject","inLanguage":"fr-FR","@id":"https:\/\/vosgesinfo.fr\/saintdieinfo\/#\/schema\/person\/image\/","url":"https:\/\/secure.gravatar.com\/avatar\/6673d8bc6a9c17fa9a453eaa3448de834fa308c2ec9635b7aa99441a7c8d2cf6?s=96&d=mm&r=g","contentUrl":"https:\/\/secure.gravatar.com\/avatar\/6673d8bc6a9c17fa9a453eaa3448de834fa308c2ec9635b7aa99441a7c8d2cf6?s=96&d=mm&r=g","caption":"la r\u00e9daction"},"url":"https:\/\/vosgesinfo.fr\/saintdieinfo\/author\/redac\/"}]}},"_links":{"self":[{"href":"https:\/\/vosgesinfo.fr\/saintdieinfo\/wp-json\/wp\/v2\/posts\/58790","targetHints":{"allow":["GET"]}}],"collection":[{"href":"https:\/\/vosgesinfo.fr\/saintdieinfo\/wp-json\/wp\/v2\/posts"}],"about":[{"href":"https:\/\/vosgesinfo.fr\/saintdieinfo\/wp-json\/wp\/v2\/types\/post"}],"author":[{"embeddable":true,"href":"https:\/\/vosgesinfo.fr\/saintdieinfo\/wp-json\/wp\/v2\/users\/44"}],"replies":[{"embeddable":true,"href":"https:\/\/vosgesinfo.fr\/saintdieinfo\/wp-json\/wp\/v2\/comments?post=58790"}],"version-history":[{"count":0,"href":"https:\/\/vosgesinfo.fr\/saintdieinfo\/wp-json\/wp\/v2\/posts\/58790\/revisions"}],"wp:featuredmedia":[{"embeddable":true,"href":"https:\/\/vosgesinfo.fr\/saintdieinfo\/wp-json\/wp\/v2\/media\/58791"}],"wp:attachment":[{"href":"https:\/\/vosgesinfo.fr\/saintdieinfo\/wp-json\/wp\/v2\/media?parent=58790"}],"wp:term":[{"taxonomy":"category","embeddable":true,"href":"https:\/\/vosgesinfo.fr\/saintdieinfo\/wp-json\/wp\/v2\/categories?post=58790"},{"taxonomy":"post_tag","embeddable":true,"href":"https:\/\/vosgesinfo.fr\/saintdieinfo\/wp-json\/wp\/v2\/tags?post=58790"}],"curies":[{"name":"wp","href":"https:\/\/api.w.org\/{rel}","templated":true}]}}