{"id":58794,"date":"2022-10-20T15:37:33","date_gmt":"2022-10-20T13:37:33","guid":{"rendered":"https:\/\/vosgesinfo.fr\/saintdieinfo\/2022\/10\/dossiers-de-surendettement-suivis-cresus-vosges-hausse-de-25\/"},"modified":"2022-10-20T15:37:33","modified_gmt":"2022-10-20T13:37:33","slug":"dossiers-de-surendettement-suivis-cresus-vosges-hausse-de-25","status":"publish","type":"post","link":"https:\/\/vosgesinfo.fr\/saintdieinfo\/2022\/10\/dossiers-de-surendettement-suivis-cresus-vosges-hausse-de-25\/","title":{"rendered":"Les dossiers de surendettement suivis par CRESUS Vosges en hausse de 25%"},"content":{"rendered":"\n<h2 align=\"LEFT\"><strong><span style=\"font-size: 14pt;\">La Chambre R\u00e9gionale du Surendettement Social \u2013 CRESUS \u2013 Vosges tenait son assembl\u00e9e g\u00e9n\u00e9rale annuelle ce jeudi apr\u00e8s-midi \u00e0 la salle Carbonnar de Saint-Di\u00e9-des-Vosges. Cr\u00e9\u00e9e en 2005 et aujourd&rsquo;hui labellis\u00e9e Point Conseil Budget \u2013 PCB \u2013 l&rsquo;association s&rsquo;engage \u00e0 aider les personnes en difficult\u00e9 financi\u00e8re.<\/span><\/strong><\/h2>\n<p align=\"LEFT\"><!--more-->Les b\u00e9n\u00e9voles et son unique salari\u00e9e, Sophia Parmentier, informent et conseillent sur les d\u00e9marches \u00e0 effectuer en cas de probl\u00e8mes financiers. Concr\u00e8tement, CRESUS Vosges aide \u00e0 dresser un bilan financier, \u00e0 g\u00e9rer un budget ou \u00e0 constituer des dossiers de surendettement aupr\u00e8s de la Banque de France ainsi que des dossiers de microcr\u00e9dit. Et si besoin est, l&rsquo;association peut \u00e9galement orienter vers d&rsquo;autres organismes comp\u00e9tents.<\/p>\n<p align=\"LEFT\">De ces assises annuelles, on retiendra notamment que le nombre de dossiers de surendettement d\u00e9pos\u00e9s aupr\u00e8s des commissions de surendettement est en hausse d&rsquo;environ 25% par rapport \u00e0 2020, comme l&rsquo;a soulign\u00e9 le pr\u00e9sident de CRESUS Vosges Dominique Rudolf. Ce dernier d&rsquo;ajouter\u00a0: \u00ab\u00a0243 dossiers ont \u00e9t\u00e9 ouverts en 2021, contre 222 l&rsquo;ann\u00e9e pr\u00e9c\u00e9dente. Ces chiffres sont surtout les marqueurs d&rsquo;une situation financi\u00e8re des m\u00e9nages encore tr\u00e8s fragile et pr\u00e9occupante.\u00a0\u00bb Les principales causes de surendettement \u00e9tant les dettes concernant le paiement des factures d&rsquo;eau, de gaz et d&rsquo;\u00e9lectricit\u00e9, mais aussi celles li\u00e9es aux cr\u00e9dits \u00e0 la consommation. Le hausse des surendettements \u00e9tant particuli\u00e8rement pr\u00e9occupante chez les 40-49 ans.<\/p>\n<p align=\"LEFT\">Pour solliciter CRESUS Vosges, les bureaux de Saint-Di\u00e9-des-Vosges, situ\u00e9s au 24 rue de la Prairie sont ouverts chaque lundi, de 8h \u00e0 12h et 14h30 \u00e0 17h30. T\u00e9l\u00e9phone : 03-29-55-48-38 \u2013 Courriel\u00a0: <a href=\"mailto:cresusvosges@orange.fr\" target=\"_blank\" rel=\"noopener\">cresusvosges@orange.fr<\/a>. L&rsquo;association dispose d&rsquo;une autre permanence hebdomadaire \u00e0 Neufch\u00e2teau, ainsi que 2 points d\u2019accueil temporaire \u00e0 Mirecourt et Cornimont. Plus d&rsquo;informations sur : <a href=\"https:\/\/cresusvosges.fr\/\" target=\"_blank\" rel=\"noopener\">https:\/\/cresusvosges.fr\/<\/a>.<\/p>\n<p align=\"LEFT\">J.J.<\/p>\n","protected":false},"excerpt":{"rendered":"<p>La Chambre R\u00e9gionale du Surendettement Social \u2013 CRESUS \u2013 Vosges tenait son assembl\u00e9e g\u00e9n\u00e9rale annuelle ce jeudi apr\u00e8s-midi \u00e0 la [&hellip;]<\/p>\n","protected":false},"author":44,"featured_media":58795,"comment_status":"open","ping_status":"open","sticky":false,"template":"","format":"standard","meta":{"footnotes":""},"categories":[460,2915,17,18],"tags":[676,6544,12874,3571],"class_list":["post-58794","post","type-post","status-publish","format-standard","has-post-thumbnail","hentry","category-a-la-une","category-saint-die-son-canton","category-vie-associative","category-vosges","tag-assemblee-generale","tag-cresus-vosges","tag-hausse-des-dossiers-de-surendettement-dans-les-vosges","tag-salle-carbonnar"],"acf":[],"yoast_head":"<!-- This site is optimized with the Yoast SEO plugin v22.5 - https:\/\/yoast.com\/wordpress\/plugins\/seo\/ -->\n<title>Les dossiers de surendettement suivis par CRESUS Vosges en hausse de 25% - Saint Die Info<\/title>\n<meta name=\"robots\" content=\"index, follow, max-snippet:-1, max-image-preview:large, max-video-preview:-1\" \/>\n<link rel=\"canonical\" href=\"https:\/\/vosgesinfo.fr\/saintdieinfo\/2022\/10\/dossiers-de-surendettement-suivis-cresus-vosges-hausse-de-25\/\" \/>\n<meta name=\"twitter:card\" content=\"summary_large_image\" \/>\n<meta name=\"twitter:title\" content=\"Les dossiers de surendettement suivis par CRESUS Vosges en hausse de 25% - Saint Die Info\" \/>\n<meta name=\"twitter:description\" content=\"La Chambre R\u00e9gionale du Surendettement Social \u2013 CRESUS \u2013 Vosges tenait son assembl\u00e9e g\u00e9n\u00e9rale annuelle ce jeudi apr\u00e8s-midi \u00e0 la [&hellip;]\" \/>\n<meta name=\"twitter:image\" content=\"https:\/\/vosgesinfo.fr\/app\/uploads\/sites\/4\/2024\/08\/202210ag-cresus-1.jpg\" \/>\n<meta name=\"twitter:creator\" content=\"@VosgesInfo88\" \/>\n<meta name=\"twitter:site\" content=\"@VosgesInfo88\" \/>\n<meta name=\"twitter:label1\" content=\"\u00c9crit par\" \/>\n\t<meta name=\"twitter:data1\" content=\"la r\u00e9daction\" \/>\n\t<meta name=\"twitter:label2\" content=\"Dur\u00e9e de lecture estim\u00e9e\" \/>\n\t<meta name=\"twitter:data2\" content=\"2 minutes\" \/>\n<script type=\"application\/ld+json\" class=\"yoast-schema-graph\">{\"@context\":\"https:\/\/schema.org\",\"@graph\":[{\"@type\":\"Article\",\"@id\":\"https:\/\/vosgesinfo.fr\/saintdieinfo\/2022\/10\/dossiers-de-surendettement-suivis-cresus-vosges-hausse-de-25\/#article\",\"isPartOf\":{\"@id\":\"https:\/\/vosgesinfo.fr\/saintdieinfo\/2022\/10\/dossiers-de-surendettement-suivis-cresus-vosges-hausse-de-25\/\"},\"author\":{\"name\":\"la r\u00e9daction\",\"@id\":\"https:\/\/vosgesinfo.fr\/saintdieinfo\/#\/schema\/person\/faee6704a21f3977511db84bd1cd450f\"},\"headline\":\"Les dossiers de surendettement suivis par CRESUS Vosges en hausse de 25%\",\"datePublished\":\"2022-10-20T13:37:33+00:00\",\"dateModified\":\"2022-10-20T13:37:33+00:00\",\"mainEntityOfPage\":{\"@id\":\"https:\/\/vosgesinfo.fr\/saintdieinfo\/2022\/10\/dossiers-de-surendettement-suivis-cresus-vosges-hausse-de-25\/\"},\"wordCount\":327,\"commentCount\":0,\"publisher\":{\"@id\":\"https:\/\/vosgesinfo.fr\/saintdieinfo\/#organization\"},\"image\":{\"@id\":\"https:\/\/vosgesinfo.fr\/saintdieinfo\/2022\/10\/dossiers-de-surendettement-suivis-cresus-vosges-hausse-de-25\/#primaryimage\"},\"thumbnailUrl\":\"https:\/\/vosgesinfo.fr\/app\/uploads\/sites\/4\/2024\/08\/202210ag-cresus-1.jpg\",\"keywords\":[\"assembl\u00e9e g\u00e9n\u00e9rale\",\"CRESUS Vosges\",\"Hausse des dossiers de surendettement dans les Vosges\",\"Salle Carbonnar\"],\"articleSection\":[\"A la Une\",\"Saint-Di\u00e9-des-Vosges et son Agglom\u00e9ration\",\"Vie Associative\",\"Vosges\"],\"inLanguage\":\"fr-FR\",\"potentialAction\":[{\"@type\":\"CommentAction\",\"name\":\"Comment\",\"target\":[\"https:\/\/vosgesinfo.fr\/saintdieinfo\/2022\/10\/dossiers-de-surendettement-suivis-cresus-vosges-hausse-de-25\/#respond\"]}]},{\"@type\":\"WebPage\",\"@id\":\"https:\/\/vosgesinfo.fr\/saintdieinfo\/2022\/10\/dossiers-de-surendettement-suivis-cresus-vosges-hausse-de-25\/\",\"url\":\"https:\/\/vosgesinfo.fr\/saintdieinfo\/2022\/10\/dossiers-de-surendettement-suivis-cresus-vosges-hausse-de-25\/\",\"name\":\"Les dossiers de surendettement suivis par CRESUS Vosges en hausse de 25% - Saint Die Info\",\"isPartOf\":{\"@id\":\"https:\/\/vosgesinfo.fr\/saintdieinfo\/#website\"},\"primaryImageOfPage\":{\"@id\":\"https:\/\/vosgesinfo.fr\/saintdieinfo\/2022\/10\/dossiers-de-surendettement-suivis-cresus-vosges-hausse-de-25\/#primaryimage\"},\"image\":{\"@id\":\"https:\/\/vosgesinfo.fr\/saintdieinfo\/2022\/10\/dossiers-de-surendettement-suivis-cresus-vosges-hausse-de-25\/#primaryimage\"},\"thumbnailUrl\":\"https:\/\/vosgesinfo.fr\/app\/uploads\/sites\/4\/2024\/08\/202210ag-cresus-1.jpg\",\"datePublished\":\"2022-10-20T13:37:33+00:00\",\"dateModified\":\"2022-10-20T13:37:33+00:00\",\"breadcrumb\":{\"@id\":\"https:\/\/vosgesinfo.fr\/saintdieinfo\/2022\/10\/dossiers-de-surendettement-suivis-cresus-vosges-hausse-de-25\/#breadcrumb\"},\"inLanguage\":\"fr-FR\",\"potentialAction\":[{\"@type\":\"ReadAction\",\"target\":[\"https:\/\/vosgesinfo.fr\/saintdieinfo\/2022\/10\/dossiers-de-surendettement-suivis-cresus-vosges-hausse-de-25\/\"]}]},{\"@type\":\"ImageObject\",\"inLanguage\":\"fr-FR\",\"@id\":\"https:\/\/vosgesinfo.fr\/saintdieinfo\/2022\/10\/dossiers-de-surendettement-suivis-cresus-vosges-hausse-de-25\/#primaryimage\",\"url\":\"https:\/\/vosgesinfo.fr\/app\/uploads\/sites\/4\/2024\/08\/202210ag-cresus-1.jpg\",\"contentUrl\":\"https:\/\/vosgesinfo.fr\/app\/uploads\/sites\/4\/2024\/08\/202210ag-cresus-1.jpg\",\"width\":1600,\"height\":1200},{\"@type\":\"BreadcrumbList\",\"@id\":\"https:\/\/vosgesinfo.fr\/saintdieinfo\/2022\/10\/dossiers-de-surendettement-suivis-cresus-vosges-hausse-de-25\/#breadcrumb\",\"itemListElement\":[{\"@type\":\"ListItem\",\"position\":1,\"name\":\"Home\",\"item\":\"https:\/\/vosgesinfo.fr\/saintdieinfo\/\"},{\"@type\":\"ListItem\",\"position\":2,\"name\":\"Les dossiers de surendettement suivis par CRESUS Vosges en hausse de 25%\"}]},{\"@type\":\"WebSite\",\"@id\":\"https:\/\/vosgesinfo.fr\/saintdieinfo\/#website\",\"url\":\"https:\/\/vosgesinfo.fr\/saintdieinfo\/\",\"name\":\"Saint Die Info\",\"description\":\"Toute l&#039;actualit\u00e9 de Saint-Di\u00e9-Des-Vosges\",\"publisher\":{\"@id\":\"https:\/\/vosgesinfo.fr\/saintdieinfo\/#organization\"},\"alternateName\":\"Toute l'actualit\u00e9 de Saint-Di\u00e9-Des-Vosges\",\"potentialAction\":[{\"@type\":\"SearchAction\",\"target\":{\"@type\":\"EntryPoint\",\"urlTemplate\":\"https:\/\/vosgesinfo.fr\/saintdieinfo\/?s={search_term_string}\"},\"query-input\":\"required name=search_term_string\"}],\"inLanguage\":\"fr-FR\"},{\"@type\":\"Organization\",\"@id\":\"https:\/\/vosgesinfo.fr\/saintdieinfo\/#organization\",\"name\":\"Saint Die Info\",\"url\":\"https:\/\/vosgesinfo.fr\/saintdieinfo\/\",\"logo\":{\"@type\":\"ImageObject\",\"inLanguage\":\"fr-FR\",\"@id\":\"https:\/\/vosgesinfo.fr\/saintdieinfo\/#\/schema\/logo\/image\/\",\"url\":\"https:\/\/vosgesinfo.fr\/app\/uploads\/sites\/4\/2024\/02\/logo-sdi.jpg\",\"contentUrl\":\"https:\/\/vosgesinfo.fr\/app\/uploads\/sites\/4\/2024\/02\/logo-sdi.jpg\",\"width\":600,\"height\":600,\"caption\":\"Saint Die Info\"},\"image\":{\"@id\":\"https:\/\/vosgesinfo.fr\/saintdieinfo\/#\/schema\/logo\/image\/\"},\"sameAs\":[\"https:\/\/www.facebook.com\/Saintdieinfofr\",\"https:\/\/x.com\/VosgesInfo88\",\"https:\/\/www.youtube.com\/@vosgesinfo\"]},{\"@type\":\"Person\",\"@id\":\"https:\/\/vosgesinfo.fr\/saintdieinfo\/#\/schema\/person\/faee6704a21f3977511db84bd1cd450f\",\"name\":\"la r\u00e9daction\",\"image\":{\"@type\":\"ImageObject\",\"inLanguage\":\"fr-FR\",\"@id\":\"https:\/\/vosgesinfo.fr\/saintdieinfo\/#\/schema\/person\/image\/\",\"url\":\"https:\/\/secure.gravatar.com\/avatar\/6673d8bc6a9c17fa9a453eaa3448de834fa308c2ec9635b7aa99441a7c8d2cf6?s=96&d=mm&r=g\",\"contentUrl\":\"https:\/\/secure.gravatar.com\/avatar\/6673d8bc6a9c17fa9a453eaa3448de834fa308c2ec9635b7aa99441a7c8d2cf6?s=96&d=mm&r=g\",\"caption\":\"la r\u00e9daction\"},\"url\":\"https:\/\/vosgesinfo.fr\/saintdieinfo\/author\/redac\/\"}]}<\/script>\n<!-- \/ Yoast SEO plugin. -->","yoast_head_json":{"title":"Les dossiers de surendettement suivis par CRESUS Vosges en hausse de 25% - Saint Die Info","robots":{"index":"index","follow":"follow","max-snippet":"max-snippet:-1","max-image-preview":"max-image-preview:large","max-video-preview":"max-video-preview:-1"},"canonical":"https:\/\/vosgesinfo.fr\/saintdieinfo\/2022\/10\/dossiers-de-surendettement-suivis-cresus-vosges-hausse-de-25\/","twitter_card":"summary_large_image","twitter_title":"Les dossiers de surendettement suivis par CRESUS Vosges en hausse de 25% - Saint Die Info","twitter_description":"La Chambre R\u00e9gionale du Surendettement Social \u2013 CRESUS \u2013 Vosges tenait son assembl\u00e9e g\u00e9n\u00e9rale annuelle ce jeudi apr\u00e8s-midi \u00e0 la [&hellip;]","twitter_image":"https:\/\/vosgesinfo.fr\/app\/uploads\/sites\/4\/2024\/08\/202210ag-cresus-1.jpg","twitter_creator":"@VosgesInfo88","twitter_site":"@VosgesInfo88","twitter_misc":{"\u00c9crit par":"la r\u00e9daction","Dur\u00e9e de lecture estim\u00e9e":"2 minutes"},"schema":{"@context":"https:\/\/schema.org","@graph":[{"@type":"Article","@id":"https:\/\/vosgesinfo.fr\/saintdieinfo\/2022\/10\/dossiers-de-surendettement-suivis-cresus-vosges-hausse-de-25\/#article","isPartOf":{"@id":"https:\/\/vosgesinfo.fr\/saintdieinfo\/2022\/10\/dossiers-de-surendettement-suivis-cresus-vosges-hausse-de-25\/"},"author":{"name":"la r\u00e9daction","@id":"https:\/\/vosgesinfo.fr\/saintdieinfo\/#\/schema\/person\/faee6704a21f3977511db84bd1cd450f"},"headline":"Les dossiers de surendettement suivis par CRESUS Vosges en hausse de 25%","datePublished":"2022-10-20T13:37:33+00:00","dateModified":"2022-10-20T13:37:33+00:00","mainEntityOfPage":{"@id":"https:\/\/vosgesinfo.fr\/saintdieinfo\/2022\/10\/dossiers-de-surendettement-suivis-cresus-vosges-hausse-de-25\/"},"wordCount":327,"commentCount":0,"publisher":{"@id":"https:\/\/vosgesinfo.fr\/saintdieinfo\/#organization"},"image":{"@id":"https:\/\/vosgesinfo.fr\/saintdieinfo\/2022\/10\/dossiers-de-surendettement-suivis-cresus-vosges-hausse-de-25\/#primaryimage"},"thumbnailUrl":"https:\/\/vosgesinfo.fr\/app\/uploads\/sites\/4\/2024\/08\/202210ag-cresus-1.jpg","keywords":["assembl\u00e9e g\u00e9n\u00e9rale","CRESUS Vosges","Hausse des dossiers de surendettement dans les Vosges","Salle Carbonnar"],"articleSection":["A la Une","Saint-Di\u00e9-des-Vosges et son Agglom\u00e9ration","Vie Associative","Vosges"],"inLanguage":"fr-FR","potentialAction":[{"@type":"CommentAction","name":"Comment","target":["https:\/\/vosgesinfo.fr\/saintdieinfo\/2022\/10\/dossiers-de-surendettement-suivis-cresus-vosges-hausse-de-25\/#respond"]}]},{"@type":"WebPage","@id":"https:\/\/vosgesinfo.fr\/saintdieinfo\/2022\/10\/dossiers-de-surendettement-suivis-cresus-vosges-hausse-de-25\/","url":"https:\/\/vosgesinfo.fr\/saintdieinfo\/2022\/10\/dossiers-de-surendettement-suivis-cresus-vosges-hausse-de-25\/","name":"Les dossiers de surendettement suivis par CRESUS Vosges en hausse de 25% - Saint Die Info","isPartOf":{"@id":"https:\/\/vosgesinfo.fr\/saintdieinfo\/#website"},"primaryImageOfPage":{"@id":"https:\/\/vosgesinfo.fr\/saintdieinfo\/2022\/10\/dossiers-de-surendettement-suivis-cresus-vosges-hausse-de-25\/#primaryimage"},"image":{"@id":"https:\/\/vosgesinfo.fr\/saintdieinfo\/2022\/10\/dossiers-de-surendettement-suivis-cresus-vosges-hausse-de-25\/#primaryimage"},"thumbnailUrl":"https:\/\/vosgesinfo.fr\/app\/uploads\/sites\/4\/2024\/08\/202210ag-cresus-1.jpg","datePublished":"2022-10-20T13:37:33+00:00","dateModified":"2022-10-20T13:37:33+00:00","breadcrumb":{"@id":"https:\/\/vosgesinfo.fr\/saintdieinfo\/2022\/10\/dossiers-de-surendettement-suivis-cresus-vosges-hausse-de-25\/#breadcrumb"},"inLanguage":"fr-FR","potentialAction":[{"@type":"ReadAction","target":["https:\/\/vosgesinfo.fr\/saintdieinfo\/2022\/10\/dossiers-de-surendettement-suivis-cresus-vosges-hausse-de-25\/"]}]},{"@type":"ImageObject","inLanguage":"fr-FR","@id":"https:\/\/vosgesinfo.fr\/saintdieinfo\/2022\/10\/dossiers-de-surendettement-suivis-cresus-vosges-hausse-de-25\/#primaryimage","url":"https:\/\/vosgesinfo.fr\/app\/uploads\/sites\/4\/2024\/08\/202210ag-cresus-1.jpg","contentUrl":"https:\/\/vosgesinfo.fr\/app\/uploads\/sites\/4\/2024\/08\/202210ag-cresus-1.jpg","width":1600,"height":1200},{"@type":"BreadcrumbList","@id":"https:\/\/vosgesinfo.fr\/saintdieinfo\/2022\/10\/dossiers-de-surendettement-suivis-cresus-vosges-hausse-de-25\/#breadcrumb","itemListElement":[{"@type":"ListItem","position":1,"name":"Home","item":"https:\/\/vosgesinfo.fr\/saintdieinfo\/"},{"@type":"ListItem","position":2,"name":"Les dossiers de surendettement suivis par CRESUS Vosges en hausse de 25%"}]},{"@type":"WebSite","@id":"https:\/\/vosgesinfo.fr\/saintdieinfo\/#website","url":"https:\/\/vosgesinfo.fr\/saintdieinfo\/","name":"Saint Die Info","description":"Toute l&#039;actualit\u00e9 de Saint-Di\u00e9-Des-Vosges","publisher":{"@id":"https:\/\/vosgesinfo.fr\/saintdieinfo\/#organization"},"alternateName":"Toute l'actualit\u00e9 de Saint-Di\u00e9-Des-Vosges","potentialAction":[{"@type":"SearchAction","target":{"@type":"EntryPoint","urlTemplate":"https:\/\/vosgesinfo.fr\/saintdieinfo\/?s={search_term_string}"},"query-input":"required name=search_term_string"}],"inLanguage":"fr-FR"},{"@type":"Organization","@id":"https:\/\/vosgesinfo.fr\/saintdieinfo\/#organization","name":"Saint Die Info","url":"https:\/\/vosgesinfo.fr\/saintdieinfo\/","logo":{"@type":"ImageObject","inLanguage":"fr-FR","@id":"https:\/\/vosgesinfo.fr\/saintdieinfo\/#\/schema\/logo\/image\/","url":"https:\/\/vosgesinfo.fr\/app\/uploads\/sites\/4\/2024\/02\/logo-sdi.jpg","contentUrl":"https:\/\/vosgesinfo.fr\/app\/uploads\/sites\/4\/2024\/02\/logo-sdi.jpg","width":600,"height":600,"caption":"Saint Die Info"},"image":{"@id":"https:\/\/vosgesinfo.fr\/saintdieinfo\/#\/schema\/logo\/image\/"},"sameAs":["https:\/\/www.facebook.com\/Saintdieinfofr","https:\/\/x.com\/VosgesInfo88","https:\/\/www.youtube.com\/@vosgesinfo"]},{"@type":"Person","@id":"https:\/\/vosgesinfo.fr\/saintdieinfo\/#\/schema\/person\/faee6704a21f3977511db84bd1cd450f","name":"la r\u00e9daction","image":{"@type":"ImageObject","inLanguage":"fr-FR","@id":"https:\/\/vosgesinfo.fr\/saintdieinfo\/#\/schema\/person\/image\/","url":"https:\/\/secure.gravatar.com\/avatar\/6673d8bc6a9c17fa9a453eaa3448de834fa308c2ec9635b7aa99441a7c8d2cf6?s=96&d=mm&r=g","contentUrl":"https:\/\/secure.gravatar.com\/avatar\/6673d8bc6a9c17fa9a453eaa3448de834fa308c2ec9635b7aa99441a7c8d2cf6?s=96&d=mm&r=g","caption":"la r\u00e9daction"},"url":"https:\/\/vosgesinfo.fr\/saintdieinfo\/author\/redac\/"}]}},"_links":{"self":[{"href":"https:\/\/vosgesinfo.fr\/saintdieinfo\/wp-json\/wp\/v2\/posts\/58794","targetHints":{"allow":["GET"]}}],"collection":[{"href":"https:\/\/vosgesinfo.fr\/saintdieinfo\/wp-json\/wp\/v2\/posts"}],"about":[{"href":"https:\/\/vosgesinfo.fr\/saintdieinfo\/wp-json\/wp\/v2\/types\/post"}],"author":[{"embeddable":true,"href":"https:\/\/vosgesinfo.fr\/saintdieinfo\/wp-json\/wp\/v2\/users\/44"}],"replies":[{"embeddable":true,"href":"https:\/\/vosgesinfo.fr\/saintdieinfo\/wp-json\/wp\/v2\/comments?post=58794"}],"version-history":[{"count":0,"href":"https:\/\/vosgesinfo.fr\/saintdieinfo\/wp-json\/wp\/v2\/posts\/58794\/revisions"}],"wp:featuredmedia":[{"embeddable":true,"href":"https:\/\/vosgesinfo.fr\/saintdieinfo\/wp-json\/wp\/v2\/media\/58795"}],"wp:attachment":[{"href":"https:\/\/vosgesinfo.fr\/saintdieinfo\/wp-json\/wp\/v2\/media?parent=58794"}],"wp:term":[{"taxonomy":"category","embeddable":true,"href":"https:\/\/vosgesinfo.fr\/saintdieinfo\/wp-json\/wp\/v2\/categories?post=58794"},{"taxonomy":"post_tag","embeddable":true,"href":"https:\/\/vosgesinfo.fr\/saintdieinfo\/wp-json\/wp\/v2\/tags?post=58794"}],"curies":[{"name":"wp","href":"https:\/\/api.w.org\/{rel}","templated":true}]}}