{"id":58797,"date":"2022-10-21T06:41:57","date_gmt":"2022-10-21T04:41:57","guid":{"rendered":"https:\/\/vosgesinfo.fr\/saintdieinfo\/2022\/10\/adherents-club-coeur-sante-de-saint-die-vosges-ont-pleinement-profite-soleil\/"},"modified":"2022-10-21T06:41:57","modified_gmt":"2022-10-21T04:41:57","slug":"adherents-club-coeur-sante-de-saint-die-vosges-ont-pleinement-profite-soleil","status":"publish","type":"post","link":"https:\/\/vosgesinfo.fr\/saintdieinfo\/2022\/10\/adherents-club-coeur-sante-de-saint-die-vosges-ont-pleinement-profite-soleil\/","title":{"rendered":"Les adh\u00e9rents du club Coeur et Sant\u00e9 de Saint-Di\u00e9-des-Vosges ont pleinement profit\u00e9 du soleil"},"content":{"rendered":"<div id=\"attachment_191480\" style=\"width: 970px\" class=\"wp-caption aligncenter\"><a href=\"\/2022\/10\/groupe-en-haut-de-la-pierre-de-laitre-le-17-octobre-2022-2048x1365.jpg\" target=\"_blank\" rel=\"noopener\"><img decoding=\"async\" aria-describedby=\"caption-attachment-191480\" class=\"wp-image-191480 size-large\" src=\"\/2022\/10\/groupe-en-haut-de-la-pierre-de-laitre-le-17-octobre-2022-2048x1365-1024x683.jpg\" alt=\"groupe-en-haut-de-la-pierre-de-laitre-le-17-octobre-2022-2048x1365\" width=\"960\" height=\"640\" \/><\/a><p id=\"caption-attachment-191480\" class=\"wp-caption-text\">Groupe de marche nordique en haut de la Pierre de Laitre, ce lundi 17 octobre. (Photographies Club Coeur et Sant\u00e9 de Saint-Di\u00e9-des-Vosges)<\/p><\/div>\n<h2><strong><span style=\"font-size: 14pt;\">Apr\u00e8s une p\u00e9riode plut\u00f4t pluvieuse et venteuse, voire neigeuse sur les cr\u00eates, ayant conduit \u00e0 des annulations, en particulier celle la \u00ab\u00a0sortie chamois\u00a0\u00bb, les membres du club Coeur et Sant\u00e9 ont profit\u00e9 de conditions beaucoup plus cl\u00e9mentes lors de leurs sorties de ces derni\u00e8res semaine jours, \u00e0 quelques exceptions pr\u00e8s.<\/span><\/strong><\/h2>\n<p><!--more--><\/p>\n<p>Durant cette p\u00e9riode, les adeptes de la marche nordique avaient rendez-vous le 10 octobre au dessus de Traintrux au col de Noirmont, puis dans le massif du Kemberg le 17, tandis que le 16 la marche du dimanche a eu lieu dans ce m\u00eame massif. Et \u00e0 chaque fois il y avait un plein soleil et de temp\u00e9ratures douces. Si la marche du samedi 8 avait eu lieu sous le soleil, seule fausse note dans ce calendrier, celle du 15 a \u00e9t\u00e9 arros\u00e9e.<\/p>\n<p>Tout comme les marcheurs, les cyclistes prennent \u00e9galement de la hauteur et apr\u00e8s la scierie du Lan\u00e7oir le 6 puis le col d\u2019Hermanpaire en venant de la vall\u00e9e de la Fave le 12, ils sont pass\u00e9s ce jeudi eux aussi par le col de Noirmont, mais ce jour-l\u00e0 la pluie \u00e9tait de la partie.<\/p>\n<p>Si la m\u00e9t\u00e9o rend toutes ces sorties agr\u00e9able, elle est aussi favorable pour les champignons qu\u2019on a rarement vus aussi nombreux. Et, plus encore que les ann\u00e9es pr\u00e9c\u00e9dentes, les sorties de ces derni\u00e8res semaines se transforment aussi en le\u00e7ons de mycologie.<\/p>\n\n","protected":false},"excerpt":{"rendered":"<p>Apr\u00e8s une p\u00e9riode plut\u00f4t pluvieuse et venteuse, voire neigeuse sur les cr\u00eates, ayant conduit \u00e0 des annulations, en particulier celle [&hellip;]<\/p>\n","protected":false},"author":44,"featured_media":58798,"comment_status":"open","ping_status":"open","sticky":false,"template":"","format":"standard","meta":{"footnotes":""},"categories":[460,2915,17],"tags":[3314,1498,3622,2068],"class_list":["post-58797","post","type-post","status-publish","format-standard","has-post-thumbnail","hentry","category-a-la-une","category-saint-die-son-canton","category-vie-associative","tag-club-coeur-et-sante-de-saint-die-des-vosges","tag-marche","tag-marche-nordique","tag-velo"],"acf":[],"yoast_head":"<!-- This site is optimized with the Yoast SEO plugin v22.5 - https:\/\/yoast.com\/wordpress\/plugins\/seo\/ -->\n<title>Les adh\u00e9rents du club Coeur et Sant\u00e9 de Saint-Di\u00e9-des-Vosges ont pleinement profit\u00e9 du soleil - Saint Die Info<\/title>\n<meta name=\"robots\" content=\"index, follow, max-snippet:-1, max-image-preview:large, max-video-preview:-1\" \/>\n<link rel=\"canonical\" href=\"https:\/\/vosgesinfo.fr\/saintdieinfo\/2022\/10\/adherents-club-coeur-sante-de-saint-die-vosges-ont-pleinement-profite-soleil\/\" \/>\n<meta name=\"twitter:card\" content=\"summary_large_image\" \/>\n<meta name=\"twitter:title\" content=\"Les adh\u00e9rents du club Coeur et Sant\u00e9 de Saint-Di\u00e9-des-Vosges ont pleinement profit\u00e9 du soleil - Saint Die Info\" \/>\n<meta name=\"twitter:description\" content=\"Apr\u00e8s une p\u00e9riode plut\u00f4t pluvieuse et venteuse, voire neigeuse sur les cr\u00eates, ayant conduit \u00e0 des annulations, en particulier celle [&hellip;]\" \/>\n<meta name=\"twitter:image\" content=\"https:\/\/vosgesinfo.fr\/app\/uploads\/sites\/4\/2024\/08\/202210groupe-en-haut-de-la-pierre-de-laitre-le-17-octobre-2022-2048x1365-1.jpg\" \/>\n<meta name=\"twitter:creator\" content=\"@VosgesInfo88\" \/>\n<meta name=\"twitter:site\" content=\"@VosgesInfo88\" \/>\n<meta name=\"twitter:label1\" content=\"\u00c9crit par\" \/>\n\t<meta name=\"twitter:data1\" content=\"la r\u00e9daction\" \/>\n\t<meta name=\"twitter:label2\" content=\"Dur\u00e9e de lecture estim\u00e9e\" \/>\n\t<meta name=\"twitter:data2\" content=\"1 minute\" \/>\n<script type=\"application\/ld+json\" class=\"yoast-schema-graph\">{\"@context\":\"https:\/\/schema.org\",\"@graph\":[{\"@type\":\"Article\",\"@id\":\"https:\/\/vosgesinfo.fr\/saintdieinfo\/2022\/10\/adherents-club-coeur-sante-de-saint-die-vosges-ont-pleinement-profite-soleil\/#article\",\"isPartOf\":{\"@id\":\"https:\/\/vosgesinfo.fr\/saintdieinfo\/2022\/10\/adherents-club-coeur-sante-de-saint-die-vosges-ont-pleinement-profite-soleil\/\"},\"author\":{\"name\":\"la r\u00e9daction\",\"@id\":\"https:\/\/vosgesinfo.fr\/saintdieinfo\/#\/schema\/person\/faee6704a21f3977511db84bd1cd450f\"},\"headline\":\"Les adh\u00e9rents du club Coeur et Sant\u00e9 de Saint-Di\u00e9-des-Vosges ont pleinement profit\u00e9 du soleil\",\"datePublished\":\"2022-10-21T04:41:57+00:00\",\"dateModified\":\"2022-10-21T04:41:57+00:00\",\"mainEntityOfPage\":{\"@id\":\"https:\/\/vosgesinfo.fr\/saintdieinfo\/2022\/10\/adherents-club-coeur-sante-de-saint-die-vosges-ont-pleinement-profite-soleil\/\"},\"wordCount\":294,\"commentCount\":0,\"publisher\":{\"@id\":\"https:\/\/vosgesinfo.fr\/saintdieinfo\/#organization\"},\"image\":{\"@id\":\"https:\/\/vosgesinfo.fr\/saintdieinfo\/2022\/10\/adherents-club-coeur-sante-de-saint-die-vosges-ont-pleinement-profite-soleil\/#primaryimage\"},\"thumbnailUrl\":\"https:\/\/vosgesinfo.fr\/app\/uploads\/sites\/4\/2024\/08\/202210groupe-en-haut-de-la-pierre-de-laitre-le-17-octobre-2022-2048x1365-1.jpg\",\"keywords\":[\"Club Coeur et Sant\u00e9 de Saint-Di\u00e9-des-Vosges\",\"marche\",\"Marche nordique\",\"v\u00e9lo\"],\"articleSection\":[\"A la Une\",\"Saint-Di\u00e9-des-Vosges et son Agglom\u00e9ration\",\"Vie Associative\"],\"inLanguage\":\"fr-FR\",\"potentialAction\":[{\"@type\":\"CommentAction\",\"name\":\"Comment\",\"target\":[\"https:\/\/vosgesinfo.fr\/saintdieinfo\/2022\/10\/adherents-club-coeur-sante-de-saint-die-vosges-ont-pleinement-profite-soleil\/#respond\"]}]},{\"@type\":\"WebPage\",\"@id\":\"https:\/\/vosgesinfo.fr\/saintdieinfo\/2022\/10\/adherents-club-coeur-sante-de-saint-die-vosges-ont-pleinement-profite-soleil\/\",\"url\":\"https:\/\/vosgesinfo.fr\/saintdieinfo\/2022\/10\/adherents-club-coeur-sante-de-saint-die-vosges-ont-pleinement-profite-soleil\/\",\"name\":\"Les adh\u00e9rents du club Coeur et Sant\u00e9 de Saint-Di\u00e9-des-Vosges ont pleinement profit\u00e9 du soleil - Saint Die Info\",\"isPartOf\":{\"@id\":\"https:\/\/vosgesinfo.fr\/saintdieinfo\/#website\"},\"primaryImageOfPage\":{\"@id\":\"https:\/\/vosgesinfo.fr\/saintdieinfo\/2022\/10\/adherents-club-coeur-sante-de-saint-die-vosges-ont-pleinement-profite-soleil\/#primaryimage\"},\"image\":{\"@id\":\"https:\/\/vosgesinfo.fr\/saintdieinfo\/2022\/10\/adherents-club-coeur-sante-de-saint-die-vosges-ont-pleinement-profite-soleil\/#primaryimage\"},\"thumbnailUrl\":\"https:\/\/vosgesinfo.fr\/app\/uploads\/sites\/4\/2024\/08\/202210groupe-en-haut-de-la-pierre-de-laitre-le-17-octobre-2022-2048x1365-1.jpg\",\"datePublished\":\"2022-10-21T04:41:57+00:00\",\"dateModified\":\"2022-10-21T04:41:57+00:00\",\"breadcrumb\":{\"@id\":\"https:\/\/vosgesinfo.fr\/saintdieinfo\/2022\/10\/adherents-club-coeur-sante-de-saint-die-vosges-ont-pleinement-profite-soleil\/#breadcrumb\"},\"inLanguage\":\"fr-FR\",\"potentialAction\":[{\"@type\":\"ReadAction\",\"target\":[\"https:\/\/vosgesinfo.fr\/saintdieinfo\/2022\/10\/adherents-club-coeur-sante-de-saint-die-vosges-ont-pleinement-profite-soleil\/\"]}]},{\"@type\":\"ImageObject\",\"inLanguage\":\"fr-FR\",\"@id\":\"https:\/\/vosgesinfo.fr\/saintdieinfo\/2022\/10\/adherents-club-coeur-sante-de-saint-die-vosges-ont-pleinement-profite-soleil\/#primaryimage\",\"url\":\"https:\/\/vosgesinfo.fr\/app\/uploads\/sites\/4\/2024\/08\/202210groupe-en-haut-de-la-pierre-de-laitre-le-17-octobre-2022-2048x1365-1.jpg\",\"contentUrl\":\"https:\/\/vosgesinfo.fr\/app\/uploads\/sites\/4\/2024\/08\/202210groupe-en-haut-de-la-pierre-de-laitre-le-17-octobre-2022-2048x1365-1.jpg\",\"width\":2048,\"height\":1365},{\"@type\":\"BreadcrumbList\",\"@id\":\"https:\/\/vosgesinfo.fr\/saintdieinfo\/2022\/10\/adherents-club-coeur-sante-de-saint-die-vosges-ont-pleinement-profite-soleil\/#breadcrumb\",\"itemListElement\":[{\"@type\":\"ListItem\",\"position\":1,\"name\":\"Home\",\"item\":\"https:\/\/vosgesinfo.fr\/saintdieinfo\/\"},{\"@type\":\"ListItem\",\"position\":2,\"name\":\"Les adh\u00e9rents du club Coeur et Sant\u00e9 de Saint-Di\u00e9-des-Vosges ont pleinement profit\u00e9 du soleil\"}]},{\"@type\":\"WebSite\",\"@id\":\"https:\/\/vosgesinfo.fr\/saintdieinfo\/#website\",\"url\":\"https:\/\/vosgesinfo.fr\/saintdieinfo\/\",\"name\":\"Saint Die Info\",\"description\":\"Toute l&#039;actualit\u00e9 de Saint-Di\u00e9-Des-Vosges\",\"publisher\":{\"@id\":\"https:\/\/vosgesinfo.fr\/saintdieinfo\/#organization\"},\"alternateName\":\"Toute l'actualit\u00e9 de Saint-Di\u00e9-Des-Vosges\",\"potentialAction\":[{\"@type\":\"SearchAction\",\"target\":{\"@type\":\"EntryPoint\",\"urlTemplate\":\"https:\/\/vosgesinfo.fr\/saintdieinfo\/?s={search_term_string}\"},\"query-input\":\"required name=search_term_string\"}],\"inLanguage\":\"fr-FR\"},{\"@type\":\"Organization\",\"@id\":\"https:\/\/vosgesinfo.fr\/saintdieinfo\/#organization\",\"name\":\"Saint Die Info\",\"url\":\"https:\/\/vosgesinfo.fr\/saintdieinfo\/\",\"logo\":{\"@type\":\"ImageObject\",\"inLanguage\":\"fr-FR\",\"@id\":\"https:\/\/vosgesinfo.fr\/saintdieinfo\/#\/schema\/logo\/image\/\",\"url\":\"https:\/\/vosgesinfo.fr\/app\/uploads\/sites\/4\/2024\/02\/logo-sdi.jpg\",\"contentUrl\":\"https:\/\/vosgesinfo.fr\/app\/uploads\/sites\/4\/2024\/02\/logo-sdi.jpg\",\"width\":600,\"height\":600,\"caption\":\"Saint Die Info\"},\"image\":{\"@id\":\"https:\/\/vosgesinfo.fr\/saintdieinfo\/#\/schema\/logo\/image\/\"},\"sameAs\":[\"https:\/\/www.facebook.com\/Saintdieinfofr\",\"https:\/\/x.com\/VosgesInfo88\",\"https:\/\/www.youtube.com\/@vosgesinfo\"]},{\"@type\":\"Person\",\"@id\":\"https:\/\/vosgesinfo.fr\/saintdieinfo\/#\/schema\/person\/faee6704a21f3977511db84bd1cd450f\",\"name\":\"la r\u00e9daction\",\"image\":{\"@type\":\"ImageObject\",\"inLanguage\":\"fr-FR\",\"@id\":\"https:\/\/vosgesinfo.fr\/saintdieinfo\/#\/schema\/person\/image\/\",\"url\":\"https:\/\/secure.gravatar.com\/avatar\/6673d8bc6a9c17fa9a453eaa3448de834fa308c2ec9635b7aa99441a7c8d2cf6?s=96&d=mm&r=g\",\"contentUrl\":\"https:\/\/secure.gravatar.com\/avatar\/6673d8bc6a9c17fa9a453eaa3448de834fa308c2ec9635b7aa99441a7c8d2cf6?s=96&d=mm&r=g\",\"caption\":\"la r\u00e9daction\"},\"url\":\"https:\/\/vosgesinfo.fr\/saintdieinfo\/author\/redac\/\"}]}<\/script>\n<!-- \/ Yoast SEO plugin. -->","yoast_head_json":{"title":"Les adh\u00e9rents du club Coeur et Sant\u00e9 de Saint-Di\u00e9-des-Vosges ont pleinement profit\u00e9 du soleil - Saint Die Info","robots":{"index":"index","follow":"follow","max-snippet":"max-snippet:-1","max-image-preview":"max-image-preview:large","max-video-preview":"max-video-preview:-1"},"canonical":"https:\/\/vosgesinfo.fr\/saintdieinfo\/2022\/10\/adherents-club-coeur-sante-de-saint-die-vosges-ont-pleinement-profite-soleil\/","twitter_card":"summary_large_image","twitter_title":"Les adh\u00e9rents du club Coeur et Sant\u00e9 de Saint-Di\u00e9-des-Vosges ont pleinement profit\u00e9 du soleil - Saint Die Info","twitter_description":"Apr\u00e8s une p\u00e9riode plut\u00f4t pluvieuse et venteuse, voire neigeuse sur les cr\u00eates, ayant conduit \u00e0 des annulations, en particulier celle [&hellip;]","twitter_image":"https:\/\/vosgesinfo.fr\/app\/uploads\/sites\/4\/2024\/08\/202210groupe-en-haut-de-la-pierre-de-laitre-le-17-octobre-2022-2048x1365-1.jpg","twitter_creator":"@VosgesInfo88","twitter_site":"@VosgesInfo88","twitter_misc":{"\u00c9crit par":"la r\u00e9daction","Dur\u00e9e de lecture estim\u00e9e":"1 minute"},"schema":{"@context":"https:\/\/schema.org","@graph":[{"@type":"Article","@id":"https:\/\/vosgesinfo.fr\/saintdieinfo\/2022\/10\/adherents-club-coeur-sante-de-saint-die-vosges-ont-pleinement-profite-soleil\/#article","isPartOf":{"@id":"https:\/\/vosgesinfo.fr\/saintdieinfo\/2022\/10\/adherents-club-coeur-sante-de-saint-die-vosges-ont-pleinement-profite-soleil\/"},"author":{"name":"la r\u00e9daction","@id":"https:\/\/vosgesinfo.fr\/saintdieinfo\/#\/schema\/person\/faee6704a21f3977511db84bd1cd450f"},"headline":"Les adh\u00e9rents du club Coeur et Sant\u00e9 de Saint-Di\u00e9-des-Vosges ont pleinement profit\u00e9 du soleil","datePublished":"2022-10-21T04:41:57+00:00","dateModified":"2022-10-21T04:41:57+00:00","mainEntityOfPage":{"@id":"https:\/\/vosgesinfo.fr\/saintdieinfo\/2022\/10\/adherents-club-coeur-sante-de-saint-die-vosges-ont-pleinement-profite-soleil\/"},"wordCount":294,"commentCount":0,"publisher":{"@id":"https:\/\/vosgesinfo.fr\/saintdieinfo\/#organization"},"image":{"@id":"https:\/\/vosgesinfo.fr\/saintdieinfo\/2022\/10\/adherents-club-coeur-sante-de-saint-die-vosges-ont-pleinement-profite-soleil\/#primaryimage"},"thumbnailUrl":"https:\/\/vosgesinfo.fr\/app\/uploads\/sites\/4\/2024\/08\/202210groupe-en-haut-de-la-pierre-de-laitre-le-17-octobre-2022-2048x1365-1.jpg","keywords":["Club Coeur et Sant\u00e9 de Saint-Di\u00e9-des-Vosges","marche","Marche nordique","v\u00e9lo"],"articleSection":["A la Une","Saint-Di\u00e9-des-Vosges et son Agglom\u00e9ration","Vie Associative"],"inLanguage":"fr-FR","potentialAction":[{"@type":"CommentAction","name":"Comment","target":["https:\/\/vosgesinfo.fr\/saintdieinfo\/2022\/10\/adherents-club-coeur-sante-de-saint-die-vosges-ont-pleinement-profite-soleil\/#respond"]}]},{"@type":"WebPage","@id":"https:\/\/vosgesinfo.fr\/saintdieinfo\/2022\/10\/adherents-club-coeur-sante-de-saint-die-vosges-ont-pleinement-profite-soleil\/","url":"https:\/\/vosgesinfo.fr\/saintdieinfo\/2022\/10\/adherents-club-coeur-sante-de-saint-die-vosges-ont-pleinement-profite-soleil\/","name":"Les adh\u00e9rents du club Coeur et Sant\u00e9 de Saint-Di\u00e9-des-Vosges ont pleinement profit\u00e9 du soleil - Saint Die Info","isPartOf":{"@id":"https:\/\/vosgesinfo.fr\/saintdieinfo\/#website"},"primaryImageOfPage":{"@id":"https:\/\/vosgesinfo.fr\/saintdieinfo\/2022\/10\/adherents-club-coeur-sante-de-saint-die-vosges-ont-pleinement-profite-soleil\/#primaryimage"},"image":{"@id":"https:\/\/vosgesinfo.fr\/saintdieinfo\/2022\/10\/adherents-club-coeur-sante-de-saint-die-vosges-ont-pleinement-profite-soleil\/#primaryimage"},"thumbnailUrl":"https:\/\/vosgesinfo.fr\/app\/uploads\/sites\/4\/2024\/08\/202210groupe-en-haut-de-la-pierre-de-laitre-le-17-octobre-2022-2048x1365-1.jpg","datePublished":"2022-10-21T04:41:57+00:00","dateModified":"2022-10-21T04:41:57+00:00","breadcrumb":{"@id":"https:\/\/vosgesinfo.fr\/saintdieinfo\/2022\/10\/adherents-club-coeur-sante-de-saint-die-vosges-ont-pleinement-profite-soleil\/#breadcrumb"},"inLanguage":"fr-FR","potentialAction":[{"@type":"ReadAction","target":["https:\/\/vosgesinfo.fr\/saintdieinfo\/2022\/10\/adherents-club-coeur-sante-de-saint-die-vosges-ont-pleinement-profite-soleil\/"]}]},{"@type":"ImageObject","inLanguage":"fr-FR","@id":"https:\/\/vosgesinfo.fr\/saintdieinfo\/2022\/10\/adherents-club-coeur-sante-de-saint-die-vosges-ont-pleinement-profite-soleil\/#primaryimage","url":"https:\/\/vosgesinfo.fr\/app\/uploads\/sites\/4\/2024\/08\/202210groupe-en-haut-de-la-pierre-de-laitre-le-17-octobre-2022-2048x1365-1.jpg","contentUrl":"https:\/\/vosgesinfo.fr\/app\/uploads\/sites\/4\/2024\/08\/202210groupe-en-haut-de-la-pierre-de-laitre-le-17-octobre-2022-2048x1365-1.jpg","width":2048,"height":1365},{"@type":"BreadcrumbList","@id":"https:\/\/vosgesinfo.fr\/saintdieinfo\/2022\/10\/adherents-club-coeur-sante-de-saint-die-vosges-ont-pleinement-profite-soleil\/#breadcrumb","itemListElement":[{"@type":"ListItem","position":1,"name":"Home","item":"https:\/\/vosgesinfo.fr\/saintdieinfo\/"},{"@type":"ListItem","position":2,"name":"Les adh\u00e9rents du club Coeur et Sant\u00e9 de Saint-Di\u00e9-des-Vosges ont pleinement profit\u00e9 du soleil"}]},{"@type":"WebSite","@id":"https:\/\/vosgesinfo.fr\/saintdieinfo\/#website","url":"https:\/\/vosgesinfo.fr\/saintdieinfo\/","name":"Saint Die Info","description":"Toute l&#039;actualit\u00e9 de Saint-Di\u00e9-Des-Vosges","publisher":{"@id":"https:\/\/vosgesinfo.fr\/saintdieinfo\/#organization"},"alternateName":"Toute l'actualit\u00e9 de Saint-Di\u00e9-Des-Vosges","potentialAction":[{"@type":"SearchAction","target":{"@type":"EntryPoint","urlTemplate":"https:\/\/vosgesinfo.fr\/saintdieinfo\/?s={search_term_string}"},"query-input":"required name=search_term_string"}],"inLanguage":"fr-FR"},{"@type":"Organization","@id":"https:\/\/vosgesinfo.fr\/saintdieinfo\/#organization","name":"Saint Die Info","url":"https:\/\/vosgesinfo.fr\/saintdieinfo\/","logo":{"@type":"ImageObject","inLanguage":"fr-FR","@id":"https:\/\/vosgesinfo.fr\/saintdieinfo\/#\/schema\/logo\/image\/","url":"https:\/\/vosgesinfo.fr\/app\/uploads\/sites\/4\/2024\/02\/logo-sdi.jpg","contentUrl":"https:\/\/vosgesinfo.fr\/app\/uploads\/sites\/4\/2024\/02\/logo-sdi.jpg","width":600,"height":600,"caption":"Saint Die Info"},"image":{"@id":"https:\/\/vosgesinfo.fr\/saintdieinfo\/#\/schema\/logo\/image\/"},"sameAs":["https:\/\/www.facebook.com\/Saintdieinfofr","https:\/\/x.com\/VosgesInfo88","https:\/\/www.youtube.com\/@vosgesinfo"]},{"@type":"Person","@id":"https:\/\/vosgesinfo.fr\/saintdieinfo\/#\/schema\/person\/faee6704a21f3977511db84bd1cd450f","name":"la r\u00e9daction","image":{"@type":"ImageObject","inLanguage":"fr-FR","@id":"https:\/\/vosgesinfo.fr\/saintdieinfo\/#\/schema\/person\/image\/","url":"https:\/\/secure.gravatar.com\/avatar\/6673d8bc6a9c17fa9a453eaa3448de834fa308c2ec9635b7aa99441a7c8d2cf6?s=96&d=mm&r=g","contentUrl":"https:\/\/secure.gravatar.com\/avatar\/6673d8bc6a9c17fa9a453eaa3448de834fa308c2ec9635b7aa99441a7c8d2cf6?s=96&d=mm&r=g","caption":"la r\u00e9daction"},"url":"https:\/\/vosgesinfo.fr\/saintdieinfo\/author\/redac\/"}]}},"_links":{"self":[{"href":"https:\/\/vosgesinfo.fr\/saintdieinfo\/wp-json\/wp\/v2\/posts\/58797","targetHints":{"allow":["GET"]}}],"collection":[{"href":"https:\/\/vosgesinfo.fr\/saintdieinfo\/wp-json\/wp\/v2\/posts"}],"about":[{"href":"https:\/\/vosgesinfo.fr\/saintdieinfo\/wp-json\/wp\/v2\/types\/post"}],"author":[{"embeddable":true,"href":"https:\/\/vosgesinfo.fr\/saintdieinfo\/wp-json\/wp\/v2\/users\/44"}],"replies":[{"embeddable":true,"href":"https:\/\/vosgesinfo.fr\/saintdieinfo\/wp-json\/wp\/v2\/comments?post=58797"}],"version-history":[{"count":0,"href":"https:\/\/vosgesinfo.fr\/saintdieinfo\/wp-json\/wp\/v2\/posts\/58797\/revisions"}],"wp:featuredmedia":[{"embeddable":true,"href":"https:\/\/vosgesinfo.fr\/saintdieinfo\/wp-json\/wp\/v2\/media\/58798"}],"wp:attachment":[{"href":"https:\/\/vosgesinfo.fr\/saintdieinfo\/wp-json\/wp\/v2\/media?parent=58797"}],"wp:term":[{"taxonomy":"category","embeddable":true,"href":"https:\/\/vosgesinfo.fr\/saintdieinfo\/wp-json\/wp\/v2\/categories?post=58797"},{"taxonomy":"post_tag","embeddable":true,"href":"https:\/\/vosgesinfo.fr\/saintdieinfo\/wp-json\/wp\/v2\/tags?post=58797"}],"curies":[{"name":"wp","href":"https:\/\/api.w.org\/{rel}","templated":true}]}}