{"id":58837,"date":"2022-10-21T12:29:59","date_gmt":"2022-10-21T10:29:59","guid":{"rendered":"https:\/\/vosgesinfo.fr\/saintdieinfo\/2022\/10\/vosges-prefet-autorise-prelevements-deau-benefice-de-societe-nestle\/"},"modified":"2022-10-21T12:29:59","modified_gmt":"2022-10-21T10:29:59","slug":"vosges-prefet-autorise-prelevements-deau-benefice-de-societe-nestle","status":"publish","type":"post","link":"https:\/\/vosgesinfo.fr\/saintdieinfo\/2022\/10\/vosges-prefet-autorise-prelevements-deau-benefice-de-societe-nestle\/","title":{"rendered":"Vosges \u2013 Le pr\u00e9fet autorise des pr\u00e9l\u00e8vements d\u2019eau au b\u00e9n\u00e9fice de la soci\u00e9t\u00e9 Nestl\u00e9"},"content":{"rendered":"<div id=\"attachment_158529\" style=\"width: 810px\" class=\"wp-caption aligncenter\"><a href=\"\/2020\/05\/eau.jpg\" target=\"_blank\" rel=\"noopener\"><img decoding=\"async\" aria-describedby=\"caption-attachment-158529\" class=\"wp-image-158529 size-full\" src=\"\/2020\/05\/eau.jpg\" alt=\"eau\" width=\"800\" height=\"533\" \/><\/a><p id=\"caption-attachment-158529\" class=\"wp-caption-text\">(Illustration)<\/p><\/div>\n<h2><strong><span style=\"font-size: 14pt;\"><span dir=\"ltr\">Le Pr\u00e9fet des Vosges a<\/span> <span dir=\"ltr\">autoris\u00e9, \u00e0 volume constant, la rationalisation de<\/span><span dir=\"ltr\"> l\u2019exploitation des eaux souterraines dans les bassins de Contrex\u00e9ville, Vittel <\/span><span dir=\"ltr\">et de l\u2019Anger.<\/span><\/span><\/strong><\/h2>\n<p><!--more--><span dir=\"ltr\">Suite \u00e0 l\u2019enqu\u00eate publique et \u00e0 l\u2019avis favorable du comit\u00e9 d\u00e9partemental des risques<\/span><span dir=\"ltr\"> sanitaires et technologiques (CODERST), Yves S\u00e9guy, pr\u00e9fet des Vosges, a sign\u00e9 deux <\/span><span dir=\"ltr\">arr\u00eat\u00e9s d\u2019autorisation environnementale de pr\u00e9l\u00e8vements d\u2019eau au b\u00e9n\u00e9fice de la soci\u00e9t\u00e9 <\/span><span dir=\"ltr\">Nestl\u00e9. <\/span><span dir=\"ltr\">Ces arr\u00eat\u00e9s concernent l\u2019exploitation des g\u00eetes A et B dans les bassins de Contrex\u00e9ville, <\/span><span dir=\"ltr\">Vittel et de l\u2019Anger.<\/span><\/p>\n<p><span dir=\"ltr\">L\u2019objectif<\/span> <span dir=\"ltr\">de<\/span> <span dir=\"ltr\">ces<\/span> <span dir=\"ltr\">arr\u00eat\u00e9s,<\/span> <span dir=\"ltr\">qui<\/span> <span dir=\"ltr\">compl\u00e8tent<\/span> <span dir=\"ltr\">l\u2019arr\u00eat\u00e9<\/span> <span dir=\"ltr\">d\u00e9j\u00e0<\/span> <span dir=\"ltr\">sign\u00e9<\/span> <span dir=\"ltr\">pour<\/span> <span dir=\"ltr\">le<\/span> <span dir=\"ltr\">g\u00eete<\/span> <span dir=\"ltr\">C,<\/span> <span dir=\"ltr\">est<\/span> <span dir=\"ltr\">de<\/span><span dir=\"ltr\"> rationaliser les actes d\u2019autorisation, afin de faciliter le suivi et les contr\u00f4les, \u00e0 volume <\/span><span dir=\"ltr\">constant au regard des autorisations ant\u00e9rieures. <\/span><span dir=\"ltr\">Ainsi, l\u2019exploitant dispose d\u00e9sormais d\u2019un arr\u00eat\u00e9 par g\u00eete et, pour chaque g\u00eete, de la<\/span><span dir=\"ltr\"> d\u00e9finition d\u2019un volume maximum par ouvrage.<\/span><\/p>\n<p><span dir=\"ltr\">Par ailleurs, afin de garantir une gestion \u00e9quilibr\u00e9e de la ressource en eau, de garantir la<\/span><span dir=\"ltr\"> pr\u00e9servation de l\u2019environnement et de prendre en compte les effets, actuels et futurs, du<\/span><span dir=\"ltr\"> changement climatique, les autorisations pr\u00e9voient un certain nombre de dispositions. <\/span><span dir=\"ltr\">Ainsi,<\/span> <span dir=\"ltr\">les<\/span> <span dir=\"ltr\">volumes<\/span> <span dir=\"ltr\">annuels<\/span> <span dir=\"ltr\">autoris\u00e9s<\/span> <span dir=\"ltr\">sont<\/span> <span dir=\"ltr\">\u00e9galement<\/span> <span dir=\"ltr\">d\u00e9finis<\/span> <span dir=\"ltr\">mensuellement<\/span> <span dir=\"ltr\">et<\/span> <span dir=\"ltr\">deux<\/span><span dir=\"ltr\"> p\u00e9riodes ont \u00e9t\u00e9 identifi\u00e9es, afin de tenir compte de l\u2019\u00e9tiage (p\u00e9riode de basses eaux).<\/span><\/p>\n<p><span dir=\"ltr\">La<\/span> <span dir=\"ltr\">soci\u00e9t\u00e9<\/span> <span dir=\"ltr\">Nestl\u00e9<\/span> <span dir=\"ltr\">mettra<\/span> <span dir=\"ltr\">en<\/span> <span dir=\"ltr\">place<\/span> <span dir=\"ltr\">un<\/span> <span dir=\"ltr\">r\u00e9seau<\/span> <span dir=\"ltr\">pi\u00e9zom\u00e9trique<\/span> <span dir=\"ltr\">de<\/span> <span dir=\"ltr\">suivi<\/span> <span dir=\"ltr\">des<\/span> <span dir=\"ltr\">nappes<\/span><span dir=\"ltr\"> souterraines, des sources art\u00e9siennes et des cours d\u2019eau. Elle communiquera les donn\u00e9es <\/span><span dir=\"ltr\">collect\u00e9es.<\/span><br \/>\n<span dir=\"ltr\"> La soci\u00e9t\u00e9 devra \u00e9galement proposer aux services de l\u2019\u00c9tat un protocole de r\u00e9alisation<\/span><span dir=\"ltr\"> d\u2019un inventaire complet des zones humides et des haies du p\u00e9rim\u00e8tre des communes <\/span><span dir=\"ltr\">concern\u00e9es par les ouvrages de pr\u00e9l\u00e8vements d\u2019eau.<\/span><\/p>\n<p><span dir=\"ltr\">Enfin,<\/span> <span dir=\"ltr\">les<\/span> <span dir=\"ltr\">arr\u00eat\u00e9s<\/span> <span dir=\"ltr\">pr\u00e9voient<\/span> <span dir=\"ltr\">un<\/span> <span dir=\"ltr\">r\u00e9examen<\/span> <span dir=\"ltr\">complet<\/span> <span dir=\"ltr\">du<\/span> <span dir=\"ltr\">dossier<\/span> <span dir=\"ltr\">et<\/span> <span dir=\"ltr\">notamment<\/span> <span dir=\"ltr\">de<\/span><span dir=\"ltr\"> l\u2019\u00e9valuation des impacts, sur la base des donn\u00e9es collect\u00e9es, au plus tard le 31 d\u00e9cembre <\/span><span dir=\"ltr\">2032.<\/span><span dir=\"ltr\"> Autant de mesures qui r\u00e9pondent aux r\u00e9serves \u00e9mises par le commissaire-enqu\u00eateur et<\/span><span dir=\"ltr\"> aux<\/span> <span dir=\"ltr\">pr\u00e9occupations<\/span> <span dir=\"ltr\">des<\/span> <span dir=\"ltr\">associations<\/span> <span dir=\"ltr\">environnementales<\/span> <span dir=\"ltr\">et<\/span> <span dir=\"ltr\">qui<\/span> <span dir=\"ltr\">visent<\/span> <span dir=\"ltr\">\u00e0<\/span> <span dir=\"ltr\">concilier<\/span> <span dir=\"ltr\">le <\/span><span dir=\"ltr\">maintien du dynamisme \u00e9conomique dans la plaine vosgienne<\/span> <span dir=\"ltr\">avec<\/span> <span dir=\"ltr\">la pr\u00e9servation de la<\/span><span dir=\"ltr\"> ressource en eau et des milieux naturels.<\/span><\/p>\n<h3><strong><span style=\"font-size: 12pt;\"><span dir=\"ltr\">Les deux arr\u00eat\u00e9s sont consultables sur le site internet de la pr\u00e9fecture des Vosges<\/span> <span dir=\"ltr\">:<\/span><\/span><\/strong><\/h3>\n<ul>\n<li><span dir=\"ltr\">Autorisation pr\u00e9l\u00e8vement Nestl\u00e9 g\u00eete A<\/span> <span dir=\"ltr\">\u25b6<\/span> <a href=\"https:\/\/www.vosges.gouv.fr\/content\/download\/25573\/177891\/file\/AP-289_2022%20sign%C3%A9.pdf\" target=\"_blank\" rel=\"noopener\"><span dir=\"ltr\">https:\/\/www.vosges.gouv.fr\/content\/download\/<\/span><span dir=\"ltr\">25573\/177891\/file\/AP-289_2022%20sign%C3%A9.pdf<\/span><\/a><\/li>\n<li><span dir=\"ltr\">Autorisation pr\u00e9l\u00e8vement Nestl\u00e9 g\u00eete B<\/span> <span dir=\"ltr\">\u25b6<\/span> <a href=\"https:\/\/www.vosges.gouv.fr\/content\/download\/25574\/177895\/file\/AP_290_2022%20sign%C3%A9.pdf\" target=\"_blank\" rel=\"noopener\"><span dir=\"ltr\">https:\/\/www.vosges.gouv.fr\/content\/download\/<\/span><span dir=\"ltr\">25574\/177895\/file\/AP_290_2022%20sign%C3%A9.pdf<\/span><\/a><\/li>\n<\/ul>\n","protected":false},"excerpt":{"rendered":"<p>Le Pr\u00e9fet des Vosges a autoris\u00e9, \u00e0 volume constant, la rationalisation de l\u2019exploitation des eaux souterraines dans les bassins de [&hellip;]<\/p>\n","protected":false},"author":44,"featured_media":25692,"comment_status":"open","ping_status":"open","sticky":false,"template":"","format":"standard","meta":{"footnotes":""},"categories":[460,18],"tags":[3268,12884,711,6044,12885,116],"class_list":["post-58837","post","type-post","status-publish","format-standard","has-post-thumbnail","hentry","category-a-la-une","category-vosges","tag-contrexeville","tag-langer","tag-nestle","tag-prefet-des-vosges","tag-prelevements-deau","tag-vittel"],"acf":[],"yoast_head":"<!-- This site is optimized with the Yoast SEO plugin v22.5 - https:\/\/yoast.com\/wordpress\/plugins\/seo\/ -->\n<title>Vosges \u2013 Le pr\u00e9fet autorise des pr\u00e9l\u00e8vements d\u2019eau au b\u00e9n\u00e9fice de la soci\u00e9t\u00e9 Nestl\u00e9 - Saint Die Info<\/title>\n<meta name=\"robots\" content=\"index, follow, max-snippet:-1, max-image-preview:large, max-video-preview:-1\" \/>\n<link rel=\"canonical\" href=\"https:\/\/vosgesinfo.fr\/saintdieinfo\/2022\/10\/vosges-prefet-autorise-prelevements-deau-benefice-de-societe-nestle\/\" \/>\n<meta name=\"twitter:card\" content=\"summary_large_image\" \/>\n<meta name=\"twitter:title\" content=\"Vosges \u2013 Le pr\u00e9fet autorise des pr\u00e9l\u00e8vements d\u2019eau au b\u00e9n\u00e9fice de la soci\u00e9t\u00e9 Nestl\u00e9 - Saint Die Info\" \/>\n<meta name=\"twitter:description\" content=\"Le Pr\u00e9fet des Vosges a autoris\u00e9, \u00e0 volume constant, la rationalisation de l\u2019exploitation des eaux souterraines dans les bassins de [&hellip;]\" \/>\n<meta name=\"twitter:image\" content=\"https:\/\/vosgesinfo.fr\/app\/uploads\/sites\/4\/2023\/07\/eau.jpg\" \/>\n<meta name=\"twitter:creator\" content=\"@VosgesInfo88\" \/>\n<meta name=\"twitter:site\" content=\"@VosgesInfo88\" \/>\n<meta name=\"twitter:label1\" content=\"\u00c9crit par\" \/>\n\t<meta name=\"twitter:data1\" content=\"la r\u00e9daction\" \/>\n\t<meta name=\"twitter:label2\" content=\"Dur\u00e9e de lecture estim\u00e9e\" \/>\n\t<meta name=\"twitter:data2\" content=\"2 minutes\" \/>\n<script type=\"application\/ld+json\" class=\"yoast-schema-graph\">{\"@context\":\"https:\/\/schema.org\",\"@graph\":[{\"@type\":\"Article\",\"@id\":\"https:\/\/vosgesinfo.fr\/saintdieinfo\/2022\/10\/vosges-prefet-autorise-prelevements-deau-benefice-de-societe-nestle\/#article\",\"isPartOf\":{\"@id\":\"https:\/\/vosgesinfo.fr\/saintdieinfo\/2022\/10\/vosges-prefet-autorise-prelevements-deau-benefice-de-societe-nestle\/\"},\"author\":{\"name\":\"la r\u00e9daction\",\"@id\":\"https:\/\/vosgesinfo.fr\/saintdieinfo\/#\/schema\/person\/faee6704a21f3977511db84bd1cd450f\"},\"headline\":\"Vosges \u2013 Le pr\u00e9fet autorise des pr\u00e9l\u00e8vements d\u2019eau au b\u00e9n\u00e9fice de la soci\u00e9t\u00e9 Nestl\u00e9\",\"datePublished\":\"2022-10-21T10:29:59+00:00\",\"dateModified\":\"2022-10-21T10:29:59+00:00\",\"mainEntityOfPage\":{\"@id\":\"https:\/\/vosgesinfo.fr\/saintdieinfo\/2022\/10\/vosges-prefet-autorise-prelevements-deau-benefice-de-societe-nestle\/\"},\"wordCount\":495,\"commentCount\":0,\"publisher\":{\"@id\":\"https:\/\/vosgesinfo.fr\/saintdieinfo\/#organization\"},\"image\":{\"@id\":\"https:\/\/vosgesinfo.fr\/saintdieinfo\/2022\/10\/vosges-prefet-autorise-prelevements-deau-benefice-de-societe-nestle\/#primaryimage\"},\"thumbnailUrl\":\"https:\/\/vosgesinfo.fr\/app\/uploads\/sites\/4\/2023\/07\/eau.jpg\",\"keywords\":[\"Contr\u00e9xeville\",\"L'Anger\",\"Nestl\u00e9\",\"Pr\u00e9fet des Vosges\",\"Pr\u00e9l\u00e8vements d'eau\",\"Vittel\"],\"articleSection\":[\"A la Une\",\"Vosges\"],\"inLanguage\":\"fr-FR\",\"potentialAction\":[{\"@type\":\"CommentAction\",\"name\":\"Comment\",\"target\":[\"https:\/\/vosgesinfo.fr\/saintdieinfo\/2022\/10\/vosges-prefet-autorise-prelevements-deau-benefice-de-societe-nestle\/#respond\"]}]},{\"@type\":\"WebPage\",\"@id\":\"https:\/\/vosgesinfo.fr\/saintdieinfo\/2022\/10\/vosges-prefet-autorise-prelevements-deau-benefice-de-societe-nestle\/\",\"url\":\"https:\/\/vosgesinfo.fr\/saintdieinfo\/2022\/10\/vosges-prefet-autorise-prelevements-deau-benefice-de-societe-nestle\/\",\"name\":\"Vosges \u2013 Le pr\u00e9fet autorise des pr\u00e9l\u00e8vements d\u2019eau au b\u00e9n\u00e9fice de la soci\u00e9t\u00e9 Nestl\u00e9 - Saint Die Info\",\"isPartOf\":{\"@id\":\"https:\/\/vosgesinfo.fr\/saintdieinfo\/#website\"},\"primaryImageOfPage\":{\"@id\":\"https:\/\/vosgesinfo.fr\/saintdieinfo\/2022\/10\/vosges-prefet-autorise-prelevements-deau-benefice-de-societe-nestle\/#primaryimage\"},\"image\":{\"@id\":\"https:\/\/vosgesinfo.fr\/saintdieinfo\/2022\/10\/vosges-prefet-autorise-prelevements-deau-benefice-de-societe-nestle\/#primaryimage\"},\"thumbnailUrl\":\"https:\/\/vosgesinfo.fr\/app\/uploads\/sites\/4\/2023\/07\/eau.jpg\",\"datePublished\":\"2022-10-21T10:29:59+00:00\",\"dateModified\":\"2022-10-21T10:29:59+00:00\",\"breadcrumb\":{\"@id\":\"https:\/\/vosgesinfo.fr\/saintdieinfo\/2022\/10\/vosges-prefet-autorise-prelevements-deau-benefice-de-societe-nestle\/#breadcrumb\"},\"inLanguage\":\"fr-FR\",\"potentialAction\":[{\"@type\":\"ReadAction\",\"target\":[\"https:\/\/vosgesinfo.fr\/saintdieinfo\/2022\/10\/vosges-prefet-autorise-prelevements-deau-benefice-de-societe-nestle\/\"]}]},{\"@type\":\"ImageObject\",\"inLanguage\":\"fr-FR\",\"@id\":\"https:\/\/vosgesinfo.fr\/saintdieinfo\/2022\/10\/vosges-prefet-autorise-prelevements-deau-benefice-de-societe-nestle\/#primaryimage\",\"url\":\"https:\/\/vosgesinfo.fr\/app\/uploads\/sites\/4\/2023\/07\/eau.jpg\",\"contentUrl\":\"https:\/\/vosgesinfo.fr\/app\/uploads\/sites\/4\/2023\/07\/eau.jpg\",\"width\":800,\"height\":427},{\"@type\":\"BreadcrumbList\",\"@id\":\"https:\/\/vosgesinfo.fr\/saintdieinfo\/2022\/10\/vosges-prefet-autorise-prelevements-deau-benefice-de-societe-nestle\/#breadcrumb\",\"itemListElement\":[{\"@type\":\"ListItem\",\"position\":1,\"name\":\"Home\",\"item\":\"https:\/\/vosgesinfo.fr\/saintdieinfo\/\"},{\"@type\":\"ListItem\",\"position\":2,\"name\":\"Vosges \u2013 Le pr\u00e9fet autorise des pr\u00e9l\u00e8vements d\u2019eau au b\u00e9n\u00e9fice de la soci\u00e9t\u00e9 Nestl\u00e9\"}]},{\"@type\":\"WebSite\",\"@id\":\"https:\/\/vosgesinfo.fr\/saintdieinfo\/#website\",\"url\":\"https:\/\/vosgesinfo.fr\/saintdieinfo\/\",\"name\":\"Saint Die Info\",\"description\":\"Toute l&#039;actualit\u00e9 de Saint-Di\u00e9-Des-Vosges\",\"publisher\":{\"@id\":\"https:\/\/vosgesinfo.fr\/saintdieinfo\/#organization\"},\"alternateName\":\"Toute l'actualit\u00e9 de Saint-Di\u00e9-Des-Vosges\",\"potentialAction\":[{\"@type\":\"SearchAction\",\"target\":{\"@type\":\"EntryPoint\",\"urlTemplate\":\"https:\/\/vosgesinfo.fr\/saintdieinfo\/?s={search_term_string}\"},\"query-input\":\"required name=search_term_string\"}],\"inLanguage\":\"fr-FR\"},{\"@type\":\"Organization\",\"@id\":\"https:\/\/vosgesinfo.fr\/saintdieinfo\/#organization\",\"name\":\"Saint Die Info\",\"url\":\"https:\/\/vosgesinfo.fr\/saintdieinfo\/\",\"logo\":{\"@type\":\"ImageObject\",\"inLanguage\":\"fr-FR\",\"@id\":\"https:\/\/vosgesinfo.fr\/saintdieinfo\/#\/schema\/logo\/image\/\",\"url\":\"https:\/\/vosgesinfo.fr\/app\/uploads\/sites\/4\/2024\/02\/logo-sdi.jpg\",\"contentUrl\":\"https:\/\/vosgesinfo.fr\/app\/uploads\/sites\/4\/2024\/02\/logo-sdi.jpg\",\"width\":600,\"height\":600,\"caption\":\"Saint Die Info\"},\"image\":{\"@id\":\"https:\/\/vosgesinfo.fr\/saintdieinfo\/#\/schema\/logo\/image\/\"},\"sameAs\":[\"https:\/\/www.facebook.com\/Saintdieinfofr\",\"https:\/\/x.com\/VosgesInfo88\",\"https:\/\/www.youtube.com\/@vosgesinfo\"]},{\"@type\":\"Person\",\"@id\":\"https:\/\/vosgesinfo.fr\/saintdieinfo\/#\/schema\/person\/faee6704a21f3977511db84bd1cd450f\",\"name\":\"la r\u00e9daction\",\"image\":{\"@type\":\"ImageObject\",\"inLanguage\":\"fr-FR\",\"@id\":\"https:\/\/vosgesinfo.fr\/saintdieinfo\/#\/schema\/person\/image\/\",\"url\":\"https:\/\/secure.gravatar.com\/avatar\/6673d8bc6a9c17fa9a453eaa3448de834fa308c2ec9635b7aa99441a7c8d2cf6?s=96&d=mm&r=g\",\"contentUrl\":\"https:\/\/secure.gravatar.com\/avatar\/6673d8bc6a9c17fa9a453eaa3448de834fa308c2ec9635b7aa99441a7c8d2cf6?s=96&d=mm&r=g\",\"caption\":\"la r\u00e9daction\"},\"url\":\"https:\/\/vosgesinfo.fr\/saintdieinfo\/author\/redac\/\"}]}<\/script>\n<!-- \/ Yoast SEO plugin. -->","yoast_head_json":{"title":"Vosges \u2013 Le pr\u00e9fet autorise des pr\u00e9l\u00e8vements d\u2019eau au b\u00e9n\u00e9fice de la soci\u00e9t\u00e9 Nestl\u00e9 - Saint Die Info","robots":{"index":"index","follow":"follow","max-snippet":"max-snippet:-1","max-image-preview":"max-image-preview:large","max-video-preview":"max-video-preview:-1"},"canonical":"https:\/\/vosgesinfo.fr\/saintdieinfo\/2022\/10\/vosges-prefet-autorise-prelevements-deau-benefice-de-societe-nestle\/","twitter_card":"summary_large_image","twitter_title":"Vosges \u2013 Le pr\u00e9fet autorise des pr\u00e9l\u00e8vements d\u2019eau au b\u00e9n\u00e9fice de la soci\u00e9t\u00e9 Nestl\u00e9 - Saint Die Info","twitter_description":"Le Pr\u00e9fet des Vosges a autoris\u00e9, \u00e0 volume constant, la rationalisation de l\u2019exploitation des eaux souterraines dans les bassins de [&hellip;]","twitter_image":"https:\/\/vosgesinfo.fr\/app\/uploads\/sites\/4\/2023\/07\/eau.jpg","twitter_creator":"@VosgesInfo88","twitter_site":"@VosgesInfo88","twitter_misc":{"\u00c9crit par":"la r\u00e9daction","Dur\u00e9e de lecture estim\u00e9e":"2 minutes"},"schema":{"@context":"https:\/\/schema.org","@graph":[{"@type":"Article","@id":"https:\/\/vosgesinfo.fr\/saintdieinfo\/2022\/10\/vosges-prefet-autorise-prelevements-deau-benefice-de-societe-nestle\/#article","isPartOf":{"@id":"https:\/\/vosgesinfo.fr\/saintdieinfo\/2022\/10\/vosges-prefet-autorise-prelevements-deau-benefice-de-societe-nestle\/"},"author":{"name":"la r\u00e9daction","@id":"https:\/\/vosgesinfo.fr\/saintdieinfo\/#\/schema\/person\/faee6704a21f3977511db84bd1cd450f"},"headline":"Vosges \u2013 Le pr\u00e9fet autorise des pr\u00e9l\u00e8vements d\u2019eau au b\u00e9n\u00e9fice de la soci\u00e9t\u00e9 Nestl\u00e9","datePublished":"2022-10-21T10:29:59+00:00","dateModified":"2022-10-21T10:29:59+00:00","mainEntityOfPage":{"@id":"https:\/\/vosgesinfo.fr\/saintdieinfo\/2022\/10\/vosges-prefet-autorise-prelevements-deau-benefice-de-societe-nestle\/"},"wordCount":495,"commentCount":0,"publisher":{"@id":"https:\/\/vosgesinfo.fr\/saintdieinfo\/#organization"},"image":{"@id":"https:\/\/vosgesinfo.fr\/saintdieinfo\/2022\/10\/vosges-prefet-autorise-prelevements-deau-benefice-de-societe-nestle\/#primaryimage"},"thumbnailUrl":"https:\/\/vosgesinfo.fr\/app\/uploads\/sites\/4\/2023\/07\/eau.jpg","keywords":["Contr\u00e9xeville","L'Anger","Nestl\u00e9","Pr\u00e9fet des Vosges","Pr\u00e9l\u00e8vements d'eau","Vittel"],"articleSection":["A la Une","Vosges"],"inLanguage":"fr-FR","potentialAction":[{"@type":"CommentAction","name":"Comment","target":["https:\/\/vosgesinfo.fr\/saintdieinfo\/2022\/10\/vosges-prefet-autorise-prelevements-deau-benefice-de-societe-nestle\/#respond"]}]},{"@type":"WebPage","@id":"https:\/\/vosgesinfo.fr\/saintdieinfo\/2022\/10\/vosges-prefet-autorise-prelevements-deau-benefice-de-societe-nestle\/","url":"https:\/\/vosgesinfo.fr\/saintdieinfo\/2022\/10\/vosges-prefet-autorise-prelevements-deau-benefice-de-societe-nestle\/","name":"Vosges \u2013 Le pr\u00e9fet autorise des pr\u00e9l\u00e8vements d\u2019eau au b\u00e9n\u00e9fice de la soci\u00e9t\u00e9 Nestl\u00e9 - Saint Die Info","isPartOf":{"@id":"https:\/\/vosgesinfo.fr\/saintdieinfo\/#website"},"primaryImageOfPage":{"@id":"https:\/\/vosgesinfo.fr\/saintdieinfo\/2022\/10\/vosges-prefet-autorise-prelevements-deau-benefice-de-societe-nestle\/#primaryimage"},"image":{"@id":"https:\/\/vosgesinfo.fr\/saintdieinfo\/2022\/10\/vosges-prefet-autorise-prelevements-deau-benefice-de-societe-nestle\/#primaryimage"},"thumbnailUrl":"https:\/\/vosgesinfo.fr\/app\/uploads\/sites\/4\/2023\/07\/eau.jpg","datePublished":"2022-10-21T10:29:59+00:00","dateModified":"2022-10-21T10:29:59+00:00","breadcrumb":{"@id":"https:\/\/vosgesinfo.fr\/saintdieinfo\/2022\/10\/vosges-prefet-autorise-prelevements-deau-benefice-de-societe-nestle\/#breadcrumb"},"inLanguage":"fr-FR","potentialAction":[{"@type":"ReadAction","target":["https:\/\/vosgesinfo.fr\/saintdieinfo\/2022\/10\/vosges-prefet-autorise-prelevements-deau-benefice-de-societe-nestle\/"]}]},{"@type":"ImageObject","inLanguage":"fr-FR","@id":"https:\/\/vosgesinfo.fr\/saintdieinfo\/2022\/10\/vosges-prefet-autorise-prelevements-deau-benefice-de-societe-nestle\/#primaryimage","url":"https:\/\/vosgesinfo.fr\/app\/uploads\/sites\/4\/2023\/07\/eau.jpg","contentUrl":"https:\/\/vosgesinfo.fr\/app\/uploads\/sites\/4\/2023\/07\/eau.jpg","width":800,"height":427},{"@type":"BreadcrumbList","@id":"https:\/\/vosgesinfo.fr\/saintdieinfo\/2022\/10\/vosges-prefet-autorise-prelevements-deau-benefice-de-societe-nestle\/#breadcrumb","itemListElement":[{"@type":"ListItem","position":1,"name":"Home","item":"https:\/\/vosgesinfo.fr\/saintdieinfo\/"},{"@type":"ListItem","position":2,"name":"Vosges \u2013 Le pr\u00e9fet autorise des pr\u00e9l\u00e8vements d\u2019eau au b\u00e9n\u00e9fice de la soci\u00e9t\u00e9 Nestl\u00e9"}]},{"@type":"WebSite","@id":"https:\/\/vosgesinfo.fr\/saintdieinfo\/#website","url":"https:\/\/vosgesinfo.fr\/saintdieinfo\/","name":"Saint Die Info","description":"Toute l&#039;actualit\u00e9 de Saint-Di\u00e9-Des-Vosges","publisher":{"@id":"https:\/\/vosgesinfo.fr\/saintdieinfo\/#organization"},"alternateName":"Toute l'actualit\u00e9 de Saint-Di\u00e9-Des-Vosges","potentialAction":[{"@type":"SearchAction","target":{"@type":"EntryPoint","urlTemplate":"https:\/\/vosgesinfo.fr\/saintdieinfo\/?s={search_term_string}"},"query-input":"required name=search_term_string"}],"inLanguage":"fr-FR"},{"@type":"Organization","@id":"https:\/\/vosgesinfo.fr\/saintdieinfo\/#organization","name":"Saint Die Info","url":"https:\/\/vosgesinfo.fr\/saintdieinfo\/","logo":{"@type":"ImageObject","inLanguage":"fr-FR","@id":"https:\/\/vosgesinfo.fr\/saintdieinfo\/#\/schema\/logo\/image\/","url":"https:\/\/vosgesinfo.fr\/app\/uploads\/sites\/4\/2024\/02\/logo-sdi.jpg","contentUrl":"https:\/\/vosgesinfo.fr\/app\/uploads\/sites\/4\/2024\/02\/logo-sdi.jpg","width":600,"height":600,"caption":"Saint Die Info"},"image":{"@id":"https:\/\/vosgesinfo.fr\/saintdieinfo\/#\/schema\/logo\/image\/"},"sameAs":["https:\/\/www.facebook.com\/Saintdieinfofr","https:\/\/x.com\/VosgesInfo88","https:\/\/www.youtube.com\/@vosgesinfo"]},{"@type":"Person","@id":"https:\/\/vosgesinfo.fr\/saintdieinfo\/#\/schema\/person\/faee6704a21f3977511db84bd1cd450f","name":"la r\u00e9daction","image":{"@type":"ImageObject","inLanguage":"fr-FR","@id":"https:\/\/vosgesinfo.fr\/saintdieinfo\/#\/schema\/person\/image\/","url":"https:\/\/secure.gravatar.com\/avatar\/6673d8bc6a9c17fa9a453eaa3448de834fa308c2ec9635b7aa99441a7c8d2cf6?s=96&d=mm&r=g","contentUrl":"https:\/\/secure.gravatar.com\/avatar\/6673d8bc6a9c17fa9a453eaa3448de834fa308c2ec9635b7aa99441a7c8d2cf6?s=96&d=mm&r=g","caption":"la r\u00e9daction"},"url":"https:\/\/vosgesinfo.fr\/saintdieinfo\/author\/redac\/"}]}},"_links":{"self":[{"href":"https:\/\/vosgesinfo.fr\/saintdieinfo\/wp-json\/wp\/v2\/posts\/58837","targetHints":{"allow":["GET"]}}],"collection":[{"href":"https:\/\/vosgesinfo.fr\/saintdieinfo\/wp-json\/wp\/v2\/posts"}],"about":[{"href":"https:\/\/vosgesinfo.fr\/saintdieinfo\/wp-json\/wp\/v2\/types\/post"}],"author":[{"embeddable":true,"href":"https:\/\/vosgesinfo.fr\/saintdieinfo\/wp-json\/wp\/v2\/users\/44"}],"replies":[{"embeddable":true,"href":"https:\/\/vosgesinfo.fr\/saintdieinfo\/wp-json\/wp\/v2\/comments?post=58837"}],"version-history":[{"count":0,"href":"https:\/\/vosgesinfo.fr\/saintdieinfo\/wp-json\/wp\/v2\/posts\/58837\/revisions"}],"wp:featuredmedia":[{"embeddable":true,"href":"https:\/\/vosgesinfo.fr\/saintdieinfo\/wp-json\/wp\/v2\/media\/25692"}],"wp:attachment":[{"href":"https:\/\/vosgesinfo.fr\/saintdieinfo\/wp-json\/wp\/v2\/media?parent=58837"}],"wp:term":[{"taxonomy":"category","embeddable":true,"href":"https:\/\/vosgesinfo.fr\/saintdieinfo\/wp-json\/wp\/v2\/categories?post=58837"},{"taxonomy":"post_tag","embeddable":true,"href":"https:\/\/vosgesinfo.fr\/saintdieinfo\/wp-json\/wp\/v2\/tags?post=58837"}],"curies":[{"name":"wp","href":"https:\/\/api.w.org\/{rel}","templated":true}]}}