{"id":58919,"date":"2022-10-24T14:24:45","date_gmt":"2022-10-24T12:24:45","guid":{"rendered":"https:\/\/vosgesinfo.fr\/saintdieinfo\/2022\/10\/raon-letape-kogaone-signe-troisieme-fresque-parcours-ondes-urbaines\/"},"modified":"2022-10-24T14:24:45","modified_gmt":"2022-10-24T12:24:45","slug":"raon-letape-kogaone-signe-troisieme-fresque-parcours-ondes-urbaines","status":"publish","type":"post","link":"https:\/\/vosgesinfo.fr\/saintdieinfo\/2022\/10\/raon-letape-kogaone-signe-troisieme-fresque-parcours-ondes-urbaines\/","title":{"rendered":"Raon-l&rsquo;Etape \u2013 Kogaone signe la troisi\u00e8me fresque du parcours \u00ab\u00a0Ondes Urbaines\u00a0\u00bb"},"content":{"rendered":"<div id=\"attachment_191661\" style=\"width: 900px\" class=\"wp-caption aligncenter\"><a href=\"\/2022\/10\/Raon-lEtape-Fresque_Kogaone-11.jpg\" target=\"_blank\" rel=\"noopener\"><img decoding=\"async\" aria-describedby=\"caption-attachment-191661\" class=\"wp-image-191661 size-large\" src=\"\/2022\/10\/Raon-lEtape-Fresque_Kogaone-11-890x1024.jpg\" alt=\"Raon-l'Etape-Fresque_Kogaone (11)\" width=\"890\" height=\"1024\" \/><\/a><p id=\"caption-attachment-191661\" class=\"wp-caption-text\">La repr\u00e9sentation d&rsquo;un visage d\u00e9structur\u00e9 est typique de l&rsquo;oeuvre de Kogaone. (Photographies Ville de Raon-l&rsquo;Etape)<\/p><\/div>\n<h2><strong><span style=\"font-size: 14pt;\">Le parcours \u00ab\u00a0Ondes Urbaines\u00a0\u00bb de Raon-l&rsquo;Etape s&rsquo;\u00e9toffe d&rsquo;une nouvelle fresque, la 3e en date apr\u00e8s celles de Primal (<a href=\"https:\/\/saintdieinfo.fr\/2021\/07\/raon-letape-premiere-etape-parcours-ondes-urbaines-inauguree\/\" target=\"_blank\" rel=\"noopener\">lire notre article<\/a>) et Luca Ledda. (<a href=\"https:\/\/saintdieinfo.fr\/2021\/10\/raon-letape-parcours-dart-urbain-setoffe-dune-nouvelle-fresque\/\" target=\"_blank\" rel=\"noopener\">lire notre article<\/a>).<\/span><\/strong><\/h2>\n<p><!--more--><\/p>\n<p>C&rsquo;est l&rsquo;artiste-urbain Matthieu Koga, alias Kogaone, qui a donn\u00e9 vie tout au long de la semaine derni\u00e8re \u00e0 une imposante fresque d&rsquo;environ 12m de haut pour 8m de large, situ\u00e9e rue Jules-Ferry du c\u00f4t\u00e9 du magasin Noz. Originaire de Metz, Kogaone fait partie du collectif d&rsquo;artistes Moulin Crew. L&rsquo;une de ses \u0153uvres est notamment visible boulevard Lobau \u00e0 Nancy. Pour rappel, le parcours raonnais de fresques urbaines est n\u00e9 en 2021, fruit d&rsquo;un partenariat entre la Galerie 36e Art et la Ville de Raon-l&rsquo;Etape.<\/p>\n<p>J.J.<\/p>\n\n","protected":false},"excerpt":{"rendered":"<p>Le parcours \u00ab\u00a0Ondes Urbaines\u00a0\u00bb de Raon-l&rsquo;Etape s&rsquo;\u00e9toffe d&rsquo;une nouvelle fresque, la 3e en date apr\u00e8s celles de Primal (lire notre [&hellip;]<\/p>\n","protected":false},"author":44,"featured_media":58920,"comment_status":"open","ping_status":"open","sticky":false,"template":"","format":"standard","meta":{"footnotes":""},"categories":[460,7847,2915],"tags":[6613,5952,12911,8324,2654,3327],"class_list":["post-58919","post","type-post","status-publish","format-standard","has-post-thumbnail","hentry","category-a-la-une","category-art-culture","category-saint-die-son-canton","tag-art-urbain","tag-galerie-36e-art","tag-kogaone","tag-ondes-urbaines","tag-raon-letape","tag-ville-de-raon-letape"],"acf":[],"yoast_head":"<!-- This site is optimized with the Yoast SEO plugin v22.5 - https:\/\/yoast.com\/wordpress\/plugins\/seo\/ -->\n<title>Raon-l&#039;Etape \u2013 Kogaone signe la troisi\u00e8me fresque du parcours \u00ab\u00a0Ondes Urbaines\u00a0\u00bb - Saint Die Info<\/title>\n<meta name=\"robots\" content=\"index, follow, max-snippet:-1, max-image-preview:large, max-video-preview:-1\" \/>\n<link rel=\"canonical\" href=\"https:\/\/vosgesinfo.fr\/saintdieinfo\/2022\/10\/raon-letape-kogaone-signe-troisieme-fresque-parcours-ondes-urbaines\/\" \/>\n<meta name=\"twitter:card\" content=\"summary_large_image\" \/>\n<meta name=\"twitter:title\" content=\"Raon-l&#039;Etape \u2013 Kogaone signe la troisi\u00e8me fresque du parcours \u00ab\u00a0Ondes Urbaines\u00a0\u00bb - Saint Die Info\" \/>\n<meta name=\"twitter:description\" content=\"Le parcours \u00ab\u00a0Ondes Urbaines\u00a0\u00bb de Raon-l&rsquo;Etape s&rsquo;\u00e9toffe d&rsquo;une nouvelle fresque, la 3e en date apr\u00e8s celles de Primal (lire notre [&hellip;]\" \/>\n<meta name=\"twitter:image\" content=\"https:\/\/vosgesinfo.fr\/app\/uploads\/sites\/4\/2024\/08\/202210raon-letape-fresque-kogaone-11.jpg\" \/>\n<meta name=\"twitter:creator\" content=\"@VosgesInfo88\" \/>\n<meta name=\"twitter:site\" content=\"@VosgesInfo88\" \/>\n<meta name=\"twitter:label1\" content=\"\u00c9crit par\" \/>\n\t<meta name=\"twitter:data1\" content=\"la r\u00e9daction\" \/>\n\t<meta name=\"twitter:label2\" content=\"Dur\u00e9e de lecture estim\u00e9e\" \/>\n\t<meta name=\"twitter:data2\" content=\"1 minute\" \/>\n<script type=\"application\/ld+json\" class=\"yoast-schema-graph\">{\"@context\":\"https:\/\/schema.org\",\"@graph\":[{\"@type\":\"Article\",\"@id\":\"https:\/\/vosgesinfo.fr\/saintdieinfo\/2022\/10\/raon-letape-kogaone-signe-troisieme-fresque-parcours-ondes-urbaines\/#article\",\"isPartOf\":{\"@id\":\"https:\/\/vosgesinfo.fr\/saintdieinfo\/2022\/10\/raon-letape-kogaone-signe-troisieme-fresque-parcours-ondes-urbaines\/\"},\"author\":{\"name\":\"la r\u00e9daction\",\"@id\":\"https:\/\/vosgesinfo.fr\/saintdieinfo\/#\/schema\/person\/faee6704a21f3977511db84bd1cd450f\"},\"headline\":\"Raon-l&rsquo;Etape \u2013 Kogaone signe la troisi\u00e8me fresque du parcours \u00ab\u00a0Ondes Urbaines\u00a0\u00bb\",\"datePublished\":\"2022-10-24T12:24:45+00:00\",\"dateModified\":\"2022-10-24T12:24:45+00:00\",\"mainEntityOfPage\":{\"@id\":\"https:\/\/vosgesinfo.fr\/saintdieinfo\/2022\/10\/raon-letape-kogaone-signe-troisieme-fresque-parcours-ondes-urbaines\/\"},\"wordCount\":169,\"commentCount\":0,\"publisher\":{\"@id\":\"https:\/\/vosgesinfo.fr\/saintdieinfo\/#organization\"},\"image\":{\"@id\":\"https:\/\/vosgesinfo.fr\/saintdieinfo\/2022\/10\/raon-letape-kogaone-signe-troisieme-fresque-parcours-ondes-urbaines\/#primaryimage\"},\"thumbnailUrl\":\"https:\/\/vosgesinfo.fr\/app\/uploads\/sites\/4\/2024\/08\/202210raon-letape-fresque-kogaone-11.jpg\",\"keywords\":[\"Art urbain\",\"Galerie 36e Art\",\"Kogaone\",\"Ondes Urbaines\",\"Raon-l\u2019Etape\",\"Ville de Raon-l'Etape\"],\"articleSection\":[\"A la Une\",\"Culture\",\"Saint-Di\u00e9-des-Vosges et son Agglom\u00e9ration\"],\"inLanguage\":\"fr-FR\",\"potentialAction\":[{\"@type\":\"CommentAction\",\"name\":\"Comment\",\"target\":[\"https:\/\/vosgesinfo.fr\/saintdieinfo\/2022\/10\/raon-letape-kogaone-signe-troisieme-fresque-parcours-ondes-urbaines\/#respond\"]}]},{\"@type\":\"WebPage\",\"@id\":\"https:\/\/vosgesinfo.fr\/saintdieinfo\/2022\/10\/raon-letape-kogaone-signe-troisieme-fresque-parcours-ondes-urbaines\/\",\"url\":\"https:\/\/vosgesinfo.fr\/saintdieinfo\/2022\/10\/raon-letape-kogaone-signe-troisieme-fresque-parcours-ondes-urbaines\/\",\"name\":\"Raon-l'Etape \u2013 Kogaone signe la troisi\u00e8me fresque du parcours \u00ab\u00a0Ondes Urbaines\u00a0\u00bb - Saint Die Info\",\"isPartOf\":{\"@id\":\"https:\/\/vosgesinfo.fr\/saintdieinfo\/#website\"},\"primaryImageOfPage\":{\"@id\":\"https:\/\/vosgesinfo.fr\/saintdieinfo\/2022\/10\/raon-letape-kogaone-signe-troisieme-fresque-parcours-ondes-urbaines\/#primaryimage\"},\"image\":{\"@id\":\"https:\/\/vosgesinfo.fr\/saintdieinfo\/2022\/10\/raon-letape-kogaone-signe-troisieme-fresque-parcours-ondes-urbaines\/#primaryimage\"},\"thumbnailUrl\":\"https:\/\/vosgesinfo.fr\/app\/uploads\/sites\/4\/2024\/08\/202210raon-letape-fresque-kogaone-11.jpg\",\"datePublished\":\"2022-10-24T12:24:45+00:00\",\"dateModified\":\"2022-10-24T12:24:45+00:00\",\"breadcrumb\":{\"@id\":\"https:\/\/vosgesinfo.fr\/saintdieinfo\/2022\/10\/raon-letape-kogaone-signe-troisieme-fresque-parcours-ondes-urbaines\/#breadcrumb\"},\"inLanguage\":\"fr-FR\",\"potentialAction\":[{\"@type\":\"ReadAction\",\"target\":[\"https:\/\/vosgesinfo.fr\/saintdieinfo\/2022\/10\/raon-letape-kogaone-signe-troisieme-fresque-parcours-ondes-urbaines\/\"]}]},{\"@type\":\"ImageObject\",\"inLanguage\":\"fr-FR\",\"@id\":\"https:\/\/vosgesinfo.fr\/saintdieinfo\/2022\/10\/raon-letape-kogaone-signe-troisieme-fresque-parcours-ondes-urbaines\/#primaryimage\",\"url\":\"https:\/\/vosgesinfo.fr\/app\/uploads\/sites\/4\/2024\/08\/202210raon-letape-fresque-kogaone-11.jpg\",\"contentUrl\":\"https:\/\/vosgesinfo.fr\/app\/uploads\/sites\/4\/2024\/08\/202210raon-letape-fresque-kogaone-11.jpg\",\"width\":1780,\"height\":2048},{\"@type\":\"BreadcrumbList\",\"@id\":\"https:\/\/vosgesinfo.fr\/saintdieinfo\/2022\/10\/raon-letape-kogaone-signe-troisieme-fresque-parcours-ondes-urbaines\/#breadcrumb\",\"itemListElement\":[{\"@type\":\"ListItem\",\"position\":1,\"name\":\"Home\",\"item\":\"https:\/\/vosgesinfo.fr\/saintdieinfo\/\"},{\"@type\":\"ListItem\",\"position\":2,\"name\":\"Raon-l&rsquo;Etape \u2013 Kogaone signe la troisi\u00e8me fresque du parcours \u00ab\u00a0Ondes Urbaines\u00a0\u00bb\"}]},{\"@type\":\"WebSite\",\"@id\":\"https:\/\/vosgesinfo.fr\/saintdieinfo\/#website\",\"url\":\"https:\/\/vosgesinfo.fr\/saintdieinfo\/\",\"name\":\"Saint Die Info\",\"description\":\"Toute l&#039;actualit\u00e9 de Saint-Di\u00e9-Des-Vosges\",\"publisher\":{\"@id\":\"https:\/\/vosgesinfo.fr\/saintdieinfo\/#organization\"},\"alternateName\":\"Toute l'actualit\u00e9 de Saint-Di\u00e9-Des-Vosges\",\"potentialAction\":[{\"@type\":\"SearchAction\",\"target\":{\"@type\":\"EntryPoint\",\"urlTemplate\":\"https:\/\/vosgesinfo.fr\/saintdieinfo\/?s={search_term_string}\"},\"query-input\":\"required name=search_term_string\"}],\"inLanguage\":\"fr-FR\"},{\"@type\":\"Organization\",\"@id\":\"https:\/\/vosgesinfo.fr\/saintdieinfo\/#organization\",\"name\":\"Saint Die Info\",\"url\":\"https:\/\/vosgesinfo.fr\/saintdieinfo\/\",\"logo\":{\"@type\":\"ImageObject\",\"inLanguage\":\"fr-FR\",\"@id\":\"https:\/\/vosgesinfo.fr\/saintdieinfo\/#\/schema\/logo\/image\/\",\"url\":\"https:\/\/vosgesinfo.fr\/app\/uploads\/sites\/4\/2024\/02\/logo-sdi.jpg\",\"contentUrl\":\"https:\/\/vosgesinfo.fr\/app\/uploads\/sites\/4\/2024\/02\/logo-sdi.jpg\",\"width\":600,\"height\":600,\"caption\":\"Saint Die Info\"},\"image\":{\"@id\":\"https:\/\/vosgesinfo.fr\/saintdieinfo\/#\/schema\/logo\/image\/\"},\"sameAs\":[\"https:\/\/www.facebook.com\/Saintdieinfofr\",\"https:\/\/x.com\/VosgesInfo88\",\"https:\/\/www.youtube.com\/@vosgesinfo\"]},{\"@type\":\"Person\",\"@id\":\"https:\/\/vosgesinfo.fr\/saintdieinfo\/#\/schema\/person\/faee6704a21f3977511db84bd1cd450f\",\"name\":\"la r\u00e9daction\",\"image\":{\"@type\":\"ImageObject\",\"inLanguage\":\"fr-FR\",\"@id\":\"https:\/\/vosgesinfo.fr\/saintdieinfo\/#\/schema\/person\/image\/\",\"url\":\"https:\/\/secure.gravatar.com\/avatar\/6673d8bc6a9c17fa9a453eaa3448de834fa308c2ec9635b7aa99441a7c8d2cf6?s=96&d=mm&r=g\",\"contentUrl\":\"https:\/\/secure.gravatar.com\/avatar\/6673d8bc6a9c17fa9a453eaa3448de834fa308c2ec9635b7aa99441a7c8d2cf6?s=96&d=mm&r=g\",\"caption\":\"la r\u00e9daction\"},\"url\":\"https:\/\/vosgesinfo.fr\/saintdieinfo\/author\/redac\/\"}]}<\/script>\n<!-- \/ Yoast SEO plugin. -->","yoast_head_json":{"title":"Raon-l'Etape \u2013 Kogaone signe la troisi\u00e8me fresque du parcours \u00ab\u00a0Ondes Urbaines\u00a0\u00bb - Saint Die Info","robots":{"index":"index","follow":"follow","max-snippet":"max-snippet:-1","max-image-preview":"max-image-preview:large","max-video-preview":"max-video-preview:-1"},"canonical":"https:\/\/vosgesinfo.fr\/saintdieinfo\/2022\/10\/raon-letape-kogaone-signe-troisieme-fresque-parcours-ondes-urbaines\/","twitter_card":"summary_large_image","twitter_title":"Raon-l'Etape \u2013 Kogaone signe la troisi\u00e8me fresque du parcours \u00ab\u00a0Ondes Urbaines\u00a0\u00bb - Saint Die Info","twitter_description":"Le parcours \u00ab\u00a0Ondes Urbaines\u00a0\u00bb de Raon-l&rsquo;Etape s&rsquo;\u00e9toffe d&rsquo;une nouvelle fresque, la 3e en date apr\u00e8s celles de Primal (lire notre [&hellip;]","twitter_image":"https:\/\/vosgesinfo.fr\/app\/uploads\/sites\/4\/2024\/08\/202210raon-letape-fresque-kogaone-11.jpg","twitter_creator":"@VosgesInfo88","twitter_site":"@VosgesInfo88","twitter_misc":{"\u00c9crit par":"la r\u00e9daction","Dur\u00e9e de lecture estim\u00e9e":"1 minute"},"schema":{"@context":"https:\/\/schema.org","@graph":[{"@type":"Article","@id":"https:\/\/vosgesinfo.fr\/saintdieinfo\/2022\/10\/raon-letape-kogaone-signe-troisieme-fresque-parcours-ondes-urbaines\/#article","isPartOf":{"@id":"https:\/\/vosgesinfo.fr\/saintdieinfo\/2022\/10\/raon-letape-kogaone-signe-troisieme-fresque-parcours-ondes-urbaines\/"},"author":{"name":"la r\u00e9daction","@id":"https:\/\/vosgesinfo.fr\/saintdieinfo\/#\/schema\/person\/faee6704a21f3977511db84bd1cd450f"},"headline":"Raon-l&rsquo;Etape \u2013 Kogaone signe la troisi\u00e8me fresque du parcours \u00ab\u00a0Ondes Urbaines\u00a0\u00bb","datePublished":"2022-10-24T12:24:45+00:00","dateModified":"2022-10-24T12:24:45+00:00","mainEntityOfPage":{"@id":"https:\/\/vosgesinfo.fr\/saintdieinfo\/2022\/10\/raon-letape-kogaone-signe-troisieme-fresque-parcours-ondes-urbaines\/"},"wordCount":169,"commentCount":0,"publisher":{"@id":"https:\/\/vosgesinfo.fr\/saintdieinfo\/#organization"},"image":{"@id":"https:\/\/vosgesinfo.fr\/saintdieinfo\/2022\/10\/raon-letape-kogaone-signe-troisieme-fresque-parcours-ondes-urbaines\/#primaryimage"},"thumbnailUrl":"https:\/\/vosgesinfo.fr\/app\/uploads\/sites\/4\/2024\/08\/202210raon-letape-fresque-kogaone-11.jpg","keywords":["Art urbain","Galerie 36e Art","Kogaone","Ondes Urbaines","Raon-l\u2019Etape","Ville de Raon-l'Etape"],"articleSection":["A la Une","Culture","Saint-Di\u00e9-des-Vosges et son Agglom\u00e9ration"],"inLanguage":"fr-FR","potentialAction":[{"@type":"CommentAction","name":"Comment","target":["https:\/\/vosgesinfo.fr\/saintdieinfo\/2022\/10\/raon-letape-kogaone-signe-troisieme-fresque-parcours-ondes-urbaines\/#respond"]}]},{"@type":"WebPage","@id":"https:\/\/vosgesinfo.fr\/saintdieinfo\/2022\/10\/raon-letape-kogaone-signe-troisieme-fresque-parcours-ondes-urbaines\/","url":"https:\/\/vosgesinfo.fr\/saintdieinfo\/2022\/10\/raon-letape-kogaone-signe-troisieme-fresque-parcours-ondes-urbaines\/","name":"Raon-l'Etape \u2013 Kogaone signe la troisi\u00e8me fresque du parcours \u00ab\u00a0Ondes Urbaines\u00a0\u00bb - Saint Die Info","isPartOf":{"@id":"https:\/\/vosgesinfo.fr\/saintdieinfo\/#website"},"primaryImageOfPage":{"@id":"https:\/\/vosgesinfo.fr\/saintdieinfo\/2022\/10\/raon-letape-kogaone-signe-troisieme-fresque-parcours-ondes-urbaines\/#primaryimage"},"image":{"@id":"https:\/\/vosgesinfo.fr\/saintdieinfo\/2022\/10\/raon-letape-kogaone-signe-troisieme-fresque-parcours-ondes-urbaines\/#primaryimage"},"thumbnailUrl":"https:\/\/vosgesinfo.fr\/app\/uploads\/sites\/4\/2024\/08\/202210raon-letape-fresque-kogaone-11.jpg","datePublished":"2022-10-24T12:24:45+00:00","dateModified":"2022-10-24T12:24:45+00:00","breadcrumb":{"@id":"https:\/\/vosgesinfo.fr\/saintdieinfo\/2022\/10\/raon-letape-kogaone-signe-troisieme-fresque-parcours-ondes-urbaines\/#breadcrumb"},"inLanguage":"fr-FR","potentialAction":[{"@type":"ReadAction","target":["https:\/\/vosgesinfo.fr\/saintdieinfo\/2022\/10\/raon-letape-kogaone-signe-troisieme-fresque-parcours-ondes-urbaines\/"]}]},{"@type":"ImageObject","inLanguage":"fr-FR","@id":"https:\/\/vosgesinfo.fr\/saintdieinfo\/2022\/10\/raon-letape-kogaone-signe-troisieme-fresque-parcours-ondes-urbaines\/#primaryimage","url":"https:\/\/vosgesinfo.fr\/app\/uploads\/sites\/4\/2024\/08\/202210raon-letape-fresque-kogaone-11.jpg","contentUrl":"https:\/\/vosgesinfo.fr\/app\/uploads\/sites\/4\/2024\/08\/202210raon-letape-fresque-kogaone-11.jpg","width":1780,"height":2048},{"@type":"BreadcrumbList","@id":"https:\/\/vosgesinfo.fr\/saintdieinfo\/2022\/10\/raon-letape-kogaone-signe-troisieme-fresque-parcours-ondes-urbaines\/#breadcrumb","itemListElement":[{"@type":"ListItem","position":1,"name":"Home","item":"https:\/\/vosgesinfo.fr\/saintdieinfo\/"},{"@type":"ListItem","position":2,"name":"Raon-l&rsquo;Etape \u2013 Kogaone signe la troisi\u00e8me fresque du parcours \u00ab\u00a0Ondes Urbaines\u00a0\u00bb"}]},{"@type":"WebSite","@id":"https:\/\/vosgesinfo.fr\/saintdieinfo\/#website","url":"https:\/\/vosgesinfo.fr\/saintdieinfo\/","name":"Saint Die Info","description":"Toute l&#039;actualit\u00e9 de Saint-Di\u00e9-Des-Vosges","publisher":{"@id":"https:\/\/vosgesinfo.fr\/saintdieinfo\/#organization"},"alternateName":"Toute l'actualit\u00e9 de Saint-Di\u00e9-Des-Vosges","potentialAction":[{"@type":"SearchAction","target":{"@type":"EntryPoint","urlTemplate":"https:\/\/vosgesinfo.fr\/saintdieinfo\/?s={search_term_string}"},"query-input":"required name=search_term_string"}],"inLanguage":"fr-FR"},{"@type":"Organization","@id":"https:\/\/vosgesinfo.fr\/saintdieinfo\/#organization","name":"Saint Die Info","url":"https:\/\/vosgesinfo.fr\/saintdieinfo\/","logo":{"@type":"ImageObject","inLanguage":"fr-FR","@id":"https:\/\/vosgesinfo.fr\/saintdieinfo\/#\/schema\/logo\/image\/","url":"https:\/\/vosgesinfo.fr\/app\/uploads\/sites\/4\/2024\/02\/logo-sdi.jpg","contentUrl":"https:\/\/vosgesinfo.fr\/app\/uploads\/sites\/4\/2024\/02\/logo-sdi.jpg","width":600,"height":600,"caption":"Saint Die Info"},"image":{"@id":"https:\/\/vosgesinfo.fr\/saintdieinfo\/#\/schema\/logo\/image\/"},"sameAs":["https:\/\/www.facebook.com\/Saintdieinfofr","https:\/\/x.com\/VosgesInfo88","https:\/\/www.youtube.com\/@vosgesinfo"]},{"@type":"Person","@id":"https:\/\/vosgesinfo.fr\/saintdieinfo\/#\/schema\/person\/faee6704a21f3977511db84bd1cd450f","name":"la r\u00e9daction","image":{"@type":"ImageObject","inLanguage":"fr-FR","@id":"https:\/\/vosgesinfo.fr\/saintdieinfo\/#\/schema\/person\/image\/","url":"https:\/\/secure.gravatar.com\/avatar\/6673d8bc6a9c17fa9a453eaa3448de834fa308c2ec9635b7aa99441a7c8d2cf6?s=96&d=mm&r=g","contentUrl":"https:\/\/secure.gravatar.com\/avatar\/6673d8bc6a9c17fa9a453eaa3448de834fa308c2ec9635b7aa99441a7c8d2cf6?s=96&d=mm&r=g","caption":"la r\u00e9daction"},"url":"https:\/\/vosgesinfo.fr\/saintdieinfo\/author\/redac\/"}]}},"_links":{"self":[{"href":"https:\/\/vosgesinfo.fr\/saintdieinfo\/wp-json\/wp\/v2\/posts\/58919","targetHints":{"allow":["GET"]}}],"collection":[{"href":"https:\/\/vosgesinfo.fr\/saintdieinfo\/wp-json\/wp\/v2\/posts"}],"about":[{"href":"https:\/\/vosgesinfo.fr\/saintdieinfo\/wp-json\/wp\/v2\/types\/post"}],"author":[{"embeddable":true,"href":"https:\/\/vosgesinfo.fr\/saintdieinfo\/wp-json\/wp\/v2\/users\/44"}],"replies":[{"embeddable":true,"href":"https:\/\/vosgesinfo.fr\/saintdieinfo\/wp-json\/wp\/v2\/comments?post=58919"}],"version-history":[{"count":0,"href":"https:\/\/vosgesinfo.fr\/saintdieinfo\/wp-json\/wp\/v2\/posts\/58919\/revisions"}],"wp:featuredmedia":[{"embeddable":true,"href":"https:\/\/vosgesinfo.fr\/saintdieinfo\/wp-json\/wp\/v2\/media\/58920"}],"wp:attachment":[{"href":"https:\/\/vosgesinfo.fr\/saintdieinfo\/wp-json\/wp\/v2\/media?parent=58919"}],"wp:term":[{"taxonomy":"category","embeddable":true,"href":"https:\/\/vosgesinfo.fr\/saintdieinfo\/wp-json\/wp\/v2\/categories?post=58919"},{"taxonomy":"post_tag","embeddable":true,"href":"https:\/\/vosgesinfo.fr\/saintdieinfo\/wp-json\/wp\/v2\/tags?post=58919"}],"curies":[{"name":"wp","href":"https:\/\/api.w.org\/{rel}","templated":true}]}}