{"id":58931,"date":"2022-10-25T07:13:33","date_gmt":"2022-10-25T05:13:33","guid":{"rendered":"https:\/\/vosgesinfo.fr\/saintdieinfo\/2022\/10\/soiree-halloween-de-spa-deodatienne-cest-lundi-prochain-a-lespace-francois-mitterrand\/"},"modified":"2022-10-25T07:13:33","modified_gmt":"2022-10-25T05:13:33","slug":"soiree-halloween-de-spa-deodatienne-cest-lundi-prochain-a-lespace-francois-mitterrand","status":"publish","type":"post","link":"https:\/\/vosgesinfo.fr\/saintdieinfo\/2022\/10\/soiree-halloween-de-spa-deodatienne-cest-lundi-prochain-a-lespace-francois-mitterrand\/","title":{"rendered":"La soir\u00e9e Halloween de la SPA D\u00e9odatienne, c&rsquo;est lundi prochain \u00e0 l&rsquo;Espace Fran\u00e7ois-Mitterrand"},"content":{"rendered":"<h2><strong><span style=\"font-size: 14pt;\">La SPA D\u00e9odatienne organise une soir\u00e9e Halloween \u00e0 l&rsquo;Espace Fran\u00e7ois-Mitterrand le lundi 31 octobre prochain. Cette soir\u00e9e festive sera anim\u00e9e par Nicolas Risacher de Fun Party. De la petite restauration sera propos\u00e9e \u00e0 partir de 19h. Le tarif est de 10\u20ac par personne, sachant que l\u2019entr\u00e9e est gratuite pour les enfants de mesurant moins d\u2019un m\u00e8tre, et sachant qu\u2019un cocktail sera offert \u00e0 chaque adulte d\u00e9guis\u00e9. Les r\u00e9servations se font par courriel, via <a href=\"mailto:oceryane@orange.fr\" target=\"_blank\" rel=\"noopener\">oceryane@orange.fr<\/a>.<\/span><br \/>\n<\/strong><\/h2>\n<p><!--more--><\/p>\n<p><a href=\"\/2022\/10\/Soir\u00e9e_Halloween_SPA_D\u00e9odatienne.jpg\" target=\"_blank\" rel=\"noopener\"><img decoding=\"async\" class=\"aligncenter wp-image-191126 size-large\" src=\"\/2022\/10\/Soir\u00e9e_Halloween_SPA_D\u00e9odatienne-725x1024.jpg\" alt=\"Soir\u00e9e_Halloween_SPA_D\u00e9odatienne\" width=\"725\" height=\"1024\" \/><\/a><\/p>\n","protected":false},"excerpt":{"rendered":"<p>La SPA D\u00e9odatienne organise une soir\u00e9e Halloween \u00e0 l&rsquo;Espace Fran\u00e7ois-Mitterrand le lundi 31 octobre prochain. Cette soir\u00e9e festive sera anim\u00e9e [&hellip;]<\/p>\n","protected":false},"author":44,"featured_media":58932,"comment_status":"open","ping_status":"open","sticky":false,"template":"","format":"standard","meta":{"footnotes":""},"categories":[3900,20,2915,17],"tags":[3089,2457,12801,2944],"class_list":["post-58931","post","type-post","status-publish","format-standard","has-post-thumbnail","hentry","category-breves","category-loisirs","category-saint-die-son-canton","category-vie-associative","tag-espace-francois-mitterrand","tag-halloween","tag-soiree-halloween","tag-spa-deodatienne"],"acf":[],"yoast_head":"<!-- This site is optimized with the Yoast SEO plugin v22.5 - https:\/\/yoast.com\/wordpress\/plugins\/seo\/ -->\n<title>La soir\u00e9e Halloween de la SPA D\u00e9odatienne, c&#039;est lundi prochain \u00e0 l&#039;Espace Fran\u00e7ois-Mitterrand - Saint Die Info<\/title>\n<meta name=\"robots\" content=\"index, follow, max-snippet:-1, max-image-preview:large, max-video-preview:-1\" \/>\n<link rel=\"canonical\" href=\"https:\/\/vosgesinfo.fr\/saintdieinfo\/2022\/10\/soiree-halloween-de-spa-deodatienne-cest-lundi-prochain-a-lespace-francois-mitterrand\/\" \/>\n<meta name=\"twitter:card\" content=\"summary_large_image\" \/>\n<meta name=\"twitter:title\" content=\"La soir\u00e9e Halloween de la SPA D\u00e9odatienne, c&#039;est lundi prochain \u00e0 l&#039;Espace Fran\u00e7ois-Mitterrand - Saint Die Info\" \/>\n<meta name=\"twitter:description\" content=\"La SPA D\u00e9odatienne organise une soir\u00e9e Halloween \u00e0 l&rsquo;Espace Fran\u00e7ois-Mitterrand le lundi 31 octobre prochain. Cette soir\u00e9e festive sera anim\u00e9e [&hellip;]\" \/>\n<meta name=\"twitter:image\" content=\"https:\/\/vosgesinfo.fr\/app\/uploads\/sites\/4\/2024\/08\/202210soiree-halloween-spa-deodatienne-01-2.jpg\" \/>\n<meta name=\"twitter:creator\" content=\"@VosgesInfo88\" \/>\n<meta name=\"twitter:site\" content=\"@VosgesInfo88\" \/>\n<meta name=\"twitter:label1\" content=\"\u00c9crit par\" \/>\n\t<meta name=\"twitter:data1\" content=\"la r\u00e9daction\" \/>\n<script type=\"application\/ld+json\" class=\"yoast-schema-graph\">{\"@context\":\"https:\/\/schema.org\",\"@graph\":[{\"@type\":\"Article\",\"@id\":\"https:\/\/vosgesinfo.fr\/saintdieinfo\/2022\/10\/soiree-halloween-de-spa-deodatienne-cest-lundi-prochain-a-lespace-francois-mitterrand\/#article\",\"isPartOf\":{\"@id\":\"https:\/\/vosgesinfo.fr\/saintdieinfo\/2022\/10\/soiree-halloween-de-spa-deodatienne-cest-lundi-prochain-a-lespace-francois-mitterrand\/\"},\"author\":{\"name\":\"la r\u00e9daction\",\"@id\":\"https:\/\/vosgesinfo.fr\/saintdieinfo\/#\/schema\/person\/faee6704a21f3977511db84bd1cd450f\"},\"headline\":\"La soir\u00e9e Halloween de la SPA D\u00e9odatienne, c&rsquo;est lundi prochain \u00e0 l&rsquo;Espace Fran\u00e7ois-Mitterrand\",\"datePublished\":\"2022-10-25T05:13:33+00:00\",\"dateModified\":\"2022-10-25T05:13:33+00:00\",\"mainEntityOfPage\":{\"@id\":\"https:\/\/vosgesinfo.fr\/saintdieinfo\/2022\/10\/soiree-halloween-de-spa-deodatienne-cest-lundi-prochain-a-lespace-francois-mitterrand\/\"},\"wordCount\":102,\"commentCount\":0,\"publisher\":{\"@id\":\"https:\/\/vosgesinfo.fr\/saintdieinfo\/#organization\"},\"image\":{\"@id\":\"https:\/\/vosgesinfo.fr\/saintdieinfo\/2022\/10\/soiree-halloween-de-spa-deodatienne-cest-lundi-prochain-a-lespace-francois-mitterrand\/#primaryimage\"},\"thumbnailUrl\":\"https:\/\/vosgesinfo.fr\/app\/uploads\/sites\/4\/2024\/08\/202210soiree-halloween-spa-deodatienne-01-2.jpg\",\"keywords\":[\"Espace Fran\u00e7ois-Mitterrand\",\"Halloween\",\"Soir\u00e9e Halloween\",\"SPA D\u00e9odatienne\"],\"articleSection\":[\"Br\u00e8ves\",\"Loisirs\",\"Saint-Di\u00e9-des-Vosges et son Agglom\u00e9ration\",\"Vie Associative\"],\"inLanguage\":\"fr-FR\",\"potentialAction\":[{\"@type\":\"CommentAction\",\"name\":\"Comment\",\"target\":[\"https:\/\/vosgesinfo.fr\/saintdieinfo\/2022\/10\/soiree-halloween-de-spa-deodatienne-cest-lundi-prochain-a-lespace-francois-mitterrand\/#respond\"]}]},{\"@type\":\"WebPage\",\"@id\":\"https:\/\/vosgesinfo.fr\/saintdieinfo\/2022\/10\/soiree-halloween-de-spa-deodatienne-cest-lundi-prochain-a-lespace-francois-mitterrand\/\",\"url\":\"https:\/\/vosgesinfo.fr\/saintdieinfo\/2022\/10\/soiree-halloween-de-spa-deodatienne-cest-lundi-prochain-a-lespace-francois-mitterrand\/\",\"name\":\"La soir\u00e9e Halloween de la SPA D\u00e9odatienne, c'est lundi prochain \u00e0 l'Espace Fran\u00e7ois-Mitterrand - Saint Die Info\",\"isPartOf\":{\"@id\":\"https:\/\/vosgesinfo.fr\/saintdieinfo\/#website\"},\"primaryImageOfPage\":{\"@id\":\"https:\/\/vosgesinfo.fr\/saintdieinfo\/2022\/10\/soiree-halloween-de-spa-deodatienne-cest-lundi-prochain-a-lespace-francois-mitterrand\/#primaryimage\"},\"image\":{\"@id\":\"https:\/\/vosgesinfo.fr\/saintdieinfo\/2022\/10\/soiree-halloween-de-spa-deodatienne-cest-lundi-prochain-a-lespace-francois-mitterrand\/#primaryimage\"},\"thumbnailUrl\":\"https:\/\/vosgesinfo.fr\/app\/uploads\/sites\/4\/2024\/08\/202210soiree-halloween-spa-deodatienne-01-2.jpg\",\"datePublished\":\"2022-10-25T05:13:33+00:00\",\"dateModified\":\"2022-10-25T05:13:33+00:00\",\"breadcrumb\":{\"@id\":\"https:\/\/vosgesinfo.fr\/saintdieinfo\/2022\/10\/soiree-halloween-de-spa-deodatienne-cest-lundi-prochain-a-lespace-francois-mitterrand\/#breadcrumb\"},\"inLanguage\":\"fr-FR\",\"potentialAction\":[{\"@type\":\"ReadAction\",\"target\":[\"https:\/\/vosgesinfo.fr\/saintdieinfo\/2022\/10\/soiree-halloween-de-spa-deodatienne-cest-lundi-prochain-a-lespace-francois-mitterrand\/\"]}]},{\"@type\":\"ImageObject\",\"inLanguage\":\"fr-FR\",\"@id\":\"https:\/\/vosgesinfo.fr\/saintdieinfo\/2022\/10\/soiree-halloween-de-spa-deodatienne-cest-lundi-prochain-a-lespace-francois-mitterrand\/#primaryimage\",\"url\":\"https:\/\/vosgesinfo.fr\/app\/uploads\/sites\/4\/2024\/08\/202210soiree-halloween-spa-deodatienne-01-2.jpg\",\"contentUrl\":\"https:\/\/vosgesinfo.fr\/app\/uploads\/sites\/4\/2024\/08\/202210soiree-halloween-spa-deodatienne-01-2.jpg\",\"width\":952,\"height\":728},{\"@type\":\"BreadcrumbList\",\"@id\":\"https:\/\/vosgesinfo.fr\/saintdieinfo\/2022\/10\/soiree-halloween-de-spa-deodatienne-cest-lundi-prochain-a-lespace-francois-mitterrand\/#breadcrumb\",\"itemListElement\":[{\"@type\":\"ListItem\",\"position\":1,\"name\":\"Home\",\"item\":\"https:\/\/vosgesinfo.fr\/saintdieinfo\/\"},{\"@type\":\"ListItem\",\"position\":2,\"name\":\"La soir\u00e9e Halloween de la SPA D\u00e9odatienne, c&rsquo;est lundi prochain \u00e0 l&rsquo;Espace Fran\u00e7ois-Mitterrand\"}]},{\"@type\":\"WebSite\",\"@id\":\"https:\/\/vosgesinfo.fr\/saintdieinfo\/#website\",\"url\":\"https:\/\/vosgesinfo.fr\/saintdieinfo\/\",\"name\":\"Saint Die Info\",\"description\":\"Toute l&#039;actualit\u00e9 de Saint-Di\u00e9-Des-Vosges\",\"publisher\":{\"@id\":\"https:\/\/vosgesinfo.fr\/saintdieinfo\/#organization\"},\"alternateName\":\"Toute l'actualit\u00e9 de Saint-Di\u00e9-Des-Vosges\",\"potentialAction\":[{\"@type\":\"SearchAction\",\"target\":{\"@type\":\"EntryPoint\",\"urlTemplate\":\"https:\/\/vosgesinfo.fr\/saintdieinfo\/?s={search_term_string}\"},\"query-input\":\"required name=search_term_string\"}],\"inLanguage\":\"fr-FR\"},{\"@type\":\"Organization\",\"@id\":\"https:\/\/vosgesinfo.fr\/saintdieinfo\/#organization\",\"name\":\"Saint Die Info\",\"url\":\"https:\/\/vosgesinfo.fr\/saintdieinfo\/\",\"logo\":{\"@type\":\"ImageObject\",\"inLanguage\":\"fr-FR\",\"@id\":\"https:\/\/vosgesinfo.fr\/saintdieinfo\/#\/schema\/logo\/image\/\",\"url\":\"https:\/\/vosgesinfo.fr\/app\/uploads\/sites\/4\/2024\/02\/logo-sdi.jpg\",\"contentUrl\":\"https:\/\/vosgesinfo.fr\/app\/uploads\/sites\/4\/2024\/02\/logo-sdi.jpg\",\"width\":600,\"height\":600,\"caption\":\"Saint Die Info\"},\"image\":{\"@id\":\"https:\/\/vosgesinfo.fr\/saintdieinfo\/#\/schema\/logo\/image\/\"},\"sameAs\":[\"https:\/\/www.facebook.com\/Saintdieinfofr\",\"https:\/\/x.com\/VosgesInfo88\",\"https:\/\/www.youtube.com\/@vosgesinfo\"]},{\"@type\":\"Person\",\"@id\":\"https:\/\/vosgesinfo.fr\/saintdieinfo\/#\/schema\/person\/faee6704a21f3977511db84bd1cd450f\",\"name\":\"la r\u00e9daction\",\"image\":{\"@type\":\"ImageObject\",\"inLanguage\":\"fr-FR\",\"@id\":\"https:\/\/vosgesinfo.fr\/saintdieinfo\/#\/schema\/person\/image\/\",\"url\":\"https:\/\/secure.gravatar.com\/avatar\/6673d8bc6a9c17fa9a453eaa3448de834fa308c2ec9635b7aa99441a7c8d2cf6?s=96&d=mm&r=g\",\"contentUrl\":\"https:\/\/secure.gravatar.com\/avatar\/6673d8bc6a9c17fa9a453eaa3448de834fa308c2ec9635b7aa99441a7c8d2cf6?s=96&d=mm&r=g\",\"caption\":\"la r\u00e9daction\"},\"url\":\"https:\/\/vosgesinfo.fr\/saintdieinfo\/author\/redac\/\"}]}<\/script>\n<!-- \/ Yoast SEO plugin. -->","yoast_head_json":{"title":"La soir\u00e9e Halloween de la SPA D\u00e9odatienne, c'est lundi prochain \u00e0 l'Espace Fran\u00e7ois-Mitterrand - Saint Die Info","robots":{"index":"index","follow":"follow","max-snippet":"max-snippet:-1","max-image-preview":"max-image-preview:large","max-video-preview":"max-video-preview:-1"},"canonical":"https:\/\/vosgesinfo.fr\/saintdieinfo\/2022\/10\/soiree-halloween-de-spa-deodatienne-cest-lundi-prochain-a-lespace-francois-mitterrand\/","twitter_card":"summary_large_image","twitter_title":"La soir\u00e9e Halloween de la SPA D\u00e9odatienne, c'est lundi prochain \u00e0 l'Espace Fran\u00e7ois-Mitterrand - Saint Die Info","twitter_description":"La SPA D\u00e9odatienne organise une soir\u00e9e Halloween \u00e0 l&rsquo;Espace Fran\u00e7ois-Mitterrand le lundi 31 octobre prochain. Cette soir\u00e9e festive sera anim\u00e9e [&hellip;]","twitter_image":"https:\/\/vosgesinfo.fr\/app\/uploads\/sites\/4\/2024\/08\/202210soiree-halloween-spa-deodatienne-01-2.jpg","twitter_creator":"@VosgesInfo88","twitter_site":"@VosgesInfo88","twitter_misc":{"\u00c9crit par":"la r\u00e9daction"},"schema":{"@context":"https:\/\/schema.org","@graph":[{"@type":"Article","@id":"https:\/\/vosgesinfo.fr\/saintdieinfo\/2022\/10\/soiree-halloween-de-spa-deodatienne-cest-lundi-prochain-a-lespace-francois-mitterrand\/#article","isPartOf":{"@id":"https:\/\/vosgesinfo.fr\/saintdieinfo\/2022\/10\/soiree-halloween-de-spa-deodatienne-cest-lundi-prochain-a-lespace-francois-mitterrand\/"},"author":{"name":"la r\u00e9daction","@id":"https:\/\/vosgesinfo.fr\/saintdieinfo\/#\/schema\/person\/faee6704a21f3977511db84bd1cd450f"},"headline":"La soir\u00e9e Halloween de la SPA D\u00e9odatienne, c&rsquo;est lundi prochain \u00e0 l&rsquo;Espace Fran\u00e7ois-Mitterrand","datePublished":"2022-10-25T05:13:33+00:00","dateModified":"2022-10-25T05:13:33+00:00","mainEntityOfPage":{"@id":"https:\/\/vosgesinfo.fr\/saintdieinfo\/2022\/10\/soiree-halloween-de-spa-deodatienne-cest-lundi-prochain-a-lespace-francois-mitterrand\/"},"wordCount":102,"commentCount":0,"publisher":{"@id":"https:\/\/vosgesinfo.fr\/saintdieinfo\/#organization"},"image":{"@id":"https:\/\/vosgesinfo.fr\/saintdieinfo\/2022\/10\/soiree-halloween-de-spa-deodatienne-cest-lundi-prochain-a-lespace-francois-mitterrand\/#primaryimage"},"thumbnailUrl":"https:\/\/vosgesinfo.fr\/app\/uploads\/sites\/4\/2024\/08\/202210soiree-halloween-spa-deodatienne-01-2.jpg","keywords":["Espace Fran\u00e7ois-Mitterrand","Halloween","Soir\u00e9e Halloween","SPA D\u00e9odatienne"],"articleSection":["Br\u00e8ves","Loisirs","Saint-Di\u00e9-des-Vosges et son Agglom\u00e9ration","Vie Associative"],"inLanguage":"fr-FR","potentialAction":[{"@type":"CommentAction","name":"Comment","target":["https:\/\/vosgesinfo.fr\/saintdieinfo\/2022\/10\/soiree-halloween-de-spa-deodatienne-cest-lundi-prochain-a-lespace-francois-mitterrand\/#respond"]}]},{"@type":"WebPage","@id":"https:\/\/vosgesinfo.fr\/saintdieinfo\/2022\/10\/soiree-halloween-de-spa-deodatienne-cest-lundi-prochain-a-lespace-francois-mitterrand\/","url":"https:\/\/vosgesinfo.fr\/saintdieinfo\/2022\/10\/soiree-halloween-de-spa-deodatienne-cest-lundi-prochain-a-lespace-francois-mitterrand\/","name":"La soir\u00e9e Halloween de la SPA D\u00e9odatienne, c'est lundi prochain \u00e0 l'Espace Fran\u00e7ois-Mitterrand - Saint Die Info","isPartOf":{"@id":"https:\/\/vosgesinfo.fr\/saintdieinfo\/#website"},"primaryImageOfPage":{"@id":"https:\/\/vosgesinfo.fr\/saintdieinfo\/2022\/10\/soiree-halloween-de-spa-deodatienne-cest-lundi-prochain-a-lespace-francois-mitterrand\/#primaryimage"},"image":{"@id":"https:\/\/vosgesinfo.fr\/saintdieinfo\/2022\/10\/soiree-halloween-de-spa-deodatienne-cest-lundi-prochain-a-lespace-francois-mitterrand\/#primaryimage"},"thumbnailUrl":"https:\/\/vosgesinfo.fr\/app\/uploads\/sites\/4\/2024\/08\/202210soiree-halloween-spa-deodatienne-01-2.jpg","datePublished":"2022-10-25T05:13:33+00:00","dateModified":"2022-10-25T05:13:33+00:00","breadcrumb":{"@id":"https:\/\/vosgesinfo.fr\/saintdieinfo\/2022\/10\/soiree-halloween-de-spa-deodatienne-cest-lundi-prochain-a-lespace-francois-mitterrand\/#breadcrumb"},"inLanguage":"fr-FR","potentialAction":[{"@type":"ReadAction","target":["https:\/\/vosgesinfo.fr\/saintdieinfo\/2022\/10\/soiree-halloween-de-spa-deodatienne-cest-lundi-prochain-a-lespace-francois-mitterrand\/"]}]},{"@type":"ImageObject","inLanguage":"fr-FR","@id":"https:\/\/vosgesinfo.fr\/saintdieinfo\/2022\/10\/soiree-halloween-de-spa-deodatienne-cest-lundi-prochain-a-lespace-francois-mitterrand\/#primaryimage","url":"https:\/\/vosgesinfo.fr\/app\/uploads\/sites\/4\/2024\/08\/202210soiree-halloween-spa-deodatienne-01-2.jpg","contentUrl":"https:\/\/vosgesinfo.fr\/app\/uploads\/sites\/4\/2024\/08\/202210soiree-halloween-spa-deodatienne-01-2.jpg","width":952,"height":728},{"@type":"BreadcrumbList","@id":"https:\/\/vosgesinfo.fr\/saintdieinfo\/2022\/10\/soiree-halloween-de-spa-deodatienne-cest-lundi-prochain-a-lespace-francois-mitterrand\/#breadcrumb","itemListElement":[{"@type":"ListItem","position":1,"name":"Home","item":"https:\/\/vosgesinfo.fr\/saintdieinfo\/"},{"@type":"ListItem","position":2,"name":"La soir\u00e9e Halloween de la SPA D\u00e9odatienne, c&rsquo;est lundi prochain \u00e0 l&rsquo;Espace Fran\u00e7ois-Mitterrand"}]},{"@type":"WebSite","@id":"https:\/\/vosgesinfo.fr\/saintdieinfo\/#website","url":"https:\/\/vosgesinfo.fr\/saintdieinfo\/","name":"Saint Die Info","description":"Toute l&#039;actualit\u00e9 de Saint-Di\u00e9-Des-Vosges","publisher":{"@id":"https:\/\/vosgesinfo.fr\/saintdieinfo\/#organization"},"alternateName":"Toute l'actualit\u00e9 de Saint-Di\u00e9-Des-Vosges","potentialAction":[{"@type":"SearchAction","target":{"@type":"EntryPoint","urlTemplate":"https:\/\/vosgesinfo.fr\/saintdieinfo\/?s={search_term_string}"},"query-input":"required name=search_term_string"}],"inLanguage":"fr-FR"},{"@type":"Organization","@id":"https:\/\/vosgesinfo.fr\/saintdieinfo\/#organization","name":"Saint Die Info","url":"https:\/\/vosgesinfo.fr\/saintdieinfo\/","logo":{"@type":"ImageObject","inLanguage":"fr-FR","@id":"https:\/\/vosgesinfo.fr\/saintdieinfo\/#\/schema\/logo\/image\/","url":"https:\/\/vosgesinfo.fr\/app\/uploads\/sites\/4\/2024\/02\/logo-sdi.jpg","contentUrl":"https:\/\/vosgesinfo.fr\/app\/uploads\/sites\/4\/2024\/02\/logo-sdi.jpg","width":600,"height":600,"caption":"Saint Die Info"},"image":{"@id":"https:\/\/vosgesinfo.fr\/saintdieinfo\/#\/schema\/logo\/image\/"},"sameAs":["https:\/\/www.facebook.com\/Saintdieinfofr","https:\/\/x.com\/VosgesInfo88","https:\/\/www.youtube.com\/@vosgesinfo"]},{"@type":"Person","@id":"https:\/\/vosgesinfo.fr\/saintdieinfo\/#\/schema\/person\/faee6704a21f3977511db84bd1cd450f","name":"la r\u00e9daction","image":{"@type":"ImageObject","inLanguage":"fr-FR","@id":"https:\/\/vosgesinfo.fr\/saintdieinfo\/#\/schema\/person\/image\/","url":"https:\/\/secure.gravatar.com\/avatar\/6673d8bc6a9c17fa9a453eaa3448de834fa308c2ec9635b7aa99441a7c8d2cf6?s=96&d=mm&r=g","contentUrl":"https:\/\/secure.gravatar.com\/avatar\/6673d8bc6a9c17fa9a453eaa3448de834fa308c2ec9635b7aa99441a7c8d2cf6?s=96&d=mm&r=g","caption":"la r\u00e9daction"},"url":"https:\/\/vosgesinfo.fr\/saintdieinfo\/author\/redac\/"}]}},"_links":{"self":[{"href":"https:\/\/vosgesinfo.fr\/saintdieinfo\/wp-json\/wp\/v2\/posts\/58931","targetHints":{"allow":["GET"]}}],"collection":[{"href":"https:\/\/vosgesinfo.fr\/saintdieinfo\/wp-json\/wp\/v2\/posts"}],"about":[{"href":"https:\/\/vosgesinfo.fr\/saintdieinfo\/wp-json\/wp\/v2\/types\/post"}],"author":[{"embeddable":true,"href":"https:\/\/vosgesinfo.fr\/saintdieinfo\/wp-json\/wp\/v2\/users\/44"}],"replies":[{"embeddable":true,"href":"https:\/\/vosgesinfo.fr\/saintdieinfo\/wp-json\/wp\/v2\/comments?post=58931"}],"version-history":[{"count":0,"href":"https:\/\/vosgesinfo.fr\/saintdieinfo\/wp-json\/wp\/v2\/posts\/58931\/revisions"}],"wp:featuredmedia":[{"embeddable":true,"href":"https:\/\/vosgesinfo.fr\/saintdieinfo\/wp-json\/wp\/v2\/media\/58932"}],"wp:attachment":[{"href":"https:\/\/vosgesinfo.fr\/saintdieinfo\/wp-json\/wp\/v2\/media?parent=58931"}],"wp:term":[{"taxonomy":"category","embeddable":true,"href":"https:\/\/vosgesinfo.fr\/saintdieinfo\/wp-json\/wp\/v2\/categories?post=58931"},{"taxonomy":"post_tag","embeddable":true,"href":"https:\/\/vosgesinfo.fr\/saintdieinfo\/wp-json\/wp\/v2\/tags?post=58931"}],"curies":[{"name":"wp","href":"https:\/\/api.w.org\/{rel}","templated":true}]}}