{"id":58936,"date":"2022-10-25T10:24:50","date_gmt":"2022-10-25T08:24:50","guid":{"rendered":"https:\/\/vosgesinfo.fr\/saintdieinfo\/2022\/10\/partageons-grands-moments-svd-pro-cie\/"},"modified":"2022-10-25T10:24:50","modified_gmt":"2022-10-25T08:24:50","slug":"partageons-grands-moments-svd-pro-cie","status":"publish","type":"post","link":"https:\/\/vosgesinfo.fr\/saintdieinfo\/2022\/10\/partageons-grands-moments-svd-pro-cie\/","title":{"rendered":"Partageons les grands moments avec SVD Pro et Cie"},"content":{"rendered":"<p><a href=\"\/2022\/10\/SVD-oct-2022-Photo-premium-.jpg\" target=\"_blank\" rel=\"noopener\"><img decoding=\"async\" class=\"aligncenter wp-image-191709 size-large\" src=\"\/2022\/10\/SVD-oct-2022-Photo-premium--1024x816.jpg\" alt=\"SVD-oct 2022- Photo premium\" width=\"960\" height=\"765\" \/><\/a><\/p>\n<h2><strong><span style=\"font-family: Times New Roman, sans-serif; font-size: 14pt;\"><span style=\"font-family: Calibri, sans-serif;\">Cette ann\u00e9e, le rendez-vous annuel marquant l\u2019anniversaire de Pro et Cie sera f\u00eat\u00e9 en m\u00eame temps que l\u2019\u00e9v\u00e8nement de la coupe du monde. Des grands moments \u00e0 partager en famille ou entre amis vous attendent et surtout vous allez pouvoir profiter d\u2019offres sp\u00e9ciales sur le multim\u00e9dia et sur l\u2019\u00e9lectrom\u00e9nager, avec \u00e0 la fois des remises imm\u00e9diates sur des centaines de produits et des offres de remboursement initi\u00e9es par les grandes marques.<\/span><\/span><\/strong><\/h2>\n<p><!--more--><\/p>\n<p><span style=\"font-family: Times New Roman, sans-serif; font-size: 12pt;\"><strong><span style=\"font-family: Calibri, sans-serif;\">A la t\u00eate de votre magasin Pro et Cie de Saint-Di\u00e9-des- Vosges, nous retrouvons Eric Antoine, <\/span><\/strong><span style=\"font-family: Calibri, sans-serif;\">bien connu et appr\u00e9ci\u00e9 des d\u00e9odatiens\u00a0; Avec son \u00e9quipe, il a pr\u00e9par\u00e9 des remises imm\u00e9diates sur de nombreux produits qui vous permettrons, pourquoi pas, de<\/span><b> <\/b><span style=\"font-family: Calibri, sans-serif;\">trouver le t\u00e9l\u00e9viseur de vos r\u00eaves, comme par exemples\u00a0: 300 \u20ac de remises sur un t\u00e9l\u00e9viseur led, UHD, 55\u2019\u2019 qui sera \u00e0 599\u20ac, \u00e9galement sur une TV, led, UHD, 58\u2019\u2019, 4K, de marque Philips qui sera \u00e0 599 \u20ac au lieu de 899\u20ac, ou ce sera sans doute le moment pour vous d\u2019acqu\u00e9rir l\u2019aspirateur robot connect\u00e9 de\u00a0\u00bb iRobot\u00a0\u00bb qui sera \u00e0 229 \u20ac, au lieu de 399 \u20ac et \u00e9galement de profiter d\u2019une remise de 160 \u20ac sur le lave-vaisselle Siemens, qui sera \u00e0 469 \u20ac, ou encore sur le lave-linge Hisense qui sera \u00e0 399 \u20ac au lieu de 499 \u20ac\u2026<\/span><\/span><\/p>\n\n<p><span style=\"font-size: 12pt;\"><a name=\"_GoBack\"><\/a> <span style=\"font-family: Times New Roman, sans-serif;\"><span style=\"font-family: Calibri, sans-serif;\">Vous l\u2019avez compris, bien d\u2019autres produits sont \u00e0 d\u00e9couvrir au Magasin Pro et Cie de Saint-Di\u00e9-Des-Vosges, \u00e0 des conditions sp\u00e9ciales \u00ab\u00a0anniversaire\u00a0\u00bb, \u00e0 vous d\u2019en profiter jusqu\u2019au 19 Novembre\u00a0! Eric et son \u00e9quipe se feront un plaisir de r\u00e9pondre \u00e0 tous vos besoins.<\/span><\/span><\/span><\/p>\n<p><strong><span style=\"font-family: Times New Roman, sans-serif; font-size: 12pt;\"><span style=\"font-family: Calibri, sans-serif;\">Plus de 7000 produits sont \u00e9galement disponibles sur le site <a href=\"https:\/\/www.procie-st-die-des-vosges.com\/\" target=\"_blank\" rel=\"noopener\">https:\/\/www.procie-st-die-des-vosges.com<\/a><\/span><\/span><\/strong><\/p>\n<p><a href=\"\/2022\/10\/svd-ext..jpg\" target=\"_blank\" rel=\"noopener\"><img decoding=\"async\" class=\"aligncenter wp-image-191707 size-full\" src=\"\/2022\/10\/svd-ext..jpg\" alt=\"svd ext.\" width=\"619\" height=\"342\" \/><\/a><\/p>\n<p><strong><span style=\"font-family: Times New Roman, sans-serif; font-size: 12pt;\"><span style=\"font-family: Calibri, sans-serif;\">SVD PRO&amp;Cie<\/span><\/span><\/strong><\/p>\n<p><strong><span style=\"font-family: Times New Roman, sans-serif; font-size: 12pt;\"><span style=\"font-family: Calibri, sans-serif;\">17, rue Antoine de Saint-Exupery &#8211; 88100 Saint-Di\u00e9-des-Vosges.<\/span><\/span><\/strong><\/p>\n<p><span style=\"font-family: Times New Roman, sans-serif; font-size: 12pt;\"><span style=\"font-family: Calibri, sans-serif;\">Horaires d\u2019ouverture : du mardi au samedi, de 9h \u00e0 12h et de 14h \u00e0 19h.<\/span><\/span><\/p>\n<p><span style=\"font-family: Times New Roman, sans-serif; font-size: 12pt;\"><span style=\"font-family: Calibri, sans-serif;\">T\u00e9l\u00e9phone : <\/span><strong><span style=\"font-family: Calibri, sans-serif;\">03-29-27-29-70<\/span><\/strong><\/span><\/p>\n<p><span style=\"font-family: Times New Roman, sans-serif; font-size: 12pt;\"><span style=\"font-family: Calibri, sans-serif;\">R\u00e9daction et photos\u00a0: Patricia Ferry-Demange \u2013 patricia.ferrydemange@gmail.com<\/span><\/span><\/p>\n","protected":false},"excerpt":{"rendered":"<p>Cette ann\u00e9e, le rendez-vous annuel marquant l\u2019anniversaire de Pro et Cie sera f\u00eat\u00e9 en m\u00eame temps que l\u2019\u00e9v\u00e8nement de la [&hellip;]<\/p>\n","protected":false},"author":44,"featured_media":58937,"comment_status":"open","ping_status":"open","sticky":false,"template":"","format":"standard","meta":{"footnotes":""},"categories":[460,2915],"tags":[3102],"class_list":["post-58936","post","type-post","status-publish","format-standard","has-post-thumbnail","hentry","category-a-la-une","category-saint-die-son-canton","tag-svd-procie"],"acf":[],"yoast_head":"<!-- This site is optimized with the Yoast SEO plugin v22.5 - https:\/\/yoast.com\/wordpress\/plugins\/seo\/ -->\n<title>Partageons les grands moments avec SVD Pro et Cie - Saint Die Info<\/title>\n<meta name=\"robots\" content=\"index, follow, max-snippet:-1, max-image-preview:large, max-video-preview:-1\" \/>\n<link rel=\"canonical\" href=\"https:\/\/vosgesinfo.fr\/saintdieinfo\/2022\/10\/partageons-grands-moments-svd-pro-cie\/\" \/>\n<meta name=\"twitter:card\" content=\"summary_large_image\" \/>\n<meta name=\"twitter:title\" content=\"Partageons les grands moments avec SVD Pro et Cie - Saint Die Info\" \/>\n<meta name=\"twitter:description\" content=\"Cette ann\u00e9e, le rendez-vous annuel marquant l\u2019anniversaire de Pro et Cie sera f\u00eat\u00e9 en m\u00eame temps que l\u2019\u00e9v\u00e8nement de la [&hellip;]\" \/>\n<meta name=\"twitter:image\" content=\"https:\/\/vosgesinfo.fr\/app\/uploads\/sites\/4\/2024\/08\/202210svd-oct-2022-photo-premium--scaled.jpg\" \/>\n<meta name=\"twitter:creator\" content=\"@VosgesInfo88\" \/>\n<meta name=\"twitter:site\" content=\"@VosgesInfo88\" \/>\n<meta name=\"twitter:label1\" content=\"\u00c9crit par\" \/>\n\t<meta name=\"twitter:data1\" content=\"la r\u00e9daction\" \/>\n\t<meta name=\"twitter:label2\" content=\"Dur\u00e9e de lecture estim\u00e9e\" \/>\n\t<meta name=\"twitter:data2\" content=\"2 minutes\" \/>\n<script type=\"application\/ld+json\" class=\"yoast-schema-graph\">{\"@context\":\"https:\/\/schema.org\",\"@graph\":[{\"@type\":\"Article\",\"@id\":\"https:\/\/vosgesinfo.fr\/saintdieinfo\/2022\/10\/partageons-grands-moments-svd-pro-cie\/#article\",\"isPartOf\":{\"@id\":\"https:\/\/vosgesinfo.fr\/saintdieinfo\/2022\/10\/partageons-grands-moments-svd-pro-cie\/\"},\"author\":{\"name\":\"la r\u00e9daction\",\"@id\":\"https:\/\/vosgesinfo.fr\/saintdieinfo\/#\/schema\/person\/faee6704a21f3977511db84bd1cd450f\"},\"headline\":\"Partageons les grands moments avec SVD Pro et Cie\",\"datePublished\":\"2022-10-25T08:24:50+00:00\",\"dateModified\":\"2022-10-25T08:24:50+00:00\",\"mainEntityOfPage\":{\"@id\":\"https:\/\/vosgesinfo.fr\/saintdieinfo\/2022\/10\/partageons-grands-moments-svd-pro-cie\/\"},\"wordCount\":330,\"commentCount\":0,\"publisher\":{\"@id\":\"https:\/\/vosgesinfo.fr\/saintdieinfo\/#organization\"},\"image\":{\"@id\":\"https:\/\/vosgesinfo.fr\/saintdieinfo\/2022\/10\/partageons-grands-moments-svd-pro-cie\/#primaryimage\"},\"thumbnailUrl\":\"https:\/\/vosgesinfo.fr\/app\/uploads\/sites\/4\/2024\/08\/202210svd-oct-2022-photo-premium--scaled.jpg\",\"keywords\":[\"SVD PRO&amp;Cie\"],\"articleSection\":[\"A la Une\",\"Saint-Di\u00e9-des-Vosges et son Agglom\u00e9ration\"],\"inLanguage\":\"fr-FR\",\"potentialAction\":[{\"@type\":\"CommentAction\",\"name\":\"Comment\",\"target\":[\"https:\/\/vosgesinfo.fr\/saintdieinfo\/2022\/10\/partageons-grands-moments-svd-pro-cie\/#respond\"]}]},{\"@type\":\"WebPage\",\"@id\":\"https:\/\/vosgesinfo.fr\/saintdieinfo\/2022\/10\/partageons-grands-moments-svd-pro-cie\/\",\"url\":\"https:\/\/vosgesinfo.fr\/saintdieinfo\/2022\/10\/partageons-grands-moments-svd-pro-cie\/\",\"name\":\"Partageons les grands moments avec SVD Pro et Cie - Saint Die Info\",\"isPartOf\":{\"@id\":\"https:\/\/vosgesinfo.fr\/saintdieinfo\/#website\"},\"primaryImageOfPage\":{\"@id\":\"https:\/\/vosgesinfo.fr\/saintdieinfo\/2022\/10\/partageons-grands-moments-svd-pro-cie\/#primaryimage\"},\"image\":{\"@id\":\"https:\/\/vosgesinfo.fr\/saintdieinfo\/2022\/10\/partageons-grands-moments-svd-pro-cie\/#primaryimage\"},\"thumbnailUrl\":\"https:\/\/vosgesinfo.fr\/app\/uploads\/sites\/4\/2024\/08\/202210svd-oct-2022-photo-premium--scaled.jpg\",\"datePublished\":\"2022-10-25T08:24:50+00:00\",\"dateModified\":\"2022-10-25T08:24:50+00:00\",\"breadcrumb\":{\"@id\":\"https:\/\/vosgesinfo.fr\/saintdieinfo\/2022\/10\/partageons-grands-moments-svd-pro-cie\/#breadcrumb\"},\"inLanguage\":\"fr-FR\",\"potentialAction\":[{\"@type\":\"ReadAction\",\"target\":[\"https:\/\/vosgesinfo.fr\/saintdieinfo\/2022\/10\/partageons-grands-moments-svd-pro-cie\/\"]}]},{\"@type\":\"ImageObject\",\"inLanguage\":\"fr-FR\",\"@id\":\"https:\/\/vosgesinfo.fr\/saintdieinfo\/2022\/10\/partageons-grands-moments-svd-pro-cie\/#primaryimage\",\"url\":\"https:\/\/vosgesinfo.fr\/app\/uploads\/sites\/4\/2024\/08\/202210svd-oct-2022-photo-premium--scaled.jpg\",\"contentUrl\":\"https:\/\/vosgesinfo.fr\/app\/uploads\/sites\/4\/2024\/08\/202210svd-oct-2022-photo-premium--scaled.jpg\",\"width\":2560,\"height\":2041},{\"@type\":\"BreadcrumbList\",\"@id\":\"https:\/\/vosgesinfo.fr\/saintdieinfo\/2022\/10\/partageons-grands-moments-svd-pro-cie\/#breadcrumb\",\"itemListElement\":[{\"@type\":\"ListItem\",\"position\":1,\"name\":\"Home\",\"item\":\"https:\/\/vosgesinfo.fr\/saintdieinfo\/\"},{\"@type\":\"ListItem\",\"position\":2,\"name\":\"Partageons les grands moments avec SVD Pro et Cie\"}]},{\"@type\":\"WebSite\",\"@id\":\"https:\/\/vosgesinfo.fr\/saintdieinfo\/#website\",\"url\":\"https:\/\/vosgesinfo.fr\/saintdieinfo\/\",\"name\":\"Saint Die Info\",\"description\":\"Toute l&#039;actualit\u00e9 de Saint-Di\u00e9-Des-Vosges\",\"publisher\":{\"@id\":\"https:\/\/vosgesinfo.fr\/saintdieinfo\/#organization\"},\"alternateName\":\"Toute l'actualit\u00e9 de Saint-Di\u00e9-Des-Vosges\",\"potentialAction\":[{\"@type\":\"SearchAction\",\"target\":{\"@type\":\"EntryPoint\",\"urlTemplate\":\"https:\/\/vosgesinfo.fr\/saintdieinfo\/?s={search_term_string}\"},\"query-input\":\"required name=search_term_string\"}],\"inLanguage\":\"fr-FR\"},{\"@type\":\"Organization\",\"@id\":\"https:\/\/vosgesinfo.fr\/saintdieinfo\/#organization\",\"name\":\"Saint Die Info\",\"url\":\"https:\/\/vosgesinfo.fr\/saintdieinfo\/\",\"logo\":{\"@type\":\"ImageObject\",\"inLanguage\":\"fr-FR\",\"@id\":\"https:\/\/vosgesinfo.fr\/saintdieinfo\/#\/schema\/logo\/image\/\",\"url\":\"https:\/\/vosgesinfo.fr\/app\/uploads\/sites\/4\/2024\/02\/logo-sdi.jpg\",\"contentUrl\":\"https:\/\/vosgesinfo.fr\/app\/uploads\/sites\/4\/2024\/02\/logo-sdi.jpg\",\"width\":600,\"height\":600,\"caption\":\"Saint Die Info\"},\"image\":{\"@id\":\"https:\/\/vosgesinfo.fr\/saintdieinfo\/#\/schema\/logo\/image\/\"},\"sameAs\":[\"https:\/\/www.facebook.com\/Saintdieinfofr\",\"https:\/\/x.com\/VosgesInfo88\",\"https:\/\/www.youtube.com\/@vosgesinfo\"]},{\"@type\":\"Person\",\"@id\":\"https:\/\/vosgesinfo.fr\/saintdieinfo\/#\/schema\/person\/faee6704a21f3977511db84bd1cd450f\",\"name\":\"la r\u00e9daction\",\"image\":{\"@type\":\"ImageObject\",\"inLanguage\":\"fr-FR\",\"@id\":\"https:\/\/vosgesinfo.fr\/saintdieinfo\/#\/schema\/person\/image\/\",\"url\":\"https:\/\/secure.gravatar.com\/avatar\/6673d8bc6a9c17fa9a453eaa3448de834fa308c2ec9635b7aa99441a7c8d2cf6?s=96&d=mm&r=g\",\"contentUrl\":\"https:\/\/secure.gravatar.com\/avatar\/6673d8bc6a9c17fa9a453eaa3448de834fa308c2ec9635b7aa99441a7c8d2cf6?s=96&d=mm&r=g\",\"caption\":\"la r\u00e9daction\"},\"url\":\"https:\/\/vosgesinfo.fr\/saintdieinfo\/author\/redac\/\"}]}<\/script>\n<!-- \/ Yoast SEO plugin. -->","yoast_head_json":{"title":"Partageons les grands moments avec SVD Pro et Cie - Saint Die Info","robots":{"index":"index","follow":"follow","max-snippet":"max-snippet:-1","max-image-preview":"max-image-preview:large","max-video-preview":"max-video-preview:-1"},"canonical":"https:\/\/vosgesinfo.fr\/saintdieinfo\/2022\/10\/partageons-grands-moments-svd-pro-cie\/","twitter_card":"summary_large_image","twitter_title":"Partageons les grands moments avec SVD Pro et Cie - Saint Die Info","twitter_description":"Cette ann\u00e9e, le rendez-vous annuel marquant l\u2019anniversaire de Pro et Cie sera f\u00eat\u00e9 en m\u00eame temps que l\u2019\u00e9v\u00e8nement de la [&hellip;]","twitter_image":"https:\/\/vosgesinfo.fr\/app\/uploads\/sites\/4\/2024\/08\/202210svd-oct-2022-photo-premium--scaled.jpg","twitter_creator":"@VosgesInfo88","twitter_site":"@VosgesInfo88","twitter_misc":{"\u00c9crit par":"la r\u00e9daction","Dur\u00e9e de lecture estim\u00e9e":"2 minutes"},"schema":{"@context":"https:\/\/schema.org","@graph":[{"@type":"Article","@id":"https:\/\/vosgesinfo.fr\/saintdieinfo\/2022\/10\/partageons-grands-moments-svd-pro-cie\/#article","isPartOf":{"@id":"https:\/\/vosgesinfo.fr\/saintdieinfo\/2022\/10\/partageons-grands-moments-svd-pro-cie\/"},"author":{"name":"la r\u00e9daction","@id":"https:\/\/vosgesinfo.fr\/saintdieinfo\/#\/schema\/person\/faee6704a21f3977511db84bd1cd450f"},"headline":"Partageons les grands moments avec SVD Pro et Cie","datePublished":"2022-10-25T08:24:50+00:00","dateModified":"2022-10-25T08:24:50+00:00","mainEntityOfPage":{"@id":"https:\/\/vosgesinfo.fr\/saintdieinfo\/2022\/10\/partageons-grands-moments-svd-pro-cie\/"},"wordCount":330,"commentCount":0,"publisher":{"@id":"https:\/\/vosgesinfo.fr\/saintdieinfo\/#organization"},"image":{"@id":"https:\/\/vosgesinfo.fr\/saintdieinfo\/2022\/10\/partageons-grands-moments-svd-pro-cie\/#primaryimage"},"thumbnailUrl":"https:\/\/vosgesinfo.fr\/app\/uploads\/sites\/4\/2024\/08\/202210svd-oct-2022-photo-premium--scaled.jpg","keywords":["SVD PRO&amp;Cie"],"articleSection":["A la Une","Saint-Di\u00e9-des-Vosges et son Agglom\u00e9ration"],"inLanguage":"fr-FR","potentialAction":[{"@type":"CommentAction","name":"Comment","target":["https:\/\/vosgesinfo.fr\/saintdieinfo\/2022\/10\/partageons-grands-moments-svd-pro-cie\/#respond"]}]},{"@type":"WebPage","@id":"https:\/\/vosgesinfo.fr\/saintdieinfo\/2022\/10\/partageons-grands-moments-svd-pro-cie\/","url":"https:\/\/vosgesinfo.fr\/saintdieinfo\/2022\/10\/partageons-grands-moments-svd-pro-cie\/","name":"Partageons les grands moments avec SVD Pro et Cie - Saint Die Info","isPartOf":{"@id":"https:\/\/vosgesinfo.fr\/saintdieinfo\/#website"},"primaryImageOfPage":{"@id":"https:\/\/vosgesinfo.fr\/saintdieinfo\/2022\/10\/partageons-grands-moments-svd-pro-cie\/#primaryimage"},"image":{"@id":"https:\/\/vosgesinfo.fr\/saintdieinfo\/2022\/10\/partageons-grands-moments-svd-pro-cie\/#primaryimage"},"thumbnailUrl":"https:\/\/vosgesinfo.fr\/app\/uploads\/sites\/4\/2024\/08\/202210svd-oct-2022-photo-premium--scaled.jpg","datePublished":"2022-10-25T08:24:50+00:00","dateModified":"2022-10-25T08:24:50+00:00","breadcrumb":{"@id":"https:\/\/vosgesinfo.fr\/saintdieinfo\/2022\/10\/partageons-grands-moments-svd-pro-cie\/#breadcrumb"},"inLanguage":"fr-FR","potentialAction":[{"@type":"ReadAction","target":["https:\/\/vosgesinfo.fr\/saintdieinfo\/2022\/10\/partageons-grands-moments-svd-pro-cie\/"]}]},{"@type":"ImageObject","inLanguage":"fr-FR","@id":"https:\/\/vosgesinfo.fr\/saintdieinfo\/2022\/10\/partageons-grands-moments-svd-pro-cie\/#primaryimage","url":"https:\/\/vosgesinfo.fr\/app\/uploads\/sites\/4\/2024\/08\/202210svd-oct-2022-photo-premium--scaled.jpg","contentUrl":"https:\/\/vosgesinfo.fr\/app\/uploads\/sites\/4\/2024\/08\/202210svd-oct-2022-photo-premium--scaled.jpg","width":2560,"height":2041},{"@type":"BreadcrumbList","@id":"https:\/\/vosgesinfo.fr\/saintdieinfo\/2022\/10\/partageons-grands-moments-svd-pro-cie\/#breadcrumb","itemListElement":[{"@type":"ListItem","position":1,"name":"Home","item":"https:\/\/vosgesinfo.fr\/saintdieinfo\/"},{"@type":"ListItem","position":2,"name":"Partageons les grands moments avec SVD Pro et Cie"}]},{"@type":"WebSite","@id":"https:\/\/vosgesinfo.fr\/saintdieinfo\/#website","url":"https:\/\/vosgesinfo.fr\/saintdieinfo\/","name":"Saint Die Info","description":"Toute l&#039;actualit\u00e9 de Saint-Di\u00e9-Des-Vosges","publisher":{"@id":"https:\/\/vosgesinfo.fr\/saintdieinfo\/#organization"},"alternateName":"Toute l'actualit\u00e9 de Saint-Di\u00e9-Des-Vosges","potentialAction":[{"@type":"SearchAction","target":{"@type":"EntryPoint","urlTemplate":"https:\/\/vosgesinfo.fr\/saintdieinfo\/?s={search_term_string}"},"query-input":"required name=search_term_string"}],"inLanguage":"fr-FR"},{"@type":"Organization","@id":"https:\/\/vosgesinfo.fr\/saintdieinfo\/#organization","name":"Saint Die Info","url":"https:\/\/vosgesinfo.fr\/saintdieinfo\/","logo":{"@type":"ImageObject","inLanguage":"fr-FR","@id":"https:\/\/vosgesinfo.fr\/saintdieinfo\/#\/schema\/logo\/image\/","url":"https:\/\/vosgesinfo.fr\/app\/uploads\/sites\/4\/2024\/02\/logo-sdi.jpg","contentUrl":"https:\/\/vosgesinfo.fr\/app\/uploads\/sites\/4\/2024\/02\/logo-sdi.jpg","width":600,"height":600,"caption":"Saint Die Info"},"image":{"@id":"https:\/\/vosgesinfo.fr\/saintdieinfo\/#\/schema\/logo\/image\/"},"sameAs":["https:\/\/www.facebook.com\/Saintdieinfofr","https:\/\/x.com\/VosgesInfo88","https:\/\/www.youtube.com\/@vosgesinfo"]},{"@type":"Person","@id":"https:\/\/vosgesinfo.fr\/saintdieinfo\/#\/schema\/person\/faee6704a21f3977511db84bd1cd450f","name":"la r\u00e9daction","image":{"@type":"ImageObject","inLanguage":"fr-FR","@id":"https:\/\/vosgesinfo.fr\/saintdieinfo\/#\/schema\/person\/image\/","url":"https:\/\/secure.gravatar.com\/avatar\/6673d8bc6a9c17fa9a453eaa3448de834fa308c2ec9635b7aa99441a7c8d2cf6?s=96&d=mm&r=g","contentUrl":"https:\/\/secure.gravatar.com\/avatar\/6673d8bc6a9c17fa9a453eaa3448de834fa308c2ec9635b7aa99441a7c8d2cf6?s=96&d=mm&r=g","caption":"la r\u00e9daction"},"url":"https:\/\/vosgesinfo.fr\/saintdieinfo\/author\/redac\/"}]}},"_links":{"self":[{"href":"https:\/\/vosgesinfo.fr\/saintdieinfo\/wp-json\/wp\/v2\/posts\/58936","targetHints":{"allow":["GET"]}}],"collection":[{"href":"https:\/\/vosgesinfo.fr\/saintdieinfo\/wp-json\/wp\/v2\/posts"}],"about":[{"href":"https:\/\/vosgesinfo.fr\/saintdieinfo\/wp-json\/wp\/v2\/types\/post"}],"author":[{"embeddable":true,"href":"https:\/\/vosgesinfo.fr\/saintdieinfo\/wp-json\/wp\/v2\/users\/44"}],"replies":[{"embeddable":true,"href":"https:\/\/vosgesinfo.fr\/saintdieinfo\/wp-json\/wp\/v2\/comments?post=58936"}],"version-history":[{"count":0,"href":"https:\/\/vosgesinfo.fr\/saintdieinfo\/wp-json\/wp\/v2\/posts\/58936\/revisions"}],"wp:featuredmedia":[{"embeddable":true,"href":"https:\/\/vosgesinfo.fr\/saintdieinfo\/wp-json\/wp\/v2\/media\/58937"}],"wp:attachment":[{"href":"https:\/\/vosgesinfo.fr\/saintdieinfo\/wp-json\/wp\/v2\/media?parent=58936"}],"wp:term":[{"taxonomy":"category","embeddable":true,"href":"https:\/\/vosgesinfo.fr\/saintdieinfo\/wp-json\/wp\/v2\/categories?post=58936"},{"taxonomy":"post_tag","embeddable":true,"href":"https:\/\/vosgesinfo.fr\/saintdieinfo\/wp-json\/wp\/v2\/tags?post=58936"}],"curies":[{"name":"wp","href":"https:\/\/api.w.org\/{rel}","templated":true}]}}