{"id":58939,"date":"2022-10-25T10:32:11","date_gmt":"2022-10-25T08:32:11","guid":{"rendered":"https:\/\/vosgesinfo.fr\/saintdieinfo\/2022\/10\/sainte-marguerite-borne-de-recharge-vehicules-electriques-operationnelle\/"},"modified":"2022-10-25T10:32:11","modified_gmt":"2022-10-25T08:32:11","slug":"sainte-marguerite-borne-de-recharge-vehicules-electriques-operationnelle","status":"publish","type":"post","link":"https:\/\/vosgesinfo.fr\/saintdieinfo\/2022\/10\/sainte-marguerite-borne-de-recharge-vehicules-electriques-operationnelle\/","title":{"rendered":"Sainte-Marguerite \u2013 La borne de recharge pour v\u00e9hicules \u00e9lectriques est op\u00e9rationnelle"},"content":{"rendered":"<p><a href=\"\/2022\/10\/Sainte-Marguerite-Borne_Rechargement_Electrique.jpg\" target=\"_blank\" rel=\"noopener\"><img decoding=\"async\" class=\"aligncenter wp-image-191715 size-full\" src=\"\/2022\/10\/Sainte-Marguerite-Borne_Rechargement_Electrique.jpg\" alt=\"Sainte-Marguerite-Borne_Rechargement_Electrique\" width=\"970\" height=\"851\" \/><\/a><\/p>\n<h2><strong><span style=\"font-size: 14pt;\">Une borne de recharge pour v\u00e9hicules \u00e9lectriques a r\u00e9cemment \u00e9t\u00e9 install\u00e9e \u00e0 Sainte-Marguerite. Situ\u00e9e sur le parking de l&rsquo;all\u00e9e des Sports face \u00e0 la salle multi-activit\u00e9s, elle est op\u00e9rationnelle depuis quelques jours. Consultez ici toutes les informations n\u00e9cessaires \u00e0 son utilisation :<\/span><\/strong><\/h2>\n<p><!--more--><\/p>\n<ul>\n<li><a href=\"http:\/\/www.ville-saintemarguerite.fr\/UserFiles\/File\/environnement\/electricte\/flyer-explication-borne-ste-marguerite.pdf?utm_source=newsletter&amp;identcontact=eyJjaXBoZXJ0ZXh0IjoiazRHQlQ0M01ObUlxZlwvTE9FZGUxbERQYllKZVwvQkhjRHAyU21ieTQ3TnhLdlJRcDZ1eG9mSXVoUUVzWEJOZlwvbCIsIml2IjoiNjc3NGE1NjY1YWM5ODgzNzkzYmMwODM1ZmQ2ZWNmNzkiLCJzYWx0IjoiMWI3M2I1OTRmZmFkYzg5MjA4NDhkNmU2Zjg2MzEyOTM5ZjE2NWU2MGNlZjRhYTQ2YjVlYjUxOGFlOTY1MGM2ZDc3OWFjNWY1ZmI0NjY5NDI0MmFiZmRjODU3ODdhNzAyZTk1NDY2OTBkZGVkYTY3YWRiMGVhOGNmNTU1Yzk1NDZiOWJmOTZjMzY2MTUzMDQ5OWU2MTFkMmVmNzA1ZDlkNjIyZWI4ZTlhMjBmNWExYjBlODcwMjJkOGU4ZmU1NWNjNGQ3YzhhMzU2YTIwM2MyNjdmZjIyNDU2MTUzYmVjMzdjNzE3ODViMzUzZjM2NzliOWEwYzE1M2Q3NDY2NjNkYTJmN2UyZTQzZTYyZWFjNmNjNjQ1NzM5ZjllYjBiM2M5MzRkMzk4ZDc3MGZlOWRjYjE0OTIzNzg1MTcxNDg0YTBiMThiNGQ3NWE1NTEzMGEzOWVjOGMzY2Q0YjNmZTk5MzNiZDUyMzg2YWU1YWRjYmRjYmI3MzIzOTZhOGZjZWVmMzlkOTgxMjQwNDFmM2FlMGQ1ZmNmYjU0ZTQ2NWU5YjE1YWU5ZmU4NzcyMTEwMmZjY2MxZWZlODA5ZGI2ZGUwMjUwMWY5M2I1MjI5ODE2YjBiZjM0NjYyOTMwZmIwYmExZGM1MGRkNmI0OWIzNTI4ZmUyZTljNmNhNjAwNzk4ZTIiLCJpdGVyYXRpb25zIjo5OTl9&amp;utm_medium=email&amp;utm_campaign=borne-de-recharge-pour-vehicules-electriques\" target=\"_blank\" data-saferedirecturl=\"https:\/\/www.google.com\/url?q=http:\/\/www.ville-saintemarguerite.fr\/UserFiles\/File\/environnement\/electricte\/flyer-explication-borne-ste-marguerite.pdf?utm_source%3Dnewsletter%26identcontact%3DeyJjaXBoZXJ0ZXh0IjoiazRHQlQ0M01ObUlxZlwvTE9FZGUxbERQYllKZVwvQkhjRHAyU21ieTQ3TnhLdlJRcDZ1eG9mSXVoUUVzWEJOZlwvbCIsIml2IjoiNjc3NGE1NjY1YWM5ODgzNzkzYmMwODM1ZmQ2ZWNmNzkiLCJzYWx0IjoiMWI3M2I1OTRmZmFkYzg5MjA4NDhkNmU2Zjg2MzEyOTM5ZjE2NWU2MGNlZjRhYTQ2YjVlYjUxOGFlOTY1MGM2ZDc3OWFjNWY1ZmI0NjY5NDI0MmFiZmRjODU3ODdhNzAyZTk1NDY2OTBkZGVkYTY3YWRiMGVhOGNmNTU1Yzk1NDZiOWJmOTZjMzY2MTUzMDQ5OWU2MTFkMmVmNzA1ZDlkNjIyZWI4ZTlhMjBmNWExYjBlODcwMjJkOGU4ZmU1NWNjNGQ3YzhhMzU2YTIwM2MyNjdmZjIyNDU2MTUzYmVjMzdjNzE3ODViMzUzZjM2NzliOWEwYzE1M2Q3NDY2NjNkYTJmN2UyZTQzZTYyZWFjNmNjNjQ1NzM5ZjllYjBiM2M5MzRkMzk4ZDc3MGZlOWRjYjE0OTIzNzg1MTcxNDg0YTBiMThiNGQ3NWE1NTEzMGEzOWVjOGMzY2Q0YjNmZTk5MzNiZDUyMzg2YWU1YWRjYmRjYmI3MzIzOTZhOGZjZWVmMzlkOTgxMjQwNDFmM2FlMGQ1ZmNmYjU0ZTQ2NWU5YjE1YWU5ZmU4NzcyMTEwMmZjY2MxZWZlODA5ZGI2ZGUwMjUwMWY5M2I1MjI5ODE2YjBiZjM0NjYyOTMwZmIwYmExZGM1MGRkNmI0OWIzNTI4ZmUyZTljNmNhNjAwNzk4ZTIiLCJpdGVyYXRpb25zIjo5OTl9%26utm_medium%3Demail%26utm_campaign%3Dborne-de-recharge-pour-vehicules-electriques&amp;source=gmail&amp;ust=1666779114266000&amp;usg=AOvVaw2CD3tyEMipDfsB4_KPwM7N\" rel=\"noopener\">Flyer informations pratiques<\/a><\/li>\n<li><a href=\"http:\/\/www.ville-saintemarguerite.fr\/UserFiles\/File\/environnement\/electricte\/guide-utilisation-des-bornes.pdf?utm_source=newsletter&amp;identcontact=eyJjaXBoZXJ0ZXh0IjoiazRHQlQ0M01ObUlxZlwvTE9FZGUxbERQYllKZVwvQkhjRHAyU21ieTQ3TnhLdlJRcDZ1eG9mSXVoUUVzWEJOZlwvbCIsIml2IjoiNjc3NGE1NjY1YWM5ODgzNzkzYmMwODM1ZmQ2ZWNmNzkiLCJzYWx0IjoiMWI3M2I1OTRmZmFkYzg5MjA4NDhkNmU2Zjg2MzEyOTM5ZjE2NWU2MGNlZjRhYTQ2YjVlYjUxOGFlOTY1MGM2ZDc3OWFjNWY1ZmI0NjY5NDI0MmFiZmRjODU3ODdhNzAyZTk1NDY2OTBkZGVkYTY3YWRiMGVhOGNmNTU1Yzk1NDZiOWJmOTZjMzY2MTUzMDQ5OWU2MTFkMmVmNzA1ZDlkNjIyZWI4ZTlhMjBmNWExYjBlODcwMjJkOGU4ZmU1NWNjNGQ3YzhhMzU2YTIwM2MyNjdmZjIyNDU2MTUzYmVjMzdjNzE3ODViMzUzZjM2NzliOWEwYzE1M2Q3NDY2NjNkYTJmN2UyZTQzZTYyZWFjNmNjNjQ1NzM5ZjllYjBiM2M5MzRkMzk4ZDc3MGZlOWRjYjE0OTIzNzg1MTcxNDg0YTBiMThiNGQ3NWE1NTEzMGEzOWVjOGMzY2Q0YjNmZTk5MzNiZDUyMzg2YWU1YWRjYmRjYmI3MzIzOTZhOGZjZWVmMzlkOTgxMjQwNDFmM2FlMGQ1ZmNmYjU0ZTQ2NWU5YjE1YWU5ZmU4NzcyMTEwMmZjY2MxZWZlODA5ZGI2ZGUwMjUwMWY5M2I1MjI5ODE2YjBiZjM0NjYyOTMwZmIwYmExZGM1MGRkNmI0OWIzNTI4ZmUyZTljNmNhNjAwNzk4ZTIiLCJpdGVyYXRpb25zIjo5OTl9&amp;utm_medium=email&amp;utm_campaign=borne-de-recharge-pour-vehicules-electriques\" target=\"_blank\" data-saferedirecturl=\"https:\/\/www.google.com\/url?q=http:\/\/www.ville-saintemarguerite.fr\/UserFiles\/File\/environnement\/electricte\/guide-utilisation-des-bornes.pdf?utm_source%3Dnewsletter%26identcontact%3DeyJjaXBoZXJ0ZXh0IjoiazRHQlQ0M01ObUlxZlwvTE9FZGUxbERQYllKZVwvQkhjRHAyU21ieTQ3TnhLdlJRcDZ1eG9mSXVoUUVzWEJOZlwvbCIsIml2IjoiNjc3NGE1NjY1YWM5ODgzNzkzYmMwODM1ZmQ2ZWNmNzkiLCJzYWx0IjoiMWI3M2I1OTRmZmFkYzg5MjA4NDhkNmU2Zjg2MzEyOTM5ZjE2NWU2MGNlZjRhYTQ2YjVlYjUxOGFlOTY1MGM2ZDc3OWFjNWY1ZmI0NjY5NDI0MmFiZmRjODU3ODdhNzAyZTk1NDY2OTBkZGVkYTY3YWRiMGVhOGNmNTU1Yzk1NDZiOWJmOTZjMzY2MTUzMDQ5OWU2MTFkMmVmNzA1ZDlkNjIyZWI4ZTlhMjBmNWExYjBlODcwMjJkOGU4ZmU1NWNjNGQ3YzhhMzU2YTIwM2MyNjdmZjIyNDU2MTUzYmVjMzdjNzE3ODViMzUzZjM2NzliOWEwYzE1M2Q3NDY2NjNkYTJmN2UyZTQzZTYyZWFjNmNjNjQ1NzM5ZjllYjBiM2M5MzRkMzk4ZDc3MGZlOWRjYjE0OTIzNzg1MTcxNDg0YTBiMThiNGQ3NWE1NTEzMGEzOWVjOGMzY2Q0YjNmZTk5MzNiZDUyMzg2YWU1YWRjYmRjYmI3MzIzOTZhOGZjZWVmMzlkOTgxMjQwNDFmM2FlMGQ1ZmNmYjU0ZTQ2NWU5YjE1YWU5ZmU4NzcyMTEwMmZjY2MxZWZlODA5ZGI2ZGUwMjUwMWY5M2I1MjI5ODE2YjBiZjM0NjYyOTMwZmIwYmExZGM1MGRkNmI0OWIzNTI4ZmUyZTljNmNhNjAwNzk4ZTIiLCJpdGVyYXRpb25zIjo5OTl9%26utm_medium%3Demail%26utm_campaign%3Dborne-de-recharge-pour-vehicules-electriques&amp;source=gmail&amp;ust=1666779114266000&amp;usg=AOvVaw0Ae8bScGraWHqWVtzZnc0D\" rel=\"noopener\">Guide d&rsquo;utilisation<\/a><\/li>\n<\/ul>\n<p>&nbsp;<\/p>\n","protected":false},"excerpt":{"rendered":"<p>Une borne de recharge pour v\u00e9hicules \u00e9lectriques a r\u00e9cemment \u00e9t\u00e9 install\u00e9e \u00e0 Sainte-Marguerite. Situ\u00e9e sur le parking de l&rsquo;all\u00e9e des [&hellip;]<\/p>\n","protected":false},"author":44,"featured_media":58940,"comment_status":"open","ping_status":"open","sticky":false,"template":"","format":"standard","meta":{"footnotes":""},"categories":[3900,2915],"tags":[12915,3092],"class_list":["post-58939","post","type-post","status-publish","format-standard","has-post-thumbnail","hentry","category-breves","category-saint-die-son-canton","tag-borne-de-recharge-pour-vehicules-electriques","tag-sainte-marguerite"],"acf":[],"yoast_head":"<!-- This site is optimized with the Yoast SEO plugin v22.5 - https:\/\/yoast.com\/wordpress\/plugins\/seo\/ -->\n<title>Sainte-Marguerite \u2013 La borne de recharge pour v\u00e9hicules \u00e9lectriques est op\u00e9rationnelle - Saint Die Info<\/title>\n<meta name=\"robots\" content=\"index, follow, max-snippet:-1, max-image-preview:large, max-video-preview:-1\" \/>\n<link rel=\"canonical\" href=\"https:\/\/vosgesinfo.fr\/saintdieinfo\/2022\/10\/sainte-marguerite-borne-de-recharge-vehicules-electriques-operationnelle\/\" \/>\n<meta name=\"twitter:card\" content=\"summary_large_image\" \/>\n<meta name=\"twitter:title\" content=\"Sainte-Marguerite \u2013 La borne de recharge pour v\u00e9hicules \u00e9lectriques est op\u00e9rationnelle - Saint Die Info\" \/>\n<meta name=\"twitter:description\" content=\"Une borne de recharge pour v\u00e9hicules \u00e9lectriques a r\u00e9cemment \u00e9t\u00e9 install\u00e9e \u00e0 Sainte-Marguerite. Situ\u00e9e sur le parking de l&rsquo;all\u00e9e des [&hellip;]\" \/>\n<meta name=\"twitter:image\" content=\"https:\/\/vosgesinfo.fr\/app\/uploads\/sites\/4\/2024\/08\/202210sainte-marguerite-borne-rechargement-electrique.jpg\" \/>\n<meta name=\"twitter:creator\" content=\"@VosgesInfo88\" \/>\n<meta name=\"twitter:site\" content=\"@VosgesInfo88\" \/>\n<meta name=\"twitter:label1\" content=\"\u00c9crit par\" \/>\n\t<meta name=\"twitter:data1\" content=\"la r\u00e9daction\" \/>\n<script type=\"application\/ld+json\" class=\"yoast-schema-graph\">{\"@context\":\"https:\/\/schema.org\",\"@graph\":[{\"@type\":\"Article\",\"@id\":\"https:\/\/vosgesinfo.fr\/saintdieinfo\/2022\/10\/sainte-marguerite-borne-de-recharge-vehicules-electriques-operationnelle\/#article\",\"isPartOf\":{\"@id\":\"https:\/\/vosgesinfo.fr\/saintdieinfo\/2022\/10\/sainte-marguerite-borne-de-recharge-vehicules-electriques-operationnelle\/\"},\"author\":{\"name\":\"la r\u00e9daction\",\"@id\":\"https:\/\/vosgesinfo.fr\/saintdieinfo\/#\/schema\/person\/faee6704a21f3977511db84bd1cd450f\"},\"headline\":\"Sainte-Marguerite \u2013 La borne de recharge pour v\u00e9hicules \u00e9lectriques est op\u00e9rationnelle\",\"datePublished\":\"2022-10-25T08:32:11+00:00\",\"dateModified\":\"2022-10-25T08:32:11+00:00\",\"mainEntityOfPage\":{\"@id\":\"https:\/\/vosgesinfo.fr\/saintdieinfo\/2022\/10\/sainte-marguerite-borne-de-recharge-vehicules-electriques-operationnelle\/\"},\"wordCount\":66,\"commentCount\":0,\"publisher\":{\"@id\":\"https:\/\/vosgesinfo.fr\/saintdieinfo\/#organization\"},\"image\":{\"@id\":\"https:\/\/vosgesinfo.fr\/saintdieinfo\/2022\/10\/sainte-marguerite-borne-de-recharge-vehicules-electriques-operationnelle\/#primaryimage\"},\"thumbnailUrl\":\"https:\/\/vosgesinfo.fr\/app\/uploads\/sites\/4\/2024\/08\/202210sainte-marguerite-borne-rechargement-electrique.jpg\",\"keywords\":[\"Borne de recharge pour v\u00e9hicules \u00e9lectriques\",\"Sainte-Marguerite\"],\"articleSection\":[\"Br\u00e8ves\",\"Saint-Di\u00e9-des-Vosges et son Agglom\u00e9ration\"],\"inLanguage\":\"fr-FR\",\"potentialAction\":[{\"@type\":\"CommentAction\",\"name\":\"Comment\",\"target\":[\"https:\/\/vosgesinfo.fr\/saintdieinfo\/2022\/10\/sainte-marguerite-borne-de-recharge-vehicules-electriques-operationnelle\/#respond\"]}]},{\"@type\":\"WebPage\",\"@id\":\"https:\/\/vosgesinfo.fr\/saintdieinfo\/2022\/10\/sainte-marguerite-borne-de-recharge-vehicules-electriques-operationnelle\/\",\"url\":\"https:\/\/vosgesinfo.fr\/saintdieinfo\/2022\/10\/sainte-marguerite-borne-de-recharge-vehicules-electriques-operationnelle\/\",\"name\":\"Sainte-Marguerite \u2013 La borne de recharge pour v\u00e9hicules \u00e9lectriques est op\u00e9rationnelle - Saint Die Info\",\"isPartOf\":{\"@id\":\"https:\/\/vosgesinfo.fr\/saintdieinfo\/#website\"},\"primaryImageOfPage\":{\"@id\":\"https:\/\/vosgesinfo.fr\/saintdieinfo\/2022\/10\/sainte-marguerite-borne-de-recharge-vehicules-electriques-operationnelle\/#primaryimage\"},\"image\":{\"@id\":\"https:\/\/vosgesinfo.fr\/saintdieinfo\/2022\/10\/sainte-marguerite-borne-de-recharge-vehicules-electriques-operationnelle\/#primaryimage\"},\"thumbnailUrl\":\"https:\/\/vosgesinfo.fr\/app\/uploads\/sites\/4\/2024\/08\/202210sainte-marguerite-borne-rechargement-electrique.jpg\",\"datePublished\":\"2022-10-25T08:32:11+00:00\",\"dateModified\":\"2022-10-25T08:32:11+00:00\",\"breadcrumb\":{\"@id\":\"https:\/\/vosgesinfo.fr\/saintdieinfo\/2022\/10\/sainte-marguerite-borne-de-recharge-vehicules-electriques-operationnelle\/#breadcrumb\"},\"inLanguage\":\"fr-FR\",\"potentialAction\":[{\"@type\":\"ReadAction\",\"target\":[\"https:\/\/vosgesinfo.fr\/saintdieinfo\/2022\/10\/sainte-marguerite-borne-de-recharge-vehicules-electriques-operationnelle\/\"]}]},{\"@type\":\"ImageObject\",\"inLanguage\":\"fr-FR\",\"@id\":\"https:\/\/vosgesinfo.fr\/saintdieinfo\/2022\/10\/sainte-marguerite-borne-de-recharge-vehicules-electriques-operationnelle\/#primaryimage\",\"url\":\"https:\/\/vosgesinfo.fr\/app\/uploads\/sites\/4\/2024\/08\/202210sainte-marguerite-borne-rechargement-electrique.jpg\",\"contentUrl\":\"https:\/\/vosgesinfo.fr\/app\/uploads\/sites\/4\/2024\/08\/202210sainte-marguerite-borne-rechargement-electrique.jpg\",\"width\":970,\"height\":851},{\"@type\":\"BreadcrumbList\",\"@id\":\"https:\/\/vosgesinfo.fr\/saintdieinfo\/2022\/10\/sainte-marguerite-borne-de-recharge-vehicules-electriques-operationnelle\/#breadcrumb\",\"itemListElement\":[{\"@type\":\"ListItem\",\"position\":1,\"name\":\"Home\",\"item\":\"https:\/\/vosgesinfo.fr\/saintdieinfo\/\"},{\"@type\":\"ListItem\",\"position\":2,\"name\":\"Sainte-Marguerite \u2013 La borne de recharge pour v\u00e9hicules \u00e9lectriques est op\u00e9rationnelle\"}]},{\"@type\":\"WebSite\",\"@id\":\"https:\/\/vosgesinfo.fr\/saintdieinfo\/#website\",\"url\":\"https:\/\/vosgesinfo.fr\/saintdieinfo\/\",\"name\":\"Saint Die Info\",\"description\":\"Toute l&#039;actualit\u00e9 de Saint-Di\u00e9-Des-Vosges\",\"publisher\":{\"@id\":\"https:\/\/vosgesinfo.fr\/saintdieinfo\/#organization\"},\"alternateName\":\"Toute l'actualit\u00e9 de Saint-Di\u00e9-Des-Vosges\",\"potentialAction\":[{\"@type\":\"SearchAction\",\"target\":{\"@type\":\"EntryPoint\",\"urlTemplate\":\"https:\/\/vosgesinfo.fr\/saintdieinfo\/?s={search_term_string}\"},\"query-input\":\"required name=search_term_string\"}],\"inLanguage\":\"fr-FR\"},{\"@type\":\"Organization\",\"@id\":\"https:\/\/vosgesinfo.fr\/saintdieinfo\/#organization\",\"name\":\"Saint Die Info\",\"url\":\"https:\/\/vosgesinfo.fr\/saintdieinfo\/\",\"logo\":{\"@type\":\"ImageObject\",\"inLanguage\":\"fr-FR\",\"@id\":\"https:\/\/vosgesinfo.fr\/saintdieinfo\/#\/schema\/logo\/image\/\",\"url\":\"https:\/\/vosgesinfo.fr\/app\/uploads\/sites\/4\/2024\/02\/logo-sdi.jpg\",\"contentUrl\":\"https:\/\/vosgesinfo.fr\/app\/uploads\/sites\/4\/2024\/02\/logo-sdi.jpg\",\"width\":600,\"height\":600,\"caption\":\"Saint Die Info\"},\"image\":{\"@id\":\"https:\/\/vosgesinfo.fr\/saintdieinfo\/#\/schema\/logo\/image\/\"},\"sameAs\":[\"https:\/\/www.facebook.com\/Saintdieinfofr\",\"https:\/\/x.com\/VosgesInfo88\",\"https:\/\/www.youtube.com\/@vosgesinfo\"]},{\"@type\":\"Person\",\"@id\":\"https:\/\/vosgesinfo.fr\/saintdieinfo\/#\/schema\/person\/faee6704a21f3977511db84bd1cd450f\",\"name\":\"la r\u00e9daction\",\"image\":{\"@type\":\"ImageObject\",\"inLanguage\":\"fr-FR\",\"@id\":\"https:\/\/vosgesinfo.fr\/saintdieinfo\/#\/schema\/person\/image\/\",\"url\":\"https:\/\/secure.gravatar.com\/avatar\/6673d8bc6a9c17fa9a453eaa3448de834fa308c2ec9635b7aa99441a7c8d2cf6?s=96&d=mm&r=g\",\"contentUrl\":\"https:\/\/secure.gravatar.com\/avatar\/6673d8bc6a9c17fa9a453eaa3448de834fa308c2ec9635b7aa99441a7c8d2cf6?s=96&d=mm&r=g\",\"caption\":\"la r\u00e9daction\"},\"url\":\"https:\/\/vosgesinfo.fr\/saintdieinfo\/author\/redac\/\"}]}<\/script>\n<!-- \/ Yoast SEO plugin. -->","yoast_head_json":{"title":"Sainte-Marguerite \u2013 La borne de recharge pour v\u00e9hicules \u00e9lectriques est op\u00e9rationnelle - Saint Die Info","robots":{"index":"index","follow":"follow","max-snippet":"max-snippet:-1","max-image-preview":"max-image-preview:large","max-video-preview":"max-video-preview:-1"},"canonical":"https:\/\/vosgesinfo.fr\/saintdieinfo\/2022\/10\/sainte-marguerite-borne-de-recharge-vehicules-electriques-operationnelle\/","twitter_card":"summary_large_image","twitter_title":"Sainte-Marguerite \u2013 La borne de recharge pour v\u00e9hicules \u00e9lectriques est op\u00e9rationnelle - Saint Die Info","twitter_description":"Une borne de recharge pour v\u00e9hicules \u00e9lectriques a r\u00e9cemment \u00e9t\u00e9 install\u00e9e \u00e0 Sainte-Marguerite. Situ\u00e9e sur le parking de l&rsquo;all\u00e9e des [&hellip;]","twitter_image":"https:\/\/vosgesinfo.fr\/app\/uploads\/sites\/4\/2024\/08\/202210sainte-marguerite-borne-rechargement-electrique.jpg","twitter_creator":"@VosgesInfo88","twitter_site":"@VosgesInfo88","twitter_misc":{"\u00c9crit par":"la r\u00e9daction"},"schema":{"@context":"https:\/\/schema.org","@graph":[{"@type":"Article","@id":"https:\/\/vosgesinfo.fr\/saintdieinfo\/2022\/10\/sainte-marguerite-borne-de-recharge-vehicules-electriques-operationnelle\/#article","isPartOf":{"@id":"https:\/\/vosgesinfo.fr\/saintdieinfo\/2022\/10\/sainte-marguerite-borne-de-recharge-vehicules-electriques-operationnelle\/"},"author":{"name":"la r\u00e9daction","@id":"https:\/\/vosgesinfo.fr\/saintdieinfo\/#\/schema\/person\/faee6704a21f3977511db84bd1cd450f"},"headline":"Sainte-Marguerite \u2013 La borne de recharge pour v\u00e9hicules \u00e9lectriques est op\u00e9rationnelle","datePublished":"2022-10-25T08:32:11+00:00","dateModified":"2022-10-25T08:32:11+00:00","mainEntityOfPage":{"@id":"https:\/\/vosgesinfo.fr\/saintdieinfo\/2022\/10\/sainte-marguerite-borne-de-recharge-vehicules-electriques-operationnelle\/"},"wordCount":66,"commentCount":0,"publisher":{"@id":"https:\/\/vosgesinfo.fr\/saintdieinfo\/#organization"},"image":{"@id":"https:\/\/vosgesinfo.fr\/saintdieinfo\/2022\/10\/sainte-marguerite-borne-de-recharge-vehicules-electriques-operationnelle\/#primaryimage"},"thumbnailUrl":"https:\/\/vosgesinfo.fr\/app\/uploads\/sites\/4\/2024\/08\/202210sainte-marguerite-borne-rechargement-electrique.jpg","keywords":["Borne de recharge pour v\u00e9hicules \u00e9lectriques","Sainte-Marguerite"],"articleSection":["Br\u00e8ves","Saint-Di\u00e9-des-Vosges et son Agglom\u00e9ration"],"inLanguage":"fr-FR","potentialAction":[{"@type":"CommentAction","name":"Comment","target":["https:\/\/vosgesinfo.fr\/saintdieinfo\/2022\/10\/sainte-marguerite-borne-de-recharge-vehicules-electriques-operationnelle\/#respond"]}]},{"@type":"WebPage","@id":"https:\/\/vosgesinfo.fr\/saintdieinfo\/2022\/10\/sainte-marguerite-borne-de-recharge-vehicules-electriques-operationnelle\/","url":"https:\/\/vosgesinfo.fr\/saintdieinfo\/2022\/10\/sainte-marguerite-borne-de-recharge-vehicules-electriques-operationnelle\/","name":"Sainte-Marguerite \u2013 La borne de recharge pour v\u00e9hicules \u00e9lectriques est op\u00e9rationnelle - Saint Die Info","isPartOf":{"@id":"https:\/\/vosgesinfo.fr\/saintdieinfo\/#website"},"primaryImageOfPage":{"@id":"https:\/\/vosgesinfo.fr\/saintdieinfo\/2022\/10\/sainte-marguerite-borne-de-recharge-vehicules-electriques-operationnelle\/#primaryimage"},"image":{"@id":"https:\/\/vosgesinfo.fr\/saintdieinfo\/2022\/10\/sainte-marguerite-borne-de-recharge-vehicules-electriques-operationnelle\/#primaryimage"},"thumbnailUrl":"https:\/\/vosgesinfo.fr\/app\/uploads\/sites\/4\/2024\/08\/202210sainte-marguerite-borne-rechargement-electrique.jpg","datePublished":"2022-10-25T08:32:11+00:00","dateModified":"2022-10-25T08:32:11+00:00","breadcrumb":{"@id":"https:\/\/vosgesinfo.fr\/saintdieinfo\/2022\/10\/sainte-marguerite-borne-de-recharge-vehicules-electriques-operationnelle\/#breadcrumb"},"inLanguage":"fr-FR","potentialAction":[{"@type":"ReadAction","target":["https:\/\/vosgesinfo.fr\/saintdieinfo\/2022\/10\/sainte-marguerite-borne-de-recharge-vehicules-electriques-operationnelle\/"]}]},{"@type":"ImageObject","inLanguage":"fr-FR","@id":"https:\/\/vosgesinfo.fr\/saintdieinfo\/2022\/10\/sainte-marguerite-borne-de-recharge-vehicules-electriques-operationnelle\/#primaryimage","url":"https:\/\/vosgesinfo.fr\/app\/uploads\/sites\/4\/2024\/08\/202210sainte-marguerite-borne-rechargement-electrique.jpg","contentUrl":"https:\/\/vosgesinfo.fr\/app\/uploads\/sites\/4\/2024\/08\/202210sainte-marguerite-borne-rechargement-electrique.jpg","width":970,"height":851},{"@type":"BreadcrumbList","@id":"https:\/\/vosgesinfo.fr\/saintdieinfo\/2022\/10\/sainte-marguerite-borne-de-recharge-vehicules-electriques-operationnelle\/#breadcrumb","itemListElement":[{"@type":"ListItem","position":1,"name":"Home","item":"https:\/\/vosgesinfo.fr\/saintdieinfo\/"},{"@type":"ListItem","position":2,"name":"Sainte-Marguerite \u2013 La borne de recharge pour v\u00e9hicules \u00e9lectriques est op\u00e9rationnelle"}]},{"@type":"WebSite","@id":"https:\/\/vosgesinfo.fr\/saintdieinfo\/#website","url":"https:\/\/vosgesinfo.fr\/saintdieinfo\/","name":"Saint Die Info","description":"Toute l&#039;actualit\u00e9 de Saint-Di\u00e9-Des-Vosges","publisher":{"@id":"https:\/\/vosgesinfo.fr\/saintdieinfo\/#organization"},"alternateName":"Toute l'actualit\u00e9 de Saint-Di\u00e9-Des-Vosges","potentialAction":[{"@type":"SearchAction","target":{"@type":"EntryPoint","urlTemplate":"https:\/\/vosgesinfo.fr\/saintdieinfo\/?s={search_term_string}"},"query-input":"required name=search_term_string"}],"inLanguage":"fr-FR"},{"@type":"Organization","@id":"https:\/\/vosgesinfo.fr\/saintdieinfo\/#organization","name":"Saint Die Info","url":"https:\/\/vosgesinfo.fr\/saintdieinfo\/","logo":{"@type":"ImageObject","inLanguage":"fr-FR","@id":"https:\/\/vosgesinfo.fr\/saintdieinfo\/#\/schema\/logo\/image\/","url":"https:\/\/vosgesinfo.fr\/app\/uploads\/sites\/4\/2024\/02\/logo-sdi.jpg","contentUrl":"https:\/\/vosgesinfo.fr\/app\/uploads\/sites\/4\/2024\/02\/logo-sdi.jpg","width":600,"height":600,"caption":"Saint Die Info"},"image":{"@id":"https:\/\/vosgesinfo.fr\/saintdieinfo\/#\/schema\/logo\/image\/"},"sameAs":["https:\/\/www.facebook.com\/Saintdieinfofr","https:\/\/x.com\/VosgesInfo88","https:\/\/www.youtube.com\/@vosgesinfo"]},{"@type":"Person","@id":"https:\/\/vosgesinfo.fr\/saintdieinfo\/#\/schema\/person\/faee6704a21f3977511db84bd1cd450f","name":"la r\u00e9daction","image":{"@type":"ImageObject","inLanguage":"fr-FR","@id":"https:\/\/vosgesinfo.fr\/saintdieinfo\/#\/schema\/person\/image\/","url":"https:\/\/secure.gravatar.com\/avatar\/6673d8bc6a9c17fa9a453eaa3448de834fa308c2ec9635b7aa99441a7c8d2cf6?s=96&d=mm&r=g","contentUrl":"https:\/\/secure.gravatar.com\/avatar\/6673d8bc6a9c17fa9a453eaa3448de834fa308c2ec9635b7aa99441a7c8d2cf6?s=96&d=mm&r=g","caption":"la r\u00e9daction"},"url":"https:\/\/vosgesinfo.fr\/saintdieinfo\/author\/redac\/"}]}},"_links":{"self":[{"href":"https:\/\/vosgesinfo.fr\/saintdieinfo\/wp-json\/wp\/v2\/posts\/58939","targetHints":{"allow":["GET"]}}],"collection":[{"href":"https:\/\/vosgesinfo.fr\/saintdieinfo\/wp-json\/wp\/v2\/posts"}],"about":[{"href":"https:\/\/vosgesinfo.fr\/saintdieinfo\/wp-json\/wp\/v2\/types\/post"}],"author":[{"embeddable":true,"href":"https:\/\/vosgesinfo.fr\/saintdieinfo\/wp-json\/wp\/v2\/users\/44"}],"replies":[{"embeddable":true,"href":"https:\/\/vosgesinfo.fr\/saintdieinfo\/wp-json\/wp\/v2\/comments?post=58939"}],"version-history":[{"count":0,"href":"https:\/\/vosgesinfo.fr\/saintdieinfo\/wp-json\/wp\/v2\/posts\/58939\/revisions"}],"wp:featuredmedia":[{"embeddable":true,"href":"https:\/\/vosgesinfo.fr\/saintdieinfo\/wp-json\/wp\/v2\/media\/58940"}],"wp:attachment":[{"href":"https:\/\/vosgesinfo.fr\/saintdieinfo\/wp-json\/wp\/v2\/media?parent=58939"}],"wp:term":[{"taxonomy":"category","embeddable":true,"href":"https:\/\/vosgesinfo.fr\/saintdieinfo\/wp-json\/wp\/v2\/categories?post=58939"},{"taxonomy":"post_tag","embeddable":true,"href":"https:\/\/vosgesinfo.fr\/saintdieinfo\/wp-json\/wp\/v2\/tags?post=58939"}],"curies":[{"name":"wp","href":"https:\/\/api.w.org\/{rel}","templated":true}]}}