{"id":58944,"date":"2022-10-25T11:08:23","date_gmt":"2022-10-25T09:08:23","guid":{"rendered":"https:\/\/vosgesinfo.fr\/saintdieinfo\/2022\/10\/label-restauration-collective-de-loranim\/"},"modified":"2022-10-25T11:08:23","modified_gmt":"2022-10-25T09:08:23","slug":"label-restauration-collective-de-loranim","status":"publish","type":"post","link":"https:\/\/vosgesinfo.fr\/saintdieinfo\/2022\/10\/label-restauration-collective-de-loranim\/","title":{"rendered":"Un label pour la restauration collective de Lor&rsquo;Anim"},"content":{"rendered":"<div id=\"attachment_191728\" style=\"width: 970px\" class=\"wp-caption aligncenter\"><a href=\"\/2022\/10\/LorAnim_Label_Ecocert_01-1.jpg\" target=\"_blank\" rel=\"noopener\"><img decoding=\"async\" aria-describedby=\"caption-attachment-191728\" class=\"wp-image-191728 size-large\" src=\"\/2022\/10\/LorAnim_Label_Ecocert_01-1-1024x768.jpg\" alt=\"Lor'Anim_Label_Ecocert_01 (1)\" width=\"960\" height=\"720\" \/><\/a><p id=\"caption-attachment-191728\" class=\"wp-caption-text\">(Photographies Lor&rsquo;Anim)<\/p><\/div>\n<h2><strong><span style=\"font-size: 14pt;\">Produits bio, repas fait maison, produits frais, circuit courts et producteur locaux, \u00e9ducation alimentaire, r\u00e9ductions des d\u00e9chets&#8230; sont les quelques crit\u00e8res, non exhaustifs, du cahier des charges permettant d\u2019obtenir le label \u00ab\u00a0Ecocert, label en cuisine\u00a0\u00bb. C\u2019est d\u00e9sormais chose faite pour l\u2019association Lor\u2019Anim, apr\u00e8s un audit r\u00e9alis\u00e9 en avril dernier aupr\u00e8s de Ren\u00e9 Thirion, traiteur de Moussey, et des sites de restauration scolaire.<\/span><\/strong><\/h2>\n<p><!--more--><\/p>\n<p>L\u2019association Lor\u2019anim a proc\u00e9d\u00e9 \u00e0 la pr\u00e9sentation du label jeudi dernier \u00e0 Senones, en pr\u00e9sence de Charles Michel, attach\u00e9 parlementaire du d\u00e9put\u00e9 David Valence, des repr\u00e9sentants du Pays de la D\u00e9odatie, des maires des communes concern\u00e9es, des producteurs locaux et Ren\u00e9 Thirion, et de Christian CAEL de la Communaut\u00e9 d\u2019Agglom\u00e9ration de Saint-Di\u00e9-des-Vosges. Ce dernier rappelant l\u2019importance et le s\u00e9rieux de l\u2019organisme Ecocert, reconnu par l\u2019Etat, dans les agr\u00e9ments et labellisation des productions agricoles Bio et de circuits courts.<\/p>\n<p>Comme l&rsquo;a soulign\u00e9 Pascal Mathis, charg\u00e9 de d\u00e9veloppement de l\u2019association, \u00ab ce label r\u00e9compense le travail de 10 ann\u00e9es sur la gestion de nos restauration scolaire. Nous avons toujours eu la volont\u00e9 de proposer des repas de qualit\u00e9, dans une logique de d\u00e9veloppement local, avec les artisans locaux. C\u2019est une fiert\u00e9 et une belle reconnaissance pour l\u2019ensemble des acteurs de notre association. Il faut \u00e9galement souligner que ce travail n\u2019aurait jamais pu aboutir sans Patrick Louviot, notre premier prestataire, et Ren\u00e9 Thirion, engag\u00e9 \u00e0 nos c\u00f4t\u00e9s depuis 2015. C\u2019est aussi une fa\u00e7on pour nous de remercier les \u00e9lus locaux et l\u2019Agglom\u00e9ration de Saint-Di\u00e9-des-Vosges, qui nous font confiance depuis 2012 pour certains\u00a0\u00bb.<\/p>\n<p>L\u2019occasion pour le maire de Senones Jean-Luc B\u00e9verina de rappeler la qualit\u00e9 du travail de Lor\u2019anim et son inscription dans un processus de d\u00e9veloppement local, tel que les \u00e9lus de la vall\u00e9e du Rabodeau l\u2019avait construit au milieu des ann\u00e9es 90, sur la politique enfance et jeunesse.<\/p>\n<p>D\u2019une quarantaine de repas il y a 10 ans, c\u2019est aujourd\u2019hui plus de 450 repas, sur 9 sites d\u2019accueils qui sont servis au quotidien durant la p\u00e9riode scolaire et lors des vacances sur le territoire des Abbayes, des Hauts Champs, de la Vall\u00e9e de la Fave et de la vall\u00e9e du Hure. \u00ab Nous avons finalement anticip\u00e9 sans le savoir la loi EGALIM, ce qui nous permet aujourd\u2019hui, avec Ren\u00e9 Thirion, d\u2019apporter notre expertise dans le cadre des actions r\u00e9alis\u00e9es par le Pays de D\u00e9odatie. C\u2019est \u00e9galement une op\u00e9ration qui d\u00e9montre concr\u00e8tement les biens faits du d\u00e9veloppement local, des partenariats entre institutionnels et op\u00e9rateurs sur un territoire \u00bb ajoute Pascal Mathis. Apr\u00e8s les protocoles d\u2019usages, c\u2019est autour d\u2019un buffet confectionn\u00e9 comme il se doit, par Ren\u00e9 Thirion, que les convives ont partag\u00e9s un moment de convivialit\u00e9 et de partage.<\/p>\n<p><a href=\"\/2022\/10\/LorAnim_Label_Ecocert_01-2.jpg\" target=\"_blank\" rel=\"noopener\"><img decoding=\"async\" class=\"aligncenter wp-image-191729 size-full\" src=\"\/2022\/10\/LorAnim_Label_Ecocert_01-2.jpg\" alt=\"Lor'Anim_Label_Ecocert_01 (2)\" width=\"960\" height=\"540\" \/><\/a><\/p>\n","protected":false},"excerpt":{"rendered":"<p>Produits bio, repas fait maison, produits frais, circuit courts et producteur locaux, \u00e9ducation alimentaire, r\u00e9ductions des d\u00e9chets&#8230; sont les quelques [&hellip;]<\/p>\n","protected":false},"author":44,"featured_media":58945,"comment_status":"open","ping_status":"open","sticky":false,"template":"","format":"standard","meta":{"footnotes":""},"categories":[460,2915,17],"tags":[12917,3135,2998],"class_list":["post-58944","post","type-post","status-publish","format-standard","has-post-thumbnail","hentry","category-a-la-une","category-saint-die-son-canton","category-vie-associative","tag-label-ecocert","tag-loranim","tag-senones"],"acf":[],"yoast_head":"<!-- This site is optimized with the Yoast SEO plugin v22.5 - https:\/\/yoast.com\/wordpress\/plugins\/seo\/ -->\n<title>Un label pour la restauration collective de Lor&#039;Anim - Saint Die Info<\/title>\n<meta name=\"robots\" content=\"index, follow, max-snippet:-1, max-image-preview:large, max-video-preview:-1\" \/>\n<link rel=\"canonical\" href=\"https:\/\/vosgesinfo.fr\/saintdieinfo\/2022\/10\/label-restauration-collective-de-loranim\/\" \/>\n<meta name=\"twitter:card\" content=\"summary_large_image\" \/>\n<meta name=\"twitter:title\" content=\"Un label pour la restauration collective de Lor&#039;Anim - Saint Die Info\" \/>\n<meta name=\"twitter:description\" content=\"Produits bio, repas fait maison, produits frais, circuit courts et producteur locaux, \u00e9ducation alimentaire, r\u00e9ductions des d\u00e9chets&#8230; sont les quelques [&hellip;]\" \/>\n<meta name=\"twitter:image\" content=\"https:\/\/vosgesinfo.fr\/app\/uploads\/sites\/4\/2024\/08\/202210loranim-label-ecocert-01-1-scaled.jpg\" \/>\n<meta name=\"twitter:creator\" content=\"@VosgesInfo88\" \/>\n<meta name=\"twitter:site\" content=\"@VosgesInfo88\" \/>\n<meta name=\"twitter:label1\" content=\"\u00c9crit par\" \/>\n\t<meta name=\"twitter:data1\" content=\"la r\u00e9daction\" \/>\n\t<meta name=\"twitter:label2\" content=\"Dur\u00e9e de lecture estim\u00e9e\" \/>\n\t<meta name=\"twitter:data2\" content=\"3 minutes\" \/>\n<script type=\"application\/ld+json\" class=\"yoast-schema-graph\">{\"@context\":\"https:\/\/schema.org\",\"@graph\":[{\"@type\":\"Article\",\"@id\":\"https:\/\/vosgesinfo.fr\/saintdieinfo\/2022\/10\/label-restauration-collective-de-loranim\/#article\",\"isPartOf\":{\"@id\":\"https:\/\/vosgesinfo.fr\/saintdieinfo\/2022\/10\/label-restauration-collective-de-loranim\/\"},\"author\":{\"name\":\"la r\u00e9daction\",\"@id\":\"https:\/\/vosgesinfo.fr\/saintdieinfo\/#\/schema\/person\/faee6704a21f3977511db84bd1cd450f\"},\"headline\":\"Un label pour la restauration collective de Lor&rsquo;Anim\",\"datePublished\":\"2022-10-25T09:08:23+00:00\",\"dateModified\":\"2022-10-25T09:08:23+00:00\",\"mainEntityOfPage\":{\"@id\":\"https:\/\/vosgesinfo.fr\/saintdieinfo\/2022\/10\/label-restauration-collective-de-loranim\/\"},\"wordCount\":517,\"commentCount\":0,\"publisher\":{\"@id\":\"https:\/\/vosgesinfo.fr\/saintdieinfo\/#organization\"},\"image\":{\"@id\":\"https:\/\/vosgesinfo.fr\/saintdieinfo\/2022\/10\/label-restauration-collective-de-loranim\/#primaryimage\"},\"thumbnailUrl\":\"https:\/\/vosgesinfo.fr\/app\/uploads\/sites\/4\/2024\/08\/202210loranim-label-ecocert-01-1-scaled.jpg\",\"keywords\":[\"Label Ecocert\",\"Lor'Anim\",\"Senones\"],\"articleSection\":[\"A la Une\",\"Saint-Di\u00e9-des-Vosges et son Agglom\u00e9ration\",\"Vie Associative\"],\"inLanguage\":\"fr-FR\",\"potentialAction\":[{\"@type\":\"CommentAction\",\"name\":\"Comment\",\"target\":[\"https:\/\/vosgesinfo.fr\/saintdieinfo\/2022\/10\/label-restauration-collective-de-loranim\/#respond\"]}]},{\"@type\":\"WebPage\",\"@id\":\"https:\/\/vosgesinfo.fr\/saintdieinfo\/2022\/10\/label-restauration-collective-de-loranim\/\",\"url\":\"https:\/\/vosgesinfo.fr\/saintdieinfo\/2022\/10\/label-restauration-collective-de-loranim\/\",\"name\":\"Un label pour la restauration collective de Lor'Anim - Saint Die Info\",\"isPartOf\":{\"@id\":\"https:\/\/vosgesinfo.fr\/saintdieinfo\/#website\"},\"primaryImageOfPage\":{\"@id\":\"https:\/\/vosgesinfo.fr\/saintdieinfo\/2022\/10\/label-restauration-collective-de-loranim\/#primaryimage\"},\"image\":{\"@id\":\"https:\/\/vosgesinfo.fr\/saintdieinfo\/2022\/10\/label-restauration-collective-de-loranim\/#primaryimage\"},\"thumbnailUrl\":\"https:\/\/vosgesinfo.fr\/app\/uploads\/sites\/4\/2024\/08\/202210loranim-label-ecocert-01-1-scaled.jpg\",\"datePublished\":\"2022-10-25T09:08:23+00:00\",\"dateModified\":\"2022-10-25T09:08:23+00:00\",\"breadcrumb\":{\"@id\":\"https:\/\/vosgesinfo.fr\/saintdieinfo\/2022\/10\/label-restauration-collective-de-loranim\/#breadcrumb\"},\"inLanguage\":\"fr-FR\",\"potentialAction\":[{\"@type\":\"ReadAction\",\"target\":[\"https:\/\/vosgesinfo.fr\/saintdieinfo\/2022\/10\/label-restauration-collective-de-loranim\/\"]}]},{\"@type\":\"ImageObject\",\"inLanguage\":\"fr-FR\",\"@id\":\"https:\/\/vosgesinfo.fr\/saintdieinfo\/2022\/10\/label-restauration-collective-de-loranim\/#primaryimage\",\"url\":\"https:\/\/vosgesinfo.fr\/app\/uploads\/sites\/4\/2024\/08\/202210loranim-label-ecocert-01-1-scaled.jpg\",\"contentUrl\":\"https:\/\/vosgesinfo.fr\/app\/uploads\/sites\/4\/2024\/08\/202210loranim-label-ecocert-01-1-scaled.jpg\",\"width\":2560,\"height\":1920},{\"@type\":\"BreadcrumbList\",\"@id\":\"https:\/\/vosgesinfo.fr\/saintdieinfo\/2022\/10\/label-restauration-collective-de-loranim\/#breadcrumb\",\"itemListElement\":[{\"@type\":\"ListItem\",\"position\":1,\"name\":\"Home\",\"item\":\"https:\/\/vosgesinfo.fr\/saintdieinfo\/\"},{\"@type\":\"ListItem\",\"position\":2,\"name\":\"Un label pour la restauration collective de Lor&rsquo;Anim\"}]},{\"@type\":\"WebSite\",\"@id\":\"https:\/\/vosgesinfo.fr\/saintdieinfo\/#website\",\"url\":\"https:\/\/vosgesinfo.fr\/saintdieinfo\/\",\"name\":\"Saint Die Info\",\"description\":\"Toute l&#039;actualit\u00e9 de Saint-Di\u00e9-Des-Vosges\",\"publisher\":{\"@id\":\"https:\/\/vosgesinfo.fr\/saintdieinfo\/#organization\"},\"alternateName\":\"Toute l'actualit\u00e9 de Saint-Di\u00e9-Des-Vosges\",\"potentialAction\":[{\"@type\":\"SearchAction\",\"target\":{\"@type\":\"EntryPoint\",\"urlTemplate\":\"https:\/\/vosgesinfo.fr\/saintdieinfo\/?s={search_term_string}\"},\"query-input\":\"required name=search_term_string\"}],\"inLanguage\":\"fr-FR\"},{\"@type\":\"Organization\",\"@id\":\"https:\/\/vosgesinfo.fr\/saintdieinfo\/#organization\",\"name\":\"Saint Die Info\",\"url\":\"https:\/\/vosgesinfo.fr\/saintdieinfo\/\",\"logo\":{\"@type\":\"ImageObject\",\"inLanguage\":\"fr-FR\",\"@id\":\"https:\/\/vosgesinfo.fr\/saintdieinfo\/#\/schema\/logo\/image\/\",\"url\":\"https:\/\/vosgesinfo.fr\/app\/uploads\/sites\/4\/2024\/02\/logo-sdi.jpg\",\"contentUrl\":\"https:\/\/vosgesinfo.fr\/app\/uploads\/sites\/4\/2024\/02\/logo-sdi.jpg\",\"width\":600,\"height\":600,\"caption\":\"Saint Die Info\"},\"image\":{\"@id\":\"https:\/\/vosgesinfo.fr\/saintdieinfo\/#\/schema\/logo\/image\/\"},\"sameAs\":[\"https:\/\/www.facebook.com\/Saintdieinfofr\",\"https:\/\/x.com\/VosgesInfo88\",\"https:\/\/www.youtube.com\/@vosgesinfo\"]},{\"@type\":\"Person\",\"@id\":\"https:\/\/vosgesinfo.fr\/saintdieinfo\/#\/schema\/person\/faee6704a21f3977511db84bd1cd450f\",\"name\":\"la r\u00e9daction\",\"image\":{\"@type\":\"ImageObject\",\"inLanguage\":\"fr-FR\",\"@id\":\"https:\/\/vosgesinfo.fr\/saintdieinfo\/#\/schema\/person\/image\/\",\"url\":\"https:\/\/secure.gravatar.com\/avatar\/6673d8bc6a9c17fa9a453eaa3448de834fa308c2ec9635b7aa99441a7c8d2cf6?s=96&d=mm&r=g\",\"contentUrl\":\"https:\/\/secure.gravatar.com\/avatar\/6673d8bc6a9c17fa9a453eaa3448de834fa308c2ec9635b7aa99441a7c8d2cf6?s=96&d=mm&r=g\",\"caption\":\"la r\u00e9daction\"},\"url\":\"https:\/\/vosgesinfo.fr\/saintdieinfo\/author\/redac\/\"}]}<\/script>\n<!-- \/ Yoast SEO plugin. -->","yoast_head_json":{"title":"Un label pour la restauration collective de Lor'Anim - Saint Die Info","robots":{"index":"index","follow":"follow","max-snippet":"max-snippet:-1","max-image-preview":"max-image-preview:large","max-video-preview":"max-video-preview:-1"},"canonical":"https:\/\/vosgesinfo.fr\/saintdieinfo\/2022\/10\/label-restauration-collective-de-loranim\/","twitter_card":"summary_large_image","twitter_title":"Un label pour la restauration collective de Lor'Anim - Saint Die Info","twitter_description":"Produits bio, repas fait maison, produits frais, circuit courts et producteur locaux, \u00e9ducation alimentaire, r\u00e9ductions des d\u00e9chets&#8230; sont les quelques [&hellip;]","twitter_image":"https:\/\/vosgesinfo.fr\/app\/uploads\/sites\/4\/2024\/08\/202210loranim-label-ecocert-01-1-scaled.jpg","twitter_creator":"@VosgesInfo88","twitter_site":"@VosgesInfo88","twitter_misc":{"\u00c9crit par":"la r\u00e9daction","Dur\u00e9e de lecture estim\u00e9e":"3 minutes"},"schema":{"@context":"https:\/\/schema.org","@graph":[{"@type":"Article","@id":"https:\/\/vosgesinfo.fr\/saintdieinfo\/2022\/10\/label-restauration-collective-de-loranim\/#article","isPartOf":{"@id":"https:\/\/vosgesinfo.fr\/saintdieinfo\/2022\/10\/label-restauration-collective-de-loranim\/"},"author":{"name":"la r\u00e9daction","@id":"https:\/\/vosgesinfo.fr\/saintdieinfo\/#\/schema\/person\/faee6704a21f3977511db84bd1cd450f"},"headline":"Un label pour la restauration collective de Lor&rsquo;Anim","datePublished":"2022-10-25T09:08:23+00:00","dateModified":"2022-10-25T09:08:23+00:00","mainEntityOfPage":{"@id":"https:\/\/vosgesinfo.fr\/saintdieinfo\/2022\/10\/label-restauration-collective-de-loranim\/"},"wordCount":517,"commentCount":0,"publisher":{"@id":"https:\/\/vosgesinfo.fr\/saintdieinfo\/#organization"},"image":{"@id":"https:\/\/vosgesinfo.fr\/saintdieinfo\/2022\/10\/label-restauration-collective-de-loranim\/#primaryimage"},"thumbnailUrl":"https:\/\/vosgesinfo.fr\/app\/uploads\/sites\/4\/2024\/08\/202210loranim-label-ecocert-01-1-scaled.jpg","keywords":["Label Ecocert","Lor'Anim","Senones"],"articleSection":["A la Une","Saint-Di\u00e9-des-Vosges et son Agglom\u00e9ration","Vie Associative"],"inLanguage":"fr-FR","potentialAction":[{"@type":"CommentAction","name":"Comment","target":["https:\/\/vosgesinfo.fr\/saintdieinfo\/2022\/10\/label-restauration-collective-de-loranim\/#respond"]}]},{"@type":"WebPage","@id":"https:\/\/vosgesinfo.fr\/saintdieinfo\/2022\/10\/label-restauration-collective-de-loranim\/","url":"https:\/\/vosgesinfo.fr\/saintdieinfo\/2022\/10\/label-restauration-collective-de-loranim\/","name":"Un label pour la restauration collective de Lor'Anim - Saint Die Info","isPartOf":{"@id":"https:\/\/vosgesinfo.fr\/saintdieinfo\/#website"},"primaryImageOfPage":{"@id":"https:\/\/vosgesinfo.fr\/saintdieinfo\/2022\/10\/label-restauration-collective-de-loranim\/#primaryimage"},"image":{"@id":"https:\/\/vosgesinfo.fr\/saintdieinfo\/2022\/10\/label-restauration-collective-de-loranim\/#primaryimage"},"thumbnailUrl":"https:\/\/vosgesinfo.fr\/app\/uploads\/sites\/4\/2024\/08\/202210loranim-label-ecocert-01-1-scaled.jpg","datePublished":"2022-10-25T09:08:23+00:00","dateModified":"2022-10-25T09:08:23+00:00","breadcrumb":{"@id":"https:\/\/vosgesinfo.fr\/saintdieinfo\/2022\/10\/label-restauration-collective-de-loranim\/#breadcrumb"},"inLanguage":"fr-FR","potentialAction":[{"@type":"ReadAction","target":["https:\/\/vosgesinfo.fr\/saintdieinfo\/2022\/10\/label-restauration-collective-de-loranim\/"]}]},{"@type":"ImageObject","inLanguage":"fr-FR","@id":"https:\/\/vosgesinfo.fr\/saintdieinfo\/2022\/10\/label-restauration-collective-de-loranim\/#primaryimage","url":"https:\/\/vosgesinfo.fr\/app\/uploads\/sites\/4\/2024\/08\/202210loranim-label-ecocert-01-1-scaled.jpg","contentUrl":"https:\/\/vosgesinfo.fr\/app\/uploads\/sites\/4\/2024\/08\/202210loranim-label-ecocert-01-1-scaled.jpg","width":2560,"height":1920},{"@type":"BreadcrumbList","@id":"https:\/\/vosgesinfo.fr\/saintdieinfo\/2022\/10\/label-restauration-collective-de-loranim\/#breadcrumb","itemListElement":[{"@type":"ListItem","position":1,"name":"Home","item":"https:\/\/vosgesinfo.fr\/saintdieinfo\/"},{"@type":"ListItem","position":2,"name":"Un label pour la restauration collective de Lor&rsquo;Anim"}]},{"@type":"WebSite","@id":"https:\/\/vosgesinfo.fr\/saintdieinfo\/#website","url":"https:\/\/vosgesinfo.fr\/saintdieinfo\/","name":"Saint Die Info","description":"Toute l&#039;actualit\u00e9 de Saint-Di\u00e9-Des-Vosges","publisher":{"@id":"https:\/\/vosgesinfo.fr\/saintdieinfo\/#organization"},"alternateName":"Toute l'actualit\u00e9 de Saint-Di\u00e9-Des-Vosges","potentialAction":[{"@type":"SearchAction","target":{"@type":"EntryPoint","urlTemplate":"https:\/\/vosgesinfo.fr\/saintdieinfo\/?s={search_term_string}"},"query-input":"required name=search_term_string"}],"inLanguage":"fr-FR"},{"@type":"Organization","@id":"https:\/\/vosgesinfo.fr\/saintdieinfo\/#organization","name":"Saint Die Info","url":"https:\/\/vosgesinfo.fr\/saintdieinfo\/","logo":{"@type":"ImageObject","inLanguage":"fr-FR","@id":"https:\/\/vosgesinfo.fr\/saintdieinfo\/#\/schema\/logo\/image\/","url":"https:\/\/vosgesinfo.fr\/app\/uploads\/sites\/4\/2024\/02\/logo-sdi.jpg","contentUrl":"https:\/\/vosgesinfo.fr\/app\/uploads\/sites\/4\/2024\/02\/logo-sdi.jpg","width":600,"height":600,"caption":"Saint Die Info"},"image":{"@id":"https:\/\/vosgesinfo.fr\/saintdieinfo\/#\/schema\/logo\/image\/"},"sameAs":["https:\/\/www.facebook.com\/Saintdieinfofr","https:\/\/x.com\/VosgesInfo88","https:\/\/www.youtube.com\/@vosgesinfo"]},{"@type":"Person","@id":"https:\/\/vosgesinfo.fr\/saintdieinfo\/#\/schema\/person\/faee6704a21f3977511db84bd1cd450f","name":"la r\u00e9daction","image":{"@type":"ImageObject","inLanguage":"fr-FR","@id":"https:\/\/vosgesinfo.fr\/saintdieinfo\/#\/schema\/person\/image\/","url":"https:\/\/secure.gravatar.com\/avatar\/6673d8bc6a9c17fa9a453eaa3448de834fa308c2ec9635b7aa99441a7c8d2cf6?s=96&d=mm&r=g","contentUrl":"https:\/\/secure.gravatar.com\/avatar\/6673d8bc6a9c17fa9a453eaa3448de834fa308c2ec9635b7aa99441a7c8d2cf6?s=96&d=mm&r=g","caption":"la r\u00e9daction"},"url":"https:\/\/vosgesinfo.fr\/saintdieinfo\/author\/redac\/"}]}},"_links":{"self":[{"href":"https:\/\/vosgesinfo.fr\/saintdieinfo\/wp-json\/wp\/v2\/posts\/58944","targetHints":{"allow":["GET"]}}],"collection":[{"href":"https:\/\/vosgesinfo.fr\/saintdieinfo\/wp-json\/wp\/v2\/posts"}],"about":[{"href":"https:\/\/vosgesinfo.fr\/saintdieinfo\/wp-json\/wp\/v2\/types\/post"}],"author":[{"embeddable":true,"href":"https:\/\/vosgesinfo.fr\/saintdieinfo\/wp-json\/wp\/v2\/users\/44"}],"replies":[{"embeddable":true,"href":"https:\/\/vosgesinfo.fr\/saintdieinfo\/wp-json\/wp\/v2\/comments?post=58944"}],"version-history":[{"count":0,"href":"https:\/\/vosgesinfo.fr\/saintdieinfo\/wp-json\/wp\/v2\/posts\/58944\/revisions"}],"wp:featuredmedia":[{"embeddable":true,"href":"https:\/\/vosgesinfo.fr\/saintdieinfo\/wp-json\/wp\/v2\/media\/58945"}],"wp:attachment":[{"href":"https:\/\/vosgesinfo.fr\/saintdieinfo\/wp-json\/wp\/v2\/media?parent=58944"}],"wp:term":[{"taxonomy":"category","embeddable":true,"href":"https:\/\/vosgesinfo.fr\/saintdieinfo\/wp-json\/wp\/v2\/categories?post=58944"},{"taxonomy":"post_tag","embeddable":true,"href":"https:\/\/vosgesinfo.fr\/saintdieinfo\/wp-json\/wp\/v2\/tags?post=58944"}],"curies":[{"name":"wp","href":"https:\/\/api.w.org\/{rel}","templated":true}]}}