{"id":58981,"date":"2022-10-26T07:53:24","date_gmt":"2022-10-26T05:53:24","guid":{"rendered":"https:\/\/vosgesinfo.fr\/saintdieinfo\/2022\/10\/exposition-poser-nos-valises-lhistoire-migrations-territoire-vosgien\/"},"modified":"2022-10-26T07:53:24","modified_gmt":"2022-10-26T05:53:24","slug":"exposition-poser-nos-valises-lhistoire-migrations-territoire-vosgien","status":"publish","type":"post","link":"https:\/\/vosgesinfo.fr\/saintdieinfo\/2022\/10\/exposition-poser-nos-valises-lhistoire-migrations-territoire-vosgien\/","title":{"rendered":"Exposition \u2013 \u00ab\u00a0Poser nos valises\u00a0\u00bb, l&rsquo;histoire des migrations en territoire vosgien"},"content":{"rendered":"<p><a href=\"\/2022\/10\/Exposition_Poser_nos_Valises_Sous-Pr\u00e9fecture_SDDV-2.jpg\" target=\"_blank\" rel=\"noopener\"><img decoding=\"async\" class=\"aligncenter wp-image-191777 size-large\" src=\"\/2022\/10\/Exposition_Poser_nos_Valises_Sous-Pr\u00e9fecture_SDDV-2-1024x771.jpg\" alt=\"Exposition_Poser_nos_Valises_Sous-Pr\u00e9fecture_SDDV (2)\" width=\"960\" height=\"723\" \/><\/a><\/p>\n<h2><strong><span style=\"font-size: 14pt;\">L&rsquo;exposition \u00ab\u00a0Poser nos valises\u00a0\u00bb pr\u00e9sente l&rsquo;histoire des migrations en territoire vosgien, de mani\u00e8re chronologique depuis le n\u00e9olithique, \u00e0 travers une dizaine de grandes b\u00e2ches. Dans le cadre de la Semaine de l&rsquo;int\u00e9gration, ces b\u00e2ches sont actuellement install\u00e9es \u00e0 l&rsquo;ext\u00e9rieur de la sous-pr\u00e9fecture de Saint-Di\u00e9-des-Vosges, sur les grilles d&rsquo;enceinte du b\u00e2timent.<\/span><\/strong><\/h2>\n<p><!--more--><\/p>\n<p>C&rsquo;est ce mardi en fin de journ\u00e9e que l&rsquo;escale d\u00e9odatienne de \u00ab\u00a0Poser nos valises\u00a0\u00bb a \u00e9t\u00e9 inaugur\u00e9e, en pr\u00e9sence de la sous-pr\u00e9f\u00e8te Carole Dabrigeon, du maire Bruno Toussaint et de Delphine Souvay, charg\u00e9e d&rsquo;actions culturelles aux archives d\u00e9partementales des Vosges et commissaire de l&rsquo;exposition.<\/p>\n<p>\u00ab\u00a0Si l&rsquo;on pouvait faire l&rsquo;arbre g\u00e9n\u00e9alogique des familles vivant actuellement dans les Vosges, serions-nous surpris des origines de nos anc\u00eatres\u00a0?\u00a0\u00bb. Cette question, c&rsquo;est le postulat de d\u00e9part de l&rsquo;exposition, qui permet d&rsquo;apprendre et de comprendre les diff\u00e9rentes vagues migratoires dans les Vosges au fil des si\u00e8cles.<\/p>\n<p>On y apprend notamment que la guerre de Trente ans (1618-1648) a vu la population vosgienne dispara\u00eetre de 60%, les guerres napol\u00e9oniennes et celles du Second Empire font partir de nombreux jeunes Vosgiens vers l&rsquo;Europe de l&rsquo;Est, l&rsquo;Afrique et l&rsquo;Asie. La guerre de 1870-1871 fait des Vosges un territoire de fronti\u00e8re mais aussi celui d&rsquo;accueil des Alsaciens-Lorrains voulant rester Fran\u00e7ais, tandis que la Grande Guerre en fait un des th\u00e9\u00e2tres de brassage de cultures diff\u00e9rentes, v\u00e9hicul\u00e9es par les r\u00e9giments qui y stationnent. Des personnes venues d&rsquo;Italie, du Portugal, d&rsquo;Europe de l&rsquo;Est ou d&rsquo;Afrique participent grandement aux reconstructions apr\u00e8s-guerres ainsi qu&rsquo;aux constructions des usines&#8230; Ce sont ces migrations, et bien d&rsquo;autres, qui ont fa\u00e7onn\u00e9 les Vosges d&rsquo;aujourd&rsquo;hui.<\/p>\n<p>J.J.<\/p>\n\n","protected":false},"excerpt":{"rendered":"<p>L&rsquo;exposition \u00ab\u00a0Poser nos valises\u00a0\u00bb pr\u00e9sente l&rsquo;histoire des migrations en territoire vosgien, de mani\u00e8re chronologique depuis le n\u00e9olithique, \u00e0 travers une [&hellip;]<\/p>\n","protected":false},"author":44,"featured_media":58982,"comment_status":"open","ping_status":"open","sticky":false,"template":"","format":"standard","meta":{"footnotes":""},"categories":[460,7847,2915],"tags":[12924,200,12925,12926,5644],"class_list":["post-58981","post","type-post","status-publish","format-standard","has-post-thumbnail","hentry","category-a-la-une","category-art-culture","category-saint-die-son-canton","tag-delphine-souvay","tag-exposition","tag-poser-nos-valises","tag-semaine-de-lintegration","tag-sous-prefecture-de-saint-die-des-vosges"],"acf":[],"yoast_head":"<!-- This site is optimized with the Yoast SEO plugin v22.5 - https:\/\/yoast.com\/wordpress\/plugins\/seo\/ -->\n<title>Exposition \u2013 \u00ab\u00a0Poser nos valises\u00a0\u00bb, l&#039;histoire des migrations en territoire vosgien - Saint Die Info<\/title>\n<meta name=\"robots\" content=\"index, follow, max-snippet:-1, max-image-preview:large, max-video-preview:-1\" \/>\n<link rel=\"canonical\" href=\"https:\/\/vosgesinfo.fr\/saintdieinfo\/2022\/10\/exposition-poser-nos-valises-lhistoire-migrations-territoire-vosgien\/\" \/>\n<meta name=\"twitter:card\" content=\"summary_large_image\" \/>\n<meta name=\"twitter:title\" content=\"Exposition \u2013 \u00ab\u00a0Poser nos valises\u00a0\u00bb, l&#039;histoire des migrations en territoire vosgien - Saint Die Info\" \/>\n<meta name=\"twitter:description\" content=\"L&rsquo;exposition \u00ab\u00a0Poser nos valises\u00a0\u00bb pr\u00e9sente l&rsquo;histoire des migrations en territoire vosgien, de mani\u00e8re chronologique depuis le n\u00e9olithique, \u00e0 travers une [&hellip;]\" \/>\n<meta name=\"twitter:image\" content=\"https:\/\/vosgesinfo.fr\/app\/uploads\/sites\/4\/2024\/08\/202210exposition-poser-nos-valises-sous-prefecture-sddv-2.jpg\" \/>\n<meta name=\"twitter:creator\" content=\"@VosgesInfo88\" \/>\n<meta name=\"twitter:site\" content=\"@VosgesInfo88\" \/>\n<meta name=\"twitter:label1\" content=\"\u00c9crit par\" \/>\n\t<meta name=\"twitter:data1\" content=\"la r\u00e9daction\" \/>\n\t<meta name=\"twitter:label2\" content=\"Dur\u00e9e de lecture estim\u00e9e\" \/>\n\t<meta name=\"twitter:data2\" content=\"1 minute\" \/>\n<script type=\"application\/ld+json\" class=\"yoast-schema-graph\">{\"@context\":\"https:\/\/schema.org\",\"@graph\":[{\"@type\":\"Article\",\"@id\":\"https:\/\/vosgesinfo.fr\/saintdieinfo\/2022\/10\/exposition-poser-nos-valises-lhistoire-migrations-territoire-vosgien\/#article\",\"isPartOf\":{\"@id\":\"https:\/\/vosgesinfo.fr\/saintdieinfo\/2022\/10\/exposition-poser-nos-valises-lhistoire-migrations-territoire-vosgien\/\"},\"author\":{\"name\":\"la r\u00e9daction\",\"@id\":\"https:\/\/vosgesinfo.fr\/saintdieinfo\/#\/schema\/person\/faee6704a21f3977511db84bd1cd450f\"},\"headline\":\"Exposition \u2013 \u00ab\u00a0Poser nos valises\u00a0\u00bb, l&rsquo;histoire des migrations en territoire vosgien\",\"datePublished\":\"2022-10-26T05:53:24+00:00\",\"dateModified\":\"2022-10-26T05:53:24+00:00\",\"mainEntityOfPage\":{\"@id\":\"https:\/\/vosgesinfo.fr\/saintdieinfo\/2022\/10\/exposition-poser-nos-valises-lhistoire-migrations-territoire-vosgien\/\"},\"wordCount\":335,\"commentCount\":0,\"publisher\":{\"@id\":\"https:\/\/vosgesinfo.fr\/saintdieinfo\/#organization\"},\"image\":{\"@id\":\"https:\/\/vosgesinfo.fr\/saintdieinfo\/2022\/10\/exposition-poser-nos-valises-lhistoire-migrations-territoire-vosgien\/#primaryimage\"},\"thumbnailUrl\":\"https:\/\/vosgesinfo.fr\/app\/uploads\/sites\/4\/2024\/08\/202210exposition-poser-nos-valises-sous-prefecture-sddv-2.jpg\",\"keywords\":[\"Delphine Souvay\",\"exposition\",\"Poser nos valises\",\"Semaine de l'int\u00e9gration\",\"Sous-pr\u00e9fecture de Saint-Di\u00e9-des-Vosges\"],\"articleSection\":[\"A la Une\",\"Culture\",\"Saint-Di\u00e9-des-Vosges et son Agglom\u00e9ration\"],\"inLanguage\":\"fr-FR\",\"potentialAction\":[{\"@type\":\"CommentAction\",\"name\":\"Comment\",\"target\":[\"https:\/\/vosgesinfo.fr\/saintdieinfo\/2022\/10\/exposition-poser-nos-valises-lhistoire-migrations-territoire-vosgien\/#respond\"]}]},{\"@type\":\"WebPage\",\"@id\":\"https:\/\/vosgesinfo.fr\/saintdieinfo\/2022\/10\/exposition-poser-nos-valises-lhistoire-migrations-territoire-vosgien\/\",\"url\":\"https:\/\/vosgesinfo.fr\/saintdieinfo\/2022\/10\/exposition-poser-nos-valises-lhistoire-migrations-territoire-vosgien\/\",\"name\":\"Exposition \u2013 \u00ab\u00a0Poser nos valises\u00a0\u00bb, l'histoire des migrations en territoire vosgien - Saint Die Info\",\"isPartOf\":{\"@id\":\"https:\/\/vosgesinfo.fr\/saintdieinfo\/#website\"},\"primaryImageOfPage\":{\"@id\":\"https:\/\/vosgesinfo.fr\/saintdieinfo\/2022\/10\/exposition-poser-nos-valises-lhistoire-migrations-territoire-vosgien\/#primaryimage\"},\"image\":{\"@id\":\"https:\/\/vosgesinfo.fr\/saintdieinfo\/2022\/10\/exposition-poser-nos-valises-lhistoire-migrations-territoire-vosgien\/#primaryimage\"},\"thumbnailUrl\":\"https:\/\/vosgesinfo.fr\/app\/uploads\/sites\/4\/2024\/08\/202210exposition-poser-nos-valises-sous-prefecture-sddv-2.jpg\",\"datePublished\":\"2022-10-26T05:53:24+00:00\",\"dateModified\":\"2022-10-26T05:53:24+00:00\",\"breadcrumb\":{\"@id\":\"https:\/\/vosgesinfo.fr\/saintdieinfo\/2022\/10\/exposition-poser-nos-valises-lhistoire-migrations-territoire-vosgien\/#breadcrumb\"},\"inLanguage\":\"fr-FR\",\"potentialAction\":[{\"@type\":\"ReadAction\",\"target\":[\"https:\/\/vosgesinfo.fr\/saintdieinfo\/2022\/10\/exposition-poser-nos-valises-lhistoire-migrations-territoire-vosgien\/\"]}]},{\"@type\":\"ImageObject\",\"inLanguage\":\"fr-FR\",\"@id\":\"https:\/\/vosgesinfo.fr\/saintdieinfo\/2022\/10\/exposition-poser-nos-valises-lhistoire-migrations-territoire-vosgien\/#primaryimage\",\"url\":\"https:\/\/vosgesinfo.fr\/app\/uploads\/sites\/4\/2024\/08\/202210exposition-poser-nos-valises-sous-prefecture-sddv-2.jpg\",\"contentUrl\":\"https:\/\/vosgesinfo.fr\/app\/uploads\/sites\/4\/2024\/08\/202210exposition-poser-nos-valises-sous-prefecture-sddv-2.jpg\",\"width\":1600,\"height\":1205},{\"@type\":\"BreadcrumbList\",\"@id\":\"https:\/\/vosgesinfo.fr\/saintdieinfo\/2022\/10\/exposition-poser-nos-valises-lhistoire-migrations-territoire-vosgien\/#breadcrumb\",\"itemListElement\":[{\"@type\":\"ListItem\",\"position\":1,\"name\":\"Home\",\"item\":\"https:\/\/vosgesinfo.fr\/saintdieinfo\/\"},{\"@type\":\"ListItem\",\"position\":2,\"name\":\"Exposition \u2013 \u00ab\u00a0Poser nos valises\u00a0\u00bb, l&rsquo;histoire des migrations en territoire vosgien\"}]},{\"@type\":\"WebSite\",\"@id\":\"https:\/\/vosgesinfo.fr\/saintdieinfo\/#website\",\"url\":\"https:\/\/vosgesinfo.fr\/saintdieinfo\/\",\"name\":\"Saint Die Info\",\"description\":\"Toute l&#039;actualit\u00e9 de Saint-Di\u00e9-Des-Vosges\",\"publisher\":{\"@id\":\"https:\/\/vosgesinfo.fr\/saintdieinfo\/#organization\"},\"alternateName\":\"Toute l'actualit\u00e9 de Saint-Di\u00e9-Des-Vosges\",\"potentialAction\":[{\"@type\":\"SearchAction\",\"target\":{\"@type\":\"EntryPoint\",\"urlTemplate\":\"https:\/\/vosgesinfo.fr\/saintdieinfo\/?s={search_term_string}\"},\"query-input\":\"required name=search_term_string\"}],\"inLanguage\":\"fr-FR\"},{\"@type\":\"Organization\",\"@id\":\"https:\/\/vosgesinfo.fr\/saintdieinfo\/#organization\",\"name\":\"Saint Die Info\",\"url\":\"https:\/\/vosgesinfo.fr\/saintdieinfo\/\",\"logo\":{\"@type\":\"ImageObject\",\"inLanguage\":\"fr-FR\",\"@id\":\"https:\/\/vosgesinfo.fr\/saintdieinfo\/#\/schema\/logo\/image\/\",\"url\":\"https:\/\/vosgesinfo.fr\/app\/uploads\/sites\/4\/2024\/02\/logo-sdi.jpg\",\"contentUrl\":\"https:\/\/vosgesinfo.fr\/app\/uploads\/sites\/4\/2024\/02\/logo-sdi.jpg\",\"width\":600,\"height\":600,\"caption\":\"Saint Die Info\"},\"image\":{\"@id\":\"https:\/\/vosgesinfo.fr\/saintdieinfo\/#\/schema\/logo\/image\/\"},\"sameAs\":[\"https:\/\/www.facebook.com\/Saintdieinfofr\",\"https:\/\/x.com\/VosgesInfo88\",\"https:\/\/www.youtube.com\/@vosgesinfo\"]},{\"@type\":\"Person\",\"@id\":\"https:\/\/vosgesinfo.fr\/saintdieinfo\/#\/schema\/person\/faee6704a21f3977511db84bd1cd450f\",\"name\":\"la r\u00e9daction\",\"image\":{\"@type\":\"ImageObject\",\"inLanguage\":\"fr-FR\",\"@id\":\"https:\/\/vosgesinfo.fr\/saintdieinfo\/#\/schema\/person\/image\/\",\"url\":\"https:\/\/secure.gravatar.com\/avatar\/6673d8bc6a9c17fa9a453eaa3448de834fa308c2ec9635b7aa99441a7c8d2cf6?s=96&d=mm&r=g\",\"contentUrl\":\"https:\/\/secure.gravatar.com\/avatar\/6673d8bc6a9c17fa9a453eaa3448de834fa308c2ec9635b7aa99441a7c8d2cf6?s=96&d=mm&r=g\",\"caption\":\"la r\u00e9daction\"},\"url\":\"https:\/\/vosgesinfo.fr\/saintdieinfo\/author\/redac\/\"}]}<\/script>\n<!-- \/ Yoast SEO plugin. -->","yoast_head_json":{"title":"Exposition \u2013 \u00ab\u00a0Poser nos valises\u00a0\u00bb, l'histoire des migrations en territoire vosgien - Saint Die Info","robots":{"index":"index","follow":"follow","max-snippet":"max-snippet:-1","max-image-preview":"max-image-preview:large","max-video-preview":"max-video-preview:-1"},"canonical":"https:\/\/vosgesinfo.fr\/saintdieinfo\/2022\/10\/exposition-poser-nos-valises-lhistoire-migrations-territoire-vosgien\/","twitter_card":"summary_large_image","twitter_title":"Exposition \u2013 \u00ab\u00a0Poser nos valises\u00a0\u00bb, l'histoire des migrations en territoire vosgien - Saint Die Info","twitter_description":"L&rsquo;exposition \u00ab\u00a0Poser nos valises\u00a0\u00bb pr\u00e9sente l&rsquo;histoire des migrations en territoire vosgien, de mani\u00e8re chronologique depuis le n\u00e9olithique, \u00e0 travers une [&hellip;]","twitter_image":"https:\/\/vosgesinfo.fr\/app\/uploads\/sites\/4\/2024\/08\/202210exposition-poser-nos-valises-sous-prefecture-sddv-2.jpg","twitter_creator":"@VosgesInfo88","twitter_site":"@VosgesInfo88","twitter_misc":{"\u00c9crit par":"la r\u00e9daction","Dur\u00e9e de lecture estim\u00e9e":"1 minute"},"schema":{"@context":"https:\/\/schema.org","@graph":[{"@type":"Article","@id":"https:\/\/vosgesinfo.fr\/saintdieinfo\/2022\/10\/exposition-poser-nos-valises-lhistoire-migrations-territoire-vosgien\/#article","isPartOf":{"@id":"https:\/\/vosgesinfo.fr\/saintdieinfo\/2022\/10\/exposition-poser-nos-valises-lhistoire-migrations-territoire-vosgien\/"},"author":{"name":"la r\u00e9daction","@id":"https:\/\/vosgesinfo.fr\/saintdieinfo\/#\/schema\/person\/faee6704a21f3977511db84bd1cd450f"},"headline":"Exposition \u2013 \u00ab\u00a0Poser nos valises\u00a0\u00bb, l&rsquo;histoire des migrations en territoire vosgien","datePublished":"2022-10-26T05:53:24+00:00","dateModified":"2022-10-26T05:53:24+00:00","mainEntityOfPage":{"@id":"https:\/\/vosgesinfo.fr\/saintdieinfo\/2022\/10\/exposition-poser-nos-valises-lhistoire-migrations-territoire-vosgien\/"},"wordCount":335,"commentCount":0,"publisher":{"@id":"https:\/\/vosgesinfo.fr\/saintdieinfo\/#organization"},"image":{"@id":"https:\/\/vosgesinfo.fr\/saintdieinfo\/2022\/10\/exposition-poser-nos-valises-lhistoire-migrations-territoire-vosgien\/#primaryimage"},"thumbnailUrl":"https:\/\/vosgesinfo.fr\/app\/uploads\/sites\/4\/2024\/08\/202210exposition-poser-nos-valises-sous-prefecture-sddv-2.jpg","keywords":["Delphine Souvay","exposition","Poser nos valises","Semaine de l'int\u00e9gration","Sous-pr\u00e9fecture de Saint-Di\u00e9-des-Vosges"],"articleSection":["A la Une","Culture","Saint-Di\u00e9-des-Vosges et son Agglom\u00e9ration"],"inLanguage":"fr-FR","potentialAction":[{"@type":"CommentAction","name":"Comment","target":["https:\/\/vosgesinfo.fr\/saintdieinfo\/2022\/10\/exposition-poser-nos-valises-lhistoire-migrations-territoire-vosgien\/#respond"]}]},{"@type":"WebPage","@id":"https:\/\/vosgesinfo.fr\/saintdieinfo\/2022\/10\/exposition-poser-nos-valises-lhistoire-migrations-territoire-vosgien\/","url":"https:\/\/vosgesinfo.fr\/saintdieinfo\/2022\/10\/exposition-poser-nos-valises-lhistoire-migrations-territoire-vosgien\/","name":"Exposition \u2013 \u00ab\u00a0Poser nos valises\u00a0\u00bb, l'histoire des migrations en territoire vosgien - Saint Die Info","isPartOf":{"@id":"https:\/\/vosgesinfo.fr\/saintdieinfo\/#website"},"primaryImageOfPage":{"@id":"https:\/\/vosgesinfo.fr\/saintdieinfo\/2022\/10\/exposition-poser-nos-valises-lhistoire-migrations-territoire-vosgien\/#primaryimage"},"image":{"@id":"https:\/\/vosgesinfo.fr\/saintdieinfo\/2022\/10\/exposition-poser-nos-valises-lhistoire-migrations-territoire-vosgien\/#primaryimage"},"thumbnailUrl":"https:\/\/vosgesinfo.fr\/app\/uploads\/sites\/4\/2024\/08\/202210exposition-poser-nos-valises-sous-prefecture-sddv-2.jpg","datePublished":"2022-10-26T05:53:24+00:00","dateModified":"2022-10-26T05:53:24+00:00","breadcrumb":{"@id":"https:\/\/vosgesinfo.fr\/saintdieinfo\/2022\/10\/exposition-poser-nos-valises-lhistoire-migrations-territoire-vosgien\/#breadcrumb"},"inLanguage":"fr-FR","potentialAction":[{"@type":"ReadAction","target":["https:\/\/vosgesinfo.fr\/saintdieinfo\/2022\/10\/exposition-poser-nos-valises-lhistoire-migrations-territoire-vosgien\/"]}]},{"@type":"ImageObject","inLanguage":"fr-FR","@id":"https:\/\/vosgesinfo.fr\/saintdieinfo\/2022\/10\/exposition-poser-nos-valises-lhistoire-migrations-territoire-vosgien\/#primaryimage","url":"https:\/\/vosgesinfo.fr\/app\/uploads\/sites\/4\/2024\/08\/202210exposition-poser-nos-valises-sous-prefecture-sddv-2.jpg","contentUrl":"https:\/\/vosgesinfo.fr\/app\/uploads\/sites\/4\/2024\/08\/202210exposition-poser-nos-valises-sous-prefecture-sddv-2.jpg","width":1600,"height":1205},{"@type":"BreadcrumbList","@id":"https:\/\/vosgesinfo.fr\/saintdieinfo\/2022\/10\/exposition-poser-nos-valises-lhistoire-migrations-territoire-vosgien\/#breadcrumb","itemListElement":[{"@type":"ListItem","position":1,"name":"Home","item":"https:\/\/vosgesinfo.fr\/saintdieinfo\/"},{"@type":"ListItem","position":2,"name":"Exposition \u2013 \u00ab\u00a0Poser nos valises\u00a0\u00bb, l&rsquo;histoire des migrations en territoire vosgien"}]},{"@type":"WebSite","@id":"https:\/\/vosgesinfo.fr\/saintdieinfo\/#website","url":"https:\/\/vosgesinfo.fr\/saintdieinfo\/","name":"Saint Die Info","description":"Toute l&#039;actualit\u00e9 de Saint-Di\u00e9-Des-Vosges","publisher":{"@id":"https:\/\/vosgesinfo.fr\/saintdieinfo\/#organization"},"alternateName":"Toute l'actualit\u00e9 de Saint-Di\u00e9-Des-Vosges","potentialAction":[{"@type":"SearchAction","target":{"@type":"EntryPoint","urlTemplate":"https:\/\/vosgesinfo.fr\/saintdieinfo\/?s={search_term_string}"},"query-input":"required name=search_term_string"}],"inLanguage":"fr-FR"},{"@type":"Organization","@id":"https:\/\/vosgesinfo.fr\/saintdieinfo\/#organization","name":"Saint Die Info","url":"https:\/\/vosgesinfo.fr\/saintdieinfo\/","logo":{"@type":"ImageObject","inLanguage":"fr-FR","@id":"https:\/\/vosgesinfo.fr\/saintdieinfo\/#\/schema\/logo\/image\/","url":"https:\/\/vosgesinfo.fr\/app\/uploads\/sites\/4\/2024\/02\/logo-sdi.jpg","contentUrl":"https:\/\/vosgesinfo.fr\/app\/uploads\/sites\/4\/2024\/02\/logo-sdi.jpg","width":600,"height":600,"caption":"Saint Die Info"},"image":{"@id":"https:\/\/vosgesinfo.fr\/saintdieinfo\/#\/schema\/logo\/image\/"},"sameAs":["https:\/\/www.facebook.com\/Saintdieinfofr","https:\/\/x.com\/VosgesInfo88","https:\/\/www.youtube.com\/@vosgesinfo"]},{"@type":"Person","@id":"https:\/\/vosgesinfo.fr\/saintdieinfo\/#\/schema\/person\/faee6704a21f3977511db84bd1cd450f","name":"la r\u00e9daction","image":{"@type":"ImageObject","inLanguage":"fr-FR","@id":"https:\/\/vosgesinfo.fr\/saintdieinfo\/#\/schema\/person\/image\/","url":"https:\/\/secure.gravatar.com\/avatar\/6673d8bc6a9c17fa9a453eaa3448de834fa308c2ec9635b7aa99441a7c8d2cf6?s=96&d=mm&r=g","contentUrl":"https:\/\/secure.gravatar.com\/avatar\/6673d8bc6a9c17fa9a453eaa3448de834fa308c2ec9635b7aa99441a7c8d2cf6?s=96&d=mm&r=g","caption":"la r\u00e9daction"},"url":"https:\/\/vosgesinfo.fr\/saintdieinfo\/author\/redac\/"}]}},"_links":{"self":[{"href":"https:\/\/vosgesinfo.fr\/saintdieinfo\/wp-json\/wp\/v2\/posts\/58981","targetHints":{"allow":["GET"]}}],"collection":[{"href":"https:\/\/vosgesinfo.fr\/saintdieinfo\/wp-json\/wp\/v2\/posts"}],"about":[{"href":"https:\/\/vosgesinfo.fr\/saintdieinfo\/wp-json\/wp\/v2\/types\/post"}],"author":[{"embeddable":true,"href":"https:\/\/vosgesinfo.fr\/saintdieinfo\/wp-json\/wp\/v2\/users\/44"}],"replies":[{"embeddable":true,"href":"https:\/\/vosgesinfo.fr\/saintdieinfo\/wp-json\/wp\/v2\/comments?post=58981"}],"version-history":[{"count":0,"href":"https:\/\/vosgesinfo.fr\/saintdieinfo\/wp-json\/wp\/v2\/posts\/58981\/revisions"}],"wp:featuredmedia":[{"embeddable":true,"href":"https:\/\/vosgesinfo.fr\/saintdieinfo\/wp-json\/wp\/v2\/media\/58982"}],"wp:attachment":[{"href":"https:\/\/vosgesinfo.fr\/saintdieinfo\/wp-json\/wp\/v2\/media?parent=58981"}],"wp:term":[{"taxonomy":"category","embeddable":true,"href":"https:\/\/vosgesinfo.fr\/saintdieinfo\/wp-json\/wp\/v2\/categories?post=58981"},{"taxonomy":"post_tag","embeddable":true,"href":"https:\/\/vosgesinfo.fr\/saintdieinfo\/wp-json\/wp\/v2\/tags?post=58981"}],"curies":[{"name":"wp","href":"https:\/\/api.w.org\/{rel}","templated":true}]}}