{"id":59144,"date":"2022-10-31T10:43:35","date_gmt":"2022-10-31T09:43:35","guid":{"rendered":"https:\/\/vosgesinfo.fr\/saintdieinfo\/2022\/10\/collectes-dechets-menagers-maintenues-1er-novembre-communes-de-communaute-dagglomeration\/"},"modified":"2022-10-31T10:43:35","modified_gmt":"2022-10-31T09:43:35","slug":"collectes-dechets-menagers-maintenues-1er-novembre-communes-de-communaute-dagglomeration","status":"publish","type":"post","link":"https:\/\/vosgesinfo.fr\/saintdieinfo\/2022\/10\/collectes-dechets-menagers-maintenues-1er-novembre-communes-de-communaute-dagglomeration\/","title":{"rendered":"Les collectes des d\u00e9chets m\u00e9nagers maintenues le 1er novembre dans les communes de la Communaut\u00e9 d&rsquo;Agglom\u00e9ration"},"content":{"rendered":"<h2><strong><span style=\"font-size: 14pt;\">La collecte des d\u00e9chets m\u00e9nagers seront maintenues le jour f\u00e9ri\u00e9 du mardi 1er novembre dans les communes de la Communaut\u00e9 d&rsquo;Agglom\u00e9ration de Saint-Di\u00e9-des-Vosges.<\/span><\/strong><\/h2>\n","protected":false},"excerpt":{"rendered":"<p>La collecte des d\u00e9chets m\u00e9nagers seront maintenues le jour f\u00e9ri\u00e9 du mardi 1er novembre dans les communes de la Communaut\u00e9 [&hellip;]<\/p>\n","protected":false},"author":44,"featured_media":28726,"comment_status":"open","ping_status":"open","sticky":false,"template":"","format":"standard","meta":{"footnotes":""},"categories":[3900,2915],"tags":[12965,12966,3282,12967],"class_list":["post-59144","post","type-post","status-publish","format-standard","has-post-thumbnail","hentry","category-breves","category-saint-die-son-canton","tag-1er-novembre","tag-collectes-de-dechets-menagers","tag-communaute-dagglomeration-de-saint-die-des-vosges","tag-jour-ferie"],"acf":[],"yoast_head":"<!-- This site is optimized with the Yoast SEO plugin v22.5 - https:\/\/yoast.com\/wordpress\/plugins\/seo\/ -->\n<title>Les collectes des d\u00e9chets m\u00e9nagers maintenues le 1er novembre dans les communes de la Communaut\u00e9 d&#039;Agglom\u00e9ration - Saint Die Info<\/title>\n<meta name=\"robots\" content=\"index, follow, max-snippet:-1, max-image-preview:large, max-video-preview:-1\" \/>\n<link rel=\"canonical\" href=\"https:\/\/vosgesinfo.fr\/saintdieinfo\/2022\/10\/collectes-dechets-menagers-maintenues-1er-novembre-communes-de-communaute-dagglomeration\/\" \/>\n<meta name=\"twitter:card\" content=\"summary_large_image\" \/>\n<meta name=\"twitter:title\" content=\"Les collectes des d\u00e9chets m\u00e9nagers maintenues le 1er novembre dans les communes de la Communaut\u00e9 d&#039;Agglom\u00e9ration - Saint Die Info\" \/>\n<meta name=\"twitter:description\" content=\"La collecte des d\u00e9chets m\u00e9nagers seront maintenues le jour f\u00e9ri\u00e9 du mardi 1er novembre dans les communes de la Communaut\u00e9 [&hellip;]\" \/>\n<meta name=\"twitter:image\" content=\"https:\/\/vosgesinfo.fr\/app\/uploads\/sites\/4\/2022\/10\/collecte-dechets-menagers.jpg\" \/>\n<meta name=\"twitter:creator\" content=\"@VosgesInfo88\" \/>\n<meta name=\"twitter:site\" content=\"@VosgesInfo88\" \/>\n<meta name=\"twitter:label1\" content=\"\u00c9crit par\" \/>\n\t<meta name=\"twitter:data1\" content=\"la r\u00e9daction\" \/>\n<script type=\"application\/ld+json\" class=\"yoast-schema-graph\">{\"@context\":\"https:\/\/schema.org\",\"@graph\":[{\"@type\":\"Article\",\"@id\":\"https:\/\/vosgesinfo.fr\/saintdieinfo\/2022\/10\/collectes-dechets-menagers-maintenues-1er-novembre-communes-de-communaute-dagglomeration\/#article\",\"isPartOf\":{\"@id\":\"https:\/\/vosgesinfo.fr\/saintdieinfo\/2022\/10\/collectes-dechets-menagers-maintenues-1er-novembre-communes-de-communaute-dagglomeration\/\"},\"author\":{\"name\":\"la r\u00e9daction\",\"@id\":\"https:\/\/vosgesinfo.fr\/saintdieinfo\/#\/schema\/person\/faee6704a21f3977511db84bd1cd450f\"},\"headline\":\"Les collectes des d\u00e9chets m\u00e9nagers maintenues le 1er novembre dans les communes de la Communaut\u00e9 d&rsquo;Agglom\u00e9ration\",\"datePublished\":\"2022-10-31T09:43:35+00:00\",\"dateModified\":\"2022-10-31T09:43:35+00:00\",\"mainEntityOfPage\":{\"@id\":\"https:\/\/vosgesinfo.fr\/saintdieinfo\/2022\/10\/collectes-dechets-menagers-maintenues-1er-novembre-communes-de-communaute-dagglomeration\/\"},\"wordCount\":49,\"commentCount\":0,\"publisher\":{\"@id\":\"https:\/\/vosgesinfo.fr\/saintdieinfo\/#organization\"},\"image\":{\"@id\":\"https:\/\/vosgesinfo.fr\/saintdieinfo\/2022\/10\/collectes-dechets-menagers-maintenues-1er-novembre-communes-de-communaute-dagglomeration\/#primaryimage\"},\"thumbnailUrl\":\"https:\/\/vosgesinfo.fr\/app\/uploads\/sites\/4\/2022\/10\/collecte-dechets-menagers.jpg\",\"keywords\":[\"1er novembre\",\"Collectes de d\u00e9chets m\u00e9nagers\",\"Communaut\u00e9 d'Agglom\u00e9ration de Saint-Di\u00e9-des-Vosges\",\"Jour f\u00e9ri\u00e9\"],\"articleSection\":[\"Br\u00e8ves\",\"Saint-Di\u00e9-des-Vosges et son Agglom\u00e9ration\"],\"inLanguage\":\"fr-FR\",\"potentialAction\":[{\"@type\":\"CommentAction\",\"name\":\"Comment\",\"target\":[\"https:\/\/vosgesinfo.fr\/saintdieinfo\/2022\/10\/collectes-dechets-menagers-maintenues-1er-novembre-communes-de-communaute-dagglomeration\/#respond\"]}]},{\"@type\":\"WebPage\",\"@id\":\"https:\/\/vosgesinfo.fr\/saintdieinfo\/2022\/10\/collectes-dechets-menagers-maintenues-1er-novembre-communes-de-communaute-dagglomeration\/\",\"url\":\"https:\/\/vosgesinfo.fr\/saintdieinfo\/2022\/10\/collectes-dechets-menagers-maintenues-1er-novembre-communes-de-communaute-dagglomeration\/\",\"name\":\"Les collectes des d\u00e9chets m\u00e9nagers maintenues le 1er novembre dans les communes de la Communaut\u00e9 d'Agglom\u00e9ration - Saint Die Info\",\"isPartOf\":{\"@id\":\"https:\/\/vosgesinfo.fr\/saintdieinfo\/#website\"},\"primaryImageOfPage\":{\"@id\":\"https:\/\/vosgesinfo.fr\/saintdieinfo\/2022\/10\/collectes-dechets-menagers-maintenues-1er-novembre-communes-de-communaute-dagglomeration\/#primaryimage\"},\"image\":{\"@id\":\"https:\/\/vosgesinfo.fr\/saintdieinfo\/2022\/10\/collectes-dechets-menagers-maintenues-1er-novembre-communes-de-communaute-dagglomeration\/#primaryimage\"},\"thumbnailUrl\":\"https:\/\/vosgesinfo.fr\/app\/uploads\/sites\/4\/2022\/10\/collecte-dechets-menagers.jpg\",\"datePublished\":\"2022-10-31T09:43:35+00:00\",\"dateModified\":\"2022-10-31T09:43:35+00:00\",\"breadcrumb\":{\"@id\":\"https:\/\/vosgesinfo.fr\/saintdieinfo\/2022\/10\/collectes-dechets-menagers-maintenues-1er-novembre-communes-de-communaute-dagglomeration\/#breadcrumb\"},\"inLanguage\":\"fr-FR\",\"potentialAction\":[{\"@type\":\"ReadAction\",\"target\":[\"https:\/\/vosgesinfo.fr\/saintdieinfo\/2022\/10\/collectes-dechets-menagers-maintenues-1er-novembre-communes-de-communaute-dagglomeration\/\"]}]},{\"@type\":\"ImageObject\",\"inLanguage\":\"fr-FR\",\"@id\":\"https:\/\/vosgesinfo.fr\/saintdieinfo\/2022\/10\/collectes-dechets-menagers-maintenues-1er-novembre-communes-de-communaute-dagglomeration\/#primaryimage\",\"url\":\"https:\/\/vosgesinfo.fr\/app\/uploads\/sites\/4\/2022\/10\/collecte-dechets-menagers.jpg\",\"contentUrl\":\"https:\/\/vosgesinfo.fr\/app\/uploads\/sites\/4\/2022\/10\/collecte-dechets-menagers.jpg\"},{\"@type\":\"BreadcrumbList\",\"@id\":\"https:\/\/vosgesinfo.fr\/saintdieinfo\/2022\/10\/collectes-dechets-menagers-maintenues-1er-novembre-communes-de-communaute-dagglomeration\/#breadcrumb\",\"itemListElement\":[{\"@type\":\"ListItem\",\"position\":1,\"name\":\"Home\",\"item\":\"https:\/\/vosgesinfo.fr\/saintdieinfo\/\"},{\"@type\":\"ListItem\",\"position\":2,\"name\":\"Les collectes des d\u00e9chets m\u00e9nagers maintenues le 1er novembre dans les communes de la Communaut\u00e9 d&rsquo;Agglom\u00e9ration\"}]},{\"@type\":\"WebSite\",\"@id\":\"https:\/\/vosgesinfo.fr\/saintdieinfo\/#website\",\"url\":\"https:\/\/vosgesinfo.fr\/saintdieinfo\/\",\"name\":\"Saint Die Info\",\"description\":\"Toute l&#039;actualit\u00e9 de Saint-Di\u00e9-Des-Vosges\",\"publisher\":{\"@id\":\"https:\/\/vosgesinfo.fr\/saintdieinfo\/#organization\"},\"alternateName\":\"Toute l'actualit\u00e9 de Saint-Di\u00e9-Des-Vosges\",\"potentialAction\":[{\"@type\":\"SearchAction\",\"target\":{\"@type\":\"EntryPoint\",\"urlTemplate\":\"https:\/\/vosgesinfo.fr\/saintdieinfo\/?s={search_term_string}\"},\"query-input\":\"required name=search_term_string\"}],\"inLanguage\":\"fr-FR\"},{\"@type\":\"Organization\",\"@id\":\"https:\/\/vosgesinfo.fr\/saintdieinfo\/#organization\",\"name\":\"Saint Die Info\",\"url\":\"https:\/\/vosgesinfo.fr\/saintdieinfo\/\",\"logo\":{\"@type\":\"ImageObject\",\"inLanguage\":\"fr-FR\",\"@id\":\"https:\/\/vosgesinfo.fr\/saintdieinfo\/#\/schema\/logo\/image\/\",\"url\":\"https:\/\/vosgesinfo.fr\/app\/uploads\/sites\/4\/2024\/02\/logo-sdi.jpg\",\"contentUrl\":\"https:\/\/vosgesinfo.fr\/app\/uploads\/sites\/4\/2024\/02\/logo-sdi.jpg\",\"width\":600,\"height\":600,\"caption\":\"Saint Die Info\"},\"image\":{\"@id\":\"https:\/\/vosgesinfo.fr\/saintdieinfo\/#\/schema\/logo\/image\/\"},\"sameAs\":[\"https:\/\/www.facebook.com\/Saintdieinfofr\",\"https:\/\/x.com\/VosgesInfo88\",\"https:\/\/www.youtube.com\/@vosgesinfo\"]},{\"@type\":\"Person\",\"@id\":\"https:\/\/vosgesinfo.fr\/saintdieinfo\/#\/schema\/person\/faee6704a21f3977511db84bd1cd450f\",\"name\":\"la r\u00e9daction\",\"image\":{\"@type\":\"ImageObject\",\"inLanguage\":\"fr-FR\",\"@id\":\"https:\/\/vosgesinfo.fr\/saintdieinfo\/#\/schema\/person\/image\/\",\"url\":\"https:\/\/secure.gravatar.com\/avatar\/6673d8bc6a9c17fa9a453eaa3448de834fa308c2ec9635b7aa99441a7c8d2cf6?s=96&d=mm&r=g\",\"contentUrl\":\"https:\/\/secure.gravatar.com\/avatar\/6673d8bc6a9c17fa9a453eaa3448de834fa308c2ec9635b7aa99441a7c8d2cf6?s=96&d=mm&r=g\",\"caption\":\"la r\u00e9daction\"},\"url\":\"https:\/\/vosgesinfo.fr\/saintdieinfo\/author\/redac\/\"}]}<\/script>\n<!-- \/ Yoast SEO plugin. -->","yoast_head_json":{"title":"Les collectes des d\u00e9chets m\u00e9nagers maintenues le 1er novembre dans les communes de la Communaut\u00e9 d'Agglom\u00e9ration - Saint Die Info","robots":{"index":"index","follow":"follow","max-snippet":"max-snippet:-1","max-image-preview":"max-image-preview:large","max-video-preview":"max-video-preview:-1"},"canonical":"https:\/\/vosgesinfo.fr\/saintdieinfo\/2022\/10\/collectes-dechets-menagers-maintenues-1er-novembre-communes-de-communaute-dagglomeration\/","twitter_card":"summary_large_image","twitter_title":"Les collectes des d\u00e9chets m\u00e9nagers maintenues le 1er novembre dans les communes de la Communaut\u00e9 d'Agglom\u00e9ration - Saint Die Info","twitter_description":"La collecte des d\u00e9chets m\u00e9nagers seront maintenues le jour f\u00e9ri\u00e9 du mardi 1er novembre dans les communes de la Communaut\u00e9 [&hellip;]","twitter_image":"https:\/\/vosgesinfo.fr\/app\/uploads\/sites\/4\/2022\/10\/collecte-dechets-menagers.jpg","twitter_creator":"@VosgesInfo88","twitter_site":"@VosgesInfo88","twitter_misc":{"\u00c9crit par":"la r\u00e9daction"},"schema":{"@context":"https:\/\/schema.org","@graph":[{"@type":"Article","@id":"https:\/\/vosgesinfo.fr\/saintdieinfo\/2022\/10\/collectes-dechets-menagers-maintenues-1er-novembre-communes-de-communaute-dagglomeration\/#article","isPartOf":{"@id":"https:\/\/vosgesinfo.fr\/saintdieinfo\/2022\/10\/collectes-dechets-menagers-maintenues-1er-novembre-communes-de-communaute-dagglomeration\/"},"author":{"name":"la r\u00e9daction","@id":"https:\/\/vosgesinfo.fr\/saintdieinfo\/#\/schema\/person\/faee6704a21f3977511db84bd1cd450f"},"headline":"Les collectes des d\u00e9chets m\u00e9nagers maintenues le 1er novembre dans les communes de la Communaut\u00e9 d&rsquo;Agglom\u00e9ration","datePublished":"2022-10-31T09:43:35+00:00","dateModified":"2022-10-31T09:43:35+00:00","mainEntityOfPage":{"@id":"https:\/\/vosgesinfo.fr\/saintdieinfo\/2022\/10\/collectes-dechets-menagers-maintenues-1er-novembre-communes-de-communaute-dagglomeration\/"},"wordCount":49,"commentCount":0,"publisher":{"@id":"https:\/\/vosgesinfo.fr\/saintdieinfo\/#organization"},"image":{"@id":"https:\/\/vosgesinfo.fr\/saintdieinfo\/2022\/10\/collectes-dechets-menagers-maintenues-1er-novembre-communes-de-communaute-dagglomeration\/#primaryimage"},"thumbnailUrl":"https:\/\/vosgesinfo.fr\/app\/uploads\/sites\/4\/2022\/10\/collecte-dechets-menagers.jpg","keywords":["1er novembre","Collectes de d\u00e9chets m\u00e9nagers","Communaut\u00e9 d'Agglom\u00e9ration de Saint-Di\u00e9-des-Vosges","Jour f\u00e9ri\u00e9"],"articleSection":["Br\u00e8ves","Saint-Di\u00e9-des-Vosges et son Agglom\u00e9ration"],"inLanguage":"fr-FR","potentialAction":[{"@type":"CommentAction","name":"Comment","target":["https:\/\/vosgesinfo.fr\/saintdieinfo\/2022\/10\/collectes-dechets-menagers-maintenues-1er-novembre-communes-de-communaute-dagglomeration\/#respond"]}]},{"@type":"WebPage","@id":"https:\/\/vosgesinfo.fr\/saintdieinfo\/2022\/10\/collectes-dechets-menagers-maintenues-1er-novembre-communes-de-communaute-dagglomeration\/","url":"https:\/\/vosgesinfo.fr\/saintdieinfo\/2022\/10\/collectes-dechets-menagers-maintenues-1er-novembre-communes-de-communaute-dagglomeration\/","name":"Les collectes des d\u00e9chets m\u00e9nagers maintenues le 1er novembre dans les communes de la Communaut\u00e9 d'Agglom\u00e9ration - Saint Die Info","isPartOf":{"@id":"https:\/\/vosgesinfo.fr\/saintdieinfo\/#website"},"primaryImageOfPage":{"@id":"https:\/\/vosgesinfo.fr\/saintdieinfo\/2022\/10\/collectes-dechets-menagers-maintenues-1er-novembre-communes-de-communaute-dagglomeration\/#primaryimage"},"image":{"@id":"https:\/\/vosgesinfo.fr\/saintdieinfo\/2022\/10\/collectes-dechets-menagers-maintenues-1er-novembre-communes-de-communaute-dagglomeration\/#primaryimage"},"thumbnailUrl":"https:\/\/vosgesinfo.fr\/app\/uploads\/sites\/4\/2022\/10\/collecte-dechets-menagers.jpg","datePublished":"2022-10-31T09:43:35+00:00","dateModified":"2022-10-31T09:43:35+00:00","breadcrumb":{"@id":"https:\/\/vosgesinfo.fr\/saintdieinfo\/2022\/10\/collectes-dechets-menagers-maintenues-1er-novembre-communes-de-communaute-dagglomeration\/#breadcrumb"},"inLanguage":"fr-FR","potentialAction":[{"@type":"ReadAction","target":["https:\/\/vosgesinfo.fr\/saintdieinfo\/2022\/10\/collectes-dechets-menagers-maintenues-1er-novembre-communes-de-communaute-dagglomeration\/"]}]},{"@type":"ImageObject","inLanguage":"fr-FR","@id":"https:\/\/vosgesinfo.fr\/saintdieinfo\/2022\/10\/collectes-dechets-menagers-maintenues-1er-novembre-communes-de-communaute-dagglomeration\/#primaryimage","url":"https:\/\/vosgesinfo.fr\/app\/uploads\/sites\/4\/2022\/10\/collecte-dechets-menagers.jpg","contentUrl":"https:\/\/vosgesinfo.fr\/app\/uploads\/sites\/4\/2022\/10\/collecte-dechets-menagers.jpg"},{"@type":"BreadcrumbList","@id":"https:\/\/vosgesinfo.fr\/saintdieinfo\/2022\/10\/collectes-dechets-menagers-maintenues-1er-novembre-communes-de-communaute-dagglomeration\/#breadcrumb","itemListElement":[{"@type":"ListItem","position":1,"name":"Home","item":"https:\/\/vosgesinfo.fr\/saintdieinfo\/"},{"@type":"ListItem","position":2,"name":"Les collectes des d\u00e9chets m\u00e9nagers maintenues le 1er novembre dans les communes de la Communaut\u00e9 d&rsquo;Agglom\u00e9ration"}]},{"@type":"WebSite","@id":"https:\/\/vosgesinfo.fr\/saintdieinfo\/#website","url":"https:\/\/vosgesinfo.fr\/saintdieinfo\/","name":"Saint Die Info","description":"Toute l&#039;actualit\u00e9 de Saint-Di\u00e9-Des-Vosges","publisher":{"@id":"https:\/\/vosgesinfo.fr\/saintdieinfo\/#organization"},"alternateName":"Toute l'actualit\u00e9 de Saint-Di\u00e9-Des-Vosges","potentialAction":[{"@type":"SearchAction","target":{"@type":"EntryPoint","urlTemplate":"https:\/\/vosgesinfo.fr\/saintdieinfo\/?s={search_term_string}"},"query-input":"required name=search_term_string"}],"inLanguage":"fr-FR"},{"@type":"Organization","@id":"https:\/\/vosgesinfo.fr\/saintdieinfo\/#organization","name":"Saint Die Info","url":"https:\/\/vosgesinfo.fr\/saintdieinfo\/","logo":{"@type":"ImageObject","inLanguage":"fr-FR","@id":"https:\/\/vosgesinfo.fr\/saintdieinfo\/#\/schema\/logo\/image\/","url":"https:\/\/vosgesinfo.fr\/app\/uploads\/sites\/4\/2024\/02\/logo-sdi.jpg","contentUrl":"https:\/\/vosgesinfo.fr\/app\/uploads\/sites\/4\/2024\/02\/logo-sdi.jpg","width":600,"height":600,"caption":"Saint Die Info"},"image":{"@id":"https:\/\/vosgesinfo.fr\/saintdieinfo\/#\/schema\/logo\/image\/"},"sameAs":["https:\/\/www.facebook.com\/Saintdieinfofr","https:\/\/x.com\/VosgesInfo88","https:\/\/www.youtube.com\/@vosgesinfo"]},{"@type":"Person","@id":"https:\/\/vosgesinfo.fr\/saintdieinfo\/#\/schema\/person\/faee6704a21f3977511db84bd1cd450f","name":"la r\u00e9daction","image":{"@type":"ImageObject","inLanguage":"fr-FR","@id":"https:\/\/vosgesinfo.fr\/saintdieinfo\/#\/schema\/person\/image\/","url":"https:\/\/secure.gravatar.com\/avatar\/6673d8bc6a9c17fa9a453eaa3448de834fa308c2ec9635b7aa99441a7c8d2cf6?s=96&d=mm&r=g","contentUrl":"https:\/\/secure.gravatar.com\/avatar\/6673d8bc6a9c17fa9a453eaa3448de834fa308c2ec9635b7aa99441a7c8d2cf6?s=96&d=mm&r=g","caption":"la r\u00e9daction"},"url":"https:\/\/vosgesinfo.fr\/saintdieinfo\/author\/redac\/"}]}},"_links":{"self":[{"href":"https:\/\/vosgesinfo.fr\/saintdieinfo\/wp-json\/wp\/v2\/posts\/59144","targetHints":{"allow":["GET"]}}],"collection":[{"href":"https:\/\/vosgesinfo.fr\/saintdieinfo\/wp-json\/wp\/v2\/posts"}],"about":[{"href":"https:\/\/vosgesinfo.fr\/saintdieinfo\/wp-json\/wp\/v2\/types\/post"}],"author":[{"embeddable":true,"href":"https:\/\/vosgesinfo.fr\/saintdieinfo\/wp-json\/wp\/v2\/users\/44"}],"replies":[{"embeddable":true,"href":"https:\/\/vosgesinfo.fr\/saintdieinfo\/wp-json\/wp\/v2\/comments?post=59144"}],"version-history":[{"count":0,"href":"https:\/\/vosgesinfo.fr\/saintdieinfo\/wp-json\/wp\/v2\/posts\/59144\/revisions"}],"wp:featuredmedia":[{"embeddable":true,"href":"https:\/\/vosgesinfo.fr\/saintdieinfo\/wp-json\/wp\/v2\/media\/28726"}],"wp:attachment":[{"href":"https:\/\/vosgesinfo.fr\/saintdieinfo\/wp-json\/wp\/v2\/media?parent=59144"}],"wp:term":[{"taxonomy":"category","embeddable":true,"href":"https:\/\/vosgesinfo.fr\/saintdieinfo\/wp-json\/wp\/v2\/categories?post=59144"},{"taxonomy":"post_tag","embeddable":true,"href":"https:\/\/vosgesinfo.fr\/saintdieinfo\/wp-json\/wp\/v2\/tags?post=59144"}],"curies":[{"name":"wp","href":"https:\/\/api.w.org\/{rel}","templated":true}]}}