{"id":59171,"date":"2022-11-01T10:18:29","date_gmt":"2022-11-01T09:18:29","guid":{"rendered":"https:\/\/vosgesinfo.fr\/saintdieinfo\/2022\/11\/spa-deodatienne-fete-halloween\/"},"modified":"2022-11-01T10:18:29","modified_gmt":"2022-11-01T09:18:29","slug":"spa-deodatienne-fete-halloween","status":"publish","type":"post","link":"https:\/\/vosgesinfo.fr\/saintdieinfo\/2022\/11\/spa-deodatienne-fete-halloween\/","title":{"rendered":"La SPA D\u00e9odatienne f\u00eate Halloween"},"content":{"rendered":"<div id=\"attachment_192080\" style=\"width: 970px\" class=\"wp-caption aligncenter\"><a href=\"\/2022\/11\/Soir\u00e9e_Halloween_SPA_D\u00e9odatienne-5.jpg\" target=\"_blank\" rel=\"noopener\"><img decoding=\"async\" aria-describedby=\"caption-attachment-192080\" class=\"wp-image-192080 size-large\" src=\"\/2022\/11\/Soir\u00e9e_Halloween_SPA_D\u00e9odatienne-5-1024x683.jpg\" alt=\"Soir\u00e9e_Halloween_SPA_D\u00e9odatienne (5)\" width=\"960\" height=\"640\" \/><\/a><p id=\"caption-attachment-192080\" class=\"wp-caption-text\">(Photographies Marc Fourniquet)<\/p><\/div>\n<h2><strong><span style=\"font-family: Calibri, sans-serif; font-size: 14pt;\">A l&rsquo;occasion d&rsquo;Halloween, la SPA D\u00e9odatienne organisait ce lundi soir une soir\u00e9e festive \u00e0 l&rsquo;Espace Fran\u00e7ois-Mitterrand. La premi\u00e8re en date.<\/span><\/strong><\/h2>\n<p><!--more--><\/p>\n<p><span style=\"font-family: Calibri, sans-serif;\"><span style=\"font-size: large;\">Anim\u00e9e par Nicolas Risacher de Fun Party, cette soir\u00e9e conviviale a r\u00e9uni environ 80 personnes, petits comme grands, sachant qu&rsquo;un cocktail \u00e9tait offert par l&rsquo;association de protection animale aux adultes qui avaient fait l&rsquo;effort de venir d\u00e9guis\u00e9. Et ils \u00e9taient nombreux \u00e0 s&rsquo;\u00eatre grim\u00e9s en vampires, sorci\u00e8res, fant\u00f4mes, zombies et autres cr\u00e9atures effrayantes. Comme pour les portes-ouvertes en septembre et le grand loto d&rsquo;octobre, cette soir\u00e9e d&rsquo;Halloween permettait de r\u00e9colter de l&rsquo;argent pour financer les diff\u00e9rents projets de la SPA D\u00e9odatienne, notamment la reconstruction du refuge des Mo\u00eetresses.<\/span><\/span><\/p>\n<p>J.J.<\/p>\n\n","protected":false},"excerpt":{"rendered":"<p>A l&rsquo;occasion d&rsquo;Halloween, la SPA D\u00e9odatienne organisait ce lundi soir une soir\u00e9e festive \u00e0 l&rsquo;Espace Fran\u00e7ois-Mitterrand. La premi\u00e8re en date.<\/p>\n","protected":false},"author":44,"featured_media":59172,"comment_status":"open","ping_status":"open","sticky":false,"template":"","format":"standard","meta":{"footnotes":""},"categories":[460,20,2915,17],"tags":[3089,2457,12970,2944],"class_list":["post-59171","post","type-post","status-publish","format-standard","has-post-thumbnail","hentry","category-a-la-une","category-loisirs","category-saint-die-son-canton","category-vie-associative","tag-espace-francois-mitterrand","tag-halloween","tag-soiree-dhalloween","tag-spa-deodatienne"],"acf":[],"yoast_head":"<!-- This site is optimized with the Yoast SEO plugin v22.5 - https:\/\/yoast.com\/wordpress\/plugins\/seo\/ -->\n<title>La SPA D\u00e9odatienne f\u00eate Halloween - Saint Die Info<\/title>\n<meta name=\"robots\" content=\"index, follow, max-snippet:-1, max-image-preview:large, max-video-preview:-1\" \/>\n<link rel=\"canonical\" href=\"https:\/\/vosgesinfo.fr\/saintdieinfo\/2022\/11\/spa-deodatienne-fete-halloween\/\" \/>\n<meta name=\"twitter:card\" content=\"summary_large_image\" \/>\n<meta name=\"twitter:title\" content=\"La SPA D\u00e9odatienne f\u00eate Halloween - Saint Die Info\" \/>\n<meta name=\"twitter:description\" content=\"A l&rsquo;occasion d&rsquo;Halloween, la SPA D\u00e9odatienne organisait ce lundi soir une soir\u00e9e festive \u00e0 l&rsquo;Espace Fran\u00e7ois-Mitterrand. La premi\u00e8re en date.\" \/>\n<meta name=\"twitter:image\" content=\"https:\/\/vosgesinfo.fr\/app\/uploads\/sites\/4\/2024\/08\/202211soiree-halloween-spa-deodatienne-5.jpg\" \/>\n<meta name=\"twitter:creator\" content=\"@VosgesInfo88\" \/>\n<meta name=\"twitter:site\" content=\"@VosgesInfo88\" \/>\n<meta name=\"twitter:label1\" content=\"\u00c9crit par\" \/>\n\t<meta name=\"twitter:data1\" content=\"la r\u00e9daction\" \/>\n\t<meta name=\"twitter:label2\" content=\"Dur\u00e9e de lecture estim\u00e9e\" \/>\n\t<meta name=\"twitter:data2\" content=\"1 minute\" \/>\n<script type=\"application\/ld+json\" class=\"yoast-schema-graph\">{\"@context\":\"https:\/\/schema.org\",\"@graph\":[{\"@type\":\"Article\",\"@id\":\"https:\/\/vosgesinfo.fr\/saintdieinfo\/2022\/11\/spa-deodatienne-fete-halloween\/#article\",\"isPartOf\":{\"@id\":\"https:\/\/vosgesinfo.fr\/saintdieinfo\/2022\/11\/spa-deodatienne-fete-halloween\/\"},\"author\":{\"name\":\"la r\u00e9daction\",\"@id\":\"https:\/\/vosgesinfo.fr\/saintdieinfo\/#\/schema\/person\/faee6704a21f3977511db84bd1cd450f\"},\"headline\":\"La SPA D\u00e9odatienne f\u00eate Halloween\",\"datePublished\":\"2022-11-01T09:18:29+00:00\",\"dateModified\":\"2022-11-01T09:18:29+00:00\",\"mainEntityOfPage\":{\"@id\":\"https:\/\/vosgesinfo.fr\/saintdieinfo\/2022\/11\/spa-deodatienne-fete-halloween\/\"},\"wordCount\":157,\"commentCount\":0,\"publisher\":{\"@id\":\"https:\/\/vosgesinfo.fr\/saintdieinfo\/#organization\"},\"image\":{\"@id\":\"https:\/\/vosgesinfo.fr\/saintdieinfo\/2022\/11\/spa-deodatienne-fete-halloween\/#primaryimage\"},\"thumbnailUrl\":\"https:\/\/vosgesinfo.fr\/app\/uploads\/sites\/4\/2024\/08\/202211soiree-halloween-spa-deodatienne-5.jpg\",\"keywords\":[\"Espace Fran\u00e7ois-Mitterrand\",\"Halloween\",\"Soir\u00e9e d'Halloween\",\"SPA D\u00e9odatienne\"],\"articleSection\":[\"A la Une\",\"Loisirs\",\"Saint-Di\u00e9-des-Vosges et son Agglom\u00e9ration\",\"Vie Associative\"],\"inLanguage\":\"fr-FR\",\"potentialAction\":[{\"@type\":\"CommentAction\",\"name\":\"Comment\",\"target\":[\"https:\/\/vosgesinfo.fr\/saintdieinfo\/2022\/11\/spa-deodatienne-fete-halloween\/#respond\"]}]},{\"@type\":\"WebPage\",\"@id\":\"https:\/\/vosgesinfo.fr\/saintdieinfo\/2022\/11\/spa-deodatienne-fete-halloween\/\",\"url\":\"https:\/\/vosgesinfo.fr\/saintdieinfo\/2022\/11\/spa-deodatienne-fete-halloween\/\",\"name\":\"La SPA D\u00e9odatienne f\u00eate Halloween - Saint Die Info\",\"isPartOf\":{\"@id\":\"https:\/\/vosgesinfo.fr\/saintdieinfo\/#website\"},\"primaryImageOfPage\":{\"@id\":\"https:\/\/vosgesinfo.fr\/saintdieinfo\/2022\/11\/spa-deodatienne-fete-halloween\/#primaryimage\"},\"image\":{\"@id\":\"https:\/\/vosgesinfo.fr\/saintdieinfo\/2022\/11\/spa-deodatienne-fete-halloween\/#primaryimage\"},\"thumbnailUrl\":\"https:\/\/vosgesinfo.fr\/app\/uploads\/sites\/4\/2024\/08\/202211soiree-halloween-spa-deodatienne-5.jpg\",\"datePublished\":\"2022-11-01T09:18:29+00:00\",\"dateModified\":\"2022-11-01T09:18:29+00:00\",\"breadcrumb\":{\"@id\":\"https:\/\/vosgesinfo.fr\/saintdieinfo\/2022\/11\/spa-deodatienne-fete-halloween\/#breadcrumb\"},\"inLanguage\":\"fr-FR\",\"potentialAction\":[{\"@type\":\"ReadAction\",\"target\":[\"https:\/\/vosgesinfo.fr\/saintdieinfo\/2022\/11\/spa-deodatienne-fete-halloween\/\"]}]},{\"@type\":\"ImageObject\",\"inLanguage\":\"fr-FR\",\"@id\":\"https:\/\/vosgesinfo.fr\/saintdieinfo\/2022\/11\/spa-deodatienne-fete-halloween\/#primaryimage\",\"url\":\"https:\/\/vosgesinfo.fr\/app\/uploads\/sites\/4\/2024\/08\/202211soiree-halloween-spa-deodatienne-5.jpg\",\"contentUrl\":\"https:\/\/vosgesinfo.fr\/app\/uploads\/sites\/4\/2024\/08\/202211soiree-halloween-spa-deodatienne-5.jpg\",\"width\":2048,\"height\":1365},{\"@type\":\"BreadcrumbList\",\"@id\":\"https:\/\/vosgesinfo.fr\/saintdieinfo\/2022\/11\/spa-deodatienne-fete-halloween\/#breadcrumb\",\"itemListElement\":[{\"@type\":\"ListItem\",\"position\":1,\"name\":\"Home\",\"item\":\"https:\/\/vosgesinfo.fr\/saintdieinfo\/\"},{\"@type\":\"ListItem\",\"position\":2,\"name\":\"La SPA D\u00e9odatienne f\u00eate Halloween\"}]},{\"@type\":\"WebSite\",\"@id\":\"https:\/\/vosgesinfo.fr\/saintdieinfo\/#website\",\"url\":\"https:\/\/vosgesinfo.fr\/saintdieinfo\/\",\"name\":\"Saint Die Info\",\"description\":\"Toute l&#039;actualit\u00e9 de Saint-Di\u00e9-Des-Vosges\",\"publisher\":{\"@id\":\"https:\/\/vosgesinfo.fr\/saintdieinfo\/#organization\"},\"alternateName\":\"Toute l'actualit\u00e9 de Saint-Di\u00e9-Des-Vosges\",\"potentialAction\":[{\"@type\":\"SearchAction\",\"target\":{\"@type\":\"EntryPoint\",\"urlTemplate\":\"https:\/\/vosgesinfo.fr\/saintdieinfo\/?s={search_term_string}\"},\"query-input\":\"required name=search_term_string\"}],\"inLanguage\":\"fr-FR\"},{\"@type\":\"Organization\",\"@id\":\"https:\/\/vosgesinfo.fr\/saintdieinfo\/#organization\",\"name\":\"Saint Die Info\",\"url\":\"https:\/\/vosgesinfo.fr\/saintdieinfo\/\",\"logo\":{\"@type\":\"ImageObject\",\"inLanguage\":\"fr-FR\",\"@id\":\"https:\/\/vosgesinfo.fr\/saintdieinfo\/#\/schema\/logo\/image\/\",\"url\":\"https:\/\/vosgesinfo.fr\/app\/uploads\/sites\/4\/2024\/02\/logo-sdi.jpg\",\"contentUrl\":\"https:\/\/vosgesinfo.fr\/app\/uploads\/sites\/4\/2024\/02\/logo-sdi.jpg\",\"width\":600,\"height\":600,\"caption\":\"Saint Die Info\"},\"image\":{\"@id\":\"https:\/\/vosgesinfo.fr\/saintdieinfo\/#\/schema\/logo\/image\/\"},\"sameAs\":[\"https:\/\/www.facebook.com\/Saintdieinfofr\",\"https:\/\/x.com\/VosgesInfo88\",\"https:\/\/www.youtube.com\/@vosgesinfo\"]},{\"@type\":\"Person\",\"@id\":\"https:\/\/vosgesinfo.fr\/saintdieinfo\/#\/schema\/person\/faee6704a21f3977511db84bd1cd450f\",\"name\":\"la r\u00e9daction\",\"image\":{\"@type\":\"ImageObject\",\"inLanguage\":\"fr-FR\",\"@id\":\"https:\/\/vosgesinfo.fr\/saintdieinfo\/#\/schema\/person\/image\/\",\"url\":\"https:\/\/secure.gravatar.com\/avatar\/6673d8bc6a9c17fa9a453eaa3448de834fa308c2ec9635b7aa99441a7c8d2cf6?s=96&d=mm&r=g\",\"contentUrl\":\"https:\/\/secure.gravatar.com\/avatar\/6673d8bc6a9c17fa9a453eaa3448de834fa308c2ec9635b7aa99441a7c8d2cf6?s=96&d=mm&r=g\",\"caption\":\"la r\u00e9daction\"},\"url\":\"https:\/\/vosgesinfo.fr\/saintdieinfo\/author\/redac\/\"}]}<\/script>\n<!-- \/ Yoast SEO plugin. -->","yoast_head_json":{"title":"La SPA D\u00e9odatienne f\u00eate Halloween - Saint Die Info","robots":{"index":"index","follow":"follow","max-snippet":"max-snippet:-1","max-image-preview":"max-image-preview:large","max-video-preview":"max-video-preview:-1"},"canonical":"https:\/\/vosgesinfo.fr\/saintdieinfo\/2022\/11\/spa-deodatienne-fete-halloween\/","twitter_card":"summary_large_image","twitter_title":"La SPA D\u00e9odatienne f\u00eate Halloween - Saint Die Info","twitter_description":"A l&rsquo;occasion d&rsquo;Halloween, la SPA D\u00e9odatienne organisait ce lundi soir une soir\u00e9e festive \u00e0 l&rsquo;Espace Fran\u00e7ois-Mitterrand. La premi\u00e8re en date.","twitter_image":"https:\/\/vosgesinfo.fr\/app\/uploads\/sites\/4\/2024\/08\/202211soiree-halloween-spa-deodatienne-5.jpg","twitter_creator":"@VosgesInfo88","twitter_site":"@VosgesInfo88","twitter_misc":{"\u00c9crit par":"la r\u00e9daction","Dur\u00e9e de lecture estim\u00e9e":"1 minute"},"schema":{"@context":"https:\/\/schema.org","@graph":[{"@type":"Article","@id":"https:\/\/vosgesinfo.fr\/saintdieinfo\/2022\/11\/spa-deodatienne-fete-halloween\/#article","isPartOf":{"@id":"https:\/\/vosgesinfo.fr\/saintdieinfo\/2022\/11\/spa-deodatienne-fete-halloween\/"},"author":{"name":"la r\u00e9daction","@id":"https:\/\/vosgesinfo.fr\/saintdieinfo\/#\/schema\/person\/faee6704a21f3977511db84bd1cd450f"},"headline":"La SPA D\u00e9odatienne f\u00eate Halloween","datePublished":"2022-11-01T09:18:29+00:00","dateModified":"2022-11-01T09:18:29+00:00","mainEntityOfPage":{"@id":"https:\/\/vosgesinfo.fr\/saintdieinfo\/2022\/11\/spa-deodatienne-fete-halloween\/"},"wordCount":157,"commentCount":0,"publisher":{"@id":"https:\/\/vosgesinfo.fr\/saintdieinfo\/#organization"},"image":{"@id":"https:\/\/vosgesinfo.fr\/saintdieinfo\/2022\/11\/spa-deodatienne-fete-halloween\/#primaryimage"},"thumbnailUrl":"https:\/\/vosgesinfo.fr\/app\/uploads\/sites\/4\/2024\/08\/202211soiree-halloween-spa-deodatienne-5.jpg","keywords":["Espace Fran\u00e7ois-Mitterrand","Halloween","Soir\u00e9e d'Halloween","SPA D\u00e9odatienne"],"articleSection":["A la Une","Loisirs","Saint-Di\u00e9-des-Vosges et son Agglom\u00e9ration","Vie Associative"],"inLanguage":"fr-FR","potentialAction":[{"@type":"CommentAction","name":"Comment","target":["https:\/\/vosgesinfo.fr\/saintdieinfo\/2022\/11\/spa-deodatienne-fete-halloween\/#respond"]}]},{"@type":"WebPage","@id":"https:\/\/vosgesinfo.fr\/saintdieinfo\/2022\/11\/spa-deodatienne-fete-halloween\/","url":"https:\/\/vosgesinfo.fr\/saintdieinfo\/2022\/11\/spa-deodatienne-fete-halloween\/","name":"La SPA D\u00e9odatienne f\u00eate Halloween - Saint Die Info","isPartOf":{"@id":"https:\/\/vosgesinfo.fr\/saintdieinfo\/#website"},"primaryImageOfPage":{"@id":"https:\/\/vosgesinfo.fr\/saintdieinfo\/2022\/11\/spa-deodatienne-fete-halloween\/#primaryimage"},"image":{"@id":"https:\/\/vosgesinfo.fr\/saintdieinfo\/2022\/11\/spa-deodatienne-fete-halloween\/#primaryimage"},"thumbnailUrl":"https:\/\/vosgesinfo.fr\/app\/uploads\/sites\/4\/2024\/08\/202211soiree-halloween-spa-deodatienne-5.jpg","datePublished":"2022-11-01T09:18:29+00:00","dateModified":"2022-11-01T09:18:29+00:00","breadcrumb":{"@id":"https:\/\/vosgesinfo.fr\/saintdieinfo\/2022\/11\/spa-deodatienne-fete-halloween\/#breadcrumb"},"inLanguage":"fr-FR","potentialAction":[{"@type":"ReadAction","target":["https:\/\/vosgesinfo.fr\/saintdieinfo\/2022\/11\/spa-deodatienne-fete-halloween\/"]}]},{"@type":"ImageObject","inLanguage":"fr-FR","@id":"https:\/\/vosgesinfo.fr\/saintdieinfo\/2022\/11\/spa-deodatienne-fete-halloween\/#primaryimage","url":"https:\/\/vosgesinfo.fr\/app\/uploads\/sites\/4\/2024\/08\/202211soiree-halloween-spa-deodatienne-5.jpg","contentUrl":"https:\/\/vosgesinfo.fr\/app\/uploads\/sites\/4\/2024\/08\/202211soiree-halloween-spa-deodatienne-5.jpg","width":2048,"height":1365},{"@type":"BreadcrumbList","@id":"https:\/\/vosgesinfo.fr\/saintdieinfo\/2022\/11\/spa-deodatienne-fete-halloween\/#breadcrumb","itemListElement":[{"@type":"ListItem","position":1,"name":"Home","item":"https:\/\/vosgesinfo.fr\/saintdieinfo\/"},{"@type":"ListItem","position":2,"name":"La SPA D\u00e9odatienne f\u00eate Halloween"}]},{"@type":"WebSite","@id":"https:\/\/vosgesinfo.fr\/saintdieinfo\/#website","url":"https:\/\/vosgesinfo.fr\/saintdieinfo\/","name":"Saint Die Info","description":"Toute l&#039;actualit\u00e9 de Saint-Di\u00e9-Des-Vosges","publisher":{"@id":"https:\/\/vosgesinfo.fr\/saintdieinfo\/#organization"},"alternateName":"Toute l'actualit\u00e9 de Saint-Di\u00e9-Des-Vosges","potentialAction":[{"@type":"SearchAction","target":{"@type":"EntryPoint","urlTemplate":"https:\/\/vosgesinfo.fr\/saintdieinfo\/?s={search_term_string}"},"query-input":"required name=search_term_string"}],"inLanguage":"fr-FR"},{"@type":"Organization","@id":"https:\/\/vosgesinfo.fr\/saintdieinfo\/#organization","name":"Saint Die Info","url":"https:\/\/vosgesinfo.fr\/saintdieinfo\/","logo":{"@type":"ImageObject","inLanguage":"fr-FR","@id":"https:\/\/vosgesinfo.fr\/saintdieinfo\/#\/schema\/logo\/image\/","url":"https:\/\/vosgesinfo.fr\/app\/uploads\/sites\/4\/2024\/02\/logo-sdi.jpg","contentUrl":"https:\/\/vosgesinfo.fr\/app\/uploads\/sites\/4\/2024\/02\/logo-sdi.jpg","width":600,"height":600,"caption":"Saint Die Info"},"image":{"@id":"https:\/\/vosgesinfo.fr\/saintdieinfo\/#\/schema\/logo\/image\/"},"sameAs":["https:\/\/www.facebook.com\/Saintdieinfofr","https:\/\/x.com\/VosgesInfo88","https:\/\/www.youtube.com\/@vosgesinfo"]},{"@type":"Person","@id":"https:\/\/vosgesinfo.fr\/saintdieinfo\/#\/schema\/person\/faee6704a21f3977511db84bd1cd450f","name":"la r\u00e9daction","image":{"@type":"ImageObject","inLanguage":"fr-FR","@id":"https:\/\/vosgesinfo.fr\/saintdieinfo\/#\/schema\/person\/image\/","url":"https:\/\/secure.gravatar.com\/avatar\/6673d8bc6a9c17fa9a453eaa3448de834fa308c2ec9635b7aa99441a7c8d2cf6?s=96&d=mm&r=g","contentUrl":"https:\/\/secure.gravatar.com\/avatar\/6673d8bc6a9c17fa9a453eaa3448de834fa308c2ec9635b7aa99441a7c8d2cf6?s=96&d=mm&r=g","caption":"la r\u00e9daction"},"url":"https:\/\/vosgesinfo.fr\/saintdieinfo\/author\/redac\/"}]}},"_links":{"self":[{"href":"https:\/\/vosgesinfo.fr\/saintdieinfo\/wp-json\/wp\/v2\/posts\/59171","targetHints":{"allow":["GET"]}}],"collection":[{"href":"https:\/\/vosgesinfo.fr\/saintdieinfo\/wp-json\/wp\/v2\/posts"}],"about":[{"href":"https:\/\/vosgesinfo.fr\/saintdieinfo\/wp-json\/wp\/v2\/types\/post"}],"author":[{"embeddable":true,"href":"https:\/\/vosgesinfo.fr\/saintdieinfo\/wp-json\/wp\/v2\/users\/44"}],"replies":[{"embeddable":true,"href":"https:\/\/vosgesinfo.fr\/saintdieinfo\/wp-json\/wp\/v2\/comments?post=59171"}],"version-history":[{"count":0,"href":"https:\/\/vosgesinfo.fr\/saintdieinfo\/wp-json\/wp\/v2\/posts\/59171\/revisions"}],"wp:featuredmedia":[{"embeddable":true,"href":"https:\/\/vosgesinfo.fr\/saintdieinfo\/wp-json\/wp\/v2\/media\/59172"}],"wp:attachment":[{"href":"https:\/\/vosgesinfo.fr\/saintdieinfo\/wp-json\/wp\/v2\/media?parent=59171"}],"wp:term":[{"taxonomy":"category","embeddable":true,"href":"https:\/\/vosgesinfo.fr\/saintdieinfo\/wp-json\/wp\/v2\/categories?post=59171"},{"taxonomy":"post_tag","embeddable":true,"href":"https:\/\/vosgesinfo.fr\/saintdieinfo\/wp-json\/wp\/v2\/tags?post=59171"}],"curies":[{"name":"wp","href":"https:\/\/api.w.org\/{rel}","templated":true}]}}