{"id":59192,"date":"2022-11-02T12:25:57","date_gmt":"2022-11-02T11:25:57","guid":{"rendered":"https:\/\/vosgesinfo.fr\/saintdieinfo\/2022\/11\/coupe-de-france-de-football-raon-letape-sincline-face-a-metz\/"},"modified":"2022-11-02T12:25:57","modified_gmt":"2022-11-02T11:25:57","slug":"coupe-de-france-de-football-raon-letape-sincline-face-a-metz","status":"publish","type":"post","link":"https:\/\/vosgesinfo.fr\/saintdieinfo\/2022\/11\/coupe-de-france-de-football-raon-letape-sincline-face-a-metz\/","title":{"rendered":"Coupe de France de Football \u2013 Raon-l&rsquo;Etape s&rsquo;incline face \u00e0 Metz"},"content":{"rendered":"<p><a href=\"\/2020\/05\/US_Raon_Football_Logo.jpg\"><img decoding=\"async\" class=\"aligncenter wp-image-158915 size-full\" src=\"\/2020\/05\/US_Raon_Football_Logo.jpg\" alt=\"US_Raon_Football_Logo\" width=\"400\" height=\"400\" \/><\/a><\/p>\n<h2><strong><span style=\"font-size: 14pt;\">La marche \u00e9tait trop haute pour l&rsquo;US Raon-l&rsquo;Etape (N3), qui s&rsquo;est inclin\u00e9 \u00e0 domicile, au stade Paul-Gasser, sur le score de 2 buts \u00e0 1 face au FC Metz (Ligue 2) hier mardi.<\/span><\/strong><\/h2>\n<p><!--more--><\/p>\n<p>La rencontre, qui s&rsquo;inscrivait dans le cadre des 8es de finale de la Coupe de France de Football, devait \u00eatre jou\u00e9e samedi dernier mais elle avait \u00e9t\u00e9 report\u00e9e par mesure de pr\u00e9caution, pour \u00e9viter d&rsquo;\u00e9ventuels d\u00e9bordements entre les supporters du club messin et leurs grands rivaux de l&rsquo;AS Nancy-Lorraine. Si l&rsquo;US Raon-l&rsquo;Etape est \u00e9limin\u00e9 de la comp\u00e9tition, ils peuvent sortir la t\u00eate haute car ils ont vendu ch\u00e8rement leur peau contre un club \u00e9voluant 3 divisions plus haut. Notamment lorsque Omar Hassidou a inscrit le but raonnais \u00e0 la 71e minute, alors que Metz menait de 2 buts \u00e0 0. Au prochain tour, le FC Metz affrontera un autre club vosgien, plus pr\u00e9cis\u00e9ment le SAS Epinal (N2), le samedi 19 novembre prochain. Coup d&rsquo;envoi \u00e0 13h30.<\/p>\n<p>J.J.<\/p>\n","protected":false},"excerpt":{"rendered":"<p>La marche \u00e9tait trop haute pour l&rsquo;US Raon-l&rsquo;Etape (N3), qui s&rsquo;est inclin\u00e9 \u00e0 domicile, au stade Paul-Gasser, sur le score [&hellip;]<\/p>\n","protected":false},"author":44,"featured_media":59193,"comment_status":"open","ping_status":"open","sticky":false,"template":"","format":"standard","meta":{"footnotes":""},"categories":[460,2915,14],"tags":[539,12863,7525,5607],"class_list":["post-59192","post","type-post","status-publish","format-standard","has-post-thumbnail","hentry","category-a-la-une","category-saint-die-son-canton","category-sport","tag-coupe-de-france-de-football","tag-fc-metz","tag-stade-paul-gasser","tag-us-raon-letape"],"acf":[],"yoast_head":"<!-- This site is optimized with the Yoast SEO plugin v22.5 - https:\/\/yoast.com\/wordpress\/plugins\/seo\/ -->\n<title>Coupe de France de Football \u2013 Raon-l&#039;Etape s&#039;incline face \u00e0 Metz - Saint Die Info<\/title>\n<meta name=\"robots\" content=\"index, follow, max-snippet:-1, max-image-preview:large, max-video-preview:-1\" \/>\n<link rel=\"canonical\" href=\"https:\/\/vosgesinfo.fr\/saintdieinfo\/2022\/11\/coupe-de-france-de-football-raon-letape-sincline-face-a-metz\/\" \/>\n<meta name=\"twitter:card\" content=\"summary_large_image\" \/>\n<meta name=\"twitter:title\" content=\"Coupe de France de Football \u2013 Raon-l&#039;Etape s&#039;incline face \u00e0 Metz - Saint Die Info\" \/>\n<meta name=\"twitter:description\" content=\"La marche \u00e9tait trop haute pour l&rsquo;US Raon-l&rsquo;Etape (N3), qui s&rsquo;est inclin\u00e9 \u00e0 domicile, au stade Paul-Gasser, sur le score [&hellip;]\" \/>\n<meta name=\"twitter:image\" content=\"https:\/\/vosgesinfo.fr\/app\/uploads\/sites\/4\/2024\/08\/202005us-raon-football-logo.jpg\" \/>\n<meta name=\"twitter:creator\" content=\"@VosgesInfo88\" \/>\n<meta name=\"twitter:site\" content=\"@VosgesInfo88\" \/>\n<meta name=\"twitter:label1\" content=\"\u00c9crit par\" \/>\n\t<meta name=\"twitter:data1\" content=\"la r\u00e9daction\" \/>\n\t<meta name=\"twitter:label2\" content=\"Dur\u00e9e de lecture estim\u00e9e\" \/>\n\t<meta name=\"twitter:data2\" content=\"1 minute\" \/>\n<script type=\"application\/ld+json\" class=\"yoast-schema-graph\">{\"@context\":\"https:\/\/schema.org\",\"@graph\":[{\"@type\":\"Article\",\"@id\":\"https:\/\/vosgesinfo.fr\/saintdieinfo\/2022\/11\/coupe-de-france-de-football-raon-letape-sincline-face-a-metz\/#article\",\"isPartOf\":{\"@id\":\"https:\/\/vosgesinfo.fr\/saintdieinfo\/2022\/11\/coupe-de-france-de-football-raon-letape-sincline-face-a-metz\/\"},\"author\":{\"name\":\"la r\u00e9daction\",\"@id\":\"https:\/\/vosgesinfo.fr\/saintdieinfo\/#\/schema\/person\/faee6704a21f3977511db84bd1cd450f\"},\"headline\":\"Coupe de France de Football \u2013 Raon-l&rsquo;Etape s&rsquo;incline face \u00e0 Metz\",\"datePublished\":\"2022-11-02T11:25:57+00:00\",\"dateModified\":\"2022-11-02T11:25:57+00:00\",\"mainEntityOfPage\":{\"@id\":\"https:\/\/vosgesinfo.fr\/saintdieinfo\/2022\/11\/coupe-de-france-de-football-raon-letape-sincline-face-a-metz\/\"},\"wordCount\":178,\"commentCount\":0,\"publisher\":{\"@id\":\"https:\/\/vosgesinfo.fr\/saintdieinfo\/#organization\"},\"image\":{\"@id\":\"https:\/\/vosgesinfo.fr\/saintdieinfo\/2022\/11\/coupe-de-france-de-football-raon-letape-sincline-face-a-metz\/#primaryimage\"},\"thumbnailUrl\":\"https:\/\/vosgesinfo.fr\/app\/uploads\/sites\/4\/2024\/08\/202005us-raon-football-logo.jpg\",\"keywords\":[\"Coupe de France de football\",\"FC Metz\",\"Stade Paul-Gasser\",\"US Raon-l'Etape\"],\"articleSection\":[\"A la Une\",\"Saint-Di\u00e9-des-Vosges et son Agglom\u00e9ration\",\"Sport\"],\"inLanguage\":\"fr-FR\",\"potentialAction\":[{\"@type\":\"CommentAction\",\"name\":\"Comment\",\"target\":[\"https:\/\/vosgesinfo.fr\/saintdieinfo\/2022\/11\/coupe-de-france-de-football-raon-letape-sincline-face-a-metz\/#respond\"]}]},{\"@type\":\"WebPage\",\"@id\":\"https:\/\/vosgesinfo.fr\/saintdieinfo\/2022\/11\/coupe-de-france-de-football-raon-letape-sincline-face-a-metz\/\",\"url\":\"https:\/\/vosgesinfo.fr\/saintdieinfo\/2022\/11\/coupe-de-france-de-football-raon-letape-sincline-face-a-metz\/\",\"name\":\"Coupe de France de Football \u2013 Raon-l'Etape s'incline face \u00e0 Metz - Saint Die Info\",\"isPartOf\":{\"@id\":\"https:\/\/vosgesinfo.fr\/saintdieinfo\/#website\"},\"primaryImageOfPage\":{\"@id\":\"https:\/\/vosgesinfo.fr\/saintdieinfo\/2022\/11\/coupe-de-france-de-football-raon-letape-sincline-face-a-metz\/#primaryimage\"},\"image\":{\"@id\":\"https:\/\/vosgesinfo.fr\/saintdieinfo\/2022\/11\/coupe-de-france-de-football-raon-letape-sincline-face-a-metz\/#primaryimage\"},\"thumbnailUrl\":\"https:\/\/vosgesinfo.fr\/app\/uploads\/sites\/4\/2024\/08\/202005us-raon-football-logo.jpg\",\"datePublished\":\"2022-11-02T11:25:57+00:00\",\"dateModified\":\"2022-11-02T11:25:57+00:00\",\"breadcrumb\":{\"@id\":\"https:\/\/vosgesinfo.fr\/saintdieinfo\/2022\/11\/coupe-de-france-de-football-raon-letape-sincline-face-a-metz\/#breadcrumb\"},\"inLanguage\":\"fr-FR\",\"potentialAction\":[{\"@type\":\"ReadAction\",\"target\":[\"https:\/\/vosgesinfo.fr\/saintdieinfo\/2022\/11\/coupe-de-france-de-football-raon-letape-sincline-face-a-metz\/\"]}]},{\"@type\":\"ImageObject\",\"inLanguage\":\"fr-FR\",\"@id\":\"https:\/\/vosgesinfo.fr\/saintdieinfo\/2022\/11\/coupe-de-france-de-football-raon-letape-sincline-face-a-metz\/#primaryimage\",\"url\":\"https:\/\/vosgesinfo.fr\/app\/uploads\/sites\/4\/2024\/08\/202005us-raon-football-logo.jpg\",\"contentUrl\":\"https:\/\/vosgesinfo.fr\/app\/uploads\/sites\/4\/2024\/08\/202005us-raon-football-logo.jpg\",\"width\":400,\"height\":400},{\"@type\":\"BreadcrumbList\",\"@id\":\"https:\/\/vosgesinfo.fr\/saintdieinfo\/2022\/11\/coupe-de-france-de-football-raon-letape-sincline-face-a-metz\/#breadcrumb\",\"itemListElement\":[{\"@type\":\"ListItem\",\"position\":1,\"name\":\"Home\",\"item\":\"https:\/\/vosgesinfo.fr\/saintdieinfo\/\"},{\"@type\":\"ListItem\",\"position\":2,\"name\":\"Coupe de France de Football \u2013 Raon-l&rsquo;Etape s&rsquo;incline face \u00e0 Metz\"}]},{\"@type\":\"WebSite\",\"@id\":\"https:\/\/vosgesinfo.fr\/saintdieinfo\/#website\",\"url\":\"https:\/\/vosgesinfo.fr\/saintdieinfo\/\",\"name\":\"Saint Die Info\",\"description\":\"Toute l&#039;actualit\u00e9 de Saint-Di\u00e9-Des-Vosges\",\"publisher\":{\"@id\":\"https:\/\/vosgesinfo.fr\/saintdieinfo\/#organization\"},\"alternateName\":\"Toute l'actualit\u00e9 de Saint-Di\u00e9-Des-Vosges\",\"potentialAction\":[{\"@type\":\"SearchAction\",\"target\":{\"@type\":\"EntryPoint\",\"urlTemplate\":\"https:\/\/vosgesinfo.fr\/saintdieinfo\/?s={search_term_string}\"},\"query-input\":\"required name=search_term_string\"}],\"inLanguage\":\"fr-FR\"},{\"@type\":\"Organization\",\"@id\":\"https:\/\/vosgesinfo.fr\/saintdieinfo\/#organization\",\"name\":\"Saint Die Info\",\"url\":\"https:\/\/vosgesinfo.fr\/saintdieinfo\/\",\"logo\":{\"@type\":\"ImageObject\",\"inLanguage\":\"fr-FR\",\"@id\":\"https:\/\/vosgesinfo.fr\/saintdieinfo\/#\/schema\/logo\/image\/\",\"url\":\"https:\/\/vosgesinfo.fr\/app\/uploads\/sites\/4\/2024\/02\/logo-sdi.jpg\",\"contentUrl\":\"https:\/\/vosgesinfo.fr\/app\/uploads\/sites\/4\/2024\/02\/logo-sdi.jpg\",\"width\":600,\"height\":600,\"caption\":\"Saint Die Info\"},\"image\":{\"@id\":\"https:\/\/vosgesinfo.fr\/saintdieinfo\/#\/schema\/logo\/image\/\"},\"sameAs\":[\"https:\/\/www.facebook.com\/Saintdieinfofr\",\"https:\/\/x.com\/VosgesInfo88\",\"https:\/\/www.youtube.com\/@vosgesinfo\"]},{\"@type\":\"Person\",\"@id\":\"https:\/\/vosgesinfo.fr\/saintdieinfo\/#\/schema\/person\/faee6704a21f3977511db84bd1cd450f\",\"name\":\"la r\u00e9daction\",\"image\":{\"@type\":\"ImageObject\",\"inLanguage\":\"fr-FR\",\"@id\":\"https:\/\/vosgesinfo.fr\/saintdieinfo\/#\/schema\/person\/image\/\",\"url\":\"https:\/\/secure.gravatar.com\/avatar\/6673d8bc6a9c17fa9a453eaa3448de834fa308c2ec9635b7aa99441a7c8d2cf6?s=96&d=mm&r=g\",\"contentUrl\":\"https:\/\/secure.gravatar.com\/avatar\/6673d8bc6a9c17fa9a453eaa3448de834fa308c2ec9635b7aa99441a7c8d2cf6?s=96&d=mm&r=g\",\"caption\":\"la r\u00e9daction\"},\"url\":\"https:\/\/vosgesinfo.fr\/saintdieinfo\/author\/redac\/\"}]}<\/script>\n<!-- \/ Yoast SEO plugin. -->","yoast_head_json":{"title":"Coupe de France de Football \u2013 Raon-l'Etape s'incline face \u00e0 Metz - Saint Die Info","robots":{"index":"index","follow":"follow","max-snippet":"max-snippet:-1","max-image-preview":"max-image-preview:large","max-video-preview":"max-video-preview:-1"},"canonical":"https:\/\/vosgesinfo.fr\/saintdieinfo\/2022\/11\/coupe-de-france-de-football-raon-letape-sincline-face-a-metz\/","twitter_card":"summary_large_image","twitter_title":"Coupe de France de Football \u2013 Raon-l'Etape s'incline face \u00e0 Metz - Saint Die Info","twitter_description":"La marche \u00e9tait trop haute pour l&rsquo;US Raon-l&rsquo;Etape (N3), qui s&rsquo;est inclin\u00e9 \u00e0 domicile, au stade Paul-Gasser, sur le score [&hellip;]","twitter_image":"https:\/\/vosgesinfo.fr\/app\/uploads\/sites\/4\/2024\/08\/202005us-raon-football-logo.jpg","twitter_creator":"@VosgesInfo88","twitter_site":"@VosgesInfo88","twitter_misc":{"\u00c9crit par":"la r\u00e9daction","Dur\u00e9e de lecture estim\u00e9e":"1 minute"},"schema":{"@context":"https:\/\/schema.org","@graph":[{"@type":"Article","@id":"https:\/\/vosgesinfo.fr\/saintdieinfo\/2022\/11\/coupe-de-france-de-football-raon-letape-sincline-face-a-metz\/#article","isPartOf":{"@id":"https:\/\/vosgesinfo.fr\/saintdieinfo\/2022\/11\/coupe-de-france-de-football-raon-letape-sincline-face-a-metz\/"},"author":{"name":"la r\u00e9daction","@id":"https:\/\/vosgesinfo.fr\/saintdieinfo\/#\/schema\/person\/faee6704a21f3977511db84bd1cd450f"},"headline":"Coupe de France de Football \u2013 Raon-l&rsquo;Etape s&rsquo;incline face \u00e0 Metz","datePublished":"2022-11-02T11:25:57+00:00","dateModified":"2022-11-02T11:25:57+00:00","mainEntityOfPage":{"@id":"https:\/\/vosgesinfo.fr\/saintdieinfo\/2022\/11\/coupe-de-france-de-football-raon-letape-sincline-face-a-metz\/"},"wordCount":178,"commentCount":0,"publisher":{"@id":"https:\/\/vosgesinfo.fr\/saintdieinfo\/#organization"},"image":{"@id":"https:\/\/vosgesinfo.fr\/saintdieinfo\/2022\/11\/coupe-de-france-de-football-raon-letape-sincline-face-a-metz\/#primaryimage"},"thumbnailUrl":"https:\/\/vosgesinfo.fr\/app\/uploads\/sites\/4\/2024\/08\/202005us-raon-football-logo.jpg","keywords":["Coupe de France de football","FC Metz","Stade Paul-Gasser","US Raon-l'Etape"],"articleSection":["A la Une","Saint-Di\u00e9-des-Vosges et son Agglom\u00e9ration","Sport"],"inLanguage":"fr-FR","potentialAction":[{"@type":"CommentAction","name":"Comment","target":["https:\/\/vosgesinfo.fr\/saintdieinfo\/2022\/11\/coupe-de-france-de-football-raon-letape-sincline-face-a-metz\/#respond"]}]},{"@type":"WebPage","@id":"https:\/\/vosgesinfo.fr\/saintdieinfo\/2022\/11\/coupe-de-france-de-football-raon-letape-sincline-face-a-metz\/","url":"https:\/\/vosgesinfo.fr\/saintdieinfo\/2022\/11\/coupe-de-france-de-football-raon-letape-sincline-face-a-metz\/","name":"Coupe de France de Football \u2013 Raon-l'Etape s'incline face \u00e0 Metz - Saint Die Info","isPartOf":{"@id":"https:\/\/vosgesinfo.fr\/saintdieinfo\/#website"},"primaryImageOfPage":{"@id":"https:\/\/vosgesinfo.fr\/saintdieinfo\/2022\/11\/coupe-de-france-de-football-raon-letape-sincline-face-a-metz\/#primaryimage"},"image":{"@id":"https:\/\/vosgesinfo.fr\/saintdieinfo\/2022\/11\/coupe-de-france-de-football-raon-letape-sincline-face-a-metz\/#primaryimage"},"thumbnailUrl":"https:\/\/vosgesinfo.fr\/app\/uploads\/sites\/4\/2024\/08\/202005us-raon-football-logo.jpg","datePublished":"2022-11-02T11:25:57+00:00","dateModified":"2022-11-02T11:25:57+00:00","breadcrumb":{"@id":"https:\/\/vosgesinfo.fr\/saintdieinfo\/2022\/11\/coupe-de-france-de-football-raon-letape-sincline-face-a-metz\/#breadcrumb"},"inLanguage":"fr-FR","potentialAction":[{"@type":"ReadAction","target":["https:\/\/vosgesinfo.fr\/saintdieinfo\/2022\/11\/coupe-de-france-de-football-raon-letape-sincline-face-a-metz\/"]}]},{"@type":"ImageObject","inLanguage":"fr-FR","@id":"https:\/\/vosgesinfo.fr\/saintdieinfo\/2022\/11\/coupe-de-france-de-football-raon-letape-sincline-face-a-metz\/#primaryimage","url":"https:\/\/vosgesinfo.fr\/app\/uploads\/sites\/4\/2024\/08\/202005us-raon-football-logo.jpg","contentUrl":"https:\/\/vosgesinfo.fr\/app\/uploads\/sites\/4\/2024\/08\/202005us-raon-football-logo.jpg","width":400,"height":400},{"@type":"BreadcrumbList","@id":"https:\/\/vosgesinfo.fr\/saintdieinfo\/2022\/11\/coupe-de-france-de-football-raon-letape-sincline-face-a-metz\/#breadcrumb","itemListElement":[{"@type":"ListItem","position":1,"name":"Home","item":"https:\/\/vosgesinfo.fr\/saintdieinfo\/"},{"@type":"ListItem","position":2,"name":"Coupe de France de Football \u2013 Raon-l&rsquo;Etape s&rsquo;incline face \u00e0 Metz"}]},{"@type":"WebSite","@id":"https:\/\/vosgesinfo.fr\/saintdieinfo\/#website","url":"https:\/\/vosgesinfo.fr\/saintdieinfo\/","name":"Saint Die Info","description":"Toute l&#039;actualit\u00e9 de Saint-Di\u00e9-Des-Vosges","publisher":{"@id":"https:\/\/vosgesinfo.fr\/saintdieinfo\/#organization"},"alternateName":"Toute l'actualit\u00e9 de Saint-Di\u00e9-Des-Vosges","potentialAction":[{"@type":"SearchAction","target":{"@type":"EntryPoint","urlTemplate":"https:\/\/vosgesinfo.fr\/saintdieinfo\/?s={search_term_string}"},"query-input":"required name=search_term_string"}],"inLanguage":"fr-FR"},{"@type":"Organization","@id":"https:\/\/vosgesinfo.fr\/saintdieinfo\/#organization","name":"Saint Die Info","url":"https:\/\/vosgesinfo.fr\/saintdieinfo\/","logo":{"@type":"ImageObject","inLanguage":"fr-FR","@id":"https:\/\/vosgesinfo.fr\/saintdieinfo\/#\/schema\/logo\/image\/","url":"https:\/\/vosgesinfo.fr\/app\/uploads\/sites\/4\/2024\/02\/logo-sdi.jpg","contentUrl":"https:\/\/vosgesinfo.fr\/app\/uploads\/sites\/4\/2024\/02\/logo-sdi.jpg","width":600,"height":600,"caption":"Saint Die Info"},"image":{"@id":"https:\/\/vosgesinfo.fr\/saintdieinfo\/#\/schema\/logo\/image\/"},"sameAs":["https:\/\/www.facebook.com\/Saintdieinfofr","https:\/\/x.com\/VosgesInfo88","https:\/\/www.youtube.com\/@vosgesinfo"]},{"@type":"Person","@id":"https:\/\/vosgesinfo.fr\/saintdieinfo\/#\/schema\/person\/faee6704a21f3977511db84bd1cd450f","name":"la r\u00e9daction","image":{"@type":"ImageObject","inLanguage":"fr-FR","@id":"https:\/\/vosgesinfo.fr\/saintdieinfo\/#\/schema\/person\/image\/","url":"https:\/\/secure.gravatar.com\/avatar\/6673d8bc6a9c17fa9a453eaa3448de834fa308c2ec9635b7aa99441a7c8d2cf6?s=96&d=mm&r=g","contentUrl":"https:\/\/secure.gravatar.com\/avatar\/6673d8bc6a9c17fa9a453eaa3448de834fa308c2ec9635b7aa99441a7c8d2cf6?s=96&d=mm&r=g","caption":"la r\u00e9daction"},"url":"https:\/\/vosgesinfo.fr\/saintdieinfo\/author\/redac\/"}]}},"_links":{"self":[{"href":"https:\/\/vosgesinfo.fr\/saintdieinfo\/wp-json\/wp\/v2\/posts\/59192","targetHints":{"allow":["GET"]}}],"collection":[{"href":"https:\/\/vosgesinfo.fr\/saintdieinfo\/wp-json\/wp\/v2\/posts"}],"about":[{"href":"https:\/\/vosgesinfo.fr\/saintdieinfo\/wp-json\/wp\/v2\/types\/post"}],"author":[{"embeddable":true,"href":"https:\/\/vosgesinfo.fr\/saintdieinfo\/wp-json\/wp\/v2\/users\/44"}],"replies":[{"embeddable":true,"href":"https:\/\/vosgesinfo.fr\/saintdieinfo\/wp-json\/wp\/v2\/comments?post=59192"}],"version-history":[{"count":0,"href":"https:\/\/vosgesinfo.fr\/saintdieinfo\/wp-json\/wp\/v2\/posts\/59192\/revisions"}],"wp:featuredmedia":[{"embeddable":true,"href":"https:\/\/vosgesinfo.fr\/saintdieinfo\/wp-json\/wp\/v2\/media\/59193"}],"wp:attachment":[{"href":"https:\/\/vosgesinfo.fr\/saintdieinfo\/wp-json\/wp\/v2\/media?parent=59192"}],"wp:term":[{"taxonomy":"category","embeddable":true,"href":"https:\/\/vosgesinfo.fr\/saintdieinfo\/wp-json\/wp\/v2\/categories?post=59192"},{"taxonomy":"post_tag","embeddable":true,"href":"https:\/\/vosgesinfo.fr\/saintdieinfo\/wp-json\/wp\/v2\/tags?post=59192"}],"curies":[{"name":"wp","href":"https:\/\/api.w.org\/{rel}","templated":true}]}}