{"id":59247,"date":"2022-11-04T10:52:42","date_gmt":"2022-11-04T09:52:42","guid":{"rendered":"https:\/\/vosgesinfo.fr\/saintdieinfo\/2022\/11\/vosges-recipient-bronze-de-retour-a-grand-plus-de-130-ans-apres-decouverte\/"},"modified":"2022-11-04T10:52:42","modified_gmt":"2022-11-04T09:52:42","slug":"vosges-recipient-bronze-de-retour-a-grand-plus-de-130-ans-apres-decouverte","status":"publish","type":"post","link":"https:\/\/vosgesinfo.fr\/saintdieinfo\/2022\/11\/vosges-recipient-bronze-de-retour-a-grand-plus-de-130-ans-apres-decouverte\/","title":{"rendered":"Vosges \u2013 Un r\u00e9cipient en bronze de retour \u00e0 Grand, plus de 130 ans apr\u00e8s sa d\u00e9couverte"},"content":{"rendered":"<div id=\"attachment_192191\" style=\"width: 970px\" class=\"wp-caption aligncenter\"><a href=\"\/2022\/11\/GRAND_Chaudron.jpg\" target=\"_blank\" rel=\"noopener\"><img decoding=\"async\" aria-describedby=\"caption-attachment-192191\" class=\"wp-image-192191 size-large\" src=\"\/2022\/11\/GRAND_Chaudron-1024x576.jpg\" alt=\"GRAND_Chaudron\" width=\"960\" height=\"540\" \/><\/a><p id=\"caption-attachment-192191\" class=\"wp-caption-text\">(Photographie Vosges Mag)<\/p><\/div>\n<h2><strong><span style=\"font-size: 14pt;\">Chaque ann\u00e9e, les arch\u00e9ologues\u00a0de Grand rendent compte au public de leurs d\u00e9couvertes. Ce sera le cas dimanche 6 novembre, lors d&rsquo;une conf\u00e9rence qui \u00e9tablira un premier bilan des recherches men\u00e9es en 2022. Ils pr\u00e9senteront \u00e9galement\u00a0au public un\u00a0r\u00e9cipient en bronze qui fait son retour \u00e0 Grand, plus de 130 ans apr\u00e8s sa d\u00e9couverte.<\/span><\/strong><\/h2>\n<h3 class=\"Default\"><!--more--><strong><span style=\"font-size: 12pt;\"><span style=\"color: #000000;\">C&rsquo;est l&rsquo;histoire de Sieur Poinsot\u00a0<\/span>et d&rsquo;un\u00a0puit&#8230;<\/span><\/strong><\/h3>\n<p class=\"Default\">\u00a0Le\u00a0r\u00e9cipient,\u00a0d\u00e9crit comme une marmite avec une anse en fer, est\u00a0mis au jour dans un puits de Grand en 1886.\u00a0On doit \u00e0 L\u00e9on Maxe-Werly, les informations sur le contexte de cette d\u00e9couverte :\u00a0 \u00ab\u00a0En op\u00e9rant un d\u00e9blai sur son terrain contre la voie romaine, au lieu-dit le Cagnot, \u00e0 50 pas des premi\u00e8res maisons du village, un sieur Poinsot, ayant mis \u00e0 jour l\u2019orifice d&rsquo;un puits construit en pierres s\u00e8ches, s&#8217;empressa d&rsquo;en extraire les d\u00e9combres, convaincu qu&rsquo;il \u00e9tait d&rsquo;y rencontrer un tr\u00e9sor. Cette fois un heureux hasard justifia ses esp\u00e9rances, car, d\u00e8s les premiers d\u00e9blais, il d\u00e9couvrit les d\u00e9bris d&rsquo;une plaque circulaire en bronze avec inscriptions, plus bas un plat ovale autrefois argent\u00e9, puis enfin, \u00e0 la profondeur de 42 m\u00e8tres, dans un enfoncement qui lui parut avoir \u00e9t\u00e9 pr\u00e9par\u00e9 pour servir de cachette, tout un mat\u00e9riel de cuisine, vases en terre et en bronze et divers ustensiles dont voici la description.\u00a0\u00bb<\/p>\n<h3 class=\"Default\"><strong><span style=\"font-size: 12pt;\">\u00a0La marmite\u00a0 a \u00e9t\u00e9 achet\u00e9e d\u00e8s sa d\u00e9couverte par un c\u00e9l\u00e8bre collectionneur du 19<sup>e<\/sup> si\u00e8cle, Louis-Gabriel Bellon (1819-1899).<\/span> <\/strong><\/h3>\n<p>Outre le r\u00e9cipient en bronze qui est d\u00e9crit comme une marmite avec une anse en fer, il est mentionn\u00e9 plusieurs objets en m\u00e9tal\u00a0: un fragment d\u2019horloge anaphorique, une casserole, un plat ovale en alliage cuivreux argent\u00e9, une cruche en bronze (\u0153nocho\u00e9) dont l&rsquo;anse se termine par un pied humain, un couteau, une scie \u00e0 main, un ciseau et deux cadenas \u00e0 corps cylindrique.<\/p>\n<p>Plusieurs vases en terre-cuite ont \u00e9t\u00e9 \u00e9galement d\u00e9couverts dans le puits, notamment une c\u00e9ramique sigill\u00e9e conservant une estampille PI(irp)IITIVS, un gobelet en terre noire brillante et une petite amphore en terre jaune.<\/p>\n<h3><strong><span style=\"font-size: 12pt;\">Site arch\u00e9ologique de Grand<\/span><\/strong><br \/>\n<strong><span style=\"font-size: 12pt;\"> 4, rue de la mosa\u00efque 88\u00a0350 GRAND<\/span><\/strong><\/h3>\n<p>Dimanche 6 novembre<br \/>\n14h \u00e0 17h : Visite de la Base arch\u00e9ologique et logistique<br \/>\n15h : Conf\u00e9rence \u00e0 l\u2019auditorium de l\u2019amphith\u00e9\u00e2tre par Thierry Dechezlepr\u00eatre et Pascal Vipard<\/p>\n<p>Sans r\u00e9servation dans la limite des places disponibles<\/p>\n<p>Renseignements au 03 29 06 77 37<\/p>\n<p>&#8211;<\/p>\n<p>Source : <a href=\"https:\/\/www.vosgesmag.fr\" target=\"_blank\" rel=\"noopener\">www.vosgesmag.fr<\/a><\/p>\n","protected":false},"excerpt":{"rendered":"<p>Chaque ann\u00e9e, les arch\u00e9ologues\u00a0de Grand rendent compte au public de leurs d\u00e9couvertes. Ce sera le cas dimanche 6 novembre, lors [&hellip;]<\/p>\n","protected":false},"author":44,"featured_media":59248,"comment_status":"open","ping_status":"open","sticky":false,"template":"","format":"standard","meta":{"footnotes":""},"categories":[460,7847,18],"tags":[125,4344,3024],"class_list":["post-59247","post","type-post","status-publish","format-standard","has-post-thumbnail","hentry","category-a-la-une","category-art-culture","category-vosges","tag-grand","tag-site-archeologique-de-grand","tag-vosges-mag"],"acf":[],"yoast_head":"<!-- This site is optimized with the Yoast SEO plugin v22.5 - https:\/\/yoast.com\/wordpress\/plugins\/seo\/ -->\n<title>Vosges \u2013 Un r\u00e9cipient en bronze de retour \u00e0 Grand, plus de 130 ans apr\u00e8s sa d\u00e9couverte - Saint Die Info<\/title>\n<meta name=\"robots\" content=\"index, follow, max-snippet:-1, max-image-preview:large, max-video-preview:-1\" \/>\n<link rel=\"canonical\" href=\"https:\/\/vosgesinfo.fr\/saintdieinfo\/2022\/11\/vosges-recipient-bronze-de-retour-a-grand-plus-de-130-ans-apres-decouverte\/\" \/>\n<meta name=\"twitter:card\" content=\"summary_large_image\" \/>\n<meta name=\"twitter:title\" content=\"Vosges \u2013 Un r\u00e9cipient en bronze de retour \u00e0 Grand, plus de 130 ans apr\u00e8s sa d\u00e9couverte - Saint Die Info\" \/>\n<meta name=\"twitter:description\" content=\"Chaque ann\u00e9e, les arch\u00e9ologues\u00a0de Grand rendent compte au public de leurs d\u00e9couvertes. Ce sera le cas dimanche 6 novembre, lors [&hellip;]\" \/>\n<meta name=\"twitter:image\" content=\"https:\/\/vosgesinfo.fr\/app\/uploads\/sites\/4\/2024\/08\/202211grand-chaudron.jpg\" \/>\n<meta name=\"twitter:creator\" content=\"@VosgesInfo88\" \/>\n<meta name=\"twitter:site\" content=\"@VosgesInfo88\" \/>\n<meta name=\"twitter:label1\" content=\"\u00c9crit par\" \/>\n\t<meta name=\"twitter:data1\" content=\"la r\u00e9daction\" \/>\n\t<meta name=\"twitter:label2\" content=\"Dur\u00e9e de lecture estim\u00e9e\" \/>\n\t<meta name=\"twitter:data2\" content=\"2 minutes\" \/>\n<script type=\"application\/ld+json\" class=\"yoast-schema-graph\">{\"@context\":\"https:\/\/schema.org\",\"@graph\":[{\"@type\":\"Article\",\"@id\":\"https:\/\/vosgesinfo.fr\/saintdieinfo\/2022\/11\/vosges-recipient-bronze-de-retour-a-grand-plus-de-130-ans-apres-decouverte\/#article\",\"isPartOf\":{\"@id\":\"https:\/\/vosgesinfo.fr\/saintdieinfo\/2022\/11\/vosges-recipient-bronze-de-retour-a-grand-plus-de-130-ans-apres-decouverte\/\"},\"author\":{\"name\":\"la r\u00e9daction\",\"@id\":\"https:\/\/vosgesinfo.fr\/saintdieinfo\/#\/schema\/person\/faee6704a21f3977511db84bd1cd450f\"},\"headline\":\"Vosges \u2013 Un r\u00e9cipient en bronze de retour \u00e0 Grand, plus de 130 ans apr\u00e8s sa d\u00e9couverte\",\"datePublished\":\"2022-11-04T09:52:42+00:00\",\"dateModified\":\"2022-11-04T09:52:42+00:00\",\"mainEntityOfPage\":{\"@id\":\"https:\/\/vosgesinfo.fr\/saintdieinfo\/2022\/11\/vosges-recipient-bronze-de-retour-a-grand-plus-de-130-ans-apres-decouverte\/\"},\"wordCount\":453,\"commentCount\":0,\"publisher\":{\"@id\":\"https:\/\/vosgesinfo.fr\/saintdieinfo\/#organization\"},\"image\":{\"@id\":\"https:\/\/vosgesinfo.fr\/saintdieinfo\/2022\/11\/vosges-recipient-bronze-de-retour-a-grand-plus-de-130-ans-apres-decouverte\/#primaryimage\"},\"thumbnailUrl\":\"https:\/\/vosgesinfo.fr\/app\/uploads\/sites\/4\/2024\/08\/202211grand-chaudron.jpg\",\"keywords\":[\"Grand\",\"Site arch\u00e9ologique de Grand\",\"Vosges Mag\"],\"articleSection\":[\"A la Une\",\"Culture\",\"Vosges\"],\"inLanguage\":\"fr-FR\",\"potentialAction\":[{\"@type\":\"CommentAction\",\"name\":\"Comment\",\"target\":[\"https:\/\/vosgesinfo.fr\/saintdieinfo\/2022\/11\/vosges-recipient-bronze-de-retour-a-grand-plus-de-130-ans-apres-decouverte\/#respond\"]}]},{\"@type\":\"WebPage\",\"@id\":\"https:\/\/vosgesinfo.fr\/saintdieinfo\/2022\/11\/vosges-recipient-bronze-de-retour-a-grand-plus-de-130-ans-apres-decouverte\/\",\"url\":\"https:\/\/vosgesinfo.fr\/saintdieinfo\/2022\/11\/vosges-recipient-bronze-de-retour-a-grand-plus-de-130-ans-apres-decouverte\/\",\"name\":\"Vosges \u2013 Un r\u00e9cipient en bronze de retour \u00e0 Grand, plus de 130 ans apr\u00e8s sa d\u00e9couverte - Saint Die Info\",\"isPartOf\":{\"@id\":\"https:\/\/vosgesinfo.fr\/saintdieinfo\/#website\"},\"primaryImageOfPage\":{\"@id\":\"https:\/\/vosgesinfo.fr\/saintdieinfo\/2022\/11\/vosges-recipient-bronze-de-retour-a-grand-plus-de-130-ans-apres-decouverte\/#primaryimage\"},\"image\":{\"@id\":\"https:\/\/vosgesinfo.fr\/saintdieinfo\/2022\/11\/vosges-recipient-bronze-de-retour-a-grand-plus-de-130-ans-apres-decouverte\/#primaryimage\"},\"thumbnailUrl\":\"https:\/\/vosgesinfo.fr\/app\/uploads\/sites\/4\/2024\/08\/202211grand-chaudron.jpg\",\"datePublished\":\"2022-11-04T09:52:42+00:00\",\"dateModified\":\"2022-11-04T09:52:42+00:00\",\"breadcrumb\":{\"@id\":\"https:\/\/vosgesinfo.fr\/saintdieinfo\/2022\/11\/vosges-recipient-bronze-de-retour-a-grand-plus-de-130-ans-apres-decouverte\/#breadcrumb\"},\"inLanguage\":\"fr-FR\",\"potentialAction\":[{\"@type\":\"ReadAction\",\"target\":[\"https:\/\/vosgesinfo.fr\/saintdieinfo\/2022\/11\/vosges-recipient-bronze-de-retour-a-grand-plus-de-130-ans-apres-decouverte\/\"]}]},{\"@type\":\"ImageObject\",\"inLanguage\":\"fr-FR\",\"@id\":\"https:\/\/vosgesinfo.fr\/saintdieinfo\/2022\/11\/vosges-recipient-bronze-de-retour-a-grand-plus-de-130-ans-apres-decouverte\/#primaryimage\",\"url\":\"https:\/\/vosgesinfo.fr\/app\/uploads\/sites\/4\/2024\/08\/202211grand-chaudron.jpg\",\"contentUrl\":\"https:\/\/vosgesinfo.fr\/app\/uploads\/sites\/4\/2024\/08\/202211grand-chaudron.jpg\",\"width\":1600,\"height\":900},{\"@type\":\"BreadcrumbList\",\"@id\":\"https:\/\/vosgesinfo.fr\/saintdieinfo\/2022\/11\/vosges-recipient-bronze-de-retour-a-grand-plus-de-130-ans-apres-decouverte\/#breadcrumb\",\"itemListElement\":[{\"@type\":\"ListItem\",\"position\":1,\"name\":\"Home\",\"item\":\"https:\/\/vosgesinfo.fr\/saintdieinfo\/\"},{\"@type\":\"ListItem\",\"position\":2,\"name\":\"Vosges \u2013 Un r\u00e9cipient en bronze de retour \u00e0 Grand, plus de 130 ans apr\u00e8s sa d\u00e9couverte\"}]},{\"@type\":\"WebSite\",\"@id\":\"https:\/\/vosgesinfo.fr\/saintdieinfo\/#website\",\"url\":\"https:\/\/vosgesinfo.fr\/saintdieinfo\/\",\"name\":\"Saint Die Info\",\"description\":\"Toute l&#039;actualit\u00e9 de Saint-Di\u00e9-Des-Vosges\",\"publisher\":{\"@id\":\"https:\/\/vosgesinfo.fr\/saintdieinfo\/#organization\"},\"alternateName\":\"Toute l'actualit\u00e9 de Saint-Di\u00e9-Des-Vosges\",\"potentialAction\":[{\"@type\":\"SearchAction\",\"target\":{\"@type\":\"EntryPoint\",\"urlTemplate\":\"https:\/\/vosgesinfo.fr\/saintdieinfo\/?s={search_term_string}\"},\"query-input\":\"required name=search_term_string\"}],\"inLanguage\":\"fr-FR\"},{\"@type\":\"Organization\",\"@id\":\"https:\/\/vosgesinfo.fr\/saintdieinfo\/#organization\",\"name\":\"Saint Die Info\",\"url\":\"https:\/\/vosgesinfo.fr\/saintdieinfo\/\",\"logo\":{\"@type\":\"ImageObject\",\"inLanguage\":\"fr-FR\",\"@id\":\"https:\/\/vosgesinfo.fr\/saintdieinfo\/#\/schema\/logo\/image\/\",\"url\":\"https:\/\/vosgesinfo.fr\/app\/uploads\/sites\/4\/2024\/02\/logo-sdi.jpg\",\"contentUrl\":\"https:\/\/vosgesinfo.fr\/app\/uploads\/sites\/4\/2024\/02\/logo-sdi.jpg\",\"width\":600,\"height\":600,\"caption\":\"Saint Die Info\"},\"image\":{\"@id\":\"https:\/\/vosgesinfo.fr\/saintdieinfo\/#\/schema\/logo\/image\/\"},\"sameAs\":[\"https:\/\/www.facebook.com\/Saintdieinfofr\",\"https:\/\/x.com\/VosgesInfo88\",\"https:\/\/www.youtube.com\/@vosgesinfo\"]},{\"@type\":\"Person\",\"@id\":\"https:\/\/vosgesinfo.fr\/saintdieinfo\/#\/schema\/person\/faee6704a21f3977511db84bd1cd450f\",\"name\":\"la r\u00e9daction\",\"image\":{\"@type\":\"ImageObject\",\"inLanguage\":\"fr-FR\",\"@id\":\"https:\/\/vosgesinfo.fr\/saintdieinfo\/#\/schema\/person\/image\/\",\"url\":\"https:\/\/secure.gravatar.com\/avatar\/6673d8bc6a9c17fa9a453eaa3448de834fa308c2ec9635b7aa99441a7c8d2cf6?s=96&d=mm&r=g\",\"contentUrl\":\"https:\/\/secure.gravatar.com\/avatar\/6673d8bc6a9c17fa9a453eaa3448de834fa308c2ec9635b7aa99441a7c8d2cf6?s=96&d=mm&r=g\",\"caption\":\"la r\u00e9daction\"},\"url\":\"https:\/\/vosgesinfo.fr\/saintdieinfo\/author\/redac\/\"}]}<\/script>\n<!-- \/ Yoast SEO plugin. -->","yoast_head_json":{"title":"Vosges \u2013 Un r\u00e9cipient en bronze de retour \u00e0 Grand, plus de 130 ans apr\u00e8s sa d\u00e9couverte - Saint Die Info","robots":{"index":"index","follow":"follow","max-snippet":"max-snippet:-1","max-image-preview":"max-image-preview:large","max-video-preview":"max-video-preview:-1"},"canonical":"https:\/\/vosgesinfo.fr\/saintdieinfo\/2022\/11\/vosges-recipient-bronze-de-retour-a-grand-plus-de-130-ans-apres-decouverte\/","twitter_card":"summary_large_image","twitter_title":"Vosges \u2013 Un r\u00e9cipient en bronze de retour \u00e0 Grand, plus de 130 ans apr\u00e8s sa d\u00e9couverte - Saint Die Info","twitter_description":"Chaque ann\u00e9e, les arch\u00e9ologues\u00a0de Grand rendent compte au public de leurs d\u00e9couvertes. Ce sera le cas dimanche 6 novembre, lors [&hellip;]","twitter_image":"https:\/\/vosgesinfo.fr\/app\/uploads\/sites\/4\/2024\/08\/202211grand-chaudron.jpg","twitter_creator":"@VosgesInfo88","twitter_site":"@VosgesInfo88","twitter_misc":{"\u00c9crit par":"la r\u00e9daction","Dur\u00e9e de lecture estim\u00e9e":"2 minutes"},"schema":{"@context":"https:\/\/schema.org","@graph":[{"@type":"Article","@id":"https:\/\/vosgesinfo.fr\/saintdieinfo\/2022\/11\/vosges-recipient-bronze-de-retour-a-grand-plus-de-130-ans-apres-decouverte\/#article","isPartOf":{"@id":"https:\/\/vosgesinfo.fr\/saintdieinfo\/2022\/11\/vosges-recipient-bronze-de-retour-a-grand-plus-de-130-ans-apres-decouverte\/"},"author":{"name":"la r\u00e9daction","@id":"https:\/\/vosgesinfo.fr\/saintdieinfo\/#\/schema\/person\/faee6704a21f3977511db84bd1cd450f"},"headline":"Vosges \u2013 Un r\u00e9cipient en bronze de retour \u00e0 Grand, plus de 130 ans apr\u00e8s sa d\u00e9couverte","datePublished":"2022-11-04T09:52:42+00:00","dateModified":"2022-11-04T09:52:42+00:00","mainEntityOfPage":{"@id":"https:\/\/vosgesinfo.fr\/saintdieinfo\/2022\/11\/vosges-recipient-bronze-de-retour-a-grand-plus-de-130-ans-apres-decouverte\/"},"wordCount":453,"commentCount":0,"publisher":{"@id":"https:\/\/vosgesinfo.fr\/saintdieinfo\/#organization"},"image":{"@id":"https:\/\/vosgesinfo.fr\/saintdieinfo\/2022\/11\/vosges-recipient-bronze-de-retour-a-grand-plus-de-130-ans-apres-decouverte\/#primaryimage"},"thumbnailUrl":"https:\/\/vosgesinfo.fr\/app\/uploads\/sites\/4\/2024\/08\/202211grand-chaudron.jpg","keywords":["Grand","Site arch\u00e9ologique de Grand","Vosges Mag"],"articleSection":["A la Une","Culture","Vosges"],"inLanguage":"fr-FR","potentialAction":[{"@type":"CommentAction","name":"Comment","target":["https:\/\/vosgesinfo.fr\/saintdieinfo\/2022\/11\/vosges-recipient-bronze-de-retour-a-grand-plus-de-130-ans-apres-decouverte\/#respond"]}]},{"@type":"WebPage","@id":"https:\/\/vosgesinfo.fr\/saintdieinfo\/2022\/11\/vosges-recipient-bronze-de-retour-a-grand-plus-de-130-ans-apres-decouverte\/","url":"https:\/\/vosgesinfo.fr\/saintdieinfo\/2022\/11\/vosges-recipient-bronze-de-retour-a-grand-plus-de-130-ans-apres-decouverte\/","name":"Vosges \u2013 Un r\u00e9cipient en bronze de retour \u00e0 Grand, plus de 130 ans apr\u00e8s sa d\u00e9couverte - Saint Die Info","isPartOf":{"@id":"https:\/\/vosgesinfo.fr\/saintdieinfo\/#website"},"primaryImageOfPage":{"@id":"https:\/\/vosgesinfo.fr\/saintdieinfo\/2022\/11\/vosges-recipient-bronze-de-retour-a-grand-plus-de-130-ans-apres-decouverte\/#primaryimage"},"image":{"@id":"https:\/\/vosgesinfo.fr\/saintdieinfo\/2022\/11\/vosges-recipient-bronze-de-retour-a-grand-plus-de-130-ans-apres-decouverte\/#primaryimage"},"thumbnailUrl":"https:\/\/vosgesinfo.fr\/app\/uploads\/sites\/4\/2024\/08\/202211grand-chaudron.jpg","datePublished":"2022-11-04T09:52:42+00:00","dateModified":"2022-11-04T09:52:42+00:00","breadcrumb":{"@id":"https:\/\/vosgesinfo.fr\/saintdieinfo\/2022\/11\/vosges-recipient-bronze-de-retour-a-grand-plus-de-130-ans-apres-decouverte\/#breadcrumb"},"inLanguage":"fr-FR","potentialAction":[{"@type":"ReadAction","target":["https:\/\/vosgesinfo.fr\/saintdieinfo\/2022\/11\/vosges-recipient-bronze-de-retour-a-grand-plus-de-130-ans-apres-decouverte\/"]}]},{"@type":"ImageObject","inLanguage":"fr-FR","@id":"https:\/\/vosgesinfo.fr\/saintdieinfo\/2022\/11\/vosges-recipient-bronze-de-retour-a-grand-plus-de-130-ans-apres-decouverte\/#primaryimage","url":"https:\/\/vosgesinfo.fr\/app\/uploads\/sites\/4\/2024\/08\/202211grand-chaudron.jpg","contentUrl":"https:\/\/vosgesinfo.fr\/app\/uploads\/sites\/4\/2024\/08\/202211grand-chaudron.jpg","width":1600,"height":900},{"@type":"BreadcrumbList","@id":"https:\/\/vosgesinfo.fr\/saintdieinfo\/2022\/11\/vosges-recipient-bronze-de-retour-a-grand-plus-de-130-ans-apres-decouverte\/#breadcrumb","itemListElement":[{"@type":"ListItem","position":1,"name":"Home","item":"https:\/\/vosgesinfo.fr\/saintdieinfo\/"},{"@type":"ListItem","position":2,"name":"Vosges \u2013 Un r\u00e9cipient en bronze de retour \u00e0 Grand, plus de 130 ans apr\u00e8s sa d\u00e9couverte"}]},{"@type":"WebSite","@id":"https:\/\/vosgesinfo.fr\/saintdieinfo\/#website","url":"https:\/\/vosgesinfo.fr\/saintdieinfo\/","name":"Saint Die Info","description":"Toute l&#039;actualit\u00e9 de Saint-Di\u00e9-Des-Vosges","publisher":{"@id":"https:\/\/vosgesinfo.fr\/saintdieinfo\/#organization"},"alternateName":"Toute l'actualit\u00e9 de Saint-Di\u00e9-Des-Vosges","potentialAction":[{"@type":"SearchAction","target":{"@type":"EntryPoint","urlTemplate":"https:\/\/vosgesinfo.fr\/saintdieinfo\/?s={search_term_string}"},"query-input":"required name=search_term_string"}],"inLanguage":"fr-FR"},{"@type":"Organization","@id":"https:\/\/vosgesinfo.fr\/saintdieinfo\/#organization","name":"Saint Die Info","url":"https:\/\/vosgesinfo.fr\/saintdieinfo\/","logo":{"@type":"ImageObject","inLanguage":"fr-FR","@id":"https:\/\/vosgesinfo.fr\/saintdieinfo\/#\/schema\/logo\/image\/","url":"https:\/\/vosgesinfo.fr\/app\/uploads\/sites\/4\/2024\/02\/logo-sdi.jpg","contentUrl":"https:\/\/vosgesinfo.fr\/app\/uploads\/sites\/4\/2024\/02\/logo-sdi.jpg","width":600,"height":600,"caption":"Saint Die Info"},"image":{"@id":"https:\/\/vosgesinfo.fr\/saintdieinfo\/#\/schema\/logo\/image\/"},"sameAs":["https:\/\/www.facebook.com\/Saintdieinfofr","https:\/\/x.com\/VosgesInfo88","https:\/\/www.youtube.com\/@vosgesinfo"]},{"@type":"Person","@id":"https:\/\/vosgesinfo.fr\/saintdieinfo\/#\/schema\/person\/faee6704a21f3977511db84bd1cd450f","name":"la r\u00e9daction","image":{"@type":"ImageObject","inLanguage":"fr-FR","@id":"https:\/\/vosgesinfo.fr\/saintdieinfo\/#\/schema\/person\/image\/","url":"https:\/\/secure.gravatar.com\/avatar\/6673d8bc6a9c17fa9a453eaa3448de834fa308c2ec9635b7aa99441a7c8d2cf6?s=96&d=mm&r=g","contentUrl":"https:\/\/secure.gravatar.com\/avatar\/6673d8bc6a9c17fa9a453eaa3448de834fa308c2ec9635b7aa99441a7c8d2cf6?s=96&d=mm&r=g","caption":"la r\u00e9daction"},"url":"https:\/\/vosgesinfo.fr\/saintdieinfo\/author\/redac\/"}]}},"_links":{"self":[{"href":"https:\/\/vosgesinfo.fr\/saintdieinfo\/wp-json\/wp\/v2\/posts\/59247","targetHints":{"allow":["GET"]}}],"collection":[{"href":"https:\/\/vosgesinfo.fr\/saintdieinfo\/wp-json\/wp\/v2\/posts"}],"about":[{"href":"https:\/\/vosgesinfo.fr\/saintdieinfo\/wp-json\/wp\/v2\/types\/post"}],"author":[{"embeddable":true,"href":"https:\/\/vosgesinfo.fr\/saintdieinfo\/wp-json\/wp\/v2\/users\/44"}],"replies":[{"embeddable":true,"href":"https:\/\/vosgesinfo.fr\/saintdieinfo\/wp-json\/wp\/v2\/comments?post=59247"}],"version-history":[{"count":0,"href":"https:\/\/vosgesinfo.fr\/saintdieinfo\/wp-json\/wp\/v2\/posts\/59247\/revisions"}],"wp:featuredmedia":[{"embeddable":true,"href":"https:\/\/vosgesinfo.fr\/saintdieinfo\/wp-json\/wp\/v2\/media\/59248"}],"wp:attachment":[{"href":"https:\/\/vosgesinfo.fr\/saintdieinfo\/wp-json\/wp\/v2\/media?parent=59247"}],"wp:term":[{"taxonomy":"category","embeddable":true,"href":"https:\/\/vosgesinfo.fr\/saintdieinfo\/wp-json\/wp\/v2\/categories?post=59247"},{"taxonomy":"post_tag","embeddable":true,"href":"https:\/\/vosgesinfo.fr\/saintdieinfo\/wp-json\/wp\/v2\/tags?post=59247"}],"curies":[{"name":"wp","href":"https:\/\/api.w.org\/{rel}","templated":true}]}}