{"id":59338,"date":"2022-11-08T09:04:24","date_gmt":"2022-11-08T08:04:24","guid":{"rendered":"https:\/\/vosgesinfo.fr\/saintdieinfo\/2022\/11\/nuit-cirque-a-saint-die-vosges-place-offerte-place-achetee\/"},"modified":"2022-11-08T09:04:24","modified_gmt":"2022-11-08T08:04:24","slug":"nuit-cirque-a-saint-die-vosges-place-offerte-place-achetee","status":"publish","type":"post","link":"https:\/\/vosgesinfo.fr\/saintdieinfo\/2022\/11\/nuit-cirque-a-saint-die-vosges-place-offerte-place-achetee\/","title":{"rendered":"Nuit du Cirque \u00e0 Saint-Di\u00e9-des-Vosges : une place offerte pour chaque place achet\u00e9e"},"content":{"rendered":"<div class=\"xdj266r x11i5rnm xat24cr x1mh8g0r x1vvkbs x126k92a\">\n<div dir=\"auto\"><a href=\"\/2022\/10\/LONELY_CIRCUS_LEnqu\u00eate-\u00a9N.Heredia.jpg\" target=\"_blank\" rel=\"noopener\"><img decoding=\"async\" class=\"aligncenter wp-image-192002 size-large\" src=\"\/2022\/10\/LONELY_CIRCUS_LEnqu\u00eate-\u00a9N.Heredia-1024x722.jpg\" alt=\"LONELY_CIRCUS_L'Enqu\u00eate \u00a9N.Heredia\" width=\"960\" height=\"677\" \/><\/a><\/div>\n<h2 dir=\"auto\"><strong><span style=\"font-size: 14pt;\">Ce week-end sera circassien \u00e0 Saint-Di\u00e9-des-Vosges, avec la \u00ab\u00a0Nuit du Cirque\u00a0\u00bb \u00e0 l&rsquo;Espace Georges-Sadoul et \u00e0 La Nef. Au programme : \u00ab\u00a0L&rsquo;Enqu\u00eate\u00a0\u00bb de Lonely Circus \u00e0 La Nef, samedi \u00e0 19h et dimanche \u00e0 16h, et un concert jongl\u00e9 de la compagnie \u00ab\u00a0L&rsquo;Exp\u00e9dition\u00a0\u00bb avec Orchestre+ et l&rsquo;Ecole des Nez Rouges, samedi \u00e0 20h30 \u00e0 l&rsquo;Espace Georges-Sadoul.<\/span><\/strong><\/h2>\n<\/div>\n<p><!--more--><a href=\"https:\/\/saintdieinfo.fr\/2022\/10\/deux-spectacles-circassiens-novembre-a-saint-die-vosges\/\" target=\"_blank\" rel=\"noopener\">Lire notre pr\u00e9c\u00e9dent article pour les d\u00e9tails et les tarifs des places de ces 2 spectacles vivants<\/a>. Cerise sur le g\u00e2teau : pour chaque place achet\u00e9e, une place est offerte. Les r\u00e9servations sont ouvertes du mardi au vendredi, de 9h \u00e0 12h et de 14h \u00e0 17h, par t\u00e9l\u00e9phone 03-29-56-14-09, ou via l&rsquo;adresse \u00e9lectronique <a href=\"mailto:billetterie@ca-saintdie.fr\" target=\"_blank\" rel=\"noopener\">billetterie@ca-saintdie.fr<\/a>.<\/p>\n<div dir=\"auto\">J.J.<\/div>\n<p>&nbsp;<\/p>\n","protected":false},"excerpt":{"rendered":"<p>Ce week-end sera circassien \u00e0 Saint-Di\u00e9-des-Vosges, avec la \u00ab\u00a0Nuit du Cirque\u00a0\u00bb \u00e0 l&rsquo;Espace Georges-Sadoul et \u00e0 La Nef. Au programme [&hellip;]<\/p>\n","protected":false},"author":44,"featured_media":59339,"comment_status":"open","ping_status":"open","sticky":false,"template":"","format":"standard","meta":{"footnotes":""},"categories":[460,8019,7847,2915],"tags":[3559,3008,13017],"class_list":["post-59338","post","type-post","status-publish","format-standard","has-post-thumbnail","hentry","category-a-la-une","category-vie-artistique-art-culture","category-art-culture","category-saint-die-son-canton","tag-espace-georges-sadoul","tag-la-nef","tag-nuit-du-cirque"],"acf":[],"yoast_head":"<!-- This site is optimized with the Yoast SEO plugin v22.5 - https:\/\/yoast.com\/wordpress\/plugins\/seo\/ -->\n<title>Nuit du Cirque \u00e0 Saint-Di\u00e9-des-Vosges : une place offerte pour chaque place achet\u00e9e - Saint Die Info<\/title>\n<meta name=\"robots\" content=\"index, follow, max-snippet:-1, max-image-preview:large, max-video-preview:-1\" \/>\n<link rel=\"canonical\" href=\"https:\/\/vosgesinfo.fr\/saintdieinfo\/2022\/11\/nuit-cirque-a-saint-die-vosges-place-offerte-place-achetee\/\" \/>\n<meta name=\"twitter:card\" content=\"summary_large_image\" \/>\n<meta name=\"twitter:title\" content=\"Nuit du Cirque \u00e0 Saint-Di\u00e9-des-Vosges : une place offerte pour chaque place achet\u00e9e - Saint Die Info\" \/>\n<meta name=\"twitter:description\" content=\"Ce week-end sera circassien \u00e0 Saint-Di\u00e9-des-Vosges, avec la \u00ab\u00a0Nuit du Cirque\u00a0\u00bb \u00e0 l&rsquo;Espace Georges-Sadoul et \u00e0 La Nef. Au programme [&hellip;]\" \/>\n<meta name=\"twitter:image\" content=\"https:\/\/vosgesinfo.fr\/app\/uploads\/sites\/4\/2024\/08\/202210lonely-circus-lenquete-\u00a9n.heredia-1.jpg\" \/>\n<meta name=\"twitter:creator\" content=\"@VosgesInfo88\" \/>\n<meta name=\"twitter:site\" content=\"@VosgesInfo88\" \/>\n<meta name=\"twitter:label1\" content=\"\u00c9crit par\" \/>\n\t<meta name=\"twitter:data1\" content=\"la r\u00e9daction\" \/>\n\t<meta name=\"twitter:label2\" content=\"Dur\u00e9e de lecture estim\u00e9e\" \/>\n\t<meta name=\"twitter:data2\" content=\"1 minute\" \/>\n<script type=\"application\/ld+json\" class=\"yoast-schema-graph\">{\"@context\":\"https:\/\/schema.org\",\"@graph\":[{\"@type\":\"Article\",\"@id\":\"https:\/\/vosgesinfo.fr\/saintdieinfo\/2022\/11\/nuit-cirque-a-saint-die-vosges-place-offerte-place-achetee\/#article\",\"isPartOf\":{\"@id\":\"https:\/\/vosgesinfo.fr\/saintdieinfo\/2022\/11\/nuit-cirque-a-saint-die-vosges-place-offerte-place-achetee\/\"},\"author\":{\"name\":\"la r\u00e9daction\",\"@id\":\"https:\/\/vosgesinfo.fr\/saintdieinfo\/#\/schema\/person\/faee6704a21f3977511db84bd1cd450f\"},\"headline\":\"Nuit du Cirque \u00e0 Saint-Di\u00e9-des-Vosges : une place offerte pour chaque place achet\u00e9e\",\"datePublished\":\"2022-11-08T08:04:24+00:00\",\"dateModified\":\"2022-11-08T08:04:24+00:00\",\"mainEntityOfPage\":{\"@id\":\"https:\/\/vosgesinfo.fr\/saintdieinfo\/2022\/11\/nuit-cirque-a-saint-die-vosges-place-offerte-place-achetee\/\"},\"wordCount\":136,\"commentCount\":0,\"publisher\":{\"@id\":\"https:\/\/vosgesinfo.fr\/saintdieinfo\/#organization\"},\"image\":{\"@id\":\"https:\/\/vosgesinfo.fr\/saintdieinfo\/2022\/11\/nuit-cirque-a-saint-die-vosges-place-offerte-place-achetee\/#primaryimage\"},\"thumbnailUrl\":\"https:\/\/vosgesinfo.fr\/app\/uploads\/sites\/4\/2024\/08\/202210lonely-circus-lenquete-\u00a9n.heredia-1.jpg\",\"keywords\":[\"Espace Georges-Sadoul\",\"La Nef\",\"Nuit du Cirque\"],\"articleSection\":[\"A la Une\",\"Art\",\"Culture\",\"Saint-Di\u00e9-des-Vosges et son Agglom\u00e9ration\"],\"inLanguage\":\"fr-FR\",\"potentialAction\":[{\"@type\":\"CommentAction\",\"name\":\"Comment\",\"target\":[\"https:\/\/vosgesinfo.fr\/saintdieinfo\/2022\/11\/nuit-cirque-a-saint-die-vosges-place-offerte-place-achetee\/#respond\"]}]},{\"@type\":\"WebPage\",\"@id\":\"https:\/\/vosgesinfo.fr\/saintdieinfo\/2022\/11\/nuit-cirque-a-saint-die-vosges-place-offerte-place-achetee\/\",\"url\":\"https:\/\/vosgesinfo.fr\/saintdieinfo\/2022\/11\/nuit-cirque-a-saint-die-vosges-place-offerte-place-achetee\/\",\"name\":\"Nuit du Cirque \u00e0 Saint-Di\u00e9-des-Vosges : une place offerte pour chaque place achet\u00e9e - Saint Die Info\",\"isPartOf\":{\"@id\":\"https:\/\/vosgesinfo.fr\/saintdieinfo\/#website\"},\"primaryImageOfPage\":{\"@id\":\"https:\/\/vosgesinfo.fr\/saintdieinfo\/2022\/11\/nuit-cirque-a-saint-die-vosges-place-offerte-place-achetee\/#primaryimage\"},\"image\":{\"@id\":\"https:\/\/vosgesinfo.fr\/saintdieinfo\/2022\/11\/nuit-cirque-a-saint-die-vosges-place-offerte-place-achetee\/#primaryimage\"},\"thumbnailUrl\":\"https:\/\/vosgesinfo.fr\/app\/uploads\/sites\/4\/2024\/08\/202210lonely-circus-lenquete-\u00a9n.heredia-1.jpg\",\"datePublished\":\"2022-11-08T08:04:24+00:00\",\"dateModified\":\"2022-11-08T08:04:24+00:00\",\"breadcrumb\":{\"@id\":\"https:\/\/vosgesinfo.fr\/saintdieinfo\/2022\/11\/nuit-cirque-a-saint-die-vosges-place-offerte-place-achetee\/#breadcrumb\"},\"inLanguage\":\"fr-FR\",\"potentialAction\":[{\"@type\":\"ReadAction\",\"target\":[\"https:\/\/vosgesinfo.fr\/saintdieinfo\/2022\/11\/nuit-cirque-a-saint-die-vosges-place-offerte-place-achetee\/\"]}]},{\"@type\":\"ImageObject\",\"inLanguage\":\"fr-FR\",\"@id\":\"https:\/\/vosgesinfo.fr\/saintdieinfo\/2022\/11\/nuit-cirque-a-saint-die-vosges-place-offerte-place-achetee\/#primaryimage\",\"url\":\"https:\/\/vosgesinfo.fr\/app\/uploads\/sites\/4\/2024\/08\/202210lonely-circus-lenquete-\u00a9n.heredia-1.jpg\",\"contentUrl\":\"https:\/\/vosgesinfo.fr\/app\/uploads\/sites\/4\/2024\/08\/202210lonely-circus-lenquete-\u00a9n.heredia-1.jpg\",\"width\":1600,\"height\":1128},{\"@type\":\"BreadcrumbList\",\"@id\":\"https:\/\/vosgesinfo.fr\/saintdieinfo\/2022\/11\/nuit-cirque-a-saint-die-vosges-place-offerte-place-achetee\/#breadcrumb\",\"itemListElement\":[{\"@type\":\"ListItem\",\"position\":1,\"name\":\"Home\",\"item\":\"https:\/\/vosgesinfo.fr\/saintdieinfo\/\"},{\"@type\":\"ListItem\",\"position\":2,\"name\":\"Nuit du Cirque \u00e0 Saint-Di\u00e9-des-Vosges : une place offerte pour chaque place achet\u00e9e\"}]},{\"@type\":\"WebSite\",\"@id\":\"https:\/\/vosgesinfo.fr\/saintdieinfo\/#website\",\"url\":\"https:\/\/vosgesinfo.fr\/saintdieinfo\/\",\"name\":\"Saint Die Info\",\"description\":\"Toute l&#039;actualit\u00e9 de Saint-Di\u00e9-Des-Vosges\",\"publisher\":{\"@id\":\"https:\/\/vosgesinfo.fr\/saintdieinfo\/#organization\"},\"alternateName\":\"Toute l'actualit\u00e9 de Saint-Di\u00e9-Des-Vosges\",\"potentialAction\":[{\"@type\":\"SearchAction\",\"target\":{\"@type\":\"EntryPoint\",\"urlTemplate\":\"https:\/\/vosgesinfo.fr\/saintdieinfo\/?s={search_term_string}\"},\"query-input\":\"required name=search_term_string\"}],\"inLanguage\":\"fr-FR\"},{\"@type\":\"Organization\",\"@id\":\"https:\/\/vosgesinfo.fr\/saintdieinfo\/#organization\",\"name\":\"Saint Die Info\",\"url\":\"https:\/\/vosgesinfo.fr\/saintdieinfo\/\",\"logo\":{\"@type\":\"ImageObject\",\"inLanguage\":\"fr-FR\",\"@id\":\"https:\/\/vosgesinfo.fr\/saintdieinfo\/#\/schema\/logo\/image\/\",\"url\":\"https:\/\/vosgesinfo.fr\/app\/uploads\/sites\/4\/2024\/02\/logo-sdi.jpg\",\"contentUrl\":\"https:\/\/vosgesinfo.fr\/app\/uploads\/sites\/4\/2024\/02\/logo-sdi.jpg\",\"width\":600,\"height\":600,\"caption\":\"Saint Die Info\"},\"image\":{\"@id\":\"https:\/\/vosgesinfo.fr\/saintdieinfo\/#\/schema\/logo\/image\/\"},\"sameAs\":[\"https:\/\/www.facebook.com\/Saintdieinfofr\",\"https:\/\/x.com\/VosgesInfo88\",\"https:\/\/www.youtube.com\/@vosgesinfo\"]},{\"@type\":\"Person\",\"@id\":\"https:\/\/vosgesinfo.fr\/saintdieinfo\/#\/schema\/person\/faee6704a21f3977511db84bd1cd450f\",\"name\":\"la r\u00e9daction\",\"image\":{\"@type\":\"ImageObject\",\"inLanguage\":\"fr-FR\",\"@id\":\"https:\/\/vosgesinfo.fr\/saintdieinfo\/#\/schema\/person\/image\/\",\"url\":\"https:\/\/secure.gravatar.com\/avatar\/6673d8bc6a9c17fa9a453eaa3448de834fa308c2ec9635b7aa99441a7c8d2cf6?s=96&d=mm&r=g\",\"contentUrl\":\"https:\/\/secure.gravatar.com\/avatar\/6673d8bc6a9c17fa9a453eaa3448de834fa308c2ec9635b7aa99441a7c8d2cf6?s=96&d=mm&r=g\",\"caption\":\"la r\u00e9daction\"},\"url\":\"https:\/\/vosgesinfo.fr\/saintdieinfo\/author\/redac\/\"}]}<\/script>\n<!-- \/ Yoast SEO plugin. -->","yoast_head_json":{"title":"Nuit du Cirque \u00e0 Saint-Di\u00e9-des-Vosges : une place offerte pour chaque place achet\u00e9e - Saint Die Info","robots":{"index":"index","follow":"follow","max-snippet":"max-snippet:-1","max-image-preview":"max-image-preview:large","max-video-preview":"max-video-preview:-1"},"canonical":"https:\/\/vosgesinfo.fr\/saintdieinfo\/2022\/11\/nuit-cirque-a-saint-die-vosges-place-offerte-place-achetee\/","twitter_card":"summary_large_image","twitter_title":"Nuit du Cirque \u00e0 Saint-Di\u00e9-des-Vosges : une place offerte pour chaque place achet\u00e9e - Saint Die Info","twitter_description":"Ce week-end sera circassien \u00e0 Saint-Di\u00e9-des-Vosges, avec la \u00ab\u00a0Nuit du Cirque\u00a0\u00bb \u00e0 l&rsquo;Espace Georges-Sadoul et \u00e0 La Nef. Au programme [&hellip;]","twitter_image":"https:\/\/vosgesinfo.fr\/app\/uploads\/sites\/4\/2024\/08\/202210lonely-circus-lenquete-\u00a9n.heredia-1.jpg","twitter_creator":"@VosgesInfo88","twitter_site":"@VosgesInfo88","twitter_misc":{"\u00c9crit par":"la r\u00e9daction","Dur\u00e9e de lecture estim\u00e9e":"1 minute"},"schema":{"@context":"https:\/\/schema.org","@graph":[{"@type":"Article","@id":"https:\/\/vosgesinfo.fr\/saintdieinfo\/2022\/11\/nuit-cirque-a-saint-die-vosges-place-offerte-place-achetee\/#article","isPartOf":{"@id":"https:\/\/vosgesinfo.fr\/saintdieinfo\/2022\/11\/nuit-cirque-a-saint-die-vosges-place-offerte-place-achetee\/"},"author":{"name":"la r\u00e9daction","@id":"https:\/\/vosgesinfo.fr\/saintdieinfo\/#\/schema\/person\/faee6704a21f3977511db84bd1cd450f"},"headline":"Nuit du Cirque \u00e0 Saint-Di\u00e9-des-Vosges : une place offerte pour chaque place achet\u00e9e","datePublished":"2022-11-08T08:04:24+00:00","dateModified":"2022-11-08T08:04:24+00:00","mainEntityOfPage":{"@id":"https:\/\/vosgesinfo.fr\/saintdieinfo\/2022\/11\/nuit-cirque-a-saint-die-vosges-place-offerte-place-achetee\/"},"wordCount":136,"commentCount":0,"publisher":{"@id":"https:\/\/vosgesinfo.fr\/saintdieinfo\/#organization"},"image":{"@id":"https:\/\/vosgesinfo.fr\/saintdieinfo\/2022\/11\/nuit-cirque-a-saint-die-vosges-place-offerte-place-achetee\/#primaryimage"},"thumbnailUrl":"https:\/\/vosgesinfo.fr\/app\/uploads\/sites\/4\/2024\/08\/202210lonely-circus-lenquete-\u00a9n.heredia-1.jpg","keywords":["Espace Georges-Sadoul","La Nef","Nuit du Cirque"],"articleSection":["A la Une","Art","Culture","Saint-Di\u00e9-des-Vosges et son Agglom\u00e9ration"],"inLanguage":"fr-FR","potentialAction":[{"@type":"CommentAction","name":"Comment","target":["https:\/\/vosgesinfo.fr\/saintdieinfo\/2022\/11\/nuit-cirque-a-saint-die-vosges-place-offerte-place-achetee\/#respond"]}]},{"@type":"WebPage","@id":"https:\/\/vosgesinfo.fr\/saintdieinfo\/2022\/11\/nuit-cirque-a-saint-die-vosges-place-offerte-place-achetee\/","url":"https:\/\/vosgesinfo.fr\/saintdieinfo\/2022\/11\/nuit-cirque-a-saint-die-vosges-place-offerte-place-achetee\/","name":"Nuit du Cirque \u00e0 Saint-Di\u00e9-des-Vosges : une place offerte pour chaque place achet\u00e9e - Saint Die Info","isPartOf":{"@id":"https:\/\/vosgesinfo.fr\/saintdieinfo\/#website"},"primaryImageOfPage":{"@id":"https:\/\/vosgesinfo.fr\/saintdieinfo\/2022\/11\/nuit-cirque-a-saint-die-vosges-place-offerte-place-achetee\/#primaryimage"},"image":{"@id":"https:\/\/vosgesinfo.fr\/saintdieinfo\/2022\/11\/nuit-cirque-a-saint-die-vosges-place-offerte-place-achetee\/#primaryimage"},"thumbnailUrl":"https:\/\/vosgesinfo.fr\/app\/uploads\/sites\/4\/2024\/08\/202210lonely-circus-lenquete-\u00a9n.heredia-1.jpg","datePublished":"2022-11-08T08:04:24+00:00","dateModified":"2022-11-08T08:04:24+00:00","breadcrumb":{"@id":"https:\/\/vosgesinfo.fr\/saintdieinfo\/2022\/11\/nuit-cirque-a-saint-die-vosges-place-offerte-place-achetee\/#breadcrumb"},"inLanguage":"fr-FR","potentialAction":[{"@type":"ReadAction","target":["https:\/\/vosgesinfo.fr\/saintdieinfo\/2022\/11\/nuit-cirque-a-saint-die-vosges-place-offerte-place-achetee\/"]}]},{"@type":"ImageObject","inLanguage":"fr-FR","@id":"https:\/\/vosgesinfo.fr\/saintdieinfo\/2022\/11\/nuit-cirque-a-saint-die-vosges-place-offerte-place-achetee\/#primaryimage","url":"https:\/\/vosgesinfo.fr\/app\/uploads\/sites\/4\/2024\/08\/202210lonely-circus-lenquete-\u00a9n.heredia-1.jpg","contentUrl":"https:\/\/vosgesinfo.fr\/app\/uploads\/sites\/4\/2024\/08\/202210lonely-circus-lenquete-\u00a9n.heredia-1.jpg","width":1600,"height":1128},{"@type":"BreadcrumbList","@id":"https:\/\/vosgesinfo.fr\/saintdieinfo\/2022\/11\/nuit-cirque-a-saint-die-vosges-place-offerte-place-achetee\/#breadcrumb","itemListElement":[{"@type":"ListItem","position":1,"name":"Home","item":"https:\/\/vosgesinfo.fr\/saintdieinfo\/"},{"@type":"ListItem","position":2,"name":"Nuit du Cirque \u00e0 Saint-Di\u00e9-des-Vosges : une place offerte pour chaque place achet\u00e9e"}]},{"@type":"WebSite","@id":"https:\/\/vosgesinfo.fr\/saintdieinfo\/#website","url":"https:\/\/vosgesinfo.fr\/saintdieinfo\/","name":"Saint Die Info","description":"Toute l&#039;actualit\u00e9 de Saint-Di\u00e9-Des-Vosges","publisher":{"@id":"https:\/\/vosgesinfo.fr\/saintdieinfo\/#organization"},"alternateName":"Toute l'actualit\u00e9 de Saint-Di\u00e9-Des-Vosges","potentialAction":[{"@type":"SearchAction","target":{"@type":"EntryPoint","urlTemplate":"https:\/\/vosgesinfo.fr\/saintdieinfo\/?s={search_term_string}"},"query-input":"required name=search_term_string"}],"inLanguage":"fr-FR"},{"@type":"Organization","@id":"https:\/\/vosgesinfo.fr\/saintdieinfo\/#organization","name":"Saint Die Info","url":"https:\/\/vosgesinfo.fr\/saintdieinfo\/","logo":{"@type":"ImageObject","inLanguage":"fr-FR","@id":"https:\/\/vosgesinfo.fr\/saintdieinfo\/#\/schema\/logo\/image\/","url":"https:\/\/vosgesinfo.fr\/app\/uploads\/sites\/4\/2024\/02\/logo-sdi.jpg","contentUrl":"https:\/\/vosgesinfo.fr\/app\/uploads\/sites\/4\/2024\/02\/logo-sdi.jpg","width":600,"height":600,"caption":"Saint Die Info"},"image":{"@id":"https:\/\/vosgesinfo.fr\/saintdieinfo\/#\/schema\/logo\/image\/"},"sameAs":["https:\/\/www.facebook.com\/Saintdieinfofr","https:\/\/x.com\/VosgesInfo88","https:\/\/www.youtube.com\/@vosgesinfo"]},{"@type":"Person","@id":"https:\/\/vosgesinfo.fr\/saintdieinfo\/#\/schema\/person\/faee6704a21f3977511db84bd1cd450f","name":"la r\u00e9daction","image":{"@type":"ImageObject","inLanguage":"fr-FR","@id":"https:\/\/vosgesinfo.fr\/saintdieinfo\/#\/schema\/person\/image\/","url":"https:\/\/secure.gravatar.com\/avatar\/6673d8bc6a9c17fa9a453eaa3448de834fa308c2ec9635b7aa99441a7c8d2cf6?s=96&d=mm&r=g","contentUrl":"https:\/\/secure.gravatar.com\/avatar\/6673d8bc6a9c17fa9a453eaa3448de834fa308c2ec9635b7aa99441a7c8d2cf6?s=96&d=mm&r=g","caption":"la r\u00e9daction"},"url":"https:\/\/vosgesinfo.fr\/saintdieinfo\/author\/redac\/"}]}},"_links":{"self":[{"href":"https:\/\/vosgesinfo.fr\/saintdieinfo\/wp-json\/wp\/v2\/posts\/59338","targetHints":{"allow":["GET"]}}],"collection":[{"href":"https:\/\/vosgesinfo.fr\/saintdieinfo\/wp-json\/wp\/v2\/posts"}],"about":[{"href":"https:\/\/vosgesinfo.fr\/saintdieinfo\/wp-json\/wp\/v2\/types\/post"}],"author":[{"embeddable":true,"href":"https:\/\/vosgesinfo.fr\/saintdieinfo\/wp-json\/wp\/v2\/users\/44"}],"replies":[{"embeddable":true,"href":"https:\/\/vosgesinfo.fr\/saintdieinfo\/wp-json\/wp\/v2\/comments?post=59338"}],"version-history":[{"count":0,"href":"https:\/\/vosgesinfo.fr\/saintdieinfo\/wp-json\/wp\/v2\/posts\/59338\/revisions"}],"wp:featuredmedia":[{"embeddable":true,"href":"https:\/\/vosgesinfo.fr\/saintdieinfo\/wp-json\/wp\/v2\/media\/59339"}],"wp:attachment":[{"href":"https:\/\/vosgesinfo.fr\/saintdieinfo\/wp-json\/wp\/v2\/media?parent=59338"}],"wp:term":[{"taxonomy":"category","embeddable":true,"href":"https:\/\/vosgesinfo.fr\/saintdieinfo\/wp-json\/wp\/v2\/categories?post=59338"},{"taxonomy":"post_tag","embeddable":true,"href":"https:\/\/vosgesinfo.fr\/saintdieinfo\/wp-json\/wp\/v2\/tags?post=59338"}],"curies":[{"name":"wp","href":"https:\/\/api.w.org\/{rel}","templated":true}]}}