{"id":59353,"date":"2022-11-08T11:57:15","date_gmt":"2022-11-08T10:57:15","guid":{"rendered":"https:\/\/vosgesinfo.fr\/saintdieinfo\/2022\/11\/fetes-de-fin-dannee-sinstallent-a-saint-die-vosges\/"},"modified":"2022-11-08T11:57:15","modified_gmt":"2022-11-08T10:57:15","slug":"fetes-de-fin-dannee-sinstallent-a-saint-die-vosges","status":"publish","type":"post","link":"https:\/\/vosgesinfo.fr\/saintdieinfo\/2022\/11\/fetes-de-fin-dannee-sinstallent-a-saint-die-vosges\/","title":{"rendered":"Les f\u00eates de fin d&rsquo;ann\u00e9e s&rsquo;installent \u00e0 Saint-Di\u00e9-des-Vosges"},"content":{"rendered":"<div id=\"attachment_192336\" style=\"width: 970px\" class=\"wp-caption aligncenter\"><a href=\"\/2022\/11\/Installation_D\u00e9corations_F\u00eates_Fin_dAnn\u00e9e-2.jpg\"><img decoding=\"async\" aria-describedby=\"caption-attachment-192336\" class=\"wp-image-192336 size-large\" src=\"\/2022\/11\/Installation_D\u00e9corations_F\u00eates_Fin_dAnn\u00e9e-2-1024x771.jpg\" alt=\"Installation_D\u00e9corations_F\u00eates_Fin_d'Ann\u00e9e (2)\" width=\"960\" height=\"723\" \/><\/a><p id=\"caption-attachment-192336\" class=\"wp-caption-text\">Les motifs traversants de la rue Thiers ont \u00e9t\u00e9 install\u00e9s en fin de semaine derni\u00e8re.<\/p><\/div>\n<h2><strong><span style=\"font-size: 14pt;\">La rentr\u00e9e de septembre est d\u00e9sormais lointaine, et il est maintenant l&rsquo;heure de se tourner vers les f\u00eates de fin d&rsquo;ann\u00e9e, qui approchent \u00e0 grands pas.<\/span><\/strong><\/h2>\n<p><!--more--><\/p>\n<p>Dans moins d&rsquo;un mois, samedi 3 d\u00e9cembre, Saint-Nicolas et son cort\u00e8ge d\u00e9filera dans les rues d\u00e9odatiennes. La veille, les illuminations du centre-ville s&rsquo;allumeront une fois la nuit tomb\u00e9e. C&rsquo;est ces derniers jours que les motifs traversants et autres guirlandes ont \u00e9t\u00e9 install\u00e9es par les agents du Centre Technique Municipal. Tout comme la maison du P\u00e8re No\u00ebl et les petits chalets de bois au pied de la Tour de la Libert\u00e9, au parc Jean-Mansuy, o\u00f9 viendra \u00e0 nouveau s&rsquo;installer le march\u00e9 de No\u00ebl d\u00e9odatien au mois de d\u00e9cembre. Le tout en sachant que pour des raisons de sobri\u00e9t\u00e9 \u00e9nerg\u00e9tique, les illuminations seront \u00e9teintes plus t\u00f4t cette ann\u00e9e, \u00e0 partir de 21h et jusqu&rsquo;\u00e0 la prochaine tomb\u00e9e de la nuit, exceptions faites des soirs du 24 et 31 d\u00e9cembre.<\/p>\n<p>J.J.<\/p>\n\n","protected":false},"excerpt":{"rendered":"<p>La rentr\u00e9e de septembre est d\u00e9sormais lointaine, et il est maintenant l&rsquo;heure de se tourner vers les f\u00eates de fin [&hellip;]<\/p>\n","protected":false},"author":44,"featured_media":59354,"comment_status":"open","ping_status":"open","sticky":false,"template":"","format":"standard","meta":{"footnotes":""},"categories":[460,2915],"tags":[2591,4877,9602,4963],"class_list":["post-59353","post","type-post","status-publish","format-standard","has-post-thumbnail","hentry","category-a-la-une","category-saint-die-son-canton","tag-fetes-de-fin-dannee","tag-fetes-de-fin-dannee-a-saint-die-des-vosges","tag-illuminations-de-fin-dannee","tag-marche-de-noel-de-saint-die-des-vosges"],"acf":[],"yoast_head":"<!-- This site is optimized with the Yoast SEO plugin v22.5 - https:\/\/yoast.com\/wordpress\/plugins\/seo\/ -->\n<title>Les f\u00eates de fin d&#039;ann\u00e9e s&#039;installent \u00e0 Saint-Di\u00e9-des-Vosges - Saint Die Info<\/title>\n<meta name=\"robots\" content=\"index, follow, max-snippet:-1, max-image-preview:large, max-video-preview:-1\" \/>\n<link rel=\"canonical\" href=\"https:\/\/vosgesinfo.fr\/saintdieinfo\/2022\/11\/fetes-de-fin-dannee-sinstallent-a-saint-die-vosges\/\" \/>\n<meta name=\"twitter:card\" content=\"summary_large_image\" \/>\n<meta name=\"twitter:title\" content=\"Les f\u00eates de fin d&#039;ann\u00e9e s&#039;installent \u00e0 Saint-Di\u00e9-des-Vosges - Saint Die Info\" \/>\n<meta name=\"twitter:description\" content=\"La rentr\u00e9e de septembre est d\u00e9sormais lointaine, et il est maintenant l&rsquo;heure de se tourner vers les f\u00eates de fin [&hellip;]\" \/>\n<meta name=\"twitter:image\" content=\"https:\/\/vosgesinfo.fr\/app\/uploads\/sites\/4\/2024\/08\/202211installation-decorations-fetes-fin-dannee-2.jpg\" \/>\n<meta name=\"twitter:creator\" content=\"@VosgesInfo88\" \/>\n<meta name=\"twitter:site\" content=\"@VosgesInfo88\" \/>\n<meta name=\"twitter:label1\" content=\"\u00c9crit par\" \/>\n\t<meta name=\"twitter:data1\" content=\"la r\u00e9daction\" \/>\n\t<meta name=\"twitter:label2\" content=\"Dur\u00e9e de lecture estim\u00e9e\" \/>\n\t<meta name=\"twitter:data2\" content=\"1 minute\" \/>\n<script type=\"application\/ld+json\" class=\"yoast-schema-graph\">{\"@context\":\"https:\/\/schema.org\",\"@graph\":[{\"@type\":\"Article\",\"@id\":\"https:\/\/vosgesinfo.fr\/saintdieinfo\/2022\/11\/fetes-de-fin-dannee-sinstallent-a-saint-die-vosges\/#article\",\"isPartOf\":{\"@id\":\"https:\/\/vosgesinfo.fr\/saintdieinfo\/2022\/11\/fetes-de-fin-dannee-sinstallent-a-saint-die-vosges\/\"},\"author\":{\"name\":\"la r\u00e9daction\",\"@id\":\"https:\/\/vosgesinfo.fr\/saintdieinfo\/#\/schema\/person\/faee6704a21f3977511db84bd1cd450f\"},\"headline\":\"Les f\u00eates de fin d&rsquo;ann\u00e9e s&rsquo;installent \u00e0 Saint-Di\u00e9-des-Vosges\",\"datePublished\":\"2022-11-08T10:57:15+00:00\",\"dateModified\":\"2022-11-08T10:57:15+00:00\",\"mainEntityOfPage\":{\"@id\":\"https:\/\/vosgesinfo.fr\/saintdieinfo\/2022\/11\/fetes-de-fin-dannee-sinstallent-a-saint-die-vosges\/\"},\"wordCount\":218,\"commentCount\":0,\"publisher\":{\"@id\":\"https:\/\/vosgesinfo.fr\/saintdieinfo\/#organization\"},\"image\":{\"@id\":\"https:\/\/vosgesinfo.fr\/saintdieinfo\/2022\/11\/fetes-de-fin-dannee-sinstallent-a-saint-die-vosges\/#primaryimage\"},\"thumbnailUrl\":\"https:\/\/vosgesinfo.fr\/app\/uploads\/sites\/4\/2024\/08\/202211installation-decorations-fetes-fin-dannee-2.jpg\",\"keywords\":[\"f\u00eates de fin d'ann\u00e9e\",\"F\u00eates de fin d'ann\u00e9e \u00e0 Saint-Di\u00e9-des-Vosges\",\"Illuminations de fin d'ann\u00e9e\",\"March\u00e9 de No\u00ebl de Saint-Di\u00e9-des-Vosges\"],\"articleSection\":[\"A la Une\",\"Saint-Di\u00e9-des-Vosges et son Agglom\u00e9ration\"],\"inLanguage\":\"fr-FR\",\"potentialAction\":[{\"@type\":\"CommentAction\",\"name\":\"Comment\",\"target\":[\"https:\/\/vosgesinfo.fr\/saintdieinfo\/2022\/11\/fetes-de-fin-dannee-sinstallent-a-saint-die-vosges\/#respond\"]}]},{\"@type\":\"WebPage\",\"@id\":\"https:\/\/vosgesinfo.fr\/saintdieinfo\/2022\/11\/fetes-de-fin-dannee-sinstallent-a-saint-die-vosges\/\",\"url\":\"https:\/\/vosgesinfo.fr\/saintdieinfo\/2022\/11\/fetes-de-fin-dannee-sinstallent-a-saint-die-vosges\/\",\"name\":\"Les f\u00eates de fin d'ann\u00e9e s'installent \u00e0 Saint-Di\u00e9-des-Vosges - Saint Die Info\",\"isPartOf\":{\"@id\":\"https:\/\/vosgesinfo.fr\/saintdieinfo\/#website\"},\"primaryImageOfPage\":{\"@id\":\"https:\/\/vosgesinfo.fr\/saintdieinfo\/2022\/11\/fetes-de-fin-dannee-sinstallent-a-saint-die-vosges\/#primaryimage\"},\"image\":{\"@id\":\"https:\/\/vosgesinfo.fr\/saintdieinfo\/2022\/11\/fetes-de-fin-dannee-sinstallent-a-saint-die-vosges\/#primaryimage\"},\"thumbnailUrl\":\"https:\/\/vosgesinfo.fr\/app\/uploads\/sites\/4\/2024\/08\/202211installation-decorations-fetes-fin-dannee-2.jpg\",\"datePublished\":\"2022-11-08T10:57:15+00:00\",\"dateModified\":\"2022-11-08T10:57:15+00:00\",\"breadcrumb\":{\"@id\":\"https:\/\/vosgesinfo.fr\/saintdieinfo\/2022\/11\/fetes-de-fin-dannee-sinstallent-a-saint-die-vosges\/#breadcrumb\"},\"inLanguage\":\"fr-FR\",\"potentialAction\":[{\"@type\":\"ReadAction\",\"target\":[\"https:\/\/vosgesinfo.fr\/saintdieinfo\/2022\/11\/fetes-de-fin-dannee-sinstallent-a-saint-die-vosges\/\"]}]},{\"@type\":\"ImageObject\",\"inLanguage\":\"fr-FR\",\"@id\":\"https:\/\/vosgesinfo.fr\/saintdieinfo\/2022\/11\/fetes-de-fin-dannee-sinstallent-a-saint-die-vosges\/#primaryimage\",\"url\":\"https:\/\/vosgesinfo.fr\/app\/uploads\/sites\/4\/2024\/08\/202211installation-decorations-fetes-fin-dannee-2.jpg\",\"contentUrl\":\"https:\/\/vosgesinfo.fr\/app\/uploads\/sites\/4\/2024\/08\/202211installation-decorations-fetes-fin-dannee-2.jpg\",\"width\":1600,\"height\":1205},{\"@type\":\"BreadcrumbList\",\"@id\":\"https:\/\/vosgesinfo.fr\/saintdieinfo\/2022\/11\/fetes-de-fin-dannee-sinstallent-a-saint-die-vosges\/#breadcrumb\",\"itemListElement\":[{\"@type\":\"ListItem\",\"position\":1,\"name\":\"Home\",\"item\":\"https:\/\/vosgesinfo.fr\/saintdieinfo\/\"},{\"@type\":\"ListItem\",\"position\":2,\"name\":\"Les f\u00eates de fin d&rsquo;ann\u00e9e s&rsquo;installent \u00e0 Saint-Di\u00e9-des-Vosges\"}]},{\"@type\":\"WebSite\",\"@id\":\"https:\/\/vosgesinfo.fr\/saintdieinfo\/#website\",\"url\":\"https:\/\/vosgesinfo.fr\/saintdieinfo\/\",\"name\":\"Saint Die Info\",\"description\":\"Toute l&#039;actualit\u00e9 de Saint-Di\u00e9-Des-Vosges\",\"publisher\":{\"@id\":\"https:\/\/vosgesinfo.fr\/saintdieinfo\/#organization\"},\"alternateName\":\"Toute l'actualit\u00e9 de Saint-Di\u00e9-Des-Vosges\",\"potentialAction\":[{\"@type\":\"SearchAction\",\"target\":{\"@type\":\"EntryPoint\",\"urlTemplate\":\"https:\/\/vosgesinfo.fr\/saintdieinfo\/?s={search_term_string}\"},\"query-input\":\"required name=search_term_string\"}],\"inLanguage\":\"fr-FR\"},{\"@type\":\"Organization\",\"@id\":\"https:\/\/vosgesinfo.fr\/saintdieinfo\/#organization\",\"name\":\"Saint Die Info\",\"url\":\"https:\/\/vosgesinfo.fr\/saintdieinfo\/\",\"logo\":{\"@type\":\"ImageObject\",\"inLanguage\":\"fr-FR\",\"@id\":\"https:\/\/vosgesinfo.fr\/saintdieinfo\/#\/schema\/logo\/image\/\",\"url\":\"https:\/\/vosgesinfo.fr\/app\/uploads\/sites\/4\/2024\/02\/logo-sdi.jpg\",\"contentUrl\":\"https:\/\/vosgesinfo.fr\/app\/uploads\/sites\/4\/2024\/02\/logo-sdi.jpg\",\"width\":600,\"height\":600,\"caption\":\"Saint Die Info\"},\"image\":{\"@id\":\"https:\/\/vosgesinfo.fr\/saintdieinfo\/#\/schema\/logo\/image\/\"},\"sameAs\":[\"https:\/\/www.facebook.com\/Saintdieinfofr\",\"https:\/\/x.com\/VosgesInfo88\",\"https:\/\/www.youtube.com\/@vosgesinfo\"]},{\"@type\":\"Person\",\"@id\":\"https:\/\/vosgesinfo.fr\/saintdieinfo\/#\/schema\/person\/faee6704a21f3977511db84bd1cd450f\",\"name\":\"la r\u00e9daction\",\"image\":{\"@type\":\"ImageObject\",\"inLanguage\":\"fr-FR\",\"@id\":\"https:\/\/vosgesinfo.fr\/saintdieinfo\/#\/schema\/person\/image\/\",\"url\":\"https:\/\/secure.gravatar.com\/avatar\/6673d8bc6a9c17fa9a453eaa3448de834fa308c2ec9635b7aa99441a7c8d2cf6?s=96&d=mm&r=g\",\"contentUrl\":\"https:\/\/secure.gravatar.com\/avatar\/6673d8bc6a9c17fa9a453eaa3448de834fa308c2ec9635b7aa99441a7c8d2cf6?s=96&d=mm&r=g\",\"caption\":\"la r\u00e9daction\"},\"url\":\"https:\/\/vosgesinfo.fr\/saintdieinfo\/author\/redac\/\"}]}<\/script>\n<!-- \/ Yoast SEO plugin. -->","yoast_head_json":{"title":"Les f\u00eates de fin d'ann\u00e9e s'installent \u00e0 Saint-Di\u00e9-des-Vosges - Saint Die Info","robots":{"index":"index","follow":"follow","max-snippet":"max-snippet:-1","max-image-preview":"max-image-preview:large","max-video-preview":"max-video-preview:-1"},"canonical":"https:\/\/vosgesinfo.fr\/saintdieinfo\/2022\/11\/fetes-de-fin-dannee-sinstallent-a-saint-die-vosges\/","twitter_card":"summary_large_image","twitter_title":"Les f\u00eates de fin d'ann\u00e9e s'installent \u00e0 Saint-Di\u00e9-des-Vosges - Saint Die Info","twitter_description":"La rentr\u00e9e de septembre est d\u00e9sormais lointaine, et il est maintenant l&rsquo;heure de se tourner vers les f\u00eates de fin [&hellip;]","twitter_image":"https:\/\/vosgesinfo.fr\/app\/uploads\/sites\/4\/2024\/08\/202211installation-decorations-fetes-fin-dannee-2.jpg","twitter_creator":"@VosgesInfo88","twitter_site":"@VosgesInfo88","twitter_misc":{"\u00c9crit par":"la r\u00e9daction","Dur\u00e9e de lecture estim\u00e9e":"1 minute"},"schema":{"@context":"https:\/\/schema.org","@graph":[{"@type":"Article","@id":"https:\/\/vosgesinfo.fr\/saintdieinfo\/2022\/11\/fetes-de-fin-dannee-sinstallent-a-saint-die-vosges\/#article","isPartOf":{"@id":"https:\/\/vosgesinfo.fr\/saintdieinfo\/2022\/11\/fetes-de-fin-dannee-sinstallent-a-saint-die-vosges\/"},"author":{"name":"la r\u00e9daction","@id":"https:\/\/vosgesinfo.fr\/saintdieinfo\/#\/schema\/person\/faee6704a21f3977511db84bd1cd450f"},"headline":"Les f\u00eates de fin d&rsquo;ann\u00e9e s&rsquo;installent \u00e0 Saint-Di\u00e9-des-Vosges","datePublished":"2022-11-08T10:57:15+00:00","dateModified":"2022-11-08T10:57:15+00:00","mainEntityOfPage":{"@id":"https:\/\/vosgesinfo.fr\/saintdieinfo\/2022\/11\/fetes-de-fin-dannee-sinstallent-a-saint-die-vosges\/"},"wordCount":218,"commentCount":0,"publisher":{"@id":"https:\/\/vosgesinfo.fr\/saintdieinfo\/#organization"},"image":{"@id":"https:\/\/vosgesinfo.fr\/saintdieinfo\/2022\/11\/fetes-de-fin-dannee-sinstallent-a-saint-die-vosges\/#primaryimage"},"thumbnailUrl":"https:\/\/vosgesinfo.fr\/app\/uploads\/sites\/4\/2024\/08\/202211installation-decorations-fetes-fin-dannee-2.jpg","keywords":["f\u00eates de fin d'ann\u00e9e","F\u00eates de fin d'ann\u00e9e \u00e0 Saint-Di\u00e9-des-Vosges","Illuminations de fin d'ann\u00e9e","March\u00e9 de No\u00ebl de Saint-Di\u00e9-des-Vosges"],"articleSection":["A la Une","Saint-Di\u00e9-des-Vosges et son Agglom\u00e9ration"],"inLanguage":"fr-FR","potentialAction":[{"@type":"CommentAction","name":"Comment","target":["https:\/\/vosgesinfo.fr\/saintdieinfo\/2022\/11\/fetes-de-fin-dannee-sinstallent-a-saint-die-vosges\/#respond"]}]},{"@type":"WebPage","@id":"https:\/\/vosgesinfo.fr\/saintdieinfo\/2022\/11\/fetes-de-fin-dannee-sinstallent-a-saint-die-vosges\/","url":"https:\/\/vosgesinfo.fr\/saintdieinfo\/2022\/11\/fetes-de-fin-dannee-sinstallent-a-saint-die-vosges\/","name":"Les f\u00eates de fin d'ann\u00e9e s'installent \u00e0 Saint-Di\u00e9-des-Vosges - Saint Die Info","isPartOf":{"@id":"https:\/\/vosgesinfo.fr\/saintdieinfo\/#website"},"primaryImageOfPage":{"@id":"https:\/\/vosgesinfo.fr\/saintdieinfo\/2022\/11\/fetes-de-fin-dannee-sinstallent-a-saint-die-vosges\/#primaryimage"},"image":{"@id":"https:\/\/vosgesinfo.fr\/saintdieinfo\/2022\/11\/fetes-de-fin-dannee-sinstallent-a-saint-die-vosges\/#primaryimage"},"thumbnailUrl":"https:\/\/vosgesinfo.fr\/app\/uploads\/sites\/4\/2024\/08\/202211installation-decorations-fetes-fin-dannee-2.jpg","datePublished":"2022-11-08T10:57:15+00:00","dateModified":"2022-11-08T10:57:15+00:00","breadcrumb":{"@id":"https:\/\/vosgesinfo.fr\/saintdieinfo\/2022\/11\/fetes-de-fin-dannee-sinstallent-a-saint-die-vosges\/#breadcrumb"},"inLanguage":"fr-FR","potentialAction":[{"@type":"ReadAction","target":["https:\/\/vosgesinfo.fr\/saintdieinfo\/2022\/11\/fetes-de-fin-dannee-sinstallent-a-saint-die-vosges\/"]}]},{"@type":"ImageObject","inLanguage":"fr-FR","@id":"https:\/\/vosgesinfo.fr\/saintdieinfo\/2022\/11\/fetes-de-fin-dannee-sinstallent-a-saint-die-vosges\/#primaryimage","url":"https:\/\/vosgesinfo.fr\/app\/uploads\/sites\/4\/2024\/08\/202211installation-decorations-fetes-fin-dannee-2.jpg","contentUrl":"https:\/\/vosgesinfo.fr\/app\/uploads\/sites\/4\/2024\/08\/202211installation-decorations-fetes-fin-dannee-2.jpg","width":1600,"height":1205},{"@type":"BreadcrumbList","@id":"https:\/\/vosgesinfo.fr\/saintdieinfo\/2022\/11\/fetes-de-fin-dannee-sinstallent-a-saint-die-vosges\/#breadcrumb","itemListElement":[{"@type":"ListItem","position":1,"name":"Home","item":"https:\/\/vosgesinfo.fr\/saintdieinfo\/"},{"@type":"ListItem","position":2,"name":"Les f\u00eates de fin d&rsquo;ann\u00e9e s&rsquo;installent \u00e0 Saint-Di\u00e9-des-Vosges"}]},{"@type":"WebSite","@id":"https:\/\/vosgesinfo.fr\/saintdieinfo\/#website","url":"https:\/\/vosgesinfo.fr\/saintdieinfo\/","name":"Saint Die Info","description":"Toute l&#039;actualit\u00e9 de Saint-Di\u00e9-Des-Vosges","publisher":{"@id":"https:\/\/vosgesinfo.fr\/saintdieinfo\/#organization"},"alternateName":"Toute l'actualit\u00e9 de Saint-Di\u00e9-Des-Vosges","potentialAction":[{"@type":"SearchAction","target":{"@type":"EntryPoint","urlTemplate":"https:\/\/vosgesinfo.fr\/saintdieinfo\/?s={search_term_string}"},"query-input":"required name=search_term_string"}],"inLanguage":"fr-FR"},{"@type":"Organization","@id":"https:\/\/vosgesinfo.fr\/saintdieinfo\/#organization","name":"Saint Die Info","url":"https:\/\/vosgesinfo.fr\/saintdieinfo\/","logo":{"@type":"ImageObject","inLanguage":"fr-FR","@id":"https:\/\/vosgesinfo.fr\/saintdieinfo\/#\/schema\/logo\/image\/","url":"https:\/\/vosgesinfo.fr\/app\/uploads\/sites\/4\/2024\/02\/logo-sdi.jpg","contentUrl":"https:\/\/vosgesinfo.fr\/app\/uploads\/sites\/4\/2024\/02\/logo-sdi.jpg","width":600,"height":600,"caption":"Saint Die Info"},"image":{"@id":"https:\/\/vosgesinfo.fr\/saintdieinfo\/#\/schema\/logo\/image\/"},"sameAs":["https:\/\/www.facebook.com\/Saintdieinfofr","https:\/\/x.com\/VosgesInfo88","https:\/\/www.youtube.com\/@vosgesinfo"]},{"@type":"Person","@id":"https:\/\/vosgesinfo.fr\/saintdieinfo\/#\/schema\/person\/faee6704a21f3977511db84bd1cd450f","name":"la r\u00e9daction","image":{"@type":"ImageObject","inLanguage":"fr-FR","@id":"https:\/\/vosgesinfo.fr\/saintdieinfo\/#\/schema\/person\/image\/","url":"https:\/\/secure.gravatar.com\/avatar\/6673d8bc6a9c17fa9a453eaa3448de834fa308c2ec9635b7aa99441a7c8d2cf6?s=96&d=mm&r=g","contentUrl":"https:\/\/secure.gravatar.com\/avatar\/6673d8bc6a9c17fa9a453eaa3448de834fa308c2ec9635b7aa99441a7c8d2cf6?s=96&d=mm&r=g","caption":"la r\u00e9daction"},"url":"https:\/\/vosgesinfo.fr\/saintdieinfo\/author\/redac\/"}]}},"_links":{"self":[{"href":"https:\/\/vosgesinfo.fr\/saintdieinfo\/wp-json\/wp\/v2\/posts\/59353","targetHints":{"allow":["GET"]}}],"collection":[{"href":"https:\/\/vosgesinfo.fr\/saintdieinfo\/wp-json\/wp\/v2\/posts"}],"about":[{"href":"https:\/\/vosgesinfo.fr\/saintdieinfo\/wp-json\/wp\/v2\/types\/post"}],"author":[{"embeddable":true,"href":"https:\/\/vosgesinfo.fr\/saintdieinfo\/wp-json\/wp\/v2\/users\/44"}],"replies":[{"embeddable":true,"href":"https:\/\/vosgesinfo.fr\/saintdieinfo\/wp-json\/wp\/v2\/comments?post=59353"}],"version-history":[{"count":0,"href":"https:\/\/vosgesinfo.fr\/saintdieinfo\/wp-json\/wp\/v2\/posts\/59353\/revisions"}],"wp:featuredmedia":[{"embeddable":true,"href":"https:\/\/vosgesinfo.fr\/saintdieinfo\/wp-json\/wp\/v2\/media\/59354"}],"wp:attachment":[{"href":"https:\/\/vosgesinfo.fr\/saintdieinfo\/wp-json\/wp\/v2\/media?parent=59353"}],"wp:term":[{"taxonomy":"category","embeddable":true,"href":"https:\/\/vosgesinfo.fr\/saintdieinfo\/wp-json\/wp\/v2\/categories?post=59353"},{"taxonomy":"post_tag","embeddable":true,"href":"https:\/\/vosgesinfo.fr\/saintdieinfo\/wp-json\/wp\/v2\/tags?post=59353"}],"curies":[{"name":"wp","href":"https:\/\/api.w.org\/{rel}","templated":true}]}}