{"id":59363,"date":"2022-11-08T12:42:07","date_gmt":"2022-11-08T11:42:07","guid":{"rendered":"https:\/\/vosgesinfo.fr\/saintdieinfo\/2022\/11\/17-nouveaux-internes-ont-integre-hopitaux-massif-vosges\/"},"modified":"2022-11-08T12:42:07","modified_gmt":"2022-11-08T11:42:07","slug":"17-nouveaux-internes-ont-integre-hopitaux-massif-vosges","status":"publish","type":"post","link":"https:\/\/vosgesinfo.fr\/saintdieinfo\/2022\/11\/17-nouveaux-internes-ont-integre-hopitaux-massif-vosges\/","title":{"rendered":"17 nouveaux internes ont int\u00e9gr\u00e9 les H\u00f4pitaux du Massif des Vosges,"},"content":{"rendered":"<div id=\"attachment_192346\" style=\"width: 810px\" class=\"wp-caption aligncenter\"><a href=\"\/2022\/11\/Accueil_Internes_HMV.jpeg\" target=\"_blank\" rel=\"noopener\"><img decoding=\"async\" aria-describedby=\"caption-attachment-192346\" class=\"wp-image-192346 size-full\" src=\"\/2022\/11\/Accueil_Internes_HMV.jpeg\" alt=\"Accueil_Internes_HMV\" width=\"800\" height=\"600\" \/><\/a><p id=\"caption-attachment-192346\" class=\"wp-caption-text\">(Photographie H\u00f4pitaux du Massif des Vosges)<\/p><\/div>\n<h2><strong><span style=\"font-size: 14pt;\">17 nouveaux internes ont r\u00e9cemment int\u00e9gr\u00e9 les H\u00f4pitaux du Massif des Vosges \u2013 HMV. Ils ont \u00e9t\u00e9 accueillis en d\u00e9but de matin\u00e9e le 2 novembre dernier au Centre Hospitalier de Saint-D\u00e9-des-Vosges, par le pr\u00e9sident de la Commission M\u00e9dicale d&rsquo;Etablissement, des m\u00e9decins chefs de service et l&rsquo;\u00e9quipe de Direction.<\/span><\/strong><\/h2>\n<p><!--more--><\/p>\n<p>Lors de ce temps d&rsquo;accueil, l&rsquo;\u00e9tablissement leur a \u00e9t\u00e9 bri\u00e8vement pr\u00e9sent\u00e9, puis un sac de bienvenue leur a \u00e9t\u00e9 offert par les HMV, en partenariat avec la Communaut\u00e9 d&rsquo;Agglom\u00e9ration et la Ville. Une cl\u00e9 USB a \u00e9galement \u00e9t\u00e9 remise \u00e0 chaque interne, sur laquelle figure les \u00e9l\u00e9ments indispensables \u00e0 leur stage de 6 mois, qui s&rsquo;\u00e9tend du 2 novembre 2022 au 1er mai 2023. Ils ont ensuite pass\u00e9 le reste de la matin\u00e9e avec le Dr Marie Husson, m\u00e9decin urgentiste et en charge de l&rsquo;accueil des internes. 3 des 17 nouveaux internes des HMV sont affect\u00e9s en service Cardiologie\u00a0; 3 en \u00e9galement en gyn\u00e9cologie\u00a0; 2 en M\u00e9decine A et 2 en M\u00e9decine B\u00a0; 1 en M\u00e9decine \u00e0 l&rsquo;h\u00f4pital de G\u00e9rardmer\u00a0; 6 aux urgences d\u00e9odatiennes.<\/p>\n<p>J.J.<\/p>\n","protected":false},"excerpt":{"rendered":"<p>17 nouveaux internes ont r\u00e9cemment int\u00e9gr\u00e9 les H\u00f4pitaux du Massif des Vosges \u2013 HMV. Ils ont \u00e9t\u00e9 accueillis en d\u00e9but [&hellip;]<\/p>\n","protected":false},"author":44,"featured_media":59364,"comment_status":"open","ping_status":"open","sticky":false,"template":"","format":"standard","meta":{"footnotes":""},"categories":[460,2915,4152,13],"tags":[13026,3056,3146],"class_list":["post-59363","post","type-post","status-publish","format-standard","has-post-thumbnail","hentry","category-a-la-une","category-saint-die-son-canton","category-sante","category-societe","tag-accueil-des-internes-en-medecine","tag-centre-hospitalier-de-saint-die-des-vosges","tag-hopitaux-du-massif-des-vosges"],"acf":[],"yoast_head":"<!-- This site is optimized with the Yoast SEO plugin v22.5 - https:\/\/yoast.com\/wordpress\/plugins\/seo\/ -->\n<title>17 nouveaux internes ont int\u00e9gr\u00e9 les H\u00f4pitaux du Massif des Vosges, - Saint Die Info<\/title>\n<meta name=\"robots\" content=\"index, follow, max-snippet:-1, max-image-preview:large, max-video-preview:-1\" \/>\n<link rel=\"canonical\" href=\"https:\/\/vosgesinfo.fr\/saintdieinfo\/2022\/11\/17-nouveaux-internes-ont-integre-hopitaux-massif-vosges\/\" \/>\n<meta name=\"twitter:card\" content=\"summary_large_image\" \/>\n<meta name=\"twitter:title\" content=\"17 nouveaux internes ont int\u00e9gr\u00e9 les H\u00f4pitaux du Massif des Vosges, - Saint Die Info\" \/>\n<meta name=\"twitter:description\" content=\"17 nouveaux internes ont r\u00e9cemment int\u00e9gr\u00e9 les H\u00f4pitaux du Massif des Vosges \u2013 HMV. Ils ont \u00e9t\u00e9 accueillis en d\u00e9but [&hellip;]\" \/>\n<meta name=\"twitter:image\" content=\"https:\/\/vosgesinfo.fr\/app\/uploads\/sites\/4\/2024\/08\/202211accueil-internes-hmv.jpeg\" \/>\n<meta name=\"twitter:creator\" content=\"@VosgesInfo88\" \/>\n<meta name=\"twitter:site\" content=\"@VosgesInfo88\" \/>\n<meta name=\"twitter:label1\" content=\"\u00c9crit par\" \/>\n\t<meta name=\"twitter:data1\" content=\"la r\u00e9daction\" \/>\n\t<meta name=\"twitter:label2\" content=\"Dur\u00e9e de lecture estim\u00e9e\" \/>\n\t<meta name=\"twitter:data2\" content=\"1 minute\" \/>\n<script type=\"application\/ld+json\" class=\"yoast-schema-graph\">{\"@context\":\"https:\/\/schema.org\",\"@graph\":[{\"@type\":\"Article\",\"@id\":\"https:\/\/vosgesinfo.fr\/saintdieinfo\/2022\/11\/17-nouveaux-internes-ont-integre-hopitaux-massif-vosges\/#article\",\"isPartOf\":{\"@id\":\"https:\/\/vosgesinfo.fr\/saintdieinfo\/2022\/11\/17-nouveaux-internes-ont-integre-hopitaux-massif-vosges\/\"},\"author\":{\"name\":\"la r\u00e9daction\",\"@id\":\"https:\/\/vosgesinfo.fr\/saintdieinfo\/#\/schema\/person\/faee6704a21f3977511db84bd1cd450f\"},\"headline\":\"17 nouveaux internes ont int\u00e9gr\u00e9 les H\u00f4pitaux du Massif des Vosges,\",\"datePublished\":\"2022-11-08T11:42:07+00:00\",\"dateModified\":\"2022-11-08T11:42:07+00:00\",\"mainEntityOfPage\":{\"@id\":\"https:\/\/vosgesinfo.fr\/saintdieinfo\/2022\/11\/17-nouveaux-internes-ont-integre-hopitaux-massif-vosges\/\"},\"wordCount\":214,\"commentCount\":0,\"publisher\":{\"@id\":\"https:\/\/vosgesinfo.fr\/saintdieinfo\/#organization\"},\"image\":{\"@id\":\"https:\/\/vosgesinfo.fr\/saintdieinfo\/2022\/11\/17-nouveaux-internes-ont-integre-hopitaux-massif-vosges\/#primaryimage\"},\"thumbnailUrl\":\"https:\/\/vosgesinfo.fr\/app\/uploads\/sites\/4\/2024\/08\/202211accueil-internes-hmv.jpeg\",\"keywords\":[\"Accueil des internes en m\u00e9decine\",\"Centre Hospitalier de Saint-Di\u00e9-des-Vosges\",\"H\u00f4pitaux du Massif des Vosges\"],\"articleSection\":[\"A la Une\",\"Saint-Di\u00e9-des-Vosges et son Agglom\u00e9ration\",\"Sant\u00e9\",\"Soci\u00e9t\u00e9\"],\"inLanguage\":\"fr-FR\",\"potentialAction\":[{\"@type\":\"CommentAction\",\"name\":\"Comment\",\"target\":[\"https:\/\/vosgesinfo.fr\/saintdieinfo\/2022\/11\/17-nouveaux-internes-ont-integre-hopitaux-massif-vosges\/#respond\"]}]},{\"@type\":\"WebPage\",\"@id\":\"https:\/\/vosgesinfo.fr\/saintdieinfo\/2022\/11\/17-nouveaux-internes-ont-integre-hopitaux-massif-vosges\/\",\"url\":\"https:\/\/vosgesinfo.fr\/saintdieinfo\/2022\/11\/17-nouveaux-internes-ont-integre-hopitaux-massif-vosges\/\",\"name\":\"17 nouveaux internes ont int\u00e9gr\u00e9 les H\u00f4pitaux du Massif des Vosges, - Saint Die Info\",\"isPartOf\":{\"@id\":\"https:\/\/vosgesinfo.fr\/saintdieinfo\/#website\"},\"primaryImageOfPage\":{\"@id\":\"https:\/\/vosgesinfo.fr\/saintdieinfo\/2022\/11\/17-nouveaux-internes-ont-integre-hopitaux-massif-vosges\/#primaryimage\"},\"image\":{\"@id\":\"https:\/\/vosgesinfo.fr\/saintdieinfo\/2022\/11\/17-nouveaux-internes-ont-integre-hopitaux-massif-vosges\/#primaryimage\"},\"thumbnailUrl\":\"https:\/\/vosgesinfo.fr\/app\/uploads\/sites\/4\/2024\/08\/202211accueil-internes-hmv.jpeg\",\"datePublished\":\"2022-11-08T11:42:07+00:00\",\"dateModified\":\"2022-11-08T11:42:07+00:00\",\"breadcrumb\":{\"@id\":\"https:\/\/vosgesinfo.fr\/saintdieinfo\/2022\/11\/17-nouveaux-internes-ont-integre-hopitaux-massif-vosges\/#breadcrumb\"},\"inLanguage\":\"fr-FR\",\"potentialAction\":[{\"@type\":\"ReadAction\",\"target\":[\"https:\/\/vosgesinfo.fr\/saintdieinfo\/2022\/11\/17-nouveaux-internes-ont-integre-hopitaux-massif-vosges\/\"]}]},{\"@type\":\"ImageObject\",\"inLanguage\":\"fr-FR\",\"@id\":\"https:\/\/vosgesinfo.fr\/saintdieinfo\/2022\/11\/17-nouveaux-internes-ont-integre-hopitaux-massif-vosges\/#primaryimage\",\"url\":\"https:\/\/vosgesinfo.fr\/app\/uploads\/sites\/4\/2024\/08\/202211accueil-internes-hmv.jpeg\",\"contentUrl\":\"https:\/\/vosgesinfo.fr\/app\/uploads\/sites\/4\/2024\/08\/202211accueil-internes-hmv.jpeg\",\"width\":800,\"height\":600},{\"@type\":\"BreadcrumbList\",\"@id\":\"https:\/\/vosgesinfo.fr\/saintdieinfo\/2022\/11\/17-nouveaux-internes-ont-integre-hopitaux-massif-vosges\/#breadcrumb\",\"itemListElement\":[{\"@type\":\"ListItem\",\"position\":1,\"name\":\"Home\",\"item\":\"https:\/\/vosgesinfo.fr\/saintdieinfo\/\"},{\"@type\":\"ListItem\",\"position\":2,\"name\":\"17 nouveaux internes ont int\u00e9gr\u00e9 les H\u00f4pitaux du Massif des Vosges,\"}]},{\"@type\":\"WebSite\",\"@id\":\"https:\/\/vosgesinfo.fr\/saintdieinfo\/#website\",\"url\":\"https:\/\/vosgesinfo.fr\/saintdieinfo\/\",\"name\":\"Saint Die Info\",\"description\":\"Toute l&#039;actualit\u00e9 de Saint-Di\u00e9-Des-Vosges\",\"publisher\":{\"@id\":\"https:\/\/vosgesinfo.fr\/saintdieinfo\/#organization\"},\"alternateName\":\"Toute l'actualit\u00e9 de Saint-Di\u00e9-Des-Vosges\",\"potentialAction\":[{\"@type\":\"SearchAction\",\"target\":{\"@type\":\"EntryPoint\",\"urlTemplate\":\"https:\/\/vosgesinfo.fr\/saintdieinfo\/?s={search_term_string}\"},\"query-input\":\"required name=search_term_string\"}],\"inLanguage\":\"fr-FR\"},{\"@type\":\"Organization\",\"@id\":\"https:\/\/vosgesinfo.fr\/saintdieinfo\/#organization\",\"name\":\"Saint Die Info\",\"url\":\"https:\/\/vosgesinfo.fr\/saintdieinfo\/\",\"logo\":{\"@type\":\"ImageObject\",\"inLanguage\":\"fr-FR\",\"@id\":\"https:\/\/vosgesinfo.fr\/saintdieinfo\/#\/schema\/logo\/image\/\",\"url\":\"https:\/\/vosgesinfo.fr\/app\/uploads\/sites\/4\/2024\/02\/logo-sdi.jpg\",\"contentUrl\":\"https:\/\/vosgesinfo.fr\/app\/uploads\/sites\/4\/2024\/02\/logo-sdi.jpg\",\"width\":600,\"height\":600,\"caption\":\"Saint Die Info\"},\"image\":{\"@id\":\"https:\/\/vosgesinfo.fr\/saintdieinfo\/#\/schema\/logo\/image\/\"},\"sameAs\":[\"https:\/\/www.facebook.com\/Saintdieinfofr\",\"https:\/\/x.com\/VosgesInfo88\",\"https:\/\/www.youtube.com\/@vosgesinfo\"]},{\"@type\":\"Person\",\"@id\":\"https:\/\/vosgesinfo.fr\/saintdieinfo\/#\/schema\/person\/faee6704a21f3977511db84bd1cd450f\",\"name\":\"la r\u00e9daction\",\"image\":{\"@type\":\"ImageObject\",\"inLanguage\":\"fr-FR\",\"@id\":\"https:\/\/vosgesinfo.fr\/saintdieinfo\/#\/schema\/person\/image\/\",\"url\":\"https:\/\/secure.gravatar.com\/avatar\/6673d8bc6a9c17fa9a453eaa3448de834fa308c2ec9635b7aa99441a7c8d2cf6?s=96&d=mm&r=g\",\"contentUrl\":\"https:\/\/secure.gravatar.com\/avatar\/6673d8bc6a9c17fa9a453eaa3448de834fa308c2ec9635b7aa99441a7c8d2cf6?s=96&d=mm&r=g\",\"caption\":\"la r\u00e9daction\"},\"url\":\"https:\/\/vosgesinfo.fr\/saintdieinfo\/author\/redac\/\"}]}<\/script>\n<!-- \/ Yoast SEO plugin. -->","yoast_head_json":{"title":"17 nouveaux internes ont int\u00e9gr\u00e9 les H\u00f4pitaux du Massif des Vosges, - Saint Die Info","robots":{"index":"index","follow":"follow","max-snippet":"max-snippet:-1","max-image-preview":"max-image-preview:large","max-video-preview":"max-video-preview:-1"},"canonical":"https:\/\/vosgesinfo.fr\/saintdieinfo\/2022\/11\/17-nouveaux-internes-ont-integre-hopitaux-massif-vosges\/","twitter_card":"summary_large_image","twitter_title":"17 nouveaux internes ont int\u00e9gr\u00e9 les H\u00f4pitaux du Massif des Vosges, - Saint Die Info","twitter_description":"17 nouveaux internes ont r\u00e9cemment int\u00e9gr\u00e9 les H\u00f4pitaux du Massif des Vosges \u2013 HMV. Ils ont \u00e9t\u00e9 accueillis en d\u00e9but [&hellip;]","twitter_image":"https:\/\/vosgesinfo.fr\/app\/uploads\/sites\/4\/2024\/08\/202211accueil-internes-hmv.jpeg","twitter_creator":"@VosgesInfo88","twitter_site":"@VosgesInfo88","twitter_misc":{"\u00c9crit par":"la r\u00e9daction","Dur\u00e9e de lecture estim\u00e9e":"1 minute"},"schema":{"@context":"https:\/\/schema.org","@graph":[{"@type":"Article","@id":"https:\/\/vosgesinfo.fr\/saintdieinfo\/2022\/11\/17-nouveaux-internes-ont-integre-hopitaux-massif-vosges\/#article","isPartOf":{"@id":"https:\/\/vosgesinfo.fr\/saintdieinfo\/2022\/11\/17-nouveaux-internes-ont-integre-hopitaux-massif-vosges\/"},"author":{"name":"la r\u00e9daction","@id":"https:\/\/vosgesinfo.fr\/saintdieinfo\/#\/schema\/person\/faee6704a21f3977511db84bd1cd450f"},"headline":"17 nouveaux internes ont int\u00e9gr\u00e9 les H\u00f4pitaux du Massif des Vosges,","datePublished":"2022-11-08T11:42:07+00:00","dateModified":"2022-11-08T11:42:07+00:00","mainEntityOfPage":{"@id":"https:\/\/vosgesinfo.fr\/saintdieinfo\/2022\/11\/17-nouveaux-internes-ont-integre-hopitaux-massif-vosges\/"},"wordCount":214,"commentCount":0,"publisher":{"@id":"https:\/\/vosgesinfo.fr\/saintdieinfo\/#organization"},"image":{"@id":"https:\/\/vosgesinfo.fr\/saintdieinfo\/2022\/11\/17-nouveaux-internes-ont-integre-hopitaux-massif-vosges\/#primaryimage"},"thumbnailUrl":"https:\/\/vosgesinfo.fr\/app\/uploads\/sites\/4\/2024\/08\/202211accueil-internes-hmv.jpeg","keywords":["Accueil des internes en m\u00e9decine","Centre Hospitalier de Saint-Di\u00e9-des-Vosges","H\u00f4pitaux du Massif des Vosges"],"articleSection":["A la Une","Saint-Di\u00e9-des-Vosges et son Agglom\u00e9ration","Sant\u00e9","Soci\u00e9t\u00e9"],"inLanguage":"fr-FR","potentialAction":[{"@type":"CommentAction","name":"Comment","target":["https:\/\/vosgesinfo.fr\/saintdieinfo\/2022\/11\/17-nouveaux-internes-ont-integre-hopitaux-massif-vosges\/#respond"]}]},{"@type":"WebPage","@id":"https:\/\/vosgesinfo.fr\/saintdieinfo\/2022\/11\/17-nouveaux-internes-ont-integre-hopitaux-massif-vosges\/","url":"https:\/\/vosgesinfo.fr\/saintdieinfo\/2022\/11\/17-nouveaux-internes-ont-integre-hopitaux-massif-vosges\/","name":"17 nouveaux internes ont int\u00e9gr\u00e9 les H\u00f4pitaux du Massif des Vosges, - Saint Die Info","isPartOf":{"@id":"https:\/\/vosgesinfo.fr\/saintdieinfo\/#website"},"primaryImageOfPage":{"@id":"https:\/\/vosgesinfo.fr\/saintdieinfo\/2022\/11\/17-nouveaux-internes-ont-integre-hopitaux-massif-vosges\/#primaryimage"},"image":{"@id":"https:\/\/vosgesinfo.fr\/saintdieinfo\/2022\/11\/17-nouveaux-internes-ont-integre-hopitaux-massif-vosges\/#primaryimage"},"thumbnailUrl":"https:\/\/vosgesinfo.fr\/app\/uploads\/sites\/4\/2024\/08\/202211accueil-internes-hmv.jpeg","datePublished":"2022-11-08T11:42:07+00:00","dateModified":"2022-11-08T11:42:07+00:00","breadcrumb":{"@id":"https:\/\/vosgesinfo.fr\/saintdieinfo\/2022\/11\/17-nouveaux-internes-ont-integre-hopitaux-massif-vosges\/#breadcrumb"},"inLanguage":"fr-FR","potentialAction":[{"@type":"ReadAction","target":["https:\/\/vosgesinfo.fr\/saintdieinfo\/2022\/11\/17-nouveaux-internes-ont-integre-hopitaux-massif-vosges\/"]}]},{"@type":"ImageObject","inLanguage":"fr-FR","@id":"https:\/\/vosgesinfo.fr\/saintdieinfo\/2022\/11\/17-nouveaux-internes-ont-integre-hopitaux-massif-vosges\/#primaryimage","url":"https:\/\/vosgesinfo.fr\/app\/uploads\/sites\/4\/2024\/08\/202211accueil-internes-hmv.jpeg","contentUrl":"https:\/\/vosgesinfo.fr\/app\/uploads\/sites\/4\/2024\/08\/202211accueil-internes-hmv.jpeg","width":800,"height":600},{"@type":"BreadcrumbList","@id":"https:\/\/vosgesinfo.fr\/saintdieinfo\/2022\/11\/17-nouveaux-internes-ont-integre-hopitaux-massif-vosges\/#breadcrumb","itemListElement":[{"@type":"ListItem","position":1,"name":"Home","item":"https:\/\/vosgesinfo.fr\/saintdieinfo\/"},{"@type":"ListItem","position":2,"name":"17 nouveaux internes ont int\u00e9gr\u00e9 les H\u00f4pitaux du Massif des Vosges,"}]},{"@type":"WebSite","@id":"https:\/\/vosgesinfo.fr\/saintdieinfo\/#website","url":"https:\/\/vosgesinfo.fr\/saintdieinfo\/","name":"Saint Die Info","description":"Toute l&#039;actualit\u00e9 de Saint-Di\u00e9-Des-Vosges","publisher":{"@id":"https:\/\/vosgesinfo.fr\/saintdieinfo\/#organization"},"alternateName":"Toute l'actualit\u00e9 de Saint-Di\u00e9-Des-Vosges","potentialAction":[{"@type":"SearchAction","target":{"@type":"EntryPoint","urlTemplate":"https:\/\/vosgesinfo.fr\/saintdieinfo\/?s={search_term_string}"},"query-input":"required name=search_term_string"}],"inLanguage":"fr-FR"},{"@type":"Organization","@id":"https:\/\/vosgesinfo.fr\/saintdieinfo\/#organization","name":"Saint Die Info","url":"https:\/\/vosgesinfo.fr\/saintdieinfo\/","logo":{"@type":"ImageObject","inLanguage":"fr-FR","@id":"https:\/\/vosgesinfo.fr\/saintdieinfo\/#\/schema\/logo\/image\/","url":"https:\/\/vosgesinfo.fr\/app\/uploads\/sites\/4\/2024\/02\/logo-sdi.jpg","contentUrl":"https:\/\/vosgesinfo.fr\/app\/uploads\/sites\/4\/2024\/02\/logo-sdi.jpg","width":600,"height":600,"caption":"Saint Die Info"},"image":{"@id":"https:\/\/vosgesinfo.fr\/saintdieinfo\/#\/schema\/logo\/image\/"},"sameAs":["https:\/\/www.facebook.com\/Saintdieinfofr","https:\/\/x.com\/VosgesInfo88","https:\/\/www.youtube.com\/@vosgesinfo"]},{"@type":"Person","@id":"https:\/\/vosgesinfo.fr\/saintdieinfo\/#\/schema\/person\/faee6704a21f3977511db84bd1cd450f","name":"la r\u00e9daction","image":{"@type":"ImageObject","inLanguage":"fr-FR","@id":"https:\/\/vosgesinfo.fr\/saintdieinfo\/#\/schema\/person\/image\/","url":"https:\/\/secure.gravatar.com\/avatar\/6673d8bc6a9c17fa9a453eaa3448de834fa308c2ec9635b7aa99441a7c8d2cf6?s=96&d=mm&r=g","contentUrl":"https:\/\/secure.gravatar.com\/avatar\/6673d8bc6a9c17fa9a453eaa3448de834fa308c2ec9635b7aa99441a7c8d2cf6?s=96&d=mm&r=g","caption":"la r\u00e9daction"},"url":"https:\/\/vosgesinfo.fr\/saintdieinfo\/author\/redac\/"}]}},"_links":{"self":[{"href":"https:\/\/vosgesinfo.fr\/saintdieinfo\/wp-json\/wp\/v2\/posts\/59363","targetHints":{"allow":["GET"]}}],"collection":[{"href":"https:\/\/vosgesinfo.fr\/saintdieinfo\/wp-json\/wp\/v2\/posts"}],"about":[{"href":"https:\/\/vosgesinfo.fr\/saintdieinfo\/wp-json\/wp\/v2\/types\/post"}],"author":[{"embeddable":true,"href":"https:\/\/vosgesinfo.fr\/saintdieinfo\/wp-json\/wp\/v2\/users\/44"}],"replies":[{"embeddable":true,"href":"https:\/\/vosgesinfo.fr\/saintdieinfo\/wp-json\/wp\/v2\/comments?post=59363"}],"version-history":[{"count":0,"href":"https:\/\/vosgesinfo.fr\/saintdieinfo\/wp-json\/wp\/v2\/posts\/59363\/revisions"}],"wp:featuredmedia":[{"embeddable":true,"href":"https:\/\/vosgesinfo.fr\/saintdieinfo\/wp-json\/wp\/v2\/media\/59364"}],"wp:attachment":[{"href":"https:\/\/vosgesinfo.fr\/saintdieinfo\/wp-json\/wp\/v2\/media?parent=59363"}],"wp:term":[{"taxonomy":"category","embeddable":true,"href":"https:\/\/vosgesinfo.fr\/saintdieinfo\/wp-json\/wp\/v2\/categories?post=59363"},{"taxonomy":"post_tag","embeddable":true,"href":"https:\/\/vosgesinfo.fr\/saintdieinfo\/wp-json\/wp\/v2\/tags?post=59363"}],"curies":[{"name":"wp","href":"https:\/\/api.w.org\/{rel}","templated":true}]}}