{"id":59748,"date":"2022-11-19T20:45:00","date_gmt":"2022-11-19T19:45:00","guid":{"rendered":"https:\/\/vosgesinfo.fr\/saintdieinfo\/2022\/11\/l214-se-mobilise-a-saint-die-vosges-contre-corrida\/"},"modified":"2022-11-19T20:45:00","modified_gmt":"2022-11-19T19:45:00","slug":"l214-se-mobilise-a-saint-die-vosges-contre-corrida","status":"publish","type":"post","link":"https:\/\/vosgesinfo.fr\/saintdieinfo\/2022\/11\/l214-se-mobilise-a-saint-die-vosges-contre-corrida\/","title":{"rendered":"L214 se mobilise \u00e0 Saint-Di\u00e9-des-Vosges contre la corrida"},"content":{"rendered":"<div id=\"attachment_192943\" style=\"width: 970px\" class=\"wp-caption aligncenter\"><a href=\"\/2022\/11\/Action_L214_Contre_Corrida-5.jpg\" target=\"_blank\" rel=\"noopener\"><img decoding=\"async\" aria-describedby=\"caption-attachment-192943\" class=\"wp-image-192943 size-large\" src=\"\/2022\/11\/Action_L214_Contre_Corrida-5-1024x683.jpg\" alt=\"Action_L214_Contre_Corrida (5)\" width=\"960\" height=\"640\" \/><\/a><p id=\"caption-attachment-192943\" class=\"wp-caption-text\">(Photographies Marc Fourniquet)<\/p><\/div>\n<h2><strong><span style=\"font-size: 14pt;\">Le d\u00e9put\u00e9 LFI Aymeric Caron a d\u00e9pos\u00e9 une proposition de loi pour interdire la corrida, co-sign\u00e9e par 96 d\u00e9put\u00e9s. Une loi qui sera examin\u00e9e \u00e0 l&rsquo;Assembl\u00e9e nationale le 24 novembre, sachant que selon un sondage Ifop r\u00e9alis\u00e9 en f\u00e9vrier 2022 pour la Fondation 30 Millions d&rsquo;Amis, 77% des Fran\u00e7ais se sont dits favorables \u00e0 l&rsquo;interdiction de la corrida.<\/span><\/strong><\/h2>\n<p><!--more--><\/p>\n<p>C&rsquo;est dans ce contexte que l&rsquo;association L214 s&rsquo;est mobilis\u00e9e dans les Vosges ce samedi, comme un peu partout en France. Le matin \u00e0 Epinal, rue L\u00e9opold-Bourg, puis l&rsquo;apr\u00e8s-midi \u00e0 Saint-Di\u00e9-des-Vosges, o\u00f9 les militants de la cause animale \u00e9taient pr\u00e9sents rue Thiers pour interpeller, \u00e9changer et informer les passants sur le sujet de la corrida, mais aussi pour leur proposer de signer une p\u00e9tition visant \u00e0 l&rsquo;interdire.<\/p>\n<p>Ces derniers de d\u00e9clarer que \u00ab\u00a0la corrida est incompatible avec la consid\u00e9ration pour les animaux. Pourtant, aujourd\u2019hui encore, en France, des centaines de taureaux sont tortur\u00e9s et tu\u00e9s chaque ann\u00e9e lors des corridas au nom de la tradition. La corrida est d\u00e9sormais abolie dans de nombreux pays ou r\u00e9gions o\u00f9 elle \u00e9tait pratiqu\u00e9e. Le Chili, l\u2019Argentine, Cuba, l\u2019Uruguay, la Catalogne ont fait le choix d\u2019interdire les corridas, et Mexico (plus grande ar\u00e8ne au monde) vient de les suspendre. C\u2019est au tour de la France d\u2019arr\u00eater ces spectacles de souffrance, dans lesquels un \u00eatre dou\u00e9 de sensibilit\u00e9 est tortur\u00e9 \u00e0 des fins de divertissement. Et c&rsquo;est possible!\u00a0\u00bb<\/p>\n<p>J.J.<\/p>\n\n","protected":false},"excerpt":{"rendered":"<p>Le d\u00e9put\u00e9 LFI Aymeric Caron a d\u00e9pos\u00e9 une proposition de loi pour interdire la corrida, co-sign\u00e9e par 96 d\u00e9put\u00e9s. Une [&hellip;]<\/p>\n","protected":false},"author":44,"featured_media":59749,"comment_status":"open","ping_status":"open","sticky":false,"template":"","format":"standard","meta":{"footnotes":""},"categories":[460,2915,13,17],"tags":[13156,13157,5020,13158],"class_list":["post-59748","post","type-post","status-publish","format-standard","has-post-thumbnail","hentry","category-a-la-une","category-saint-die-son-canton","category-societe","category-vie-associative","tag-aymeric-caron","tag-corrida","tag-l214","tag-proposition-de-loi-pour-interdire-la-corrida"],"acf":[],"yoast_head":"<!-- This site is optimized with the Yoast SEO plugin v22.5 - https:\/\/yoast.com\/wordpress\/plugins\/seo\/ -->\n<title>L214 se mobilise \u00e0 Saint-Di\u00e9-des-Vosges contre la corrida - Saint Die Info<\/title>\n<meta name=\"robots\" content=\"index, follow, max-snippet:-1, max-image-preview:large, max-video-preview:-1\" \/>\n<link rel=\"canonical\" href=\"https:\/\/vosgesinfo.fr\/saintdieinfo\/2022\/11\/l214-se-mobilise-a-saint-die-vosges-contre-corrida\/\" \/>\n<meta name=\"twitter:card\" content=\"summary_large_image\" \/>\n<meta name=\"twitter:title\" content=\"L214 se mobilise \u00e0 Saint-Di\u00e9-des-Vosges contre la corrida - Saint Die Info\" \/>\n<meta name=\"twitter:description\" content=\"Le d\u00e9put\u00e9 LFI Aymeric Caron a d\u00e9pos\u00e9 une proposition de loi pour interdire la corrida, co-sign\u00e9e par 96 d\u00e9put\u00e9s. Une [&hellip;]\" \/>\n<meta name=\"twitter:image\" content=\"https:\/\/vosgesinfo.fr\/app\/uploads\/sites\/4\/2024\/08\/202211action-l214-contre-corrida-5.jpg\" \/>\n<meta name=\"twitter:creator\" content=\"@VosgesInfo88\" \/>\n<meta name=\"twitter:site\" content=\"@VosgesInfo88\" \/>\n<meta name=\"twitter:label1\" content=\"\u00c9crit par\" \/>\n\t<meta name=\"twitter:data1\" content=\"la r\u00e9daction\" \/>\n\t<meta name=\"twitter:label2\" content=\"Dur\u00e9e de lecture estim\u00e9e\" \/>\n\t<meta name=\"twitter:data2\" content=\"1 minute\" \/>\n<script type=\"application\/ld+json\" class=\"yoast-schema-graph\">{\"@context\":\"https:\/\/schema.org\",\"@graph\":[{\"@type\":\"Article\",\"@id\":\"https:\/\/vosgesinfo.fr\/saintdieinfo\/2022\/11\/l214-se-mobilise-a-saint-die-vosges-contre-corrida\/#article\",\"isPartOf\":{\"@id\":\"https:\/\/vosgesinfo.fr\/saintdieinfo\/2022\/11\/l214-se-mobilise-a-saint-die-vosges-contre-corrida\/\"},\"author\":{\"name\":\"la r\u00e9daction\",\"@id\":\"https:\/\/vosgesinfo.fr\/saintdieinfo\/#\/schema\/person\/faee6704a21f3977511db84bd1cd450f\"},\"headline\":\"L214 se mobilise \u00e0 Saint-Di\u00e9-des-Vosges contre la corrida\",\"datePublished\":\"2022-11-19T19:45:00+00:00\",\"dateModified\":\"2022-11-19T19:45:00+00:00\",\"mainEntityOfPage\":{\"@id\":\"https:\/\/vosgesinfo.fr\/saintdieinfo\/2022\/11\/l214-se-mobilise-a-saint-die-vosges-contre-corrida\/\"},\"wordCount\":286,\"commentCount\":0,\"publisher\":{\"@id\":\"https:\/\/vosgesinfo.fr\/saintdieinfo\/#organization\"},\"image\":{\"@id\":\"https:\/\/vosgesinfo.fr\/saintdieinfo\/2022\/11\/l214-se-mobilise-a-saint-die-vosges-contre-corrida\/#primaryimage\"},\"thumbnailUrl\":\"https:\/\/vosgesinfo.fr\/app\/uploads\/sites\/4\/2024\/08\/202211action-l214-contre-corrida-5.jpg\",\"keywords\":[\"Aymeric Caron\",\"Corrida\",\"L214\",\"Proposition de loi pour interdire la corrida\"],\"articleSection\":[\"A la Une\",\"Saint-Di\u00e9-des-Vosges et son Agglom\u00e9ration\",\"Soci\u00e9t\u00e9\",\"Vie Associative\"],\"inLanguage\":\"fr-FR\",\"potentialAction\":[{\"@type\":\"CommentAction\",\"name\":\"Comment\",\"target\":[\"https:\/\/vosgesinfo.fr\/saintdieinfo\/2022\/11\/l214-se-mobilise-a-saint-die-vosges-contre-corrida\/#respond\"]}]},{\"@type\":\"WebPage\",\"@id\":\"https:\/\/vosgesinfo.fr\/saintdieinfo\/2022\/11\/l214-se-mobilise-a-saint-die-vosges-contre-corrida\/\",\"url\":\"https:\/\/vosgesinfo.fr\/saintdieinfo\/2022\/11\/l214-se-mobilise-a-saint-die-vosges-contre-corrida\/\",\"name\":\"L214 se mobilise \u00e0 Saint-Di\u00e9-des-Vosges contre la corrida - Saint Die Info\",\"isPartOf\":{\"@id\":\"https:\/\/vosgesinfo.fr\/saintdieinfo\/#website\"},\"primaryImageOfPage\":{\"@id\":\"https:\/\/vosgesinfo.fr\/saintdieinfo\/2022\/11\/l214-se-mobilise-a-saint-die-vosges-contre-corrida\/#primaryimage\"},\"image\":{\"@id\":\"https:\/\/vosgesinfo.fr\/saintdieinfo\/2022\/11\/l214-se-mobilise-a-saint-die-vosges-contre-corrida\/#primaryimage\"},\"thumbnailUrl\":\"https:\/\/vosgesinfo.fr\/app\/uploads\/sites\/4\/2024\/08\/202211action-l214-contre-corrida-5.jpg\",\"datePublished\":\"2022-11-19T19:45:00+00:00\",\"dateModified\":\"2022-11-19T19:45:00+00:00\",\"breadcrumb\":{\"@id\":\"https:\/\/vosgesinfo.fr\/saintdieinfo\/2022\/11\/l214-se-mobilise-a-saint-die-vosges-contre-corrida\/#breadcrumb\"},\"inLanguage\":\"fr-FR\",\"potentialAction\":[{\"@type\":\"ReadAction\",\"target\":[\"https:\/\/vosgesinfo.fr\/saintdieinfo\/2022\/11\/l214-se-mobilise-a-saint-die-vosges-contre-corrida\/\"]}]},{\"@type\":\"ImageObject\",\"inLanguage\":\"fr-FR\",\"@id\":\"https:\/\/vosgesinfo.fr\/saintdieinfo\/2022\/11\/l214-se-mobilise-a-saint-die-vosges-contre-corrida\/#primaryimage\",\"url\":\"https:\/\/vosgesinfo.fr\/app\/uploads\/sites\/4\/2024\/08\/202211action-l214-contre-corrida-5.jpg\",\"contentUrl\":\"https:\/\/vosgesinfo.fr\/app\/uploads\/sites\/4\/2024\/08\/202211action-l214-contre-corrida-5.jpg\",\"width\":1024,\"height\":683},{\"@type\":\"BreadcrumbList\",\"@id\":\"https:\/\/vosgesinfo.fr\/saintdieinfo\/2022\/11\/l214-se-mobilise-a-saint-die-vosges-contre-corrida\/#breadcrumb\",\"itemListElement\":[{\"@type\":\"ListItem\",\"position\":1,\"name\":\"Home\",\"item\":\"https:\/\/vosgesinfo.fr\/saintdieinfo\/\"},{\"@type\":\"ListItem\",\"position\":2,\"name\":\"L214 se mobilise \u00e0 Saint-Di\u00e9-des-Vosges contre la corrida\"}]},{\"@type\":\"WebSite\",\"@id\":\"https:\/\/vosgesinfo.fr\/saintdieinfo\/#website\",\"url\":\"https:\/\/vosgesinfo.fr\/saintdieinfo\/\",\"name\":\"Saint Die Info\",\"description\":\"Toute l&#039;actualit\u00e9 de Saint-Di\u00e9-Des-Vosges\",\"publisher\":{\"@id\":\"https:\/\/vosgesinfo.fr\/saintdieinfo\/#organization\"},\"alternateName\":\"Toute l'actualit\u00e9 de Saint-Di\u00e9-Des-Vosges\",\"potentialAction\":[{\"@type\":\"SearchAction\",\"target\":{\"@type\":\"EntryPoint\",\"urlTemplate\":\"https:\/\/vosgesinfo.fr\/saintdieinfo\/?s={search_term_string}\"},\"query-input\":\"required name=search_term_string\"}],\"inLanguage\":\"fr-FR\"},{\"@type\":\"Organization\",\"@id\":\"https:\/\/vosgesinfo.fr\/saintdieinfo\/#organization\",\"name\":\"Saint Die Info\",\"url\":\"https:\/\/vosgesinfo.fr\/saintdieinfo\/\",\"logo\":{\"@type\":\"ImageObject\",\"inLanguage\":\"fr-FR\",\"@id\":\"https:\/\/vosgesinfo.fr\/saintdieinfo\/#\/schema\/logo\/image\/\",\"url\":\"https:\/\/vosgesinfo.fr\/app\/uploads\/sites\/4\/2024\/02\/logo-sdi.jpg\",\"contentUrl\":\"https:\/\/vosgesinfo.fr\/app\/uploads\/sites\/4\/2024\/02\/logo-sdi.jpg\",\"width\":600,\"height\":600,\"caption\":\"Saint Die Info\"},\"image\":{\"@id\":\"https:\/\/vosgesinfo.fr\/saintdieinfo\/#\/schema\/logo\/image\/\"},\"sameAs\":[\"https:\/\/www.facebook.com\/Saintdieinfofr\",\"https:\/\/x.com\/VosgesInfo88\",\"https:\/\/www.youtube.com\/@vosgesinfo\"]},{\"@type\":\"Person\",\"@id\":\"https:\/\/vosgesinfo.fr\/saintdieinfo\/#\/schema\/person\/faee6704a21f3977511db84bd1cd450f\",\"name\":\"la r\u00e9daction\",\"image\":{\"@type\":\"ImageObject\",\"inLanguage\":\"fr-FR\",\"@id\":\"https:\/\/vosgesinfo.fr\/saintdieinfo\/#\/schema\/person\/image\/\",\"url\":\"https:\/\/secure.gravatar.com\/avatar\/6673d8bc6a9c17fa9a453eaa3448de834fa308c2ec9635b7aa99441a7c8d2cf6?s=96&d=mm&r=g\",\"contentUrl\":\"https:\/\/secure.gravatar.com\/avatar\/6673d8bc6a9c17fa9a453eaa3448de834fa308c2ec9635b7aa99441a7c8d2cf6?s=96&d=mm&r=g\",\"caption\":\"la r\u00e9daction\"},\"url\":\"https:\/\/vosgesinfo.fr\/saintdieinfo\/author\/redac\/\"}]}<\/script>\n<!-- \/ Yoast SEO plugin. -->","yoast_head_json":{"title":"L214 se mobilise \u00e0 Saint-Di\u00e9-des-Vosges contre la corrida - Saint Die Info","robots":{"index":"index","follow":"follow","max-snippet":"max-snippet:-1","max-image-preview":"max-image-preview:large","max-video-preview":"max-video-preview:-1"},"canonical":"https:\/\/vosgesinfo.fr\/saintdieinfo\/2022\/11\/l214-se-mobilise-a-saint-die-vosges-contre-corrida\/","twitter_card":"summary_large_image","twitter_title":"L214 se mobilise \u00e0 Saint-Di\u00e9-des-Vosges contre la corrida - Saint Die Info","twitter_description":"Le d\u00e9put\u00e9 LFI Aymeric Caron a d\u00e9pos\u00e9 une proposition de loi pour interdire la corrida, co-sign\u00e9e par 96 d\u00e9put\u00e9s. Une [&hellip;]","twitter_image":"https:\/\/vosgesinfo.fr\/app\/uploads\/sites\/4\/2024\/08\/202211action-l214-contre-corrida-5.jpg","twitter_creator":"@VosgesInfo88","twitter_site":"@VosgesInfo88","twitter_misc":{"\u00c9crit par":"la r\u00e9daction","Dur\u00e9e de lecture estim\u00e9e":"1 minute"},"schema":{"@context":"https:\/\/schema.org","@graph":[{"@type":"Article","@id":"https:\/\/vosgesinfo.fr\/saintdieinfo\/2022\/11\/l214-se-mobilise-a-saint-die-vosges-contre-corrida\/#article","isPartOf":{"@id":"https:\/\/vosgesinfo.fr\/saintdieinfo\/2022\/11\/l214-se-mobilise-a-saint-die-vosges-contre-corrida\/"},"author":{"name":"la r\u00e9daction","@id":"https:\/\/vosgesinfo.fr\/saintdieinfo\/#\/schema\/person\/faee6704a21f3977511db84bd1cd450f"},"headline":"L214 se mobilise \u00e0 Saint-Di\u00e9-des-Vosges contre la corrida","datePublished":"2022-11-19T19:45:00+00:00","dateModified":"2022-11-19T19:45:00+00:00","mainEntityOfPage":{"@id":"https:\/\/vosgesinfo.fr\/saintdieinfo\/2022\/11\/l214-se-mobilise-a-saint-die-vosges-contre-corrida\/"},"wordCount":286,"commentCount":0,"publisher":{"@id":"https:\/\/vosgesinfo.fr\/saintdieinfo\/#organization"},"image":{"@id":"https:\/\/vosgesinfo.fr\/saintdieinfo\/2022\/11\/l214-se-mobilise-a-saint-die-vosges-contre-corrida\/#primaryimage"},"thumbnailUrl":"https:\/\/vosgesinfo.fr\/app\/uploads\/sites\/4\/2024\/08\/202211action-l214-contre-corrida-5.jpg","keywords":["Aymeric Caron","Corrida","L214","Proposition de loi pour interdire la corrida"],"articleSection":["A la Une","Saint-Di\u00e9-des-Vosges et son Agglom\u00e9ration","Soci\u00e9t\u00e9","Vie Associative"],"inLanguage":"fr-FR","potentialAction":[{"@type":"CommentAction","name":"Comment","target":["https:\/\/vosgesinfo.fr\/saintdieinfo\/2022\/11\/l214-se-mobilise-a-saint-die-vosges-contre-corrida\/#respond"]}]},{"@type":"WebPage","@id":"https:\/\/vosgesinfo.fr\/saintdieinfo\/2022\/11\/l214-se-mobilise-a-saint-die-vosges-contre-corrida\/","url":"https:\/\/vosgesinfo.fr\/saintdieinfo\/2022\/11\/l214-se-mobilise-a-saint-die-vosges-contre-corrida\/","name":"L214 se mobilise \u00e0 Saint-Di\u00e9-des-Vosges contre la corrida - Saint Die Info","isPartOf":{"@id":"https:\/\/vosgesinfo.fr\/saintdieinfo\/#website"},"primaryImageOfPage":{"@id":"https:\/\/vosgesinfo.fr\/saintdieinfo\/2022\/11\/l214-se-mobilise-a-saint-die-vosges-contre-corrida\/#primaryimage"},"image":{"@id":"https:\/\/vosgesinfo.fr\/saintdieinfo\/2022\/11\/l214-se-mobilise-a-saint-die-vosges-contre-corrida\/#primaryimage"},"thumbnailUrl":"https:\/\/vosgesinfo.fr\/app\/uploads\/sites\/4\/2024\/08\/202211action-l214-contre-corrida-5.jpg","datePublished":"2022-11-19T19:45:00+00:00","dateModified":"2022-11-19T19:45:00+00:00","breadcrumb":{"@id":"https:\/\/vosgesinfo.fr\/saintdieinfo\/2022\/11\/l214-se-mobilise-a-saint-die-vosges-contre-corrida\/#breadcrumb"},"inLanguage":"fr-FR","potentialAction":[{"@type":"ReadAction","target":["https:\/\/vosgesinfo.fr\/saintdieinfo\/2022\/11\/l214-se-mobilise-a-saint-die-vosges-contre-corrida\/"]}]},{"@type":"ImageObject","inLanguage":"fr-FR","@id":"https:\/\/vosgesinfo.fr\/saintdieinfo\/2022\/11\/l214-se-mobilise-a-saint-die-vosges-contre-corrida\/#primaryimage","url":"https:\/\/vosgesinfo.fr\/app\/uploads\/sites\/4\/2024\/08\/202211action-l214-contre-corrida-5.jpg","contentUrl":"https:\/\/vosgesinfo.fr\/app\/uploads\/sites\/4\/2024\/08\/202211action-l214-contre-corrida-5.jpg","width":1024,"height":683},{"@type":"BreadcrumbList","@id":"https:\/\/vosgesinfo.fr\/saintdieinfo\/2022\/11\/l214-se-mobilise-a-saint-die-vosges-contre-corrida\/#breadcrumb","itemListElement":[{"@type":"ListItem","position":1,"name":"Home","item":"https:\/\/vosgesinfo.fr\/saintdieinfo\/"},{"@type":"ListItem","position":2,"name":"L214 se mobilise \u00e0 Saint-Di\u00e9-des-Vosges contre la corrida"}]},{"@type":"WebSite","@id":"https:\/\/vosgesinfo.fr\/saintdieinfo\/#website","url":"https:\/\/vosgesinfo.fr\/saintdieinfo\/","name":"Saint Die Info","description":"Toute l&#039;actualit\u00e9 de Saint-Di\u00e9-Des-Vosges","publisher":{"@id":"https:\/\/vosgesinfo.fr\/saintdieinfo\/#organization"},"alternateName":"Toute l'actualit\u00e9 de Saint-Di\u00e9-Des-Vosges","potentialAction":[{"@type":"SearchAction","target":{"@type":"EntryPoint","urlTemplate":"https:\/\/vosgesinfo.fr\/saintdieinfo\/?s={search_term_string}"},"query-input":"required name=search_term_string"}],"inLanguage":"fr-FR"},{"@type":"Organization","@id":"https:\/\/vosgesinfo.fr\/saintdieinfo\/#organization","name":"Saint Die Info","url":"https:\/\/vosgesinfo.fr\/saintdieinfo\/","logo":{"@type":"ImageObject","inLanguage":"fr-FR","@id":"https:\/\/vosgesinfo.fr\/saintdieinfo\/#\/schema\/logo\/image\/","url":"https:\/\/vosgesinfo.fr\/app\/uploads\/sites\/4\/2024\/02\/logo-sdi.jpg","contentUrl":"https:\/\/vosgesinfo.fr\/app\/uploads\/sites\/4\/2024\/02\/logo-sdi.jpg","width":600,"height":600,"caption":"Saint Die Info"},"image":{"@id":"https:\/\/vosgesinfo.fr\/saintdieinfo\/#\/schema\/logo\/image\/"},"sameAs":["https:\/\/www.facebook.com\/Saintdieinfofr","https:\/\/x.com\/VosgesInfo88","https:\/\/www.youtube.com\/@vosgesinfo"]},{"@type":"Person","@id":"https:\/\/vosgesinfo.fr\/saintdieinfo\/#\/schema\/person\/faee6704a21f3977511db84bd1cd450f","name":"la r\u00e9daction","image":{"@type":"ImageObject","inLanguage":"fr-FR","@id":"https:\/\/vosgesinfo.fr\/saintdieinfo\/#\/schema\/person\/image\/","url":"https:\/\/secure.gravatar.com\/avatar\/6673d8bc6a9c17fa9a453eaa3448de834fa308c2ec9635b7aa99441a7c8d2cf6?s=96&d=mm&r=g","contentUrl":"https:\/\/secure.gravatar.com\/avatar\/6673d8bc6a9c17fa9a453eaa3448de834fa308c2ec9635b7aa99441a7c8d2cf6?s=96&d=mm&r=g","caption":"la r\u00e9daction"},"url":"https:\/\/vosgesinfo.fr\/saintdieinfo\/author\/redac\/"}]}},"_links":{"self":[{"href":"https:\/\/vosgesinfo.fr\/saintdieinfo\/wp-json\/wp\/v2\/posts\/59748","targetHints":{"allow":["GET"]}}],"collection":[{"href":"https:\/\/vosgesinfo.fr\/saintdieinfo\/wp-json\/wp\/v2\/posts"}],"about":[{"href":"https:\/\/vosgesinfo.fr\/saintdieinfo\/wp-json\/wp\/v2\/types\/post"}],"author":[{"embeddable":true,"href":"https:\/\/vosgesinfo.fr\/saintdieinfo\/wp-json\/wp\/v2\/users\/44"}],"replies":[{"embeddable":true,"href":"https:\/\/vosgesinfo.fr\/saintdieinfo\/wp-json\/wp\/v2\/comments?post=59748"}],"version-history":[{"count":0,"href":"https:\/\/vosgesinfo.fr\/saintdieinfo\/wp-json\/wp\/v2\/posts\/59748\/revisions"}],"wp:featuredmedia":[{"embeddable":true,"href":"https:\/\/vosgesinfo.fr\/saintdieinfo\/wp-json\/wp\/v2\/media\/59749"}],"wp:attachment":[{"href":"https:\/\/vosgesinfo.fr\/saintdieinfo\/wp-json\/wp\/v2\/media?parent=59748"}],"wp:term":[{"taxonomy":"category","embeddable":true,"href":"https:\/\/vosgesinfo.fr\/saintdieinfo\/wp-json\/wp\/v2\/categories?post=59748"},{"taxonomy":"post_tag","embeddable":true,"href":"https:\/\/vosgesinfo.fr\/saintdieinfo\/wp-json\/wp\/v2\/tags?post=59748"}],"curies":[{"name":"wp","href":"https:\/\/api.w.org\/{rel}","templated":true}]}}