{"id":59754,"date":"2022-11-19T20:50:53","date_gmt":"2022-11-19T19:50:53","guid":{"rendered":"https:\/\/vosgesinfo.fr\/saintdieinfo\/2022\/11\/saint-die-vosges-a-accueilli-qualification-departementale-championnat-de-france-jeunes-dechecs\/"},"modified":"2022-11-19T20:50:53","modified_gmt":"2022-11-19T19:50:53","slug":"saint-die-vosges-a-accueilli-qualification-departementale-championnat-de-france-jeunes-dechecs","status":"publish","type":"post","link":"https:\/\/vosgesinfo.fr\/saintdieinfo\/2022\/11\/saint-die-vosges-a-accueilli-qualification-departementale-championnat-de-france-jeunes-dechecs\/","title":{"rendered":"Saint-Di\u00e9-des-Vosges a accueilli la qualification d\u00e9partementale du championnat de France des Jeunes d&rsquo;\u00e9checs"},"content":{"rendered":"<div id=\"attachment_192947\" style=\"width: 970px\" class=\"wp-caption aligncenter\"><a href=\"\/2022\/11\/Qualification_Championnat_France_Jeunes_Echecs-2.jpg\" target=\"_blank\" rel=\"noopener\"><img decoding=\"async\" aria-describedby=\"caption-attachment-192947\" class=\"wp-image-192947 size-large\" src=\"\/2022\/11\/Qualification_Championnat_France_Jeunes_Echecs-2-1024x683.jpg\" alt=\"Qualification_Championnat_France_Jeunes_Echecs (2)\" width=\"960\" height=\"640\" \/><\/a><p id=\"caption-attachment-192947\" class=\"wp-caption-text\">(Photographies Marc Fourniquet)<\/p><\/div>\n<h2><strong><span style=\"font-size: 14pt;\">Saint-Di\u00e9-des-Vosges accueillait ce samedi 19 novembre la qualification d\u00e9partementale du championnat de France des Jeunes d&rsquo;\u00e9checs.<\/span><\/strong><\/h2>\n<p><!--more--><\/p>\n<p>44 strat\u00e8ges en herbe se sont r\u00e9unis \u00e0 cette occasion \u00e0 la Tour de la Libert\u00e9, pour s&rsquo;affronter lors de 2 tournois selon les cat\u00e9gories d&rsquo;\u00e2ges. Les U08 et U10 ont ainsi pris part au tournoi A, qui s&rsquo;est jou\u00e9 en 5 rondes sur une cadence de 15 minutes par joueur (plus 5 secondes par coup jou\u00e9). Le tournoi B a rassembl\u00e9 les cat\u00e9gories U12 \u00e0 U16, avec 3 rondes en 25 minutes par joueur (plus 10 secondes par coup jou\u00e9). Le tout sous l&rsquo;oeil de Jean-Luc Antoine, pr\u00e9sident du club d&rsquo;\u00e9checs d\u00e9odatien et arbitre f\u00e9d\u00e9ral open, qui officiait en tant qu&rsquo;arbitre principal de cette phase qualificative.<\/p>\n<p>Les 3 premiers de chaque tournoi se sont vus remettre des coupes, et les meilleurs joueurs du jour ont valid\u00e9 leur participation, du 14 au 16 f\u00e9vrier 2023, au futur tournoi interd\u00e9partemental de Vandoeuvre-l\u00e8s-Nancy. La qualification Lorraine permettra de s\u00e9lectionner les participants au championnat de France des Jeunes, qui se d\u00e9roulera du 16 au 23 avril 2023 \u00e0 Agen.<\/p>\n<p>J.J.<\/p>\n\n","protected":false},"excerpt":{"rendered":"<p>Saint-Di\u00e9-des-Vosges accueillait ce samedi 19 novembre la qualification d\u00e9partementale du championnat de France des Jeunes d&rsquo;\u00e9checs.<\/p>\n","protected":false},"author":44,"featured_media":59755,"comment_status":"open","ping_status":"open","sticky":false,"template":"","format":"standard","meta":{"footnotes":""},"categories":[460,2915,14],"tags":[4363,4364,13159,2953],"class_list":["post-59754","post","type-post","status-publish","format-standard","has-post-thumbnail","hentry","category-a-la-une","category-saint-die-son-canton","category-sport","tag-club-dechecs-de-saint-die-des-vosges","tag-echecs","tag-qualification-departementale-du-championnat-de-france-des-jeunes-dechecs","tag-tour-de-la-liberte"],"acf":[],"yoast_head":"<!-- This site is optimized with the Yoast SEO plugin v22.5 - https:\/\/yoast.com\/wordpress\/plugins\/seo\/ -->\n<title>Saint-Di\u00e9-des-Vosges a accueilli la qualification d\u00e9partementale du championnat de France des Jeunes d&#039;\u00e9checs - Saint Die Info<\/title>\n<meta name=\"robots\" content=\"index, follow, max-snippet:-1, max-image-preview:large, max-video-preview:-1\" \/>\n<link rel=\"canonical\" href=\"https:\/\/vosgesinfo.fr\/saintdieinfo\/2022\/11\/saint-die-vosges-a-accueilli-qualification-departementale-championnat-de-france-jeunes-dechecs\/\" \/>\n<meta name=\"twitter:card\" content=\"summary_large_image\" \/>\n<meta name=\"twitter:title\" content=\"Saint-Di\u00e9-des-Vosges a accueilli la qualification d\u00e9partementale du championnat de France des Jeunes d&#039;\u00e9checs - Saint Die Info\" \/>\n<meta name=\"twitter:description\" content=\"Saint-Di\u00e9-des-Vosges accueillait ce samedi 19 novembre la qualification d\u00e9partementale du championnat de France des Jeunes d&rsquo;\u00e9checs.\" \/>\n<meta name=\"twitter:image\" content=\"https:\/\/vosgesinfo.fr\/app\/uploads\/sites\/4\/2024\/08\/202211qualification-championnat-france-jeunes-echecs-2.jpg\" \/>\n<meta name=\"twitter:creator\" content=\"@VosgesInfo88\" \/>\n<meta name=\"twitter:site\" content=\"@VosgesInfo88\" \/>\n<meta name=\"twitter:label1\" content=\"\u00c9crit par\" \/>\n\t<meta name=\"twitter:data1\" content=\"la r\u00e9daction\" \/>\n\t<meta name=\"twitter:label2\" content=\"Dur\u00e9e de lecture estim\u00e9e\" \/>\n\t<meta name=\"twitter:data2\" content=\"1 minute\" \/>\n<script type=\"application\/ld+json\" class=\"yoast-schema-graph\">{\"@context\":\"https:\/\/schema.org\",\"@graph\":[{\"@type\":\"Article\",\"@id\":\"https:\/\/vosgesinfo.fr\/saintdieinfo\/2022\/11\/saint-die-vosges-a-accueilli-qualification-departementale-championnat-de-france-jeunes-dechecs\/#article\",\"isPartOf\":{\"@id\":\"https:\/\/vosgesinfo.fr\/saintdieinfo\/2022\/11\/saint-die-vosges-a-accueilli-qualification-departementale-championnat-de-france-jeunes-dechecs\/\"},\"author\":{\"name\":\"la r\u00e9daction\",\"@id\":\"https:\/\/vosgesinfo.fr\/saintdieinfo\/#\/schema\/person\/faee6704a21f3977511db84bd1cd450f\"},\"headline\":\"Saint-Di\u00e9-des-Vosges a accueilli la qualification d\u00e9partementale du championnat de France des Jeunes d&rsquo;\u00e9checs\",\"datePublished\":\"2022-11-19T19:50:53+00:00\",\"dateModified\":\"2022-11-19T19:50:53+00:00\",\"mainEntityOfPage\":{\"@id\":\"https:\/\/vosgesinfo.fr\/saintdieinfo\/2022\/11\/saint-die-vosges-a-accueilli-qualification-departementale-championnat-de-france-jeunes-dechecs\/\"},\"wordCount\":218,\"commentCount\":0,\"publisher\":{\"@id\":\"https:\/\/vosgesinfo.fr\/saintdieinfo\/#organization\"},\"image\":{\"@id\":\"https:\/\/vosgesinfo.fr\/saintdieinfo\/2022\/11\/saint-die-vosges-a-accueilli-qualification-departementale-championnat-de-france-jeunes-dechecs\/#primaryimage\"},\"thumbnailUrl\":\"https:\/\/vosgesinfo.fr\/app\/uploads\/sites\/4\/2024\/08\/202211qualification-championnat-france-jeunes-echecs-2.jpg\",\"keywords\":[\"Club d'\u00e9checs de Saint-Di\u00e9-des-Vosges\",\"Echecs\",\"Qualification d\u00e9partementale du championnat de France des Jeunes d'\u00e9checs\",\"Tour de la Libert\u00e9\"],\"articleSection\":[\"A la Une\",\"Saint-Di\u00e9-des-Vosges et son Agglom\u00e9ration\",\"Sport\"],\"inLanguage\":\"fr-FR\",\"potentialAction\":[{\"@type\":\"CommentAction\",\"name\":\"Comment\",\"target\":[\"https:\/\/vosgesinfo.fr\/saintdieinfo\/2022\/11\/saint-die-vosges-a-accueilli-qualification-departementale-championnat-de-france-jeunes-dechecs\/#respond\"]}]},{\"@type\":\"WebPage\",\"@id\":\"https:\/\/vosgesinfo.fr\/saintdieinfo\/2022\/11\/saint-die-vosges-a-accueilli-qualification-departementale-championnat-de-france-jeunes-dechecs\/\",\"url\":\"https:\/\/vosgesinfo.fr\/saintdieinfo\/2022\/11\/saint-die-vosges-a-accueilli-qualification-departementale-championnat-de-france-jeunes-dechecs\/\",\"name\":\"Saint-Di\u00e9-des-Vosges a accueilli la qualification d\u00e9partementale du championnat de France des Jeunes d'\u00e9checs - Saint Die Info\",\"isPartOf\":{\"@id\":\"https:\/\/vosgesinfo.fr\/saintdieinfo\/#website\"},\"primaryImageOfPage\":{\"@id\":\"https:\/\/vosgesinfo.fr\/saintdieinfo\/2022\/11\/saint-die-vosges-a-accueilli-qualification-departementale-championnat-de-france-jeunes-dechecs\/#primaryimage\"},\"image\":{\"@id\":\"https:\/\/vosgesinfo.fr\/saintdieinfo\/2022\/11\/saint-die-vosges-a-accueilli-qualification-departementale-championnat-de-france-jeunes-dechecs\/#primaryimage\"},\"thumbnailUrl\":\"https:\/\/vosgesinfo.fr\/app\/uploads\/sites\/4\/2024\/08\/202211qualification-championnat-france-jeunes-echecs-2.jpg\",\"datePublished\":\"2022-11-19T19:50:53+00:00\",\"dateModified\":\"2022-11-19T19:50:53+00:00\",\"breadcrumb\":{\"@id\":\"https:\/\/vosgesinfo.fr\/saintdieinfo\/2022\/11\/saint-die-vosges-a-accueilli-qualification-departementale-championnat-de-france-jeunes-dechecs\/#breadcrumb\"},\"inLanguage\":\"fr-FR\",\"potentialAction\":[{\"@type\":\"ReadAction\",\"target\":[\"https:\/\/vosgesinfo.fr\/saintdieinfo\/2022\/11\/saint-die-vosges-a-accueilli-qualification-departementale-championnat-de-france-jeunes-dechecs\/\"]}]},{\"@type\":\"ImageObject\",\"inLanguage\":\"fr-FR\",\"@id\":\"https:\/\/vosgesinfo.fr\/saintdieinfo\/2022\/11\/saint-die-vosges-a-accueilli-qualification-departementale-championnat-de-france-jeunes-dechecs\/#primaryimage\",\"url\":\"https:\/\/vosgesinfo.fr\/app\/uploads\/sites\/4\/2024\/08\/202211qualification-championnat-france-jeunes-echecs-2.jpg\",\"contentUrl\":\"https:\/\/vosgesinfo.fr\/app\/uploads\/sites\/4\/2024\/08\/202211qualification-championnat-france-jeunes-echecs-2.jpg\",\"width\":1024,\"height\":683},{\"@type\":\"BreadcrumbList\",\"@id\":\"https:\/\/vosgesinfo.fr\/saintdieinfo\/2022\/11\/saint-die-vosges-a-accueilli-qualification-departementale-championnat-de-france-jeunes-dechecs\/#breadcrumb\",\"itemListElement\":[{\"@type\":\"ListItem\",\"position\":1,\"name\":\"Home\",\"item\":\"https:\/\/vosgesinfo.fr\/saintdieinfo\/\"},{\"@type\":\"ListItem\",\"position\":2,\"name\":\"Saint-Di\u00e9-des-Vosges a accueilli la qualification d\u00e9partementale du championnat de France des Jeunes d&rsquo;\u00e9checs\"}]},{\"@type\":\"WebSite\",\"@id\":\"https:\/\/vosgesinfo.fr\/saintdieinfo\/#website\",\"url\":\"https:\/\/vosgesinfo.fr\/saintdieinfo\/\",\"name\":\"Saint Die Info\",\"description\":\"Toute l&#039;actualit\u00e9 de Saint-Di\u00e9-Des-Vosges\",\"publisher\":{\"@id\":\"https:\/\/vosgesinfo.fr\/saintdieinfo\/#organization\"},\"alternateName\":\"Toute l'actualit\u00e9 de Saint-Di\u00e9-Des-Vosges\",\"potentialAction\":[{\"@type\":\"SearchAction\",\"target\":{\"@type\":\"EntryPoint\",\"urlTemplate\":\"https:\/\/vosgesinfo.fr\/saintdieinfo\/?s={search_term_string}\"},\"query-input\":\"required name=search_term_string\"}],\"inLanguage\":\"fr-FR\"},{\"@type\":\"Organization\",\"@id\":\"https:\/\/vosgesinfo.fr\/saintdieinfo\/#organization\",\"name\":\"Saint Die Info\",\"url\":\"https:\/\/vosgesinfo.fr\/saintdieinfo\/\",\"logo\":{\"@type\":\"ImageObject\",\"inLanguage\":\"fr-FR\",\"@id\":\"https:\/\/vosgesinfo.fr\/saintdieinfo\/#\/schema\/logo\/image\/\",\"url\":\"https:\/\/vosgesinfo.fr\/app\/uploads\/sites\/4\/2024\/02\/logo-sdi.jpg\",\"contentUrl\":\"https:\/\/vosgesinfo.fr\/app\/uploads\/sites\/4\/2024\/02\/logo-sdi.jpg\",\"width\":600,\"height\":600,\"caption\":\"Saint Die Info\"},\"image\":{\"@id\":\"https:\/\/vosgesinfo.fr\/saintdieinfo\/#\/schema\/logo\/image\/\"},\"sameAs\":[\"https:\/\/www.facebook.com\/Saintdieinfofr\",\"https:\/\/x.com\/VosgesInfo88\",\"https:\/\/www.youtube.com\/@vosgesinfo\"]},{\"@type\":\"Person\",\"@id\":\"https:\/\/vosgesinfo.fr\/saintdieinfo\/#\/schema\/person\/faee6704a21f3977511db84bd1cd450f\",\"name\":\"la r\u00e9daction\",\"image\":{\"@type\":\"ImageObject\",\"inLanguage\":\"fr-FR\",\"@id\":\"https:\/\/vosgesinfo.fr\/saintdieinfo\/#\/schema\/person\/image\/\",\"url\":\"https:\/\/secure.gravatar.com\/avatar\/6673d8bc6a9c17fa9a453eaa3448de834fa308c2ec9635b7aa99441a7c8d2cf6?s=96&d=mm&r=g\",\"contentUrl\":\"https:\/\/secure.gravatar.com\/avatar\/6673d8bc6a9c17fa9a453eaa3448de834fa308c2ec9635b7aa99441a7c8d2cf6?s=96&d=mm&r=g\",\"caption\":\"la r\u00e9daction\"},\"url\":\"https:\/\/vosgesinfo.fr\/saintdieinfo\/author\/redac\/\"}]}<\/script>\n<!-- \/ Yoast SEO plugin. -->","yoast_head_json":{"title":"Saint-Di\u00e9-des-Vosges a accueilli la qualification d\u00e9partementale du championnat de France des Jeunes d'\u00e9checs - Saint Die Info","robots":{"index":"index","follow":"follow","max-snippet":"max-snippet:-1","max-image-preview":"max-image-preview:large","max-video-preview":"max-video-preview:-1"},"canonical":"https:\/\/vosgesinfo.fr\/saintdieinfo\/2022\/11\/saint-die-vosges-a-accueilli-qualification-departementale-championnat-de-france-jeunes-dechecs\/","twitter_card":"summary_large_image","twitter_title":"Saint-Di\u00e9-des-Vosges a accueilli la qualification d\u00e9partementale du championnat de France des Jeunes d'\u00e9checs - Saint Die Info","twitter_description":"Saint-Di\u00e9-des-Vosges accueillait ce samedi 19 novembre la qualification d\u00e9partementale du championnat de France des Jeunes d&rsquo;\u00e9checs.","twitter_image":"https:\/\/vosgesinfo.fr\/app\/uploads\/sites\/4\/2024\/08\/202211qualification-championnat-france-jeunes-echecs-2.jpg","twitter_creator":"@VosgesInfo88","twitter_site":"@VosgesInfo88","twitter_misc":{"\u00c9crit par":"la r\u00e9daction","Dur\u00e9e de lecture estim\u00e9e":"1 minute"},"schema":{"@context":"https:\/\/schema.org","@graph":[{"@type":"Article","@id":"https:\/\/vosgesinfo.fr\/saintdieinfo\/2022\/11\/saint-die-vosges-a-accueilli-qualification-departementale-championnat-de-france-jeunes-dechecs\/#article","isPartOf":{"@id":"https:\/\/vosgesinfo.fr\/saintdieinfo\/2022\/11\/saint-die-vosges-a-accueilli-qualification-departementale-championnat-de-france-jeunes-dechecs\/"},"author":{"name":"la r\u00e9daction","@id":"https:\/\/vosgesinfo.fr\/saintdieinfo\/#\/schema\/person\/faee6704a21f3977511db84bd1cd450f"},"headline":"Saint-Di\u00e9-des-Vosges a accueilli la qualification d\u00e9partementale du championnat de France des Jeunes d&rsquo;\u00e9checs","datePublished":"2022-11-19T19:50:53+00:00","dateModified":"2022-11-19T19:50:53+00:00","mainEntityOfPage":{"@id":"https:\/\/vosgesinfo.fr\/saintdieinfo\/2022\/11\/saint-die-vosges-a-accueilli-qualification-departementale-championnat-de-france-jeunes-dechecs\/"},"wordCount":218,"commentCount":0,"publisher":{"@id":"https:\/\/vosgesinfo.fr\/saintdieinfo\/#organization"},"image":{"@id":"https:\/\/vosgesinfo.fr\/saintdieinfo\/2022\/11\/saint-die-vosges-a-accueilli-qualification-departementale-championnat-de-france-jeunes-dechecs\/#primaryimage"},"thumbnailUrl":"https:\/\/vosgesinfo.fr\/app\/uploads\/sites\/4\/2024\/08\/202211qualification-championnat-france-jeunes-echecs-2.jpg","keywords":["Club d'\u00e9checs de Saint-Di\u00e9-des-Vosges","Echecs","Qualification d\u00e9partementale du championnat de France des Jeunes d'\u00e9checs","Tour de la Libert\u00e9"],"articleSection":["A la Une","Saint-Di\u00e9-des-Vosges et son Agglom\u00e9ration","Sport"],"inLanguage":"fr-FR","potentialAction":[{"@type":"CommentAction","name":"Comment","target":["https:\/\/vosgesinfo.fr\/saintdieinfo\/2022\/11\/saint-die-vosges-a-accueilli-qualification-departementale-championnat-de-france-jeunes-dechecs\/#respond"]}]},{"@type":"WebPage","@id":"https:\/\/vosgesinfo.fr\/saintdieinfo\/2022\/11\/saint-die-vosges-a-accueilli-qualification-departementale-championnat-de-france-jeunes-dechecs\/","url":"https:\/\/vosgesinfo.fr\/saintdieinfo\/2022\/11\/saint-die-vosges-a-accueilli-qualification-departementale-championnat-de-france-jeunes-dechecs\/","name":"Saint-Di\u00e9-des-Vosges a accueilli la qualification d\u00e9partementale du championnat de France des Jeunes d'\u00e9checs - Saint Die Info","isPartOf":{"@id":"https:\/\/vosgesinfo.fr\/saintdieinfo\/#website"},"primaryImageOfPage":{"@id":"https:\/\/vosgesinfo.fr\/saintdieinfo\/2022\/11\/saint-die-vosges-a-accueilli-qualification-departementale-championnat-de-france-jeunes-dechecs\/#primaryimage"},"image":{"@id":"https:\/\/vosgesinfo.fr\/saintdieinfo\/2022\/11\/saint-die-vosges-a-accueilli-qualification-departementale-championnat-de-france-jeunes-dechecs\/#primaryimage"},"thumbnailUrl":"https:\/\/vosgesinfo.fr\/app\/uploads\/sites\/4\/2024\/08\/202211qualification-championnat-france-jeunes-echecs-2.jpg","datePublished":"2022-11-19T19:50:53+00:00","dateModified":"2022-11-19T19:50:53+00:00","breadcrumb":{"@id":"https:\/\/vosgesinfo.fr\/saintdieinfo\/2022\/11\/saint-die-vosges-a-accueilli-qualification-departementale-championnat-de-france-jeunes-dechecs\/#breadcrumb"},"inLanguage":"fr-FR","potentialAction":[{"@type":"ReadAction","target":["https:\/\/vosgesinfo.fr\/saintdieinfo\/2022\/11\/saint-die-vosges-a-accueilli-qualification-departementale-championnat-de-france-jeunes-dechecs\/"]}]},{"@type":"ImageObject","inLanguage":"fr-FR","@id":"https:\/\/vosgesinfo.fr\/saintdieinfo\/2022\/11\/saint-die-vosges-a-accueilli-qualification-departementale-championnat-de-france-jeunes-dechecs\/#primaryimage","url":"https:\/\/vosgesinfo.fr\/app\/uploads\/sites\/4\/2024\/08\/202211qualification-championnat-france-jeunes-echecs-2.jpg","contentUrl":"https:\/\/vosgesinfo.fr\/app\/uploads\/sites\/4\/2024\/08\/202211qualification-championnat-france-jeunes-echecs-2.jpg","width":1024,"height":683},{"@type":"BreadcrumbList","@id":"https:\/\/vosgesinfo.fr\/saintdieinfo\/2022\/11\/saint-die-vosges-a-accueilli-qualification-departementale-championnat-de-france-jeunes-dechecs\/#breadcrumb","itemListElement":[{"@type":"ListItem","position":1,"name":"Home","item":"https:\/\/vosgesinfo.fr\/saintdieinfo\/"},{"@type":"ListItem","position":2,"name":"Saint-Di\u00e9-des-Vosges a accueilli la qualification d\u00e9partementale du championnat de France des Jeunes d&rsquo;\u00e9checs"}]},{"@type":"WebSite","@id":"https:\/\/vosgesinfo.fr\/saintdieinfo\/#website","url":"https:\/\/vosgesinfo.fr\/saintdieinfo\/","name":"Saint Die Info","description":"Toute l&#039;actualit\u00e9 de Saint-Di\u00e9-Des-Vosges","publisher":{"@id":"https:\/\/vosgesinfo.fr\/saintdieinfo\/#organization"},"alternateName":"Toute l'actualit\u00e9 de Saint-Di\u00e9-Des-Vosges","potentialAction":[{"@type":"SearchAction","target":{"@type":"EntryPoint","urlTemplate":"https:\/\/vosgesinfo.fr\/saintdieinfo\/?s={search_term_string}"},"query-input":"required name=search_term_string"}],"inLanguage":"fr-FR"},{"@type":"Organization","@id":"https:\/\/vosgesinfo.fr\/saintdieinfo\/#organization","name":"Saint Die Info","url":"https:\/\/vosgesinfo.fr\/saintdieinfo\/","logo":{"@type":"ImageObject","inLanguage":"fr-FR","@id":"https:\/\/vosgesinfo.fr\/saintdieinfo\/#\/schema\/logo\/image\/","url":"https:\/\/vosgesinfo.fr\/app\/uploads\/sites\/4\/2024\/02\/logo-sdi.jpg","contentUrl":"https:\/\/vosgesinfo.fr\/app\/uploads\/sites\/4\/2024\/02\/logo-sdi.jpg","width":600,"height":600,"caption":"Saint Die Info"},"image":{"@id":"https:\/\/vosgesinfo.fr\/saintdieinfo\/#\/schema\/logo\/image\/"},"sameAs":["https:\/\/www.facebook.com\/Saintdieinfofr","https:\/\/x.com\/VosgesInfo88","https:\/\/www.youtube.com\/@vosgesinfo"]},{"@type":"Person","@id":"https:\/\/vosgesinfo.fr\/saintdieinfo\/#\/schema\/person\/faee6704a21f3977511db84bd1cd450f","name":"la r\u00e9daction","image":{"@type":"ImageObject","inLanguage":"fr-FR","@id":"https:\/\/vosgesinfo.fr\/saintdieinfo\/#\/schema\/person\/image\/","url":"https:\/\/secure.gravatar.com\/avatar\/6673d8bc6a9c17fa9a453eaa3448de834fa308c2ec9635b7aa99441a7c8d2cf6?s=96&d=mm&r=g","contentUrl":"https:\/\/secure.gravatar.com\/avatar\/6673d8bc6a9c17fa9a453eaa3448de834fa308c2ec9635b7aa99441a7c8d2cf6?s=96&d=mm&r=g","caption":"la r\u00e9daction"},"url":"https:\/\/vosgesinfo.fr\/saintdieinfo\/author\/redac\/"}]}},"_links":{"self":[{"href":"https:\/\/vosgesinfo.fr\/saintdieinfo\/wp-json\/wp\/v2\/posts\/59754","targetHints":{"allow":["GET"]}}],"collection":[{"href":"https:\/\/vosgesinfo.fr\/saintdieinfo\/wp-json\/wp\/v2\/posts"}],"about":[{"href":"https:\/\/vosgesinfo.fr\/saintdieinfo\/wp-json\/wp\/v2\/types\/post"}],"author":[{"embeddable":true,"href":"https:\/\/vosgesinfo.fr\/saintdieinfo\/wp-json\/wp\/v2\/users\/44"}],"replies":[{"embeddable":true,"href":"https:\/\/vosgesinfo.fr\/saintdieinfo\/wp-json\/wp\/v2\/comments?post=59754"}],"version-history":[{"count":0,"href":"https:\/\/vosgesinfo.fr\/saintdieinfo\/wp-json\/wp\/v2\/posts\/59754\/revisions"}],"wp:featuredmedia":[{"embeddable":true,"href":"https:\/\/vosgesinfo.fr\/saintdieinfo\/wp-json\/wp\/v2\/media\/59755"}],"wp:attachment":[{"href":"https:\/\/vosgesinfo.fr\/saintdieinfo\/wp-json\/wp\/v2\/media?parent=59754"}],"wp:term":[{"taxonomy":"category","embeddable":true,"href":"https:\/\/vosgesinfo.fr\/saintdieinfo\/wp-json\/wp\/v2\/categories?post=59754"},{"taxonomy":"post_tag","embeddable":true,"href":"https:\/\/vosgesinfo.fr\/saintdieinfo\/wp-json\/wp\/v2\/tags?post=59754"}],"curies":[{"name":"wp","href":"https:\/\/api.w.org\/{rel}","templated":true}]}}