{"id":59808,"date":"2022-11-22T10:51:05","date_gmt":"2022-11-22T09:51:05","guid":{"rendered":"https:\/\/vosgesinfo.fr\/saintdieinfo\/2022\/11\/noel-solidaire-gourmand-a-saint-die-vosges-secours-catholique\/"},"modified":"2022-11-22T10:51:05","modified_gmt":"2022-11-22T09:51:05","slug":"noel-solidaire-gourmand-a-saint-die-vosges-secours-catholique","status":"publish","type":"post","link":"https:\/\/vosgesinfo.fr\/saintdieinfo\/2022\/11\/noel-solidaire-gourmand-a-saint-die-vosges-secours-catholique\/","title":{"rendered":"No\u00ebl solidaire et gourmand \u00e0 Saint-Di\u00e9-des-Vosges avec le Secours Catholique"},"content":{"rendered":"<div id=\"attachment_193035\" style=\"width: 970px\" class=\"wp-caption aligncenter\"><a href=\"\/2022\/11\/No\u00ebl_Solidaire_Gourmand_Secours_Catholique_01.jpg\" target=\"_blank\" rel=\"noopener\"><img decoding=\"async\" aria-describedby=\"caption-attachment-193035\" class=\"wp-image-193035 size-large\" src=\"\/2022\/11\/No\u00ebl_Solidaire_Gourmand_Secours_Catholique_01-1024x792.jpg\" alt=\"No\u00ebl_Solidaire_Gourmand_Secours_Catholique_01\" width=\"960\" height=\"743\" \/><\/a><p id=\"caption-attachment-193035\" class=\"wp-caption-text\">(Image Secours Catholique)<\/p><\/div>\n<h2><strong><span style=\"font-size: 14pt;\">Le Secours Catholique organise un No\u00ebl solidaire et gourmand ouvert \u00e0 tous \u00e0 Saint-Di\u00e9-des-Vosges, ce samedi 11 d\u00e9cembre de 15h \u00e0 19h sur la place du G\u00e9n\u00e9ral-de-Gaulle.<\/span><\/strong><\/h2>\n<p><!--more--><\/p>\n<p>Pr\u00e9par\u00e9 par les \u00e9quipes du Secours Catholique de Senones, Saint-Di\u00e9-des-Vosges, Raon-l&rsquo;Etape et Fave-Galil\u00e9e, ce temps fort devait avoir lieu en 2021&#8230; mais la crise sanitaire en a d\u00e9cid\u00e9 autrement. Qu&rsquo;importe, puisqu&rsquo;il aura finalement bien lieu avec une petite ann\u00e9e de retard. Au programme samedi\u00a0: d\u00e9gustation de soupes et de p\u00e2tisseries maison, animation musicale avec les BeGoodie&rsquo;s, et spectacle de clown avec Serge Rose. Renseignements compl\u00e9mentaires au 06-37-64-97-69.<\/p>\n<p>J.J.<\/p>\n","protected":false},"excerpt":{"rendered":"<p>Le Secours Catholique organise un No\u00ebl solidaire et gourmand ouvert \u00e0 tous \u00e0 Saint-Di\u00e9-des-Vosges, ce samedi 11 d\u00e9cembre de 15h [&hellip;]<\/p>\n","protected":false},"author":44,"featured_media":59809,"comment_status":"open","ping_status":"open","sticky":false,"template":"","format":"standard","meta":{"footnotes":""},"categories":[460,2915,29,17],"tags":[13179,3039,2676],"class_list":["post-59808","post","type-post","status-publish","format-standard","has-post-thumbnail","hentry","category-a-la-une","category-saint-die-son-canton","category-solidarite","category-vie-associative","tag-noel-solidaire-et-gourmand","tag-place-du-general-de-gaulle","tag-secours-catholique"],"acf":[],"yoast_head":"<!-- This site is optimized with the Yoast SEO plugin v22.5 - https:\/\/yoast.com\/wordpress\/plugins\/seo\/ -->\n<title>No\u00ebl solidaire et gourmand \u00e0 Saint-Di\u00e9-des-Vosges avec le Secours Catholique - Saint Die Info<\/title>\n<meta name=\"robots\" content=\"index, follow, max-snippet:-1, max-image-preview:large, max-video-preview:-1\" \/>\n<link rel=\"canonical\" href=\"https:\/\/vosgesinfo.fr\/saintdieinfo\/2022\/11\/noel-solidaire-gourmand-a-saint-die-vosges-secours-catholique\/\" \/>\n<meta name=\"twitter:card\" content=\"summary_large_image\" \/>\n<meta name=\"twitter:title\" content=\"No\u00ebl solidaire et gourmand \u00e0 Saint-Di\u00e9-des-Vosges avec le Secours Catholique - Saint Die Info\" \/>\n<meta name=\"twitter:description\" content=\"Le Secours Catholique organise un No\u00ebl solidaire et gourmand ouvert \u00e0 tous \u00e0 Saint-Di\u00e9-des-Vosges, ce samedi 11 d\u00e9cembre de 15h [&hellip;]\" \/>\n<meta name=\"twitter:image\" content=\"https:\/\/vosgesinfo.fr\/app\/uploads\/sites\/4\/2024\/08\/202211noel-solidaire-gourmand-secours-catholique-01.jpg\" \/>\n<meta name=\"twitter:creator\" content=\"@VosgesInfo88\" \/>\n<meta name=\"twitter:site\" content=\"@VosgesInfo88\" \/>\n<meta name=\"twitter:label1\" content=\"\u00c9crit par\" \/>\n\t<meta name=\"twitter:data1\" content=\"la r\u00e9daction\" \/>\n\t<meta name=\"twitter:label2\" content=\"Dur\u00e9e de lecture estim\u00e9e\" \/>\n\t<meta name=\"twitter:data2\" content=\"1 minute\" \/>\n<script type=\"application\/ld+json\" class=\"yoast-schema-graph\">{\"@context\":\"https:\/\/schema.org\",\"@graph\":[{\"@type\":\"Article\",\"@id\":\"https:\/\/vosgesinfo.fr\/saintdieinfo\/2022\/11\/noel-solidaire-gourmand-a-saint-die-vosges-secours-catholique\/#article\",\"isPartOf\":{\"@id\":\"https:\/\/vosgesinfo.fr\/saintdieinfo\/2022\/11\/noel-solidaire-gourmand-a-saint-die-vosges-secours-catholique\/\"},\"author\":{\"name\":\"la r\u00e9daction\",\"@id\":\"https:\/\/vosgesinfo.fr\/saintdieinfo\/#\/schema\/person\/faee6704a21f3977511db84bd1cd450f\"},\"headline\":\"No\u00ebl solidaire et gourmand \u00e0 Saint-Di\u00e9-des-Vosges avec le Secours Catholique\",\"datePublished\":\"2022-11-22T09:51:05+00:00\",\"dateModified\":\"2022-11-22T09:51:05+00:00\",\"mainEntityOfPage\":{\"@id\":\"https:\/\/vosgesinfo.fr\/saintdieinfo\/2022\/11\/noel-solidaire-gourmand-a-saint-die-vosges-secours-catholique\/\"},\"wordCount\":132,\"commentCount\":0,\"publisher\":{\"@id\":\"https:\/\/vosgesinfo.fr\/saintdieinfo\/#organization\"},\"image\":{\"@id\":\"https:\/\/vosgesinfo.fr\/saintdieinfo\/2022\/11\/noel-solidaire-gourmand-a-saint-die-vosges-secours-catholique\/#primaryimage\"},\"thumbnailUrl\":\"https:\/\/vosgesinfo.fr\/app\/uploads\/sites\/4\/2024\/08\/202211noel-solidaire-gourmand-secours-catholique-01.jpg\",\"keywords\":[\"No\u00ebl solidaire et gourmand\",\"Place du G\u00e9n\u00e9ral de Gaulle\",\"secours catholique\"],\"articleSection\":[\"A la Une\",\"Saint-Di\u00e9-des-Vosges et son Agglom\u00e9ration\",\"Solidarit\u00e9\",\"Vie Associative\"],\"inLanguage\":\"fr-FR\",\"potentialAction\":[{\"@type\":\"CommentAction\",\"name\":\"Comment\",\"target\":[\"https:\/\/vosgesinfo.fr\/saintdieinfo\/2022\/11\/noel-solidaire-gourmand-a-saint-die-vosges-secours-catholique\/#respond\"]}]},{\"@type\":\"WebPage\",\"@id\":\"https:\/\/vosgesinfo.fr\/saintdieinfo\/2022\/11\/noel-solidaire-gourmand-a-saint-die-vosges-secours-catholique\/\",\"url\":\"https:\/\/vosgesinfo.fr\/saintdieinfo\/2022\/11\/noel-solidaire-gourmand-a-saint-die-vosges-secours-catholique\/\",\"name\":\"No\u00ebl solidaire et gourmand \u00e0 Saint-Di\u00e9-des-Vosges avec le Secours Catholique - Saint Die Info\",\"isPartOf\":{\"@id\":\"https:\/\/vosgesinfo.fr\/saintdieinfo\/#website\"},\"primaryImageOfPage\":{\"@id\":\"https:\/\/vosgesinfo.fr\/saintdieinfo\/2022\/11\/noel-solidaire-gourmand-a-saint-die-vosges-secours-catholique\/#primaryimage\"},\"image\":{\"@id\":\"https:\/\/vosgesinfo.fr\/saintdieinfo\/2022\/11\/noel-solidaire-gourmand-a-saint-die-vosges-secours-catholique\/#primaryimage\"},\"thumbnailUrl\":\"https:\/\/vosgesinfo.fr\/app\/uploads\/sites\/4\/2024\/08\/202211noel-solidaire-gourmand-secours-catholique-01.jpg\",\"datePublished\":\"2022-11-22T09:51:05+00:00\",\"dateModified\":\"2022-11-22T09:51:05+00:00\",\"breadcrumb\":{\"@id\":\"https:\/\/vosgesinfo.fr\/saintdieinfo\/2022\/11\/noel-solidaire-gourmand-a-saint-die-vosges-secours-catholique\/#breadcrumb\"},\"inLanguage\":\"fr-FR\",\"potentialAction\":[{\"@type\":\"ReadAction\",\"target\":[\"https:\/\/vosgesinfo.fr\/saintdieinfo\/2022\/11\/noel-solidaire-gourmand-a-saint-die-vosges-secours-catholique\/\"]}]},{\"@type\":\"ImageObject\",\"inLanguage\":\"fr-FR\",\"@id\":\"https:\/\/vosgesinfo.fr\/saintdieinfo\/2022\/11\/noel-solidaire-gourmand-a-saint-die-vosges-secours-catholique\/#primaryimage\",\"url\":\"https:\/\/vosgesinfo.fr\/app\/uploads\/sites\/4\/2024\/08\/202211noel-solidaire-gourmand-secours-catholique-01.jpg\",\"contentUrl\":\"https:\/\/vosgesinfo.fr\/app\/uploads\/sites\/4\/2024\/08\/202211noel-solidaire-gourmand-secours-catholique-01.jpg\",\"width\":1447,\"height\":1119},{\"@type\":\"BreadcrumbList\",\"@id\":\"https:\/\/vosgesinfo.fr\/saintdieinfo\/2022\/11\/noel-solidaire-gourmand-a-saint-die-vosges-secours-catholique\/#breadcrumb\",\"itemListElement\":[{\"@type\":\"ListItem\",\"position\":1,\"name\":\"Home\",\"item\":\"https:\/\/vosgesinfo.fr\/saintdieinfo\/\"},{\"@type\":\"ListItem\",\"position\":2,\"name\":\"No\u00ebl solidaire et gourmand \u00e0 Saint-Di\u00e9-des-Vosges avec le Secours Catholique\"}]},{\"@type\":\"WebSite\",\"@id\":\"https:\/\/vosgesinfo.fr\/saintdieinfo\/#website\",\"url\":\"https:\/\/vosgesinfo.fr\/saintdieinfo\/\",\"name\":\"Saint Die Info\",\"description\":\"Toute l&#039;actualit\u00e9 de Saint-Di\u00e9-Des-Vosges\",\"publisher\":{\"@id\":\"https:\/\/vosgesinfo.fr\/saintdieinfo\/#organization\"},\"alternateName\":\"Toute l'actualit\u00e9 de Saint-Di\u00e9-Des-Vosges\",\"potentialAction\":[{\"@type\":\"SearchAction\",\"target\":{\"@type\":\"EntryPoint\",\"urlTemplate\":\"https:\/\/vosgesinfo.fr\/saintdieinfo\/?s={search_term_string}\"},\"query-input\":\"required name=search_term_string\"}],\"inLanguage\":\"fr-FR\"},{\"@type\":\"Organization\",\"@id\":\"https:\/\/vosgesinfo.fr\/saintdieinfo\/#organization\",\"name\":\"Saint Die Info\",\"url\":\"https:\/\/vosgesinfo.fr\/saintdieinfo\/\",\"logo\":{\"@type\":\"ImageObject\",\"inLanguage\":\"fr-FR\",\"@id\":\"https:\/\/vosgesinfo.fr\/saintdieinfo\/#\/schema\/logo\/image\/\",\"url\":\"https:\/\/vosgesinfo.fr\/app\/uploads\/sites\/4\/2024\/02\/logo-sdi.jpg\",\"contentUrl\":\"https:\/\/vosgesinfo.fr\/app\/uploads\/sites\/4\/2024\/02\/logo-sdi.jpg\",\"width\":600,\"height\":600,\"caption\":\"Saint Die Info\"},\"image\":{\"@id\":\"https:\/\/vosgesinfo.fr\/saintdieinfo\/#\/schema\/logo\/image\/\"},\"sameAs\":[\"https:\/\/www.facebook.com\/Saintdieinfofr\",\"https:\/\/x.com\/VosgesInfo88\",\"https:\/\/www.youtube.com\/@vosgesinfo\"]},{\"@type\":\"Person\",\"@id\":\"https:\/\/vosgesinfo.fr\/saintdieinfo\/#\/schema\/person\/faee6704a21f3977511db84bd1cd450f\",\"name\":\"la r\u00e9daction\",\"image\":{\"@type\":\"ImageObject\",\"inLanguage\":\"fr-FR\",\"@id\":\"https:\/\/vosgesinfo.fr\/saintdieinfo\/#\/schema\/person\/image\/\",\"url\":\"https:\/\/secure.gravatar.com\/avatar\/6673d8bc6a9c17fa9a453eaa3448de834fa308c2ec9635b7aa99441a7c8d2cf6?s=96&d=mm&r=g\",\"contentUrl\":\"https:\/\/secure.gravatar.com\/avatar\/6673d8bc6a9c17fa9a453eaa3448de834fa308c2ec9635b7aa99441a7c8d2cf6?s=96&d=mm&r=g\",\"caption\":\"la r\u00e9daction\"},\"url\":\"https:\/\/vosgesinfo.fr\/saintdieinfo\/author\/redac\/\"}]}<\/script>\n<!-- \/ Yoast SEO plugin. -->","yoast_head_json":{"title":"No\u00ebl solidaire et gourmand \u00e0 Saint-Di\u00e9-des-Vosges avec le Secours Catholique - Saint Die Info","robots":{"index":"index","follow":"follow","max-snippet":"max-snippet:-1","max-image-preview":"max-image-preview:large","max-video-preview":"max-video-preview:-1"},"canonical":"https:\/\/vosgesinfo.fr\/saintdieinfo\/2022\/11\/noel-solidaire-gourmand-a-saint-die-vosges-secours-catholique\/","twitter_card":"summary_large_image","twitter_title":"No\u00ebl solidaire et gourmand \u00e0 Saint-Di\u00e9-des-Vosges avec le Secours Catholique - Saint Die Info","twitter_description":"Le Secours Catholique organise un No\u00ebl solidaire et gourmand ouvert \u00e0 tous \u00e0 Saint-Di\u00e9-des-Vosges, ce samedi 11 d\u00e9cembre de 15h [&hellip;]","twitter_image":"https:\/\/vosgesinfo.fr\/app\/uploads\/sites\/4\/2024\/08\/202211noel-solidaire-gourmand-secours-catholique-01.jpg","twitter_creator":"@VosgesInfo88","twitter_site":"@VosgesInfo88","twitter_misc":{"\u00c9crit par":"la r\u00e9daction","Dur\u00e9e de lecture estim\u00e9e":"1 minute"},"schema":{"@context":"https:\/\/schema.org","@graph":[{"@type":"Article","@id":"https:\/\/vosgesinfo.fr\/saintdieinfo\/2022\/11\/noel-solidaire-gourmand-a-saint-die-vosges-secours-catholique\/#article","isPartOf":{"@id":"https:\/\/vosgesinfo.fr\/saintdieinfo\/2022\/11\/noel-solidaire-gourmand-a-saint-die-vosges-secours-catholique\/"},"author":{"name":"la r\u00e9daction","@id":"https:\/\/vosgesinfo.fr\/saintdieinfo\/#\/schema\/person\/faee6704a21f3977511db84bd1cd450f"},"headline":"No\u00ebl solidaire et gourmand \u00e0 Saint-Di\u00e9-des-Vosges avec le Secours Catholique","datePublished":"2022-11-22T09:51:05+00:00","dateModified":"2022-11-22T09:51:05+00:00","mainEntityOfPage":{"@id":"https:\/\/vosgesinfo.fr\/saintdieinfo\/2022\/11\/noel-solidaire-gourmand-a-saint-die-vosges-secours-catholique\/"},"wordCount":132,"commentCount":0,"publisher":{"@id":"https:\/\/vosgesinfo.fr\/saintdieinfo\/#organization"},"image":{"@id":"https:\/\/vosgesinfo.fr\/saintdieinfo\/2022\/11\/noel-solidaire-gourmand-a-saint-die-vosges-secours-catholique\/#primaryimage"},"thumbnailUrl":"https:\/\/vosgesinfo.fr\/app\/uploads\/sites\/4\/2024\/08\/202211noel-solidaire-gourmand-secours-catholique-01.jpg","keywords":["No\u00ebl solidaire et gourmand","Place du G\u00e9n\u00e9ral de Gaulle","secours catholique"],"articleSection":["A la Une","Saint-Di\u00e9-des-Vosges et son Agglom\u00e9ration","Solidarit\u00e9","Vie Associative"],"inLanguage":"fr-FR","potentialAction":[{"@type":"CommentAction","name":"Comment","target":["https:\/\/vosgesinfo.fr\/saintdieinfo\/2022\/11\/noel-solidaire-gourmand-a-saint-die-vosges-secours-catholique\/#respond"]}]},{"@type":"WebPage","@id":"https:\/\/vosgesinfo.fr\/saintdieinfo\/2022\/11\/noel-solidaire-gourmand-a-saint-die-vosges-secours-catholique\/","url":"https:\/\/vosgesinfo.fr\/saintdieinfo\/2022\/11\/noel-solidaire-gourmand-a-saint-die-vosges-secours-catholique\/","name":"No\u00ebl solidaire et gourmand \u00e0 Saint-Di\u00e9-des-Vosges avec le Secours Catholique - Saint Die Info","isPartOf":{"@id":"https:\/\/vosgesinfo.fr\/saintdieinfo\/#website"},"primaryImageOfPage":{"@id":"https:\/\/vosgesinfo.fr\/saintdieinfo\/2022\/11\/noel-solidaire-gourmand-a-saint-die-vosges-secours-catholique\/#primaryimage"},"image":{"@id":"https:\/\/vosgesinfo.fr\/saintdieinfo\/2022\/11\/noel-solidaire-gourmand-a-saint-die-vosges-secours-catholique\/#primaryimage"},"thumbnailUrl":"https:\/\/vosgesinfo.fr\/app\/uploads\/sites\/4\/2024\/08\/202211noel-solidaire-gourmand-secours-catholique-01.jpg","datePublished":"2022-11-22T09:51:05+00:00","dateModified":"2022-11-22T09:51:05+00:00","breadcrumb":{"@id":"https:\/\/vosgesinfo.fr\/saintdieinfo\/2022\/11\/noel-solidaire-gourmand-a-saint-die-vosges-secours-catholique\/#breadcrumb"},"inLanguage":"fr-FR","potentialAction":[{"@type":"ReadAction","target":["https:\/\/vosgesinfo.fr\/saintdieinfo\/2022\/11\/noel-solidaire-gourmand-a-saint-die-vosges-secours-catholique\/"]}]},{"@type":"ImageObject","inLanguage":"fr-FR","@id":"https:\/\/vosgesinfo.fr\/saintdieinfo\/2022\/11\/noel-solidaire-gourmand-a-saint-die-vosges-secours-catholique\/#primaryimage","url":"https:\/\/vosgesinfo.fr\/app\/uploads\/sites\/4\/2024\/08\/202211noel-solidaire-gourmand-secours-catholique-01.jpg","contentUrl":"https:\/\/vosgesinfo.fr\/app\/uploads\/sites\/4\/2024\/08\/202211noel-solidaire-gourmand-secours-catholique-01.jpg","width":1447,"height":1119},{"@type":"BreadcrumbList","@id":"https:\/\/vosgesinfo.fr\/saintdieinfo\/2022\/11\/noel-solidaire-gourmand-a-saint-die-vosges-secours-catholique\/#breadcrumb","itemListElement":[{"@type":"ListItem","position":1,"name":"Home","item":"https:\/\/vosgesinfo.fr\/saintdieinfo\/"},{"@type":"ListItem","position":2,"name":"No\u00ebl solidaire et gourmand \u00e0 Saint-Di\u00e9-des-Vosges avec le Secours Catholique"}]},{"@type":"WebSite","@id":"https:\/\/vosgesinfo.fr\/saintdieinfo\/#website","url":"https:\/\/vosgesinfo.fr\/saintdieinfo\/","name":"Saint Die Info","description":"Toute l&#039;actualit\u00e9 de Saint-Di\u00e9-Des-Vosges","publisher":{"@id":"https:\/\/vosgesinfo.fr\/saintdieinfo\/#organization"},"alternateName":"Toute l'actualit\u00e9 de Saint-Di\u00e9-Des-Vosges","potentialAction":[{"@type":"SearchAction","target":{"@type":"EntryPoint","urlTemplate":"https:\/\/vosgesinfo.fr\/saintdieinfo\/?s={search_term_string}"},"query-input":"required name=search_term_string"}],"inLanguage":"fr-FR"},{"@type":"Organization","@id":"https:\/\/vosgesinfo.fr\/saintdieinfo\/#organization","name":"Saint Die Info","url":"https:\/\/vosgesinfo.fr\/saintdieinfo\/","logo":{"@type":"ImageObject","inLanguage":"fr-FR","@id":"https:\/\/vosgesinfo.fr\/saintdieinfo\/#\/schema\/logo\/image\/","url":"https:\/\/vosgesinfo.fr\/app\/uploads\/sites\/4\/2024\/02\/logo-sdi.jpg","contentUrl":"https:\/\/vosgesinfo.fr\/app\/uploads\/sites\/4\/2024\/02\/logo-sdi.jpg","width":600,"height":600,"caption":"Saint Die Info"},"image":{"@id":"https:\/\/vosgesinfo.fr\/saintdieinfo\/#\/schema\/logo\/image\/"},"sameAs":["https:\/\/www.facebook.com\/Saintdieinfofr","https:\/\/x.com\/VosgesInfo88","https:\/\/www.youtube.com\/@vosgesinfo"]},{"@type":"Person","@id":"https:\/\/vosgesinfo.fr\/saintdieinfo\/#\/schema\/person\/faee6704a21f3977511db84bd1cd450f","name":"la r\u00e9daction","image":{"@type":"ImageObject","inLanguage":"fr-FR","@id":"https:\/\/vosgesinfo.fr\/saintdieinfo\/#\/schema\/person\/image\/","url":"https:\/\/secure.gravatar.com\/avatar\/6673d8bc6a9c17fa9a453eaa3448de834fa308c2ec9635b7aa99441a7c8d2cf6?s=96&d=mm&r=g","contentUrl":"https:\/\/secure.gravatar.com\/avatar\/6673d8bc6a9c17fa9a453eaa3448de834fa308c2ec9635b7aa99441a7c8d2cf6?s=96&d=mm&r=g","caption":"la r\u00e9daction"},"url":"https:\/\/vosgesinfo.fr\/saintdieinfo\/author\/redac\/"}]}},"_links":{"self":[{"href":"https:\/\/vosgesinfo.fr\/saintdieinfo\/wp-json\/wp\/v2\/posts\/59808","targetHints":{"allow":["GET"]}}],"collection":[{"href":"https:\/\/vosgesinfo.fr\/saintdieinfo\/wp-json\/wp\/v2\/posts"}],"about":[{"href":"https:\/\/vosgesinfo.fr\/saintdieinfo\/wp-json\/wp\/v2\/types\/post"}],"author":[{"embeddable":true,"href":"https:\/\/vosgesinfo.fr\/saintdieinfo\/wp-json\/wp\/v2\/users\/44"}],"replies":[{"embeddable":true,"href":"https:\/\/vosgesinfo.fr\/saintdieinfo\/wp-json\/wp\/v2\/comments?post=59808"}],"version-history":[{"count":0,"href":"https:\/\/vosgesinfo.fr\/saintdieinfo\/wp-json\/wp\/v2\/posts\/59808\/revisions"}],"wp:featuredmedia":[{"embeddable":true,"href":"https:\/\/vosgesinfo.fr\/saintdieinfo\/wp-json\/wp\/v2\/media\/59809"}],"wp:attachment":[{"href":"https:\/\/vosgesinfo.fr\/saintdieinfo\/wp-json\/wp\/v2\/media?parent=59808"}],"wp:term":[{"taxonomy":"category","embeddable":true,"href":"https:\/\/vosgesinfo.fr\/saintdieinfo\/wp-json\/wp\/v2\/categories?post=59808"},{"taxonomy":"post_tag","embeddable":true,"href":"https:\/\/vosgesinfo.fr\/saintdieinfo\/wp-json\/wp\/v2\/tags?post=59808"}],"curies":[{"name":"wp","href":"https:\/\/api.w.org\/{rel}","templated":true}]}}