{"id":59810,"date":"2022-11-22T11:08:02","date_gmt":"2022-11-22T10:08:02","guid":{"rendered":"https:\/\/vosgesinfo.fr\/saintdieinfo\/2022\/11\/bertrimoutier-labbe-schneider-sanctionne-apres-propos-lavortement\/"},"modified":"2022-11-22T11:08:02","modified_gmt":"2022-11-22T10:08:02","slug":"bertrimoutier-labbe-schneider-sanctionne-apres-propos-lavortement","status":"publish","type":"post","link":"https:\/\/vosgesinfo.fr\/saintdieinfo\/2022\/11\/bertrimoutier-labbe-schneider-sanctionne-apres-propos-lavortement\/","title":{"rendered":"Bertrimoutier \u2013 L&rsquo;abb\u00e9 Schneider sanctionn\u00e9 apr\u00e8s ses propos sur l&rsquo;avortement"},"content":{"rendered":"<div id=\"attachment_192743\" style=\"width: 970px\" class=\"wp-caption aligncenter\"><a href=\"\/2022\/11\/Bertrimoutier_Eglise.jpg\" target=\"_blank\" rel=\"noopener\"><img decoding=\"async\" aria-describedby=\"caption-attachment-192743\" class=\"wp-image-192743 size-large\" src=\"\/2022\/11\/Bertrimoutier_Eglise-1024x768.jpg\" alt=\"Bertrimoutier_Eglise\" width=\"960\" height=\"720\" \/><\/a><p id=\"caption-attachment-192743\" class=\"wp-caption-text\">L\u2019\u00e9glise de Bertrimoutier, o\u00f9 l\u2019abb\u00e9 Schneider a \u00e9t\u00e9 prononc\u00e9 son sermon le 11 novembre dernier. (Photographie Wikipedia.org)<\/p><\/div>\n<h2><strong><span style=\"font-size: 14pt;\">Les propos tenus par l&rsquo;abb\u00e9 Fran\u00e7ois Schneider lors de la messe du vendredi 11 novembre dernier ont suscit\u00e9 une vaste indignation. Ce dernier avait affirm\u00e9 que \u00ab\u00a0l&rsquo;avortement a fait plus de morts dans le monde que la Grande Guerre\u00a0\u00bb. (<a href=\"https:\/\/saintdieinfo.fr\/2022\/11\/bertrimoutier-lavortement-compare-aux-morts-de-grande-guerre-lors-dun-sermon-a-leglise\/\" target=\"_blank\" rel=\"noopener\">lire notre article<\/a>).<\/span><\/strong><\/h2>\n<p><!--more--><\/p>\n<p>Suite \u00e0 la pol\u00e9mique engendr\u00e9e par ces propos, le dioc\u00e8se de Saint-Di\u00e9 s&rsquo;est exprim\u00e9 \u00e0 travers un communiqu\u00e9, condamnant \u00ab\u00a0l&rsquo;instrumentalisation de la comm\u00e9moration des morts de la Premi\u00e8re Guerre mondiale au profit d&rsquo;autres sujets d&rsquo;ordre \u00e9thique et politique. Le 11 novembre est pour tous une journ\u00e9e de souvenir, et pour nous chr\u00e9tiens une occasion de pri\u00e8re pour les morts des guerres et pour la paix dans le monde.\u00a0\u00bb<\/p>\n<p>Compte tenu de son ant\u00e9c\u00e9dent de novembre 2015 (NDLR\u00a0: il avait d\u00e9clar\u00e9, quelques jours apr\u00e8s les attentats du 13 novembre, que la repr\u00e9sentation musicale du Bataclan \u00e9tait inspir\u00e9e de satan), le dioc\u00e8se a sanctionn\u00e9 l&rsquo;abb\u00e9 Schneider. L&rsquo;homme d&rsquo;\u00e9glise doit s&rsquo;abstenir de toute parole publique dans les c\u00e9l\u00e9brations auxquelles il participera. Et ce pendant 4 semaines.<\/p>\n<p>J.J.<\/p>\n","protected":false},"excerpt":{"rendered":"<p>Les propos tenus par l&rsquo;abb\u00e9 Fran\u00e7ois Schneider lors de la messe du vendredi 11 novembre dernier ont suscit\u00e9 une vaste [&hellip;]<\/p>\n","protected":false},"author":44,"featured_media":59811,"comment_status":"open","ping_status":"open","sticky":false,"template":"","format":"standard","meta":{"footnotes":""},"categories":[460,2924,2915],"tags":[13047,13180,7131,2140],"class_list":["post-59810","post","type-post","status-publish","format-standard","has-post-thumbnail","hentry","category-a-la-une","category-fait-divers","category-saint-die-son-canton","tag-11-novembre-2022","tag-abbe-francois-schneider","tag-bertrimoutier","tag-diocese-de-saint-die"],"acf":[],"yoast_head":"<!-- This site is optimized with the Yoast SEO plugin v22.5 - https:\/\/yoast.com\/wordpress\/plugins\/seo\/ -->\n<title>Bertrimoutier \u2013 L&#039;abb\u00e9 Schneider sanctionn\u00e9 apr\u00e8s ses propos sur l&#039;avortement - Saint Die Info<\/title>\n<meta name=\"robots\" content=\"index, follow, max-snippet:-1, max-image-preview:large, max-video-preview:-1\" \/>\n<link rel=\"canonical\" href=\"https:\/\/vosgesinfo.fr\/saintdieinfo\/2022\/11\/bertrimoutier-labbe-schneider-sanctionne-apres-propos-lavortement\/\" \/>\n<meta name=\"twitter:card\" content=\"summary_large_image\" \/>\n<meta name=\"twitter:title\" content=\"Bertrimoutier \u2013 L&#039;abb\u00e9 Schneider sanctionn\u00e9 apr\u00e8s ses propos sur l&#039;avortement - Saint Die Info\" \/>\n<meta name=\"twitter:description\" content=\"Les propos tenus par l&rsquo;abb\u00e9 Fran\u00e7ois Schneider lors de la messe du vendredi 11 novembre dernier ont suscit\u00e9 une vaste [&hellip;]\" \/>\n<meta name=\"twitter:image\" content=\"https:\/\/vosgesinfo.fr\/app\/uploads\/sites\/4\/2024\/08\/202211bertrimoutier-eglise-1.jpg\" \/>\n<meta name=\"twitter:creator\" content=\"@VosgesInfo88\" \/>\n<meta name=\"twitter:site\" content=\"@VosgesInfo88\" \/>\n<meta name=\"twitter:label1\" content=\"\u00c9crit par\" \/>\n\t<meta name=\"twitter:data1\" content=\"la r\u00e9daction\" \/>\n\t<meta name=\"twitter:label2\" content=\"Dur\u00e9e de lecture estim\u00e9e\" \/>\n\t<meta name=\"twitter:data2\" content=\"1 minute\" \/>\n<script type=\"application\/ld+json\" class=\"yoast-schema-graph\">{\"@context\":\"https:\/\/schema.org\",\"@graph\":[{\"@type\":\"Article\",\"@id\":\"https:\/\/vosgesinfo.fr\/saintdieinfo\/2022\/11\/bertrimoutier-labbe-schneider-sanctionne-apres-propos-lavortement\/#article\",\"isPartOf\":{\"@id\":\"https:\/\/vosgesinfo.fr\/saintdieinfo\/2022\/11\/bertrimoutier-labbe-schneider-sanctionne-apres-propos-lavortement\/\"},\"author\":{\"name\":\"la r\u00e9daction\",\"@id\":\"https:\/\/vosgesinfo.fr\/saintdieinfo\/#\/schema\/person\/faee6704a21f3977511db84bd1cd450f\"},\"headline\":\"Bertrimoutier \u2013 L&rsquo;abb\u00e9 Schneider sanctionn\u00e9 apr\u00e8s ses propos sur l&rsquo;avortement\",\"datePublished\":\"2022-11-22T10:08:02+00:00\",\"dateModified\":\"2022-11-22T10:08:02+00:00\",\"mainEntityOfPage\":{\"@id\":\"https:\/\/vosgesinfo.fr\/saintdieinfo\/2022\/11\/bertrimoutier-labbe-schneider-sanctionne-apres-propos-lavortement\/\"},\"wordCount\":226,\"commentCount\":0,\"publisher\":{\"@id\":\"https:\/\/vosgesinfo.fr\/saintdieinfo\/#organization\"},\"image\":{\"@id\":\"https:\/\/vosgesinfo.fr\/saintdieinfo\/2022\/11\/bertrimoutier-labbe-schneider-sanctionne-apres-propos-lavortement\/#primaryimage\"},\"thumbnailUrl\":\"https:\/\/vosgesinfo.fr\/app\/uploads\/sites\/4\/2024\/08\/202211bertrimoutier-eglise-1.jpg\",\"keywords\":[\"11 novembre 2022\",\"Abb\u00e9 Fran\u00e7ois Schneider\",\"Bertrimoutier\",\"Dioc\u00e8se de Saint Di\u00e9\"],\"articleSection\":[\"A la Une\",\"Fait Divers\",\"Saint-Di\u00e9-des-Vosges et son Agglom\u00e9ration\"],\"inLanguage\":\"fr-FR\",\"potentialAction\":[{\"@type\":\"CommentAction\",\"name\":\"Comment\",\"target\":[\"https:\/\/vosgesinfo.fr\/saintdieinfo\/2022\/11\/bertrimoutier-labbe-schneider-sanctionne-apres-propos-lavortement\/#respond\"]}]},{\"@type\":\"WebPage\",\"@id\":\"https:\/\/vosgesinfo.fr\/saintdieinfo\/2022\/11\/bertrimoutier-labbe-schneider-sanctionne-apres-propos-lavortement\/\",\"url\":\"https:\/\/vosgesinfo.fr\/saintdieinfo\/2022\/11\/bertrimoutier-labbe-schneider-sanctionne-apres-propos-lavortement\/\",\"name\":\"Bertrimoutier \u2013 L'abb\u00e9 Schneider sanctionn\u00e9 apr\u00e8s ses propos sur l'avortement - Saint Die Info\",\"isPartOf\":{\"@id\":\"https:\/\/vosgesinfo.fr\/saintdieinfo\/#website\"},\"primaryImageOfPage\":{\"@id\":\"https:\/\/vosgesinfo.fr\/saintdieinfo\/2022\/11\/bertrimoutier-labbe-schneider-sanctionne-apres-propos-lavortement\/#primaryimage\"},\"image\":{\"@id\":\"https:\/\/vosgesinfo.fr\/saintdieinfo\/2022\/11\/bertrimoutier-labbe-schneider-sanctionne-apres-propos-lavortement\/#primaryimage\"},\"thumbnailUrl\":\"https:\/\/vosgesinfo.fr\/app\/uploads\/sites\/4\/2024\/08\/202211bertrimoutier-eglise-1.jpg\",\"datePublished\":\"2022-11-22T10:08:02+00:00\",\"dateModified\":\"2022-11-22T10:08:02+00:00\",\"breadcrumb\":{\"@id\":\"https:\/\/vosgesinfo.fr\/saintdieinfo\/2022\/11\/bertrimoutier-labbe-schneider-sanctionne-apres-propos-lavortement\/#breadcrumb\"},\"inLanguage\":\"fr-FR\",\"potentialAction\":[{\"@type\":\"ReadAction\",\"target\":[\"https:\/\/vosgesinfo.fr\/saintdieinfo\/2022\/11\/bertrimoutier-labbe-schneider-sanctionne-apres-propos-lavortement\/\"]}]},{\"@type\":\"ImageObject\",\"inLanguage\":\"fr-FR\",\"@id\":\"https:\/\/vosgesinfo.fr\/saintdieinfo\/2022\/11\/bertrimoutier-labbe-schneider-sanctionne-apres-propos-lavortement\/#primaryimage\",\"url\":\"https:\/\/vosgesinfo.fr\/app\/uploads\/sites\/4\/2024\/08\/202211bertrimoutier-eglise-1.jpg\",\"contentUrl\":\"https:\/\/vosgesinfo.fr\/app\/uploads\/sites\/4\/2024\/08\/202211bertrimoutier-eglise-1.jpg\",\"width\":1024,\"height\":768},{\"@type\":\"BreadcrumbList\",\"@id\":\"https:\/\/vosgesinfo.fr\/saintdieinfo\/2022\/11\/bertrimoutier-labbe-schneider-sanctionne-apres-propos-lavortement\/#breadcrumb\",\"itemListElement\":[{\"@type\":\"ListItem\",\"position\":1,\"name\":\"Home\",\"item\":\"https:\/\/vosgesinfo.fr\/saintdieinfo\/\"},{\"@type\":\"ListItem\",\"position\":2,\"name\":\"Bertrimoutier \u2013 L&rsquo;abb\u00e9 Schneider sanctionn\u00e9 apr\u00e8s ses propos sur l&rsquo;avortement\"}]},{\"@type\":\"WebSite\",\"@id\":\"https:\/\/vosgesinfo.fr\/saintdieinfo\/#website\",\"url\":\"https:\/\/vosgesinfo.fr\/saintdieinfo\/\",\"name\":\"Saint Die Info\",\"description\":\"Toute l&#039;actualit\u00e9 de Saint-Di\u00e9-Des-Vosges\",\"publisher\":{\"@id\":\"https:\/\/vosgesinfo.fr\/saintdieinfo\/#organization\"},\"alternateName\":\"Toute l'actualit\u00e9 de Saint-Di\u00e9-Des-Vosges\",\"potentialAction\":[{\"@type\":\"SearchAction\",\"target\":{\"@type\":\"EntryPoint\",\"urlTemplate\":\"https:\/\/vosgesinfo.fr\/saintdieinfo\/?s={search_term_string}\"},\"query-input\":\"required name=search_term_string\"}],\"inLanguage\":\"fr-FR\"},{\"@type\":\"Organization\",\"@id\":\"https:\/\/vosgesinfo.fr\/saintdieinfo\/#organization\",\"name\":\"Saint Die Info\",\"url\":\"https:\/\/vosgesinfo.fr\/saintdieinfo\/\",\"logo\":{\"@type\":\"ImageObject\",\"inLanguage\":\"fr-FR\",\"@id\":\"https:\/\/vosgesinfo.fr\/saintdieinfo\/#\/schema\/logo\/image\/\",\"url\":\"https:\/\/vosgesinfo.fr\/app\/uploads\/sites\/4\/2024\/02\/logo-sdi.jpg\",\"contentUrl\":\"https:\/\/vosgesinfo.fr\/app\/uploads\/sites\/4\/2024\/02\/logo-sdi.jpg\",\"width\":600,\"height\":600,\"caption\":\"Saint Die Info\"},\"image\":{\"@id\":\"https:\/\/vosgesinfo.fr\/saintdieinfo\/#\/schema\/logo\/image\/\"},\"sameAs\":[\"https:\/\/www.facebook.com\/Saintdieinfofr\",\"https:\/\/x.com\/VosgesInfo88\",\"https:\/\/www.youtube.com\/@vosgesinfo\"]},{\"@type\":\"Person\",\"@id\":\"https:\/\/vosgesinfo.fr\/saintdieinfo\/#\/schema\/person\/faee6704a21f3977511db84bd1cd450f\",\"name\":\"la r\u00e9daction\",\"image\":{\"@type\":\"ImageObject\",\"inLanguage\":\"fr-FR\",\"@id\":\"https:\/\/vosgesinfo.fr\/saintdieinfo\/#\/schema\/person\/image\/\",\"url\":\"https:\/\/secure.gravatar.com\/avatar\/6673d8bc6a9c17fa9a453eaa3448de834fa308c2ec9635b7aa99441a7c8d2cf6?s=96&d=mm&r=g\",\"contentUrl\":\"https:\/\/secure.gravatar.com\/avatar\/6673d8bc6a9c17fa9a453eaa3448de834fa308c2ec9635b7aa99441a7c8d2cf6?s=96&d=mm&r=g\",\"caption\":\"la r\u00e9daction\"},\"url\":\"https:\/\/vosgesinfo.fr\/saintdieinfo\/author\/redac\/\"}]}<\/script>\n<!-- \/ Yoast SEO plugin. -->","yoast_head_json":{"title":"Bertrimoutier \u2013 L'abb\u00e9 Schneider sanctionn\u00e9 apr\u00e8s ses propos sur l'avortement - Saint Die Info","robots":{"index":"index","follow":"follow","max-snippet":"max-snippet:-1","max-image-preview":"max-image-preview:large","max-video-preview":"max-video-preview:-1"},"canonical":"https:\/\/vosgesinfo.fr\/saintdieinfo\/2022\/11\/bertrimoutier-labbe-schneider-sanctionne-apres-propos-lavortement\/","twitter_card":"summary_large_image","twitter_title":"Bertrimoutier \u2013 L'abb\u00e9 Schneider sanctionn\u00e9 apr\u00e8s ses propos sur l'avortement - Saint Die Info","twitter_description":"Les propos tenus par l&rsquo;abb\u00e9 Fran\u00e7ois Schneider lors de la messe du vendredi 11 novembre dernier ont suscit\u00e9 une vaste [&hellip;]","twitter_image":"https:\/\/vosgesinfo.fr\/app\/uploads\/sites\/4\/2024\/08\/202211bertrimoutier-eglise-1.jpg","twitter_creator":"@VosgesInfo88","twitter_site":"@VosgesInfo88","twitter_misc":{"\u00c9crit par":"la r\u00e9daction","Dur\u00e9e de lecture estim\u00e9e":"1 minute"},"schema":{"@context":"https:\/\/schema.org","@graph":[{"@type":"Article","@id":"https:\/\/vosgesinfo.fr\/saintdieinfo\/2022\/11\/bertrimoutier-labbe-schneider-sanctionne-apres-propos-lavortement\/#article","isPartOf":{"@id":"https:\/\/vosgesinfo.fr\/saintdieinfo\/2022\/11\/bertrimoutier-labbe-schneider-sanctionne-apres-propos-lavortement\/"},"author":{"name":"la r\u00e9daction","@id":"https:\/\/vosgesinfo.fr\/saintdieinfo\/#\/schema\/person\/faee6704a21f3977511db84bd1cd450f"},"headline":"Bertrimoutier \u2013 L&rsquo;abb\u00e9 Schneider sanctionn\u00e9 apr\u00e8s ses propos sur l&rsquo;avortement","datePublished":"2022-11-22T10:08:02+00:00","dateModified":"2022-11-22T10:08:02+00:00","mainEntityOfPage":{"@id":"https:\/\/vosgesinfo.fr\/saintdieinfo\/2022\/11\/bertrimoutier-labbe-schneider-sanctionne-apres-propos-lavortement\/"},"wordCount":226,"commentCount":0,"publisher":{"@id":"https:\/\/vosgesinfo.fr\/saintdieinfo\/#organization"},"image":{"@id":"https:\/\/vosgesinfo.fr\/saintdieinfo\/2022\/11\/bertrimoutier-labbe-schneider-sanctionne-apres-propos-lavortement\/#primaryimage"},"thumbnailUrl":"https:\/\/vosgesinfo.fr\/app\/uploads\/sites\/4\/2024\/08\/202211bertrimoutier-eglise-1.jpg","keywords":["11 novembre 2022","Abb\u00e9 Fran\u00e7ois Schneider","Bertrimoutier","Dioc\u00e8se de Saint Di\u00e9"],"articleSection":["A la Une","Fait Divers","Saint-Di\u00e9-des-Vosges et son Agglom\u00e9ration"],"inLanguage":"fr-FR","potentialAction":[{"@type":"CommentAction","name":"Comment","target":["https:\/\/vosgesinfo.fr\/saintdieinfo\/2022\/11\/bertrimoutier-labbe-schneider-sanctionne-apres-propos-lavortement\/#respond"]}]},{"@type":"WebPage","@id":"https:\/\/vosgesinfo.fr\/saintdieinfo\/2022\/11\/bertrimoutier-labbe-schneider-sanctionne-apres-propos-lavortement\/","url":"https:\/\/vosgesinfo.fr\/saintdieinfo\/2022\/11\/bertrimoutier-labbe-schneider-sanctionne-apres-propos-lavortement\/","name":"Bertrimoutier \u2013 L'abb\u00e9 Schneider sanctionn\u00e9 apr\u00e8s ses propos sur l'avortement - Saint Die Info","isPartOf":{"@id":"https:\/\/vosgesinfo.fr\/saintdieinfo\/#website"},"primaryImageOfPage":{"@id":"https:\/\/vosgesinfo.fr\/saintdieinfo\/2022\/11\/bertrimoutier-labbe-schneider-sanctionne-apres-propos-lavortement\/#primaryimage"},"image":{"@id":"https:\/\/vosgesinfo.fr\/saintdieinfo\/2022\/11\/bertrimoutier-labbe-schneider-sanctionne-apres-propos-lavortement\/#primaryimage"},"thumbnailUrl":"https:\/\/vosgesinfo.fr\/app\/uploads\/sites\/4\/2024\/08\/202211bertrimoutier-eglise-1.jpg","datePublished":"2022-11-22T10:08:02+00:00","dateModified":"2022-11-22T10:08:02+00:00","breadcrumb":{"@id":"https:\/\/vosgesinfo.fr\/saintdieinfo\/2022\/11\/bertrimoutier-labbe-schneider-sanctionne-apres-propos-lavortement\/#breadcrumb"},"inLanguage":"fr-FR","potentialAction":[{"@type":"ReadAction","target":["https:\/\/vosgesinfo.fr\/saintdieinfo\/2022\/11\/bertrimoutier-labbe-schneider-sanctionne-apres-propos-lavortement\/"]}]},{"@type":"ImageObject","inLanguage":"fr-FR","@id":"https:\/\/vosgesinfo.fr\/saintdieinfo\/2022\/11\/bertrimoutier-labbe-schneider-sanctionne-apres-propos-lavortement\/#primaryimage","url":"https:\/\/vosgesinfo.fr\/app\/uploads\/sites\/4\/2024\/08\/202211bertrimoutier-eglise-1.jpg","contentUrl":"https:\/\/vosgesinfo.fr\/app\/uploads\/sites\/4\/2024\/08\/202211bertrimoutier-eglise-1.jpg","width":1024,"height":768},{"@type":"BreadcrumbList","@id":"https:\/\/vosgesinfo.fr\/saintdieinfo\/2022\/11\/bertrimoutier-labbe-schneider-sanctionne-apres-propos-lavortement\/#breadcrumb","itemListElement":[{"@type":"ListItem","position":1,"name":"Home","item":"https:\/\/vosgesinfo.fr\/saintdieinfo\/"},{"@type":"ListItem","position":2,"name":"Bertrimoutier \u2013 L&rsquo;abb\u00e9 Schneider sanctionn\u00e9 apr\u00e8s ses propos sur l&rsquo;avortement"}]},{"@type":"WebSite","@id":"https:\/\/vosgesinfo.fr\/saintdieinfo\/#website","url":"https:\/\/vosgesinfo.fr\/saintdieinfo\/","name":"Saint Die Info","description":"Toute l&#039;actualit\u00e9 de Saint-Di\u00e9-Des-Vosges","publisher":{"@id":"https:\/\/vosgesinfo.fr\/saintdieinfo\/#organization"},"alternateName":"Toute l'actualit\u00e9 de Saint-Di\u00e9-Des-Vosges","potentialAction":[{"@type":"SearchAction","target":{"@type":"EntryPoint","urlTemplate":"https:\/\/vosgesinfo.fr\/saintdieinfo\/?s={search_term_string}"},"query-input":"required name=search_term_string"}],"inLanguage":"fr-FR"},{"@type":"Organization","@id":"https:\/\/vosgesinfo.fr\/saintdieinfo\/#organization","name":"Saint Die Info","url":"https:\/\/vosgesinfo.fr\/saintdieinfo\/","logo":{"@type":"ImageObject","inLanguage":"fr-FR","@id":"https:\/\/vosgesinfo.fr\/saintdieinfo\/#\/schema\/logo\/image\/","url":"https:\/\/vosgesinfo.fr\/app\/uploads\/sites\/4\/2024\/02\/logo-sdi.jpg","contentUrl":"https:\/\/vosgesinfo.fr\/app\/uploads\/sites\/4\/2024\/02\/logo-sdi.jpg","width":600,"height":600,"caption":"Saint Die Info"},"image":{"@id":"https:\/\/vosgesinfo.fr\/saintdieinfo\/#\/schema\/logo\/image\/"},"sameAs":["https:\/\/www.facebook.com\/Saintdieinfofr","https:\/\/x.com\/VosgesInfo88","https:\/\/www.youtube.com\/@vosgesinfo"]},{"@type":"Person","@id":"https:\/\/vosgesinfo.fr\/saintdieinfo\/#\/schema\/person\/faee6704a21f3977511db84bd1cd450f","name":"la r\u00e9daction","image":{"@type":"ImageObject","inLanguage":"fr-FR","@id":"https:\/\/vosgesinfo.fr\/saintdieinfo\/#\/schema\/person\/image\/","url":"https:\/\/secure.gravatar.com\/avatar\/6673d8bc6a9c17fa9a453eaa3448de834fa308c2ec9635b7aa99441a7c8d2cf6?s=96&d=mm&r=g","contentUrl":"https:\/\/secure.gravatar.com\/avatar\/6673d8bc6a9c17fa9a453eaa3448de834fa308c2ec9635b7aa99441a7c8d2cf6?s=96&d=mm&r=g","caption":"la r\u00e9daction"},"url":"https:\/\/vosgesinfo.fr\/saintdieinfo\/author\/redac\/"}]}},"_links":{"self":[{"href":"https:\/\/vosgesinfo.fr\/saintdieinfo\/wp-json\/wp\/v2\/posts\/59810","targetHints":{"allow":["GET"]}}],"collection":[{"href":"https:\/\/vosgesinfo.fr\/saintdieinfo\/wp-json\/wp\/v2\/posts"}],"about":[{"href":"https:\/\/vosgesinfo.fr\/saintdieinfo\/wp-json\/wp\/v2\/types\/post"}],"author":[{"embeddable":true,"href":"https:\/\/vosgesinfo.fr\/saintdieinfo\/wp-json\/wp\/v2\/users\/44"}],"replies":[{"embeddable":true,"href":"https:\/\/vosgesinfo.fr\/saintdieinfo\/wp-json\/wp\/v2\/comments?post=59810"}],"version-history":[{"count":0,"href":"https:\/\/vosgesinfo.fr\/saintdieinfo\/wp-json\/wp\/v2\/posts\/59810\/revisions"}],"wp:featuredmedia":[{"embeddable":true,"href":"https:\/\/vosgesinfo.fr\/saintdieinfo\/wp-json\/wp\/v2\/media\/59811"}],"wp:attachment":[{"href":"https:\/\/vosgesinfo.fr\/saintdieinfo\/wp-json\/wp\/v2\/media?parent=59810"}],"wp:term":[{"taxonomy":"category","embeddable":true,"href":"https:\/\/vosgesinfo.fr\/saintdieinfo\/wp-json\/wp\/v2\/categories?post=59810"},{"taxonomy":"post_tag","embeddable":true,"href":"https:\/\/vosgesinfo.fr\/saintdieinfo\/wp-json\/wp\/v2\/tags?post=59810"}],"curies":[{"name":"wp","href":"https:\/\/api.w.org\/{rel}","templated":true}]}}