{"id":59820,"date":"2022-11-22T15:15:25","date_gmt":"2022-11-22T14:15:25","guid":{"rendered":"https:\/\/vosgesinfo.fr\/saintdieinfo\/2022\/11\/semaine-enfants-a-saint-die-vosges-demandez-programme\/"},"modified":"2022-11-22T15:15:25","modified_gmt":"2022-11-22T14:15:25","slug":"semaine-enfants-a-saint-die-vosges-demandez-programme","status":"publish","type":"post","link":"https:\/\/vosgesinfo.fr\/saintdieinfo\/2022\/11\/semaine-enfants-a-saint-die-vosges-demandez-programme\/","title":{"rendered":"Semaine des enfants \u00e0 Saint-Di\u00e9-des-Vosges : demandez le programme !"},"content":{"rendered":"<div id=\"attachment_192993\" style=\"width: 970px\" class=\"wp-caption aligncenter\"><a href=\"\/2022\/11\/Pr\u00e9sentation_March\u00e9_de_No\u00ebl_SDDV-2.jpg\" target=\"_blank\" rel=\"noopener\"><img decoding=\"async\" aria-describedby=\"caption-attachment-192993\" class=\"wp-image-192993 size-large\" src=\"\/2022\/11\/Pr\u00e9sentation_March\u00e9_de_No\u00ebl_SDDV-2-1024x771.jpg\" alt=\"Pr\u00e9sentation_March\u00e9_de_No\u00ebl_SDDV (2)\" width=\"960\" height=\"723\" \/><\/a><p id=\"caption-attachment-192993\" class=\"wp-caption-text\">Les adjoints Dominique Chobaut et Mustafa Guglu ont pr\u00e9sent\u00e9 les festivit\u00e9s de fin d&rsquo;ann\u00e9e ce lundi matin.<\/p><\/div>\n<h2><strong><span style=\"font-size: 14pt;\">En parall\u00e8le du march\u00e9 de No\u00ebl, la Municipalit\u00e9 de Saint-Di\u00e9-des-Vosges avait d\u00e9cid\u00e9 d&rsquo;organiser une semaine des enfants. Cette semaine riche en animations \u2013 gratuites \u2013 sera de retour cette ann\u00e9e. Plus exactement du samedi 17 au vendredi 23 d\u00e9cembre.<\/span><\/strong><\/h2>\n<p><!--more--><\/p>\n<p>La diff\u00e9rence avec les ann\u00e9es pr\u00e9c\u00e9dentes est que les ateliers se d\u00e9rouleront non pas \u00e0 la Tour de la Libert\u00e9, o\u00f9 des travaux sont actuellement en cours, mais \u00e0 l&rsquo;Espace Fran\u00e7ois-Mitterrand. Au programme\u00a0: ateliers \u00ab\u00a0Cr\u00e9\u00e9 ton sapin No\u00ebl\u00a0\u00bb avec Sabrina Jacquot\u00a0,\u00ab\u00a0Cr\u00e9e ta bo\u00eete P\u00e8re No\u00ebl\u00a0\u00bb et \u00ab\u00a0Cr\u00e9e ton lutin\u00a0\u00bb par \u00ab\u00a0Si fa si la offrir\u00a0\u00bb, \u00ab\u00a0D\u00e9core ton pain d&rsquo;\u00e9pices\u00a0\u00bb par les Douceurs d&rsquo;Elise, et \u00ab\u00a0Peins ton sujet de No\u00ebl en c\u00e9ramique\u00a0\u00bb\u00a0; spectacle \u00ab\u00a0F\u00e9es du Logis\u00a0\u00bb par Minouch\u00a0; concerts des BeGoodie&rsquo;s et de Jean-Michel Rey\u00a0; contes de fin d&rsquo;ann\u00e9e par Chantal Kahl&#8230; le programme d\u00e9taill\u00e9 de la semaine d\u00e9odatienne des enfants est \u00e0 retrouver ci-dessous\u00a0:<\/p>\n<p><a href=\"\/2022\/11\/Programme_Semaine_des_Enfants_SDDV.jpg\" target=\"_blank\" rel=\"noopener\"><img decoding=\"async\" class=\"aligncenter wp-image-193051 size-large\" src=\"\/2022\/11\/Programme_Semaine_des_Enfants_SDDV-719x1024.jpg\" alt=\"Programme_Semaine_des_Enfants_SDDV\" width=\"719\" height=\"1024\" \/><\/a><\/p>\n<p>J.J.<\/p>\n","protected":false},"excerpt":{"rendered":"<p>En parall\u00e8le du march\u00e9 de No\u00ebl, la Municipalit\u00e9 de Saint-Di\u00e9-des-Vosges avait d\u00e9cid\u00e9 d&rsquo;organiser une semaine des enfants. Cette semaine riche [&hellip;]<\/p>\n","protected":false},"author":44,"featured_media":59821,"comment_status":"open","ping_status":"open","sticky":false,"template":"","format":"standard","meta":{"footnotes":""},"categories":[460,3532,20,2915],"tags":[13184,13185],"class_list":["post-59820","post","type-post","status-publish","format-standard","has-post-thumbnail","hentry","category-a-la-une","category-enfants","category-loisirs","category-saint-die-son-canton","tag-festivites-de-fin-dannee-a-saint-die-des-vosges","tag-semaine-des-enfants-a-saint-die-des-vosges"],"acf":[],"yoast_head":"<!-- This site is optimized with the Yoast SEO plugin v22.5 - https:\/\/yoast.com\/wordpress\/plugins\/seo\/ -->\n<title>Semaine des enfants \u00e0 Saint-Di\u00e9-des-Vosges : demandez le programme ! - Saint Die Info<\/title>\n<meta name=\"robots\" content=\"index, follow, max-snippet:-1, max-image-preview:large, max-video-preview:-1\" \/>\n<link rel=\"canonical\" href=\"https:\/\/vosgesinfo.fr\/saintdieinfo\/2022\/11\/semaine-enfants-a-saint-die-vosges-demandez-programme\/\" \/>\n<meta name=\"twitter:card\" content=\"summary_large_image\" \/>\n<meta name=\"twitter:title\" content=\"Semaine des enfants \u00e0 Saint-Di\u00e9-des-Vosges : demandez le programme ! - Saint Die Info\" \/>\n<meta name=\"twitter:description\" content=\"En parall\u00e8le du march\u00e9 de No\u00ebl, la Municipalit\u00e9 de Saint-Di\u00e9-des-Vosges avait d\u00e9cid\u00e9 d&rsquo;organiser une semaine des enfants. Cette semaine riche [&hellip;]\" \/>\n<meta name=\"twitter:image\" content=\"https:\/\/vosgesinfo.fr\/app\/uploads\/sites\/4\/2024\/08\/202211presentation-marche-de-noel-sddv-2-2.jpg\" \/>\n<meta name=\"twitter:creator\" content=\"@VosgesInfo88\" \/>\n<meta name=\"twitter:site\" content=\"@VosgesInfo88\" \/>\n<meta name=\"twitter:label1\" content=\"\u00c9crit par\" \/>\n\t<meta name=\"twitter:data1\" content=\"la r\u00e9daction\" \/>\n\t<meta name=\"twitter:label2\" content=\"Dur\u00e9e de lecture estim\u00e9e\" \/>\n\t<meta name=\"twitter:data2\" content=\"1 minute\" \/>\n<script type=\"application\/ld+json\" class=\"yoast-schema-graph\">{\"@context\":\"https:\/\/schema.org\",\"@graph\":[{\"@type\":\"Article\",\"@id\":\"https:\/\/vosgesinfo.fr\/saintdieinfo\/2022\/11\/semaine-enfants-a-saint-die-vosges-demandez-programme\/#article\",\"isPartOf\":{\"@id\":\"https:\/\/vosgesinfo.fr\/saintdieinfo\/2022\/11\/semaine-enfants-a-saint-die-vosges-demandez-programme\/\"},\"author\":{\"name\":\"la r\u00e9daction\",\"@id\":\"https:\/\/vosgesinfo.fr\/saintdieinfo\/#\/schema\/person\/faee6704a21f3977511db84bd1cd450f\"},\"headline\":\"Semaine des enfants \u00e0 Saint-Di\u00e9-des-Vosges : demandez le programme !\",\"datePublished\":\"2022-11-22T14:15:25+00:00\",\"dateModified\":\"2022-11-22T14:15:25+00:00\",\"mainEntityOfPage\":{\"@id\":\"https:\/\/vosgesinfo.fr\/saintdieinfo\/2022\/11\/semaine-enfants-a-saint-die-vosges-demandez-programme\/\"},\"wordCount\":206,\"commentCount\":0,\"publisher\":{\"@id\":\"https:\/\/vosgesinfo.fr\/saintdieinfo\/#organization\"},\"image\":{\"@id\":\"https:\/\/vosgesinfo.fr\/saintdieinfo\/2022\/11\/semaine-enfants-a-saint-die-vosges-demandez-programme\/#primaryimage\"},\"thumbnailUrl\":\"https:\/\/vosgesinfo.fr\/app\/uploads\/sites\/4\/2024\/08\/202211presentation-marche-de-noel-sddv-2-2.jpg\",\"keywords\":[\"Festivit\u00e9s de fin d'ann\u00e9e \u00e0 Saint-Di\u00e9-des-Vosges\",\"Semaine des enfants \u00e0 Saint-Di\u00e9-des-Vosges\"],\"articleSection\":[\"A la Une\",\"Enfants\",\"Loisirs\",\"Saint-Di\u00e9-des-Vosges et son Agglom\u00e9ration\"],\"inLanguage\":\"fr-FR\",\"potentialAction\":[{\"@type\":\"CommentAction\",\"name\":\"Comment\",\"target\":[\"https:\/\/vosgesinfo.fr\/saintdieinfo\/2022\/11\/semaine-enfants-a-saint-die-vosges-demandez-programme\/#respond\"]}]},{\"@type\":\"WebPage\",\"@id\":\"https:\/\/vosgesinfo.fr\/saintdieinfo\/2022\/11\/semaine-enfants-a-saint-die-vosges-demandez-programme\/\",\"url\":\"https:\/\/vosgesinfo.fr\/saintdieinfo\/2022\/11\/semaine-enfants-a-saint-die-vosges-demandez-programme\/\",\"name\":\"Semaine des enfants \u00e0 Saint-Di\u00e9-des-Vosges : demandez le programme ! - Saint Die Info\",\"isPartOf\":{\"@id\":\"https:\/\/vosgesinfo.fr\/saintdieinfo\/#website\"},\"primaryImageOfPage\":{\"@id\":\"https:\/\/vosgesinfo.fr\/saintdieinfo\/2022\/11\/semaine-enfants-a-saint-die-vosges-demandez-programme\/#primaryimage\"},\"image\":{\"@id\":\"https:\/\/vosgesinfo.fr\/saintdieinfo\/2022\/11\/semaine-enfants-a-saint-die-vosges-demandez-programme\/#primaryimage\"},\"thumbnailUrl\":\"https:\/\/vosgesinfo.fr\/app\/uploads\/sites\/4\/2024\/08\/202211presentation-marche-de-noel-sddv-2-2.jpg\",\"datePublished\":\"2022-11-22T14:15:25+00:00\",\"dateModified\":\"2022-11-22T14:15:25+00:00\",\"breadcrumb\":{\"@id\":\"https:\/\/vosgesinfo.fr\/saintdieinfo\/2022\/11\/semaine-enfants-a-saint-die-vosges-demandez-programme\/#breadcrumb\"},\"inLanguage\":\"fr-FR\",\"potentialAction\":[{\"@type\":\"ReadAction\",\"target\":[\"https:\/\/vosgesinfo.fr\/saintdieinfo\/2022\/11\/semaine-enfants-a-saint-die-vosges-demandez-programme\/\"]}]},{\"@type\":\"ImageObject\",\"inLanguage\":\"fr-FR\",\"@id\":\"https:\/\/vosgesinfo.fr\/saintdieinfo\/2022\/11\/semaine-enfants-a-saint-die-vosges-demandez-programme\/#primaryimage\",\"url\":\"https:\/\/vosgesinfo.fr\/app\/uploads\/sites\/4\/2024\/08\/202211presentation-marche-de-noel-sddv-2-2.jpg\",\"contentUrl\":\"https:\/\/vosgesinfo.fr\/app\/uploads\/sites\/4\/2024\/08\/202211presentation-marche-de-noel-sddv-2-2.jpg\",\"width\":1600,\"height\":1205},{\"@type\":\"BreadcrumbList\",\"@id\":\"https:\/\/vosgesinfo.fr\/saintdieinfo\/2022\/11\/semaine-enfants-a-saint-die-vosges-demandez-programme\/#breadcrumb\",\"itemListElement\":[{\"@type\":\"ListItem\",\"position\":1,\"name\":\"Home\",\"item\":\"https:\/\/vosgesinfo.fr\/saintdieinfo\/\"},{\"@type\":\"ListItem\",\"position\":2,\"name\":\"Semaine des enfants \u00e0 Saint-Di\u00e9-des-Vosges : demandez le programme !\"}]},{\"@type\":\"WebSite\",\"@id\":\"https:\/\/vosgesinfo.fr\/saintdieinfo\/#website\",\"url\":\"https:\/\/vosgesinfo.fr\/saintdieinfo\/\",\"name\":\"Saint Die Info\",\"description\":\"Toute l&#039;actualit\u00e9 de Saint-Di\u00e9-Des-Vosges\",\"publisher\":{\"@id\":\"https:\/\/vosgesinfo.fr\/saintdieinfo\/#organization\"},\"alternateName\":\"Toute l'actualit\u00e9 de Saint-Di\u00e9-Des-Vosges\",\"potentialAction\":[{\"@type\":\"SearchAction\",\"target\":{\"@type\":\"EntryPoint\",\"urlTemplate\":\"https:\/\/vosgesinfo.fr\/saintdieinfo\/?s={search_term_string}\"},\"query-input\":\"required name=search_term_string\"}],\"inLanguage\":\"fr-FR\"},{\"@type\":\"Organization\",\"@id\":\"https:\/\/vosgesinfo.fr\/saintdieinfo\/#organization\",\"name\":\"Saint Die Info\",\"url\":\"https:\/\/vosgesinfo.fr\/saintdieinfo\/\",\"logo\":{\"@type\":\"ImageObject\",\"inLanguage\":\"fr-FR\",\"@id\":\"https:\/\/vosgesinfo.fr\/saintdieinfo\/#\/schema\/logo\/image\/\",\"url\":\"https:\/\/vosgesinfo.fr\/app\/uploads\/sites\/4\/2024\/02\/logo-sdi.jpg\",\"contentUrl\":\"https:\/\/vosgesinfo.fr\/app\/uploads\/sites\/4\/2024\/02\/logo-sdi.jpg\",\"width\":600,\"height\":600,\"caption\":\"Saint Die Info\"},\"image\":{\"@id\":\"https:\/\/vosgesinfo.fr\/saintdieinfo\/#\/schema\/logo\/image\/\"},\"sameAs\":[\"https:\/\/www.facebook.com\/Saintdieinfofr\",\"https:\/\/x.com\/VosgesInfo88\",\"https:\/\/www.youtube.com\/@vosgesinfo\"]},{\"@type\":\"Person\",\"@id\":\"https:\/\/vosgesinfo.fr\/saintdieinfo\/#\/schema\/person\/faee6704a21f3977511db84bd1cd450f\",\"name\":\"la r\u00e9daction\",\"image\":{\"@type\":\"ImageObject\",\"inLanguage\":\"fr-FR\",\"@id\":\"https:\/\/vosgesinfo.fr\/saintdieinfo\/#\/schema\/person\/image\/\",\"url\":\"https:\/\/secure.gravatar.com\/avatar\/6673d8bc6a9c17fa9a453eaa3448de834fa308c2ec9635b7aa99441a7c8d2cf6?s=96&d=mm&r=g\",\"contentUrl\":\"https:\/\/secure.gravatar.com\/avatar\/6673d8bc6a9c17fa9a453eaa3448de834fa308c2ec9635b7aa99441a7c8d2cf6?s=96&d=mm&r=g\",\"caption\":\"la r\u00e9daction\"},\"url\":\"https:\/\/vosgesinfo.fr\/saintdieinfo\/author\/redac\/\"}]}<\/script>\n<!-- \/ Yoast SEO plugin. -->","yoast_head_json":{"title":"Semaine des enfants \u00e0 Saint-Di\u00e9-des-Vosges : demandez le programme ! - Saint Die Info","robots":{"index":"index","follow":"follow","max-snippet":"max-snippet:-1","max-image-preview":"max-image-preview:large","max-video-preview":"max-video-preview:-1"},"canonical":"https:\/\/vosgesinfo.fr\/saintdieinfo\/2022\/11\/semaine-enfants-a-saint-die-vosges-demandez-programme\/","twitter_card":"summary_large_image","twitter_title":"Semaine des enfants \u00e0 Saint-Di\u00e9-des-Vosges : demandez le programme ! - Saint Die Info","twitter_description":"En parall\u00e8le du march\u00e9 de No\u00ebl, la Municipalit\u00e9 de Saint-Di\u00e9-des-Vosges avait d\u00e9cid\u00e9 d&rsquo;organiser une semaine des enfants. Cette semaine riche [&hellip;]","twitter_image":"https:\/\/vosgesinfo.fr\/app\/uploads\/sites\/4\/2024\/08\/202211presentation-marche-de-noel-sddv-2-2.jpg","twitter_creator":"@VosgesInfo88","twitter_site":"@VosgesInfo88","twitter_misc":{"\u00c9crit par":"la r\u00e9daction","Dur\u00e9e de lecture estim\u00e9e":"1 minute"},"schema":{"@context":"https:\/\/schema.org","@graph":[{"@type":"Article","@id":"https:\/\/vosgesinfo.fr\/saintdieinfo\/2022\/11\/semaine-enfants-a-saint-die-vosges-demandez-programme\/#article","isPartOf":{"@id":"https:\/\/vosgesinfo.fr\/saintdieinfo\/2022\/11\/semaine-enfants-a-saint-die-vosges-demandez-programme\/"},"author":{"name":"la r\u00e9daction","@id":"https:\/\/vosgesinfo.fr\/saintdieinfo\/#\/schema\/person\/faee6704a21f3977511db84bd1cd450f"},"headline":"Semaine des enfants \u00e0 Saint-Di\u00e9-des-Vosges : demandez le programme !","datePublished":"2022-11-22T14:15:25+00:00","dateModified":"2022-11-22T14:15:25+00:00","mainEntityOfPage":{"@id":"https:\/\/vosgesinfo.fr\/saintdieinfo\/2022\/11\/semaine-enfants-a-saint-die-vosges-demandez-programme\/"},"wordCount":206,"commentCount":0,"publisher":{"@id":"https:\/\/vosgesinfo.fr\/saintdieinfo\/#organization"},"image":{"@id":"https:\/\/vosgesinfo.fr\/saintdieinfo\/2022\/11\/semaine-enfants-a-saint-die-vosges-demandez-programme\/#primaryimage"},"thumbnailUrl":"https:\/\/vosgesinfo.fr\/app\/uploads\/sites\/4\/2024\/08\/202211presentation-marche-de-noel-sddv-2-2.jpg","keywords":["Festivit\u00e9s de fin d'ann\u00e9e \u00e0 Saint-Di\u00e9-des-Vosges","Semaine des enfants \u00e0 Saint-Di\u00e9-des-Vosges"],"articleSection":["A la Une","Enfants","Loisirs","Saint-Di\u00e9-des-Vosges et son Agglom\u00e9ration"],"inLanguage":"fr-FR","potentialAction":[{"@type":"CommentAction","name":"Comment","target":["https:\/\/vosgesinfo.fr\/saintdieinfo\/2022\/11\/semaine-enfants-a-saint-die-vosges-demandez-programme\/#respond"]}]},{"@type":"WebPage","@id":"https:\/\/vosgesinfo.fr\/saintdieinfo\/2022\/11\/semaine-enfants-a-saint-die-vosges-demandez-programme\/","url":"https:\/\/vosgesinfo.fr\/saintdieinfo\/2022\/11\/semaine-enfants-a-saint-die-vosges-demandez-programme\/","name":"Semaine des enfants \u00e0 Saint-Di\u00e9-des-Vosges : demandez le programme ! - Saint Die Info","isPartOf":{"@id":"https:\/\/vosgesinfo.fr\/saintdieinfo\/#website"},"primaryImageOfPage":{"@id":"https:\/\/vosgesinfo.fr\/saintdieinfo\/2022\/11\/semaine-enfants-a-saint-die-vosges-demandez-programme\/#primaryimage"},"image":{"@id":"https:\/\/vosgesinfo.fr\/saintdieinfo\/2022\/11\/semaine-enfants-a-saint-die-vosges-demandez-programme\/#primaryimage"},"thumbnailUrl":"https:\/\/vosgesinfo.fr\/app\/uploads\/sites\/4\/2024\/08\/202211presentation-marche-de-noel-sddv-2-2.jpg","datePublished":"2022-11-22T14:15:25+00:00","dateModified":"2022-11-22T14:15:25+00:00","breadcrumb":{"@id":"https:\/\/vosgesinfo.fr\/saintdieinfo\/2022\/11\/semaine-enfants-a-saint-die-vosges-demandez-programme\/#breadcrumb"},"inLanguage":"fr-FR","potentialAction":[{"@type":"ReadAction","target":["https:\/\/vosgesinfo.fr\/saintdieinfo\/2022\/11\/semaine-enfants-a-saint-die-vosges-demandez-programme\/"]}]},{"@type":"ImageObject","inLanguage":"fr-FR","@id":"https:\/\/vosgesinfo.fr\/saintdieinfo\/2022\/11\/semaine-enfants-a-saint-die-vosges-demandez-programme\/#primaryimage","url":"https:\/\/vosgesinfo.fr\/app\/uploads\/sites\/4\/2024\/08\/202211presentation-marche-de-noel-sddv-2-2.jpg","contentUrl":"https:\/\/vosgesinfo.fr\/app\/uploads\/sites\/4\/2024\/08\/202211presentation-marche-de-noel-sddv-2-2.jpg","width":1600,"height":1205},{"@type":"BreadcrumbList","@id":"https:\/\/vosgesinfo.fr\/saintdieinfo\/2022\/11\/semaine-enfants-a-saint-die-vosges-demandez-programme\/#breadcrumb","itemListElement":[{"@type":"ListItem","position":1,"name":"Home","item":"https:\/\/vosgesinfo.fr\/saintdieinfo\/"},{"@type":"ListItem","position":2,"name":"Semaine des enfants \u00e0 Saint-Di\u00e9-des-Vosges : demandez le programme !"}]},{"@type":"WebSite","@id":"https:\/\/vosgesinfo.fr\/saintdieinfo\/#website","url":"https:\/\/vosgesinfo.fr\/saintdieinfo\/","name":"Saint Die Info","description":"Toute l&#039;actualit\u00e9 de Saint-Di\u00e9-Des-Vosges","publisher":{"@id":"https:\/\/vosgesinfo.fr\/saintdieinfo\/#organization"},"alternateName":"Toute l'actualit\u00e9 de Saint-Di\u00e9-Des-Vosges","potentialAction":[{"@type":"SearchAction","target":{"@type":"EntryPoint","urlTemplate":"https:\/\/vosgesinfo.fr\/saintdieinfo\/?s={search_term_string}"},"query-input":"required name=search_term_string"}],"inLanguage":"fr-FR"},{"@type":"Organization","@id":"https:\/\/vosgesinfo.fr\/saintdieinfo\/#organization","name":"Saint Die Info","url":"https:\/\/vosgesinfo.fr\/saintdieinfo\/","logo":{"@type":"ImageObject","inLanguage":"fr-FR","@id":"https:\/\/vosgesinfo.fr\/saintdieinfo\/#\/schema\/logo\/image\/","url":"https:\/\/vosgesinfo.fr\/app\/uploads\/sites\/4\/2024\/02\/logo-sdi.jpg","contentUrl":"https:\/\/vosgesinfo.fr\/app\/uploads\/sites\/4\/2024\/02\/logo-sdi.jpg","width":600,"height":600,"caption":"Saint Die Info"},"image":{"@id":"https:\/\/vosgesinfo.fr\/saintdieinfo\/#\/schema\/logo\/image\/"},"sameAs":["https:\/\/www.facebook.com\/Saintdieinfofr","https:\/\/x.com\/VosgesInfo88","https:\/\/www.youtube.com\/@vosgesinfo"]},{"@type":"Person","@id":"https:\/\/vosgesinfo.fr\/saintdieinfo\/#\/schema\/person\/faee6704a21f3977511db84bd1cd450f","name":"la r\u00e9daction","image":{"@type":"ImageObject","inLanguage":"fr-FR","@id":"https:\/\/vosgesinfo.fr\/saintdieinfo\/#\/schema\/person\/image\/","url":"https:\/\/secure.gravatar.com\/avatar\/6673d8bc6a9c17fa9a453eaa3448de834fa308c2ec9635b7aa99441a7c8d2cf6?s=96&d=mm&r=g","contentUrl":"https:\/\/secure.gravatar.com\/avatar\/6673d8bc6a9c17fa9a453eaa3448de834fa308c2ec9635b7aa99441a7c8d2cf6?s=96&d=mm&r=g","caption":"la r\u00e9daction"},"url":"https:\/\/vosgesinfo.fr\/saintdieinfo\/author\/redac\/"}]}},"_links":{"self":[{"href":"https:\/\/vosgesinfo.fr\/saintdieinfo\/wp-json\/wp\/v2\/posts\/59820","targetHints":{"allow":["GET"]}}],"collection":[{"href":"https:\/\/vosgesinfo.fr\/saintdieinfo\/wp-json\/wp\/v2\/posts"}],"about":[{"href":"https:\/\/vosgesinfo.fr\/saintdieinfo\/wp-json\/wp\/v2\/types\/post"}],"author":[{"embeddable":true,"href":"https:\/\/vosgesinfo.fr\/saintdieinfo\/wp-json\/wp\/v2\/users\/44"}],"replies":[{"embeddable":true,"href":"https:\/\/vosgesinfo.fr\/saintdieinfo\/wp-json\/wp\/v2\/comments?post=59820"}],"version-history":[{"count":0,"href":"https:\/\/vosgesinfo.fr\/saintdieinfo\/wp-json\/wp\/v2\/posts\/59820\/revisions"}],"wp:featuredmedia":[{"embeddable":true,"href":"https:\/\/vosgesinfo.fr\/saintdieinfo\/wp-json\/wp\/v2\/media\/59821"}],"wp:attachment":[{"href":"https:\/\/vosgesinfo.fr\/saintdieinfo\/wp-json\/wp\/v2\/media?parent=59820"}],"wp:term":[{"taxonomy":"category","embeddable":true,"href":"https:\/\/vosgesinfo.fr\/saintdieinfo\/wp-json\/wp\/v2\/categories?post=59820"},{"taxonomy":"post_tag","embeddable":true,"href":"https:\/\/vosgesinfo.fr\/saintdieinfo\/wp-json\/wp\/v2\/tags?post=59820"}],"curies":[{"name":"wp","href":"https:\/\/api.w.org\/{rel}","templated":true}]}}