{"id":59827,"date":"2022-11-22T16:12:31","date_gmt":"2022-11-22T15:12:31","guid":{"rendered":"https:\/\/vosgesinfo.fr\/saintdieinfo\/2022\/11\/spectacle-pyrotechnique-feter-fin-dannee-a-saint-die-vosges\/"},"modified":"2022-11-22T16:12:31","modified_gmt":"2022-11-22T15:12:31","slug":"spectacle-pyrotechnique-feter-fin-dannee-a-saint-die-vosges","status":"publish","type":"post","link":"https:\/\/vosgesinfo.fr\/saintdieinfo\/2022\/11\/spectacle-pyrotechnique-feter-fin-dannee-a-saint-die-vosges\/","title":{"rendered":"Un spectacle pyrotechnique pour f\u00eater la fin d&rsquo;ann\u00e9e \u00e0 Saint-Di\u00e9-des-Vosges"},"content":{"rendered":"<p><a href=\"\/2022\/11\/LIncroyable_No\u00ebl_de_Petit_Pierre.jpg\" target=\"_blank\" rel=\"noopener\"><img decoding=\"async\" class=\"aligncenter wp-image-193060 size-full\" src=\"\/2022\/11\/LIncroyable_No\u00ebl_de_Petit_Pierre.jpg\" alt=\"L'Incroyable_No\u00ebl_de_Petit_Pierre\" width=\"567\" height=\"831\" \/><\/a><\/p>\n<h2><strong><span style=\"font-size: 14pt;\">L&rsquo;ann\u00e9e derni\u00e8re, \u00e0 l&rsquo;avant-veille du R\u00e9veillon du 24 d\u00e9cembre, le P\u00e8re No\u00ebl et ses fid\u00e8les lutins avaient descendu en rappel la fa\u00e7ade de l&rsquo;\u00e9glise Saint-Martin (<a href=\"https:\/\/saintdieinfo.fr\/2021\/12\/pere-noel-lutins-descendent-leglise-saint-martin-rappel\/\" target=\"_blank\" rel=\"noopener\">lire notre article<\/a>). Cet hiver, un nouveau spectacle sera propos\u00e9 par la Municipalit\u00e9 le 22 d\u00e9cembre au soir, mais cette fois-ci il se d\u00e9roulera rive droite, sur la place du G\u00e9n\u00e9ral-de-Gaulle.<\/span><\/strong><\/h2>\n<p><!--more--><\/p>\n<p>Baptis\u00e9 \u00ab\u00a0L&rsquo;incroyable No\u00ebl de Petit Pierre\u00a0\u00bb, ce spectacle original de la soci\u00e9t\u00e9 Aquar\u00eave fait grand usage de la pyrotechnie et du multim\u00e9dia, mettant en avant les derni\u00e8res innovations technologiques en la mati\u00e8re (lasers, projecteurs de flammes, sonorisation, etc.). \u00ab\u00a0L&rsquo;incroyable No\u00ebl de Petit Pierre\u00a0\u00bb, c&rsquo;est une histoire fantastique de 20 minutes qui plonge le spectateur dans un r\u00eave, o\u00f9 se m\u00ealent conte de No\u00ebl, jets de flammes, parades lumineuses, spectacle vivant, images lasers, animations lasers volum\u00e9triques tridimensionnelles et fresques pyrotechniques. Les lasers cr\u00e9eront notamment des aurores bor\u00e9ales, afin de transporter le public dans un monde fantastique en 3D. Les musiques qui rythmeront le conte de No\u00ebl feront r\u00e9f\u00e9rence aux f\u00eates de fin d&rsquo;ann\u00e9e ainsi qu&rsquo;\u00e0 un univers fantastique, entre Alice au pays des Merveilles et Edouard aux mains d&rsquo;argent. Un grand bouquet final cl\u00f4turera le spectacle en apoth\u00e9ose.<\/p>\n<p>Pour cette premi\u00e8re repr\u00e9sentation dans les Vosges de \u00ab\u00a0L&rsquo;incroyable No\u00ebl de Petit Pierre\u00a0\u00bb, rendez-vous jeudi 22 d\u00e9cembre \u00e0 19h sur la place du G\u00e9n\u00e9ral-de-Gaulle.<\/p>\n<p>J.J.<\/p>\n","protected":false},"excerpt":{"rendered":"<p>L&rsquo;ann\u00e9e derni\u00e8re, \u00e0 l&rsquo;avant-veille du R\u00e9veillon du 24 d\u00e9cembre, le P\u00e8re No\u00ebl et ses fid\u00e8les lutins avaient descendu en rappel [&hellip;]<\/p>\n","protected":false},"author":44,"featured_media":59828,"comment_status":"open","ping_status":"open","sticky":false,"template":"","format":"standard","meta":{"footnotes":""},"categories":[460,20,2915],"tags":[6776,13188,5953,3039,8447],"class_list":["post-59827","post","type-post","status-publish","format-standard","has-post-thumbnail","hentry","category-a-la-une","category-loisirs","category-saint-die-son-canton","tag-aquareve","tag-lincroyable-noel-de-petit-pierre","tag-municipalite-de-saint-die-des-vosges","tag-place-du-general-de-gaulle","tag-spectacle-pyrotechnique"],"acf":[],"yoast_head":"<!-- This site is optimized with the Yoast SEO plugin v22.5 - https:\/\/yoast.com\/wordpress\/plugins\/seo\/ -->\n<title>Un spectacle pyrotechnique pour f\u00eater la fin d&#039;ann\u00e9e \u00e0 Saint-Di\u00e9-des-Vosges - Saint Die Info<\/title>\n<meta name=\"robots\" content=\"index, follow, max-snippet:-1, max-image-preview:large, max-video-preview:-1\" \/>\n<link rel=\"canonical\" href=\"https:\/\/vosgesinfo.fr\/saintdieinfo\/2022\/11\/spectacle-pyrotechnique-feter-fin-dannee-a-saint-die-vosges\/\" \/>\n<meta name=\"twitter:card\" content=\"summary_large_image\" \/>\n<meta name=\"twitter:title\" content=\"Un spectacle pyrotechnique pour f\u00eater la fin d&#039;ann\u00e9e \u00e0 Saint-Di\u00e9-des-Vosges - Saint Die Info\" \/>\n<meta name=\"twitter:description\" content=\"L&rsquo;ann\u00e9e derni\u00e8re, \u00e0 l&rsquo;avant-veille du R\u00e9veillon du 24 d\u00e9cembre, le P\u00e8re No\u00ebl et ses fid\u00e8les lutins avaient descendu en rappel [&hellip;]\" \/>\n<meta name=\"twitter:image\" content=\"https:\/\/vosgesinfo.fr\/app\/uploads\/sites\/4\/2024\/08\/202211lincroyable-noel-de-petit-pierre-01.jpg\" \/>\n<meta name=\"twitter:creator\" content=\"@VosgesInfo88\" \/>\n<meta name=\"twitter:site\" content=\"@VosgesInfo88\" \/>\n<meta name=\"twitter:label1\" content=\"\u00c9crit par\" \/>\n\t<meta name=\"twitter:data1\" content=\"la r\u00e9daction\" \/>\n\t<meta name=\"twitter:label2\" content=\"Dur\u00e9e de lecture estim\u00e9e\" \/>\n\t<meta name=\"twitter:data2\" content=\"1 minute\" \/>\n<script type=\"application\/ld+json\" class=\"yoast-schema-graph\">{\"@context\":\"https:\/\/schema.org\",\"@graph\":[{\"@type\":\"Article\",\"@id\":\"https:\/\/vosgesinfo.fr\/saintdieinfo\/2022\/11\/spectacle-pyrotechnique-feter-fin-dannee-a-saint-die-vosges\/#article\",\"isPartOf\":{\"@id\":\"https:\/\/vosgesinfo.fr\/saintdieinfo\/2022\/11\/spectacle-pyrotechnique-feter-fin-dannee-a-saint-die-vosges\/\"},\"author\":{\"name\":\"la r\u00e9daction\",\"@id\":\"https:\/\/vosgesinfo.fr\/saintdieinfo\/#\/schema\/person\/faee6704a21f3977511db84bd1cd450f\"},\"headline\":\"Un spectacle pyrotechnique pour f\u00eater la fin d&rsquo;ann\u00e9e \u00e0 Saint-Di\u00e9-des-Vosges\",\"datePublished\":\"2022-11-22T15:12:31+00:00\",\"dateModified\":\"2022-11-22T15:12:31+00:00\",\"mainEntityOfPage\":{\"@id\":\"https:\/\/vosgesinfo.fr\/saintdieinfo\/2022\/11\/spectacle-pyrotechnique-feter-fin-dannee-a-saint-die-vosges\/\"},\"wordCount\":273,\"commentCount\":0,\"publisher\":{\"@id\":\"https:\/\/vosgesinfo.fr\/saintdieinfo\/#organization\"},\"image\":{\"@id\":\"https:\/\/vosgesinfo.fr\/saintdieinfo\/2022\/11\/spectacle-pyrotechnique-feter-fin-dannee-a-saint-die-vosges\/#primaryimage\"},\"thumbnailUrl\":\"https:\/\/vosgesinfo.fr\/app\/uploads\/sites\/4\/2024\/08\/202211lincroyable-noel-de-petit-pierre-01.jpg\",\"keywords\":[\"Aquar\u00eave\",\"L'incroyable No\u00ebl de Petit Pierre\",\"Municipalit\u00e9 de Saint-Di\u00e9-des-Vosges\",\"Place du G\u00e9n\u00e9ral de Gaulle\",\"Spectacle pyrotechnique\"],\"articleSection\":[\"A la Une\",\"Loisirs\",\"Saint-Di\u00e9-des-Vosges et son Agglom\u00e9ration\"],\"inLanguage\":\"fr-FR\",\"potentialAction\":[{\"@type\":\"CommentAction\",\"name\":\"Comment\",\"target\":[\"https:\/\/vosgesinfo.fr\/saintdieinfo\/2022\/11\/spectacle-pyrotechnique-feter-fin-dannee-a-saint-die-vosges\/#respond\"]}]},{\"@type\":\"WebPage\",\"@id\":\"https:\/\/vosgesinfo.fr\/saintdieinfo\/2022\/11\/spectacle-pyrotechnique-feter-fin-dannee-a-saint-die-vosges\/\",\"url\":\"https:\/\/vosgesinfo.fr\/saintdieinfo\/2022\/11\/spectacle-pyrotechnique-feter-fin-dannee-a-saint-die-vosges\/\",\"name\":\"Un spectacle pyrotechnique pour f\u00eater la fin d'ann\u00e9e \u00e0 Saint-Di\u00e9-des-Vosges - Saint Die Info\",\"isPartOf\":{\"@id\":\"https:\/\/vosgesinfo.fr\/saintdieinfo\/#website\"},\"primaryImageOfPage\":{\"@id\":\"https:\/\/vosgesinfo.fr\/saintdieinfo\/2022\/11\/spectacle-pyrotechnique-feter-fin-dannee-a-saint-die-vosges\/#primaryimage\"},\"image\":{\"@id\":\"https:\/\/vosgesinfo.fr\/saintdieinfo\/2022\/11\/spectacle-pyrotechnique-feter-fin-dannee-a-saint-die-vosges\/#primaryimage\"},\"thumbnailUrl\":\"https:\/\/vosgesinfo.fr\/app\/uploads\/sites\/4\/2024\/08\/202211lincroyable-noel-de-petit-pierre-01.jpg\",\"datePublished\":\"2022-11-22T15:12:31+00:00\",\"dateModified\":\"2022-11-22T15:12:31+00:00\",\"breadcrumb\":{\"@id\":\"https:\/\/vosgesinfo.fr\/saintdieinfo\/2022\/11\/spectacle-pyrotechnique-feter-fin-dannee-a-saint-die-vosges\/#breadcrumb\"},\"inLanguage\":\"fr-FR\",\"potentialAction\":[{\"@type\":\"ReadAction\",\"target\":[\"https:\/\/vosgesinfo.fr\/saintdieinfo\/2022\/11\/spectacle-pyrotechnique-feter-fin-dannee-a-saint-die-vosges\/\"]}]},{\"@type\":\"ImageObject\",\"inLanguage\":\"fr-FR\",\"@id\":\"https:\/\/vosgesinfo.fr\/saintdieinfo\/2022\/11\/spectacle-pyrotechnique-feter-fin-dannee-a-saint-die-vosges\/#primaryimage\",\"url\":\"https:\/\/vosgesinfo.fr\/app\/uploads\/sites\/4\/2024\/08\/202211lincroyable-noel-de-petit-pierre-01.jpg\",\"contentUrl\":\"https:\/\/vosgesinfo.fr\/app\/uploads\/sites\/4\/2024\/08\/202211lincroyable-noel-de-petit-pierre-01.jpg\",\"width\":567,\"height\":413},{\"@type\":\"BreadcrumbList\",\"@id\":\"https:\/\/vosgesinfo.fr\/saintdieinfo\/2022\/11\/spectacle-pyrotechnique-feter-fin-dannee-a-saint-die-vosges\/#breadcrumb\",\"itemListElement\":[{\"@type\":\"ListItem\",\"position\":1,\"name\":\"Home\",\"item\":\"https:\/\/vosgesinfo.fr\/saintdieinfo\/\"},{\"@type\":\"ListItem\",\"position\":2,\"name\":\"Un spectacle pyrotechnique pour f\u00eater la fin d&rsquo;ann\u00e9e \u00e0 Saint-Di\u00e9-des-Vosges\"}]},{\"@type\":\"WebSite\",\"@id\":\"https:\/\/vosgesinfo.fr\/saintdieinfo\/#website\",\"url\":\"https:\/\/vosgesinfo.fr\/saintdieinfo\/\",\"name\":\"Saint Die Info\",\"description\":\"Toute l&#039;actualit\u00e9 de Saint-Di\u00e9-Des-Vosges\",\"publisher\":{\"@id\":\"https:\/\/vosgesinfo.fr\/saintdieinfo\/#organization\"},\"alternateName\":\"Toute l'actualit\u00e9 de Saint-Di\u00e9-Des-Vosges\",\"potentialAction\":[{\"@type\":\"SearchAction\",\"target\":{\"@type\":\"EntryPoint\",\"urlTemplate\":\"https:\/\/vosgesinfo.fr\/saintdieinfo\/?s={search_term_string}\"},\"query-input\":\"required name=search_term_string\"}],\"inLanguage\":\"fr-FR\"},{\"@type\":\"Organization\",\"@id\":\"https:\/\/vosgesinfo.fr\/saintdieinfo\/#organization\",\"name\":\"Saint Die Info\",\"url\":\"https:\/\/vosgesinfo.fr\/saintdieinfo\/\",\"logo\":{\"@type\":\"ImageObject\",\"inLanguage\":\"fr-FR\",\"@id\":\"https:\/\/vosgesinfo.fr\/saintdieinfo\/#\/schema\/logo\/image\/\",\"url\":\"https:\/\/vosgesinfo.fr\/app\/uploads\/sites\/4\/2024\/02\/logo-sdi.jpg\",\"contentUrl\":\"https:\/\/vosgesinfo.fr\/app\/uploads\/sites\/4\/2024\/02\/logo-sdi.jpg\",\"width\":600,\"height\":600,\"caption\":\"Saint Die Info\"},\"image\":{\"@id\":\"https:\/\/vosgesinfo.fr\/saintdieinfo\/#\/schema\/logo\/image\/\"},\"sameAs\":[\"https:\/\/www.facebook.com\/Saintdieinfofr\",\"https:\/\/x.com\/VosgesInfo88\",\"https:\/\/www.youtube.com\/@vosgesinfo\"]},{\"@type\":\"Person\",\"@id\":\"https:\/\/vosgesinfo.fr\/saintdieinfo\/#\/schema\/person\/faee6704a21f3977511db84bd1cd450f\",\"name\":\"la r\u00e9daction\",\"image\":{\"@type\":\"ImageObject\",\"inLanguage\":\"fr-FR\",\"@id\":\"https:\/\/vosgesinfo.fr\/saintdieinfo\/#\/schema\/person\/image\/\",\"url\":\"https:\/\/secure.gravatar.com\/avatar\/6673d8bc6a9c17fa9a453eaa3448de834fa308c2ec9635b7aa99441a7c8d2cf6?s=96&d=mm&r=g\",\"contentUrl\":\"https:\/\/secure.gravatar.com\/avatar\/6673d8bc6a9c17fa9a453eaa3448de834fa308c2ec9635b7aa99441a7c8d2cf6?s=96&d=mm&r=g\",\"caption\":\"la r\u00e9daction\"},\"url\":\"https:\/\/vosgesinfo.fr\/saintdieinfo\/author\/redac\/\"}]}<\/script>\n<!-- \/ Yoast SEO plugin. -->","yoast_head_json":{"title":"Un spectacle pyrotechnique pour f\u00eater la fin d'ann\u00e9e \u00e0 Saint-Di\u00e9-des-Vosges - Saint Die Info","robots":{"index":"index","follow":"follow","max-snippet":"max-snippet:-1","max-image-preview":"max-image-preview:large","max-video-preview":"max-video-preview:-1"},"canonical":"https:\/\/vosgesinfo.fr\/saintdieinfo\/2022\/11\/spectacle-pyrotechnique-feter-fin-dannee-a-saint-die-vosges\/","twitter_card":"summary_large_image","twitter_title":"Un spectacle pyrotechnique pour f\u00eater la fin d'ann\u00e9e \u00e0 Saint-Di\u00e9-des-Vosges - Saint Die Info","twitter_description":"L&rsquo;ann\u00e9e derni\u00e8re, \u00e0 l&rsquo;avant-veille du R\u00e9veillon du 24 d\u00e9cembre, le P\u00e8re No\u00ebl et ses fid\u00e8les lutins avaient descendu en rappel [&hellip;]","twitter_image":"https:\/\/vosgesinfo.fr\/app\/uploads\/sites\/4\/2024\/08\/202211lincroyable-noel-de-petit-pierre-01.jpg","twitter_creator":"@VosgesInfo88","twitter_site":"@VosgesInfo88","twitter_misc":{"\u00c9crit par":"la r\u00e9daction","Dur\u00e9e de lecture estim\u00e9e":"1 minute"},"schema":{"@context":"https:\/\/schema.org","@graph":[{"@type":"Article","@id":"https:\/\/vosgesinfo.fr\/saintdieinfo\/2022\/11\/spectacle-pyrotechnique-feter-fin-dannee-a-saint-die-vosges\/#article","isPartOf":{"@id":"https:\/\/vosgesinfo.fr\/saintdieinfo\/2022\/11\/spectacle-pyrotechnique-feter-fin-dannee-a-saint-die-vosges\/"},"author":{"name":"la r\u00e9daction","@id":"https:\/\/vosgesinfo.fr\/saintdieinfo\/#\/schema\/person\/faee6704a21f3977511db84bd1cd450f"},"headline":"Un spectacle pyrotechnique pour f\u00eater la fin d&rsquo;ann\u00e9e \u00e0 Saint-Di\u00e9-des-Vosges","datePublished":"2022-11-22T15:12:31+00:00","dateModified":"2022-11-22T15:12:31+00:00","mainEntityOfPage":{"@id":"https:\/\/vosgesinfo.fr\/saintdieinfo\/2022\/11\/spectacle-pyrotechnique-feter-fin-dannee-a-saint-die-vosges\/"},"wordCount":273,"commentCount":0,"publisher":{"@id":"https:\/\/vosgesinfo.fr\/saintdieinfo\/#organization"},"image":{"@id":"https:\/\/vosgesinfo.fr\/saintdieinfo\/2022\/11\/spectacle-pyrotechnique-feter-fin-dannee-a-saint-die-vosges\/#primaryimage"},"thumbnailUrl":"https:\/\/vosgesinfo.fr\/app\/uploads\/sites\/4\/2024\/08\/202211lincroyable-noel-de-petit-pierre-01.jpg","keywords":["Aquar\u00eave","L'incroyable No\u00ebl de Petit Pierre","Municipalit\u00e9 de Saint-Di\u00e9-des-Vosges","Place du G\u00e9n\u00e9ral de Gaulle","Spectacle pyrotechnique"],"articleSection":["A la Une","Loisirs","Saint-Di\u00e9-des-Vosges et son Agglom\u00e9ration"],"inLanguage":"fr-FR","potentialAction":[{"@type":"CommentAction","name":"Comment","target":["https:\/\/vosgesinfo.fr\/saintdieinfo\/2022\/11\/spectacle-pyrotechnique-feter-fin-dannee-a-saint-die-vosges\/#respond"]}]},{"@type":"WebPage","@id":"https:\/\/vosgesinfo.fr\/saintdieinfo\/2022\/11\/spectacle-pyrotechnique-feter-fin-dannee-a-saint-die-vosges\/","url":"https:\/\/vosgesinfo.fr\/saintdieinfo\/2022\/11\/spectacle-pyrotechnique-feter-fin-dannee-a-saint-die-vosges\/","name":"Un spectacle pyrotechnique pour f\u00eater la fin d'ann\u00e9e \u00e0 Saint-Di\u00e9-des-Vosges - Saint Die Info","isPartOf":{"@id":"https:\/\/vosgesinfo.fr\/saintdieinfo\/#website"},"primaryImageOfPage":{"@id":"https:\/\/vosgesinfo.fr\/saintdieinfo\/2022\/11\/spectacle-pyrotechnique-feter-fin-dannee-a-saint-die-vosges\/#primaryimage"},"image":{"@id":"https:\/\/vosgesinfo.fr\/saintdieinfo\/2022\/11\/spectacle-pyrotechnique-feter-fin-dannee-a-saint-die-vosges\/#primaryimage"},"thumbnailUrl":"https:\/\/vosgesinfo.fr\/app\/uploads\/sites\/4\/2024\/08\/202211lincroyable-noel-de-petit-pierre-01.jpg","datePublished":"2022-11-22T15:12:31+00:00","dateModified":"2022-11-22T15:12:31+00:00","breadcrumb":{"@id":"https:\/\/vosgesinfo.fr\/saintdieinfo\/2022\/11\/spectacle-pyrotechnique-feter-fin-dannee-a-saint-die-vosges\/#breadcrumb"},"inLanguage":"fr-FR","potentialAction":[{"@type":"ReadAction","target":["https:\/\/vosgesinfo.fr\/saintdieinfo\/2022\/11\/spectacle-pyrotechnique-feter-fin-dannee-a-saint-die-vosges\/"]}]},{"@type":"ImageObject","inLanguage":"fr-FR","@id":"https:\/\/vosgesinfo.fr\/saintdieinfo\/2022\/11\/spectacle-pyrotechnique-feter-fin-dannee-a-saint-die-vosges\/#primaryimage","url":"https:\/\/vosgesinfo.fr\/app\/uploads\/sites\/4\/2024\/08\/202211lincroyable-noel-de-petit-pierre-01.jpg","contentUrl":"https:\/\/vosgesinfo.fr\/app\/uploads\/sites\/4\/2024\/08\/202211lincroyable-noel-de-petit-pierre-01.jpg","width":567,"height":413},{"@type":"BreadcrumbList","@id":"https:\/\/vosgesinfo.fr\/saintdieinfo\/2022\/11\/spectacle-pyrotechnique-feter-fin-dannee-a-saint-die-vosges\/#breadcrumb","itemListElement":[{"@type":"ListItem","position":1,"name":"Home","item":"https:\/\/vosgesinfo.fr\/saintdieinfo\/"},{"@type":"ListItem","position":2,"name":"Un spectacle pyrotechnique pour f\u00eater la fin d&rsquo;ann\u00e9e \u00e0 Saint-Di\u00e9-des-Vosges"}]},{"@type":"WebSite","@id":"https:\/\/vosgesinfo.fr\/saintdieinfo\/#website","url":"https:\/\/vosgesinfo.fr\/saintdieinfo\/","name":"Saint Die Info","description":"Toute l&#039;actualit\u00e9 de Saint-Di\u00e9-Des-Vosges","publisher":{"@id":"https:\/\/vosgesinfo.fr\/saintdieinfo\/#organization"},"alternateName":"Toute l'actualit\u00e9 de Saint-Di\u00e9-Des-Vosges","potentialAction":[{"@type":"SearchAction","target":{"@type":"EntryPoint","urlTemplate":"https:\/\/vosgesinfo.fr\/saintdieinfo\/?s={search_term_string}"},"query-input":"required name=search_term_string"}],"inLanguage":"fr-FR"},{"@type":"Organization","@id":"https:\/\/vosgesinfo.fr\/saintdieinfo\/#organization","name":"Saint Die Info","url":"https:\/\/vosgesinfo.fr\/saintdieinfo\/","logo":{"@type":"ImageObject","inLanguage":"fr-FR","@id":"https:\/\/vosgesinfo.fr\/saintdieinfo\/#\/schema\/logo\/image\/","url":"https:\/\/vosgesinfo.fr\/app\/uploads\/sites\/4\/2024\/02\/logo-sdi.jpg","contentUrl":"https:\/\/vosgesinfo.fr\/app\/uploads\/sites\/4\/2024\/02\/logo-sdi.jpg","width":600,"height":600,"caption":"Saint Die Info"},"image":{"@id":"https:\/\/vosgesinfo.fr\/saintdieinfo\/#\/schema\/logo\/image\/"},"sameAs":["https:\/\/www.facebook.com\/Saintdieinfofr","https:\/\/x.com\/VosgesInfo88","https:\/\/www.youtube.com\/@vosgesinfo"]},{"@type":"Person","@id":"https:\/\/vosgesinfo.fr\/saintdieinfo\/#\/schema\/person\/faee6704a21f3977511db84bd1cd450f","name":"la r\u00e9daction","image":{"@type":"ImageObject","inLanguage":"fr-FR","@id":"https:\/\/vosgesinfo.fr\/saintdieinfo\/#\/schema\/person\/image\/","url":"https:\/\/secure.gravatar.com\/avatar\/6673d8bc6a9c17fa9a453eaa3448de834fa308c2ec9635b7aa99441a7c8d2cf6?s=96&d=mm&r=g","contentUrl":"https:\/\/secure.gravatar.com\/avatar\/6673d8bc6a9c17fa9a453eaa3448de834fa308c2ec9635b7aa99441a7c8d2cf6?s=96&d=mm&r=g","caption":"la r\u00e9daction"},"url":"https:\/\/vosgesinfo.fr\/saintdieinfo\/author\/redac\/"}]}},"_links":{"self":[{"href":"https:\/\/vosgesinfo.fr\/saintdieinfo\/wp-json\/wp\/v2\/posts\/59827","targetHints":{"allow":["GET"]}}],"collection":[{"href":"https:\/\/vosgesinfo.fr\/saintdieinfo\/wp-json\/wp\/v2\/posts"}],"about":[{"href":"https:\/\/vosgesinfo.fr\/saintdieinfo\/wp-json\/wp\/v2\/types\/post"}],"author":[{"embeddable":true,"href":"https:\/\/vosgesinfo.fr\/saintdieinfo\/wp-json\/wp\/v2\/users\/44"}],"replies":[{"embeddable":true,"href":"https:\/\/vosgesinfo.fr\/saintdieinfo\/wp-json\/wp\/v2\/comments?post=59827"}],"version-history":[{"count":0,"href":"https:\/\/vosgesinfo.fr\/saintdieinfo\/wp-json\/wp\/v2\/posts\/59827\/revisions"}],"wp:featuredmedia":[{"embeddable":true,"href":"https:\/\/vosgesinfo.fr\/saintdieinfo\/wp-json\/wp\/v2\/media\/59828"}],"wp:attachment":[{"href":"https:\/\/vosgesinfo.fr\/saintdieinfo\/wp-json\/wp\/v2\/media?parent=59827"}],"wp:term":[{"taxonomy":"category","embeddable":true,"href":"https:\/\/vosgesinfo.fr\/saintdieinfo\/wp-json\/wp\/v2\/categories?post=59827"},{"taxonomy":"post_tag","embeddable":true,"href":"https:\/\/vosgesinfo.fr\/saintdieinfo\/wp-json\/wp\/v2\/tags?post=59827"}],"curies":[{"name":"wp","href":"https:\/\/api.w.org\/{rel}","templated":true}]}}