{"id":59851,"date":"2022-11-23T11:59:34","date_gmt":"2022-11-23T10:59:34","guid":{"rendered":"https:\/\/vosgesinfo.fr\/saintdieinfo\/2022\/11\/vosges-nouveau-dispositif-numerique-de-recueil-demandes-de-carte-didentite-passeport\/"},"modified":"2022-11-23T11:59:34","modified_gmt":"2022-11-23T10:59:34","slug":"vosges-nouveau-dispositif-numerique-de-recueil-demandes-de-carte-didentite-passeport","status":"publish","type":"post","link":"https:\/\/vosgesinfo.fr\/saintdieinfo\/2022\/11\/vosges-nouveau-dispositif-numerique-de-recueil-demandes-de-carte-didentite-passeport\/","title":{"rendered":"Vosges \u2013 Un nouveau dispositif num\u00e9rique de recueil des demandes de carte d\u2019identit\u00e9 et passeport"},"content":{"rendered":"<div class=\"x11i5rnm xat24cr x1mh8g0r x1vvkbs xdj266r x126k92a\">\n<div id=\"attachment_193096\" style=\"width: 810px\" class=\"wp-caption aligncenter\"><a href=\"\/2022\/11\/315752596_453483553597389_5163056609921251813_n.jpg\" target=\"_blank\" rel=\"noopener\"><img decoding=\"async\" aria-describedby=\"caption-attachment-193096\" class=\"wp-image-193096 size-full\" src=\"\/2022\/11\/315752596_453483553597389_5163056609921251813_n.jpg\" alt=\"315752596_453483553597389_5163056609921251813_n\" width=\"800\" height=\"600\" \/><\/a><p id=\"caption-attachment-193096\" class=\"wp-caption-text\">(Photographies Pr\u00e9fecture des Vosges)<\/p><\/div>\n<h2 dir=\"auto\"><strong><span style=\"font-size: 14pt;\">David Percheron, secr\u00e9taire g\u00e9n\u00e9ral de la pr\u00e9fecture, sous-pr\u00e9fet de l\u2019arrondissement d\u2019\u00c9pinal, s\u2019est rendu ce mardi matin \u00e0 la pr\u00e9sentation d\u2019un nouveau dispositif de recueil num\u00e9rique des demandes Carte nationale d\u2019identit\u00e9\/Passeport de la commune de Xertigny.<\/span><\/strong><\/h2>\n<\/div>\n<p><!--more--><\/p>\n<p>Mardi 22 novembre 2022, David Percheron, secr\u00e9taire g\u00e9n\u00e9ral de la pr\u00e9fecture et sous-pr\u00e9fet de l\u2019arrondissement d\u2019\u00c9pinal, s\u2019est rendu \u00e0 Xertigny pour d\u00e9couvrir ce nouveau mat\u00e9riel d\u00e9ploy\u00e9 en mairie et \u00e9changer avec Marcot, maire de la commune, et ses services sur l\u2019organisation mise en place pour accueillir les usagers.<\/p>\n<p>Depuis quelques jours, la commune de Xertigny a ouvert un nouveau service en mairie, pour permettre aux usagers d\u2019enregistrer leurs demandes de CNI et de passeports. Le service localis\u00e9 au sein de la Mairie de la Xertigny se situe au 1 Le Ch\u00e2teau, 88220 Xertigny.<\/p>\n<p>Les citoyens peuvent prendre RDV aupr\u00e8s de la Mairie au: 03.29.30.10.34 toute la semaine du Lundi au Vendredi. Jours et horaires d\u2019ouverture du service d\u2019enregistrement des CNI et passeports:<\/p>\n<p>Lundi de 8h10 \u00e0 12h00 et 14h00 \u00e0 17h30<\/p>\n<p>Mercredi de 8h10 \u00e0 12h00 et 14h00 \u00e0 17h30<\/p>\n<p>Jeudi de 8h10 \u00e0 12h00<\/p>\n<p>Premier Samedi de chaque mois de 9h00 \u00e0 12h00<\/p>\n<p>Jusqu\u2019\u00e0 cet \u00e9t\u00e9, le d\u00e9partement des Vosges \u00e9tait dot\u00e9 de 24 dispositifs de recueil (DR) fixes install\u00e9s dans 21communes vosgiennes: Epinal (3 stations), Remiremont et Saint Di\u00e9 des Vosges (2 stations), Remiremont, Thaon les Vosges, Golbey, G\u00e9rardmer, La Bresse, Neufch\u00e2teau, Mirecourt, Vittel, Charmes, Rambervillers, Raonl\u2019Etape, Fraize, Senones, Le Thillot, Bruy\u00e8res, Chantraine, Lamarche et Darney (1 station dans chaque mairie).<\/p>\n<p>Dans le cadre du plan d\u2019urgence CNI passeports engag\u00e9 en mai dernier par le Minist\u00e8re, la pr\u00e9fecture a obtenu un second DR mobile pour ses services, qui a \u00e9t\u00e9 d\u00e9ploy\u00e9 en juin, ainsi que deux stations fixes pour deux communes qui conventionnaient auparavant pour l\u2019utilisation du DR mobile de la pr\u00e9fecture.<\/p>\n<p>Le d\u00e9ploiement de la 25e station en mairie de Vagney depuis mi ao\u00fbt a augment\u00e9 l\u2019offre de service dans led\u00e9partement.Le maillage territorial est d\u00e9sormais abouti avec une 26\u00e8me station au sud d\u2019\u00c9pinal, en mairie de Xertigny.<\/p>\n<p>Cette implantation offre au secteur de la V\u00f4ge un service public de proximit\u00e9 p\u00e9renne. Ce sont donc d\u00e9sormais 23 communes vosgiennes qui sont dot\u00e9es d\u2019au moins un dispositif de recueil des demandes de titres.<\/p>\n<p>Il est \u00e0 souligner que les d\u00e9lais de RDV dans les mairies vosgiennes est parmi les meilleurs au niveau national,avec un d\u00e9lai moyen \u00e9tant selon les semaines entre 13 et 20 jours depuis la rentr\u00e9e de septembre.<\/p>\n<p>Les mairies se sont adapt\u00e9es depuis cet \u00e9t\u00e9 pour accueillir dans des conditions optimales les usagers et beaucoup d\u2019entre elles les accueillent sans rendez-vous (avec dossier complet) ou peuvent les recevoir dans la semaine suivant leur prise de contact.<\/p>\n<p>Elles sont aujourd\u2019hui toujours fortement sollicit\u00e9es par les usagers de d\u00e9partements limitrophes (Bas-Rhin,Haut-Rhin, Meurthe et Moselle) mais aussi de plus loin (r\u00e9gion parisienne, autres d\u00e9partements du quart nord-est de la France).<\/p>\n<div class=\"x11i5rnm xat24cr x1mh8g0r x1vvkbs xtlvy1s x126k92a\">\n<div dir=\"auto\">Retrouvez toutes les infos du dispositif sur\u00a0<a class=\"x1i10hfl xjbqb8w x6umtig x1b1mbwd xaqea5y xav7gou x9f619 x1ypdohk xt0psk2 xe8uvvx xdj266r x11i5rnm xat24cr x1mh8g0r xexx8yu x4uap5 x18d9i69 xkhd6sd x16tdsg8 x1hl2dhg xggy1nq x1a2a7pz xt0b8zv x1fey0fg\" tabindex=\"0\" href=\"https:\/\/bit.ly\/cni-xertigny\" target=\"_blank\" rel=\"nofollow noopener\">https:\/\/bit.ly\/cni-xertigny<\/a><\/div>\n<div dir=\"auto\">\n\n<\/div>\n<\/div>\n","protected":false},"excerpt":{"rendered":"<p>David Percheron, secr\u00e9taire g\u00e9n\u00e9ral de la pr\u00e9fecture, sous-pr\u00e9fet de l\u2019arrondissement d\u2019\u00c9pinal, s\u2019est rendu ce mardi matin \u00e0 la pr\u00e9sentation d\u2019un [&hellip;]<\/p>\n","protected":false},"author":44,"featured_media":59852,"comment_status":"open","ping_status":"open","sticky":false,"template":"","format":"standard","meta":{"footnotes":""},"categories":[460,18],"tags":[13196,8053,13197,550,1145],"class_list":["post-59851","post","type-post","status-publish","format-standard","has-post-thumbnail","hentry","category-a-la-une","category-vosges","tag-carte-nationale-didentite","tag-david-percheron","tag-passeport","tag-prefecture-des-vosges","tag-xertigny"],"acf":[],"yoast_head":"<!-- This site is optimized with the Yoast SEO plugin v22.5 - https:\/\/yoast.com\/wordpress\/plugins\/seo\/ -->\n<title>Vosges \u2013 Un nouveau dispositif num\u00e9rique de recueil des demandes de carte d\u2019identit\u00e9 et passeport - Saint Die Info<\/title>\n<meta name=\"robots\" content=\"index, follow, max-snippet:-1, max-image-preview:large, max-video-preview:-1\" \/>\n<link rel=\"canonical\" href=\"https:\/\/vosgesinfo.fr\/saintdieinfo\/2022\/11\/vosges-nouveau-dispositif-numerique-de-recueil-demandes-de-carte-didentite-passeport\/\" \/>\n<meta name=\"twitter:card\" content=\"summary_large_image\" \/>\n<meta name=\"twitter:title\" content=\"Vosges \u2013 Un nouveau dispositif num\u00e9rique de recueil des demandes de carte d\u2019identit\u00e9 et passeport - Saint Die Info\" \/>\n<meta name=\"twitter:description\" content=\"David Percheron, secr\u00e9taire g\u00e9n\u00e9ral de la pr\u00e9fecture, sous-pr\u00e9fet de l\u2019arrondissement d\u2019\u00c9pinal, s\u2019est rendu ce mardi matin \u00e0 la pr\u00e9sentation d\u2019un [&hellip;]\" \/>\n<meta name=\"twitter:image\" content=\"https:\/\/vosgesinfo.fr\/app\/uploads\/sites\/4\/2024\/08\/202211315752596-453483553597389-5163056609921251813-n.jpg\" \/>\n<meta name=\"twitter:creator\" content=\"@VosgesInfo88\" \/>\n<meta name=\"twitter:site\" content=\"@VosgesInfo88\" \/>\n<meta name=\"twitter:label1\" content=\"\u00c9crit par\" \/>\n\t<meta name=\"twitter:data1\" content=\"la r\u00e9daction\" \/>\n\t<meta name=\"twitter:label2\" content=\"Dur\u00e9e de lecture estim\u00e9e\" \/>\n\t<meta name=\"twitter:data2\" content=\"3 minutes\" \/>\n<script type=\"application\/ld+json\" class=\"yoast-schema-graph\">{\"@context\":\"https:\/\/schema.org\",\"@graph\":[{\"@type\":\"Article\",\"@id\":\"https:\/\/vosgesinfo.fr\/saintdieinfo\/2022\/11\/vosges-nouveau-dispositif-numerique-de-recueil-demandes-de-carte-didentite-passeport\/#article\",\"isPartOf\":{\"@id\":\"https:\/\/vosgesinfo.fr\/saintdieinfo\/2022\/11\/vosges-nouveau-dispositif-numerique-de-recueil-demandes-de-carte-didentite-passeport\/\"},\"author\":{\"name\":\"la r\u00e9daction\",\"@id\":\"https:\/\/vosgesinfo.fr\/saintdieinfo\/#\/schema\/person\/faee6704a21f3977511db84bd1cd450f\"},\"headline\":\"Vosges \u2013 Un nouveau dispositif num\u00e9rique de recueil des demandes de carte d\u2019identit\u00e9 et passeport\",\"datePublished\":\"2022-11-23T10:59:34+00:00\",\"dateModified\":\"2022-11-23T10:59:34+00:00\",\"mainEntityOfPage\":{\"@id\":\"https:\/\/vosgesinfo.fr\/saintdieinfo\/2022\/11\/vosges-nouveau-dispositif-numerique-de-recueil-demandes-de-carte-didentite-passeport\/\"},\"wordCount\":566,\"commentCount\":0,\"publisher\":{\"@id\":\"https:\/\/vosgesinfo.fr\/saintdieinfo\/#organization\"},\"image\":{\"@id\":\"https:\/\/vosgesinfo.fr\/saintdieinfo\/2022\/11\/vosges-nouveau-dispositif-numerique-de-recueil-demandes-de-carte-didentite-passeport\/#primaryimage\"},\"thumbnailUrl\":\"https:\/\/vosgesinfo.fr\/app\/uploads\/sites\/4\/2024\/08\/202211315752596-453483553597389-5163056609921251813-n.jpg\",\"keywords\":[\"Carte Nationale d'Identit\u00e9\",\"David Percheron\",\"Passeport\",\"pr\u00e9fecture des Vosges\",\"Xertigny\"],\"articleSection\":[\"A la Une\",\"Vosges\"],\"inLanguage\":\"fr-FR\",\"potentialAction\":[{\"@type\":\"CommentAction\",\"name\":\"Comment\",\"target\":[\"https:\/\/vosgesinfo.fr\/saintdieinfo\/2022\/11\/vosges-nouveau-dispositif-numerique-de-recueil-demandes-de-carte-didentite-passeport\/#respond\"]}]},{\"@type\":\"WebPage\",\"@id\":\"https:\/\/vosgesinfo.fr\/saintdieinfo\/2022\/11\/vosges-nouveau-dispositif-numerique-de-recueil-demandes-de-carte-didentite-passeport\/\",\"url\":\"https:\/\/vosgesinfo.fr\/saintdieinfo\/2022\/11\/vosges-nouveau-dispositif-numerique-de-recueil-demandes-de-carte-didentite-passeport\/\",\"name\":\"Vosges \u2013 Un nouveau dispositif num\u00e9rique de recueil des demandes de carte d\u2019identit\u00e9 et passeport - Saint Die Info\",\"isPartOf\":{\"@id\":\"https:\/\/vosgesinfo.fr\/saintdieinfo\/#website\"},\"primaryImageOfPage\":{\"@id\":\"https:\/\/vosgesinfo.fr\/saintdieinfo\/2022\/11\/vosges-nouveau-dispositif-numerique-de-recueil-demandes-de-carte-didentite-passeport\/#primaryimage\"},\"image\":{\"@id\":\"https:\/\/vosgesinfo.fr\/saintdieinfo\/2022\/11\/vosges-nouveau-dispositif-numerique-de-recueil-demandes-de-carte-didentite-passeport\/#primaryimage\"},\"thumbnailUrl\":\"https:\/\/vosgesinfo.fr\/app\/uploads\/sites\/4\/2024\/08\/202211315752596-453483553597389-5163056609921251813-n.jpg\",\"datePublished\":\"2022-11-23T10:59:34+00:00\",\"dateModified\":\"2022-11-23T10:59:34+00:00\",\"breadcrumb\":{\"@id\":\"https:\/\/vosgesinfo.fr\/saintdieinfo\/2022\/11\/vosges-nouveau-dispositif-numerique-de-recueil-demandes-de-carte-didentite-passeport\/#breadcrumb\"},\"inLanguage\":\"fr-FR\",\"potentialAction\":[{\"@type\":\"ReadAction\",\"target\":[\"https:\/\/vosgesinfo.fr\/saintdieinfo\/2022\/11\/vosges-nouveau-dispositif-numerique-de-recueil-demandes-de-carte-didentite-passeport\/\"]}]},{\"@type\":\"ImageObject\",\"inLanguage\":\"fr-FR\",\"@id\":\"https:\/\/vosgesinfo.fr\/saintdieinfo\/2022\/11\/vosges-nouveau-dispositif-numerique-de-recueil-demandes-de-carte-didentite-passeport\/#primaryimage\",\"url\":\"https:\/\/vosgesinfo.fr\/app\/uploads\/sites\/4\/2024\/08\/202211315752596-453483553597389-5163056609921251813-n.jpg\",\"contentUrl\":\"https:\/\/vosgesinfo.fr\/app\/uploads\/sites\/4\/2024\/08\/202211315752596-453483553597389-5163056609921251813-n.jpg\",\"width\":800,\"height\":600},{\"@type\":\"BreadcrumbList\",\"@id\":\"https:\/\/vosgesinfo.fr\/saintdieinfo\/2022\/11\/vosges-nouveau-dispositif-numerique-de-recueil-demandes-de-carte-didentite-passeport\/#breadcrumb\",\"itemListElement\":[{\"@type\":\"ListItem\",\"position\":1,\"name\":\"Home\",\"item\":\"https:\/\/vosgesinfo.fr\/saintdieinfo\/\"},{\"@type\":\"ListItem\",\"position\":2,\"name\":\"Vosges \u2013 Un nouveau dispositif num\u00e9rique de recueil des demandes de carte d\u2019identit\u00e9 et passeport\"}]},{\"@type\":\"WebSite\",\"@id\":\"https:\/\/vosgesinfo.fr\/saintdieinfo\/#website\",\"url\":\"https:\/\/vosgesinfo.fr\/saintdieinfo\/\",\"name\":\"Saint Die Info\",\"description\":\"Toute l&#039;actualit\u00e9 de Saint-Di\u00e9-Des-Vosges\",\"publisher\":{\"@id\":\"https:\/\/vosgesinfo.fr\/saintdieinfo\/#organization\"},\"alternateName\":\"Toute l'actualit\u00e9 de Saint-Di\u00e9-Des-Vosges\",\"potentialAction\":[{\"@type\":\"SearchAction\",\"target\":{\"@type\":\"EntryPoint\",\"urlTemplate\":\"https:\/\/vosgesinfo.fr\/saintdieinfo\/?s={search_term_string}\"},\"query-input\":\"required name=search_term_string\"}],\"inLanguage\":\"fr-FR\"},{\"@type\":\"Organization\",\"@id\":\"https:\/\/vosgesinfo.fr\/saintdieinfo\/#organization\",\"name\":\"Saint Die Info\",\"url\":\"https:\/\/vosgesinfo.fr\/saintdieinfo\/\",\"logo\":{\"@type\":\"ImageObject\",\"inLanguage\":\"fr-FR\",\"@id\":\"https:\/\/vosgesinfo.fr\/saintdieinfo\/#\/schema\/logo\/image\/\",\"url\":\"https:\/\/vosgesinfo.fr\/app\/uploads\/sites\/4\/2024\/02\/logo-sdi.jpg\",\"contentUrl\":\"https:\/\/vosgesinfo.fr\/app\/uploads\/sites\/4\/2024\/02\/logo-sdi.jpg\",\"width\":600,\"height\":600,\"caption\":\"Saint Die Info\"},\"image\":{\"@id\":\"https:\/\/vosgesinfo.fr\/saintdieinfo\/#\/schema\/logo\/image\/\"},\"sameAs\":[\"https:\/\/www.facebook.com\/Saintdieinfofr\",\"https:\/\/x.com\/VosgesInfo88\",\"https:\/\/www.youtube.com\/@vosgesinfo\"]},{\"@type\":\"Person\",\"@id\":\"https:\/\/vosgesinfo.fr\/saintdieinfo\/#\/schema\/person\/faee6704a21f3977511db84bd1cd450f\",\"name\":\"la r\u00e9daction\",\"image\":{\"@type\":\"ImageObject\",\"inLanguage\":\"fr-FR\",\"@id\":\"https:\/\/vosgesinfo.fr\/saintdieinfo\/#\/schema\/person\/image\/\",\"url\":\"https:\/\/secure.gravatar.com\/avatar\/6673d8bc6a9c17fa9a453eaa3448de834fa308c2ec9635b7aa99441a7c8d2cf6?s=96&d=mm&r=g\",\"contentUrl\":\"https:\/\/secure.gravatar.com\/avatar\/6673d8bc6a9c17fa9a453eaa3448de834fa308c2ec9635b7aa99441a7c8d2cf6?s=96&d=mm&r=g\",\"caption\":\"la r\u00e9daction\"},\"url\":\"https:\/\/vosgesinfo.fr\/saintdieinfo\/author\/redac\/\"}]}<\/script>\n<!-- \/ Yoast SEO plugin. -->","yoast_head_json":{"title":"Vosges \u2013 Un nouveau dispositif num\u00e9rique de recueil des demandes de carte d\u2019identit\u00e9 et passeport - Saint Die Info","robots":{"index":"index","follow":"follow","max-snippet":"max-snippet:-1","max-image-preview":"max-image-preview:large","max-video-preview":"max-video-preview:-1"},"canonical":"https:\/\/vosgesinfo.fr\/saintdieinfo\/2022\/11\/vosges-nouveau-dispositif-numerique-de-recueil-demandes-de-carte-didentite-passeport\/","twitter_card":"summary_large_image","twitter_title":"Vosges \u2013 Un nouveau dispositif num\u00e9rique de recueil des demandes de carte d\u2019identit\u00e9 et passeport - Saint Die Info","twitter_description":"David Percheron, secr\u00e9taire g\u00e9n\u00e9ral de la pr\u00e9fecture, sous-pr\u00e9fet de l\u2019arrondissement d\u2019\u00c9pinal, s\u2019est rendu ce mardi matin \u00e0 la pr\u00e9sentation d\u2019un [&hellip;]","twitter_image":"https:\/\/vosgesinfo.fr\/app\/uploads\/sites\/4\/2024\/08\/202211315752596-453483553597389-5163056609921251813-n.jpg","twitter_creator":"@VosgesInfo88","twitter_site":"@VosgesInfo88","twitter_misc":{"\u00c9crit par":"la r\u00e9daction","Dur\u00e9e de lecture estim\u00e9e":"3 minutes"},"schema":{"@context":"https:\/\/schema.org","@graph":[{"@type":"Article","@id":"https:\/\/vosgesinfo.fr\/saintdieinfo\/2022\/11\/vosges-nouveau-dispositif-numerique-de-recueil-demandes-de-carte-didentite-passeport\/#article","isPartOf":{"@id":"https:\/\/vosgesinfo.fr\/saintdieinfo\/2022\/11\/vosges-nouveau-dispositif-numerique-de-recueil-demandes-de-carte-didentite-passeport\/"},"author":{"name":"la r\u00e9daction","@id":"https:\/\/vosgesinfo.fr\/saintdieinfo\/#\/schema\/person\/faee6704a21f3977511db84bd1cd450f"},"headline":"Vosges \u2013 Un nouveau dispositif num\u00e9rique de recueil des demandes de carte d\u2019identit\u00e9 et passeport","datePublished":"2022-11-23T10:59:34+00:00","dateModified":"2022-11-23T10:59:34+00:00","mainEntityOfPage":{"@id":"https:\/\/vosgesinfo.fr\/saintdieinfo\/2022\/11\/vosges-nouveau-dispositif-numerique-de-recueil-demandes-de-carte-didentite-passeport\/"},"wordCount":566,"commentCount":0,"publisher":{"@id":"https:\/\/vosgesinfo.fr\/saintdieinfo\/#organization"},"image":{"@id":"https:\/\/vosgesinfo.fr\/saintdieinfo\/2022\/11\/vosges-nouveau-dispositif-numerique-de-recueil-demandes-de-carte-didentite-passeport\/#primaryimage"},"thumbnailUrl":"https:\/\/vosgesinfo.fr\/app\/uploads\/sites\/4\/2024\/08\/202211315752596-453483553597389-5163056609921251813-n.jpg","keywords":["Carte Nationale d'Identit\u00e9","David Percheron","Passeport","pr\u00e9fecture des Vosges","Xertigny"],"articleSection":["A la Une","Vosges"],"inLanguage":"fr-FR","potentialAction":[{"@type":"CommentAction","name":"Comment","target":["https:\/\/vosgesinfo.fr\/saintdieinfo\/2022\/11\/vosges-nouveau-dispositif-numerique-de-recueil-demandes-de-carte-didentite-passeport\/#respond"]}]},{"@type":"WebPage","@id":"https:\/\/vosgesinfo.fr\/saintdieinfo\/2022\/11\/vosges-nouveau-dispositif-numerique-de-recueil-demandes-de-carte-didentite-passeport\/","url":"https:\/\/vosgesinfo.fr\/saintdieinfo\/2022\/11\/vosges-nouveau-dispositif-numerique-de-recueil-demandes-de-carte-didentite-passeport\/","name":"Vosges \u2013 Un nouveau dispositif num\u00e9rique de recueil des demandes de carte d\u2019identit\u00e9 et passeport - Saint Die Info","isPartOf":{"@id":"https:\/\/vosgesinfo.fr\/saintdieinfo\/#website"},"primaryImageOfPage":{"@id":"https:\/\/vosgesinfo.fr\/saintdieinfo\/2022\/11\/vosges-nouveau-dispositif-numerique-de-recueil-demandes-de-carte-didentite-passeport\/#primaryimage"},"image":{"@id":"https:\/\/vosgesinfo.fr\/saintdieinfo\/2022\/11\/vosges-nouveau-dispositif-numerique-de-recueil-demandes-de-carte-didentite-passeport\/#primaryimage"},"thumbnailUrl":"https:\/\/vosgesinfo.fr\/app\/uploads\/sites\/4\/2024\/08\/202211315752596-453483553597389-5163056609921251813-n.jpg","datePublished":"2022-11-23T10:59:34+00:00","dateModified":"2022-11-23T10:59:34+00:00","breadcrumb":{"@id":"https:\/\/vosgesinfo.fr\/saintdieinfo\/2022\/11\/vosges-nouveau-dispositif-numerique-de-recueil-demandes-de-carte-didentite-passeport\/#breadcrumb"},"inLanguage":"fr-FR","potentialAction":[{"@type":"ReadAction","target":["https:\/\/vosgesinfo.fr\/saintdieinfo\/2022\/11\/vosges-nouveau-dispositif-numerique-de-recueil-demandes-de-carte-didentite-passeport\/"]}]},{"@type":"ImageObject","inLanguage":"fr-FR","@id":"https:\/\/vosgesinfo.fr\/saintdieinfo\/2022\/11\/vosges-nouveau-dispositif-numerique-de-recueil-demandes-de-carte-didentite-passeport\/#primaryimage","url":"https:\/\/vosgesinfo.fr\/app\/uploads\/sites\/4\/2024\/08\/202211315752596-453483553597389-5163056609921251813-n.jpg","contentUrl":"https:\/\/vosgesinfo.fr\/app\/uploads\/sites\/4\/2024\/08\/202211315752596-453483553597389-5163056609921251813-n.jpg","width":800,"height":600},{"@type":"BreadcrumbList","@id":"https:\/\/vosgesinfo.fr\/saintdieinfo\/2022\/11\/vosges-nouveau-dispositif-numerique-de-recueil-demandes-de-carte-didentite-passeport\/#breadcrumb","itemListElement":[{"@type":"ListItem","position":1,"name":"Home","item":"https:\/\/vosgesinfo.fr\/saintdieinfo\/"},{"@type":"ListItem","position":2,"name":"Vosges \u2013 Un nouveau dispositif num\u00e9rique de recueil des demandes de carte d\u2019identit\u00e9 et passeport"}]},{"@type":"WebSite","@id":"https:\/\/vosgesinfo.fr\/saintdieinfo\/#website","url":"https:\/\/vosgesinfo.fr\/saintdieinfo\/","name":"Saint Die Info","description":"Toute l&#039;actualit\u00e9 de Saint-Di\u00e9-Des-Vosges","publisher":{"@id":"https:\/\/vosgesinfo.fr\/saintdieinfo\/#organization"},"alternateName":"Toute l'actualit\u00e9 de Saint-Di\u00e9-Des-Vosges","potentialAction":[{"@type":"SearchAction","target":{"@type":"EntryPoint","urlTemplate":"https:\/\/vosgesinfo.fr\/saintdieinfo\/?s={search_term_string}"},"query-input":"required name=search_term_string"}],"inLanguage":"fr-FR"},{"@type":"Organization","@id":"https:\/\/vosgesinfo.fr\/saintdieinfo\/#organization","name":"Saint Die Info","url":"https:\/\/vosgesinfo.fr\/saintdieinfo\/","logo":{"@type":"ImageObject","inLanguage":"fr-FR","@id":"https:\/\/vosgesinfo.fr\/saintdieinfo\/#\/schema\/logo\/image\/","url":"https:\/\/vosgesinfo.fr\/app\/uploads\/sites\/4\/2024\/02\/logo-sdi.jpg","contentUrl":"https:\/\/vosgesinfo.fr\/app\/uploads\/sites\/4\/2024\/02\/logo-sdi.jpg","width":600,"height":600,"caption":"Saint Die Info"},"image":{"@id":"https:\/\/vosgesinfo.fr\/saintdieinfo\/#\/schema\/logo\/image\/"},"sameAs":["https:\/\/www.facebook.com\/Saintdieinfofr","https:\/\/x.com\/VosgesInfo88","https:\/\/www.youtube.com\/@vosgesinfo"]},{"@type":"Person","@id":"https:\/\/vosgesinfo.fr\/saintdieinfo\/#\/schema\/person\/faee6704a21f3977511db84bd1cd450f","name":"la r\u00e9daction","image":{"@type":"ImageObject","inLanguage":"fr-FR","@id":"https:\/\/vosgesinfo.fr\/saintdieinfo\/#\/schema\/person\/image\/","url":"https:\/\/secure.gravatar.com\/avatar\/6673d8bc6a9c17fa9a453eaa3448de834fa308c2ec9635b7aa99441a7c8d2cf6?s=96&d=mm&r=g","contentUrl":"https:\/\/secure.gravatar.com\/avatar\/6673d8bc6a9c17fa9a453eaa3448de834fa308c2ec9635b7aa99441a7c8d2cf6?s=96&d=mm&r=g","caption":"la r\u00e9daction"},"url":"https:\/\/vosgesinfo.fr\/saintdieinfo\/author\/redac\/"}]}},"_links":{"self":[{"href":"https:\/\/vosgesinfo.fr\/saintdieinfo\/wp-json\/wp\/v2\/posts\/59851","targetHints":{"allow":["GET"]}}],"collection":[{"href":"https:\/\/vosgesinfo.fr\/saintdieinfo\/wp-json\/wp\/v2\/posts"}],"about":[{"href":"https:\/\/vosgesinfo.fr\/saintdieinfo\/wp-json\/wp\/v2\/types\/post"}],"author":[{"embeddable":true,"href":"https:\/\/vosgesinfo.fr\/saintdieinfo\/wp-json\/wp\/v2\/users\/44"}],"replies":[{"embeddable":true,"href":"https:\/\/vosgesinfo.fr\/saintdieinfo\/wp-json\/wp\/v2\/comments?post=59851"}],"version-history":[{"count":0,"href":"https:\/\/vosgesinfo.fr\/saintdieinfo\/wp-json\/wp\/v2\/posts\/59851\/revisions"}],"wp:featuredmedia":[{"embeddable":true,"href":"https:\/\/vosgesinfo.fr\/saintdieinfo\/wp-json\/wp\/v2\/media\/59852"}],"wp:attachment":[{"href":"https:\/\/vosgesinfo.fr\/saintdieinfo\/wp-json\/wp\/v2\/media?parent=59851"}],"wp:term":[{"taxonomy":"category","embeddable":true,"href":"https:\/\/vosgesinfo.fr\/saintdieinfo\/wp-json\/wp\/v2\/categories?post=59851"},{"taxonomy":"post_tag","embeddable":true,"href":"https:\/\/vosgesinfo.fr\/saintdieinfo\/wp-json\/wp\/v2\/tags?post=59851"}],"curies":[{"name":"wp","href":"https:\/\/api.w.org\/{rel}","templated":true}]}}