{"id":59856,"date":"2022-11-23T14:11:45","date_gmt":"2022-11-23T13:11:45","guid":{"rendered":"https:\/\/vosgesinfo.fr\/saintdieinfo\/2022\/11\/telethon-nouvelle-dynamique-a-saint-die-vosges\/"},"modified":"2022-11-23T14:11:45","modified_gmt":"2022-11-23T13:11:45","slug":"telethon-nouvelle-dynamique-a-saint-die-vosges","status":"publish","type":"post","link":"https:\/\/vosgesinfo.fr\/saintdieinfo\/2022\/11\/telethon-nouvelle-dynamique-a-saint-die-vosges\/","title":{"rendered":"Le T\u00e9l\u00e9thon sur une nouvelle dynamique \u00e0 Saint-Di\u00e9-des-Vosges"},"content":{"rendered":"<div id=\"attachment_193082\" style=\"width: 970px\" class=\"wp-caption aligncenter\"><a href=\"\/2022\/11\/Pr\u00e9sentation_T\u00e9l\u00e9thon_SDDV-1.jpg\" target=\"_blank\" rel=\"noopener\"><img decoding=\"async\" aria-describedby=\"caption-attachment-193082\" class=\"wp-image-193082 size-large\" src=\"\/2022\/11\/Pr\u00e9sentation_T\u00e9l\u00e9thon_SDDV-1-1024x771.jpg\" alt=\"Pr\u00e9sentation_T\u00e9l\u00e9thon_SDDV (1)\" width=\"960\" height=\"723\" \/><\/a><p id=\"caption-attachment-193082\" class=\"wp-caption-text\">Lyla Regaia et Jean-Fran\u00e7ois Bruelle ont pr\u00e9sent\u00e9 ce mercredi matin le T\u00e9l\u00e9thon 2022 \u00e0 Saint-Di\u00e9-des-Vosges.<\/p><\/div>\n<h2><strong><span style=\"font-size: 14pt;\">\u00ab\u00a0Le T\u00e9l\u00e9thon \u00e0 Saint-Di\u00e9-des-Vosges \u00e9tait endormi, un peu tomb\u00e9 en d\u00e9su\u00e9tude, l&rsquo;\u00e9nergie \u00e9tait perdue. La Municipalit\u00e9 a d\u00e9cid\u00e9 de le relancer l&rsquo;an dernier.\u00a0\u00bb L&rsquo;adjoint Jean-Fran\u00e7ois Bruelle a donn\u00e9 le ton ce mercredi matin lors de la pr\u00e9sentation de l&rsquo;\u00e9cho d\u00e9odatien au 36e T\u00e9l\u00e9thon.<\/span><\/strong><\/h2>\n<p><!--more--><\/p>\n<p>Si le T\u00e9l\u00e9thon a en effet \u00e9t\u00e9 relanc\u00e9 en 2021 \u00e0 Saint-Di\u00e9-des-Vosges, apr\u00e8s une mise entre parenth\u00e8ses en raison de la crise sanitaire, il s&rsquo;agit cette ann\u00e9e de retrouver une dynamique locale autour de cet \u00e9lan de solidarit\u00e9 nationale. \u00ab\u00a0Depuis 2 ans maintenant il y a une prise de contact entre la Ville et les associations. On souhaite \u00eatre sur une dynamique similaire \u00e0 celle d&rsquo;Octobre Rose On a notamment remis en place des groupes de travail, qui permettent de coordonner toutes les id\u00e9es\u00a0\u00bb pr\u00e9cise Lyla Regaia du CCAS, coordinatrice de la manifestation.<\/p>\n<p>Et quoi de plus judicieux que le v\u00e9lo pour insuffler cette nouvelle dynamique\u00a0? Car le v\u00e9lo sera le fil rouge du T\u00e9l\u00e9thon d\u00e9odatien, avec un temps fort organis\u00e9 par la Ville le vendredi 2 d\u00e9cembre prochain, de 17h \u00e0 22h \u00e0 la salle Carbonnar. Au programme\u00a0: du p\u00e9dalage, encore du p\u00e9dale et toujours du p\u00e9dalage&#8230; mais de mani\u00e8re ludique, avec par exemple le \u00ab\u00a0v\u00e9lo tourne disque\u00a0\u00bb, qui permettra d&rsquo;\u00e9couter un disque 45 tours choisi au pr\u00e9alable en p\u00e9dalant, ou le \u00ab\u00a0Smoocycle\u00a0\u00bb, une animation originale o\u00f9 p\u00e9daler \u00e9quivaut \u00e0 mixer des fruits qui serviront \u00e0 produire un smoothie. \u00ab\u00a0L&rsquo;id\u00e9e de cette soir\u00e9e conviviale est que les gens viennent en famille ou entre amis, qu&rsquo;ils participent aux animations durant 30 minutes, 45 minutes voire une heure\u00a0\u00bb soulignent Jean-Fran\u00e7ois Bruelle et Lyla Regaia. Sont \u00e9galement de la partie les Santiags de l&rsquo;Est, Mel Fitness et danse, Dans sans compter et l&rsquo;ensemble chorale Is\u00e9goria. Le tout sans oublier la buvette et la vente de cr\u00eapes, pour se d\u00e9salt\u00e9rer et se restaurer.<\/p>\n<p>Et en marge de ce temps fort, l&rsquo;association Sporty Gym, la Soci\u00e9t\u00e9 de Tir, l&rsquo;Union Cyclotouriste Vosgienne et le Club Vosgien organiseront des sorties, un cours et une initiation. Quant \u00e0 la collecte de piles usag\u00e9es, de l&rsquo;op\u00e9ration \u00ab\u00a01 pile = 1 don\u00a0\u00bb, elle se d\u00e9roulera du 1er au 31 d\u00e9cembre, avec des points de collecte \u00e0 l&rsquo;H\u00f4tel et de Ville, place Jules-Ferry, ainsi qu&rsquo;au CCAS, au 26 rue d&rsquo;Am\u00e9rique.<\/p>\n<p><a href=\"\/2022\/11\/Pr\u00e9sentation_T\u00e9l\u00e9thon_SDDV-2.jpg\" target=\"_blank\" rel=\"noopener\"><img decoding=\"async\" class=\"aligncenter wp-image-193083 size-large\" src=\"\/2022\/11\/Pr\u00e9sentation_T\u00e9l\u00e9thon_SDDV-2-1024x771.jpg\" alt=\"Pr\u00e9sentation_T\u00e9l\u00e9thon_SDDV (2)\" width=\"960\" height=\"723\" \/><\/a><\/p>\n<h3><strong><span style=\"font-size: 12pt;\">Le programme d\u00e9taill\u00e9 du T\u00e9l\u00e9thon 2022 \u00e0 Saint-Di\u00e9-des-Vosges\u00a0:<\/span><\/strong><\/h3>\n<div id=\"attachment_193085\" style=\"width: 970px\" class=\"wp-caption aligncenter\"><a href=\"\/2022\/11\/Programme_T\u00e9l\u00e9thon_SDDV_2022-2.jpg\" target=\"_blank\" rel=\"noopener\"><img decoding=\"async\" aria-describedby=\"caption-attachment-193085\" class=\"wp-image-193085 size-large\" src=\"\/2022\/11\/Programme_T\u00e9l\u00e9thon_SDDV_2022-2-1024x724.jpg\" alt=\"Programme_T\u00e9l\u00e9thon_SDDV_2022 (2)\" width=\"960\" height=\"679\" \/><\/a><p id=\"caption-attachment-193085\" class=\"wp-caption-text\">(Cliquer pour agrandir)<\/p><\/div>\n<p>J.J.<\/p>\n","protected":false},"excerpt":{"rendered":"<p>\u00ab\u00a0Le T\u00e9l\u00e9thon \u00e0 Saint-Di\u00e9-des-Vosges \u00e9tait endormi, un peu tomb\u00e9 en d\u00e9su\u00e9tude, l&rsquo;\u00e9nergie \u00e9tait perdue. La Municipalit\u00e9 a d\u00e9cid\u00e9 de le [&hellip;]<\/p>\n","protected":false},"author":44,"featured_media":59857,"comment_status":"open","ping_status":"open","sticky":false,"template":"","format":"standard","meta":{"footnotes":""},"categories":[460,2915,29,17],"tags":[13198,5186,3571,2706,13199,5130],"class_list":["post-59856","post","type-post","status-publish","format-standard","has-post-thumbnail","hentry","category-a-la-une","category-saint-die-son-canton","category-solidarite","category-vie-associative","tag-36e-telethon","tag-afm-telethon","tag-salle-carbonnar","tag-telethon","tag-telethon-2022","tag-telethon-a-saint-die-des-vosges"],"acf":[],"yoast_head":"<!-- This site is optimized with the Yoast SEO plugin v22.5 - https:\/\/yoast.com\/wordpress\/plugins\/seo\/ -->\n<title>Le T\u00e9l\u00e9thon sur une nouvelle dynamique \u00e0 Saint-Di\u00e9-des-Vosges - Saint Die Info<\/title>\n<meta name=\"robots\" content=\"index, follow, max-snippet:-1, max-image-preview:large, max-video-preview:-1\" \/>\n<link rel=\"canonical\" href=\"https:\/\/vosgesinfo.fr\/saintdieinfo\/2022\/11\/telethon-nouvelle-dynamique-a-saint-die-vosges\/\" \/>\n<meta name=\"twitter:card\" content=\"summary_large_image\" \/>\n<meta name=\"twitter:title\" content=\"Le T\u00e9l\u00e9thon sur une nouvelle dynamique \u00e0 Saint-Di\u00e9-des-Vosges - Saint Die Info\" \/>\n<meta name=\"twitter:description\" content=\"\u00ab\u00a0Le T\u00e9l\u00e9thon \u00e0 Saint-Di\u00e9-des-Vosges \u00e9tait endormi, un peu tomb\u00e9 en d\u00e9su\u00e9tude, l&rsquo;\u00e9nergie \u00e9tait perdue. La Municipalit\u00e9 a d\u00e9cid\u00e9 de le [&hellip;]\" \/>\n<meta name=\"twitter:image\" content=\"https:\/\/vosgesinfo.fr\/app\/uploads\/sites\/4\/2024\/08\/202211presentation-telethon-sddv-1-1.jpg\" \/>\n<meta name=\"twitter:creator\" content=\"@VosgesInfo88\" \/>\n<meta name=\"twitter:site\" content=\"@VosgesInfo88\" \/>\n<meta name=\"twitter:label1\" content=\"\u00c9crit par\" \/>\n\t<meta name=\"twitter:data1\" content=\"la r\u00e9daction\" \/>\n\t<meta name=\"twitter:label2\" content=\"Dur\u00e9e de lecture estim\u00e9e\" \/>\n\t<meta name=\"twitter:data2\" content=\"2 minutes\" \/>\n<script type=\"application\/ld+json\" class=\"yoast-schema-graph\">{\"@context\":\"https:\/\/schema.org\",\"@graph\":[{\"@type\":\"Article\",\"@id\":\"https:\/\/vosgesinfo.fr\/saintdieinfo\/2022\/11\/telethon-nouvelle-dynamique-a-saint-die-vosges\/#article\",\"isPartOf\":{\"@id\":\"https:\/\/vosgesinfo.fr\/saintdieinfo\/2022\/11\/telethon-nouvelle-dynamique-a-saint-die-vosges\/\"},\"author\":{\"name\":\"la r\u00e9daction\",\"@id\":\"https:\/\/vosgesinfo.fr\/saintdieinfo\/#\/schema\/person\/faee6704a21f3977511db84bd1cd450f\"},\"headline\":\"Le T\u00e9l\u00e9thon sur une nouvelle dynamique \u00e0 Saint-Di\u00e9-des-Vosges\",\"datePublished\":\"2022-11-23T13:11:45+00:00\",\"dateModified\":\"2022-11-23T13:11:45+00:00\",\"mainEntityOfPage\":{\"@id\":\"https:\/\/vosgesinfo.fr\/saintdieinfo\/2022\/11\/telethon-nouvelle-dynamique-a-saint-die-vosges\/\"},\"wordCount\":474,\"commentCount\":0,\"publisher\":{\"@id\":\"https:\/\/vosgesinfo.fr\/saintdieinfo\/#organization\"},\"image\":{\"@id\":\"https:\/\/vosgesinfo.fr\/saintdieinfo\/2022\/11\/telethon-nouvelle-dynamique-a-saint-die-vosges\/#primaryimage\"},\"thumbnailUrl\":\"https:\/\/vosgesinfo.fr\/app\/uploads\/sites\/4\/2024\/08\/202211presentation-telethon-sddv-1-1.jpg\",\"keywords\":[\"36e T\u00e9l\u00e9thon\",\"AFM T\u00e9l\u00e9thon\",\"Salle Carbonnar\",\"T\u00e9l\u00e9thon\",\"T\u00e9l\u00e9thon 2022\",\"T\u00e9l\u00e9thon \u00e0 Saint-Di\u00e9-des-Vosges\"],\"articleSection\":[\"A la Une\",\"Saint-Di\u00e9-des-Vosges et son Agglom\u00e9ration\",\"Solidarit\u00e9\",\"Vie Associative\"],\"inLanguage\":\"fr-FR\",\"potentialAction\":[{\"@type\":\"CommentAction\",\"name\":\"Comment\",\"target\":[\"https:\/\/vosgesinfo.fr\/saintdieinfo\/2022\/11\/telethon-nouvelle-dynamique-a-saint-die-vosges\/#respond\"]}]},{\"@type\":\"WebPage\",\"@id\":\"https:\/\/vosgesinfo.fr\/saintdieinfo\/2022\/11\/telethon-nouvelle-dynamique-a-saint-die-vosges\/\",\"url\":\"https:\/\/vosgesinfo.fr\/saintdieinfo\/2022\/11\/telethon-nouvelle-dynamique-a-saint-die-vosges\/\",\"name\":\"Le T\u00e9l\u00e9thon sur une nouvelle dynamique \u00e0 Saint-Di\u00e9-des-Vosges - Saint Die Info\",\"isPartOf\":{\"@id\":\"https:\/\/vosgesinfo.fr\/saintdieinfo\/#website\"},\"primaryImageOfPage\":{\"@id\":\"https:\/\/vosgesinfo.fr\/saintdieinfo\/2022\/11\/telethon-nouvelle-dynamique-a-saint-die-vosges\/#primaryimage\"},\"image\":{\"@id\":\"https:\/\/vosgesinfo.fr\/saintdieinfo\/2022\/11\/telethon-nouvelle-dynamique-a-saint-die-vosges\/#primaryimage\"},\"thumbnailUrl\":\"https:\/\/vosgesinfo.fr\/app\/uploads\/sites\/4\/2024\/08\/202211presentation-telethon-sddv-1-1.jpg\",\"datePublished\":\"2022-11-23T13:11:45+00:00\",\"dateModified\":\"2022-11-23T13:11:45+00:00\",\"breadcrumb\":{\"@id\":\"https:\/\/vosgesinfo.fr\/saintdieinfo\/2022\/11\/telethon-nouvelle-dynamique-a-saint-die-vosges\/#breadcrumb\"},\"inLanguage\":\"fr-FR\",\"potentialAction\":[{\"@type\":\"ReadAction\",\"target\":[\"https:\/\/vosgesinfo.fr\/saintdieinfo\/2022\/11\/telethon-nouvelle-dynamique-a-saint-die-vosges\/\"]}]},{\"@type\":\"ImageObject\",\"inLanguage\":\"fr-FR\",\"@id\":\"https:\/\/vosgesinfo.fr\/saintdieinfo\/2022\/11\/telethon-nouvelle-dynamique-a-saint-die-vosges\/#primaryimage\",\"url\":\"https:\/\/vosgesinfo.fr\/app\/uploads\/sites\/4\/2024\/08\/202211presentation-telethon-sddv-1-1.jpg\",\"contentUrl\":\"https:\/\/vosgesinfo.fr\/app\/uploads\/sites\/4\/2024\/08\/202211presentation-telethon-sddv-1-1.jpg\",\"width\":1600,\"height\":1205},{\"@type\":\"BreadcrumbList\",\"@id\":\"https:\/\/vosgesinfo.fr\/saintdieinfo\/2022\/11\/telethon-nouvelle-dynamique-a-saint-die-vosges\/#breadcrumb\",\"itemListElement\":[{\"@type\":\"ListItem\",\"position\":1,\"name\":\"Home\",\"item\":\"https:\/\/vosgesinfo.fr\/saintdieinfo\/\"},{\"@type\":\"ListItem\",\"position\":2,\"name\":\"Le T\u00e9l\u00e9thon sur une nouvelle dynamique \u00e0 Saint-Di\u00e9-des-Vosges\"}]},{\"@type\":\"WebSite\",\"@id\":\"https:\/\/vosgesinfo.fr\/saintdieinfo\/#website\",\"url\":\"https:\/\/vosgesinfo.fr\/saintdieinfo\/\",\"name\":\"Saint Die Info\",\"description\":\"Toute l&#039;actualit\u00e9 de Saint-Di\u00e9-Des-Vosges\",\"publisher\":{\"@id\":\"https:\/\/vosgesinfo.fr\/saintdieinfo\/#organization\"},\"alternateName\":\"Toute l'actualit\u00e9 de Saint-Di\u00e9-Des-Vosges\",\"potentialAction\":[{\"@type\":\"SearchAction\",\"target\":{\"@type\":\"EntryPoint\",\"urlTemplate\":\"https:\/\/vosgesinfo.fr\/saintdieinfo\/?s={search_term_string}\"},\"query-input\":\"required name=search_term_string\"}],\"inLanguage\":\"fr-FR\"},{\"@type\":\"Organization\",\"@id\":\"https:\/\/vosgesinfo.fr\/saintdieinfo\/#organization\",\"name\":\"Saint Die Info\",\"url\":\"https:\/\/vosgesinfo.fr\/saintdieinfo\/\",\"logo\":{\"@type\":\"ImageObject\",\"inLanguage\":\"fr-FR\",\"@id\":\"https:\/\/vosgesinfo.fr\/saintdieinfo\/#\/schema\/logo\/image\/\",\"url\":\"https:\/\/vosgesinfo.fr\/app\/uploads\/sites\/4\/2024\/02\/logo-sdi.jpg\",\"contentUrl\":\"https:\/\/vosgesinfo.fr\/app\/uploads\/sites\/4\/2024\/02\/logo-sdi.jpg\",\"width\":600,\"height\":600,\"caption\":\"Saint Die Info\"},\"image\":{\"@id\":\"https:\/\/vosgesinfo.fr\/saintdieinfo\/#\/schema\/logo\/image\/\"},\"sameAs\":[\"https:\/\/www.facebook.com\/Saintdieinfofr\",\"https:\/\/x.com\/VosgesInfo88\",\"https:\/\/www.youtube.com\/@vosgesinfo\"]},{\"@type\":\"Person\",\"@id\":\"https:\/\/vosgesinfo.fr\/saintdieinfo\/#\/schema\/person\/faee6704a21f3977511db84bd1cd450f\",\"name\":\"la r\u00e9daction\",\"image\":{\"@type\":\"ImageObject\",\"inLanguage\":\"fr-FR\",\"@id\":\"https:\/\/vosgesinfo.fr\/saintdieinfo\/#\/schema\/person\/image\/\",\"url\":\"https:\/\/secure.gravatar.com\/avatar\/6673d8bc6a9c17fa9a453eaa3448de834fa308c2ec9635b7aa99441a7c8d2cf6?s=96&d=mm&r=g\",\"contentUrl\":\"https:\/\/secure.gravatar.com\/avatar\/6673d8bc6a9c17fa9a453eaa3448de834fa308c2ec9635b7aa99441a7c8d2cf6?s=96&d=mm&r=g\",\"caption\":\"la r\u00e9daction\"},\"url\":\"https:\/\/vosgesinfo.fr\/saintdieinfo\/author\/redac\/\"}]}<\/script>\n<!-- \/ Yoast SEO plugin. -->","yoast_head_json":{"title":"Le T\u00e9l\u00e9thon sur une nouvelle dynamique \u00e0 Saint-Di\u00e9-des-Vosges - Saint Die Info","robots":{"index":"index","follow":"follow","max-snippet":"max-snippet:-1","max-image-preview":"max-image-preview:large","max-video-preview":"max-video-preview:-1"},"canonical":"https:\/\/vosgesinfo.fr\/saintdieinfo\/2022\/11\/telethon-nouvelle-dynamique-a-saint-die-vosges\/","twitter_card":"summary_large_image","twitter_title":"Le T\u00e9l\u00e9thon sur une nouvelle dynamique \u00e0 Saint-Di\u00e9-des-Vosges - Saint Die Info","twitter_description":"\u00ab\u00a0Le T\u00e9l\u00e9thon \u00e0 Saint-Di\u00e9-des-Vosges \u00e9tait endormi, un peu tomb\u00e9 en d\u00e9su\u00e9tude, l&rsquo;\u00e9nergie \u00e9tait perdue. La Municipalit\u00e9 a d\u00e9cid\u00e9 de le [&hellip;]","twitter_image":"https:\/\/vosgesinfo.fr\/app\/uploads\/sites\/4\/2024\/08\/202211presentation-telethon-sddv-1-1.jpg","twitter_creator":"@VosgesInfo88","twitter_site":"@VosgesInfo88","twitter_misc":{"\u00c9crit par":"la r\u00e9daction","Dur\u00e9e de lecture estim\u00e9e":"2 minutes"},"schema":{"@context":"https:\/\/schema.org","@graph":[{"@type":"Article","@id":"https:\/\/vosgesinfo.fr\/saintdieinfo\/2022\/11\/telethon-nouvelle-dynamique-a-saint-die-vosges\/#article","isPartOf":{"@id":"https:\/\/vosgesinfo.fr\/saintdieinfo\/2022\/11\/telethon-nouvelle-dynamique-a-saint-die-vosges\/"},"author":{"name":"la r\u00e9daction","@id":"https:\/\/vosgesinfo.fr\/saintdieinfo\/#\/schema\/person\/faee6704a21f3977511db84bd1cd450f"},"headline":"Le T\u00e9l\u00e9thon sur une nouvelle dynamique \u00e0 Saint-Di\u00e9-des-Vosges","datePublished":"2022-11-23T13:11:45+00:00","dateModified":"2022-11-23T13:11:45+00:00","mainEntityOfPage":{"@id":"https:\/\/vosgesinfo.fr\/saintdieinfo\/2022\/11\/telethon-nouvelle-dynamique-a-saint-die-vosges\/"},"wordCount":474,"commentCount":0,"publisher":{"@id":"https:\/\/vosgesinfo.fr\/saintdieinfo\/#organization"},"image":{"@id":"https:\/\/vosgesinfo.fr\/saintdieinfo\/2022\/11\/telethon-nouvelle-dynamique-a-saint-die-vosges\/#primaryimage"},"thumbnailUrl":"https:\/\/vosgesinfo.fr\/app\/uploads\/sites\/4\/2024\/08\/202211presentation-telethon-sddv-1-1.jpg","keywords":["36e T\u00e9l\u00e9thon","AFM T\u00e9l\u00e9thon","Salle Carbonnar","T\u00e9l\u00e9thon","T\u00e9l\u00e9thon 2022","T\u00e9l\u00e9thon \u00e0 Saint-Di\u00e9-des-Vosges"],"articleSection":["A la Une","Saint-Di\u00e9-des-Vosges et son Agglom\u00e9ration","Solidarit\u00e9","Vie Associative"],"inLanguage":"fr-FR","potentialAction":[{"@type":"CommentAction","name":"Comment","target":["https:\/\/vosgesinfo.fr\/saintdieinfo\/2022\/11\/telethon-nouvelle-dynamique-a-saint-die-vosges\/#respond"]}]},{"@type":"WebPage","@id":"https:\/\/vosgesinfo.fr\/saintdieinfo\/2022\/11\/telethon-nouvelle-dynamique-a-saint-die-vosges\/","url":"https:\/\/vosgesinfo.fr\/saintdieinfo\/2022\/11\/telethon-nouvelle-dynamique-a-saint-die-vosges\/","name":"Le T\u00e9l\u00e9thon sur une nouvelle dynamique \u00e0 Saint-Di\u00e9-des-Vosges - Saint Die Info","isPartOf":{"@id":"https:\/\/vosgesinfo.fr\/saintdieinfo\/#website"},"primaryImageOfPage":{"@id":"https:\/\/vosgesinfo.fr\/saintdieinfo\/2022\/11\/telethon-nouvelle-dynamique-a-saint-die-vosges\/#primaryimage"},"image":{"@id":"https:\/\/vosgesinfo.fr\/saintdieinfo\/2022\/11\/telethon-nouvelle-dynamique-a-saint-die-vosges\/#primaryimage"},"thumbnailUrl":"https:\/\/vosgesinfo.fr\/app\/uploads\/sites\/4\/2024\/08\/202211presentation-telethon-sddv-1-1.jpg","datePublished":"2022-11-23T13:11:45+00:00","dateModified":"2022-11-23T13:11:45+00:00","breadcrumb":{"@id":"https:\/\/vosgesinfo.fr\/saintdieinfo\/2022\/11\/telethon-nouvelle-dynamique-a-saint-die-vosges\/#breadcrumb"},"inLanguage":"fr-FR","potentialAction":[{"@type":"ReadAction","target":["https:\/\/vosgesinfo.fr\/saintdieinfo\/2022\/11\/telethon-nouvelle-dynamique-a-saint-die-vosges\/"]}]},{"@type":"ImageObject","inLanguage":"fr-FR","@id":"https:\/\/vosgesinfo.fr\/saintdieinfo\/2022\/11\/telethon-nouvelle-dynamique-a-saint-die-vosges\/#primaryimage","url":"https:\/\/vosgesinfo.fr\/app\/uploads\/sites\/4\/2024\/08\/202211presentation-telethon-sddv-1-1.jpg","contentUrl":"https:\/\/vosgesinfo.fr\/app\/uploads\/sites\/4\/2024\/08\/202211presentation-telethon-sddv-1-1.jpg","width":1600,"height":1205},{"@type":"BreadcrumbList","@id":"https:\/\/vosgesinfo.fr\/saintdieinfo\/2022\/11\/telethon-nouvelle-dynamique-a-saint-die-vosges\/#breadcrumb","itemListElement":[{"@type":"ListItem","position":1,"name":"Home","item":"https:\/\/vosgesinfo.fr\/saintdieinfo\/"},{"@type":"ListItem","position":2,"name":"Le T\u00e9l\u00e9thon sur une nouvelle dynamique \u00e0 Saint-Di\u00e9-des-Vosges"}]},{"@type":"WebSite","@id":"https:\/\/vosgesinfo.fr\/saintdieinfo\/#website","url":"https:\/\/vosgesinfo.fr\/saintdieinfo\/","name":"Saint Die Info","description":"Toute l&#039;actualit\u00e9 de Saint-Di\u00e9-Des-Vosges","publisher":{"@id":"https:\/\/vosgesinfo.fr\/saintdieinfo\/#organization"},"alternateName":"Toute l'actualit\u00e9 de Saint-Di\u00e9-Des-Vosges","potentialAction":[{"@type":"SearchAction","target":{"@type":"EntryPoint","urlTemplate":"https:\/\/vosgesinfo.fr\/saintdieinfo\/?s={search_term_string}"},"query-input":"required name=search_term_string"}],"inLanguage":"fr-FR"},{"@type":"Organization","@id":"https:\/\/vosgesinfo.fr\/saintdieinfo\/#organization","name":"Saint Die Info","url":"https:\/\/vosgesinfo.fr\/saintdieinfo\/","logo":{"@type":"ImageObject","inLanguage":"fr-FR","@id":"https:\/\/vosgesinfo.fr\/saintdieinfo\/#\/schema\/logo\/image\/","url":"https:\/\/vosgesinfo.fr\/app\/uploads\/sites\/4\/2024\/02\/logo-sdi.jpg","contentUrl":"https:\/\/vosgesinfo.fr\/app\/uploads\/sites\/4\/2024\/02\/logo-sdi.jpg","width":600,"height":600,"caption":"Saint Die Info"},"image":{"@id":"https:\/\/vosgesinfo.fr\/saintdieinfo\/#\/schema\/logo\/image\/"},"sameAs":["https:\/\/www.facebook.com\/Saintdieinfofr","https:\/\/x.com\/VosgesInfo88","https:\/\/www.youtube.com\/@vosgesinfo"]},{"@type":"Person","@id":"https:\/\/vosgesinfo.fr\/saintdieinfo\/#\/schema\/person\/faee6704a21f3977511db84bd1cd450f","name":"la r\u00e9daction","image":{"@type":"ImageObject","inLanguage":"fr-FR","@id":"https:\/\/vosgesinfo.fr\/saintdieinfo\/#\/schema\/person\/image\/","url":"https:\/\/secure.gravatar.com\/avatar\/6673d8bc6a9c17fa9a453eaa3448de834fa308c2ec9635b7aa99441a7c8d2cf6?s=96&d=mm&r=g","contentUrl":"https:\/\/secure.gravatar.com\/avatar\/6673d8bc6a9c17fa9a453eaa3448de834fa308c2ec9635b7aa99441a7c8d2cf6?s=96&d=mm&r=g","caption":"la r\u00e9daction"},"url":"https:\/\/vosgesinfo.fr\/saintdieinfo\/author\/redac\/"}]}},"_links":{"self":[{"href":"https:\/\/vosgesinfo.fr\/saintdieinfo\/wp-json\/wp\/v2\/posts\/59856","targetHints":{"allow":["GET"]}}],"collection":[{"href":"https:\/\/vosgesinfo.fr\/saintdieinfo\/wp-json\/wp\/v2\/posts"}],"about":[{"href":"https:\/\/vosgesinfo.fr\/saintdieinfo\/wp-json\/wp\/v2\/types\/post"}],"author":[{"embeddable":true,"href":"https:\/\/vosgesinfo.fr\/saintdieinfo\/wp-json\/wp\/v2\/users\/44"}],"replies":[{"embeddable":true,"href":"https:\/\/vosgesinfo.fr\/saintdieinfo\/wp-json\/wp\/v2\/comments?post=59856"}],"version-history":[{"count":0,"href":"https:\/\/vosgesinfo.fr\/saintdieinfo\/wp-json\/wp\/v2\/posts\/59856\/revisions"}],"wp:featuredmedia":[{"embeddable":true,"href":"https:\/\/vosgesinfo.fr\/saintdieinfo\/wp-json\/wp\/v2\/media\/59857"}],"wp:attachment":[{"href":"https:\/\/vosgesinfo.fr\/saintdieinfo\/wp-json\/wp\/v2\/media?parent=59856"}],"wp:term":[{"taxonomy":"category","embeddable":true,"href":"https:\/\/vosgesinfo.fr\/saintdieinfo\/wp-json\/wp\/v2\/categories?post=59856"},{"taxonomy":"post_tag","embeddable":true,"href":"https:\/\/vosgesinfo.fr\/saintdieinfo\/wp-json\/wp\/v2\/tags?post=59856"}],"curies":[{"name":"wp","href":"https:\/\/api.w.org\/{rel}","templated":true}]}}