{"id":59858,"date":"2022-11-23T15:39:20","date_gmt":"2022-11-23T14:39:20","guid":{"rendered":"https:\/\/vosgesinfo.fr\/saintdieinfo\/2022\/11\/jeremy-santamaria-vice-champion-monde-de-culturisme-naturel-reviendrai-plus-fort-2024\/"},"modified":"2022-11-23T15:39:20","modified_gmt":"2022-11-23T14:39:20","slug":"jeremy-santamaria-vice-champion-monde-de-culturisme-naturel-reviendrai-plus-fort-2024","status":"publish","type":"post","link":"https:\/\/vosgesinfo.fr\/saintdieinfo\/2022\/11\/jeremy-santamaria-vice-champion-monde-de-culturisme-naturel-reviendrai-plus-fort-2024\/","title":{"rendered":"J\u00e9r\u00e9my Santamaria, vice-champion du monde de culturisme naturel : \u00ab\u00a0Je reviendrai plus fort en 2024\u00a0\u00bb"},"content":{"rendered":"<div id=\"attachment_193106\" style=\"width: 970px\" class=\"wp-caption aligncenter\"><a href=\"\/2022\/11\/J\u00e9r\u00e9my_Santamaria_Vice-Champion_Monde_Culturisme-2.jpg\" target=\"_blank\" rel=\"noopener\"><img decoding=\"async\" aria-describedby=\"caption-attachment-193106\" class=\"wp-image-193106 size-large\" src=\"\/2022\/11\/J\u00e9r\u00e9my_Santamaria_Vice-Champion_Monde_Culturisme-2-1024x655.jpg\" alt=\"J\u00e9r\u00e9my_Santamaria_Vice-Champion_Monde_Culturisme (2)\" width=\"960\" height=\"614\" \/><\/a><p id=\"caption-attachment-193106\" class=\"wp-caption-text\">J\u00e9r\u00e9my Santamaria lors de son passage devant le jury du championnat du monde de culturisme naturel, le week-end dernier \u00e0 Prague. (Photographies J\u00e9r\u00e9my Santamaria)<\/p><\/div>\n<h2><strong><span style=\"font-size: 14pt;\">J\u00e9r\u00e9my Santamaria est coach sportif dipl\u00f4m\u00e9 d&rsquo;Etat. Le D\u00e9odatien de 28 ans est \u00e9galement athl\u00e8te professionnel et ambassadeur de la F\u00e9d\u00e9ration ICN France. Le week-end dernier, il a particip\u00e9 au championnat du monde de culturisme naturel, qui s&rsquo;est d\u00e9roul\u00e9 \u00e0 Prague (<a href=\"https:\/\/saintdieinfo.fr\/2022\/11\/deodatien-jeremy-santamaria-va-participer-championnat-monde-de-culturisme-naturel\/\" target=\"_blank\" rel=\"noopener\">lire notre article<\/a>). Le culturisme naturel \u00e9tant un culturisme sans usage de produit dopant. Pour sa premi\u00e8re participation, J\u00e9r\u00e9my Santamaria est mont\u00e9 sur la deuxi\u00e8me marche du podium, en \u00e9tant sacr\u00e9 vice-champion du monde de la discipline. De retour en France, il a r\u00e9pondu \u00e0 nos questions.<br \/>\n<\/span><\/strong><\/h2>\n<p><!--more--><\/p>\n<ul>\n<li>\n<h3><strong><span style=\"font-size: 12pt;\">Bonjour J\u00e9r\u00e9my. Tout d&rsquo;abord f\u00e9licitations pour votre titre de vice-champion du monde. Qu&rsquo;avez-vous ressenti lors de l&rsquo;annonce des r\u00e9sultats samedi ?<\/span><\/strong><\/h3>\n<\/li>\n<\/ul>\n<p>\u00c0 l&rsquo;arri\u00e8re de la sc\u00e8ne, je connaissais d\u00e9j\u00e0 ma place sur le podium, je savais qu&rsquo;une seule personne allait me mettre en difficult\u00e9 de part sa plastique parfaite venue d&rsquo;un autre monde, je n&rsquo;ai pas \u00e9t\u00e9 surpris. Je suis quelqu&rsquo;un de perfectionniste. \u00catre vice-champion n&rsquo;est pas assez pour moi, je reviendrai plus fort en 2024 pour rentrer en France avec la m\u00e9daille d&rsquo;Or.<\/p>\n<p>Cependant, ce r\u00e9sultat est exceptionnel et d\u00e9coule d&rsquo;une \u00e9nergie d\u00e9pens\u00e9e, d&rsquo;une rigueur et d&rsquo;une discipline incalculable. Le travail ne se fait pas qu&rsquo;\u00e0 l&rsquo;entra\u00eenement, c&rsquo;est un mode de vie qui se passe 24h\/24 et 7j\/7. Ce qui me rend fier est tout ce qu&rsquo;il se passe en dehors de la sc\u00e8ne pour m&#8217;emmener \u00e0 \u00eatre le deuxi\u00e8me mondial parmi des milliers d&rsquo;athl\u00e8tes, en me pr\u00e9parant seul avec mon exp\u00e9rience et mes connaissances.<\/p>\n<ul>\n<li>\n<h3><strong><span style=\"font-size: 12pt;\">Comment s&rsquo;est d\u00e9roul\u00e9e la comp\u00e9tition \u00e0 Prague ?<\/span><\/strong><\/h3>\n<\/li>\n<\/ul>\n<p>Cette comp\u00e9tition \u00e9tait d&rsquo;un niveau mondial, situ\u00e9e dans le fabuleux h\u00f4tel Hilton, regroupant une vingtaine de pays et plus de 400 athl\u00e8tes pr\u00e9tendant devenir aussi num\u00e9ro 1, ainsi que 10 juges des diff\u00e9rents pays repr\u00e9sent\u00e9s (Cor\u00e9e, France, Allemagne, Belgique, Angleterre, Australie, Italie&#8230;). Nous nous enregistrons la veille pour recevoir un num\u00e9ro et une heure de passage. Comme toute comp\u00e9tition de cette envergure, les retards vont de pair, je suis pass\u00e9 le lendemain \u00e0 22h00.<\/p>\n<p>Le jour J, tout est une question de timing entre ce que je dois manger et boire afin de garder un esth\u00e9tisme parfait, car la moindre erreur est fatale ! \u00c9tant sur place, j&rsquo;ai pu rester dans ma chambre, me reposer avant de me pr\u00e9parer \u00e0 ce moment que j&rsquo;attends depuis 13 semaines. Aucun stress jusqu&rsquo;\u00e0 monter les derni\u00e8res marches de l&rsquo;arri\u00e8re sc\u00e8ne. Le c\u0153ur bat fort, toutes mes pens\u00e9es se m\u00e9langent, j&rsquo;ai l&rsquo;impression de ne plus savoir ce que j&rsquo;ai \u00e0 faire.<\/p>\n<p>Nous nous mettons par ordre de num\u00e9ro, je ferme les yeux en prenant une bonne inspiration, mon nom retenti et l&rsquo;athl\u00e8te en moi prend le dessus sur mes sentiments. Je me pr\u00e9sente durant 30 secondes, seul sur sc\u00e8ne avant de me placer en rang avec les autres comp\u00e9titeurs. Nous sommes jug\u00e9s 10 minutes sur diff\u00e9rentes poses. Le classement se suit directement. En sortant de la sc\u00e8ne je suis appel\u00e9 \u00e0 faire un test urinaire anti-dopage. Les r\u00e9sultats me seront communiqu\u00e9s uniquement si je suis positif, cela peut prendre plusieurs mois. Une dizaine d&rsquo;athl\u00e8te ont \u00e9t\u00e9 test\u00e9 (les premiers en cat\u00e9gorie pro).<\/p>\n<ul>\n<li>\n<h3><strong><span style=\"font-size: 12pt;\">Avec du recul, est-ce que vous changeriez quelque chose dans votre pr\u00e9paration ?<\/span><\/strong><\/h3>\n<\/li>\n<\/ul>\n<p>Chaque pr\u00e9paration m&rsquo;est diff\u00e9rente. Pour obtenir la plus belle d\u00e9finition musculaire sur sc\u00e8ne, il me faut tester des fa\u00e7ons de me pr\u00e9parer diff\u00e9rentes. (Entra\u00eenement, alimentation, timing et r\u00e9partition de tout cela sur la semaine). Cette pr\u00e9paration \u00e9tait particuli\u00e8rement r\u00e9ussie ! Chaque ann\u00e9e je prends de l&rsquo;exp\u00e9rience, je m&rsquo;instruis pour devenir de plus en plus comp\u00e9tent. Je m&rsquo;en sers dans mes pr\u00e9parations personnels ainsi que pour mes clients. Il me faut trouver la formule parfaite qui me correspond pour arriver de plus en plus \u00e9corch\u00e9 et muscl\u00e9 sur sc\u00e8ne. Tout cela demande du temps.<\/p>\n<ul>\n<li>\n<h3><strong><span style=\"font-size: 12pt;\">Quels sont d\u00e9sormais vos objectifs ?<\/span><\/strong><\/h3>\n<\/li>\n<\/ul>\n<p>En tant qu&rsquo;athl\u00e8te professionnel, il me faut viser loin et juste. Je compte en 2024 participer \u00e0 Mr and Ms Univers en Cor\u00e9en, ainsi que les championnats du monde ICN afin de r\u00e9cup\u00e9rer ce titre de num\u00e9ro 1 qui m&rsquo;est pass\u00e9 sous le nez. Soit un an et demi de pr\u00e9paration millim\u00e9tr\u00e9e, qui a d\u00e9marr\u00e9 d\u00e8s le lendemain de mes championnats.<\/p>\n<ul>\n<li>\n<h3><strong><span style=\"font-size: 12pt;\">En guise de conclusion, quel conseil pourriez vous donner aux personnes qui pratiquent le culturisme naturel ?<\/span><\/strong><\/h3>\n<\/li>\n<\/ul>\n<p>Sant\u00e9 : Je leur dirai qu&rsquo;il est important d&rsquo;apporter au corps et \u00e0 l&rsquo;esprit un mode de vie sain. Lorsque les deux sont en harmonie, vos objectifs ne sont qu&rsquo;une question de temps. Le temps : Dans le culturisme les progr\u00e8s sont longs, tr\u00e8s longs, la patience sera votre meilleur atout ! Entra\u00eenements : oubliez les exercices farfelus, concentrez vous sur l&rsquo;essentiel. Tom PLATZ (athl\u00e8te professionnel des ann\u00e9es 80\/90) avait des cuisses \u00c9NORMES, on lui demandait comment il faisait.. \u00ab\u00a0Des squats, beaucoup de squats. Pourquoi perdre du temps \u00e0 faire des exercices inf\u00e9rieurs quand vous pouvez vous mettre toute votre \u00e9nergie dans les meilleurs ?\u00a0\u00bb.<\/p>\n<p>J.J.<\/p>\n\n","protected":false},"excerpt":{"rendered":"<p>J\u00e9r\u00e9my Santamaria est coach sportif dipl\u00f4m\u00e9 d&rsquo;Etat. Le D\u00e9odatien de 28 ans est \u00e9galement athl\u00e8te professionnel et ambassadeur de la [&hellip;]<\/p>\n","protected":false},"author":44,"featured_media":59859,"comment_status":"open","ping_status":"open","sticky":false,"template":"","format":"standard","meta":{"footnotes":""},"categories":[460,2915,14],"tags":[13062,13200,6504,13063,13201],"class_list":["post-59858","post","type-post","status-publish","format-standard","has-post-thumbnail","hentry","category-a-la-une","category-saint-die-son-canton","category-sport","tag-culturisme-naturel","tag-federation-icn","tag-jeremy-santamaria","tag-prague","tag-vice-champion-du-monde-de-culturisme-naturel"],"acf":[],"yoast_head":"<!-- This site is optimized with the Yoast SEO plugin v22.5 - https:\/\/yoast.com\/wordpress\/plugins\/seo\/ -->\n<title>J\u00e9r\u00e9my Santamaria, vice-champion du monde de culturisme naturel : &quot;Je reviendrai plus fort en 2024&quot; - Saint Die Info<\/title>\n<meta name=\"robots\" content=\"index, follow, max-snippet:-1, max-image-preview:large, max-video-preview:-1\" \/>\n<link rel=\"canonical\" href=\"https:\/\/vosgesinfo.fr\/saintdieinfo\/2022\/11\/jeremy-santamaria-vice-champion-monde-de-culturisme-naturel-reviendrai-plus-fort-2024\/\" \/>\n<meta name=\"twitter:card\" content=\"summary_large_image\" \/>\n<meta name=\"twitter:title\" content=\"J\u00e9r\u00e9my Santamaria, vice-champion du monde de culturisme naturel : &quot;Je reviendrai plus fort en 2024&quot; - Saint Die Info\" \/>\n<meta name=\"twitter:description\" content=\"J\u00e9r\u00e9my Santamaria est coach sportif dipl\u00f4m\u00e9 d&rsquo;Etat. Le D\u00e9odatien de 28 ans est \u00e9galement athl\u00e8te professionnel et ambassadeur de la [&hellip;]\" \/>\n<meta name=\"twitter:image\" content=\"https:\/\/vosgesinfo.fr\/app\/uploads\/sites\/4\/2024\/08\/202211jeremy-santamaria-vice-champion-monde-culturisme-2.jpg\" \/>\n<meta name=\"twitter:creator\" content=\"@VosgesInfo88\" \/>\n<meta name=\"twitter:site\" content=\"@VosgesInfo88\" \/>\n<meta name=\"twitter:label1\" content=\"\u00c9crit par\" \/>\n\t<meta name=\"twitter:data1\" content=\"la r\u00e9daction\" \/>\n\t<meta name=\"twitter:label2\" content=\"Dur\u00e9e de lecture estim\u00e9e\" \/>\n\t<meta name=\"twitter:data2\" content=\"5 minutes\" \/>\n<script type=\"application\/ld+json\" class=\"yoast-schema-graph\">{\"@context\":\"https:\/\/schema.org\",\"@graph\":[{\"@type\":\"Article\",\"@id\":\"https:\/\/vosgesinfo.fr\/saintdieinfo\/2022\/11\/jeremy-santamaria-vice-champion-monde-de-culturisme-naturel-reviendrai-plus-fort-2024\/#article\",\"isPartOf\":{\"@id\":\"https:\/\/vosgesinfo.fr\/saintdieinfo\/2022\/11\/jeremy-santamaria-vice-champion-monde-de-culturisme-naturel-reviendrai-plus-fort-2024\/\"},\"author\":{\"name\":\"la r\u00e9daction\",\"@id\":\"https:\/\/vosgesinfo.fr\/saintdieinfo\/#\/schema\/person\/faee6704a21f3977511db84bd1cd450f\"},\"headline\":\"J\u00e9r\u00e9my Santamaria, vice-champion du monde de culturisme naturel : \u00ab\u00a0Je reviendrai plus fort en 2024\u00a0\u00bb\",\"datePublished\":\"2022-11-23T14:39:20+00:00\",\"dateModified\":\"2022-11-23T14:39:20+00:00\",\"mainEntityOfPage\":{\"@id\":\"https:\/\/vosgesinfo.fr\/saintdieinfo\/2022\/11\/jeremy-santamaria-vice-champion-monde-de-culturisme-naturel-reviendrai-plus-fort-2024\/\"},\"wordCount\":969,\"commentCount\":0,\"publisher\":{\"@id\":\"https:\/\/vosgesinfo.fr\/saintdieinfo\/#organization\"},\"image\":{\"@id\":\"https:\/\/vosgesinfo.fr\/saintdieinfo\/2022\/11\/jeremy-santamaria-vice-champion-monde-de-culturisme-naturel-reviendrai-plus-fort-2024\/#primaryimage\"},\"thumbnailUrl\":\"https:\/\/vosgesinfo.fr\/app\/uploads\/sites\/4\/2024\/08\/202211jeremy-santamaria-vice-champion-monde-culturisme-2.jpg\",\"keywords\":[\"Culturisme naturel\",\"F\u00e9d\u00e9ration ICN\",\"J\u00e9r\u00e9my Santamaria\",\"Prague\",\"Vice-champion du monde de culturisme naturel\"],\"articleSection\":[\"A la Une\",\"Saint-Di\u00e9-des-Vosges et son Agglom\u00e9ration\",\"Sport\"],\"inLanguage\":\"fr-FR\",\"potentialAction\":[{\"@type\":\"CommentAction\",\"name\":\"Comment\",\"target\":[\"https:\/\/vosgesinfo.fr\/saintdieinfo\/2022\/11\/jeremy-santamaria-vice-champion-monde-de-culturisme-naturel-reviendrai-plus-fort-2024\/#respond\"]}]},{\"@type\":\"WebPage\",\"@id\":\"https:\/\/vosgesinfo.fr\/saintdieinfo\/2022\/11\/jeremy-santamaria-vice-champion-monde-de-culturisme-naturel-reviendrai-plus-fort-2024\/\",\"url\":\"https:\/\/vosgesinfo.fr\/saintdieinfo\/2022\/11\/jeremy-santamaria-vice-champion-monde-de-culturisme-naturel-reviendrai-plus-fort-2024\/\",\"name\":\"J\u00e9r\u00e9my Santamaria, vice-champion du monde de culturisme naturel : \\\"Je reviendrai plus fort en 2024\\\" - Saint Die Info\",\"isPartOf\":{\"@id\":\"https:\/\/vosgesinfo.fr\/saintdieinfo\/#website\"},\"primaryImageOfPage\":{\"@id\":\"https:\/\/vosgesinfo.fr\/saintdieinfo\/2022\/11\/jeremy-santamaria-vice-champion-monde-de-culturisme-naturel-reviendrai-plus-fort-2024\/#primaryimage\"},\"image\":{\"@id\":\"https:\/\/vosgesinfo.fr\/saintdieinfo\/2022\/11\/jeremy-santamaria-vice-champion-monde-de-culturisme-naturel-reviendrai-plus-fort-2024\/#primaryimage\"},\"thumbnailUrl\":\"https:\/\/vosgesinfo.fr\/app\/uploads\/sites\/4\/2024\/08\/202211jeremy-santamaria-vice-champion-monde-culturisme-2.jpg\",\"datePublished\":\"2022-11-23T14:39:20+00:00\",\"dateModified\":\"2022-11-23T14:39:20+00:00\",\"breadcrumb\":{\"@id\":\"https:\/\/vosgesinfo.fr\/saintdieinfo\/2022\/11\/jeremy-santamaria-vice-champion-monde-de-culturisme-naturel-reviendrai-plus-fort-2024\/#breadcrumb\"},\"inLanguage\":\"fr-FR\",\"potentialAction\":[{\"@type\":\"ReadAction\",\"target\":[\"https:\/\/vosgesinfo.fr\/saintdieinfo\/2022\/11\/jeremy-santamaria-vice-champion-monde-de-culturisme-naturel-reviendrai-plus-fort-2024\/\"]}]},{\"@type\":\"ImageObject\",\"inLanguage\":\"fr-FR\",\"@id\":\"https:\/\/vosgesinfo.fr\/saintdieinfo\/2022\/11\/jeremy-santamaria-vice-champion-monde-de-culturisme-naturel-reviendrai-plus-fort-2024\/#primaryimage\",\"url\":\"https:\/\/vosgesinfo.fr\/app\/uploads\/sites\/4\/2024\/08\/202211jeremy-santamaria-vice-champion-monde-culturisme-2.jpg\",\"contentUrl\":\"https:\/\/vosgesinfo.fr\/app\/uploads\/sites\/4\/2024\/08\/202211jeremy-santamaria-vice-champion-monde-culturisme-2.jpg\",\"width\":2332,\"height\":1492},{\"@type\":\"BreadcrumbList\",\"@id\":\"https:\/\/vosgesinfo.fr\/saintdieinfo\/2022\/11\/jeremy-santamaria-vice-champion-monde-de-culturisme-naturel-reviendrai-plus-fort-2024\/#breadcrumb\",\"itemListElement\":[{\"@type\":\"ListItem\",\"position\":1,\"name\":\"Home\",\"item\":\"https:\/\/vosgesinfo.fr\/saintdieinfo\/\"},{\"@type\":\"ListItem\",\"position\":2,\"name\":\"J\u00e9r\u00e9my Santamaria, vice-champion du monde de culturisme naturel : \u00ab\u00a0Je reviendrai plus fort en 2024\u00a0\u00bb\"}]},{\"@type\":\"WebSite\",\"@id\":\"https:\/\/vosgesinfo.fr\/saintdieinfo\/#website\",\"url\":\"https:\/\/vosgesinfo.fr\/saintdieinfo\/\",\"name\":\"Saint Die Info\",\"description\":\"Toute l&#039;actualit\u00e9 de Saint-Di\u00e9-Des-Vosges\",\"publisher\":{\"@id\":\"https:\/\/vosgesinfo.fr\/saintdieinfo\/#organization\"},\"alternateName\":\"Toute l'actualit\u00e9 de Saint-Di\u00e9-Des-Vosges\",\"potentialAction\":[{\"@type\":\"SearchAction\",\"target\":{\"@type\":\"EntryPoint\",\"urlTemplate\":\"https:\/\/vosgesinfo.fr\/saintdieinfo\/?s={search_term_string}\"},\"query-input\":\"required name=search_term_string\"}],\"inLanguage\":\"fr-FR\"},{\"@type\":\"Organization\",\"@id\":\"https:\/\/vosgesinfo.fr\/saintdieinfo\/#organization\",\"name\":\"Saint Die Info\",\"url\":\"https:\/\/vosgesinfo.fr\/saintdieinfo\/\",\"logo\":{\"@type\":\"ImageObject\",\"inLanguage\":\"fr-FR\",\"@id\":\"https:\/\/vosgesinfo.fr\/saintdieinfo\/#\/schema\/logo\/image\/\",\"url\":\"https:\/\/vosgesinfo.fr\/app\/uploads\/sites\/4\/2024\/02\/logo-sdi.jpg\",\"contentUrl\":\"https:\/\/vosgesinfo.fr\/app\/uploads\/sites\/4\/2024\/02\/logo-sdi.jpg\",\"width\":600,\"height\":600,\"caption\":\"Saint Die Info\"},\"image\":{\"@id\":\"https:\/\/vosgesinfo.fr\/saintdieinfo\/#\/schema\/logo\/image\/\"},\"sameAs\":[\"https:\/\/www.facebook.com\/Saintdieinfofr\",\"https:\/\/x.com\/VosgesInfo88\",\"https:\/\/www.youtube.com\/@vosgesinfo\"]},{\"@type\":\"Person\",\"@id\":\"https:\/\/vosgesinfo.fr\/saintdieinfo\/#\/schema\/person\/faee6704a21f3977511db84bd1cd450f\",\"name\":\"la r\u00e9daction\",\"image\":{\"@type\":\"ImageObject\",\"inLanguage\":\"fr-FR\",\"@id\":\"https:\/\/vosgesinfo.fr\/saintdieinfo\/#\/schema\/person\/image\/\",\"url\":\"https:\/\/secure.gravatar.com\/avatar\/6673d8bc6a9c17fa9a453eaa3448de834fa308c2ec9635b7aa99441a7c8d2cf6?s=96&d=mm&r=g\",\"contentUrl\":\"https:\/\/secure.gravatar.com\/avatar\/6673d8bc6a9c17fa9a453eaa3448de834fa308c2ec9635b7aa99441a7c8d2cf6?s=96&d=mm&r=g\",\"caption\":\"la r\u00e9daction\"},\"url\":\"https:\/\/vosgesinfo.fr\/saintdieinfo\/author\/redac\/\"}]}<\/script>\n<!-- \/ Yoast SEO plugin. -->","yoast_head_json":{"title":"J\u00e9r\u00e9my Santamaria, vice-champion du monde de culturisme naturel : \"Je reviendrai plus fort en 2024\" - Saint Die Info","robots":{"index":"index","follow":"follow","max-snippet":"max-snippet:-1","max-image-preview":"max-image-preview:large","max-video-preview":"max-video-preview:-1"},"canonical":"https:\/\/vosgesinfo.fr\/saintdieinfo\/2022\/11\/jeremy-santamaria-vice-champion-monde-de-culturisme-naturel-reviendrai-plus-fort-2024\/","twitter_card":"summary_large_image","twitter_title":"J\u00e9r\u00e9my Santamaria, vice-champion du monde de culturisme naturel : \"Je reviendrai plus fort en 2024\" - Saint Die Info","twitter_description":"J\u00e9r\u00e9my Santamaria est coach sportif dipl\u00f4m\u00e9 d&rsquo;Etat. Le D\u00e9odatien de 28 ans est \u00e9galement athl\u00e8te professionnel et ambassadeur de la [&hellip;]","twitter_image":"https:\/\/vosgesinfo.fr\/app\/uploads\/sites\/4\/2024\/08\/202211jeremy-santamaria-vice-champion-monde-culturisme-2.jpg","twitter_creator":"@VosgesInfo88","twitter_site":"@VosgesInfo88","twitter_misc":{"\u00c9crit par":"la r\u00e9daction","Dur\u00e9e de lecture estim\u00e9e":"5 minutes"},"schema":{"@context":"https:\/\/schema.org","@graph":[{"@type":"Article","@id":"https:\/\/vosgesinfo.fr\/saintdieinfo\/2022\/11\/jeremy-santamaria-vice-champion-monde-de-culturisme-naturel-reviendrai-plus-fort-2024\/#article","isPartOf":{"@id":"https:\/\/vosgesinfo.fr\/saintdieinfo\/2022\/11\/jeremy-santamaria-vice-champion-monde-de-culturisme-naturel-reviendrai-plus-fort-2024\/"},"author":{"name":"la r\u00e9daction","@id":"https:\/\/vosgesinfo.fr\/saintdieinfo\/#\/schema\/person\/faee6704a21f3977511db84bd1cd450f"},"headline":"J\u00e9r\u00e9my Santamaria, vice-champion du monde de culturisme naturel : \u00ab\u00a0Je reviendrai plus fort en 2024\u00a0\u00bb","datePublished":"2022-11-23T14:39:20+00:00","dateModified":"2022-11-23T14:39:20+00:00","mainEntityOfPage":{"@id":"https:\/\/vosgesinfo.fr\/saintdieinfo\/2022\/11\/jeremy-santamaria-vice-champion-monde-de-culturisme-naturel-reviendrai-plus-fort-2024\/"},"wordCount":969,"commentCount":0,"publisher":{"@id":"https:\/\/vosgesinfo.fr\/saintdieinfo\/#organization"},"image":{"@id":"https:\/\/vosgesinfo.fr\/saintdieinfo\/2022\/11\/jeremy-santamaria-vice-champion-monde-de-culturisme-naturel-reviendrai-plus-fort-2024\/#primaryimage"},"thumbnailUrl":"https:\/\/vosgesinfo.fr\/app\/uploads\/sites\/4\/2024\/08\/202211jeremy-santamaria-vice-champion-monde-culturisme-2.jpg","keywords":["Culturisme naturel","F\u00e9d\u00e9ration ICN","J\u00e9r\u00e9my Santamaria","Prague","Vice-champion du monde de culturisme naturel"],"articleSection":["A la Une","Saint-Di\u00e9-des-Vosges et son Agglom\u00e9ration","Sport"],"inLanguage":"fr-FR","potentialAction":[{"@type":"CommentAction","name":"Comment","target":["https:\/\/vosgesinfo.fr\/saintdieinfo\/2022\/11\/jeremy-santamaria-vice-champion-monde-de-culturisme-naturel-reviendrai-plus-fort-2024\/#respond"]}]},{"@type":"WebPage","@id":"https:\/\/vosgesinfo.fr\/saintdieinfo\/2022\/11\/jeremy-santamaria-vice-champion-monde-de-culturisme-naturel-reviendrai-plus-fort-2024\/","url":"https:\/\/vosgesinfo.fr\/saintdieinfo\/2022\/11\/jeremy-santamaria-vice-champion-monde-de-culturisme-naturel-reviendrai-plus-fort-2024\/","name":"J\u00e9r\u00e9my Santamaria, vice-champion du monde de culturisme naturel : \"Je reviendrai plus fort en 2024\" - Saint Die Info","isPartOf":{"@id":"https:\/\/vosgesinfo.fr\/saintdieinfo\/#website"},"primaryImageOfPage":{"@id":"https:\/\/vosgesinfo.fr\/saintdieinfo\/2022\/11\/jeremy-santamaria-vice-champion-monde-de-culturisme-naturel-reviendrai-plus-fort-2024\/#primaryimage"},"image":{"@id":"https:\/\/vosgesinfo.fr\/saintdieinfo\/2022\/11\/jeremy-santamaria-vice-champion-monde-de-culturisme-naturel-reviendrai-plus-fort-2024\/#primaryimage"},"thumbnailUrl":"https:\/\/vosgesinfo.fr\/app\/uploads\/sites\/4\/2024\/08\/202211jeremy-santamaria-vice-champion-monde-culturisme-2.jpg","datePublished":"2022-11-23T14:39:20+00:00","dateModified":"2022-11-23T14:39:20+00:00","breadcrumb":{"@id":"https:\/\/vosgesinfo.fr\/saintdieinfo\/2022\/11\/jeremy-santamaria-vice-champion-monde-de-culturisme-naturel-reviendrai-plus-fort-2024\/#breadcrumb"},"inLanguage":"fr-FR","potentialAction":[{"@type":"ReadAction","target":["https:\/\/vosgesinfo.fr\/saintdieinfo\/2022\/11\/jeremy-santamaria-vice-champion-monde-de-culturisme-naturel-reviendrai-plus-fort-2024\/"]}]},{"@type":"ImageObject","inLanguage":"fr-FR","@id":"https:\/\/vosgesinfo.fr\/saintdieinfo\/2022\/11\/jeremy-santamaria-vice-champion-monde-de-culturisme-naturel-reviendrai-plus-fort-2024\/#primaryimage","url":"https:\/\/vosgesinfo.fr\/app\/uploads\/sites\/4\/2024\/08\/202211jeremy-santamaria-vice-champion-monde-culturisme-2.jpg","contentUrl":"https:\/\/vosgesinfo.fr\/app\/uploads\/sites\/4\/2024\/08\/202211jeremy-santamaria-vice-champion-monde-culturisme-2.jpg","width":2332,"height":1492},{"@type":"BreadcrumbList","@id":"https:\/\/vosgesinfo.fr\/saintdieinfo\/2022\/11\/jeremy-santamaria-vice-champion-monde-de-culturisme-naturel-reviendrai-plus-fort-2024\/#breadcrumb","itemListElement":[{"@type":"ListItem","position":1,"name":"Home","item":"https:\/\/vosgesinfo.fr\/saintdieinfo\/"},{"@type":"ListItem","position":2,"name":"J\u00e9r\u00e9my Santamaria, vice-champion du monde de culturisme naturel : \u00ab\u00a0Je reviendrai plus fort en 2024\u00a0\u00bb"}]},{"@type":"WebSite","@id":"https:\/\/vosgesinfo.fr\/saintdieinfo\/#website","url":"https:\/\/vosgesinfo.fr\/saintdieinfo\/","name":"Saint Die Info","description":"Toute l&#039;actualit\u00e9 de Saint-Di\u00e9-Des-Vosges","publisher":{"@id":"https:\/\/vosgesinfo.fr\/saintdieinfo\/#organization"},"alternateName":"Toute l'actualit\u00e9 de Saint-Di\u00e9-Des-Vosges","potentialAction":[{"@type":"SearchAction","target":{"@type":"EntryPoint","urlTemplate":"https:\/\/vosgesinfo.fr\/saintdieinfo\/?s={search_term_string}"},"query-input":"required name=search_term_string"}],"inLanguage":"fr-FR"},{"@type":"Organization","@id":"https:\/\/vosgesinfo.fr\/saintdieinfo\/#organization","name":"Saint Die Info","url":"https:\/\/vosgesinfo.fr\/saintdieinfo\/","logo":{"@type":"ImageObject","inLanguage":"fr-FR","@id":"https:\/\/vosgesinfo.fr\/saintdieinfo\/#\/schema\/logo\/image\/","url":"https:\/\/vosgesinfo.fr\/app\/uploads\/sites\/4\/2024\/02\/logo-sdi.jpg","contentUrl":"https:\/\/vosgesinfo.fr\/app\/uploads\/sites\/4\/2024\/02\/logo-sdi.jpg","width":600,"height":600,"caption":"Saint Die Info"},"image":{"@id":"https:\/\/vosgesinfo.fr\/saintdieinfo\/#\/schema\/logo\/image\/"},"sameAs":["https:\/\/www.facebook.com\/Saintdieinfofr","https:\/\/x.com\/VosgesInfo88","https:\/\/www.youtube.com\/@vosgesinfo"]},{"@type":"Person","@id":"https:\/\/vosgesinfo.fr\/saintdieinfo\/#\/schema\/person\/faee6704a21f3977511db84bd1cd450f","name":"la r\u00e9daction","image":{"@type":"ImageObject","inLanguage":"fr-FR","@id":"https:\/\/vosgesinfo.fr\/saintdieinfo\/#\/schema\/person\/image\/","url":"https:\/\/secure.gravatar.com\/avatar\/6673d8bc6a9c17fa9a453eaa3448de834fa308c2ec9635b7aa99441a7c8d2cf6?s=96&d=mm&r=g","contentUrl":"https:\/\/secure.gravatar.com\/avatar\/6673d8bc6a9c17fa9a453eaa3448de834fa308c2ec9635b7aa99441a7c8d2cf6?s=96&d=mm&r=g","caption":"la r\u00e9daction"},"url":"https:\/\/vosgesinfo.fr\/saintdieinfo\/author\/redac\/"}]}},"_links":{"self":[{"href":"https:\/\/vosgesinfo.fr\/saintdieinfo\/wp-json\/wp\/v2\/posts\/59858","targetHints":{"allow":["GET"]}}],"collection":[{"href":"https:\/\/vosgesinfo.fr\/saintdieinfo\/wp-json\/wp\/v2\/posts"}],"about":[{"href":"https:\/\/vosgesinfo.fr\/saintdieinfo\/wp-json\/wp\/v2\/types\/post"}],"author":[{"embeddable":true,"href":"https:\/\/vosgesinfo.fr\/saintdieinfo\/wp-json\/wp\/v2\/users\/44"}],"replies":[{"embeddable":true,"href":"https:\/\/vosgesinfo.fr\/saintdieinfo\/wp-json\/wp\/v2\/comments?post=59858"}],"version-history":[{"count":0,"href":"https:\/\/vosgesinfo.fr\/saintdieinfo\/wp-json\/wp\/v2\/posts\/59858\/revisions"}],"wp:featuredmedia":[{"embeddable":true,"href":"https:\/\/vosgesinfo.fr\/saintdieinfo\/wp-json\/wp\/v2\/media\/59859"}],"wp:attachment":[{"href":"https:\/\/vosgesinfo.fr\/saintdieinfo\/wp-json\/wp\/v2\/media?parent=59858"}],"wp:term":[{"taxonomy":"category","embeddable":true,"href":"https:\/\/vosgesinfo.fr\/saintdieinfo\/wp-json\/wp\/v2\/categories?post=59858"},{"taxonomy":"post_tag","embeddable":true,"href":"https:\/\/vosgesinfo.fr\/saintdieinfo\/wp-json\/wp\/v2\/tags?post=59858"}],"curies":[{"name":"wp","href":"https:\/\/api.w.org\/{rel}","templated":true}]}}