{"id":59865,"date":"2022-11-23T17:40:35","date_gmt":"2022-11-23T16:40:35","guid":{"rendered":"https:\/\/vosgesinfo.fr\/saintdieinfo\/2022\/11\/style-passion-lamour-de-couture-30-ans\/"},"modified":"2022-11-23T17:40:35","modified_gmt":"2022-11-23T16:40:35","slug":"style-passion-lamour-de-couture-30-ans","status":"publish","type":"post","link":"https:\/\/vosgesinfo.fr\/saintdieinfo\/2022\/11\/style-passion-lamour-de-couture-30-ans\/","title":{"rendered":"\u00ab\u00a0Styl\u00e9 Passion\u00a0\u00bb ou l\u2019amour de la couture depuis 30 ans\u00a0!"},"content":{"rendered":"<p><a href=\"\/2022\/11\/Styl\u00e9-passion-photo-premium.jpg\" target=\"_blank\" rel=\"noopener\"><img decoding=\"async\" class=\"aligncenter wp-image-193115 size-large\" src=\"\/2022\/11\/Styl\u00e9-passion-photo-premium-1024x623.jpg\" alt=\"Styl\u00e9 passion-photo premium\" width=\"960\" height=\"584\" \/><\/a><\/p>\n<h2><strong><span style=\"font-size: 14pt;\">L\u2019aventure du magasin \u00ab\u00a0Styl\u00e9 Passion\u00a0\u00bb, situ\u00e9 aujourd\u2019hui dans la zone du Drive Leclerc \u00e0 Saint-Di\u00e9-Des-Vosges, d\u00e9buta par une belle rencontre, entre deux passionn\u00e9es de couture, Fr\u00e9d\u00e9rique et Clarisse. Alors professeures de couture dans un lyc\u00e9e, ces 2 coll\u00e8gues et amies, se sont permis de r\u00eaver, il y a 30 ans d\u00e9j\u00e0\u00a0!<\/span><\/strong><\/h2>\n<p><!--more--><\/p>\n<p><strong>Leur pari fou \u00e9tait de r\u00e9aliser leurs propres collections de pr\u00eat \u00e0 porter\u00a0:<\/strong> robes, costumes et robes de mari\u00e9e\u2026et de vendre leurs fabrications sur mesure, \u00e0 domicile en r\u00e9union. Elles s\u2019en souviennent encore comme si c\u2019\u00e9tait hier\u2026Elles avaient d\u00e9but\u00e9 leur activit\u00e9 de couturi\u00e8re dans le grenier des grands-parents de Clarisse \u00e0 Neuvillers-Sur-Fave, et peu de personnes \u00e0 l\u2019\u00e9poque auraient pari\u00e9s sur la r\u00e9ussite de leur petite entreprise. A force de travail acharn\u00e9 et surtout de passion dans leur activit\u00e9, les 2 jeunes femmes aux doigts de f\u00e9e ont r\u00e9ussi \u00e0 se faire une belle r\u00e9putation et \u00e0 \u00eatre reconnues dans le milieu, ce qui les conduit \u00e0 ouvrir leur propre magasin.<\/p>\n\n<p><strong>Au fil du temps, elles n\u2019ont cess\u00e9 d\u2019accro\u00eetre leur affaire et ont d\u00fb changer de magasin<\/strong> \u00e0 chaque nouvelle \u00e9tape dans leur r\u00e9ussite afin de pouvoir loger et pr\u00e9senter toutes leurs diff\u00e9rentes collections. L\u2019ann\u00e9e 1999 f\u00fbt d\u2019ailleurs marqu\u00e9e par un virage dans leur entreprise qui compte d\u00e9sormais 7 personnes. En effet, devant une tr\u00e8s forte demande de robes de mari\u00e9e, elles ont d\u00fb augmenter consid\u00e9rablement le choix et la quantit\u00e9 de robes dans divers styles, en s\u00e9lectionnant et en implantant des collections de cr\u00e9ateurs dans leur magasin et en diversifiant les diff\u00e9rentes gammes de pr\u00eat-\u00e0-porter.<\/p>\n\n<p><strong>Quels bons souvenirs\u2026\u00a0!! et pour cause, c\u2019est dans leur magasin, il y a une vingtaine d\u2019ann\u00e9e, situ\u00e9 alors rue d\u2019Alsace,<\/strong> sous l\u2019enseigne \u00ab\u00a0Style et Passion Couture\u00a0\u00bb, que ces 2 professionnelles, Fr\u00e9d\u00e9rique et Clarisse, ont conseill\u00e9 votre r\u00e9dactrice sur le choix de sa tenue de mari\u00e9e, qu\u2019elles ont personnalis\u00e9e et accessoiris\u00e9e \u00e0 sa morphologie\u2026.et gr\u00e2ce \u00e0 qui cette mari\u00e9e s\u2019est pris pour une princesse, durant toute une journ\u00e9e\u00a0!<\/p>\n\n<p><strong>De fil en aiguille, cette enseigne est devenue \u00ab\u00a0Styl\u00e9 Passion\u00a0\u00bb,<\/strong> elle a depuis quelques ann\u00e9es, trouv\u00e9 l\u2019implantation qu\u2019elle m\u00e9rite, dans la zone du <i>Drive Leclerc<\/i>. Ce magasin de 500 m2, reconnu par les fournisseurs comme \u00e9tant le plus beau magasin de l\u2019Est de la France, vous fera d\u00e9couvrir les diff\u00e9rentes collections de robes de mari\u00e9e, environ 300 mod\u00e8les, de costumes du mari\u00e9 parmi 50 mod\u00e8les, et des invit\u00e9s, de robes de cocktail, de pr\u00eat-\u00e0-porter pour toutes les c\u00e9r\u00e9monies, pour fille et gar\u00e7on, mais aussi vous d\u00e9couvrirez les collections de chaussures pour toute la famille, ainsi qu\u2019un grand choix d\u2019accessoires, de pochettes, de bijoux\u2026.<\/p>\n\n<p><strong>La d\u00e9coration n\u2019est pas en reste, puisqu\u2019une surface de 100 m2 y est d\u00e9di\u00e9e <\/strong>et c\u2019est Ad\u00e9la\u00efde, la fille de Clarisse, jolie jeune femme passionn\u00e9e de d\u00e9coration, \u00ab\u00a0n\u00e9e dans le tissu\u00bb, comme elle aime \u00e0 le raconter, qui vous conseillera avec grand plaisir sur toute la d\u00e9co de table, de la salle, et la location de housses et n\u0153uds de chaises\u2026<\/p>\n<p><strong>Outre Clarisse, Fr\u00e9d\u00e9rique et Ad\u00e9la\u00efde, cette fine \u00e9quipe est \u00e9paul\u00e9e au quotidien par 4 autres couturi\u00e8res\u00a0dipl\u00f4m\u00e9es :<\/strong> Fabienne, Carole, Sandrine et Pauline\u00a0: toutes unies par le m\u00eame fil, celui de l\u2019amour de la belle couture ! Elles se feront une joie de vous conseiller pour que votre jour \u00ab\u00a0J\u00a0\u00bb soit m\u00e9morable et magique\u00a0!<\/p>\n\n<p><a name=\"_GoBack\"><\/a>En 30 ans d\u2019activit\u00e9, Clarisse et Fr\u00e9d\u00e9rique ont la joie de comptabiliser environ 7000 robes de mari\u00e9e vendues, dans un p\u00e9rim\u00e8tre de 300 kms autour de Saint-Di\u00e9-Des-Vosges, et environ 50\u00a0000 clients (hors robes de mari\u00e9e) ont trouv\u00e9 leur bonheur\u00a0!<\/p>\n<p>Toute l\u2019\u00e9quipe de Vosges Info leur souhaite un Happy Birthday\u00a0et une belle continuation !<\/p>\n<p><a href=\"\/2022\/11\/sp-photo-1.jpg\" target=\"_blank\" rel=\"noopener\"><img decoding=\"async\" class=\"aligncenter wp-image-193114 size-full\" src=\"\/2022\/11\/sp-photo-1.jpg\" alt=\"sp-photo 1\" width=\"773\" height=\"568\" \/><\/a><\/p>\n<p><u>Informations compl\u00e9mentaires<\/u>\u00a0:<\/p>\n<p><strong>Styl\u00e9 passion, 5 Rue Marel Mauss, 88100 Saint-Di\u00e9-Des-Vosges<\/strong><\/p>\n<p><strong>T\u00e9l.\u00a0: 03.29.56.02.04<\/strong><\/p>\n<p><strong><a href=\"https:\/\/www.facebook.com\/StylepassionMariage\/\" target=\"_blank\" rel=\"noopener\">https:\/\/www.facebook.com\/StylepassionMariage\/<\/a><\/strong><\/p>\n<p>R\u00e9daction\u00a0: Patricia Ferry-Demange \u2013 Patricia.ferrydemange@gmail.com<\/p>\n","protected":false},"excerpt":{"rendered":"<p>L\u2019aventure du magasin \u00ab\u00a0Styl\u00e9 Passion\u00a0\u00bb, situ\u00e9 aujourd\u2019hui dans la zone du Drive Leclerc \u00e0 Saint-Di\u00e9-Des-Vosges, d\u00e9buta par une belle rencontre, [&hellip;]<\/p>\n","protected":false},"author":44,"featured_media":59866,"comment_status":"open","ping_status":"open","sticky":false,"template":"","format":"standard","meta":{"footnotes":""},"categories":[460,2915],"tags":[13203],"class_list":["post-59865","post","type-post","status-publish","format-standard","has-post-thumbnail","hentry","category-a-la-une","category-saint-die-son-canton","tag-style-passion"],"acf":[],"yoast_head":"<!-- This site is optimized with the Yoast SEO plugin v22.5 - https:\/\/yoast.com\/wordpress\/plugins\/seo\/ -->\n<title>\u00ab\u00a0Styl\u00e9 Passion\u00a0\u00bb ou l\u2019amour de la couture depuis 30 ans\u00a0! - Saint Die Info<\/title>\n<meta name=\"robots\" content=\"index, follow, max-snippet:-1, max-image-preview:large, max-video-preview:-1\" \/>\n<link rel=\"canonical\" href=\"https:\/\/vosgesinfo.fr\/saintdieinfo\/2022\/11\/style-passion-lamour-de-couture-30-ans\/\" \/>\n<meta name=\"twitter:card\" content=\"summary_large_image\" \/>\n<meta name=\"twitter:title\" content=\"\u00ab\u00a0Styl\u00e9 Passion\u00a0\u00bb ou l\u2019amour de la couture depuis 30 ans\u00a0! - Saint Die Info\" \/>\n<meta name=\"twitter:description\" content=\"L\u2019aventure du magasin \u00ab\u00a0Styl\u00e9 Passion\u00a0\u00bb, situ\u00e9 aujourd\u2019hui dans la zone du Drive Leclerc \u00e0 Saint-Di\u00e9-Des-Vosges, d\u00e9buta par une belle rencontre, [&hellip;]\" \/>\n<meta name=\"twitter:image\" content=\"https:\/\/vosgesinfo.fr\/app\/uploads\/sites\/4\/2024\/08\/202211style-passion-photo-premium.jpg\" \/>\n<meta name=\"twitter:creator\" content=\"@VosgesInfo88\" \/>\n<meta name=\"twitter:site\" content=\"@VosgesInfo88\" \/>\n<meta name=\"twitter:label1\" content=\"\u00c9crit par\" \/>\n\t<meta name=\"twitter:data1\" content=\"la r\u00e9daction\" \/>\n\t<meta name=\"twitter:label2\" content=\"Dur\u00e9e de lecture estim\u00e9e\" \/>\n\t<meta name=\"twitter:data2\" content=\"4 minutes\" \/>\n<script type=\"application\/ld+json\" class=\"yoast-schema-graph\">{\"@context\":\"https:\/\/schema.org\",\"@graph\":[{\"@type\":\"Article\",\"@id\":\"https:\/\/vosgesinfo.fr\/saintdieinfo\/2022\/11\/style-passion-lamour-de-couture-30-ans\/#article\",\"isPartOf\":{\"@id\":\"https:\/\/vosgesinfo.fr\/saintdieinfo\/2022\/11\/style-passion-lamour-de-couture-30-ans\/\"},\"author\":{\"name\":\"la r\u00e9daction\",\"@id\":\"https:\/\/vosgesinfo.fr\/saintdieinfo\/#\/schema\/person\/faee6704a21f3977511db84bd1cd450f\"},\"headline\":\"\u00ab\u00a0Styl\u00e9 Passion\u00a0\u00bb ou l\u2019amour de la couture depuis 30 ans\u00a0!\",\"datePublished\":\"2022-11-23T16:40:35+00:00\",\"dateModified\":\"2022-11-23T16:40:35+00:00\",\"mainEntityOfPage\":{\"@id\":\"https:\/\/vosgesinfo.fr\/saintdieinfo\/2022\/11\/style-passion-lamour-de-couture-30-ans\/\"},\"wordCount\":747,\"commentCount\":0,\"publisher\":{\"@id\":\"https:\/\/vosgesinfo.fr\/saintdieinfo\/#organization\"},\"image\":{\"@id\":\"https:\/\/vosgesinfo.fr\/saintdieinfo\/2022\/11\/style-passion-lamour-de-couture-30-ans\/#primaryimage\"},\"thumbnailUrl\":\"https:\/\/vosgesinfo.fr\/app\/uploads\/sites\/4\/2024\/08\/202211style-passion-photo-premium.jpg\",\"keywords\":[\"Styl\u00e9 Passion\"],\"articleSection\":[\"A la Une\",\"Saint-Di\u00e9-des-Vosges et son Agglom\u00e9ration\"],\"inLanguage\":\"fr-FR\",\"potentialAction\":[{\"@type\":\"CommentAction\",\"name\":\"Comment\",\"target\":[\"https:\/\/vosgesinfo.fr\/saintdieinfo\/2022\/11\/style-passion-lamour-de-couture-30-ans\/#respond\"]}]},{\"@type\":\"WebPage\",\"@id\":\"https:\/\/vosgesinfo.fr\/saintdieinfo\/2022\/11\/style-passion-lamour-de-couture-30-ans\/\",\"url\":\"https:\/\/vosgesinfo.fr\/saintdieinfo\/2022\/11\/style-passion-lamour-de-couture-30-ans\/\",\"name\":\"\u00ab\u00a0Styl\u00e9 Passion\u00a0\u00bb ou l\u2019amour de la couture depuis 30 ans\u00a0! - Saint Die Info\",\"isPartOf\":{\"@id\":\"https:\/\/vosgesinfo.fr\/saintdieinfo\/#website\"},\"primaryImageOfPage\":{\"@id\":\"https:\/\/vosgesinfo.fr\/saintdieinfo\/2022\/11\/style-passion-lamour-de-couture-30-ans\/#primaryimage\"},\"image\":{\"@id\":\"https:\/\/vosgesinfo.fr\/saintdieinfo\/2022\/11\/style-passion-lamour-de-couture-30-ans\/#primaryimage\"},\"thumbnailUrl\":\"https:\/\/vosgesinfo.fr\/app\/uploads\/sites\/4\/2024\/08\/202211style-passion-photo-premium.jpg\",\"datePublished\":\"2022-11-23T16:40:35+00:00\",\"dateModified\":\"2022-11-23T16:40:35+00:00\",\"breadcrumb\":{\"@id\":\"https:\/\/vosgesinfo.fr\/saintdieinfo\/2022\/11\/style-passion-lamour-de-couture-30-ans\/#breadcrumb\"},\"inLanguage\":\"fr-FR\",\"potentialAction\":[{\"@type\":\"ReadAction\",\"target\":[\"https:\/\/vosgesinfo.fr\/saintdieinfo\/2022\/11\/style-passion-lamour-de-couture-30-ans\/\"]}]},{\"@type\":\"ImageObject\",\"inLanguage\":\"fr-FR\",\"@id\":\"https:\/\/vosgesinfo.fr\/saintdieinfo\/2022\/11\/style-passion-lamour-de-couture-30-ans\/#primaryimage\",\"url\":\"https:\/\/vosgesinfo.fr\/app\/uploads\/sites\/4\/2024\/08\/202211style-passion-photo-premium.jpg\",\"contentUrl\":\"https:\/\/vosgesinfo.fr\/app\/uploads\/sites\/4\/2024\/08\/202211style-passion-photo-premium.jpg\",\"width\":1600,\"height\":973},{\"@type\":\"BreadcrumbList\",\"@id\":\"https:\/\/vosgesinfo.fr\/saintdieinfo\/2022\/11\/style-passion-lamour-de-couture-30-ans\/#breadcrumb\",\"itemListElement\":[{\"@type\":\"ListItem\",\"position\":1,\"name\":\"Home\",\"item\":\"https:\/\/vosgesinfo.fr\/saintdieinfo\/\"},{\"@type\":\"ListItem\",\"position\":2,\"name\":\"\u00ab\u00a0Styl\u00e9 Passion\u00a0\u00bb ou l\u2019amour de la couture depuis 30 ans\u00a0!\"}]},{\"@type\":\"WebSite\",\"@id\":\"https:\/\/vosgesinfo.fr\/saintdieinfo\/#website\",\"url\":\"https:\/\/vosgesinfo.fr\/saintdieinfo\/\",\"name\":\"Saint Die Info\",\"description\":\"Toute l&#039;actualit\u00e9 de Saint-Di\u00e9-Des-Vosges\",\"publisher\":{\"@id\":\"https:\/\/vosgesinfo.fr\/saintdieinfo\/#organization\"},\"alternateName\":\"Toute l'actualit\u00e9 de Saint-Di\u00e9-Des-Vosges\",\"potentialAction\":[{\"@type\":\"SearchAction\",\"target\":{\"@type\":\"EntryPoint\",\"urlTemplate\":\"https:\/\/vosgesinfo.fr\/saintdieinfo\/?s={search_term_string}\"},\"query-input\":\"required name=search_term_string\"}],\"inLanguage\":\"fr-FR\"},{\"@type\":\"Organization\",\"@id\":\"https:\/\/vosgesinfo.fr\/saintdieinfo\/#organization\",\"name\":\"Saint Die Info\",\"url\":\"https:\/\/vosgesinfo.fr\/saintdieinfo\/\",\"logo\":{\"@type\":\"ImageObject\",\"inLanguage\":\"fr-FR\",\"@id\":\"https:\/\/vosgesinfo.fr\/saintdieinfo\/#\/schema\/logo\/image\/\",\"url\":\"https:\/\/vosgesinfo.fr\/app\/uploads\/sites\/4\/2024\/02\/logo-sdi.jpg\",\"contentUrl\":\"https:\/\/vosgesinfo.fr\/app\/uploads\/sites\/4\/2024\/02\/logo-sdi.jpg\",\"width\":600,\"height\":600,\"caption\":\"Saint Die Info\"},\"image\":{\"@id\":\"https:\/\/vosgesinfo.fr\/saintdieinfo\/#\/schema\/logo\/image\/\"},\"sameAs\":[\"https:\/\/www.facebook.com\/Saintdieinfofr\",\"https:\/\/x.com\/VosgesInfo88\",\"https:\/\/www.youtube.com\/@vosgesinfo\"]},{\"@type\":\"Person\",\"@id\":\"https:\/\/vosgesinfo.fr\/saintdieinfo\/#\/schema\/person\/faee6704a21f3977511db84bd1cd450f\",\"name\":\"la r\u00e9daction\",\"image\":{\"@type\":\"ImageObject\",\"inLanguage\":\"fr-FR\",\"@id\":\"https:\/\/vosgesinfo.fr\/saintdieinfo\/#\/schema\/person\/image\/\",\"url\":\"https:\/\/secure.gravatar.com\/avatar\/6673d8bc6a9c17fa9a453eaa3448de834fa308c2ec9635b7aa99441a7c8d2cf6?s=96&d=mm&r=g\",\"contentUrl\":\"https:\/\/secure.gravatar.com\/avatar\/6673d8bc6a9c17fa9a453eaa3448de834fa308c2ec9635b7aa99441a7c8d2cf6?s=96&d=mm&r=g\",\"caption\":\"la r\u00e9daction\"},\"url\":\"https:\/\/vosgesinfo.fr\/saintdieinfo\/author\/redac\/\"}]}<\/script>\n<!-- \/ Yoast SEO plugin. -->","yoast_head_json":{"title":"\u00ab\u00a0Styl\u00e9 Passion\u00a0\u00bb ou l\u2019amour de la couture depuis 30 ans\u00a0! - Saint Die Info","robots":{"index":"index","follow":"follow","max-snippet":"max-snippet:-1","max-image-preview":"max-image-preview:large","max-video-preview":"max-video-preview:-1"},"canonical":"https:\/\/vosgesinfo.fr\/saintdieinfo\/2022\/11\/style-passion-lamour-de-couture-30-ans\/","twitter_card":"summary_large_image","twitter_title":"\u00ab\u00a0Styl\u00e9 Passion\u00a0\u00bb ou l\u2019amour de la couture depuis 30 ans\u00a0! - Saint Die Info","twitter_description":"L\u2019aventure du magasin \u00ab\u00a0Styl\u00e9 Passion\u00a0\u00bb, situ\u00e9 aujourd\u2019hui dans la zone du Drive Leclerc \u00e0 Saint-Di\u00e9-Des-Vosges, d\u00e9buta par une belle rencontre, [&hellip;]","twitter_image":"https:\/\/vosgesinfo.fr\/app\/uploads\/sites\/4\/2024\/08\/202211style-passion-photo-premium.jpg","twitter_creator":"@VosgesInfo88","twitter_site":"@VosgesInfo88","twitter_misc":{"\u00c9crit par":"la r\u00e9daction","Dur\u00e9e de lecture estim\u00e9e":"4 minutes"},"schema":{"@context":"https:\/\/schema.org","@graph":[{"@type":"Article","@id":"https:\/\/vosgesinfo.fr\/saintdieinfo\/2022\/11\/style-passion-lamour-de-couture-30-ans\/#article","isPartOf":{"@id":"https:\/\/vosgesinfo.fr\/saintdieinfo\/2022\/11\/style-passion-lamour-de-couture-30-ans\/"},"author":{"name":"la r\u00e9daction","@id":"https:\/\/vosgesinfo.fr\/saintdieinfo\/#\/schema\/person\/faee6704a21f3977511db84bd1cd450f"},"headline":"\u00ab\u00a0Styl\u00e9 Passion\u00a0\u00bb ou l\u2019amour de la couture depuis 30 ans\u00a0!","datePublished":"2022-11-23T16:40:35+00:00","dateModified":"2022-11-23T16:40:35+00:00","mainEntityOfPage":{"@id":"https:\/\/vosgesinfo.fr\/saintdieinfo\/2022\/11\/style-passion-lamour-de-couture-30-ans\/"},"wordCount":747,"commentCount":0,"publisher":{"@id":"https:\/\/vosgesinfo.fr\/saintdieinfo\/#organization"},"image":{"@id":"https:\/\/vosgesinfo.fr\/saintdieinfo\/2022\/11\/style-passion-lamour-de-couture-30-ans\/#primaryimage"},"thumbnailUrl":"https:\/\/vosgesinfo.fr\/app\/uploads\/sites\/4\/2024\/08\/202211style-passion-photo-premium.jpg","keywords":["Styl\u00e9 Passion"],"articleSection":["A la Une","Saint-Di\u00e9-des-Vosges et son Agglom\u00e9ration"],"inLanguage":"fr-FR","potentialAction":[{"@type":"CommentAction","name":"Comment","target":["https:\/\/vosgesinfo.fr\/saintdieinfo\/2022\/11\/style-passion-lamour-de-couture-30-ans\/#respond"]}]},{"@type":"WebPage","@id":"https:\/\/vosgesinfo.fr\/saintdieinfo\/2022\/11\/style-passion-lamour-de-couture-30-ans\/","url":"https:\/\/vosgesinfo.fr\/saintdieinfo\/2022\/11\/style-passion-lamour-de-couture-30-ans\/","name":"\u00ab\u00a0Styl\u00e9 Passion\u00a0\u00bb ou l\u2019amour de la couture depuis 30 ans\u00a0! - Saint Die Info","isPartOf":{"@id":"https:\/\/vosgesinfo.fr\/saintdieinfo\/#website"},"primaryImageOfPage":{"@id":"https:\/\/vosgesinfo.fr\/saintdieinfo\/2022\/11\/style-passion-lamour-de-couture-30-ans\/#primaryimage"},"image":{"@id":"https:\/\/vosgesinfo.fr\/saintdieinfo\/2022\/11\/style-passion-lamour-de-couture-30-ans\/#primaryimage"},"thumbnailUrl":"https:\/\/vosgesinfo.fr\/app\/uploads\/sites\/4\/2024\/08\/202211style-passion-photo-premium.jpg","datePublished":"2022-11-23T16:40:35+00:00","dateModified":"2022-11-23T16:40:35+00:00","breadcrumb":{"@id":"https:\/\/vosgesinfo.fr\/saintdieinfo\/2022\/11\/style-passion-lamour-de-couture-30-ans\/#breadcrumb"},"inLanguage":"fr-FR","potentialAction":[{"@type":"ReadAction","target":["https:\/\/vosgesinfo.fr\/saintdieinfo\/2022\/11\/style-passion-lamour-de-couture-30-ans\/"]}]},{"@type":"ImageObject","inLanguage":"fr-FR","@id":"https:\/\/vosgesinfo.fr\/saintdieinfo\/2022\/11\/style-passion-lamour-de-couture-30-ans\/#primaryimage","url":"https:\/\/vosgesinfo.fr\/app\/uploads\/sites\/4\/2024\/08\/202211style-passion-photo-premium.jpg","contentUrl":"https:\/\/vosgesinfo.fr\/app\/uploads\/sites\/4\/2024\/08\/202211style-passion-photo-premium.jpg","width":1600,"height":973},{"@type":"BreadcrumbList","@id":"https:\/\/vosgesinfo.fr\/saintdieinfo\/2022\/11\/style-passion-lamour-de-couture-30-ans\/#breadcrumb","itemListElement":[{"@type":"ListItem","position":1,"name":"Home","item":"https:\/\/vosgesinfo.fr\/saintdieinfo\/"},{"@type":"ListItem","position":2,"name":"\u00ab\u00a0Styl\u00e9 Passion\u00a0\u00bb ou l\u2019amour de la couture depuis 30 ans\u00a0!"}]},{"@type":"WebSite","@id":"https:\/\/vosgesinfo.fr\/saintdieinfo\/#website","url":"https:\/\/vosgesinfo.fr\/saintdieinfo\/","name":"Saint Die Info","description":"Toute l&#039;actualit\u00e9 de Saint-Di\u00e9-Des-Vosges","publisher":{"@id":"https:\/\/vosgesinfo.fr\/saintdieinfo\/#organization"},"alternateName":"Toute l'actualit\u00e9 de Saint-Di\u00e9-Des-Vosges","potentialAction":[{"@type":"SearchAction","target":{"@type":"EntryPoint","urlTemplate":"https:\/\/vosgesinfo.fr\/saintdieinfo\/?s={search_term_string}"},"query-input":"required name=search_term_string"}],"inLanguage":"fr-FR"},{"@type":"Organization","@id":"https:\/\/vosgesinfo.fr\/saintdieinfo\/#organization","name":"Saint Die Info","url":"https:\/\/vosgesinfo.fr\/saintdieinfo\/","logo":{"@type":"ImageObject","inLanguage":"fr-FR","@id":"https:\/\/vosgesinfo.fr\/saintdieinfo\/#\/schema\/logo\/image\/","url":"https:\/\/vosgesinfo.fr\/app\/uploads\/sites\/4\/2024\/02\/logo-sdi.jpg","contentUrl":"https:\/\/vosgesinfo.fr\/app\/uploads\/sites\/4\/2024\/02\/logo-sdi.jpg","width":600,"height":600,"caption":"Saint Die Info"},"image":{"@id":"https:\/\/vosgesinfo.fr\/saintdieinfo\/#\/schema\/logo\/image\/"},"sameAs":["https:\/\/www.facebook.com\/Saintdieinfofr","https:\/\/x.com\/VosgesInfo88","https:\/\/www.youtube.com\/@vosgesinfo"]},{"@type":"Person","@id":"https:\/\/vosgesinfo.fr\/saintdieinfo\/#\/schema\/person\/faee6704a21f3977511db84bd1cd450f","name":"la r\u00e9daction","image":{"@type":"ImageObject","inLanguage":"fr-FR","@id":"https:\/\/vosgesinfo.fr\/saintdieinfo\/#\/schema\/person\/image\/","url":"https:\/\/secure.gravatar.com\/avatar\/6673d8bc6a9c17fa9a453eaa3448de834fa308c2ec9635b7aa99441a7c8d2cf6?s=96&d=mm&r=g","contentUrl":"https:\/\/secure.gravatar.com\/avatar\/6673d8bc6a9c17fa9a453eaa3448de834fa308c2ec9635b7aa99441a7c8d2cf6?s=96&d=mm&r=g","caption":"la r\u00e9daction"},"url":"https:\/\/vosgesinfo.fr\/saintdieinfo\/author\/redac\/"}]}},"_links":{"self":[{"href":"https:\/\/vosgesinfo.fr\/saintdieinfo\/wp-json\/wp\/v2\/posts\/59865","targetHints":{"allow":["GET"]}}],"collection":[{"href":"https:\/\/vosgesinfo.fr\/saintdieinfo\/wp-json\/wp\/v2\/posts"}],"about":[{"href":"https:\/\/vosgesinfo.fr\/saintdieinfo\/wp-json\/wp\/v2\/types\/post"}],"author":[{"embeddable":true,"href":"https:\/\/vosgesinfo.fr\/saintdieinfo\/wp-json\/wp\/v2\/users\/44"}],"replies":[{"embeddable":true,"href":"https:\/\/vosgesinfo.fr\/saintdieinfo\/wp-json\/wp\/v2\/comments?post=59865"}],"version-history":[{"count":0,"href":"https:\/\/vosgesinfo.fr\/saintdieinfo\/wp-json\/wp\/v2\/posts\/59865\/revisions"}],"wp:featuredmedia":[{"embeddable":true,"href":"https:\/\/vosgesinfo.fr\/saintdieinfo\/wp-json\/wp\/v2\/media\/59866"}],"wp:attachment":[{"href":"https:\/\/vosgesinfo.fr\/saintdieinfo\/wp-json\/wp\/v2\/media?parent=59865"}],"wp:term":[{"taxonomy":"category","embeddable":true,"href":"https:\/\/vosgesinfo.fr\/saintdieinfo\/wp-json\/wp\/v2\/categories?post=59865"},{"taxonomy":"post_tag","embeddable":true,"href":"https:\/\/vosgesinfo.fr\/saintdieinfo\/wp-json\/wp\/v2\/tags?post=59865"}],"curies":[{"name":"wp","href":"https:\/\/api.w.org\/{rel}","templated":true}]}}