{"id":60032,"date":"2022-11-28T09:30:35","date_gmt":"2022-11-28T08:30:35","guid":{"rendered":"https:\/\/vosgesinfo.fr\/saintdieinfo\/2022\/11\/conseil-municipal-de-saint-die-vosges-10\/"},"modified":"2022-11-28T09:30:35","modified_gmt":"2022-11-28T08:30:35","slug":"conseil-municipal-de-saint-die-vosges-10","status":"publish","type":"post","link":"https:\/\/vosgesinfo.fr\/saintdieinfo\/2022\/11\/conseil-municipal-de-saint-die-vosges-10\/","title":{"rendered":"Au Conseil Municipal de Saint-Di\u00e9-des-Vosges"},"content":{"rendered":"<div id=\"attachment_189495\" style=\"width: 970px\" class=\"wp-caption aligncenter\"><a href=\"\/2022\/09\/CR_CM_09092022-1.jpg\" target=\"_blank\" rel=\"noopener\"><img decoding=\"async\" aria-describedby=\"caption-attachment-189495\" class=\"wp-image-189495 size-large\" src=\"\/2022\/09\/CR_CM_09092022-1-1024x771.jpg\" alt=\"CR_CM_09092022 (1)\" width=\"960\" height=\"723\" \/><\/a><p id=\"caption-attachment-189495\" class=\"wp-caption-text\">(Archive)<\/p><\/div>\n<h2><strong><span style=\"font-size: 14pt;\">Le Conseil Municipal de Saint-Di\u00e9-des-Vosges se r\u00e9unira ce vendredi 2 d\u00e9cembre au Grand Salon de l\u2019H\u00f4tel de Ville, \u00e0 partir de 19h. Lors de la s\u00e9ance, la derni\u00e8re de l&rsquo;ann\u00e9e 2022, les \u00e9lus d\u00e9odatiens seront amen\u00e9s \u00e0 voter le budget 2023.<\/span><\/strong><\/h2>\n<p><!--more--><\/p>\n<h3><strong><span style=\"font-size: 12pt;\">Points d&rsquo;informations<\/span><\/strong><\/h3>\n<p>a) Sur l\u2019ex\u00e9cution du budget 2022<br \/>\nb) Sur le foncier<\/p>\n<ol>\n<li>Adoption du proc\u00e8s-verbal de la s\u00e9ance du Conseil municipal du 21 octobre 2022 (annexe);<\/li>\n<li>Motion sur les finances locales (annexe);<\/li>\n<li>Approbation du Budget Primitif 2023 (annexes);<\/li>\n<li>Rapport sur les suites donn\u00e9es aux observations de la chambre r\u00e9gionale des comptes;<\/li>\n<li>Subvention d\u2019\u00e9quilibre au budget annexe B\u00e2timent Industriel et Commercial (BIC);<\/li>\n<li>Apurement du Compte 1069 \u2013 Budget principal et budget annexe For\u00eats;<\/li>\n<li>Constitution de provisions;<\/li>\n<li>D\u00e9cision modificative n\u00b002 &#8211; Budget 2022;<\/li>\n<li>Modification de la provision non budg\u00e9taire au titre des emprunts structur\u00e9s;<\/li>\n<li>Neutralisation des amortissements des subventions vers\u00e9es;<\/li>\n<li>Attribution de subventions aux associations \u2013 Ann\u00e9e 2023;<\/li>\n<li>Convention d\u2019attribution d\u2019une subvention \u00e0 l\u2019Association \u00ab L\u2019Ecole des Nez Rouges \u00bb pour l\u2019ann\u00e9e 2023 (annexe);<\/li>\n<li>Convention d\u2019attribution d\u2019une subvention \u00e0 l\u2019Association \u00ab Saint-Di\u00e9-des-Vosges Volley-Ball \u00bb pour l\u2019ann\u00e9e 2023 (annexe);<\/li>\n<li>Convention d\u2019attribution d\u2019une subvention \u00e0 l\u2019Association \u00ab Stades r\u00e9unis Saint-Di\u00e9 Kellermann Football \u00bb pour l\u2019ann\u00e9e 2023 (annexe);<\/li>\n<li>Convention d\u2019attribution d\u2019une subvention \u00e0 la Soci\u00e9t\u00e9 Protectrice des Animaux (SPA) d\u00e9odatienne pour l\u2019ann\u00e9e 2023 (annexe);<\/li>\n<li>Convention d\u2019attribution d\u2019une subvention \u00e0 l\u2019association de gestion du Centre Social Lucie Aubrac pour l\u2019ann\u00e9e 2023 (annexe);<\/li>\n<li>Convention d\u2019attribution d\u2019une subvention \u00e0 l\u2019Association \u00ab Horizons 2000 \u00bb pour l\u2019ann\u00e9e 2023 (annexe);<\/li>\n<li>Demande de subvention pour la s\u00e9curisation des espaces publics \/ Vid\u00e9oprotection;<\/li>\n<li>Demande de subvention pour le remplacement des sanitaires du Jardin Simone VEIL;<\/li>\n<li>Constitution de servitudes sur les parcelles cadastr\u00e9es section AB N\u00b0 447 et section AB N\u00b0482 au profit de GRDF;<\/li>\n<li>D\u00e9classement et d\u00e9saffectation du domaine public d\u2019un bien immobilier cadastr\u00e9 DC 92;<\/li>\n<li>Cession d\u2019un bien immobilier situ\u00e9 Chemin du Bihay;<\/li>\n<li>Electrification rurale \u2013 Enfouissement des r\u00e9seaux secs avenue du Cimeti\u00e8re militaire \u2013 Tranches 1 et 2;<\/li>\n<li>Acquisition d\u2019un bien immobilier sur l\u2019Etablissement Public Foncier du Grand Est, sis au 18 rue du Mondelet;<\/li>\n<li>Convention de groupement de commandes pour la fourniture et la pose d\u2019extincteurs au profit de la Ville, de la Communaut\u00e9 d\u2019Agglom\u00e9ration et du Centre Communal d\u2019Action Sociale de Saint-Di\u00e9-des-Vosges (annexe);<\/li>\n<li>Ouverture dominicale des commerces en 2023 \u00e0 Saint-Di\u00e9-des-Vosges;<\/li>\n<li>Mise en place du t\u00e9l\u00e9travail;<\/li>\n<li>Autorisation de recours au service civique;<\/li>\n<li>Convention de mise \u00e0 disposition d\u2019un agent de la Ville au profit du service Jeunesse de la Communaut\u00e9 d\u2019Agglom\u00e9ration de Saint-Di\u00e9-des-Vosges (annexe);<\/li>\n<li>Convention de mise \u00e0 disposition d\u2019un agent de la Ville au profit du Mus\u00e9e de la Communaut\u00e9 d\u2019Agglom\u00e9ration de Saint-Di\u00e9-des-Vosges (annexe);<\/li>\n<li>Convention de mise \u00e0 disposition d\u2019un agent de la Communaut\u00e9 d\u2019Agglom\u00e9ration de Saint-Di\u00e9-des-Vosges au profit de la Ville de Saint-Di\u00e9-des-Vosges (annexe);<\/li>\n<li>Modification du tableau des effectifs;<\/li>\n<li>Compte-rendu des d\u00e9cisions du Maire et des march\u00e9s publics (annexe);<\/li>\n<li>Questions diverses.<\/li>\n<\/ol>\n","protected":false},"excerpt":{"rendered":"<p>Le Conseil Municipal de Saint-Di\u00e9-des-Vosges se r\u00e9unira ce vendredi 2 d\u00e9cembre au Grand Salon de l\u2019H\u00f4tel de Ville, \u00e0 partir [&hellip;]<\/p>\n","protected":false},"author":44,"featured_media":22743,"comment_status":"open","ping_status":"open","sticky":false,"template":"","format":"standard","meta":{"footnotes":""},"categories":[460,10,2915],"tags":[7916,3317],"class_list":["post-60032","post","type-post","status-publish","format-standard","has-post-thumbnail","hentry","category-a-la-une","category-politique","category-saint-die-son-canton","tag-conseil-municipal","tag-conseil-municipal-de-saint-die-des-vosges"],"acf":[],"yoast_head":"<!-- This site is optimized with the Yoast SEO plugin v22.5 - https:\/\/yoast.com\/wordpress\/plugins\/seo\/ -->\n<title>Au Conseil Municipal de Saint-Di\u00e9-des-Vosges - Saint Die Info<\/title>\n<meta name=\"robots\" content=\"index, follow, max-snippet:-1, max-image-preview:large, max-video-preview:-1\" \/>\n<link rel=\"canonical\" href=\"https:\/\/vosgesinfo.fr\/saintdieinfo\/2022\/11\/conseil-municipal-de-saint-die-vosges-10\/\" \/>\n<meta name=\"twitter:card\" content=\"summary_large_image\" \/>\n<meta name=\"twitter:title\" content=\"Au Conseil Municipal de Saint-Di\u00e9-des-Vosges - Saint Die Info\" \/>\n<meta name=\"twitter:description\" content=\"Le Conseil Municipal de Saint-Di\u00e9-des-Vosges se r\u00e9unira ce vendredi 2 d\u00e9cembre au Grand Salon de l\u2019H\u00f4tel de Ville, \u00e0 partir [&hellip;]\" \/>\n<meta name=\"twitter:image\" content=\"https:\/\/vosgesinfo.fr\/app\/uploads\/sites\/4\/2022\/09\/cr-cm-09092022-1.jpg\" \/>\n<meta name=\"twitter:creator\" content=\"@VosgesInfo88\" \/>\n<meta name=\"twitter:site\" content=\"@VosgesInfo88\" \/>\n<meta name=\"twitter:label1\" content=\"\u00c9crit par\" \/>\n\t<meta name=\"twitter:data1\" content=\"la r\u00e9daction\" \/>\n\t<meta name=\"twitter:label2\" content=\"Dur\u00e9e de lecture estim\u00e9e\" \/>\n\t<meta name=\"twitter:data2\" content=\"3 minutes\" \/>\n<script type=\"application\/ld+json\" class=\"yoast-schema-graph\">{\"@context\":\"https:\/\/schema.org\",\"@graph\":[{\"@type\":\"Article\",\"@id\":\"https:\/\/vosgesinfo.fr\/saintdieinfo\/2022\/11\/conseil-municipal-de-saint-die-vosges-10\/#article\",\"isPartOf\":{\"@id\":\"https:\/\/vosgesinfo.fr\/saintdieinfo\/2022\/11\/conseil-municipal-de-saint-die-vosges-10\/\"},\"author\":{\"name\":\"la r\u00e9daction\",\"@id\":\"https:\/\/vosgesinfo.fr\/saintdieinfo\/#\/schema\/person\/faee6704a21f3977511db84bd1cd450f\"},\"headline\":\"Au Conseil Municipal de Saint-Di\u00e9-des-Vosges\",\"datePublished\":\"2022-11-28T08:30:35+00:00\",\"dateModified\":\"2022-11-28T08:30:35+00:00\",\"mainEntityOfPage\":{\"@id\":\"https:\/\/vosgesinfo.fr\/saintdieinfo\/2022\/11\/conseil-municipal-de-saint-die-vosges-10\/\"},\"wordCount\":527,\"commentCount\":0,\"publisher\":{\"@id\":\"https:\/\/vosgesinfo.fr\/saintdieinfo\/#organization\"},\"image\":{\"@id\":\"https:\/\/vosgesinfo.fr\/saintdieinfo\/2022\/11\/conseil-municipal-de-saint-die-vosges-10\/#primaryimage\"},\"thumbnailUrl\":\"https:\/\/vosgesinfo.fr\/app\/uploads\/sites\/4\/2022\/09\/cr-cm-09092022-1.jpg\",\"keywords\":[\"Conseil Municipal\",\"Conseil Municipal de Saint-Di\u00e9-des-Vosges\"],\"articleSection\":[\"A la Une\",\"Politique\",\"Saint-Di\u00e9-des-Vosges et son Agglom\u00e9ration\"],\"inLanguage\":\"fr-FR\",\"potentialAction\":[{\"@type\":\"CommentAction\",\"name\":\"Comment\",\"target\":[\"https:\/\/vosgesinfo.fr\/saintdieinfo\/2022\/11\/conseil-municipal-de-saint-die-vosges-10\/#respond\"]}]},{\"@type\":\"WebPage\",\"@id\":\"https:\/\/vosgesinfo.fr\/saintdieinfo\/2022\/11\/conseil-municipal-de-saint-die-vosges-10\/\",\"url\":\"https:\/\/vosgesinfo.fr\/saintdieinfo\/2022\/11\/conseil-municipal-de-saint-die-vosges-10\/\",\"name\":\"Au Conseil Municipal de Saint-Di\u00e9-des-Vosges - Saint Die Info\",\"isPartOf\":{\"@id\":\"https:\/\/vosgesinfo.fr\/saintdieinfo\/#website\"},\"primaryImageOfPage\":{\"@id\":\"https:\/\/vosgesinfo.fr\/saintdieinfo\/2022\/11\/conseil-municipal-de-saint-die-vosges-10\/#primaryimage\"},\"image\":{\"@id\":\"https:\/\/vosgesinfo.fr\/saintdieinfo\/2022\/11\/conseil-municipal-de-saint-die-vosges-10\/#primaryimage\"},\"thumbnailUrl\":\"https:\/\/vosgesinfo.fr\/app\/uploads\/sites\/4\/2022\/09\/cr-cm-09092022-1.jpg\",\"datePublished\":\"2022-11-28T08:30:35+00:00\",\"dateModified\":\"2022-11-28T08:30:35+00:00\",\"breadcrumb\":{\"@id\":\"https:\/\/vosgesinfo.fr\/saintdieinfo\/2022\/11\/conseil-municipal-de-saint-die-vosges-10\/#breadcrumb\"},\"inLanguage\":\"fr-FR\",\"potentialAction\":[{\"@type\":\"ReadAction\",\"target\":[\"https:\/\/vosgesinfo.fr\/saintdieinfo\/2022\/11\/conseil-municipal-de-saint-die-vosges-10\/\"]}]},{\"@type\":\"ImageObject\",\"inLanguage\":\"fr-FR\",\"@id\":\"https:\/\/vosgesinfo.fr\/saintdieinfo\/2022\/11\/conseil-municipal-de-saint-die-vosges-10\/#primaryimage\",\"url\":\"https:\/\/vosgesinfo.fr\/app\/uploads\/sites\/4\/2022\/09\/cr-cm-09092022-1.jpg\",\"contentUrl\":\"https:\/\/vosgesinfo.fr\/app\/uploads\/sites\/4\/2022\/09\/cr-cm-09092022-1.jpg\",\"width\":1600,\"height\":1205},{\"@type\":\"BreadcrumbList\",\"@id\":\"https:\/\/vosgesinfo.fr\/saintdieinfo\/2022\/11\/conseil-municipal-de-saint-die-vosges-10\/#breadcrumb\",\"itemListElement\":[{\"@type\":\"ListItem\",\"position\":1,\"name\":\"Home\",\"item\":\"https:\/\/vosgesinfo.fr\/saintdieinfo\/\"},{\"@type\":\"ListItem\",\"position\":2,\"name\":\"Au Conseil Municipal de Saint-Di\u00e9-des-Vosges\"}]},{\"@type\":\"WebSite\",\"@id\":\"https:\/\/vosgesinfo.fr\/saintdieinfo\/#website\",\"url\":\"https:\/\/vosgesinfo.fr\/saintdieinfo\/\",\"name\":\"Saint Die Info\",\"description\":\"Toute l&#039;actualit\u00e9 de Saint-Di\u00e9-Des-Vosges\",\"publisher\":{\"@id\":\"https:\/\/vosgesinfo.fr\/saintdieinfo\/#organization\"},\"alternateName\":\"Toute l'actualit\u00e9 de Saint-Di\u00e9-Des-Vosges\",\"potentialAction\":[{\"@type\":\"SearchAction\",\"target\":{\"@type\":\"EntryPoint\",\"urlTemplate\":\"https:\/\/vosgesinfo.fr\/saintdieinfo\/?s={search_term_string}\"},\"query-input\":\"required name=search_term_string\"}],\"inLanguage\":\"fr-FR\"},{\"@type\":\"Organization\",\"@id\":\"https:\/\/vosgesinfo.fr\/saintdieinfo\/#organization\",\"name\":\"Saint Die Info\",\"url\":\"https:\/\/vosgesinfo.fr\/saintdieinfo\/\",\"logo\":{\"@type\":\"ImageObject\",\"inLanguage\":\"fr-FR\",\"@id\":\"https:\/\/vosgesinfo.fr\/saintdieinfo\/#\/schema\/logo\/image\/\",\"url\":\"https:\/\/vosgesinfo.fr\/app\/uploads\/sites\/4\/2024\/02\/logo-sdi.jpg\",\"contentUrl\":\"https:\/\/vosgesinfo.fr\/app\/uploads\/sites\/4\/2024\/02\/logo-sdi.jpg\",\"width\":600,\"height\":600,\"caption\":\"Saint Die Info\"},\"image\":{\"@id\":\"https:\/\/vosgesinfo.fr\/saintdieinfo\/#\/schema\/logo\/image\/\"},\"sameAs\":[\"https:\/\/www.facebook.com\/Saintdieinfofr\",\"https:\/\/x.com\/VosgesInfo88\",\"https:\/\/www.youtube.com\/@vosgesinfo\"]},{\"@type\":\"Person\",\"@id\":\"https:\/\/vosgesinfo.fr\/saintdieinfo\/#\/schema\/person\/faee6704a21f3977511db84bd1cd450f\",\"name\":\"la r\u00e9daction\",\"image\":{\"@type\":\"ImageObject\",\"inLanguage\":\"fr-FR\",\"@id\":\"https:\/\/vosgesinfo.fr\/saintdieinfo\/#\/schema\/person\/image\/\",\"url\":\"https:\/\/secure.gravatar.com\/avatar\/6673d8bc6a9c17fa9a453eaa3448de834fa308c2ec9635b7aa99441a7c8d2cf6?s=96&d=mm&r=g\",\"contentUrl\":\"https:\/\/secure.gravatar.com\/avatar\/6673d8bc6a9c17fa9a453eaa3448de834fa308c2ec9635b7aa99441a7c8d2cf6?s=96&d=mm&r=g\",\"caption\":\"la r\u00e9daction\"},\"url\":\"https:\/\/vosgesinfo.fr\/saintdieinfo\/author\/redac\/\"}]}<\/script>\n<!-- \/ Yoast SEO plugin. -->","yoast_head_json":{"title":"Au Conseil Municipal de Saint-Di\u00e9-des-Vosges - Saint Die Info","robots":{"index":"index","follow":"follow","max-snippet":"max-snippet:-1","max-image-preview":"max-image-preview:large","max-video-preview":"max-video-preview:-1"},"canonical":"https:\/\/vosgesinfo.fr\/saintdieinfo\/2022\/11\/conseil-municipal-de-saint-die-vosges-10\/","twitter_card":"summary_large_image","twitter_title":"Au Conseil Municipal de Saint-Di\u00e9-des-Vosges - Saint Die Info","twitter_description":"Le Conseil Municipal de Saint-Di\u00e9-des-Vosges se r\u00e9unira ce vendredi 2 d\u00e9cembre au Grand Salon de l\u2019H\u00f4tel de Ville, \u00e0 partir [&hellip;]","twitter_image":"https:\/\/vosgesinfo.fr\/app\/uploads\/sites\/4\/2022\/09\/cr-cm-09092022-1.jpg","twitter_creator":"@VosgesInfo88","twitter_site":"@VosgesInfo88","twitter_misc":{"\u00c9crit par":"la r\u00e9daction","Dur\u00e9e de lecture estim\u00e9e":"3 minutes"},"schema":{"@context":"https:\/\/schema.org","@graph":[{"@type":"Article","@id":"https:\/\/vosgesinfo.fr\/saintdieinfo\/2022\/11\/conseil-municipal-de-saint-die-vosges-10\/#article","isPartOf":{"@id":"https:\/\/vosgesinfo.fr\/saintdieinfo\/2022\/11\/conseil-municipal-de-saint-die-vosges-10\/"},"author":{"name":"la r\u00e9daction","@id":"https:\/\/vosgesinfo.fr\/saintdieinfo\/#\/schema\/person\/faee6704a21f3977511db84bd1cd450f"},"headline":"Au Conseil Municipal de Saint-Di\u00e9-des-Vosges","datePublished":"2022-11-28T08:30:35+00:00","dateModified":"2022-11-28T08:30:35+00:00","mainEntityOfPage":{"@id":"https:\/\/vosgesinfo.fr\/saintdieinfo\/2022\/11\/conseil-municipal-de-saint-die-vosges-10\/"},"wordCount":527,"commentCount":0,"publisher":{"@id":"https:\/\/vosgesinfo.fr\/saintdieinfo\/#organization"},"image":{"@id":"https:\/\/vosgesinfo.fr\/saintdieinfo\/2022\/11\/conseil-municipal-de-saint-die-vosges-10\/#primaryimage"},"thumbnailUrl":"https:\/\/vosgesinfo.fr\/app\/uploads\/sites\/4\/2022\/09\/cr-cm-09092022-1.jpg","keywords":["Conseil Municipal","Conseil Municipal de Saint-Di\u00e9-des-Vosges"],"articleSection":["A la Une","Politique","Saint-Di\u00e9-des-Vosges et son Agglom\u00e9ration"],"inLanguage":"fr-FR","potentialAction":[{"@type":"CommentAction","name":"Comment","target":["https:\/\/vosgesinfo.fr\/saintdieinfo\/2022\/11\/conseil-municipal-de-saint-die-vosges-10\/#respond"]}]},{"@type":"WebPage","@id":"https:\/\/vosgesinfo.fr\/saintdieinfo\/2022\/11\/conseil-municipal-de-saint-die-vosges-10\/","url":"https:\/\/vosgesinfo.fr\/saintdieinfo\/2022\/11\/conseil-municipal-de-saint-die-vosges-10\/","name":"Au Conseil Municipal de Saint-Di\u00e9-des-Vosges - Saint Die Info","isPartOf":{"@id":"https:\/\/vosgesinfo.fr\/saintdieinfo\/#website"},"primaryImageOfPage":{"@id":"https:\/\/vosgesinfo.fr\/saintdieinfo\/2022\/11\/conseil-municipal-de-saint-die-vosges-10\/#primaryimage"},"image":{"@id":"https:\/\/vosgesinfo.fr\/saintdieinfo\/2022\/11\/conseil-municipal-de-saint-die-vosges-10\/#primaryimage"},"thumbnailUrl":"https:\/\/vosgesinfo.fr\/app\/uploads\/sites\/4\/2022\/09\/cr-cm-09092022-1.jpg","datePublished":"2022-11-28T08:30:35+00:00","dateModified":"2022-11-28T08:30:35+00:00","breadcrumb":{"@id":"https:\/\/vosgesinfo.fr\/saintdieinfo\/2022\/11\/conseil-municipal-de-saint-die-vosges-10\/#breadcrumb"},"inLanguage":"fr-FR","potentialAction":[{"@type":"ReadAction","target":["https:\/\/vosgesinfo.fr\/saintdieinfo\/2022\/11\/conseil-municipal-de-saint-die-vosges-10\/"]}]},{"@type":"ImageObject","inLanguage":"fr-FR","@id":"https:\/\/vosgesinfo.fr\/saintdieinfo\/2022\/11\/conseil-municipal-de-saint-die-vosges-10\/#primaryimage","url":"https:\/\/vosgesinfo.fr\/app\/uploads\/sites\/4\/2022\/09\/cr-cm-09092022-1.jpg","contentUrl":"https:\/\/vosgesinfo.fr\/app\/uploads\/sites\/4\/2022\/09\/cr-cm-09092022-1.jpg","width":1600,"height":1205},{"@type":"BreadcrumbList","@id":"https:\/\/vosgesinfo.fr\/saintdieinfo\/2022\/11\/conseil-municipal-de-saint-die-vosges-10\/#breadcrumb","itemListElement":[{"@type":"ListItem","position":1,"name":"Home","item":"https:\/\/vosgesinfo.fr\/saintdieinfo\/"},{"@type":"ListItem","position":2,"name":"Au Conseil Municipal de Saint-Di\u00e9-des-Vosges"}]},{"@type":"WebSite","@id":"https:\/\/vosgesinfo.fr\/saintdieinfo\/#website","url":"https:\/\/vosgesinfo.fr\/saintdieinfo\/","name":"Saint Die Info","description":"Toute l&#039;actualit\u00e9 de Saint-Di\u00e9-Des-Vosges","publisher":{"@id":"https:\/\/vosgesinfo.fr\/saintdieinfo\/#organization"},"alternateName":"Toute l'actualit\u00e9 de Saint-Di\u00e9-Des-Vosges","potentialAction":[{"@type":"SearchAction","target":{"@type":"EntryPoint","urlTemplate":"https:\/\/vosgesinfo.fr\/saintdieinfo\/?s={search_term_string}"},"query-input":"required name=search_term_string"}],"inLanguage":"fr-FR"},{"@type":"Organization","@id":"https:\/\/vosgesinfo.fr\/saintdieinfo\/#organization","name":"Saint Die Info","url":"https:\/\/vosgesinfo.fr\/saintdieinfo\/","logo":{"@type":"ImageObject","inLanguage":"fr-FR","@id":"https:\/\/vosgesinfo.fr\/saintdieinfo\/#\/schema\/logo\/image\/","url":"https:\/\/vosgesinfo.fr\/app\/uploads\/sites\/4\/2024\/02\/logo-sdi.jpg","contentUrl":"https:\/\/vosgesinfo.fr\/app\/uploads\/sites\/4\/2024\/02\/logo-sdi.jpg","width":600,"height":600,"caption":"Saint Die Info"},"image":{"@id":"https:\/\/vosgesinfo.fr\/saintdieinfo\/#\/schema\/logo\/image\/"},"sameAs":["https:\/\/www.facebook.com\/Saintdieinfofr","https:\/\/x.com\/VosgesInfo88","https:\/\/www.youtube.com\/@vosgesinfo"]},{"@type":"Person","@id":"https:\/\/vosgesinfo.fr\/saintdieinfo\/#\/schema\/person\/faee6704a21f3977511db84bd1cd450f","name":"la r\u00e9daction","image":{"@type":"ImageObject","inLanguage":"fr-FR","@id":"https:\/\/vosgesinfo.fr\/saintdieinfo\/#\/schema\/person\/image\/","url":"https:\/\/secure.gravatar.com\/avatar\/6673d8bc6a9c17fa9a453eaa3448de834fa308c2ec9635b7aa99441a7c8d2cf6?s=96&d=mm&r=g","contentUrl":"https:\/\/secure.gravatar.com\/avatar\/6673d8bc6a9c17fa9a453eaa3448de834fa308c2ec9635b7aa99441a7c8d2cf6?s=96&d=mm&r=g","caption":"la r\u00e9daction"},"url":"https:\/\/vosgesinfo.fr\/saintdieinfo\/author\/redac\/"}]}},"_links":{"self":[{"href":"https:\/\/vosgesinfo.fr\/saintdieinfo\/wp-json\/wp\/v2\/posts\/60032","targetHints":{"allow":["GET"]}}],"collection":[{"href":"https:\/\/vosgesinfo.fr\/saintdieinfo\/wp-json\/wp\/v2\/posts"}],"about":[{"href":"https:\/\/vosgesinfo.fr\/saintdieinfo\/wp-json\/wp\/v2\/types\/post"}],"author":[{"embeddable":true,"href":"https:\/\/vosgesinfo.fr\/saintdieinfo\/wp-json\/wp\/v2\/users\/44"}],"replies":[{"embeddable":true,"href":"https:\/\/vosgesinfo.fr\/saintdieinfo\/wp-json\/wp\/v2\/comments?post=60032"}],"version-history":[{"count":0,"href":"https:\/\/vosgesinfo.fr\/saintdieinfo\/wp-json\/wp\/v2\/posts\/60032\/revisions"}],"wp:featuredmedia":[{"embeddable":true,"href":"https:\/\/vosgesinfo.fr\/saintdieinfo\/wp-json\/wp\/v2\/media\/22743"}],"wp:attachment":[{"href":"https:\/\/vosgesinfo.fr\/saintdieinfo\/wp-json\/wp\/v2\/media?parent=60032"}],"wp:term":[{"taxonomy":"category","embeddable":true,"href":"https:\/\/vosgesinfo.fr\/saintdieinfo\/wp-json\/wp\/v2\/categories?post=60032"},{"taxonomy":"post_tag","embeddable":true,"href":"https:\/\/vosgesinfo.fr\/saintdieinfo\/wp-json\/wp\/v2\/tags?post=60032"}],"curies":[{"name":"wp","href":"https:\/\/api.w.org\/{rel}","templated":true}]}}