{"id":60033,"date":"2022-11-28T10:57:36","date_gmt":"2022-11-28T09:57:36","guid":{"rendered":"https:\/\/vosgesinfo.fr\/saintdieinfo\/2022\/11\/montee-de-madeleine-kevin-amado-simpose-de-justesse\/"},"modified":"2022-11-28T10:57:36","modified_gmt":"2022-11-28T09:57:36","slug":"montee-de-madeleine-kevin-amado-simpose-de-justesse","status":"publish","type":"post","link":"https:\/\/vosgesinfo.fr\/saintdieinfo\/2022\/11\/montee-de-madeleine-kevin-amado-simpose-de-justesse\/","title":{"rendered":"Mont\u00e9e de la Madeleine : K\u00e9vin Amado s&rsquo;impose de justesse"},"content":{"rendered":"<div id=\"attachment_193353\" style=\"width: 929px\" class=\"wp-caption aligncenter\"><a href=\"\/2022\/11\/Mont\u00e9e_Madeleine_K\u00e9vin_Amado.jpg\" target=\"_blank\" rel=\"noopener\"><img decoding=\"async\" aria-describedby=\"caption-attachment-193353\" class=\"wp-image-193353 size-full\" src=\"\/2022\/11\/Mont\u00e9e_Madeleine_K\u00e9vin_Amado.jpg\" alt=\"Mont\u00e9e_Madeleine_K\u00e9vin_Amado\" width=\"919\" height=\"742\" \/><\/a><p id=\"caption-attachment-193353\" class=\"wp-caption-text\">K\u00e9vin Amado (dossard n\u00b01) s&rsquo;est impos\u00e9 pour la 3e fois cons\u00e9cutive. (Capture d&rsquo;\u00e9cran YouTube)<\/p><\/div>\n<h2><strong><span style=\"font-size: 14pt;\">L&rsquo;association Tr&rsquo;Ailleurs organisait hier dimanche 27 novembre la 3e Mont\u00e9e de la Madeleine. Plus de 240 coureurs et 90 marcheurs \u00e9taient align\u00e9s sur la ligne de d\u00e9part, au niveau du G\u00e9oparc, pour ce volet 2022 couronn\u00e9 de succ\u00e8s.<\/span><\/strong><\/h2>\n<p><!--more--><\/p>\n<p>D\u00e9j\u00e0 vainqueur des 2 pr\u00e9c\u00e9dentes \u00e9ditions, K\u00e9vin Amado de l&rsquo;ACHM s&rsquo;est impos\u00e9 pour la troisi\u00e8me cons\u00e9cutive, de justesse en 1h08m14s, devant Johan Villemain (1h08m50s) et Vincent Leroy (1h11m22s). Chez les femmes, c&rsquo;est Capucine Leys, \u00e9galement licenci\u00e9e de l&rsquo;ACHM, qui a \u00e9t\u00e9 la plus rapide \u00e0 franchir la ligne d&rsquo;arriv\u00e9e au sommet du col du Haut-Jacques, en 1h28m29s. <a href=\"https:\/\/my.raceresult.com\/227399\/results\" target=\"_blank\" rel=\"noopener\">Tous les r\u00e9sultats sont consultables ici<\/a>. L&rsquo;association Tr&rsquo;Ailleurs vous donne d&rsquo;ores et d\u00e9j\u00e0 rendez-vous le 26 novembre 2023, pour la 4e Mont\u00e9e de la Madeleine.<\/p>\n<p>J.J.<\/p>\n","protected":false},"excerpt":{"rendered":"<p>L&rsquo;association Tr&rsquo;Ailleurs organisait hier dimanche 27 novembre la 3e Mont\u00e9e de la Madeleine. Plus de 240 coureurs et 90 marcheurs [&hellip;]<\/p>\n","protected":false},"author":44,"featured_media":60034,"comment_status":"open","ping_status":"open","sticky":false,"template":"","format":"standard","meta":{"footnotes":""},"categories":[460,2915,14],"tags":[13252,13253,13254,9407,13255],"class_list":["post-60033","post","type-post","status-publish","format-standard","has-post-thumbnail","hentry","category-a-la-une","category-saint-die-son-canton","category-sport","tag-capucine-leys","tag-kevin-amado","tag-massif-de-la-madeline","tag-montee-de-la-madeleine","tag-trailleurs"],"acf":[],"yoast_head":"<!-- This site is optimized with the Yoast SEO plugin v22.5 - https:\/\/yoast.com\/wordpress\/plugins\/seo\/ -->\n<title>Mont\u00e9e de la Madeleine : K\u00e9vin Amado s&#039;impose de justesse - Saint Die Info<\/title>\n<meta name=\"robots\" content=\"index, follow, max-snippet:-1, max-image-preview:large, max-video-preview:-1\" \/>\n<link rel=\"canonical\" href=\"https:\/\/vosgesinfo.fr\/saintdieinfo\/2022\/11\/montee-de-madeleine-kevin-amado-simpose-de-justesse\/\" \/>\n<meta name=\"twitter:card\" content=\"summary_large_image\" \/>\n<meta name=\"twitter:title\" content=\"Mont\u00e9e de la Madeleine : K\u00e9vin Amado s&#039;impose de justesse - Saint Die Info\" \/>\n<meta name=\"twitter:description\" content=\"L&rsquo;association Tr&rsquo;Ailleurs organisait hier dimanche 27 novembre la 3e Mont\u00e9e de la Madeleine. Plus de 240 coureurs et 90 marcheurs [&hellip;]\" \/>\n<meta name=\"twitter:image\" content=\"https:\/\/vosgesinfo.fr\/app\/uploads\/sites\/4\/2024\/08\/202211montee-madeleine-kevin-amado.jpg\" \/>\n<meta name=\"twitter:creator\" content=\"@VosgesInfo88\" \/>\n<meta name=\"twitter:site\" content=\"@VosgesInfo88\" \/>\n<meta name=\"twitter:label1\" content=\"\u00c9crit par\" \/>\n\t<meta name=\"twitter:data1\" content=\"la r\u00e9daction\" \/>\n\t<meta name=\"twitter:label2\" content=\"Dur\u00e9e de lecture estim\u00e9e\" \/>\n\t<meta name=\"twitter:data2\" content=\"1 minute\" \/>\n<script type=\"application\/ld+json\" class=\"yoast-schema-graph\">{\"@context\":\"https:\/\/schema.org\",\"@graph\":[{\"@type\":\"Article\",\"@id\":\"https:\/\/vosgesinfo.fr\/saintdieinfo\/2022\/11\/montee-de-madeleine-kevin-amado-simpose-de-justesse\/#article\",\"isPartOf\":{\"@id\":\"https:\/\/vosgesinfo.fr\/saintdieinfo\/2022\/11\/montee-de-madeleine-kevin-amado-simpose-de-justesse\/\"},\"author\":{\"name\":\"la r\u00e9daction\",\"@id\":\"https:\/\/vosgesinfo.fr\/saintdieinfo\/#\/schema\/person\/faee6704a21f3977511db84bd1cd450f\"},\"headline\":\"Mont\u00e9e de la Madeleine : K\u00e9vin Amado s&rsquo;impose de justesse\",\"datePublished\":\"2022-11-28T09:57:36+00:00\",\"dateModified\":\"2022-11-28T09:57:36+00:00\",\"mainEntityOfPage\":{\"@id\":\"https:\/\/vosgesinfo.fr\/saintdieinfo\/2022\/11\/montee-de-madeleine-kevin-amado-simpose-de-justesse\/\"},\"wordCount\":185,\"commentCount\":0,\"publisher\":{\"@id\":\"https:\/\/vosgesinfo.fr\/saintdieinfo\/#organization\"},\"image\":{\"@id\":\"https:\/\/vosgesinfo.fr\/saintdieinfo\/2022\/11\/montee-de-madeleine-kevin-amado-simpose-de-justesse\/#primaryimage\"},\"thumbnailUrl\":\"https:\/\/vosgesinfo.fr\/app\/uploads\/sites\/4\/2024\/08\/202211montee-madeleine-kevin-amado.jpg\",\"keywords\":[\"Capucine Leys\",\"K\u00e9vin Amado\",\"Massif de la Madeline\",\"Mont\u00e9e de la Madeleine\",\"Tr'Ailleurs\"],\"articleSection\":[\"A la Une\",\"Saint-Di\u00e9-des-Vosges et son Agglom\u00e9ration\",\"Sport\"],\"inLanguage\":\"fr-FR\",\"potentialAction\":[{\"@type\":\"CommentAction\",\"name\":\"Comment\",\"target\":[\"https:\/\/vosgesinfo.fr\/saintdieinfo\/2022\/11\/montee-de-madeleine-kevin-amado-simpose-de-justesse\/#respond\"]}]},{\"@type\":\"WebPage\",\"@id\":\"https:\/\/vosgesinfo.fr\/saintdieinfo\/2022\/11\/montee-de-madeleine-kevin-amado-simpose-de-justesse\/\",\"url\":\"https:\/\/vosgesinfo.fr\/saintdieinfo\/2022\/11\/montee-de-madeleine-kevin-amado-simpose-de-justesse\/\",\"name\":\"Mont\u00e9e de la Madeleine : K\u00e9vin Amado s'impose de justesse - Saint Die Info\",\"isPartOf\":{\"@id\":\"https:\/\/vosgesinfo.fr\/saintdieinfo\/#website\"},\"primaryImageOfPage\":{\"@id\":\"https:\/\/vosgesinfo.fr\/saintdieinfo\/2022\/11\/montee-de-madeleine-kevin-amado-simpose-de-justesse\/#primaryimage\"},\"image\":{\"@id\":\"https:\/\/vosgesinfo.fr\/saintdieinfo\/2022\/11\/montee-de-madeleine-kevin-amado-simpose-de-justesse\/#primaryimage\"},\"thumbnailUrl\":\"https:\/\/vosgesinfo.fr\/app\/uploads\/sites\/4\/2024\/08\/202211montee-madeleine-kevin-amado.jpg\",\"datePublished\":\"2022-11-28T09:57:36+00:00\",\"dateModified\":\"2022-11-28T09:57:36+00:00\",\"breadcrumb\":{\"@id\":\"https:\/\/vosgesinfo.fr\/saintdieinfo\/2022\/11\/montee-de-madeleine-kevin-amado-simpose-de-justesse\/#breadcrumb\"},\"inLanguage\":\"fr-FR\",\"potentialAction\":[{\"@type\":\"ReadAction\",\"target\":[\"https:\/\/vosgesinfo.fr\/saintdieinfo\/2022\/11\/montee-de-madeleine-kevin-amado-simpose-de-justesse\/\"]}]},{\"@type\":\"ImageObject\",\"inLanguage\":\"fr-FR\",\"@id\":\"https:\/\/vosgesinfo.fr\/saintdieinfo\/2022\/11\/montee-de-madeleine-kevin-amado-simpose-de-justesse\/#primaryimage\",\"url\":\"https:\/\/vosgesinfo.fr\/app\/uploads\/sites\/4\/2024\/08\/202211montee-madeleine-kevin-amado.jpg\",\"contentUrl\":\"https:\/\/vosgesinfo.fr\/app\/uploads\/sites\/4\/2024\/08\/202211montee-madeleine-kevin-amado.jpg\",\"width\":919,\"height\":742},{\"@type\":\"BreadcrumbList\",\"@id\":\"https:\/\/vosgesinfo.fr\/saintdieinfo\/2022\/11\/montee-de-madeleine-kevin-amado-simpose-de-justesse\/#breadcrumb\",\"itemListElement\":[{\"@type\":\"ListItem\",\"position\":1,\"name\":\"Home\",\"item\":\"https:\/\/vosgesinfo.fr\/saintdieinfo\/\"},{\"@type\":\"ListItem\",\"position\":2,\"name\":\"Mont\u00e9e de la Madeleine : K\u00e9vin Amado s&rsquo;impose de justesse\"}]},{\"@type\":\"WebSite\",\"@id\":\"https:\/\/vosgesinfo.fr\/saintdieinfo\/#website\",\"url\":\"https:\/\/vosgesinfo.fr\/saintdieinfo\/\",\"name\":\"Saint Die Info\",\"description\":\"Toute l&#039;actualit\u00e9 de Saint-Di\u00e9-Des-Vosges\",\"publisher\":{\"@id\":\"https:\/\/vosgesinfo.fr\/saintdieinfo\/#organization\"},\"alternateName\":\"Toute l'actualit\u00e9 de Saint-Di\u00e9-Des-Vosges\",\"potentialAction\":[{\"@type\":\"SearchAction\",\"target\":{\"@type\":\"EntryPoint\",\"urlTemplate\":\"https:\/\/vosgesinfo.fr\/saintdieinfo\/?s={search_term_string}\"},\"query-input\":\"required name=search_term_string\"}],\"inLanguage\":\"fr-FR\"},{\"@type\":\"Organization\",\"@id\":\"https:\/\/vosgesinfo.fr\/saintdieinfo\/#organization\",\"name\":\"Saint Die Info\",\"url\":\"https:\/\/vosgesinfo.fr\/saintdieinfo\/\",\"logo\":{\"@type\":\"ImageObject\",\"inLanguage\":\"fr-FR\",\"@id\":\"https:\/\/vosgesinfo.fr\/saintdieinfo\/#\/schema\/logo\/image\/\",\"url\":\"https:\/\/vosgesinfo.fr\/app\/uploads\/sites\/4\/2024\/02\/logo-sdi.jpg\",\"contentUrl\":\"https:\/\/vosgesinfo.fr\/app\/uploads\/sites\/4\/2024\/02\/logo-sdi.jpg\",\"width\":600,\"height\":600,\"caption\":\"Saint Die Info\"},\"image\":{\"@id\":\"https:\/\/vosgesinfo.fr\/saintdieinfo\/#\/schema\/logo\/image\/\"},\"sameAs\":[\"https:\/\/www.facebook.com\/Saintdieinfofr\",\"https:\/\/x.com\/VosgesInfo88\",\"https:\/\/www.youtube.com\/@vosgesinfo\"]},{\"@type\":\"Person\",\"@id\":\"https:\/\/vosgesinfo.fr\/saintdieinfo\/#\/schema\/person\/faee6704a21f3977511db84bd1cd450f\",\"name\":\"la r\u00e9daction\",\"image\":{\"@type\":\"ImageObject\",\"inLanguage\":\"fr-FR\",\"@id\":\"https:\/\/vosgesinfo.fr\/saintdieinfo\/#\/schema\/person\/image\/\",\"url\":\"https:\/\/secure.gravatar.com\/avatar\/6673d8bc6a9c17fa9a453eaa3448de834fa308c2ec9635b7aa99441a7c8d2cf6?s=96&d=mm&r=g\",\"contentUrl\":\"https:\/\/secure.gravatar.com\/avatar\/6673d8bc6a9c17fa9a453eaa3448de834fa308c2ec9635b7aa99441a7c8d2cf6?s=96&d=mm&r=g\",\"caption\":\"la r\u00e9daction\"},\"url\":\"https:\/\/vosgesinfo.fr\/saintdieinfo\/author\/redac\/\"}]}<\/script>\n<!-- \/ Yoast SEO plugin. -->","yoast_head_json":{"title":"Mont\u00e9e de la Madeleine : K\u00e9vin Amado s'impose de justesse - Saint Die Info","robots":{"index":"index","follow":"follow","max-snippet":"max-snippet:-1","max-image-preview":"max-image-preview:large","max-video-preview":"max-video-preview:-1"},"canonical":"https:\/\/vosgesinfo.fr\/saintdieinfo\/2022\/11\/montee-de-madeleine-kevin-amado-simpose-de-justesse\/","twitter_card":"summary_large_image","twitter_title":"Mont\u00e9e de la Madeleine : K\u00e9vin Amado s'impose de justesse - Saint Die Info","twitter_description":"L&rsquo;association Tr&rsquo;Ailleurs organisait hier dimanche 27 novembre la 3e Mont\u00e9e de la Madeleine. Plus de 240 coureurs et 90 marcheurs [&hellip;]","twitter_image":"https:\/\/vosgesinfo.fr\/app\/uploads\/sites\/4\/2024\/08\/202211montee-madeleine-kevin-amado.jpg","twitter_creator":"@VosgesInfo88","twitter_site":"@VosgesInfo88","twitter_misc":{"\u00c9crit par":"la r\u00e9daction","Dur\u00e9e de lecture estim\u00e9e":"1 minute"},"schema":{"@context":"https:\/\/schema.org","@graph":[{"@type":"Article","@id":"https:\/\/vosgesinfo.fr\/saintdieinfo\/2022\/11\/montee-de-madeleine-kevin-amado-simpose-de-justesse\/#article","isPartOf":{"@id":"https:\/\/vosgesinfo.fr\/saintdieinfo\/2022\/11\/montee-de-madeleine-kevin-amado-simpose-de-justesse\/"},"author":{"name":"la r\u00e9daction","@id":"https:\/\/vosgesinfo.fr\/saintdieinfo\/#\/schema\/person\/faee6704a21f3977511db84bd1cd450f"},"headline":"Mont\u00e9e de la Madeleine : K\u00e9vin Amado s&rsquo;impose de justesse","datePublished":"2022-11-28T09:57:36+00:00","dateModified":"2022-11-28T09:57:36+00:00","mainEntityOfPage":{"@id":"https:\/\/vosgesinfo.fr\/saintdieinfo\/2022\/11\/montee-de-madeleine-kevin-amado-simpose-de-justesse\/"},"wordCount":185,"commentCount":0,"publisher":{"@id":"https:\/\/vosgesinfo.fr\/saintdieinfo\/#organization"},"image":{"@id":"https:\/\/vosgesinfo.fr\/saintdieinfo\/2022\/11\/montee-de-madeleine-kevin-amado-simpose-de-justesse\/#primaryimage"},"thumbnailUrl":"https:\/\/vosgesinfo.fr\/app\/uploads\/sites\/4\/2024\/08\/202211montee-madeleine-kevin-amado.jpg","keywords":["Capucine Leys","K\u00e9vin Amado","Massif de la Madeline","Mont\u00e9e de la Madeleine","Tr'Ailleurs"],"articleSection":["A la Une","Saint-Di\u00e9-des-Vosges et son Agglom\u00e9ration","Sport"],"inLanguage":"fr-FR","potentialAction":[{"@type":"CommentAction","name":"Comment","target":["https:\/\/vosgesinfo.fr\/saintdieinfo\/2022\/11\/montee-de-madeleine-kevin-amado-simpose-de-justesse\/#respond"]}]},{"@type":"WebPage","@id":"https:\/\/vosgesinfo.fr\/saintdieinfo\/2022\/11\/montee-de-madeleine-kevin-amado-simpose-de-justesse\/","url":"https:\/\/vosgesinfo.fr\/saintdieinfo\/2022\/11\/montee-de-madeleine-kevin-amado-simpose-de-justesse\/","name":"Mont\u00e9e de la Madeleine : K\u00e9vin Amado s'impose de justesse - Saint Die Info","isPartOf":{"@id":"https:\/\/vosgesinfo.fr\/saintdieinfo\/#website"},"primaryImageOfPage":{"@id":"https:\/\/vosgesinfo.fr\/saintdieinfo\/2022\/11\/montee-de-madeleine-kevin-amado-simpose-de-justesse\/#primaryimage"},"image":{"@id":"https:\/\/vosgesinfo.fr\/saintdieinfo\/2022\/11\/montee-de-madeleine-kevin-amado-simpose-de-justesse\/#primaryimage"},"thumbnailUrl":"https:\/\/vosgesinfo.fr\/app\/uploads\/sites\/4\/2024\/08\/202211montee-madeleine-kevin-amado.jpg","datePublished":"2022-11-28T09:57:36+00:00","dateModified":"2022-11-28T09:57:36+00:00","breadcrumb":{"@id":"https:\/\/vosgesinfo.fr\/saintdieinfo\/2022\/11\/montee-de-madeleine-kevin-amado-simpose-de-justesse\/#breadcrumb"},"inLanguage":"fr-FR","potentialAction":[{"@type":"ReadAction","target":["https:\/\/vosgesinfo.fr\/saintdieinfo\/2022\/11\/montee-de-madeleine-kevin-amado-simpose-de-justesse\/"]}]},{"@type":"ImageObject","inLanguage":"fr-FR","@id":"https:\/\/vosgesinfo.fr\/saintdieinfo\/2022\/11\/montee-de-madeleine-kevin-amado-simpose-de-justesse\/#primaryimage","url":"https:\/\/vosgesinfo.fr\/app\/uploads\/sites\/4\/2024\/08\/202211montee-madeleine-kevin-amado.jpg","contentUrl":"https:\/\/vosgesinfo.fr\/app\/uploads\/sites\/4\/2024\/08\/202211montee-madeleine-kevin-amado.jpg","width":919,"height":742},{"@type":"BreadcrumbList","@id":"https:\/\/vosgesinfo.fr\/saintdieinfo\/2022\/11\/montee-de-madeleine-kevin-amado-simpose-de-justesse\/#breadcrumb","itemListElement":[{"@type":"ListItem","position":1,"name":"Home","item":"https:\/\/vosgesinfo.fr\/saintdieinfo\/"},{"@type":"ListItem","position":2,"name":"Mont\u00e9e de la Madeleine : K\u00e9vin Amado s&rsquo;impose de justesse"}]},{"@type":"WebSite","@id":"https:\/\/vosgesinfo.fr\/saintdieinfo\/#website","url":"https:\/\/vosgesinfo.fr\/saintdieinfo\/","name":"Saint Die Info","description":"Toute l&#039;actualit\u00e9 de Saint-Di\u00e9-Des-Vosges","publisher":{"@id":"https:\/\/vosgesinfo.fr\/saintdieinfo\/#organization"},"alternateName":"Toute l'actualit\u00e9 de Saint-Di\u00e9-Des-Vosges","potentialAction":[{"@type":"SearchAction","target":{"@type":"EntryPoint","urlTemplate":"https:\/\/vosgesinfo.fr\/saintdieinfo\/?s={search_term_string}"},"query-input":"required name=search_term_string"}],"inLanguage":"fr-FR"},{"@type":"Organization","@id":"https:\/\/vosgesinfo.fr\/saintdieinfo\/#organization","name":"Saint Die Info","url":"https:\/\/vosgesinfo.fr\/saintdieinfo\/","logo":{"@type":"ImageObject","inLanguage":"fr-FR","@id":"https:\/\/vosgesinfo.fr\/saintdieinfo\/#\/schema\/logo\/image\/","url":"https:\/\/vosgesinfo.fr\/app\/uploads\/sites\/4\/2024\/02\/logo-sdi.jpg","contentUrl":"https:\/\/vosgesinfo.fr\/app\/uploads\/sites\/4\/2024\/02\/logo-sdi.jpg","width":600,"height":600,"caption":"Saint Die Info"},"image":{"@id":"https:\/\/vosgesinfo.fr\/saintdieinfo\/#\/schema\/logo\/image\/"},"sameAs":["https:\/\/www.facebook.com\/Saintdieinfofr","https:\/\/x.com\/VosgesInfo88","https:\/\/www.youtube.com\/@vosgesinfo"]},{"@type":"Person","@id":"https:\/\/vosgesinfo.fr\/saintdieinfo\/#\/schema\/person\/faee6704a21f3977511db84bd1cd450f","name":"la r\u00e9daction","image":{"@type":"ImageObject","inLanguage":"fr-FR","@id":"https:\/\/vosgesinfo.fr\/saintdieinfo\/#\/schema\/person\/image\/","url":"https:\/\/secure.gravatar.com\/avatar\/6673d8bc6a9c17fa9a453eaa3448de834fa308c2ec9635b7aa99441a7c8d2cf6?s=96&d=mm&r=g","contentUrl":"https:\/\/secure.gravatar.com\/avatar\/6673d8bc6a9c17fa9a453eaa3448de834fa308c2ec9635b7aa99441a7c8d2cf6?s=96&d=mm&r=g","caption":"la r\u00e9daction"},"url":"https:\/\/vosgesinfo.fr\/saintdieinfo\/author\/redac\/"}]}},"_links":{"self":[{"href":"https:\/\/vosgesinfo.fr\/saintdieinfo\/wp-json\/wp\/v2\/posts\/60033","targetHints":{"allow":["GET"]}}],"collection":[{"href":"https:\/\/vosgesinfo.fr\/saintdieinfo\/wp-json\/wp\/v2\/posts"}],"about":[{"href":"https:\/\/vosgesinfo.fr\/saintdieinfo\/wp-json\/wp\/v2\/types\/post"}],"author":[{"embeddable":true,"href":"https:\/\/vosgesinfo.fr\/saintdieinfo\/wp-json\/wp\/v2\/users\/44"}],"replies":[{"embeddable":true,"href":"https:\/\/vosgesinfo.fr\/saintdieinfo\/wp-json\/wp\/v2\/comments?post=60033"}],"version-history":[{"count":0,"href":"https:\/\/vosgesinfo.fr\/saintdieinfo\/wp-json\/wp\/v2\/posts\/60033\/revisions"}],"wp:featuredmedia":[{"embeddable":true,"href":"https:\/\/vosgesinfo.fr\/saintdieinfo\/wp-json\/wp\/v2\/media\/60034"}],"wp:attachment":[{"href":"https:\/\/vosgesinfo.fr\/saintdieinfo\/wp-json\/wp\/v2\/media?parent=60033"}],"wp:term":[{"taxonomy":"category","embeddable":true,"href":"https:\/\/vosgesinfo.fr\/saintdieinfo\/wp-json\/wp\/v2\/categories?post=60033"},{"taxonomy":"post_tag","embeddable":true,"href":"https:\/\/vosgesinfo.fr\/saintdieinfo\/wp-json\/wp\/v2\/tags?post=60033"}],"curies":[{"name":"wp","href":"https:\/\/api.w.org\/{rel}","templated":true}]}}