{"id":60043,"date":"2022-11-28T13:55:08","date_gmt":"2022-11-28T12:55:08","guid":{"rendered":"https:\/\/vosgesinfo.fr\/saintdieinfo\/2022\/11\/amis-de-nature-a-lheure-bilan\/"},"modified":"2022-11-28T13:55:08","modified_gmt":"2022-11-28T12:55:08","slug":"amis-de-nature-a-lheure-bilan","status":"publish","type":"post","link":"https:\/\/vosgesinfo.fr\/saintdieinfo\/2022\/11\/amis-de-nature-a-lheure-bilan\/","title":{"rendered":"Les Amis de la Nature \u00e0 l&rsquo;heure du bilan"},"content":{"rendered":"<div id=\"attachment_193365\" style=\"width: 810px\" class=\"wp-caption aligncenter\"><a href=\"\/2022\/11\/AG_Amis_de_la_Nature-1.jpg\" target=\"_blank\" rel=\"noopener\"><img decoding=\"async\" aria-describedby=\"caption-attachment-193365\" class=\"wp-image-193365 size-full\" src=\"\/2022\/11\/AG_Amis_de_la_Nature-1.jpg\" alt=\"AG_Amis_de_la_Nature (1)\" width=\"800\" height=\"534\" \/><\/a><p id=\"caption-attachment-193365\" class=\"wp-caption-text\">(Photographies Les Amis de la Nature Saint-Di\u00e9)<\/p><\/div>\n<h2><strong><span style=\"font-size: 14pt;\">Les Amis de la Nature de Saint-Di\u00e9 est une association oeuvrant pour la protection de la nature par des activit\u00e9s de tourisme et de loisirs, tout en participant \u00e0 la vie de la r\u00e9gion. C&rsquo;est hier dimanche matin que l&rsquo;association tenait son assembl\u00e9e g\u00e9n\u00e9rale, \u00e0 la salle Carbonnar.<\/span><\/strong><\/h2>\n<p><!--more--><\/p>\n<p>Dans son rapport moral, le pr\u00e9sident Fran\u00e7ois Goethals est revenu sur les diff\u00e9rentes activit\u00e9s organis\u00e9es par les Amis de la Nature Saint-Di\u00e9. On retiendra notamment que l&rsquo;association propose chaque ann\u00e9e une exposition au mois d&rsquo;ao\u00fbt \u00e0 la Tour de la Libert\u00e9, qui a attir\u00e9 plus de 1100 visiteurs en 2022. Chaque hiver, c&rsquo;est une projection de diaporamas r\u00e9alis\u00e9s par Andr\u00e9 Antoine qui a lieu au mus\u00e9e Pierre-No\u00ebl, \u00e0 la salle Fran\u00e7ois-Chol\u00e9. L&rsquo;association participe r\u00e9guli\u00e8rement au nettoyage de printemps, \u00e0 la f\u00eate des associations et \u00e0 l&rsquo;Et\u00e9 en grand. Cette ann\u00e9e, 2 randonn\u00e9es \u00e9taient organis\u00e9es dans ce cadre. Le tout en sachant que de nombreuses activit\u00e9s, comme des randonn\u00e9es et des sorties photo, sont propos\u00e9es aux adh\u00e9rents tout au long de l&rsquo;ann\u00e9e.<\/p>\n<p>\u00ab\u00a0Comme chaque ann\u00e9e, nous avons travaill\u00e9 \u00e0 l&rsquo;am\u00e9nagement et l&rsquo;entretien de notre chalet, \u00ab\u00a0Le Hangochet\u00a0\u00bb. Je rappelle que ce sont les locations qui nous assurent notre ind\u00e9pendance financi\u00e8re. C&rsquo;est aussi ce chalet qui permet de proposer, \u00e0 un tarif tr\u00e8s modeste, la possibilit\u00e9 de passer des vacances au contact de la nature. En 2023, nous continuerons nos actions et activit\u00e9s tel qu&rsquo;en t\u00e9moigne notre calendrier\u00a0\u00bb souligne Fran\u00e7ois Goethals, tout en remerciant la Municipalit\u00e9 et la Communaut\u00e9 d&rsquo;Agglom\u00e9ration pour son soutien \u00ab\u00a0en nous mettant \u00e0 disposition des locaux pour notre fonctionnement ainsi qu&rsquo;une subvention qui contribue \u00e0 notre fonctionnement.\u00a0\u00bb<\/p>\n<p>Et le pr\u00e9sident d&rsquo;ajouter, en guise de conclusion de son rapport moral\u00a0: \u00ab\u00a0Que ce soit d\u00fb \u00e0 l&rsquo;apr\u00e8s Covid ou pour d&rsquo;autres raisons, je dois constater un d\u00e9but de renouvellement de nos adh\u00e9rents. Certes, cela doit \u00eatre poursuivi en communiquant plus, en organisant des activit\u00e9s toujours plus int\u00e9ressantes, mais aussi, pour notre p\u00e9rennit\u00e9 en incitant plus d&rsquo;adh\u00e9rents \u00e0 prendre part \u00e0 des organisations ou \u00e0 venir nous \u00e9pauler au bureau de notre association. Enfin, je tiens \u00e0 rappeler que cela fait depuis fin 2015 que je suis pr\u00e9sident et que je souhaite passer la main.\u00a0\u00bb L&rsquo;appel \u00e0 candidat est lanc\u00e9.<\/p>\n<p>J.J.<\/p>\n\n","protected":false},"excerpt":{"rendered":"<p>Les Amis de la Nature de Saint-Di\u00e9 est une association oeuvrant pour la protection de la nature par des activit\u00e9s [&hellip;]<\/p>\n","protected":false},"author":44,"featured_media":60044,"comment_status":"open","ping_status":"open","sticky":false,"template":"","format":"standard","meta":{"footnotes":""},"categories":[460,2915,17],"tags":[676,13256,3571],"class_list":["post-60043","post","type-post","status-publish","format-standard","has-post-thumbnail","hentry","category-a-la-une","category-saint-die-son-canton","category-vie-associative","tag-assemblee-generale","tag-les-amis-de-la-nature-saint-die","tag-salle-carbonnar"],"acf":[],"yoast_head":"<!-- This site is optimized with the Yoast SEO plugin v22.5 - https:\/\/yoast.com\/wordpress\/plugins\/seo\/ -->\n<title>Les Amis de la Nature \u00e0 l&#039;heure du bilan - Saint Die Info<\/title>\n<meta name=\"robots\" content=\"index, follow, max-snippet:-1, max-image-preview:large, max-video-preview:-1\" \/>\n<link rel=\"canonical\" href=\"https:\/\/vosgesinfo.fr\/saintdieinfo\/2022\/11\/amis-de-nature-a-lheure-bilan\/\" \/>\n<meta name=\"twitter:card\" content=\"summary_large_image\" \/>\n<meta name=\"twitter:title\" content=\"Les Amis de la Nature \u00e0 l&#039;heure du bilan - Saint Die Info\" \/>\n<meta name=\"twitter:description\" content=\"Les Amis de la Nature de Saint-Di\u00e9 est une association oeuvrant pour la protection de la nature par des activit\u00e9s [&hellip;]\" \/>\n<meta name=\"twitter:image\" content=\"https:\/\/vosgesinfo.fr\/app\/uploads\/sites\/4\/2024\/08\/202211ag-amis-de-la-nature-1.jpg\" \/>\n<meta name=\"twitter:creator\" content=\"@VosgesInfo88\" \/>\n<meta name=\"twitter:site\" content=\"@VosgesInfo88\" \/>\n<meta name=\"twitter:label1\" content=\"\u00c9crit par\" \/>\n\t<meta name=\"twitter:data1\" content=\"la r\u00e9daction\" \/>\n\t<meta name=\"twitter:label2\" content=\"Dur\u00e9e de lecture estim\u00e9e\" \/>\n\t<meta name=\"twitter:data2\" content=\"2 minutes\" \/>\n<script type=\"application\/ld+json\" class=\"yoast-schema-graph\">{\"@context\":\"https:\/\/schema.org\",\"@graph\":[{\"@type\":\"Article\",\"@id\":\"https:\/\/vosgesinfo.fr\/saintdieinfo\/2022\/11\/amis-de-nature-a-lheure-bilan\/#article\",\"isPartOf\":{\"@id\":\"https:\/\/vosgesinfo.fr\/saintdieinfo\/2022\/11\/amis-de-nature-a-lheure-bilan\/\"},\"author\":{\"name\":\"la r\u00e9daction\",\"@id\":\"https:\/\/vosgesinfo.fr\/saintdieinfo\/#\/schema\/person\/faee6704a21f3977511db84bd1cd450f\"},\"headline\":\"Les Amis de la Nature \u00e0 l&rsquo;heure du bilan\",\"datePublished\":\"2022-11-28T12:55:08+00:00\",\"dateModified\":\"2022-11-28T12:55:08+00:00\",\"mainEntityOfPage\":{\"@id\":\"https:\/\/vosgesinfo.fr\/saintdieinfo\/2022\/11\/amis-de-nature-a-lheure-bilan\/\"},\"wordCount\":442,\"commentCount\":0,\"publisher\":{\"@id\":\"https:\/\/vosgesinfo.fr\/saintdieinfo\/#organization\"},\"image\":{\"@id\":\"https:\/\/vosgesinfo.fr\/saintdieinfo\/2022\/11\/amis-de-nature-a-lheure-bilan\/#primaryimage\"},\"thumbnailUrl\":\"https:\/\/vosgesinfo.fr\/app\/uploads\/sites\/4\/2024\/08\/202211ag-amis-de-la-nature-1.jpg\",\"keywords\":[\"assembl\u00e9e g\u00e9n\u00e9rale\",\"Les Amis de la Nature Saint-Di\u00e9\",\"Salle Carbonnar\"],\"articleSection\":[\"A la Une\",\"Saint-Di\u00e9-des-Vosges et son Agglom\u00e9ration\",\"Vie Associative\"],\"inLanguage\":\"fr-FR\",\"potentialAction\":[{\"@type\":\"CommentAction\",\"name\":\"Comment\",\"target\":[\"https:\/\/vosgesinfo.fr\/saintdieinfo\/2022\/11\/amis-de-nature-a-lheure-bilan\/#respond\"]}]},{\"@type\":\"WebPage\",\"@id\":\"https:\/\/vosgesinfo.fr\/saintdieinfo\/2022\/11\/amis-de-nature-a-lheure-bilan\/\",\"url\":\"https:\/\/vosgesinfo.fr\/saintdieinfo\/2022\/11\/amis-de-nature-a-lheure-bilan\/\",\"name\":\"Les Amis de la Nature \u00e0 l'heure du bilan - Saint Die Info\",\"isPartOf\":{\"@id\":\"https:\/\/vosgesinfo.fr\/saintdieinfo\/#website\"},\"primaryImageOfPage\":{\"@id\":\"https:\/\/vosgesinfo.fr\/saintdieinfo\/2022\/11\/amis-de-nature-a-lheure-bilan\/#primaryimage\"},\"image\":{\"@id\":\"https:\/\/vosgesinfo.fr\/saintdieinfo\/2022\/11\/amis-de-nature-a-lheure-bilan\/#primaryimage\"},\"thumbnailUrl\":\"https:\/\/vosgesinfo.fr\/app\/uploads\/sites\/4\/2024\/08\/202211ag-amis-de-la-nature-1.jpg\",\"datePublished\":\"2022-11-28T12:55:08+00:00\",\"dateModified\":\"2022-11-28T12:55:08+00:00\",\"breadcrumb\":{\"@id\":\"https:\/\/vosgesinfo.fr\/saintdieinfo\/2022\/11\/amis-de-nature-a-lheure-bilan\/#breadcrumb\"},\"inLanguage\":\"fr-FR\",\"potentialAction\":[{\"@type\":\"ReadAction\",\"target\":[\"https:\/\/vosgesinfo.fr\/saintdieinfo\/2022\/11\/amis-de-nature-a-lheure-bilan\/\"]}]},{\"@type\":\"ImageObject\",\"inLanguage\":\"fr-FR\",\"@id\":\"https:\/\/vosgesinfo.fr\/saintdieinfo\/2022\/11\/amis-de-nature-a-lheure-bilan\/#primaryimage\",\"url\":\"https:\/\/vosgesinfo.fr\/app\/uploads\/sites\/4\/2024\/08\/202211ag-amis-de-la-nature-1.jpg\",\"contentUrl\":\"https:\/\/vosgesinfo.fr\/app\/uploads\/sites\/4\/2024\/08\/202211ag-amis-de-la-nature-1.jpg\",\"width\":800,\"height\":534},{\"@type\":\"BreadcrumbList\",\"@id\":\"https:\/\/vosgesinfo.fr\/saintdieinfo\/2022\/11\/amis-de-nature-a-lheure-bilan\/#breadcrumb\",\"itemListElement\":[{\"@type\":\"ListItem\",\"position\":1,\"name\":\"Home\",\"item\":\"https:\/\/vosgesinfo.fr\/saintdieinfo\/\"},{\"@type\":\"ListItem\",\"position\":2,\"name\":\"Les Amis de la Nature \u00e0 l&rsquo;heure du bilan\"}]},{\"@type\":\"WebSite\",\"@id\":\"https:\/\/vosgesinfo.fr\/saintdieinfo\/#website\",\"url\":\"https:\/\/vosgesinfo.fr\/saintdieinfo\/\",\"name\":\"Saint Die Info\",\"description\":\"Toute l&#039;actualit\u00e9 de Saint-Di\u00e9-Des-Vosges\",\"publisher\":{\"@id\":\"https:\/\/vosgesinfo.fr\/saintdieinfo\/#organization\"},\"alternateName\":\"Toute l'actualit\u00e9 de Saint-Di\u00e9-Des-Vosges\",\"potentialAction\":[{\"@type\":\"SearchAction\",\"target\":{\"@type\":\"EntryPoint\",\"urlTemplate\":\"https:\/\/vosgesinfo.fr\/saintdieinfo\/?s={search_term_string}\"},\"query-input\":\"required name=search_term_string\"}],\"inLanguage\":\"fr-FR\"},{\"@type\":\"Organization\",\"@id\":\"https:\/\/vosgesinfo.fr\/saintdieinfo\/#organization\",\"name\":\"Saint Die Info\",\"url\":\"https:\/\/vosgesinfo.fr\/saintdieinfo\/\",\"logo\":{\"@type\":\"ImageObject\",\"inLanguage\":\"fr-FR\",\"@id\":\"https:\/\/vosgesinfo.fr\/saintdieinfo\/#\/schema\/logo\/image\/\",\"url\":\"https:\/\/vosgesinfo.fr\/app\/uploads\/sites\/4\/2024\/02\/logo-sdi.jpg\",\"contentUrl\":\"https:\/\/vosgesinfo.fr\/app\/uploads\/sites\/4\/2024\/02\/logo-sdi.jpg\",\"width\":600,\"height\":600,\"caption\":\"Saint Die Info\"},\"image\":{\"@id\":\"https:\/\/vosgesinfo.fr\/saintdieinfo\/#\/schema\/logo\/image\/\"},\"sameAs\":[\"https:\/\/www.facebook.com\/Saintdieinfofr\",\"https:\/\/x.com\/VosgesInfo88\",\"https:\/\/www.youtube.com\/@vosgesinfo\"]},{\"@type\":\"Person\",\"@id\":\"https:\/\/vosgesinfo.fr\/saintdieinfo\/#\/schema\/person\/faee6704a21f3977511db84bd1cd450f\",\"name\":\"la r\u00e9daction\",\"image\":{\"@type\":\"ImageObject\",\"inLanguage\":\"fr-FR\",\"@id\":\"https:\/\/vosgesinfo.fr\/saintdieinfo\/#\/schema\/person\/image\/\",\"url\":\"https:\/\/secure.gravatar.com\/avatar\/6673d8bc6a9c17fa9a453eaa3448de834fa308c2ec9635b7aa99441a7c8d2cf6?s=96&d=mm&r=g\",\"contentUrl\":\"https:\/\/secure.gravatar.com\/avatar\/6673d8bc6a9c17fa9a453eaa3448de834fa308c2ec9635b7aa99441a7c8d2cf6?s=96&d=mm&r=g\",\"caption\":\"la r\u00e9daction\"},\"url\":\"https:\/\/vosgesinfo.fr\/saintdieinfo\/author\/redac\/\"}]}<\/script>\n<!-- \/ Yoast SEO plugin. -->","yoast_head_json":{"title":"Les Amis de la Nature \u00e0 l'heure du bilan - Saint Die Info","robots":{"index":"index","follow":"follow","max-snippet":"max-snippet:-1","max-image-preview":"max-image-preview:large","max-video-preview":"max-video-preview:-1"},"canonical":"https:\/\/vosgesinfo.fr\/saintdieinfo\/2022\/11\/amis-de-nature-a-lheure-bilan\/","twitter_card":"summary_large_image","twitter_title":"Les Amis de la Nature \u00e0 l'heure du bilan - Saint Die Info","twitter_description":"Les Amis de la Nature de Saint-Di\u00e9 est une association oeuvrant pour la protection de la nature par des activit\u00e9s [&hellip;]","twitter_image":"https:\/\/vosgesinfo.fr\/app\/uploads\/sites\/4\/2024\/08\/202211ag-amis-de-la-nature-1.jpg","twitter_creator":"@VosgesInfo88","twitter_site":"@VosgesInfo88","twitter_misc":{"\u00c9crit par":"la r\u00e9daction","Dur\u00e9e de lecture estim\u00e9e":"2 minutes"},"schema":{"@context":"https:\/\/schema.org","@graph":[{"@type":"Article","@id":"https:\/\/vosgesinfo.fr\/saintdieinfo\/2022\/11\/amis-de-nature-a-lheure-bilan\/#article","isPartOf":{"@id":"https:\/\/vosgesinfo.fr\/saintdieinfo\/2022\/11\/amis-de-nature-a-lheure-bilan\/"},"author":{"name":"la r\u00e9daction","@id":"https:\/\/vosgesinfo.fr\/saintdieinfo\/#\/schema\/person\/faee6704a21f3977511db84bd1cd450f"},"headline":"Les Amis de la Nature \u00e0 l&rsquo;heure du bilan","datePublished":"2022-11-28T12:55:08+00:00","dateModified":"2022-11-28T12:55:08+00:00","mainEntityOfPage":{"@id":"https:\/\/vosgesinfo.fr\/saintdieinfo\/2022\/11\/amis-de-nature-a-lheure-bilan\/"},"wordCount":442,"commentCount":0,"publisher":{"@id":"https:\/\/vosgesinfo.fr\/saintdieinfo\/#organization"},"image":{"@id":"https:\/\/vosgesinfo.fr\/saintdieinfo\/2022\/11\/amis-de-nature-a-lheure-bilan\/#primaryimage"},"thumbnailUrl":"https:\/\/vosgesinfo.fr\/app\/uploads\/sites\/4\/2024\/08\/202211ag-amis-de-la-nature-1.jpg","keywords":["assembl\u00e9e g\u00e9n\u00e9rale","Les Amis de la Nature Saint-Di\u00e9","Salle Carbonnar"],"articleSection":["A la Une","Saint-Di\u00e9-des-Vosges et son Agglom\u00e9ration","Vie Associative"],"inLanguage":"fr-FR","potentialAction":[{"@type":"CommentAction","name":"Comment","target":["https:\/\/vosgesinfo.fr\/saintdieinfo\/2022\/11\/amis-de-nature-a-lheure-bilan\/#respond"]}]},{"@type":"WebPage","@id":"https:\/\/vosgesinfo.fr\/saintdieinfo\/2022\/11\/amis-de-nature-a-lheure-bilan\/","url":"https:\/\/vosgesinfo.fr\/saintdieinfo\/2022\/11\/amis-de-nature-a-lheure-bilan\/","name":"Les Amis de la Nature \u00e0 l'heure du bilan - Saint Die Info","isPartOf":{"@id":"https:\/\/vosgesinfo.fr\/saintdieinfo\/#website"},"primaryImageOfPage":{"@id":"https:\/\/vosgesinfo.fr\/saintdieinfo\/2022\/11\/amis-de-nature-a-lheure-bilan\/#primaryimage"},"image":{"@id":"https:\/\/vosgesinfo.fr\/saintdieinfo\/2022\/11\/amis-de-nature-a-lheure-bilan\/#primaryimage"},"thumbnailUrl":"https:\/\/vosgesinfo.fr\/app\/uploads\/sites\/4\/2024\/08\/202211ag-amis-de-la-nature-1.jpg","datePublished":"2022-11-28T12:55:08+00:00","dateModified":"2022-11-28T12:55:08+00:00","breadcrumb":{"@id":"https:\/\/vosgesinfo.fr\/saintdieinfo\/2022\/11\/amis-de-nature-a-lheure-bilan\/#breadcrumb"},"inLanguage":"fr-FR","potentialAction":[{"@type":"ReadAction","target":["https:\/\/vosgesinfo.fr\/saintdieinfo\/2022\/11\/amis-de-nature-a-lheure-bilan\/"]}]},{"@type":"ImageObject","inLanguage":"fr-FR","@id":"https:\/\/vosgesinfo.fr\/saintdieinfo\/2022\/11\/amis-de-nature-a-lheure-bilan\/#primaryimage","url":"https:\/\/vosgesinfo.fr\/app\/uploads\/sites\/4\/2024\/08\/202211ag-amis-de-la-nature-1.jpg","contentUrl":"https:\/\/vosgesinfo.fr\/app\/uploads\/sites\/4\/2024\/08\/202211ag-amis-de-la-nature-1.jpg","width":800,"height":534},{"@type":"BreadcrumbList","@id":"https:\/\/vosgesinfo.fr\/saintdieinfo\/2022\/11\/amis-de-nature-a-lheure-bilan\/#breadcrumb","itemListElement":[{"@type":"ListItem","position":1,"name":"Home","item":"https:\/\/vosgesinfo.fr\/saintdieinfo\/"},{"@type":"ListItem","position":2,"name":"Les Amis de la Nature \u00e0 l&rsquo;heure du bilan"}]},{"@type":"WebSite","@id":"https:\/\/vosgesinfo.fr\/saintdieinfo\/#website","url":"https:\/\/vosgesinfo.fr\/saintdieinfo\/","name":"Saint Die Info","description":"Toute l&#039;actualit\u00e9 de Saint-Di\u00e9-Des-Vosges","publisher":{"@id":"https:\/\/vosgesinfo.fr\/saintdieinfo\/#organization"},"alternateName":"Toute l'actualit\u00e9 de Saint-Di\u00e9-Des-Vosges","potentialAction":[{"@type":"SearchAction","target":{"@type":"EntryPoint","urlTemplate":"https:\/\/vosgesinfo.fr\/saintdieinfo\/?s={search_term_string}"},"query-input":"required name=search_term_string"}],"inLanguage":"fr-FR"},{"@type":"Organization","@id":"https:\/\/vosgesinfo.fr\/saintdieinfo\/#organization","name":"Saint Die Info","url":"https:\/\/vosgesinfo.fr\/saintdieinfo\/","logo":{"@type":"ImageObject","inLanguage":"fr-FR","@id":"https:\/\/vosgesinfo.fr\/saintdieinfo\/#\/schema\/logo\/image\/","url":"https:\/\/vosgesinfo.fr\/app\/uploads\/sites\/4\/2024\/02\/logo-sdi.jpg","contentUrl":"https:\/\/vosgesinfo.fr\/app\/uploads\/sites\/4\/2024\/02\/logo-sdi.jpg","width":600,"height":600,"caption":"Saint Die Info"},"image":{"@id":"https:\/\/vosgesinfo.fr\/saintdieinfo\/#\/schema\/logo\/image\/"},"sameAs":["https:\/\/www.facebook.com\/Saintdieinfofr","https:\/\/x.com\/VosgesInfo88","https:\/\/www.youtube.com\/@vosgesinfo"]},{"@type":"Person","@id":"https:\/\/vosgesinfo.fr\/saintdieinfo\/#\/schema\/person\/faee6704a21f3977511db84bd1cd450f","name":"la r\u00e9daction","image":{"@type":"ImageObject","inLanguage":"fr-FR","@id":"https:\/\/vosgesinfo.fr\/saintdieinfo\/#\/schema\/person\/image\/","url":"https:\/\/secure.gravatar.com\/avatar\/6673d8bc6a9c17fa9a453eaa3448de834fa308c2ec9635b7aa99441a7c8d2cf6?s=96&d=mm&r=g","contentUrl":"https:\/\/secure.gravatar.com\/avatar\/6673d8bc6a9c17fa9a453eaa3448de834fa308c2ec9635b7aa99441a7c8d2cf6?s=96&d=mm&r=g","caption":"la r\u00e9daction"},"url":"https:\/\/vosgesinfo.fr\/saintdieinfo\/author\/redac\/"}]}},"_links":{"self":[{"href":"https:\/\/vosgesinfo.fr\/saintdieinfo\/wp-json\/wp\/v2\/posts\/60043","targetHints":{"allow":["GET"]}}],"collection":[{"href":"https:\/\/vosgesinfo.fr\/saintdieinfo\/wp-json\/wp\/v2\/posts"}],"about":[{"href":"https:\/\/vosgesinfo.fr\/saintdieinfo\/wp-json\/wp\/v2\/types\/post"}],"author":[{"embeddable":true,"href":"https:\/\/vosgesinfo.fr\/saintdieinfo\/wp-json\/wp\/v2\/users\/44"}],"replies":[{"embeddable":true,"href":"https:\/\/vosgesinfo.fr\/saintdieinfo\/wp-json\/wp\/v2\/comments?post=60043"}],"version-history":[{"count":0,"href":"https:\/\/vosgesinfo.fr\/saintdieinfo\/wp-json\/wp\/v2\/posts\/60043\/revisions"}],"wp:featuredmedia":[{"embeddable":true,"href":"https:\/\/vosgesinfo.fr\/saintdieinfo\/wp-json\/wp\/v2\/media\/60044"}],"wp:attachment":[{"href":"https:\/\/vosgesinfo.fr\/saintdieinfo\/wp-json\/wp\/v2\/media?parent=60043"}],"wp:term":[{"taxonomy":"category","embeddable":true,"href":"https:\/\/vosgesinfo.fr\/saintdieinfo\/wp-json\/wp\/v2\/categories?post=60043"},{"taxonomy":"post_tag","embeddable":true,"href":"https:\/\/vosgesinfo.fr\/saintdieinfo\/wp-json\/wp\/v2\/tags?post=60043"}],"curies":[{"name":"wp","href":"https:\/\/api.w.org\/{rel}","templated":true}]}}