{"id":60052,"date":"2022-11-28T14:35:48","date_gmt":"2022-11-28T13:35:48","guid":{"rendered":"https:\/\/vosgesinfo.fr\/saintdieinfo\/2022\/11\/fraize-bus-de-lemploi-de-formation-etape-chez-emmaus\/"},"modified":"2022-11-28T14:35:48","modified_gmt":"2022-11-28T13:35:48","slug":"fraize-bus-de-lemploi-de-formation-etape-chez-emmaus","status":"publish","type":"post","link":"https:\/\/vosgesinfo.fr\/saintdieinfo\/2022\/11\/fraize-bus-de-lemploi-de-formation-etape-chez-emmaus\/","title":{"rendered":"Fraize \u2013 Le bus de l&#8217;emploi et de la formation fait \u00e9tape chez Emma\u00fcs"},"content":{"rendered":"<div id=\"attachment_193376\" style=\"width: 970px\" class=\"wp-caption aligncenter\"><a href=\"\/2022\/11\/Fraize-Bus_Emploi_Formation.jpg\" target=\"_blank\" rel=\"noopener\"><img decoding=\"async\" aria-describedby=\"caption-attachment-193376\" class=\"wp-image-193376 size-large\" src=\"\/2022\/11\/Fraize-Bus_Emploi_Formation-1024x768.jpg\" alt=\"Fraize-Bus_Emploi_Formation\" width=\"960\" height=\"720\" \/><\/a><p id=\"caption-attachment-193376\" class=\"wp-caption-text\">(Photographie FACE Vosges)<\/p><\/div>\n<h2><strong><span style=\"font-size: 14pt;\">FACE Vosges organise en partenariat avec Emma\u00fcs Vosges un forum de l&#8217;emploi intitul\u00e9 \u201cBus de l&#8217;emploi et de la formation\u201d, qui se tiendra le jeudi 8 d\u00e9cembre de 10h \u00e0 16h \u00e0 Fraize dans les locaux d&rsquo;Emma\u00fcs. L&rsquo;ensemble des acteurs du Service Public de l&rsquo;Emploi s&rsquo;est mobilis\u00e9 pour mener \u00e0 bien cette derni\u00e8re (P\u00f4le emploi, Mission Locale, Cap emploi) ainsi que la Communaut\u00e9 d&rsquo;Agglom\u00e9ration de Saint-Di\u00e9-des-Vosges et la Mairie de Fraize.<\/span><\/strong><\/h2>\n<p><!--more--><\/p>\n<p>Cet \u00e9v\u00e9nement, sous le signe de la convivialit\u00e9, permettra d&rsquo;\u00eatre au plus pr\u00e8s des attentes des demandeurs d&#8217;emploi et des besoins des entreprises. D\u00e9j\u00e0, plus d&rsquo;une trentaine d&rsquo;entreprises et organismes de formation ont r\u00e9pondu pr\u00e9sent.<\/p>\n<h3><strong><span style=\"font-size: 12pt;\">Au programme de cette manifestation :<\/span><\/strong><\/h3>\n<ul>\n<li>De 10 h \u00e0 12 h : Conseils et Coaching \u00e0 destination des demandeurs d&#8217;emploi (simulations d&rsquo;entretiens, ateliers de confiance en soi, savoir-\u00eatre, prise de parole, mise en valeur, valorisation des comp\u00e9tences, mobilit\u00e9 et garde d&rsquo;enfants, stand d&rsquo;offre de formation et pr\u00e9sentation de la plateforme inclusion)<\/li>\n<li>De 12 h \u00e0 13 h 30 : repas<\/li>\n<li>De 13 h 30 \u00e0 16 h : forum de l&#8217;emploi dans une ambiance conviviale et d\u00e9contract\u00e9e.<\/li>\n<\/ul>\n<p>Des bus seront mis \u00e0 disposition gratuitement pour le ramassage, en amont des candidats, dans les diff\u00e9rentes communes environnantes (d\u00e9part de Saint-Di\u00e9-des-Vosges).<\/p>\n<p><a href=\"\/2022\/11\/Fraize-Bus_Emploi_Formation.png\" target=\"_blank\" rel=\"noopener\"><img decoding=\"async\" class=\"aligncenter wp-image-193377 size-large\" src=\"\/2022\/11\/Fraize-Bus_Emploi_Formation-724x1024.png\" alt=\"Fraize-Bus_Emploi_Formation\" width=\"724\" height=\"1024\" \/><\/a><\/p>\n","protected":false},"excerpt":{"rendered":"<p>FACE Vosges organise en partenariat avec Emma\u00fcs Vosges un forum de l&#8217;emploi intitul\u00e9 \u201cBus de l&#8217;emploi et de la formation\u201d, [&hellip;]<\/p>\n","protected":false},"author":44,"featured_media":60053,"comment_status":"open","ping_status":"open","sticky":false,"template":"","format":"standard","meta":{"footnotes":""},"categories":[460,2915],"tags":[13259,4001,9102,2927],"class_list":["post-60052","post","type-post","status-publish","format-standard","has-post-thumbnail","hentry","category-a-la-une","category-saint-die-son-canton","tag-bus-de-lemploi-et-de-la-formation","tag-emmaus-vosges","tag-face-vosges","tag-fraize"],"acf":[],"yoast_head":"<!-- This site is optimized with the Yoast SEO plugin v22.5 - https:\/\/yoast.com\/wordpress\/plugins\/seo\/ -->\n<title>Fraize \u2013 Le bus de l&#039;emploi et de la formation fait \u00e9tape chez Emma\u00fcs - Saint Die Info<\/title>\n<meta name=\"robots\" content=\"index, follow, max-snippet:-1, max-image-preview:large, max-video-preview:-1\" \/>\n<link rel=\"canonical\" href=\"https:\/\/vosgesinfo.fr\/saintdieinfo\/2022\/11\/fraize-bus-de-lemploi-de-formation-etape-chez-emmaus\/\" \/>\n<meta name=\"twitter:card\" content=\"summary_large_image\" \/>\n<meta name=\"twitter:title\" content=\"Fraize \u2013 Le bus de l&#039;emploi et de la formation fait \u00e9tape chez Emma\u00fcs - Saint Die Info\" \/>\n<meta name=\"twitter:description\" content=\"FACE Vosges organise en partenariat avec Emma\u00fcs Vosges un forum de l&#8217;emploi intitul\u00e9 \u201cBus de l&#8217;emploi et de la formation\u201d, [&hellip;]\" \/>\n<meta name=\"twitter:image\" content=\"https:\/\/vosgesinfo.fr\/app\/uploads\/sites\/4\/2024\/08\/202211fraize-bus-emploi-formation.jpg\" \/>\n<meta name=\"twitter:creator\" content=\"@VosgesInfo88\" \/>\n<meta name=\"twitter:site\" content=\"@VosgesInfo88\" \/>\n<meta name=\"twitter:label1\" content=\"\u00c9crit par\" \/>\n\t<meta name=\"twitter:data1\" content=\"la r\u00e9daction\" \/>\n\t<meta name=\"twitter:label2\" content=\"Dur\u00e9e de lecture estim\u00e9e\" \/>\n\t<meta name=\"twitter:data2\" content=\"1 minute\" \/>\n<script type=\"application\/ld+json\" class=\"yoast-schema-graph\">{\"@context\":\"https:\/\/schema.org\",\"@graph\":[{\"@type\":\"Article\",\"@id\":\"https:\/\/vosgesinfo.fr\/saintdieinfo\/2022\/11\/fraize-bus-de-lemploi-de-formation-etape-chez-emmaus\/#article\",\"isPartOf\":{\"@id\":\"https:\/\/vosgesinfo.fr\/saintdieinfo\/2022\/11\/fraize-bus-de-lemploi-de-formation-etape-chez-emmaus\/\"},\"author\":{\"name\":\"la r\u00e9daction\",\"@id\":\"https:\/\/vosgesinfo.fr\/saintdieinfo\/#\/schema\/person\/faee6704a21f3977511db84bd1cd450f\"},\"headline\":\"Fraize \u2013 Le bus de l&#8217;emploi et de la formation fait \u00e9tape chez Emma\u00fcs\",\"datePublished\":\"2022-11-28T13:35:48+00:00\",\"dateModified\":\"2022-11-28T13:35:48+00:00\",\"mainEntityOfPage\":{\"@id\":\"https:\/\/vosgesinfo.fr\/saintdieinfo\/2022\/11\/fraize-bus-de-lemploi-de-formation-etape-chez-emmaus\/\"},\"wordCount\":246,\"commentCount\":0,\"publisher\":{\"@id\":\"https:\/\/vosgesinfo.fr\/saintdieinfo\/#organization\"},\"image\":{\"@id\":\"https:\/\/vosgesinfo.fr\/saintdieinfo\/2022\/11\/fraize-bus-de-lemploi-de-formation-etape-chez-emmaus\/#primaryimage\"},\"thumbnailUrl\":\"https:\/\/vosgesinfo.fr\/app\/uploads\/sites\/4\/2024\/08\/202211fraize-bus-emploi-formation.jpg\",\"keywords\":[\"Bus de l'emploi et de la formation\",\"Emma\u00fcs Vosges\",\"FACE Vosges\",\"Fraize\"],\"articleSection\":[\"A la Une\",\"Saint-Di\u00e9-des-Vosges et son Agglom\u00e9ration\"],\"inLanguage\":\"fr-FR\",\"potentialAction\":[{\"@type\":\"CommentAction\",\"name\":\"Comment\",\"target\":[\"https:\/\/vosgesinfo.fr\/saintdieinfo\/2022\/11\/fraize-bus-de-lemploi-de-formation-etape-chez-emmaus\/#respond\"]}]},{\"@type\":\"WebPage\",\"@id\":\"https:\/\/vosgesinfo.fr\/saintdieinfo\/2022\/11\/fraize-bus-de-lemploi-de-formation-etape-chez-emmaus\/\",\"url\":\"https:\/\/vosgesinfo.fr\/saintdieinfo\/2022\/11\/fraize-bus-de-lemploi-de-formation-etape-chez-emmaus\/\",\"name\":\"Fraize \u2013 Le bus de l'emploi et de la formation fait \u00e9tape chez Emma\u00fcs - Saint Die Info\",\"isPartOf\":{\"@id\":\"https:\/\/vosgesinfo.fr\/saintdieinfo\/#website\"},\"primaryImageOfPage\":{\"@id\":\"https:\/\/vosgesinfo.fr\/saintdieinfo\/2022\/11\/fraize-bus-de-lemploi-de-formation-etape-chez-emmaus\/#primaryimage\"},\"image\":{\"@id\":\"https:\/\/vosgesinfo.fr\/saintdieinfo\/2022\/11\/fraize-bus-de-lemploi-de-formation-etape-chez-emmaus\/#primaryimage\"},\"thumbnailUrl\":\"https:\/\/vosgesinfo.fr\/app\/uploads\/sites\/4\/2024\/08\/202211fraize-bus-emploi-formation.jpg\",\"datePublished\":\"2022-11-28T13:35:48+00:00\",\"dateModified\":\"2022-11-28T13:35:48+00:00\",\"breadcrumb\":{\"@id\":\"https:\/\/vosgesinfo.fr\/saintdieinfo\/2022\/11\/fraize-bus-de-lemploi-de-formation-etape-chez-emmaus\/#breadcrumb\"},\"inLanguage\":\"fr-FR\",\"potentialAction\":[{\"@type\":\"ReadAction\",\"target\":[\"https:\/\/vosgesinfo.fr\/saintdieinfo\/2022\/11\/fraize-bus-de-lemploi-de-formation-etape-chez-emmaus\/\"]}]},{\"@type\":\"ImageObject\",\"inLanguage\":\"fr-FR\",\"@id\":\"https:\/\/vosgesinfo.fr\/saintdieinfo\/2022\/11\/fraize-bus-de-lemploi-de-formation-etape-chez-emmaus\/#primaryimage\",\"url\":\"https:\/\/vosgesinfo.fr\/app\/uploads\/sites\/4\/2024\/08\/202211fraize-bus-emploi-formation.jpg\",\"contentUrl\":\"https:\/\/vosgesinfo.fr\/app\/uploads\/sites\/4\/2024\/08\/202211fraize-bus-emploi-formation.jpg\",\"width\":2048,\"height\":1536},{\"@type\":\"BreadcrumbList\",\"@id\":\"https:\/\/vosgesinfo.fr\/saintdieinfo\/2022\/11\/fraize-bus-de-lemploi-de-formation-etape-chez-emmaus\/#breadcrumb\",\"itemListElement\":[{\"@type\":\"ListItem\",\"position\":1,\"name\":\"Home\",\"item\":\"https:\/\/vosgesinfo.fr\/saintdieinfo\/\"},{\"@type\":\"ListItem\",\"position\":2,\"name\":\"Fraize \u2013 Le bus de l&#8217;emploi et de la formation fait \u00e9tape chez Emma\u00fcs\"}]},{\"@type\":\"WebSite\",\"@id\":\"https:\/\/vosgesinfo.fr\/saintdieinfo\/#website\",\"url\":\"https:\/\/vosgesinfo.fr\/saintdieinfo\/\",\"name\":\"Saint Die Info\",\"description\":\"Toute l&#039;actualit\u00e9 de Saint-Di\u00e9-Des-Vosges\",\"publisher\":{\"@id\":\"https:\/\/vosgesinfo.fr\/saintdieinfo\/#organization\"},\"alternateName\":\"Toute l'actualit\u00e9 de Saint-Di\u00e9-Des-Vosges\",\"potentialAction\":[{\"@type\":\"SearchAction\",\"target\":{\"@type\":\"EntryPoint\",\"urlTemplate\":\"https:\/\/vosgesinfo.fr\/saintdieinfo\/?s={search_term_string}\"},\"query-input\":\"required name=search_term_string\"}],\"inLanguage\":\"fr-FR\"},{\"@type\":\"Organization\",\"@id\":\"https:\/\/vosgesinfo.fr\/saintdieinfo\/#organization\",\"name\":\"Saint Die Info\",\"url\":\"https:\/\/vosgesinfo.fr\/saintdieinfo\/\",\"logo\":{\"@type\":\"ImageObject\",\"inLanguage\":\"fr-FR\",\"@id\":\"https:\/\/vosgesinfo.fr\/saintdieinfo\/#\/schema\/logo\/image\/\",\"url\":\"https:\/\/vosgesinfo.fr\/app\/uploads\/sites\/4\/2024\/02\/logo-sdi.jpg\",\"contentUrl\":\"https:\/\/vosgesinfo.fr\/app\/uploads\/sites\/4\/2024\/02\/logo-sdi.jpg\",\"width\":600,\"height\":600,\"caption\":\"Saint Die Info\"},\"image\":{\"@id\":\"https:\/\/vosgesinfo.fr\/saintdieinfo\/#\/schema\/logo\/image\/\"},\"sameAs\":[\"https:\/\/www.facebook.com\/Saintdieinfofr\",\"https:\/\/x.com\/VosgesInfo88\",\"https:\/\/www.youtube.com\/@vosgesinfo\"]},{\"@type\":\"Person\",\"@id\":\"https:\/\/vosgesinfo.fr\/saintdieinfo\/#\/schema\/person\/faee6704a21f3977511db84bd1cd450f\",\"name\":\"la r\u00e9daction\",\"image\":{\"@type\":\"ImageObject\",\"inLanguage\":\"fr-FR\",\"@id\":\"https:\/\/vosgesinfo.fr\/saintdieinfo\/#\/schema\/person\/image\/\",\"url\":\"https:\/\/secure.gravatar.com\/avatar\/6673d8bc6a9c17fa9a453eaa3448de834fa308c2ec9635b7aa99441a7c8d2cf6?s=96&d=mm&r=g\",\"contentUrl\":\"https:\/\/secure.gravatar.com\/avatar\/6673d8bc6a9c17fa9a453eaa3448de834fa308c2ec9635b7aa99441a7c8d2cf6?s=96&d=mm&r=g\",\"caption\":\"la r\u00e9daction\"},\"url\":\"https:\/\/vosgesinfo.fr\/saintdieinfo\/author\/redac\/\"}]}<\/script>\n<!-- \/ Yoast SEO plugin. -->","yoast_head_json":{"title":"Fraize \u2013 Le bus de l'emploi et de la formation fait \u00e9tape chez Emma\u00fcs - Saint Die Info","robots":{"index":"index","follow":"follow","max-snippet":"max-snippet:-1","max-image-preview":"max-image-preview:large","max-video-preview":"max-video-preview:-1"},"canonical":"https:\/\/vosgesinfo.fr\/saintdieinfo\/2022\/11\/fraize-bus-de-lemploi-de-formation-etape-chez-emmaus\/","twitter_card":"summary_large_image","twitter_title":"Fraize \u2013 Le bus de l'emploi et de la formation fait \u00e9tape chez Emma\u00fcs - Saint Die Info","twitter_description":"FACE Vosges organise en partenariat avec Emma\u00fcs Vosges un forum de l&#8217;emploi intitul\u00e9 \u201cBus de l&#8217;emploi et de la formation\u201d, [&hellip;]","twitter_image":"https:\/\/vosgesinfo.fr\/app\/uploads\/sites\/4\/2024\/08\/202211fraize-bus-emploi-formation.jpg","twitter_creator":"@VosgesInfo88","twitter_site":"@VosgesInfo88","twitter_misc":{"\u00c9crit par":"la r\u00e9daction","Dur\u00e9e de lecture estim\u00e9e":"1 minute"},"schema":{"@context":"https:\/\/schema.org","@graph":[{"@type":"Article","@id":"https:\/\/vosgesinfo.fr\/saintdieinfo\/2022\/11\/fraize-bus-de-lemploi-de-formation-etape-chez-emmaus\/#article","isPartOf":{"@id":"https:\/\/vosgesinfo.fr\/saintdieinfo\/2022\/11\/fraize-bus-de-lemploi-de-formation-etape-chez-emmaus\/"},"author":{"name":"la r\u00e9daction","@id":"https:\/\/vosgesinfo.fr\/saintdieinfo\/#\/schema\/person\/faee6704a21f3977511db84bd1cd450f"},"headline":"Fraize \u2013 Le bus de l&#8217;emploi et de la formation fait \u00e9tape chez Emma\u00fcs","datePublished":"2022-11-28T13:35:48+00:00","dateModified":"2022-11-28T13:35:48+00:00","mainEntityOfPage":{"@id":"https:\/\/vosgesinfo.fr\/saintdieinfo\/2022\/11\/fraize-bus-de-lemploi-de-formation-etape-chez-emmaus\/"},"wordCount":246,"commentCount":0,"publisher":{"@id":"https:\/\/vosgesinfo.fr\/saintdieinfo\/#organization"},"image":{"@id":"https:\/\/vosgesinfo.fr\/saintdieinfo\/2022\/11\/fraize-bus-de-lemploi-de-formation-etape-chez-emmaus\/#primaryimage"},"thumbnailUrl":"https:\/\/vosgesinfo.fr\/app\/uploads\/sites\/4\/2024\/08\/202211fraize-bus-emploi-formation.jpg","keywords":["Bus de l'emploi et de la formation","Emma\u00fcs Vosges","FACE Vosges","Fraize"],"articleSection":["A la Une","Saint-Di\u00e9-des-Vosges et son Agglom\u00e9ration"],"inLanguage":"fr-FR","potentialAction":[{"@type":"CommentAction","name":"Comment","target":["https:\/\/vosgesinfo.fr\/saintdieinfo\/2022\/11\/fraize-bus-de-lemploi-de-formation-etape-chez-emmaus\/#respond"]}]},{"@type":"WebPage","@id":"https:\/\/vosgesinfo.fr\/saintdieinfo\/2022\/11\/fraize-bus-de-lemploi-de-formation-etape-chez-emmaus\/","url":"https:\/\/vosgesinfo.fr\/saintdieinfo\/2022\/11\/fraize-bus-de-lemploi-de-formation-etape-chez-emmaus\/","name":"Fraize \u2013 Le bus de l'emploi et de la formation fait \u00e9tape chez Emma\u00fcs - Saint Die Info","isPartOf":{"@id":"https:\/\/vosgesinfo.fr\/saintdieinfo\/#website"},"primaryImageOfPage":{"@id":"https:\/\/vosgesinfo.fr\/saintdieinfo\/2022\/11\/fraize-bus-de-lemploi-de-formation-etape-chez-emmaus\/#primaryimage"},"image":{"@id":"https:\/\/vosgesinfo.fr\/saintdieinfo\/2022\/11\/fraize-bus-de-lemploi-de-formation-etape-chez-emmaus\/#primaryimage"},"thumbnailUrl":"https:\/\/vosgesinfo.fr\/app\/uploads\/sites\/4\/2024\/08\/202211fraize-bus-emploi-formation.jpg","datePublished":"2022-11-28T13:35:48+00:00","dateModified":"2022-11-28T13:35:48+00:00","breadcrumb":{"@id":"https:\/\/vosgesinfo.fr\/saintdieinfo\/2022\/11\/fraize-bus-de-lemploi-de-formation-etape-chez-emmaus\/#breadcrumb"},"inLanguage":"fr-FR","potentialAction":[{"@type":"ReadAction","target":["https:\/\/vosgesinfo.fr\/saintdieinfo\/2022\/11\/fraize-bus-de-lemploi-de-formation-etape-chez-emmaus\/"]}]},{"@type":"ImageObject","inLanguage":"fr-FR","@id":"https:\/\/vosgesinfo.fr\/saintdieinfo\/2022\/11\/fraize-bus-de-lemploi-de-formation-etape-chez-emmaus\/#primaryimage","url":"https:\/\/vosgesinfo.fr\/app\/uploads\/sites\/4\/2024\/08\/202211fraize-bus-emploi-formation.jpg","contentUrl":"https:\/\/vosgesinfo.fr\/app\/uploads\/sites\/4\/2024\/08\/202211fraize-bus-emploi-formation.jpg","width":2048,"height":1536},{"@type":"BreadcrumbList","@id":"https:\/\/vosgesinfo.fr\/saintdieinfo\/2022\/11\/fraize-bus-de-lemploi-de-formation-etape-chez-emmaus\/#breadcrumb","itemListElement":[{"@type":"ListItem","position":1,"name":"Home","item":"https:\/\/vosgesinfo.fr\/saintdieinfo\/"},{"@type":"ListItem","position":2,"name":"Fraize \u2013 Le bus de l&#8217;emploi et de la formation fait \u00e9tape chez Emma\u00fcs"}]},{"@type":"WebSite","@id":"https:\/\/vosgesinfo.fr\/saintdieinfo\/#website","url":"https:\/\/vosgesinfo.fr\/saintdieinfo\/","name":"Saint Die Info","description":"Toute l&#039;actualit\u00e9 de Saint-Di\u00e9-Des-Vosges","publisher":{"@id":"https:\/\/vosgesinfo.fr\/saintdieinfo\/#organization"},"alternateName":"Toute l'actualit\u00e9 de Saint-Di\u00e9-Des-Vosges","potentialAction":[{"@type":"SearchAction","target":{"@type":"EntryPoint","urlTemplate":"https:\/\/vosgesinfo.fr\/saintdieinfo\/?s={search_term_string}"},"query-input":"required name=search_term_string"}],"inLanguage":"fr-FR"},{"@type":"Organization","@id":"https:\/\/vosgesinfo.fr\/saintdieinfo\/#organization","name":"Saint Die Info","url":"https:\/\/vosgesinfo.fr\/saintdieinfo\/","logo":{"@type":"ImageObject","inLanguage":"fr-FR","@id":"https:\/\/vosgesinfo.fr\/saintdieinfo\/#\/schema\/logo\/image\/","url":"https:\/\/vosgesinfo.fr\/app\/uploads\/sites\/4\/2024\/02\/logo-sdi.jpg","contentUrl":"https:\/\/vosgesinfo.fr\/app\/uploads\/sites\/4\/2024\/02\/logo-sdi.jpg","width":600,"height":600,"caption":"Saint Die Info"},"image":{"@id":"https:\/\/vosgesinfo.fr\/saintdieinfo\/#\/schema\/logo\/image\/"},"sameAs":["https:\/\/www.facebook.com\/Saintdieinfofr","https:\/\/x.com\/VosgesInfo88","https:\/\/www.youtube.com\/@vosgesinfo"]},{"@type":"Person","@id":"https:\/\/vosgesinfo.fr\/saintdieinfo\/#\/schema\/person\/faee6704a21f3977511db84bd1cd450f","name":"la r\u00e9daction","image":{"@type":"ImageObject","inLanguage":"fr-FR","@id":"https:\/\/vosgesinfo.fr\/saintdieinfo\/#\/schema\/person\/image\/","url":"https:\/\/secure.gravatar.com\/avatar\/6673d8bc6a9c17fa9a453eaa3448de834fa308c2ec9635b7aa99441a7c8d2cf6?s=96&d=mm&r=g","contentUrl":"https:\/\/secure.gravatar.com\/avatar\/6673d8bc6a9c17fa9a453eaa3448de834fa308c2ec9635b7aa99441a7c8d2cf6?s=96&d=mm&r=g","caption":"la r\u00e9daction"},"url":"https:\/\/vosgesinfo.fr\/saintdieinfo\/author\/redac\/"}]}},"_links":{"self":[{"href":"https:\/\/vosgesinfo.fr\/saintdieinfo\/wp-json\/wp\/v2\/posts\/60052","targetHints":{"allow":["GET"]}}],"collection":[{"href":"https:\/\/vosgesinfo.fr\/saintdieinfo\/wp-json\/wp\/v2\/posts"}],"about":[{"href":"https:\/\/vosgesinfo.fr\/saintdieinfo\/wp-json\/wp\/v2\/types\/post"}],"author":[{"embeddable":true,"href":"https:\/\/vosgesinfo.fr\/saintdieinfo\/wp-json\/wp\/v2\/users\/44"}],"replies":[{"embeddable":true,"href":"https:\/\/vosgesinfo.fr\/saintdieinfo\/wp-json\/wp\/v2\/comments?post=60052"}],"version-history":[{"count":0,"href":"https:\/\/vosgesinfo.fr\/saintdieinfo\/wp-json\/wp\/v2\/posts\/60052\/revisions"}],"wp:featuredmedia":[{"embeddable":true,"href":"https:\/\/vosgesinfo.fr\/saintdieinfo\/wp-json\/wp\/v2\/media\/60053"}],"wp:attachment":[{"href":"https:\/\/vosgesinfo.fr\/saintdieinfo\/wp-json\/wp\/v2\/media?parent=60052"}],"wp:term":[{"taxonomy":"category","embeddable":true,"href":"https:\/\/vosgesinfo.fr\/saintdieinfo\/wp-json\/wp\/v2\/categories?post=60052"},{"taxonomy":"post_tag","embeddable":true,"href":"https:\/\/vosgesinfo.fr\/saintdieinfo\/wp-json\/wp\/v2\/tags?post=60052"}],"curies":[{"name":"wp","href":"https:\/\/api.w.org\/{rel}","templated":true}]}}