{"id":60094,"date":"2022-11-29T13:00:29","date_gmt":"2022-11-29T12:00:29","guid":{"rendered":"https:\/\/vosgesinfo.fr\/saintdieinfo\/2022\/11\/actions-groupe-179-damnesty-international-de-saint-die-vosges-decembre\/"},"modified":"2022-11-29T13:00:29","modified_gmt":"2022-11-29T12:00:29","slug":"actions-groupe-179-damnesty-international-de-saint-die-vosges-decembre","status":"publish","type":"post","link":"https:\/\/vosgesinfo.fr\/saintdieinfo\/2022\/11\/actions-groupe-179-damnesty-international-de-saint-die-vosges-decembre\/","title":{"rendered":"Les actions du groupe 179 d&rsquo;Amnesty International de Saint-Di\u00e9-des-Vosges en d\u00e9cembre"},"content":{"rendered":"<p><a href=\"\/2022\/11\/Amnesty_10JPS_2022.jpg\" target=\"_blank\" rel=\"noopener\"><img decoding=\"async\" class=\"aligncenter wp-image-193440 size-large\" src=\"\/2022\/11\/Amnesty_10JPS_2022-1024x1024.jpg\" alt=\"Amnesty_10JPS_2022\" width=\"960\" height=\"960\" \/><\/a><\/p>\n<h2><strong><span style=\"font-size: 14pt;\">Le groupe 179 d&rsquo;Amnesty International de Saint-Di\u00e9-des-Vosges poursuit sa mobilisation au mois de d\u00e9cembre. Chaque ann\u00e9e autour du 10 d\u00e9cembre, journ\u00e9e internationale des droits de l\u2019homme, Amnesty International se mobilise pendant 10 jours pour d\u00e9fendre 10 personnes ou groupe de personnes en danger. C\u2019est l\u2019op\u00e9ration \u00ab\u202f10 jours pour signer\u202f\u00bb, le plus grand \u00e9v\u00e9nement de d\u00e9fense des droits humains au niveau international. L&rsquo;an dernier \u00e0 Saint-Di\u00e9-des-Vosges, 800 signatures avaient \u00e9t\u00e9 ainsi recueillies. Le groupe 179 innove cette ann\u00e9e en lan\u00e7ant l&rsquo;op\u00e9ration \u00e0 l&rsquo;occasion de la projection d&rsquo;un film au cin\u00e9ma Excelsior.\u00a0<\/span><\/strong><\/h2>\n<p><!--more--><\/p>\n<p><b>Samedi 3 d\u00e9cembre \u00e0 partir de 19h30<\/b><\/p>\n<p>Ouverture de notre saison de signatures 10 JPS au Palais Omnisport\u00a0 Joseph Claudel \u00e0 l&rsquo;occasion du match de Volley des Louves de St Di\u00e9 Vs L&rsquo;\u00e9quipe de Quimper.<\/p>\n<p><a href=\"\/2022\/11\/AFF_LOUVES_Yaremis.jpg\" target=\"_blank\" rel=\"noopener\"><img decoding=\"async\" class=\"aligncenter wp-image-193438 size-large\" src=\"\/2022\/11\/AFF_LOUVES_Yaremis-722x1024.jpg\" alt=\"AFF_LOUVES_Yaremis\" width=\"722\" height=\"1024\" \/><\/a><\/p>\n<h3><strong><span style=\"font-size: 12pt;\"> Mardi 6 d\u00e9cembre 2022\u00a0 \u00e0 18h et 20h30<\/span><\/strong><\/h3>\n<p>Au Cin\u00e9ma Excelsior Espace Sadoul &#8211; Quai Carnot Saint-Di\u00e9-des-Vosges. <b><br \/>\n<\/b><\/p>\n<p><strong>\u00ab Ils sont vivants \u00bb : U<span dir=\"ltr\">n film de<\/span> <span dir=\"ltr\">J\u00e9r\u00e9mie Elka<\/span><span dir=\"ltr\">\u00ef<\/span><span dir=\"ltr\">m<\/span><span dir=\"ltr\"> a<\/span><span dir=\"ltr\">vec Marina Fo\u00efs, Seear Kohi, Laetitia Dosch<\/span><\/strong><\/p>\n<p>Le film \u00ab Ils sont vivants \u00bb de J\u00e9r\u00e9mie Elka\u00efm, raconte l\u2019histoire de B\u00e9atrice, aide-soignante en g\u00e9riatrie \u00e0 Calais. La jungle de Calais, elle n\u2019en connaissait que le nom. En quelques jours, elle d\u00e9couvre la dure r\u00e9alit\u00e9 des personnes migrantes et r\u00e9fugi\u00e9es qui y vivent. Une rencontre, et tous ses pr\u00e9jug\u00e9s s\u2019\u00e9croulent. Ce film est un de nos coups de c\u0153ur de l\u2019ann\u00e9e. Nous le soutenons car nous sommes sensibles au sujet abord\u00e9 et partageons les messages qu\u2019il porte.\u00a0 \u00c9changes avec le public, pr\u00e9sentation des cas des personnes et possibilit\u00e9 de signer les p\u00e9titions. <a href=\"https:\/\/amnestysaintdie.blogspot.com\/2022\/11\/au-cinema-avec-amnesty-saint-die-des.html\" target=\"_blank\" rel=\"noopener\">En savoir plus &#8211; Bande annonce <\/a>.<\/p>\n<p><a href=\"\/2022\/11\/affiche_ils_sont_vivants.jpg\" target=\"_blank\" rel=\"noopener\"><img decoding=\"async\" class=\"aligncenter wp-image-193439 size-full\" src=\"\/2022\/11\/affiche_ils_sont_vivants.jpg\" alt=\"affiche_ils_sont_vivants\" width=\"270\" height=\"360\" \/><\/a><\/p>\n<h3><strong><span style=\"font-size: 12pt;\">Vendredi 9 d\u00e9cembre 2022\u00a0 de 9h \u00e0 13h \u00a0<\/span><\/strong><\/h3>\n<p>Place du march\u00e9 et passage Julie Daubi\u00e9. Trois personnes \u00e0 d\u00e9fendre.<\/p>\n<p><a href=\"\/2022\/11\/visuels_carres-10JPS-Alexandra.jpg\" target=\"_blank\" rel=\"noopener\"><img decoding=\"async\" class=\"aligncenter wp-image-193441 size-medium\" src=\"\/2022\/11\/visuels_carres-10JPS-Alexandra-255x255.jpg\" alt=\"visuels_carres-10JPS-Alexandra\" width=\"255\" height=\"255\" \/><\/a><\/p>\n<ul>\n<li><strong><span style=\"font-size: 12pt;\">Alexandra Skotchilenko &#8211; Russie\u00a0<\/span><\/strong><\/li>\n<\/ul>\n<p>Pour d\u00e9noncer la guerre en Ukraine,<b> <\/b>l\u2019artiste et militante russe de 31 ans, Alexandra Skotchilenko, surnomm\u00e9e Sasha, a remplac\u00e9 dans un supermarch\u00e9 des \u00e9tiquettes de prix par des messages pacifistes. Arr\u00eat\u00e9e et incarc\u00e9r\u00e9e en avril dans des conditions \u00e9pouvantables, Sasha, atteinte d\u2019une maladie g\u00e9n\u00e9tique s\u2019affaiblit tous les jours un peu plus. Accus\u00e9e d\u2019avoir diffus\u00e9 de fausses informations sur l\u2019arm\u00e9e russe, elle risque jusqu\u2019\u00e0 dix ans de prison.<\/p>\n<p><a href=\"\/2022\/11\/visuels_carres-10JPS-Nasser.jpg\" target=\"_blank\" rel=\"noopener\"><img decoding=\"async\" class=\"aligncenter wp-image-193442 size-medium\" src=\"\/2022\/11\/visuels_carres-10JPS-Nasser-255x255.jpg\" alt=\"visuels_carres-10JPS-Nasser\" width=\"255\" height=\"255\" \/><\/a><\/p>\n<ul>\n<li><strong><span style=\"font-size: 12pt;\">Nasser Zefzafi\u00a0&#8211; Maroc\u00a0<\/span><\/strong><\/li>\n<\/ul>\n<p>Suite \u00e0 la mort\u202ftragique\u202fd\u2019un poissonnier auquel les autorit\u00e9s avaient confisqu\u00e9 sa marchandise, le Maroc, notamment dans la r\u00e9gion du Rif, a connu de fin\u202f2016 \u00e0 mi-2017 des manifestations exigeant\u202fplus de justice sociale. Nasser Zefzafi, \u00a043 ans est rapidement devenu un des visages de la contestation. Arr\u00eat\u00e9, tortur\u00e9,\u202fhumili\u00e9, il a \u00e9t\u00e9 condamn\u00e9 \u00e0 vingt ans de prison pour \u00ab\u202fcomplot visant \u00e0 porter atteinte \u00e0 la s\u00e9curit\u00e9 de l\u2019\u00c9tat\u202f\u00bb.\u00a0 Le Groupe Amnesty de St Di\u00e9 a d\u00e9cid\u00e9 de suivre de tr\u00e8s pr\u00e8s la situation de Nasser et de tout faire pour le soutenir et obtenir sa lib\u00e9ration.<\/p>\n<p><a href=\"\/2022\/11\/visuels_carres-10JPS-Vahid.jpg\" target=\"_blank\" rel=\"noopener\"><img decoding=\"async\" class=\"aligncenter wp-image-193443 size-medium\" src=\"\/2022\/11\/visuels_carres-10JPS-Vahid-255x255.jpg\" alt=\"visuels_carres-10JPS-Vahid\" width=\"255\" height=\"255\" \/><\/a><\/p>\n<ul>\n<li><strong><span style=\"font-size: 12pt;\">Vahid Afkari\u00a0&#8211; Iran\u00a0<\/span><\/strong><\/li>\n<\/ul>\n<p>En\u202f2017 et\u202f2018, Vahid,\u202fHabib\u202fet\u202fNavid\u202fAfkari, trois jeunes fr\u00e8res, manifestent en Iran pour d\u00e9noncer la pauvret\u00e9, les p\u00e9nuries d\u2019eau, les in\u00e9galit\u00e9s. Arr\u00eat\u00e9s, mis \u00e0 l\u2019isolement\u202fet\u202ftortur\u00e9s, ils sont condamn\u00e9s pour des motifs politiques. Au final, Habib est lib\u00e9r\u00e9, Navid ex\u00e9cut\u00e9 et Vahid condamn\u00e9 \u00e0 trente-trois ans et neuf mois de prison et \u00e0 soixante-quatorze coups de fouets.<\/p>\n","protected":false},"excerpt":{"rendered":"<p>Le groupe 179 d&rsquo;Amnesty International de Saint-Di\u00e9-des-Vosges poursuit sa mobilisation au mois de d\u00e9cembre. Chaque ann\u00e9e autour du 10 d\u00e9cembre, [&hellip;]<\/p>\n","protected":false},"author":44,"featured_media":60095,"comment_status":"open","ping_status":"open","sticky":false,"template":"","format":"standard","meta":{"footnotes":""},"categories":[3900,2915,29,17],"tags":[3964],"class_list":["post-60094","post","type-post","status-publish","format-standard","has-post-thumbnail","hentry","category-breves","category-saint-die-son-canton","category-solidarite","category-vie-associative","tag-groupe-179-damnesty-international-de-saint-die-des-vosges"],"acf":[],"yoast_head":"<!-- This site is optimized with the Yoast SEO plugin v22.5 - https:\/\/yoast.com\/wordpress\/plugins\/seo\/ -->\n<title>Les actions du groupe 179 d&#039;Amnesty International de Saint-Di\u00e9-des-Vosges en d\u00e9cembre - Saint Die Info<\/title>\n<meta name=\"robots\" content=\"index, follow, max-snippet:-1, max-image-preview:large, max-video-preview:-1\" \/>\n<link rel=\"canonical\" href=\"https:\/\/vosgesinfo.fr\/saintdieinfo\/2022\/11\/actions-groupe-179-damnesty-international-de-saint-die-vosges-decembre\/\" \/>\n<meta name=\"twitter:card\" content=\"summary_large_image\" \/>\n<meta name=\"twitter:title\" content=\"Les actions du groupe 179 d&#039;Amnesty International de Saint-Di\u00e9-des-Vosges en d\u00e9cembre - Saint Die Info\" \/>\n<meta name=\"twitter:description\" content=\"Le groupe 179 d&rsquo;Amnesty International de Saint-Di\u00e9-des-Vosges poursuit sa mobilisation au mois de d\u00e9cembre. Chaque ann\u00e9e autour du 10 d\u00e9cembre, [&hellip;]\" \/>\n<meta name=\"twitter:image\" content=\"https:\/\/vosgesinfo.fr\/app\/uploads\/sites\/4\/2024\/08\/202211amnesty-10jps-2022.jpg\" \/>\n<meta name=\"twitter:creator\" content=\"@VosgesInfo88\" \/>\n<meta name=\"twitter:site\" content=\"@VosgesInfo88\" \/>\n<meta name=\"twitter:label1\" content=\"\u00c9crit par\" \/>\n\t<meta name=\"twitter:data1\" content=\"la r\u00e9daction\" \/>\n\t<meta name=\"twitter:label2\" content=\"Dur\u00e9e de lecture estim\u00e9e\" \/>\n\t<meta name=\"twitter:data2\" content=\"3 minutes\" \/>\n<script type=\"application\/ld+json\" class=\"yoast-schema-graph\">{\"@context\":\"https:\/\/schema.org\",\"@graph\":[{\"@type\":\"Article\",\"@id\":\"https:\/\/vosgesinfo.fr\/saintdieinfo\/2022\/11\/actions-groupe-179-damnesty-international-de-saint-die-vosges-decembre\/#article\",\"isPartOf\":{\"@id\":\"https:\/\/vosgesinfo.fr\/saintdieinfo\/2022\/11\/actions-groupe-179-damnesty-international-de-saint-die-vosges-decembre\/\"},\"author\":{\"name\":\"la r\u00e9daction\",\"@id\":\"https:\/\/vosgesinfo.fr\/saintdieinfo\/#\/schema\/person\/faee6704a21f3977511db84bd1cd450f\"},\"headline\":\"Les actions du groupe 179 d&rsquo;Amnesty International de Saint-Di\u00e9-des-Vosges en d\u00e9cembre\",\"datePublished\":\"2022-11-29T12:00:29+00:00\",\"dateModified\":\"2022-11-29T12:00:29+00:00\",\"mainEntityOfPage\":{\"@id\":\"https:\/\/vosgesinfo.fr\/saintdieinfo\/2022\/11\/actions-groupe-179-damnesty-international-de-saint-die-vosges-decembre\/\"},\"wordCount\":586,\"commentCount\":0,\"publisher\":{\"@id\":\"https:\/\/vosgesinfo.fr\/saintdieinfo\/#organization\"},\"image\":{\"@id\":\"https:\/\/vosgesinfo.fr\/saintdieinfo\/2022\/11\/actions-groupe-179-damnesty-international-de-saint-die-vosges-decembre\/#primaryimage\"},\"thumbnailUrl\":\"https:\/\/vosgesinfo.fr\/app\/uploads\/sites\/4\/2024\/08\/202211amnesty-10jps-2022.jpg\",\"keywords\":[\"Groupe 179 d'Amnesty International de Saint-Di\u00e9-des-Vosges\"],\"articleSection\":[\"Br\u00e8ves\",\"Saint-Di\u00e9-des-Vosges et son Agglom\u00e9ration\",\"Solidarit\u00e9\",\"Vie Associative\"],\"inLanguage\":\"fr-FR\",\"potentialAction\":[{\"@type\":\"CommentAction\",\"name\":\"Comment\",\"target\":[\"https:\/\/vosgesinfo.fr\/saintdieinfo\/2022\/11\/actions-groupe-179-damnesty-international-de-saint-die-vosges-decembre\/#respond\"]}]},{\"@type\":\"WebPage\",\"@id\":\"https:\/\/vosgesinfo.fr\/saintdieinfo\/2022\/11\/actions-groupe-179-damnesty-international-de-saint-die-vosges-decembre\/\",\"url\":\"https:\/\/vosgesinfo.fr\/saintdieinfo\/2022\/11\/actions-groupe-179-damnesty-international-de-saint-die-vosges-decembre\/\",\"name\":\"Les actions du groupe 179 d'Amnesty International de Saint-Di\u00e9-des-Vosges en d\u00e9cembre - Saint Die Info\",\"isPartOf\":{\"@id\":\"https:\/\/vosgesinfo.fr\/saintdieinfo\/#website\"},\"primaryImageOfPage\":{\"@id\":\"https:\/\/vosgesinfo.fr\/saintdieinfo\/2022\/11\/actions-groupe-179-damnesty-international-de-saint-die-vosges-decembre\/#primaryimage\"},\"image\":{\"@id\":\"https:\/\/vosgesinfo.fr\/saintdieinfo\/2022\/11\/actions-groupe-179-damnesty-international-de-saint-die-vosges-decembre\/#primaryimage\"},\"thumbnailUrl\":\"https:\/\/vosgesinfo.fr\/app\/uploads\/sites\/4\/2024\/08\/202211amnesty-10jps-2022.jpg\",\"datePublished\":\"2022-11-29T12:00:29+00:00\",\"dateModified\":\"2022-11-29T12:00:29+00:00\",\"breadcrumb\":{\"@id\":\"https:\/\/vosgesinfo.fr\/saintdieinfo\/2022\/11\/actions-groupe-179-damnesty-international-de-saint-die-vosges-decembre\/#breadcrumb\"},\"inLanguage\":\"fr-FR\",\"potentialAction\":[{\"@type\":\"ReadAction\",\"target\":[\"https:\/\/vosgesinfo.fr\/saintdieinfo\/2022\/11\/actions-groupe-179-damnesty-international-de-saint-die-vosges-decembre\/\"]}]},{\"@type\":\"ImageObject\",\"inLanguage\":\"fr-FR\",\"@id\":\"https:\/\/vosgesinfo.fr\/saintdieinfo\/2022\/11\/actions-groupe-179-damnesty-international-de-saint-die-vosges-decembre\/#primaryimage\",\"url\":\"https:\/\/vosgesinfo.fr\/app\/uploads\/sites\/4\/2024\/08\/202211amnesty-10jps-2022.jpg\",\"contentUrl\":\"https:\/\/vosgesinfo.fr\/app\/uploads\/sites\/4\/2024\/08\/202211amnesty-10jps-2022.jpg\",\"width\":1200,\"height\":1200},{\"@type\":\"BreadcrumbList\",\"@id\":\"https:\/\/vosgesinfo.fr\/saintdieinfo\/2022\/11\/actions-groupe-179-damnesty-international-de-saint-die-vosges-decembre\/#breadcrumb\",\"itemListElement\":[{\"@type\":\"ListItem\",\"position\":1,\"name\":\"Home\",\"item\":\"https:\/\/vosgesinfo.fr\/saintdieinfo\/\"},{\"@type\":\"ListItem\",\"position\":2,\"name\":\"Les actions du groupe 179 d&rsquo;Amnesty International de Saint-Di\u00e9-des-Vosges en d\u00e9cembre\"}]},{\"@type\":\"WebSite\",\"@id\":\"https:\/\/vosgesinfo.fr\/saintdieinfo\/#website\",\"url\":\"https:\/\/vosgesinfo.fr\/saintdieinfo\/\",\"name\":\"Saint Die Info\",\"description\":\"Toute l&#039;actualit\u00e9 de Saint-Di\u00e9-Des-Vosges\",\"publisher\":{\"@id\":\"https:\/\/vosgesinfo.fr\/saintdieinfo\/#organization\"},\"alternateName\":\"Toute l'actualit\u00e9 de Saint-Di\u00e9-Des-Vosges\",\"potentialAction\":[{\"@type\":\"SearchAction\",\"target\":{\"@type\":\"EntryPoint\",\"urlTemplate\":\"https:\/\/vosgesinfo.fr\/saintdieinfo\/?s={search_term_string}\"},\"query-input\":\"required name=search_term_string\"}],\"inLanguage\":\"fr-FR\"},{\"@type\":\"Organization\",\"@id\":\"https:\/\/vosgesinfo.fr\/saintdieinfo\/#organization\",\"name\":\"Saint Die Info\",\"url\":\"https:\/\/vosgesinfo.fr\/saintdieinfo\/\",\"logo\":{\"@type\":\"ImageObject\",\"inLanguage\":\"fr-FR\",\"@id\":\"https:\/\/vosgesinfo.fr\/saintdieinfo\/#\/schema\/logo\/image\/\",\"url\":\"https:\/\/vosgesinfo.fr\/app\/uploads\/sites\/4\/2024\/02\/logo-sdi.jpg\",\"contentUrl\":\"https:\/\/vosgesinfo.fr\/app\/uploads\/sites\/4\/2024\/02\/logo-sdi.jpg\",\"width\":600,\"height\":600,\"caption\":\"Saint Die Info\"},\"image\":{\"@id\":\"https:\/\/vosgesinfo.fr\/saintdieinfo\/#\/schema\/logo\/image\/\"},\"sameAs\":[\"https:\/\/www.facebook.com\/Saintdieinfofr\",\"https:\/\/x.com\/VosgesInfo88\",\"https:\/\/www.youtube.com\/@vosgesinfo\"]},{\"@type\":\"Person\",\"@id\":\"https:\/\/vosgesinfo.fr\/saintdieinfo\/#\/schema\/person\/faee6704a21f3977511db84bd1cd450f\",\"name\":\"la r\u00e9daction\",\"image\":{\"@type\":\"ImageObject\",\"inLanguage\":\"fr-FR\",\"@id\":\"https:\/\/vosgesinfo.fr\/saintdieinfo\/#\/schema\/person\/image\/\",\"url\":\"https:\/\/secure.gravatar.com\/avatar\/6673d8bc6a9c17fa9a453eaa3448de834fa308c2ec9635b7aa99441a7c8d2cf6?s=96&d=mm&r=g\",\"contentUrl\":\"https:\/\/secure.gravatar.com\/avatar\/6673d8bc6a9c17fa9a453eaa3448de834fa308c2ec9635b7aa99441a7c8d2cf6?s=96&d=mm&r=g\",\"caption\":\"la r\u00e9daction\"},\"url\":\"https:\/\/vosgesinfo.fr\/saintdieinfo\/author\/redac\/\"}]}<\/script>\n<!-- \/ Yoast SEO plugin. -->","yoast_head_json":{"title":"Les actions du groupe 179 d'Amnesty International de Saint-Di\u00e9-des-Vosges en d\u00e9cembre - Saint Die Info","robots":{"index":"index","follow":"follow","max-snippet":"max-snippet:-1","max-image-preview":"max-image-preview:large","max-video-preview":"max-video-preview:-1"},"canonical":"https:\/\/vosgesinfo.fr\/saintdieinfo\/2022\/11\/actions-groupe-179-damnesty-international-de-saint-die-vosges-decembre\/","twitter_card":"summary_large_image","twitter_title":"Les actions du groupe 179 d'Amnesty International de Saint-Di\u00e9-des-Vosges en d\u00e9cembre - Saint Die Info","twitter_description":"Le groupe 179 d&rsquo;Amnesty International de Saint-Di\u00e9-des-Vosges poursuit sa mobilisation au mois de d\u00e9cembre. Chaque ann\u00e9e autour du 10 d\u00e9cembre, [&hellip;]","twitter_image":"https:\/\/vosgesinfo.fr\/app\/uploads\/sites\/4\/2024\/08\/202211amnesty-10jps-2022.jpg","twitter_creator":"@VosgesInfo88","twitter_site":"@VosgesInfo88","twitter_misc":{"\u00c9crit par":"la r\u00e9daction","Dur\u00e9e de lecture estim\u00e9e":"3 minutes"},"schema":{"@context":"https:\/\/schema.org","@graph":[{"@type":"Article","@id":"https:\/\/vosgesinfo.fr\/saintdieinfo\/2022\/11\/actions-groupe-179-damnesty-international-de-saint-die-vosges-decembre\/#article","isPartOf":{"@id":"https:\/\/vosgesinfo.fr\/saintdieinfo\/2022\/11\/actions-groupe-179-damnesty-international-de-saint-die-vosges-decembre\/"},"author":{"name":"la r\u00e9daction","@id":"https:\/\/vosgesinfo.fr\/saintdieinfo\/#\/schema\/person\/faee6704a21f3977511db84bd1cd450f"},"headline":"Les actions du groupe 179 d&rsquo;Amnesty International de Saint-Di\u00e9-des-Vosges en d\u00e9cembre","datePublished":"2022-11-29T12:00:29+00:00","dateModified":"2022-11-29T12:00:29+00:00","mainEntityOfPage":{"@id":"https:\/\/vosgesinfo.fr\/saintdieinfo\/2022\/11\/actions-groupe-179-damnesty-international-de-saint-die-vosges-decembre\/"},"wordCount":586,"commentCount":0,"publisher":{"@id":"https:\/\/vosgesinfo.fr\/saintdieinfo\/#organization"},"image":{"@id":"https:\/\/vosgesinfo.fr\/saintdieinfo\/2022\/11\/actions-groupe-179-damnesty-international-de-saint-die-vosges-decembre\/#primaryimage"},"thumbnailUrl":"https:\/\/vosgesinfo.fr\/app\/uploads\/sites\/4\/2024\/08\/202211amnesty-10jps-2022.jpg","keywords":["Groupe 179 d'Amnesty International de Saint-Di\u00e9-des-Vosges"],"articleSection":["Br\u00e8ves","Saint-Di\u00e9-des-Vosges et son Agglom\u00e9ration","Solidarit\u00e9","Vie Associative"],"inLanguage":"fr-FR","potentialAction":[{"@type":"CommentAction","name":"Comment","target":["https:\/\/vosgesinfo.fr\/saintdieinfo\/2022\/11\/actions-groupe-179-damnesty-international-de-saint-die-vosges-decembre\/#respond"]}]},{"@type":"WebPage","@id":"https:\/\/vosgesinfo.fr\/saintdieinfo\/2022\/11\/actions-groupe-179-damnesty-international-de-saint-die-vosges-decembre\/","url":"https:\/\/vosgesinfo.fr\/saintdieinfo\/2022\/11\/actions-groupe-179-damnesty-international-de-saint-die-vosges-decembre\/","name":"Les actions du groupe 179 d'Amnesty International de Saint-Di\u00e9-des-Vosges en d\u00e9cembre - Saint Die Info","isPartOf":{"@id":"https:\/\/vosgesinfo.fr\/saintdieinfo\/#website"},"primaryImageOfPage":{"@id":"https:\/\/vosgesinfo.fr\/saintdieinfo\/2022\/11\/actions-groupe-179-damnesty-international-de-saint-die-vosges-decembre\/#primaryimage"},"image":{"@id":"https:\/\/vosgesinfo.fr\/saintdieinfo\/2022\/11\/actions-groupe-179-damnesty-international-de-saint-die-vosges-decembre\/#primaryimage"},"thumbnailUrl":"https:\/\/vosgesinfo.fr\/app\/uploads\/sites\/4\/2024\/08\/202211amnesty-10jps-2022.jpg","datePublished":"2022-11-29T12:00:29+00:00","dateModified":"2022-11-29T12:00:29+00:00","breadcrumb":{"@id":"https:\/\/vosgesinfo.fr\/saintdieinfo\/2022\/11\/actions-groupe-179-damnesty-international-de-saint-die-vosges-decembre\/#breadcrumb"},"inLanguage":"fr-FR","potentialAction":[{"@type":"ReadAction","target":["https:\/\/vosgesinfo.fr\/saintdieinfo\/2022\/11\/actions-groupe-179-damnesty-international-de-saint-die-vosges-decembre\/"]}]},{"@type":"ImageObject","inLanguage":"fr-FR","@id":"https:\/\/vosgesinfo.fr\/saintdieinfo\/2022\/11\/actions-groupe-179-damnesty-international-de-saint-die-vosges-decembre\/#primaryimage","url":"https:\/\/vosgesinfo.fr\/app\/uploads\/sites\/4\/2024\/08\/202211amnesty-10jps-2022.jpg","contentUrl":"https:\/\/vosgesinfo.fr\/app\/uploads\/sites\/4\/2024\/08\/202211amnesty-10jps-2022.jpg","width":1200,"height":1200},{"@type":"BreadcrumbList","@id":"https:\/\/vosgesinfo.fr\/saintdieinfo\/2022\/11\/actions-groupe-179-damnesty-international-de-saint-die-vosges-decembre\/#breadcrumb","itemListElement":[{"@type":"ListItem","position":1,"name":"Home","item":"https:\/\/vosgesinfo.fr\/saintdieinfo\/"},{"@type":"ListItem","position":2,"name":"Les actions du groupe 179 d&rsquo;Amnesty International de Saint-Di\u00e9-des-Vosges en d\u00e9cembre"}]},{"@type":"WebSite","@id":"https:\/\/vosgesinfo.fr\/saintdieinfo\/#website","url":"https:\/\/vosgesinfo.fr\/saintdieinfo\/","name":"Saint Die Info","description":"Toute l&#039;actualit\u00e9 de Saint-Di\u00e9-Des-Vosges","publisher":{"@id":"https:\/\/vosgesinfo.fr\/saintdieinfo\/#organization"},"alternateName":"Toute l'actualit\u00e9 de Saint-Di\u00e9-Des-Vosges","potentialAction":[{"@type":"SearchAction","target":{"@type":"EntryPoint","urlTemplate":"https:\/\/vosgesinfo.fr\/saintdieinfo\/?s={search_term_string}"},"query-input":"required name=search_term_string"}],"inLanguage":"fr-FR"},{"@type":"Organization","@id":"https:\/\/vosgesinfo.fr\/saintdieinfo\/#organization","name":"Saint Die Info","url":"https:\/\/vosgesinfo.fr\/saintdieinfo\/","logo":{"@type":"ImageObject","inLanguage":"fr-FR","@id":"https:\/\/vosgesinfo.fr\/saintdieinfo\/#\/schema\/logo\/image\/","url":"https:\/\/vosgesinfo.fr\/app\/uploads\/sites\/4\/2024\/02\/logo-sdi.jpg","contentUrl":"https:\/\/vosgesinfo.fr\/app\/uploads\/sites\/4\/2024\/02\/logo-sdi.jpg","width":600,"height":600,"caption":"Saint Die Info"},"image":{"@id":"https:\/\/vosgesinfo.fr\/saintdieinfo\/#\/schema\/logo\/image\/"},"sameAs":["https:\/\/www.facebook.com\/Saintdieinfofr","https:\/\/x.com\/VosgesInfo88","https:\/\/www.youtube.com\/@vosgesinfo"]},{"@type":"Person","@id":"https:\/\/vosgesinfo.fr\/saintdieinfo\/#\/schema\/person\/faee6704a21f3977511db84bd1cd450f","name":"la r\u00e9daction","image":{"@type":"ImageObject","inLanguage":"fr-FR","@id":"https:\/\/vosgesinfo.fr\/saintdieinfo\/#\/schema\/person\/image\/","url":"https:\/\/secure.gravatar.com\/avatar\/6673d8bc6a9c17fa9a453eaa3448de834fa308c2ec9635b7aa99441a7c8d2cf6?s=96&d=mm&r=g","contentUrl":"https:\/\/secure.gravatar.com\/avatar\/6673d8bc6a9c17fa9a453eaa3448de834fa308c2ec9635b7aa99441a7c8d2cf6?s=96&d=mm&r=g","caption":"la r\u00e9daction"},"url":"https:\/\/vosgesinfo.fr\/saintdieinfo\/author\/redac\/"}]}},"_links":{"self":[{"href":"https:\/\/vosgesinfo.fr\/saintdieinfo\/wp-json\/wp\/v2\/posts\/60094","targetHints":{"allow":["GET"]}}],"collection":[{"href":"https:\/\/vosgesinfo.fr\/saintdieinfo\/wp-json\/wp\/v2\/posts"}],"about":[{"href":"https:\/\/vosgesinfo.fr\/saintdieinfo\/wp-json\/wp\/v2\/types\/post"}],"author":[{"embeddable":true,"href":"https:\/\/vosgesinfo.fr\/saintdieinfo\/wp-json\/wp\/v2\/users\/44"}],"replies":[{"embeddable":true,"href":"https:\/\/vosgesinfo.fr\/saintdieinfo\/wp-json\/wp\/v2\/comments?post=60094"}],"version-history":[{"count":0,"href":"https:\/\/vosgesinfo.fr\/saintdieinfo\/wp-json\/wp\/v2\/posts\/60094\/revisions"}],"wp:featuredmedia":[{"embeddable":true,"href":"https:\/\/vosgesinfo.fr\/saintdieinfo\/wp-json\/wp\/v2\/media\/60095"}],"wp:attachment":[{"href":"https:\/\/vosgesinfo.fr\/saintdieinfo\/wp-json\/wp\/v2\/media?parent=60094"}],"wp:term":[{"taxonomy":"category","embeddable":true,"href":"https:\/\/vosgesinfo.fr\/saintdieinfo\/wp-json\/wp\/v2\/categories?post=60094"},{"taxonomy":"post_tag","embeddable":true,"href":"https:\/\/vosgesinfo.fr\/saintdieinfo\/wp-json\/wp\/v2\/tags?post=60094"}],"curies":[{"name":"wp","href":"https:\/\/api.w.org\/{rel}","templated":true}]}}