{"id":60114,"date":"2022-11-30T08:30:30","date_gmt":"2022-11-30T07:30:30","guid":{"rendered":"https:\/\/vosgesinfo.fr\/saintdieinfo\/2022\/11\/rambervillers-club-dentreprises-remporte-premier-prix-unions-de-commercants-2022\/"},"modified":"2022-11-30T08:30:30","modified_gmt":"2022-11-30T07:30:30","slug":"rambervillers-club-dentreprises-remporte-premier-prix-unions-de-commercants-2022","status":"publish","type":"post","link":"https:\/\/vosgesinfo.fr\/saintdieinfo\/2022\/11\/rambervillers-club-dentreprises-remporte-premier-prix-unions-de-commercants-2022\/","title":{"rendered":"Rambervillers \u2013 Le Club d&rsquo;Entreprises remporte le premier prix des Unions de Commer\u00e7ants 2022"},"content":{"rendered":"<div id=\"attachment_193468\" style=\"width: 970px\" class=\"wp-caption aligncenter\"><a href=\"\/2022\/11\/Rambervillers-Prix_Unions_Commer\u00e7ants_2022-2.jpg\" target=\"_blank\" rel=\"noopener\"><img decoding=\"async\" aria-describedby=\"caption-attachment-193468\" class=\"wp-image-193468 size-large\" src=\"\/2022\/11\/Rambervillers-Prix_Unions_Commer\u00e7ants_2022-2-1024x577.jpg\" alt=\"Rambervillers-Prix_Unions_Commer\u00e7ants_2022 (2)\" width=\"960\" height=\"541\" \/><\/a><p id=\"caption-attachment-193468\" class=\"wp-caption-text\">(Photographies Emmanuel Gielen)<\/p><\/div>\n<h2><strong><span style=\"font-size: 14pt;\">La soir\u00e9e de remise des prix des Unions de Commer\u00e7ants 2022 s&rsquo;est d\u00e9roul\u00e9e ce lundi soir dans les locaux de la CCI des Vosges, \u00e0 Epinal.<\/span><\/strong><\/h2>\n<p><!--more--><\/p>\n<p>Cette ann\u00e9e, c&rsquo;est le Club d&rsquo;Entreprises \u00ab\u00a0Rambervillers territoire d&rsquo;entreprises\u00a0\u00bb qui remporte le 1er prix, assorti d&rsquo;un ch\u00e8que de 1500\u20ac, pour son grand jeu de P\u00e2ques. Sur la deuxi\u00e8me marche du podium, on retrouve \u00ab\u00a0Altytud630\u00a0\u00bb de La Bresse pour son animation estivale \u00ab\u00a0Les accueils des vacanciers\u00a0\u00bb. Le podium est compl\u00e9t\u00e9 par \u00ab\u00a0La Volont&rsquo;r\u00a0\u00bb de Remiremont, pour son repas des commer\u00e7ants. Les associations de commer\u00e7ants d\u00e9odatiennes, l&rsquo;UDAC et Rive Gauche, remportent respectivement les 9e et 10e prix de cette \u00e9dition 2022.<\/p>\n<p>J.J.<\/p>\n\n","protected":false},"excerpt":{"rendered":"<p>La soir\u00e9e de remise des prix des Unions de Commer\u00e7ants 2022 s&rsquo;est d\u00e9roul\u00e9e ce lundi soir dans les locaux de [&hellip;]<\/p>\n","protected":false},"author":44,"featured_media":60115,"comment_status":"open","ping_status":"open","sticky":false,"template":"","format":"standard","meta":{"footnotes":""},"categories":[460,17,18],"tags":[2362,13275,1303,13276],"class_list":["post-60114","post","type-post","status-publish","format-standard","has-post-thumbnail","hentry","category-a-la-une","category-vie-associative","category-vosges","tag-cci-des-vosges","tag-prix-des-unions-de-commercants-2022","tag-rambervillers","tag-rambervillers-territoire-dentreprises"],"acf":[],"yoast_head":"<!-- This site is optimized with the Yoast SEO plugin v22.5 - https:\/\/yoast.com\/wordpress\/plugins\/seo\/ -->\n<title>Rambervillers \u2013 Le Club d&#039;Entreprises remporte le premier prix des Unions de Commer\u00e7ants 2022 - Saint Die Info<\/title>\n<meta name=\"robots\" content=\"index, follow, max-snippet:-1, max-image-preview:large, max-video-preview:-1\" \/>\n<link rel=\"canonical\" href=\"https:\/\/vosgesinfo.fr\/saintdieinfo\/2022\/11\/rambervillers-club-dentreprises-remporte-premier-prix-unions-de-commercants-2022\/\" \/>\n<meta name=\"twitter:card\" content=\"summary_large_image\" \/>\n<meta name=\"twitter:title\" content=\"Rambervillers \u2013 Le Club d&#039;Entreprises remporte le premier prix des Unions de Commer\u00e7ants 2022 - Saint Die Info\" \/>\n<meta name=\"twitter:description\" content=\"La soir\u00e9e de remise des prix des Unions de Commer\u00e7ants 2022 s&rsquo;est d\u00e9roul\u00e9e ce lundi soir dans les locaux de [&hellip;]\" \/>\n<meta name=\"twitter:image\" content=\"https:\/\/vosgesinfo.fr\/app\/uploads\/sites\/4\/2024\/08\/202211rambervillers-prix-unions-commercants-2022-2.jpg\" \/>\n<meta name=\"twitter:creator\" content=\"@VosgesInfo88\" \/>\n<meta name=\"twitter:site\" content=\"@VosgesInfo88\" \/>\n<meta name=\"twitter:label1\" content=\"\u00c9crit par\" \/>\n\t<meta name=\"twitter:data1\" content=\"la r\u00e9daction\" \/>\n\t<meta name=\"twitter:label2\" content=\"Dur\u00e9e de lecture estim\u00e9e\" \/>\n\t<meta name=\"twitter:data2\" content=\"1 minute\" \/>\n<script type=\"application\/ld+json\" class=\"yoast-schema-graph\">{\"@context\":\"https:\/\/schema.org\",\"@graph\":[{\"@type\":\"Article\",\"@id\":\"https:\/\/vosgesinfo.fr\/saintdieinfo\/2022\/11\/rambervillers-club-dentreprises-remporte-premier-prix-unions-de-commercants-2022\/#article\",\"isPartOf\":{\"@id\":\"https:\/\/vosgesinfo.fr\/saintdieinfo\/2022\/11\/rambervillers-club-dentreprises-remporte-premier-prix-unions-de-commercants-2022\/\"},\"author\":{\"name\":\"la r\u00e9daction\",\"@id\":\"https:\/\/vosgesinfo.fr\/saintdieinfo\/#\/schema\/person\/faee6704a21f3977511db84bd1cd450f\"},\"headline\":\"Rambervillers \u2013 Le Club d&rsquo;Entreprises remporte le premier prix des Unions de Commer\u00e7ants 2022\",\"datePublished\":\"2022-11-30T07:30:30+00:00\",\"dateModified\":\"2022-11-30T07:30:30+00:00\",\"mainEntityOfPage\":{\"@id\":\"https:\/\/vosgesinfo.fr\/saintdieinfo\/2022\/11\/rambervillers-club-dentreprises-remporte-premier-prix-unions-de-commercants-2022\/\"},\"wordCount\":152,\"commentCount\":0,\"publisher\":{\"@id\":\"https:\/\/vosgesinfo.fr\/saintdieinfo\/#organization\"},\"image\":{\"@id\":\"https:\/\/vosgesinfo.fr\/saintdieinfo\/2022\/11\/rambervillers-club-dentreprises-remporte-premier-prix-unions-de-commercants-2022\/#primaryimage\"},\"thumbnailUrl\":\"https:\/\/vosgesinfo.fr\/app\/uploads\/sites\/4\/2024\/08\/202211rambervillers-prix-unions-commercants-2022-2.jpg\",\"keywords\":[\"CCI des Vosges\",\"Prix des Unions de Commer\u00e7ants 2022\",\"Rambervillers\",\"Rambervillers territoire d'entreprises\"],\"articleSection\":[\"A la Une\",\"Vie Associative\",\"Vosges\"],\"inLanguage\":\"fr-FR\",\"potentialAction\":[{\"@type\":\"CommentAction\",\"name\":\"Comment\",\"target\":[\"https:\/\/vosgesinfo.fr\/saintdieinfo\/2022\/11\/rambervillers-club-dentreprises-remporte-premier-prix-unions-de-commercants-2022\/#respond\"]}]},{\"@type\":\"WebPage\",\"@id\":\"https:\/\/vosgesinfo.fr\/saintdieinfo\/2022\/11\/rambervillers-club-dentreprises-remporte-premier-prix-unions-de-commercants-2022\/\",\"url\":\"https:\/\/vosgesinfo.fr\/saintdieinfo\/2022\/11\/rambervillers-club-dentreprises-remporte-premier-prix-unions-de-commercants-2022\/\",\"name\":\"Rambervillers \u2013 Le Club d'Entreprises remporte le premier prix des Unions de Commer\u00e7ants 2022 - Saint Die Info\",\"isPartOf\":{\"@id\":\"https:\/\/vosgesinfo.fr\/saintdieinfo\/#website\"},\"primaryImageOfPage\":{\"@id\":\"https:\/\/vosgesinfo.fr\/saintdieinfo\/2022\/11\/rambervillers-club-dentreprises-remporte-premier-prix-unions-de-commercants-2022\/#primaryimage\"},\"image\":{\"@id\":\"https:\/\/vosgesinfo.fr\/saintdieinfo\/2022\/11\/rambervillers-club-dentreprises-remporte-premier-prix-unions-de-commercants-2022\/#primaryimage\"},\"thumbnailUrl\":\"https:\/\/vosgesinfo.fr\/app\/uploads\/sites\/4\/2024\/08\/202211rambervillers-prix-unions-commercants-2022-2.jpg\",\"datePublished\":\"2022-11-30T07:30:30+00:00\",\"dateModified\":\"2022-11-30T07:30:30+00:00\",\"breadcrumb\":{\"@id\":\"https:\/\/vosgesinfo.fr\/saintdieinfo\/2022\/11\/rambervillers-club-dentreprises-remporte-premier-prix-unions-de-commercants-2022\/#breadcrumb\"},\"inLanguage\":\"fr-FR\",\"potentialAction\":[{\"@type\":\"ReadAction\",\"target\":[\"https:\/\/vosgesinfo.fr\/saintdieinfo\/2022\/11\/rambervillers-club-dentreprises-remporte-premier-prix-unions-de-commercants-2022\/\"]}]},{\"@type\":\"ImageObject\",\"inLanguage\":\"fr-FR\",\"@id\":\"https:\/\/vosgesinfo.fr\/saintdieinfo\/2022\/11\/rambervillers-club-dentreprises-remporte-premier-prix-unions-de-commercants-2022\/#primaryimage\",\"url\":\"https:\/\/vosgesinfo.fr\/app\/uploads\/sites\/4\/2024\/08\/202211rambervillers-prix-unions-commercants-2022-2.jpg\",\"contentUrl\":\"https:\/\/vosgesinfo.fr\/app\/uploads\/sites\/4\/2024\/08\/202211rambervillers-prix-unions-commercants-2022-2.jpg\",\"width\":2000,\"height\":1126},{\"@type\":\"BreadcrumbList\",\"@id\":\"https:\/\/vosgesinfo.fr\/saintdieinfo\/2022\/11\/rambervillers-club-dentreprises-remporte-premier-prix-unions-de-commercants-2022\/#breadcrumb\",\"itemListElement\":[{\"@type\":\"ListItem\",\"position\":1,\"name\":\"Home\",\"item\":\"https:\/\/vosgesinfo.fr\/saintdieinfo\/\"},{\"@type\":\"ListItem\",\"position\":2,\"name\":\"Rambervillers \u2013 Le Club d&rsquo;Entreprises remporte le premier prix des Unions de Commer\u00e7ants 2022\"}]},{\"@type\":\"WebSite\",\"@id\":\"https:\/\/vosgesinfo.fr\/saintdieinfo\/#website\",\"url\":\"https:\/\/vosgesinfo.fr\/saintdieinfo\/\",\"name\":\"Saint Die Info\",\"description\":\"Toute l&#039;actualit\u00e9 de Saint-Di\u00e9-Des-Vosges\",\"publisher\":{\"@id\":\"https:\/\/vosgesinfo.fr\/saintdieinfo\/#organization\"},\"alternateName\":\"Toute l'actualit\u00e9 de Saint-Di\u00e9-Des-Vosges\",\"potentialAction\":[{\"@type\":\"SearchAction\",\"target\":{\"@type\":\"EntryPoint\",\"urlTemplate\":\"https:\/\/vosgesinfo.fr\/saintdieinfo\/?s={search_term_string}\"},\"query-input\":\"required name=search_term_string\"}],\"inLanguage\":\"fr-FR\"},{\"@type\":\"Organization\",\"@id\":\"https:\/\/vosgesinfo.fr\/saintdieinfo\/#organization\",\"name\":\"Saint Die Info\",\"url\":\"https:\/\/vosgesinfo.fr\/saintdieinfo\/\",\"logo\":{\"@type\":\"ImageObject\",\"inLanguage\":\"fr-FR\",\"@id\":\"https:\/\/vosgesinfo.fr\/saintdieinfo\/#\/schema\/logo\/image\/\",\"url\":\"https:\/\/vosgesinfo.fr\/app\/uploads\/sites\/4\/2024\/02\/logo-sdi.jpg\",\"contentUrl\":\"https:\/\/vosgesinfo.fr\/app\/uploads\/sites\/4\/2024\/02\/logo-sdi.jpg\",\"width\":600,\"height\":600,\"caption\":\"Saint Die Info\"},\"image\":{\"@id\":\"https:\/\/vosgesinfo.fr\/saintdieinfo\/#\/schema\/logo\/image\/\"},\"sameAs\":[\"https:\/\/www.facebook.com\/Saintdieinfofr\",\"https:\/\/x.com\/VosgesInfo88\",\"https:\/\/www.youtube.com\/@vosgesinfo\"]},{\"@type\":\"Person\",\"@id\":\"https:\/\/vosgesinfo.fr\/saintdieinfo\/#\/schema\/person\/faee6704a21f3977511db84bd1cd450f\",\"name\":\"la r\u00e9daction\",\"image\":{\"@type\":\"ImageObject\",\"inLanguage\":\"fr-FR\",\"@id\":\"https:\/\/vosgesinfo.fr\/saintdieinfo\/#\/schema\/person\/image\/\",\"url\":\"https:\/\/secure.gravatar.com\/avatar\/6673d8bc6a9c17fa9a453eaa3448de834fa308c2ec9635b7aa99441a7c8d2cf6?s=96&d=mm&r=g\",\"contentUrl\":\"https:\/\/secure.gravatar.com\/avatar\/6673d8bc6a9c17fa9a453eaa3448de834fa308c2ec9635b7aa99441a7c8d2cf6?s=96&d=mm&r=g\",\"caption\":\"la r\u00e9daction\"},\"url\":\"https:\/\/vosgesinfo.fr\/saintdieinfo\/author\/redac\/\"}]}<\/script>\n<!-- \/ Yoast SEO plugin. -->","yoast_head_json":{"title":"Rambervillers \u2013 Le Club d'Entreprises remporte le premier prix des Unions de Commer\u00e7ants 2022 - Saint Die Info","robots":{"index":"index","follow":"follow","max-snippet":"max-snippet:-1","max-image-preview":"max-image-preview:large","max-video-preview":"max-video-preview:-1"},"canonical":"https:\/\/vosgesinfo.fr\/saintdieinfo\/2022\/11\/rambervillers-club-dentreprises-remporte-premier-prix-unions-de-commercants-2022\/","twitter_card":"summary_large_image","twitter_title":"Rambervillers \u2013 Le Club d'Entreprises remporte le premier prix des Unions de Commer\u00e7ants 2022 - Saint Die Info","twitter_description":"La soir\u00e9e de remise des prix des Unions de Commer\u00e7ants 2022 s&rsquo;est d\u00e9roul\u00e9e ce lundi soir dans les locaux de [&hellip;]","twitter_image":"https:\/\/vosgesinfo.fr\/app\/uploads\/sites\/4\/2024\/08\/202211rambervillers-prix-unions-commercants-2022-2.jpg","twitter_creator":"@VosgesInfo88","twitter_site":"@VosgesInfo88","twitter_misc":{"\u00c9crit par":"la r\u00e9daction","Dur\u00e9e de lecture estim\u00e9e":"1 minute"},"schema":{"@context":"https:\/\/schema.org","@graph":[{"@type":"Article","@id":"https:\/\/vosgesinfo.fr\/saintdieinfo\/2022\/11\/rambervillers-club-dentreprises-remporte-premier-prix-unions-de-commercants-2022\/#article","isPartOf":{"@id":"https:\/\/vosgesinfo.fr\/saintdieinfo\/2022\/11\/rambervillers-club-dentreprises-remporte-premier-prix-unions-de-commercants-2022\/"},"author":{"name":"la r\u00e9daction","@id":"https:\/\/vosgesinfo.fr\/saintdieinfo\/#\/schema\/person\/faee6704a21f3977511db84bd1cd450f"},"headline":"Rambervillers \u2013 Le Club d&rsquo;Entreprises remporte le premier prix des Unions de Commer\u00e7ants 2022","datePublished":"2022-11-30T07:30:30+00:00","dateModified":"2022-11-30T07:30:30+00:00","mainEntityOfPage":{"@id":"https:\/\/vosgesinfo.fr\/saintdieinfo\/2022\/11\/rambervillers-club-dentreprises-remporte-premier-prix-unions-de-commercants-2022\/"},"wordCount":152,"commentCount":0,"publisher":{"@id":"https:\/\/vosgesinfo.fr\/saintdieinfo\/#organization"},"image":{"@id":"https:\/\/vosgesinfo.fr\/saintdieinfo\/2022\/11\/rambervillers-club-dentreprises-remporte-premier-prix-unions-de-commercants-2022\/#primaryimage"},"thumbnailUrl":"https:\/\/vosgesinfo.fr\/app\/uploads\/sites\/4\/2024\/08\/202211rambervillers-prix-unions-commercants-2022-2.jpg","keywords":["CCI des Vosges","Prix des Unions de Commer\u00e7ants 2022","Rambervillers","Rambervillers territoire d'entreprises"],"articleSection":["A la Une","Vie Associative","Vosges"],"inLanguage":"fr-FR","potentialAction":[{"@type":"CommentAction","name":"Comment","target":["https:\/\/vosgesinfo.fr\/saintdieinfo\/2022\/11\/rambervillers-club-dentreprises-remporte-premier-prix-unions-de-commercants-2022\/#respond"]}]},{"@type":"WebPage","@id":"https:\/\/vosgesinfo.fr\/saintdieinfo\/2022\/11\/rambervillers-club-dentreprises-remporte-premier-prix-unions-de-commercants-2022\/","url":"https:\/\/vosgesinfo.fr\/saintdieinfo\/2022\/11\/rambervillers-club-dentreprises-remporte-premier-prix-unions-de-commercants-2022\/","name":"Rambervillers \u2013 Le Club d'Entreprises remporte le premier prix des Unions de Commer\u00e7ants 2022 - Saint Die Info","isPartOf":{"@id":"https:\/\/vosgesinfo.fr\/saintdieinfo\/#website"},"primaryImageOfPage":{"@id":"https:\/\/vosgesinfo.fr\/saintdieinfo\/2022\/11\/rambervillers-club-dentreprises-remporte-premier-prix-unions-de-commercants-2022\/#primaryimage"},"image":{"@id":"https:\/\/vosgesinfo.fr\/saintdieinfo\/2022\/11\/rambervillers-club-dentreprises-remporte-premier-prix-unions-de-commercants-2022\/#primaryimage"},"thumbnailUrl":"https:\/\/vosgesinfo.fr\/app\/uploads\/sites\/4\/2024\/08\/202211rambervillers-prix-unions-commercants-2022-2.jpg","datePublished":"2022-11-30T07:30:30+00:00","dateModified":"2022-11-30T07:30:30+00:00","breadcrumb":{"@id":"https:\/\/vosgesinfo.fr\/saintdieinfo\/2022\/11\/rambervillers-club-dentreprises-remporte-premier-prix-unions-de-commercants-2022\/#breadcrumb"},"inLanguage":"fr-FR","potentialAction":[{"@type":"ReadAction","target":["https:\/\/vosgesinfo.fr\/saintdieinfo\/2022\/11\/rambervillers-club-dentreprises-remporte-premier-prix-unions-de-commercants-2022\/"]}]},{"@type":"ImageObject","inLanguage":"fr-FR","@id":"https:\/\/vosgesinfo.fr\/saintdieinfo\/2022\/11\/rambervillers-club-dentreprises-remporte-premier-prix-unions-de-commercants-2022\/#primaryimage","url":"https:\/\/vosgesinfo.fr\/app\/uploads\/sites\/4\/2024\/08\/202211rambervillers-prix-unions-commercants-2022-2.jpg","contentUrl":"https:\/\/vosgesinfo.fr\/app\/uploads\/sites\/4\/2024\/08\/202211rambervillers-prix-unions-commercants-2022-2.jpg","width":2000,"height":1126},{"@type":"BreadcrumbList","@id":"https:\/\/vosgesinfo.fr\/saintdieinfo\/2022\/11\/rambervillers-club-dentreprises-remporte-premier-prix-unions-de-commercants-2022\/#breadcrumb","itemListElement":[{"@type":"ListItem","position":1,"name":"Home","item":"https:\/\/vosgesinfo.fr\/saintdieinfo\/"},{"@type":"ListItem","position":2,"name":"Rambervillers \u2013 Le Club d&rsquo;Entreprises remporte le premier prix des Unions de Commer\u00e7ants 2022"}]},{"@type":"WebSite","@id":"https:\/\/vosgesinfo.fr\/saintdieinfo\/#website","url":"https:\/\/vosgesinfo.fr\/saintdieinfo\/","name":"Saint Die Info","description":"Toute l&#039;actualit\u00e9 de Saint-Di\u00e9-Des-Vosges","publisher":{"@id":"https:\/\/vosgesinfo.fr\/saintdieinfo\/#organization"},"alternateName":"Toute l'actualit\u00e9 de Saint-Di\u00e9-Des-Vosges","potentialAction":[{"@type":"SearchAction","target":{"@type":"EntryPoint","urlTemplate":"https:\/\/vosgesinfo.fr\/saintdieinfo\/?s={search_term_string}"},"query-input":"required name=search_term_string"}],"inLanguage":"fr-FR"},{"@type":"Organization","@id":"https:\/\/vosgesinfo.fr\/saintdieinfo\/#organization","name":"Saint Die Info","url":"https:\/\/vosgesinfo.fr\/saintdieinfo\/","logo":{"@type":"ImageObject","inLanguage":"fr-FR","@id":"https:\/\/vosgesinfo.fr\/saintdieinfo\/#\/schema\/logo\/image\/","url":"https:\/\/vosgesinfo.fr\/app\/uploads\/sites\/4\/2024\/02\/logo-sdi.jpg","contentUrl":"https:\/\/vosgesinfo.fr\/app\/uploads\/sites\/4\/2024\/02\/logo-sdi.jpg","width":600,"height":600,"caption":"Saint Die Info"},"image":{"@id":"https:\/\/vosgesinfo.fr\/saintdieinfo\/#\/schema\/logo\/image\/"},"sameAs":["https:\/\/www.facebook.com\/Saintdieinfofr","https:\/\/x.com\/VosgesInfo88","https:\/\/www.youtube.com\/@vosgesinfo"]},{"@type":"Person","@id":"https:\/\/vosgesinfo.fr\/saintdieinfo\/#\/schema\/person\/faee6704a21f3977511db84bd1cd450f","name":"la r\u00e9daction","image":{"@type":"ImageObject","inLanguage":"fr-FR","@id":"https:\/\/vosgesinfo.fr\/saintdieinfo\/#\/schema\/person\/image\/","url":"https:\/\/secure.gravatar.com\/avatar\/6673d8bc6a9c17fa9a453eaa3448de834fa308c2ec9635b7aa99441a7c8d2cf6?s=96&d=mm&r=g","contentUrl":"https:\/\/secure.gravatar.com\/avatar\/6673d8bc6a9c17fa9a453eaa3448de834fa308c2ec9635b7aa99441a7c8d2cf6?s=96&d=mm&r=g","caption":"la r\u00e9daction"},"url":"https:\/\/vosgesinfo.fr\/saintdieinfo\/author\/redac\/"}]}},"_links":{"self":[{"href":"https:\/\/vosgesinfo.fr\/saintdieinfo\/wp-json\/wp\/v2\/posts\/60114","targetHints":{"allow":["GET"]}}],"collection":[{"href":"https:\/\/vosgesinfo.fr\/saintdieinfo\/wp-json\/wp\/v2\/posts"}],"about":[{"href":"https:\/\/vosgesinfo.fr\/saintdieinfo\/wp-json\/wp\/v2\/types\/post"}],"author":[{"embeddable":true,"href":"https:\/\/vosgesinfo.fr\/saintdieinfo\/wp-json\/wp\/v2\/users\/44"}],"replies":[{"embeddable":true,"href":"https:\/\/vosgesinfo.fr\/saintdieinfo\/wp-json\/wp\/v2\/comments?post=60114"}],"version-history":[{"count":0,"href":"https:\/\/vosgesinfo.fr\/saintdieinfo\/wp-json\/wp\/v2\/posts\/60114\/revisions"}],"wp:featuredmedia":[{"embeddable":true,"href":"https:\/\/vosgesinfo.fr\/saintdieinfo\/wp-json\/wp\/v2\/media\/60115"}],"wp:attachment":[{"href":"https:\/\/vosgesinfo.fr\/saintdieinfo\/wp-json\/wp\/v2\/media?parent=60114"}],"wp:term":[{"taxonomy":"category","embeddable":true,"href":"https:\/\/vosgesinfo.fr\/saintdieinfo\/wp-json\/wp\/v2\/categories?post=60114"},{"taxonomy":"post_tag","embeddable":true,"href":"https:\/\/vosgesinfo.fr\/saintdieinfo\/wp-json\/wp\/v2\/tags?post=60114"}],"curies":[{"name":"wp","href":"https:\/\/api.w.org\/{rel}","templated":true}]}}