{"id":60118,"date":"2022-11-30T08:35:32","date_gmt":"2022-11-30T07:35:32","guid":{"rendered":"https:\/\/vosgesinfo.fr\/saintdieinfo\/2022\/11\/vosges-conseil-departemental-vote-737-364e-collectivites-territoriales\/"},"modified":"2022-11-30T08:35:32","modified_gmt":"2022-11-30T07:35:32","slug":"vosges-conseil-departemental-vote-737-364e-collectivites-territoriales","status":"publish","type":"post","link":"https:\/\/vosgesinfo.fr\/saintdieinfo\/2022\/11\/vosges-conseil-departemental-vote-737-364e-collectivites-territoriales\/","title":{"rendered":"Vosges \u2013 Le Conseil D\u00e9partemental vote 737 364\u20ac pour les collectivit\u00e9s territoriales"},"content":{"rendered":"<div id=\"attachment_182035\" style=\"width: 970px\" class=\"wp-caption aligncenter\"><a href=\"\/2022\/04\/CD88.jpg\" target=\"_blank\" rel=\"noopener\"><img decoding=\"async\" aria-describedby=\"caption-attachment-182035\" class=\"wp-image-182035 size-large\" src=\"\/2022\/04\/CD88-1024x576.jpg\" alt=\"CD88\" width=\"960\" height=\"540\" \/><\/a><p id=\"caption-attachment-182035\" class=\"wp-caption-text\">(Archive)<\/p><\/div>\n<h2><strong><span style=\"font-size: 14pt;\">Au cours de la derni\u00e8re Commission permanente, les \u00e9lus d\u00e9partementaux, r\u00e9unis sous la pr\u00e9sidence Fran\u00e7ois Vannson, ont examin\u00e9 et vot\u00e9 47 rapports concernant\u00a0 le tourisme, les collectivit\u00e9s territoriales&#8230;<\/span><\/strong><\/h2>\n<p><!--more--><\/p>\n<h3><strong><span style=\"font-size: 12pt;\">Collectivit\u00e9s territoriales<\/span><\/strong><\/h3>\n<p>737 364\u20ac seront allou\u00e9s afin de soutenir 5 dossiers de collectivit\u00e9s territoriales. Ainsi 238\u00a0220\u20ac seront allou\u00e9s \u00e0 la ville d\u2019Epinal dans le cadre des travaux de r\u00e9habilitation du quai Michelet, 38\u00a0348\u20ac seront allou\u00e9s \u00e0 la Communaut\u00e9 de communes Les Vosges c\u00f4t\u00e9 sud-ouest afin de r\u00e9habilit\u00e9 l\u2019ancien h\u00f4tel de la gare \u00ab\u00a0Maison des hommes et des arbres\u00a0\u00bb \u00e0 Darney.<\/p>\n<h3><strong><span style=\"font-size: 12pt;\">Economie<\/span><\/strong><\/h3>\n<p>Les \u00e9lus d\u00e9partementaux ont vot\u00e9 une aide globale de 247 430\u20ac pour soutenir 9 projets sur les cantons de La Bresse, Golbey, Epinal 2, Mirecourt, Saint-Di\u00e9-des-Vosges 2 et du Val d\u2019Ajol. 35.000\u20ac seront allou\u00e9s \u00e0 l\u2019entreprise d\u2019insertion \u00ab\u00a0Le Bois Solidaire\u00a0\u00bb qui a pour vocation de rapprocher les personnes \u00e9loign\u00e9es de l\u2019emploi des m\u00e9tiers du bois reconnus en tension de recrutement dans les Vosges. Cette subvention permettra \u00e0 l\u2019entreprise de faire l\u2019acquisition de mat\u00e9riel neuf et performant. Les \u00e9lus ont aussi attribu\u00e9 une aide de 10.000\u20ac \u00e0 la soci\u00e9t\u00e9 Vignola, une entreprise de charpente bois. Cette aide permettra de r\u00e9nover les locaux de l\u2019entreprise afin de pouvoir cr\u00e9er un espace bureau et pouvoir exposer les diff\u00e9rentes technologies et produits en mati\u00e8re de couverture, charpente et isolation.<\/p>\n<h3><strong><span style=\"font-size: 12pt;\">Tourisme<\/span><\/strong><\/h3>\n<p>Les \u00e9lus d\u00e9partementaux ont vot\u00e9 une aide globale de 51\u00a0000\u20ac afin de soutenir diff\u00e9rents touristiques. Ainsi \u00e0 Jeanm\u00e9nil, l\u2019h\u00e9bergement touristique \u00ab\u00a0Domaine des Gramin\u00e9es\u00a0\u00bb recevra une aide de 10.000 euros afin d\u2019am\u00e9liorer le confort de ses structures class\u00e9es \u00ab\u00a0insolite\u00a0\u00bb par Gites de France.<\/p>\n<p>&#8211;<\/p>\n<p>Source : <a href=\"https:\/\/www.vosgesmag.fr\" target=\"_blank\" rel=\"noopener\">www.vosgesmag.fr<\/a><\/p>\n","protected":false},"excerpt":{"rendered":"<p>Au cours de la derni\u00e8re Commission permanente, les \u00e9lus d\u00e9partementaux, r\u00e9unis sous la pr\u00e9sidence Fran\u00e7ois Vannson, ont examin\u00e9 et vot\u00e9 [&hellip;]<\/p>\n","protected":false},"author":44,"featured_media":25958,"comment_status":"open","ping_status":"open","sticky":false,"template":"","format":"standard","meta":{"footnotes":""},"categories":[460,10,18],"tags":[13277,529,3024],"class_list":["post-60118","post","type-post","status-publish","format-standard","has-post-thumbnail","hentry","category-a-la-une","category-politique","category-vosges","tag-aide-aux-collectivites-territoriales","tag-conseil-departemental-des-vosges","tag-vosges-mag"],"acf":[],"yoast_head":"<!-- This site is optimized with the Yoast SEO plugin v22.5 - https:\/\/yoast.com\/wordpress\/plugins\/seo\/ -->\n<title>Vosges \u2013 Le Conseil D\u00e9partemental vote 737 364\u20ac pour les collectivit\u00e9s territoriales - Saint Die Info<\/title>\n<meta name=\"robots\" content=\"index, follow, max-snippet:-1, max-image-preview:large, max-video-preview:-1\" \/>\n<link rel=\"canonical\" href=\"https:\/\/vosgesinfo.fr\/saintdieinfo\/2022\/11\/vosges-conseil-departemental-vote-737-364e-collectivites-territoriales\/\" \/>\n<meta name=\"twitter:card\" content=\"summary_large_image\" \/>\n<meta name=\"twitter:title\" content=\"Vosges \u2013 Le Conseil D\u00e9partemental vote 737 364\u20ac pour les collectivit\u00e9s territoriales - Saint Die Info\" \/>\n<meta name=\"twitter:description\" content=\"Au cours de la derni\u00e8re Commission permanente, les \u00e9lus d\u00e9partementaux, r\u00e9unis sous la pr\u00e9sidence Fran\u00e7ois Vannson, ont examin\u00e9 et vot\u00e9 [&hellip;]\" \/>\n<meta name=\"twitter:image\" content=\"https:\/\/vosgesinfo.fr\/app\/uploads\/sites\/4\/2022\/09\/cd88.jpg\" \/>\n<meta name=\"twitter:creator\" content=\"@VosgesInfo88\" \/>\n<meta name=\"twitter:site\" content=\"@VosgesInfo88\" \/>\n<meta name=\"twitter:label1\" content=\"\u00c9crit par\" \/>\n\t<meta name=\"twitter:data1\" content=\"la r\u00e9daction\" \/>\n\t<meta name=\"twitter:label2\" content=\"Dur\u00e9e de lecture estim\u00e9e\" \/>\n\t<meta name=\"twitter:data2\" content=\"1 minute\" \/>\n<script type=\"application\/ld+json\" class=\"yoast-schema-graph\">{\"@context\":\"https:\/\/schema.org\",\"@graph\":[{\"@type\":\"Article\",\"@id\":\"https:\/\/vosgesinfo.fr\/saintdieinfo\/2022\/11\/vosges-conseil-departemental-vote-737-364e-collectivites-territoriales\/#article\",\"isPartOf\":{\"@id\":\"https:\/\/vosgesinfo.fr\/saintdieinfo\/2022\/11\/vosges-conseil-departemental-vote-737-364e-collectivites-territoriales\/\"},\"author\":{\"name\":\"la r\u00e9daction\",\"@id\":\"https:\/\/vosgesinfo.fr\/saintdieinfo\/#\/schema\/person\/faee6704a21f3977511db84bd1cd450f\"},\"headline\":\"Vosges \u2013 Le Conseil D\u00e9partemental vote 737 364\u20ac pour les collectivit\u00e9s territoriales\",\"datePublished\":\"2022-11-30T07:35:32+00:00\",\"dateModified\":\"2022-11-30T07:35:32+00:00\",\"mainEntityOfPage\":{\"@id\":\"https:\/\/vosgesinfo.fr\/saintdieinfo\/2022\/11\/vosges-conseil-departemental-vote-737-364e-collectivites-territoriales\/\"},\"wordCount\":303,\"commentCount\":0,\"publisher\":{\"@id\":\"https:\/\/vosgesinfo.fr\/saintdieinfo\/#organization\"},\"image\":{\"@id\":\"https:\/\/vosgesinfo.fr\/saintdieinfo\/2022\/11\/vosges-conseil-departemental-vote-737-364e-collectivites-territoriales\/#primaryimage\"},\"thumbnailUrl\":\"https:\/\/vosgesinfo.fr\/app\/uploads\/sites\/4\/2022\/09\/cd88.jpg\",\"keywords\":[\"Aide aux collectivit\u00e9s territoriales\",\"Conseil d\u00e9partemental des Vosges\",\"Vosges Mag\"],\"articleSection\":[\"A la Une\",\"Politique\",\"Vosges\"],\"inLanguage\":\"fr-FR\",\"potentialAction\":[{\"@type\":\"CommentAction\",\"name\":\"Comment\",\"target\":[\"https:\/\/vosgesinfo.fr\/saintdieinfo\/2022\/11\/vosges-conseil-departemental-vote-737-364e-collectivites-territoriales\/#respond\"]}]},{\"@type\":\"WebPage\",\"@id\":\"https:\/\/vosgesinfo.fr\/saintdieinfo\/2022\/11\/vosges-conseil-departemental-vote-737-364e-collectivites-territoriales\/\",\"url\":\"https:\/\/vosgesinfo.fr\/saintdieinfo\/2022\/11\/vosges-conseil-departemental-vote-737-364e-collectivites-territoriales\/\",\"name\":\"Vosges \u2013 Le Conseil D\u00e9partemental vote 737 364\u20ac pour les collectivit\u00e9s territoriales - Saint Die Info\",\"isPartOf\":{\"@id\":\"https:\/\/vosgesinfo.fr\/saintdieinfo\/#website\"},\"primaryImageOfPage\":{\"@id\":\"https:\/\/vosgesinfo.fr\/saintdieinfo\/2022\/11\/vosges-conseil-departemental-vote-737-364e-collectivites-territoriales\/#primaryimage\"},\"image\":{\"@id\":\"https:\/\/vosgesinfo.fr\/saintdieinfo\/2022\/11\/vosges-conseil-departemental-vote-737-364e-collectivites-territoriales\/#primaryimage\"},\"thumbnailUrl\":\"https:\/\/vosgesinfo.fr\/app\/uploads\/sites\/4\/2022\/09\/cd88.jpg\",\"datePublished\":\"2022-11-30T07:35:32+00:00\",\"dateModified\":\"2022-11-30T07:35:32+00:00\",\"breadcrumb\":{\"@id\":\"https:\/\/vosgesinfo.fr\/saintdieinfo\/2022\/11\/vosges-conseil-departemental-vote-737-364e-collectivites-territoriales\/#breadcrumb\"},\"inLanguage\":\"fr-FR\",\"potentialAction\":[{\"@type\":\"ReadAction\",\"target\":[\"https:\/\/vosgesinfo.fr\/saintdieinfo\/2022\/11\/vosges-conseil-departemental-vote-737-364e-collectivites-territoriales\/\"]}]},{\"@type\":\"ImageObject\",\"inLanguage\":\"fr-FR\",\"@id\":\"https:\/\/vosgesinfo.fr\/saintdieinfo\/2022\/11\/vosges-conseil-departemental-vote-737-364e-collectivites-territoriales\/#primaryimage\",\"url\":\"https:\/\/vosgesinfo.fr\/app\/uploads\/sites\/4\/2022\/09\/cd88.jpg\",\"contentUrl\":\"https:\/\/vosgesinfo.fr\/app\/uploads\/sites\/4\/2022\/09\/cd88.jpg\",\"width\":1600,\"height\":900},{\"@type\":\"BreadcrumbList\",\"@id\":\"https:\/\/vosgesinfo.fr\/saintdieinfo\/2022\/11\/vosges-conseil-departemental-vote-737-364e-collectivites-territoriales\/#breadcrumb\",\"itemListElement\":[{\"@type\":\"ListItem\",\"position\":1,\"name\":\"Home\",\"item\":\"https:\/\/vosgesinfo.fr\/saintdieinfo\/\"},{\"@type\":\"ListItem\",\"position\":2,\"name\":\"Vosges \u2013 Le Conseil D\u00e9partemental vote 737 364\u20ac pour les collectivit\u00e9s territoriales\"}]},{\"@type\":\"WebSite\",\"@id\":\"https:\/\/vosgesinfo.fr\/saintdieinfo\/#website\",\"url\":\"https:\/\/vosgesinfo.fr\/saintdieinfo\/\",\"name\":\"Saint Die Info\",\"description\":\"Toute l&#039;actualit\u00e9 de Saint-Di\u00e9-Des-Vosges\",\"publisher\":{\"@id\":\"https:\/\/vosgesinfo.fr\/saintdieinfo\/#organization\"},\"alternateName\":\"Toute l'actualit\u00e9 de Saint-Di\u00e9-Des-Vosges\",\"potentialAction\":[{\"@type\":\"SearchAction\",\"target\":{\"@type\":\"EntryPoint\",\"urlTemplate\":\"https:\/\/vosgesinfo.fr\/saintdieinfo\/?s={search_term_string}\"},\"query-input\":\"required name=search_term_string\"}],\"inLanguage\":\"fr-FR\"},{\"@type\":\"Organization\",\"@id\":\"https:\/\/vosgesinfo.fr\/saintdieinfo\/#organization\",\"name\":\"Saint Die Info\",\"url\":\"https:\/\/vosgesinfo.fr\/saintdieinfo\/\",\"logo\":{\"@type\":\"ImageObject\",\"inLanguage\":\"fr-FR\",\"@id\":\"https:\/\/vosgesinfo.fr\/saintdieinfo\/#\/schema\/logo\/image\/\",\"url\":\"https:\/\/vosgesinfo.fr\/app\/uploads\/sites\/4\/2024\/02\/logo-sdi.jpg\",\"contentUrl\":\"https:\/\/vosgesinfo.fr\/app\/uploads\/sites\/4\/2024\/02\/logo-sdi.jpg\",\"width\":600,\"height\":600,\"caption\":\"Saint Die Info\"},\"image\":{\"@id\":\"https:\/\/vosgesinfo.fr\/saintdieinfo\/#\/schema\/logo\/image\/\"},\"sameAs\":[\"https:\/\/www.facebook.com\/Saintdieinfofr\",\"https:\/\/x.com\/VosgesInfo88\",\"https:\/\/www.youtube.com\/@vosgesinfo\"]},{\"@type\":\"Person\",\"@id\":\"https:\/\/vosgesinfo.fr\/saintdieinfo\/#\/schema\/person\/faee6704a21f3977511db84bd1cd450f\",\"name\":\"la r\u00e9daction\",\"image\":{\"@type\":\"ImageObject\",\"inLanguage\":\"fr-FR\",\"@id\":\"https:\/\/vosgesinfo.fr\/saintdieinfo\/#\/schema\/person\/image\/\",\"url\":\"https:\/\/secure.gravatar.com\/avatar\/6673d8bc6a9c17fa9a453eaa3448de834fa308c2ec9635b7aa99441a7c8d2cf6?s=96&d=mm&r=g\",\"contentUrl\":\"https:\/\/secure.gravatar.com\/avatar\/6673d8bc6a9c17fa9a453eaa3448de834fa308c2ec9635b7aa99441a7c8d2cf6?s=96&d=mm&r=g\",\"caption\":\"la r\u00e9daction\"},\"url\":\"https:\/\/vosgesinfo.fr\/saintdieinfo\/author\/redac\/\"}]}<\/script>\n<!-- \/ Yoast SEO plugin. -->","yoast_head_json":{"title":"Vosges \u2013 Le Conseil D\u00e9partemental vote 737 364\u20ac pour les collectivit\u00e9s territoriales - Saint Die Info","robots":{"index":"index","follow":"follow","max-snippet":"max-snippet:-1","max-image-preview":"max-image-preview:large","max-video-preview":"max-video-preview:-1"},"canonical":"https:\/\/vosgesinfo.fr\/saintdieinfo\/2022\/11\/vosges-conseil-departemental-vote-737-364e-collectivites-territoriales\/","twitter_card":"summary_large_image","twitter_title":"Vosges \u2013 Le Conseil D\u00e9partemental vote 737 364\u20ac pour les collectivit\u00e9s territoriales - Saint Die Info","twitter_description":"Au cours de la derni\u00e8re Commission permanente, les \u00e9lus d\u00e9partementaux, r\u00e9unis sous la pr\u00e9sidence Fran\u00e7ois Vannson, ont examin\u00e9 et vot\u00e9 [&hellip;]","twitter_image":"https:\/\/vosgesinfo.fr\/app\/uploads\/sites\/4\/2022\/09\/cd88.jpg","twitter_creator":"@VosgesInfo88","twitter_site":"@VosgesInfo88","twitter_misc":{"\u00c9crit par":"la r\u00e9daction","Dur\u00e9e de lecture estim\u00e9e":"1 minute"},"schema":{"@context":"https:\/\/schema.org","@graph":[{"@type":"Article","@id":"https:\/\/vosgesinfo.fr\/saintdieinfo\/2022\/11\/vosges-conseil-departemental-vote-737-364e-collectivites-territoriales\/#article","isPartOf":{"@id":"https:\/\/vosgesinfo.fr\/saintdieinfo\/2022\/11\/vosges-conseil-departemental-vote-737-364e-collectivites-territoriales\/"},"author":{"name":"la r\u00e9daction","@id":"https:\/\/vosgesinfo.fr\/saintdieinfo\/#\/schema\/person\/faee6704a21f3977511db84bd1cd450f"},"headline":"Vosges \u2013 Le Conseil D\u00e9partemental vote 737 364\u20ac pour les collectivit\u00e9s territoriales","datePublished":"2022-11-30T07:35:32+00:00","dateModified":"2022-11-30T07:35:32+00:00","mainEntityOfPage":{"@id":"https:\/\/vosgesinfo.fr\/saintdieinfo\/2022\/11\/vosges-conseil-departemental-vote-737-364e-collectivites-territoriales\/"},"wordCount":303,"commentCount":0,"publisher":{"@id":"https:\/\/vosgesinfo.fr\/saintdieinfo\/#organization"},"image":{"@id":"https:\/\/vosgesinfo.fr\/saintdieinfo\/2022\/11\/vosges-conseil-departemental-vote-737-364e-collectivites-territoriales\/#primaryimage"},"thumbnailUrl":"https:\/\/vosgesinfo.fr\/app\/uploads\/sites\/4\/2022\/09\/cd88.jpg","keywords":["Aide aux collectivit\u00e9s territoriales","Conseil d\u00e9partemental des Vosges","Vosges Mag"],"articleSection":["A la Une","Politique","Vosges"],"inLanguage":"fr-FR","potentialAction":[{"@type":"CommentAction","name":"Comment","target":["https:\/\/vosgesinfo.fr\/saintdieinfo\/2022\/11\/vosges-conseil-departemental-vote-737-364e-collectivites-territoriales\/#respond"]}]},{"@type":"WebPage","@id":"https:\/\/vosgesinfo.fr\/saintdieinfo\/2022\/11\/vosges-conseil-departemental-vote-737-364e-collectivites-territoriales\/","url":"https:\/\/vosgesinfo.fr\/saintdieinfo\/2022\/11\/vosges-conseil-departemental-vote-737-364e-collectivites-territoriales\/","name":"Vosges \u2013 Le Conseil D\u00e9partemental vote 737 364\u20ac pour les collectivit\u00e9s territoriales - Saint Die Info","isPartOf":{"@id":"https:\/\/vosgesinfo.fr\/saintdieinfo\/#website"},"primaryImageOfPage":{"@id":"https:\/\/vosgesinfo.fr\/saintdieinfo\/2022\/11\/vosges-conseil-departemental-vote-737-364e-collectivites-territoriales\/#primaryimage"},"image":{"@id":"https:\/\/vosgesinfo.fr\/saintdieinfo\/2022\/11\/vosges-conseil-departemental-vote-737-364e-collectivites-territoriales\/#primaryimage"},"thumbnailUrl":"https:\/\/vosgesinfo.fr\/app\/uploads\/sites\/4\/2022\/09\/cd88.jpg","datePublished":"2022-11-30T07:35:32+00:00","dateModified":"2022-11-30T07:35:32+00:00","breadcrumb":{"@id":"https:\/\/vosgesinfo.fr\/saintdieinfo\/2022\/11\/vosges-conseil-departemental-vote-737-364e-collectivites-territoriales\/#breadcrumb"},"inLanguage":"fr-FR","potentialAction":[{"@type":"ReadAction","target":["https:\/\/vosgesinfo.fr\/saintdieinfo\/2022\/11\/vosges-conseil-departemental-vote-737-364e-collectivites-territoriales\/"]}]},{"@type":"ImageObject","inLanguage":"fr-FR","@id":"https:\/\/vosgesinfo.fr\/saintdieinfo\/2022\/11\/vosges-conseil-departemental-vote-737-364e-collectivites-territoriales\/#primaryimage","url":"https:\/\/vosgesinfo.fr\/app\/uploads\/sites\/4\/2022\/09\/cd88.jpg","contentUrl":"https:\/\/vosgesinfo.fr\/app\/uploads\/sites\/4\/2022\/09\/cd88.jpg","width":1600,"height":900},{"@type":"BreadcrumbList","@id":"https:\/\/vosgesinfo.fr\/saintdieinfo\/2022\/11\/vosges-conseil-departemental-vote-737-364e-collectivites-territoriales\/#breadcrumb","itemListElement":[{"@type":"ListItem","position":1,"name":"Home","item":"https:\/\/vosgesinfo.fr\/saintdieinfo\/"},{"@type":"ListItem","position":2,"name":"Vosges \u2013 Le Conseil D\u00e9partemental vote 737 364\u20ac pour les collectivit\u00e9s territoriales"}]},{"@type":"WebSite","@id":"https:\/\/vosgesinfo.fr\/saintdieinfo\/#website","url":"https:\/\/vosgesinfo.fr\/saintdieinfo\/","name":"Saint Die Info","description":"Toute l&#039;actualit\u00e9 de Saint-Di\u00e9-Des-Vosges","publisher":{"@id":"https:\/\/vosgesinfo.fr\/saintdieinfo\/#organization"},"alternateName":"Toute l'actualit\u00e9 de Saint-Di\u00e9-Des-Vosges","potentialAction":[{"@type":"SearchAction","target":{"@type":"EntryPoint","urlTemplate":"https:\/\/vosgesinfo.fr\/saintdieinfo\/?s={search_term_string}"},"query-input":"required name=search_term_string"}],"inLanguage":"fr-FR"},{"@type":"Organization","@id":"https:\/\/vosgesinfo.fr\/saintdieinfo\/#organization","name":"Saint Die Info","url":"https:\/\/vosgesinfo.fr\/saintdieinfo\/","logo":{"@type":"ImageObject","inLanguage":"fr-FR","@id":"https:\/\/vosgesinfo.fr\/saintdieinfo\/#\/schema\/logo\/image\/","url":"https:\/\/vosgesinfo.fr\/app\/uploads\/sites\/4\/2024\/02\/logo-sdi.jpg","contentUrl":"https:\/\/vosgesinfo.fr\/app\/uploads\/sites\/4\/2024\/02\/logo-sdi.jpg","width":600,"height":600,"caption":"Saint Die Info"},"image":{"@id":"https:\/\/vosgesinfo.fr\/saintdieinfo\/#\/schema\/logo\/image\/"},"sameAs":["https:\/\/www.facebook.com\/Saintdieinfofr","https:\/\/x.com\/VosgesInfo88","https:\/\/www.youtube.com\/@vosgesinfo"]},{"@type":"Person","@id":"https:\/\/vosgesinfo.fr\/saintdieinfo\/#\/schema\/person\/faee6704a21f3977511db84bd1cd450f","name":"la r\u00e9daction","image":{"@type":"ImageObject","inLanguage":"fr-FR","@id":"https:\/\/vosgesinfo.fr\/saintdieinfo\/#\/schema\/person\/image\/","url":"https:\/\/secure.gravatar.com\/avatar\/6673d8bc6a9c17fa9a453eaa3448de834fa308c2ec9635b7aa99441a7c8d2cf6?s=96&d=mm&r=g","contentUrl":"https:\/\/secure.gravatar.com\/avatar\/6673d8bc6a9c17fa9a453eaa3448de834fa308c2ec9635b7aa99441a7c8d2cf6?s=96&d=mm&r=g","caption":"la r\u00e9daction"},"url":"https:\/\/vosgesinfo.fr\/saintdieinfo\/author\/redac\/"}]}},"_links":{"self":[{"href":"https:\/\/vosgesinfo.fr\/saintdieinfo\/wp-json\/wp\/v2\/posts\/60118","targetHints":{"allow":["GET"]}}],"collection":[{"href":"https:\/\/vosgesinfo.fr\/saintdieinfo\/wp-json\/wp\/v2\/posts"}],"about":[{"href":"https:\/\/vosgesinfo.fr\/saintdieinfo\/wp-json\/wp\/v2\/types\/post"}],"author":[{"embeddable":true,"href":"https:\/\/vosgesinfo.fr\/saintdieinfo\/wp-json\/wp\/v2\/users\/44"}],"replies":[{"embeddable":true,"href":"https:\/\/vosgesinfo.fr\/saintdieinfo\/wp-json\/wp\/v2\/comments?post=60118"}],"version-history":[{"count":0,"href":"https:\/\/vosgesinfo.fr\/saintdieinfo\/wp-json\/wp\/v2\/posts\/60118\/revisions"}],"wp:featuredmedia":[{"embeddable":true,"href":"https:\/\/vosgesinfo.fr\/saintdieinfo\/wp-json\/wp\/v2\/media\/25958"}],"wp:attachment":[{"href":"https:\/\/vosgesinfo.fr\/saintdieinfo\/wp-json\/wp\/v2\/media?parent=60118"}],"wp:term":[{"taxonomy":"category","embeddable":true,"href":"https:\/\/vosgesinfo.fr\/saintdieinfo\/wp-json\/wp\/v2\/categories?post=60118"},{"taxonomy":"post_tag","embeddable":true,"href":"https:\/\/vosgesinfo.fr\/saintdieinfo\/wp-json\/wp\/v2\/tags?post=60118"}],"curies":[{"name":"wp","href":"https:\/\/api.w.org\/{rel}","templated":true}]}}