{"id":60119,"date":"2022-11-30T09:09:33","date_gmt":"2022-11-30T08:09:33","guid":{"rendered":"https:\/\/vosgesinfo.fr\/saintdieinfo\/2022\/11\/fraize-saint-nicolas-defilera-dimanche-rues-fraxiniennes\/"},"modified":"2022-11-30T09:09:33","modified_gmt":"2022-11-30T08:09:33","slug":"fraize-saint-nicolas-defilera-dimanche-rues-fraxiniennes","status":"publish","type":"post","link":"https:\/\/vosgesinfo.fr\/saintdieinfo\/2022\/11\/fraize-saint-nicolas-defilera-dimanche-rues-fraxiniennes\/","title":{"rendered":"Fraize \u2013 Saint-Nicolas d\u00e9filera dimanche dans les rues fraxiniennes"},"content":{"rendered":"<h2><strong><span style=\"font-size: 14pt;\">Saint-Nicolas d\u00e9filera dans les rues de Fraize ce dimanche 4 d\u00e9cembre, \u00e0 partir de 13h30, avec la participation de l&rsquo;association \u00ab\u00a0Des sapins aux cerisiers\u00a0\u00bb, Miss Dancer, les majorettes fraxiniennes, l&rsquo;ESHM, l&rsquo;Harmonie Municipale et les Myrtilles.<\/span><\/strong><\/h2>\n<p><!--more--><\/p>\n<p>Le cort\u00e8ge partira de la place de la mairie, pour ensuite se diriger rue de la Costelle, derri\u00e8re l&rsquo;h\u00f4pital, rue de la Costelle \u00e0 nouveau, rue des Thuyas, rue Victor-Lalev\u00e9e puis rue de l&rsquo;Eglise, pour arriver \u00e0 la salle polyvalente, o\u00f9 des g\u00e2teaux et chocolats chaud seront offerts aux enfants. Un spectacle sera \u00e9galement pr\u00e9sent\u00e9 pour les enfants par la compagnie des \u00ab\u00a0Ptits Bidous\u00a0\u00bb. Buvette sur place.<\/p>\n<p>J.J.<\/p>\n<p><a href=\"\/2022\/11\/Fraize-Saint-Nicolas.jpg\" target=\"_blank\" rel=\"noopener\"><img decoding=\"async\" class=\"aligncenter wp-image-193474 size-large\" src=\"\/2022\/11\/Fraize-Saint-Nicolas-728x1024.jpg\" alt=\"Fraize-Saint-Nicolas\" width=\"728\" height=\"1024\" \/><\/a><\/p>\n","protected":false},"excerpt":{"rendered":"<p>Saint-Nicolas d\u00e9filera dans les rues de Fraize ce dimanche 4 d\u00e9cembre, \u00e0 partir de 13h30, avec la participation de l&rsquo;association [&hellip;]<\/p>\n","protected":false},"author":44,"featured_media":60120,"comment_status":"open","ping_status":"open","sticky":false,"template":"","format":"standard","meta":{"footnotes":""},"categories":[3900,20,2915],"tags":[5026,2927,2711],"class_list":["post-60119","post","type-post","status-publish","format-standard","has-post-thumbnail","hentry","category-breves","category-loisirs","category-saint-die-son-canton","tag-defile-de-la-saint-nicolas","tag-fraize","tag-saint-nicolas"],"acf":[],"yoast_head":"<!-- This site is optimized with the Yoast SEO plugin v22.5 - https:\/\/yoast.com\/wordpress\/plugins\/seo\/ -->\n<title>Fraize \u2013 Saint-Nicolas d\u00e9filera dimanche dans les rues fraxiniennes - Saint Die Info<\/title>\n<meta name=\"robots\" content=\"index, follow, max-snippet:-1, max-image-preview:large, max-video-preview:-1\" \/>\n<link rel=\"canonical\" href=\"https:\/\/vosgesinfo.fr\/saintdieinfo\/2022\/11\/fraize-saint-nicolas-defilera-dimanche-rues-fraxiniennes\/\" \/>\n<meta name=\"twitter:card\" content=\"summary_large_image\" \/>\n<meta name=\"twitter:title\" content=\"Fraize \u2013 Saint-Nicolas d\u00e9filera dimanche dans les rues fraxiniennes - Saint Die Info\" \/>\n<meta name=\"twitter:description\" content=\"Saint-Nicolas d\u00e9filera dans les rues de Fraize ce dimanche 4 d\u00e9cembre, \u00e0 partir de 13h30, avec la participation de l&rsquo;association [&hellip;]\" \/>\n<meta name=\"twitter:image\" content=\"https:\/\/vosgesinfo.fr\/app\/uploads\/sites\/4\/2024\/08\/202211fraize-saint-nicolas-01.jpg\" \/>\n<meta name=\"twitter:creator\" content=\"@VosgesInfo88\" \/>\n<meta name=\"twitter:site\" content=\"@VosgesInfo88\" \/>\n<meta name=\"twitter:label1\" content=\"\u00c9crit par\" \/>\n\t<meta name=\"twitter:data1\" content=\"la r\u00e9daction\" \/>\n\t<meta name=\"twitter:label2\" content=\"Dur\u00e9e de lecture estim\u00e9e\" \/>\n\t<meta name=\"twitter:data2\" content=\"1 minute\" \/>\n<script type=\"application\/ld+json\" class=\"yoast-schema-graph\">{\"@context\":\"https:\/\/schema.org\",\"@graph\":[{\"@type\":\"Article\",\"@id\":\"https:\/\/vosgesinfo.fr\/saintdieinfo\/2022\/11\/fraize-saint-nicolas-defilera-dimanche-rues-fraxiniennes\/#article\",\"isPartOf\":{\"@id\":\"https:\/\/vosgesinfo.fr\/saintdieinfo\/2022\/11\/fraize-saint-nicolas-defilera-dimanche-rues-fraxiniennes\/\"},\"author\":{\"name\":\"la r\u00e9daction\",\"@id\":\"https:\/\/vosgesinfo.fr\/saintdieinfo\/#\/schema\/person\/faee6704a21f3977511db84bd1cd450f\"},\"headline\":\"Fraize \u2013 Saint-Nicolas d\u00e9filera dimanche dans les rues fraxiniennes\",\"datePublished\":\"2022-11-30T08:09:33+00:00\",\"dateModified\":\"2022-11-30T08:09:33+00:00\",\"mainEntityOfPage\":{\"@id\":\"https:\/\/vosgesinfo.fr\/saintdieinfo\/2022\/11\/fraize-saint-nicolas-defilera-dimanche-rues-fraxiniennes\/\"},\"wordCount\":122,\"commentCount\":0,\"publisher\":{\"@id\":\"https:\/\/vosgesinfo.fr\/saintdieinfo\/#organization\"},\"image\":{\"@id\":\"https:\/\/vosgesinfo.fr\/saintdieinfo\/2022\/11\/fraize-saint-nicolas-defilera-dimanche-rues-fraxiniennes\/#primaryimage\"},\"thumbnailUrl\":\"https:\/\/vosgesinfo.fr\/app\/uploads\/sites\/4\/2024\/08\/202211fraize-saint-nicolas-01.jpg\",\"keywords\":[\"D\u00e9fil\u00e9 de la Saint-Nicolas\",\"Fraize\",\"Saint-Nicolas\"],\"articleSection\":[\"Br\u00e8ves\",\"Loisirs\",\"Saint-Di\u00e9-des-Vosges et son Agglom\u00e9ration\"],\"inLanguage\":\"fr-FR\",\"potentialAction\":[{\"@type\":\"CommentAction\",\"name\":\"Comment\",\"target\":[\"https:\/\/vosgesinfo.fr\/saintdieinfo\/2022\/11\/fraize-saint-nicolas-defilera-dimanche-rues-fraxiniennes\/#respond\"]}]},{\"@type\":\"WebPage\",\"@id\":\"https:\/\/vosgesinfo.fr\/saintdieinfo\/2022\/11\/fraize-saint-nicolas-defilera-dimanche-rues-fraxiniennes\/\",\"url\":\"https:\/\/vosgesinfo.fr\/saintdieinfo\/2022\/11\/fraize-saint-nicolas-defilera-dimanche-rues-fraxiniennes\/\",\"name\":\"Fraize \u2013 Saint-Nicolas d\u00e9filera dimanche dans les rues fraxiniennes - Saint Die Info\",\"isPartOf\":{\"@id\":\"https:\/\/vosgesinfo.fr\/saintdieinfo\/#website\"},\"primaryImageOfPage\":{\"@id\":\"https:\/\/vosgesinfo.fr\/saintdieinfo\/2022\/11\/fraize-saint-nicolas-defilera-dimanche-rues-fraxiniennes\/#primaryimage\"},\"image\":{\"@id\":\"https:\/\/vosgesinfo.fr\/saintdieinfo\/2022\/11\/fraize-saint-nicolas-defilera-dimanche-rues-fraxiniennes\/#primaryimage\"},\"thumbnailUrl\":\"https:\/\/vosgesinfo.fr\/app\/uploads\/sites\/4\/2024\/08\/202211fraize-saint-nicolas-01.jpg\",\"datePublished\":\"2022-11-30T08:09:33+00:00\",\"dateModified\":\"2022-11-30T08:09:33+00:00\",\"breadcrumb\":{\"@id\":\"https:\/\/vosgesinfo.fr\/saintdieinfo\/2022\/11\/fraize-saint-nicolas-defilera-dimanche-rues-fraxiniennes\/#breadcrumb\"},\"inLanguage\":\"fr-FR\",\"potentialAction\":[{\"@type\":\"ReadAction\",\"target\":[\"https:\/\/vosgesinfo.fr\/saintdieinfo\/2022\/11\/fraize-saint-nicolas-defilera-dimanche-rues-fraxiniennes\/\"]}]},{\"@type\":\"ImageObject\",\"inLanguage\":\"fr-FR\",\"@id\":\"https:\/\/vosgesinfo.fr\/saintdieinfo\/2022\/11\/fraize-saint-nicolas-defilera-dimanche-rues-fraxiniennes\/#primaryimage\",\"url\":\"https:\/\/vosgesinfo.fr\/app\/uploads\/sites\/4\/2024\/08\/202211fraize-saint-nicolas-01.jpg\",\"contentUrl\":\"https:\/\/vosgesinfo.fr\/app\/uploads\/sites\/4\/2024\/08\/202211fraize-saint-nicolas-01.jpg\",\"width\":1242,\"height\":954},{\"@type\":\"BreadcrumbList\",\"@id\":\"https:\/\/vosgesinfo.fr\/saintdieinfo\/2022\/11\/fraize-saint-nicolas-defilera-dimanche-rues-fraxiniennes\/#breadcrumb\",\"itemListElement\":[{\"@type\":\"ListItem\",\"position\":1,\"name\":\"Home\",\"item\":\"https:\/\/vosgesinfo.fr\/saintdieinfo\/\"},{\"@type\":\"ListItem\",\"position\":2,\"name\":\"Fraize \u2013 Saint-Nicolas d\u00e9filera dimanche dans les rues fraxiniennes\"}]},{\"@type\":\"WebSite\",\"@id\":\"https:\/\/vosgesinfo.fr\/saintdieinfo\/#website\",\"url\":\"https:\/\/vosgesinfo.fr\/saintdieinfo\/\",\"name\":\"Saint Die Info\",\"description\":\"Toute l&#039;actualit\u00e9 de Saint-Di\u00e9-Des-Vosges\",\"publisher\":{\"@id\":\"https:\/\/vosgesinfo.fr\/saintdieinfo\/#organization\"},\"alternateName\":\"Toute l'actualit\u00e9 de Saint-Di\u00e9-Des-Vosges\",\"potentialAction\":[{\"@type\":\"SearchAction\",\"target\":{\"@type\":\"EntryPoint\",\"urlTemplate\":\"https:\/\/vosgesinfo.fr\/saintdieinfo\/?s={search_term_string}\"},\"query-input\":\"required name=search_term_string\"}],\"inLanguage\":\"fr-FR\"},{\"@type\":\"Organization\",\"@id\":\"https:\/\/vosgesinfo.fr\/saintdieinfo\/#organization\",\"name\":\"Saint Die Info\",\"url\":\"https:\/\/vosgesinfo.fr\/saintdieinfo\/\",\"logo\":{\"@type\":\"ImageObject\",\"inLanguage\":\"fr-FR\",\"@id\":\"https:\/\/vosgesinfo.fr\/saintdieinfo\/#\/schema\/logo\/image\/\",\"url\":\"https:\/\/vosgesinfo.fr\/app\/uploads\/sites\/4\/2024\/02\/logo-sdi.jpg\",\"contentUrl\":\"https:\/\/vosgesinfo.fr\/app\/uploads\/sites\/4\/2024\/02\/logo-sdi.jpg\",\"width\":600,\"height\":600,\"caption\":\"Saint Die Info\"},\"image\":{\"@id\":\"https:\/\/vosgesinfo.fr\/saintdieinfo\/#\/schema\/logo\/image\/\"},\"sameAs\":[\"https:\/\/www.facebook.com\/Saintdieinfofr\",\"https:\/\/x.com\/VosgesInfo88\",\"https:\/\/www.youtube.com\/@vosgesinfo\"]},{\"@type\":\"Person\",\"@id\":\"https:\/\/vosgesinfo.fr\/saintdieinfo\/#\/schema\/person\/faee6704a21f3977511db84bd1cd450f\",\"name\":\"la r\u00e9daction\",\"image\":{\"@type\":\"ImageObject\",\"inLanguage\":\"fr-FR\",\"@id\":\"https:\/\/vosgesinfo.fr\/saintdieinfo\/#\/schema\/person\/image\/\",\"url\":\"https:\/\/secure.gravatar.com\/avatar\/6673d8bc6a9c17fa9a453eaa3448de834fa308c2ec9635b7aa99441a7c8d2cf6?s=96&d=mm&r=g\",\"contentUrl\":\"https:\/\/secure.gravatar.com\/avatar\/6673d8bc6a9c17fa9a453eaa3448de834fa308c2ec9635b7aa99441a7c8d2cf6?s=96&d=mm&r=g\",\"caption\":\"la r\u00e9daction\"},\"url\":\"https:\/\/vosgesinfo.fr\/saintdieinfo\/author\/redac\/\"}]}<\/script>\n<!-- \/ Yoast SEO plugin. -->","yoast_head_json":{"title":"Fraize \u2013 Saint-Nicolas d\u00e9filera dimanche dans les rues fraxiniennes - Saint Die Info","robots":{"index":"index","follow":"follow","max-snippet":"max-snippet:-1","max-image-preview":"max-image-preview:large","max-video-preview":"max-video-preview:-1"},"canonical":"https:\/\/vosgesinfo.fr\/saintdieinfo\/2022\/11\/fraize-saint-nicolas-defilera-dimanche-rues-fraxiniennes\/","twitter_card":"summary_large_image","twitter_title":"Fraize \u2013 Saint-Nicolas d\u00e9filera dimanche dans les rues fraxiniennes - Saint Die Info","twitter_description":"Saint-Nicolas d\u00e9filera dans les rues de Fraize ce dimanche 4 d\u00e9cembre, \u00e0 partir de 13h30, avec la participation de l&rsquo;association [&hellip;]","twitter_image":"https:\/\/vosgesinfo.fr\/app\/uploads\/sites\/4\/2024\/08\/202211fraize-saint-nicolas-01.jpg","twitter_creator":"@VosgesInfo88","twitter_site":"@VosgesInfo88","twitter_misc":{"\u00c9crit par":"la r\u00e9daction","Dur\u00e9e de lecture estim\u00e9e":"1 minute"},"schema":{"@context":"https:\/\/schema.org","@graph":[{"@type":"Article","@id":"https:\/\/vosgesinfo.fr\/saintdieinfo\/2022\/11\/fraize-saint-nicolas-defilera-dimanche-rues-fraxiniennes\/#article","isPartOf":{"@id":"https:\/\/vosgesinfo.fr\/saintdieinfo\/2022\/11\/fraize-saint-nicolas-defilera-dimanche-rues-fraxiniennes\/"},"author":{"name":"la r\u00e9daction","@id":"https:\/\/vosgesinfo.fr\/saintdieinfo\/#\/schema\/person\/faee6704a21f3977511db84bd1cd450f"},"headline":"Fraize \u2013 Saint-Nicolas d\u00e9filera dimanche dans les rues fraxiniennes","datePublished":"2022-11-30T08:09:33+00:00","dateModified":"2022-11-30T08:09:33+00:00","mainEntityOfPage":{"@id":"https:\/\/vosgesinfo.fr\/saintdieinfo\/2022\/11\/fraize-saint-nicolas-defilera-dimanche-rues-fraxiniennes\/"},"wordCount":122,"commentCount":0,"publisher":{"@id":"https:\/\/vosgesinfo.fr\/saintdieinfo\/#organization"},"image":{"@id":"https:\/\/vosgesinfo.fr\/saintdieinfo\/2022\/11\/fraize-saint-nicolas-defilera-dimanche-rues-fraxiniennes\/#primaryimage"},"thumbnailUrl":"https:\/\/vosgesinfo.fr\/app\/uploads\/sites\/4\/2024\/08\/202211fraize-saint-nicolas-01.jpg","keywords":["D\u00e9fil\u00e9 de la Saint-Nicolas","Fraize","Saint-Nicolas"],"articleSection":["Br\u00e8ves","Loisirs","Saint-Di\u00e9-des-Vosges et son Agglom\u00e9ration"],"inLanguage":"fr-FR","potentialAction":[{"@type":"CommentAction","name":"Comment","target":["https:\/\/vosgesinfo.fr\/saintdieinfo\/2022\/11\/fraize-saint-nicolas-defilera-dimanche-rues-fraxiniennes\/#respond"]}]},{"@type":"WebPage","@id":"https:\/\/vosgesinfo.fr\/saintdieinfo\/2022\/11\/fraize-saint-nicolas-defilera-dimanche-rues-fraxiniennes\/","url":"https:\/\/vosgesinfo.fr\/saintdieinfo\/2022\/11\/fraize-saint-nicolas-defilera-dimanche-rues-fraxiniennes\/","name":"Fraize \u2013 Saint-Nicolas d\u00e9filera dimanche dans les rues fraxiniennes - Saint Die Info","isPartOf":{"@id":"https:\/\/vosgesinfo.fr\/saintdieinfo\/#website"},"primaryImageOfPage":{"@id":"https:\/\/vosgesinfo.fr\/saintdieinfo\/2022\/11\/fraize-saint-nicolas-defilera-dimanche-rues-fraxiniennes\/#primaryimage"},"image":{"@id":"https:\/\/vosgesinfo.fr\/saintdieinfo\/2022\/11\/fraize-saint-nicolas-defilera-dimanche-rues-fraxiniennes\/#primaryimage"},"thumbnailUrl":"https:\/\/vosgesinfo.fr\/app\/uploads\/sites\/4\/2024\/08\/202211fraize-saint-nicolas-01.jpg","datePublished":"2022-11-30T08:09:33+00:00","dateModified":"2022-11-30T08:09:33+00:00","breadcrumb":{"@id":"https:\/\/vosgesinfo.fr\/saintdieinfo\/2022\/11\/fraize-saint-nicolas-defilera-dimanche-rues-fraxiniennes\/#breadcrumb"},"inLanguage":"fr-FR","potentialAction":[{"@type":"ReadAction","target":["https:\/\/vosgesinfo.fr\/saintdieinfo\/2022\/11\/fraize-saint-nicolas-defilera-dimanche-rues-fraxiniennes\/"]}]},{"@type":"ImageObject","inLanguage":"fr-FR","@id":"https:\/\/vosgesinfo.fr\/saintdieinfo\/2022\/11\/fraize-saint-nicolas-defilera-dimanche-rues-fraxiniennes\/#primaryimage","url":"https:\/\/vosgesinfo.fr\/app\/uploads\/sites\/4\/2024\/08\/202211fraize-saint-nicolas-01.jpg","contentUrl":"https:\/\/vosgesinfo.fr\/app\/uploads\/sites\/4\/2024\/08\/202211fraize-saint-nicolas-01.jpg","width":1242,"height":954},{"@type":"BreadcrumbList","@id":"https:\/\/vosgesinfo.fr\/saintdieinfo\/2022\/11\/fraize-saint-nicolas-defilera-dimanche-rues-fraxiniennes\/#breadcrumb","itemListElement":[{"@type":"ListItem","position":1,"name":"Home","item":"https:\/\/vosgesinfo.fr\/saintdieinfo\/"},{"@type":"ListItem","position":2,"name":"Fraize \u2013 Saint-Nicolas d\u00e9filera dimanche dans les rues fraxiniennes"}]},{"@type":"WebSite","@id":"https:\/\/vosgesinfo.fr\/saintdieinfo\/#website","url":"https:\/\/vosgesinfo.fr\/saintdieinfo\/","name":"Saint Die Info","description":"Toute l&#039;actualit\u00e9 de Saint-Di\u00e9-Des-Vosges","publisher":{"@id":"https:\/\/vosgesinfo.fr\/saintdieinfo\/#organization"},"alternateName":"Toute l'actualit\u00e9 de Saint-Di\u00e9-Des-Vosges","potentialAction":[{"@type":"SearchAction","target":{"@type":"EntryPoint","urlTemplate":"https:\/\/vosgesinfo.fr\/saintdieinfo\/?s={search_term_string}"},"query-input":"required name=search_term_string"}],"inLanguage":"fr-FR"},{"@type":"Organization","@id":"https:\/\/vosgesinfo.fr\/saintdieinfo\/#organization","name":"Saint Die Info","url":"https:\/\/vosgesinfo.fr\/saintdieinfo\/","logo":{"@type":"ImageObject","inLanguage":"fr-FR","@id":"https:\/\/vosgesinfo.fr\/saintdieinfo\/#\/schema\/logo\/image\/","url":"https:\/\/vosgesinfo.fr\/app\/uploads\/sites\/4\/2024\/02\/logo-sdi.jpg","contentUrl":"https:\/\/vosgesinfo.fr\/app\/uploads\/sites\/4\/2024\/02\/logo-sdi.jpg","width":600,"height":600,"caption":"Saint Die Info"},"image":{"@id":"https:\/\/vosgesinfo.fr\/saintdieinfo\/#\/schema\/logo\/image\/"},"sameAs":["https:\/\/www.facebook.com\/Saintdieinfofr","https:\/\/x.com\/VosgesInfo88","https:\/\/www.youtube.com\/@vosgesinfo"]},{"@type":"Person","@id":"https:\/\/vosgesinfo.fr\/saintdieinfo\/#\/schema\/person\/faee6704a21f3977511db84bd1cd450f","name":"la r\u00e9daction","image":{"@type":"ImageObject","inLanguage":"fr-FR","@id":"https:\/\/vosgesinfo.fr\/saintdieinfo\/#\/schema\/person\/image\/","url":"https:\/\/secure.gravatar.com\/avatar\/6673d8bc6a9c17fa9a453eaa3448de834fa308c2ec9635b7aa99441a7c8d2cf6?s=96&d=mm&r=g","contentUrl":"https:\/\/secure.gravatar.com\/avatar\/6673d8bc6a9c17fa9a453eaa3448de834fa308c2ec9635b7aa99441a7c8d2cf6?s=96&d=mm&r=g","caption":"la r\u00e9daction"},"url":"https:\/\/vosgesinfo.fr\/saintdieinfo\/author\/redac\/"}]}},"_links":{"self":[{"href":"https:\/\/vosgesinfo.fr\/saintdieinfo\/wp-json\/wp\/v2\/posts\/60119","targetHints":{"allow":["GET"]}}],"collection":[{"href":"https:\/\/vosgesinfo.fr\/saintdieinfo\/wp-json\/wp\/v2\/posts"}],"about":[{"href":"https:\/\/vosgesinfo.fr\/saintdieinfo\/wp-json\/wp\/v2\/types\/post"}],"author":[{"embeddable":true,"href":"https:\/\/vosgesinfo.fr\/saintdieinfo\/wp-json\/wp\/v2\/users\/44"}],"replies":[{"embeddable":true,"href":"https:\/\/vosgesinfo.fr\/saintdieinfo\/wp-json\/wp\/v2\/comments?post=60119"}],"version-history":[{"count":0,"href":"https:\/\/vosgesinfo.fr\/saintdieinfo\/wp-json\/wp\/v2\/posts\/60119\/revisions"}],"wp:featuredmedia":[{"embeddable":true,"href":"https:\/\/vosgesinfo.fr\/saintdieinfo\/wp-json\/wp\/v2\/media\/60120"}],"wp:attachment":[{"href":"https:\/\/vosgesinfo.fr\/saintdieinfo\/wp-json\/wp\/v2\/media?parent=60119"}],"wp:term":[{"taxonomy":"category","embeddable":true,"href":"https:\/\/vosgesinfo.fr\/saintdieinfo\/wp-json\/wp\/v2\/categories?post=60119"},{"taxonomy":"post_tag","embeddable":true,"href":"https:\/\/vosgesinfo.fr\/saintdieinfo\/wp-json\/wp\/v2\/tags?post=60119"}],"curies":[{"name":"wp","href":"https:\/\/api.w.org\/{rel}","templated":true}]}}