{"id":60133,"date":"2022-11-30T14:06:09","date_gmt":"2022-11-30T13:06:09","guid":{"rendered":"https:\/\/vosgesinfo.fr\/saintdieinfo\/2022\/11\/eric-vagnier-directeur-magasin-intermarche-de-saint-die-vosges-balaie-rumeurs-de-fermeture\/"},"modified":"2022-11-30T14:06:09","modified_gmt":"2022-11-30T13:06:09","slug":"eric-vagnier-directeur-magasin-intermarche-de-saint-die-vosges-balaie-rumeurs-de-fermeture","status":"publish","type":"post","link":"https:\/\/vosgesinfo.fr\/saintdieinfo\/2022\/11\/eric-vagnier-directeur-magasin-intermarche-de-saint-die-vosges-balaie-rumeurs-de-fermeture\/","title":{"rendered":"Eric Vagnier, directeur du magasin Intermarch\u00e9 de Saint-Di\u00e9-des-Vosges, balaie les rumeurs de fermeture"},"content":{"rendered":"<div id=\"attachment_193498\" style=\"width: 970px\" class=\"wp-caption aligncenter\"><a href=\"\/2022\/11\/Point_Situation_Intermarch\u00e9_SDDV.jpg\" target=\"_blank\" rel=\"noopener\"><img decoding=\"async\" aria-describedby=\"caption-attachment-193498\" class=\"wp-image-193498 size-large\" src=\"\/2022\/11\/Point_Situation_Intermarch\u00e9_SDDV-1024x641.jpg\" alt=\"Point_Situation_Intermarch\u00e9_SDDV\" width=\"960\" height=\"601\" \/><\/a><p id=\"caption-attachment-193498\" class=\"wp-caption-text\">Le supermarch\u00e9 Intermarch\u00e9 de Saint-Di\u00e9-des-Vosges est ferm\u00e9 depuis fin ao\u00fbt. (Capture d&rsquo;\u00e9cran RCM)<\/p><\/div>\n<h2><strong><span style=\"font-size: 14pt;\">Le magasin Intermarch\u00e9 de Saint-Di\u00e9-des-Vosges a ferm\u00e9 ses portes \u00e0 ses clients depuis le 26 ao\u00fbt dernier&#8230; la faute \u00e0 un violent orage de gr\u00eale survenu \u00e0 la fin du mois de juin. Alors que des rumeurs affirment que le supermarch\u00e9 du quartier Kellermann a d\u00e9finitivement ferm\u00e9 ses portes, ou qu&rsquo;une autre enseigne va s&rsquo;implanter \u00e0 cet emplacement, il n&rsquo;en est rien puisqu&rsquo;une r\u00e9ouverture est toujours pr\u00e9vue. Le point avec le directeur du magasin Eric Vagnier, que notre coll\u00e8gue et partenaire RCM a rencontr\u00e9 ce mardi.<\/span><\/strong><\/h2>\n<p><!--more--><\/p>\n<p>\u00ab\u00a0L&rsquo;orage de gr\u00eale a perc\u00e9 la membre de couverture du toit et les <em>skydomes<\/em>, avec des impacts de 8 \u00e0 10 cm de diam\u00e8tres. Au sol, il y avait jusqu&rsquo;\u00e0 3cm d&rsquo;eau. Sans compter les bureaux, qui ont aussi \u00e9t\u00e9 impact\u00e9s. Le magasin est rest\u00e9 ouvert suite \u00e0 l&rsquo;orage, mais le mois d&rsquo;ao\u00fbt avec ses orages de pluie suivis et sa chaleur a maintenu une humidit\u00e9 entre 80% et 90% dans le magasin. En cons\u00e9quence, des produits ont commenc\u00e9 \u00e0 moisir. On a donc \u00e9t\u00e9 oblig\u00e9s de fermer et de vider tout le magasin, pour garder un stock le plus sain possible. Les produits qui ont \u00e9t\u00e9 touch\u00e9s par l&rsquo;humidit\u00e9 ont \u00e9t\u00e9 \u00e9vacu\u00e9s, et ceux encore consommables ont \u00e9t\u00e9 donn\u00e9s \u00e0 la Banque Alimentaire. Aujourd&rsquo;hui, une couche pr\u00e9ventive a \u00e9t\u00e9 install\u00e9e pour \u00e9tanch\u00e9ifier la toiture et pour ne plus que l&rsquo;eau coule dans le magasin. \u00a0\u00bb<\/p>\n<p>Actuellement, les employ\u00e9s travaillent \u00e0 remplir les rayons des produits aux longues dates de p\u00e9remption, en vue d&rsquo;une r\u00e9ouverture prochaine. Car si aucune date n&rsquo;a encore \u00e9t\u00e9 fix\u00e9e \u00e0 ce jour, la r\u00e9ouverture du magasin, qui emploie 38 collaborateurs, est une certitude. \u00ab\u00a0C&rsquo;est certain \u00e0 100% que nous allons rouvrir, mais on ne veut pas se pr\u00e9cipiter car on veut garantir les meilleures conditions de visite \u00e0 notre client\u00e8le. Le but est que tout le monde revienne travailler quand tout sera pr\u00eat. On veut une r\u00e9ouverture compl\u00e8te, avec tous les produits, donc la date se pr\u00e9cisera quand les produits frais seront en rayons\u00a0\u00bb pr\u00e9cise Eric Vagnier, qui d\u00e9ment donc les rumeurs de fermeture.<\/p>\n<p>J.J.<\/p>\n<p><iframe loading=\"lazy\" src=\"\/\/www.youtube.com\/embed\/wfe3sJnJh44\" width=\"425\" height=\"350\" allowfullscreen=\"allowfullscreen\"><\/iframe><\/p>\n","protected":false},"excerpt":{"rendered":"<p>Le magasin Intermarch\u00e9 de Saint-Di\u00e9-des-Vosges a ferm\u00e9 ses portes \u00e0 ses clients depuis le 26 ao\u00fbt dernier&#8230; la faute \u00e0 [&hellip;]<\/p>\n","protected":false},"author":44,"featured_media":60134,"comment_status":"open","ping_status":"open","sticky":false,"template":"","format":"standard","meta":{"footnotes":""},"categories":[460,5,2915],"tags":[13287,13288,13289,13290],"class_list":["post-60133","post","type-post","status-publish","format-standard","has-post-thumbnail","hentry","category-a-la-une","category-economie","category-saint-die-son-canton","tag-eric-vagnier","tag-rcm","tag-reouverture-du-supermarche-intermarche-de-saint-die-des-vosges","tag-supermarche-intermarche-de-saint-die-des-vosges"],"acf":[],"yoast_head":"<!-- This site is optimized with the Yoast SEO plugin v22.5 - https:\/\/yoast.com\/wordpress\/plugins\/seo\/ -->\n<title>Eric Vagnier, directeur du magasin Intermarch\u00e9 de Saint-Di\u00e9-des-Vosges, balaie les rumeurs de fermeture - Saint Die Info<\/title>\n<meta name=\"robots\" content=\"index, follow, max-snippet:-1, max-image-preview:large, max-video-preview:-1\" \/>\n<link rel=\"canonical\" href=\"https:\/\/vosgesinfo.fr\/saintdieinfo\/2022\/11\/eric-vagnier-directeur-magasin-intermarche-de-saint-die-vosges-balaie-rumeurs-de-fermeture\/\" \/>\n<meta name=\"twitter:card\" content=\"summary_large_image\" \/>\n<meta name=\"twitter:title\" content=\"Eric Vagnier, directeur du magasin Intermarch\u00e9 de Saint-Di\u00e9-des-Vosges, balaie les rumeurs de fermeture - Saint Die Info\" \/>\n<meta name=\"twitter:description\" content=\"Le magasin Intermarch\u00e9 de Saint-Di\u00e9-des-Vosges a ferm\u00e9 ses portes \u00e0 ses clients depuis le 26 ao\u00fbt dernier&#8230; la faute \u00e0 [&hellip;]\" \/>\n<meta name=\"twitter:image\" content=\"https:\/\/vosgesinfo.fr\/app\/uploads\/sites\/4\/2024\/08\/202211point-situation-intermarche-sddv.jpg\" \/>\n<meta name=\"twitter:creator\" content=\"@VosgesInfo88\" \/>\n<meta name=\"twitter:site\" content=\"@VosgesInfo88\" \/>\n<meta name=\"twitter:label1\" content=\"\u00c9crit par\" \/>\n\t<meta name=\"twitter:data1\" content=\"la r\u00e9daction\" \/>\n\t<meta name=\"twitter:label2\" content=\"Dur\u00e9e de lecture estim\u00e9e\" \/>\n\t<meta name=\"twitter:data2\" content=\"2 minutes\" \/>\n<script type=\"application\/ld+json\" class=\"yoast-schema-graph\">{\"@context\":\"https:\/\/schema.org\",\"@graph\":[{\"@type\":\"Article\",\"@id\":\"https:\/\/vosgesinfo.fr\/saintdieinfo\/2022\/11\/eric-vagnier-directeur-magasin-intermarche-de-saint-die-vosges-balaie-rumeurs-de-fermeture\/#article\",\"isPartOf\":{\"@id\":\"https:\/\/vosgesinfo.fr\/saintdieinfo\/2022\/11\/eric-vagnier-directeur-magasin-intermarche-de-saint-die-vosges-balaie-rumeurs-de-fermeture\/\"},\"author\":{\"name\":\"la r\u00e9daction\",\"@id\":\"https:\/\/vosgesinfo.fr\/saintdieinfo\/#\/schema\/person\/faee6704a21f3977511db84bd1cd450f\"},\"headline\":\"Eric Vagnier, directeur du magasin Intermarch\u00e9 de Saint-Di\u00e9-des-Vosges, balaie les rumeurs de fermeture\",\"datePublished\":\"2022-11-30T13:06:09+00:00\",\"dateModified\":\"2022-11-30T13:06:09+00:00\",\"mainEntityOfPage\":{\"@id\":\"https:\/\/vosgesinfo.fr\/saintdieinfo\/2022\/11\/eric-vagnier-directeur-magasin-intermarche-de-saint-die-vosges-balaie-rumeurs-de-fermeture\/\"},\"wordCount\":410,\"commentCount\":0,\"publisher\":{\"@id\":\"https:\/\/vosgesinfo.fr\/saintdieinfo\/#organization\"},\"image\":{\"@id\":\"https:\/\/vosgesinfo.fr\/saintdieinfo\/2022\/11\/eric-vagnier-directeur-magasin-intermarche-de-saint-die-vosges-balaie-rumeurs-de-fermeture\/#primaryimage\"},\"thumbnailUrl\":\"https:\/\/vosgesinfo.fr\/app\/uploads\/sites\/4\/2024\/08\/202211point-situation-intermarche-sddv.jpg\",\"keywords\":[\"Eric Vagnier\",\"RCM\",\"R\u00e9ouverture du supermarch\u00e9 Intermarch\u00e9 de Saint-Di\u00e9-des-Vosges\",\"Supermarch\u00e9 Intermarch\u00e9 de Saint-Di\u00e9-des-Vosges\"],\"articleSection\":[\"A la Une\",\"\u00c9conomie\",\"Saint-Di\u00e9-des-Vosges et son Agglom\u00e9ration\"],\"inLanguage\":\"fr-FR\",\"potentialAction\":[{\"@type\":\"CommentAction\",\"name\":\"Comment\",\"target\":[\"https:\/\/vosgesinfo.fr\/saintdieinfo\/2022\/11\/eric-vagnier-directeur-magasin-intermarche-de-saint-die-vosges-balaie-rumeurs-de-fermeture\/#respond\"]}]},{\"@type\":\"WebPage\",\"@id\":\"https:\/\/vosgesinfo.fr\/saintdieinfo\/2022\/11\/eric-vagnier-directeur-magasin-intermarche-de-saint-die-vosges-balaie-rumeurs-de-fermeture\/\",\"url\":\"https:\/\/vosgesinfo.fr\/saintdieinfo\/2022\/11\/eric-vagnier-directeur-magasin-intermarche-de-saint-die-vosges-balaie-rumeurs-de-fermeture\/\",\"name\":\"Eric Vagnier, directeur du magasin Intermarch\u00e9 de Saint-Di\u00e9-des-Vosges, balaie les rumeurs de fermeture - Saint Die Info\",\"isPartOf\":{\"@id\":\"https:\/\/vosgesinfo.fr\/saintdieinfo\/#website\"},\"primaryImageOfPage\":{\"@id\":\"https:\/\/vosgesinfo.fr\/saintdieinfo\/2022\/11\/eric-vagnier-directeur-magasin-intermarche-de-saint-die-vosges-balaie-rumeurs-de-fermeture\/#primaryimage\"},\"image\":{\"@id\":\"https:\/\/vosgesinfo.fr\/saintdieinfo\/2022\/11\/eric-vagnier-directeur-magasin-intermarche-de-saint-die-vosges-balaie-rumeurs-de-fermeture\/#primaryimage\"},\"thumbnailUrl\":\"https:\/\/vosgesinfo.fr\/app\/uploads\/sites\/4\/2024\/08\/202211point-situation-intermarche-sddv.jpg\",\"datePublished\":\"2022-11-30T13:06:09+00:00\",\"dateModified\":\"2022-11-30T13:06:09+00:00\",\"breadcrumb\":{\"@id\":\"https:\/\/vosgesinfo.fr\/saintdieinfo\/2022\/11\/eric-vagnier-directeur-magasin-intermarche-de-saint-die-vosges-balaie-rumeurs-de-fermeture\/#breadcrumb\"},\"inLanguage\":\"fr-FR\",\"potentialAction\":[{\"@type\":\"ReadAction\",\"target\":[\"https:\/\/vosgesinfo.fr\/saintdieinfo\/2022\/11\/eric-vagnier-directeur-magasin-intermarche-de-saint-die-vosges-balaie-rumeurs-de-fermeture\/\"]}]},{\"@type\":\"ImageObject\",\"inLanguage\":\"fr-FR\",\"@id\":\"https:\/\/vosgesinfo.fr\/saintdieinfo\/2022\/11\/eric-vagnier-directeur-magasin-intermarche-de-saint-die-vosges-balaie-rumeurs-de-fermeture\/#primaryimage\",\"url\":\"https:\/\/vosgesinfo.fr\/app\/uploads\/sites\/4\/2024\/08\/202211point-situation-intermarche-sddv.jpg\",\"contentUrl\":\"https:\/\/vosgesinfo.fr\/app\/uploads\/sites\/4\/2024\/08\/202211point-situation-intermarche-sddv.jpg\",\"width\":2186,\"height\":1368},{\"@type\":\"BreadcrumbList\",\"@id\":\"https:\/\/vosgesinfo.fr\/saintdieinfo\/2022\/11\/eric-vagnier-directeur-magasin-intermarche-de-saint-die-vosges-balaie-rumeurs-de-fermeture\/#breadcrumb\",\"itemListElement\":[{\"@type\":\"ListItem\",\"position\":1,\"name\":\"Home\",\"item\":\"https:\/\/vosgesinfo.fr\/saintdieinfo\/\"},{\"@type\":\"ListItem\",\"position\":2,\"name\":\"Eric Vagnier, directeur du magasin Intermarch\u00e9 de Saint-Di\u00e9-des-Vosges, balaie les rumeurs de fermeture\"}]},{\"@type\":\"WebSite\",\"@id\":\"https:\/\/vosgesinfo.fr\/saintdieinfo\/#website\",\"url\":\"https:\/\/vosgesinfo.fr\/saintdieinfo\/\",\"name\":\"Saint Die Info\",\"description\":\"Toute l&#039;actualit\u00e9 de Saint-Di\u00e9-Des-Vosges\",\"publisher\":{\"@id\":\"https:\/\/vosgesinfo.fr\/saintdieinfo\/#organization\"},\"alternateName\":\"Toute l'actualit\u00e9 de Saint-Di\u00e9-Des-Vosges\",\"potentialAction\":[{\"@type\":\"SearchAction\",\"target\":{\"@type\":\"EntryPoint\",\"urlTemplate\":\"https:\/\/vosgesinfo.fr\/saintdieinfo\/?s={search_term_string}\"},\"query-input\":\"required name=search_term_string\"}],\"inLanguage\":\"fr-FR\"},{\"@type\":\"Organization\",\"@id\":\"https:\/\/vosgesinfo.fr\/saintdieinfo\/#organization\",\"name\":\"Saint Die Info\",\"url\":\"https:\/\/vosgesinfo.fr\/saintdieinfo\/\",\"logo\":{\"@type\":\"ImageObject\",\"inLanguage\":\"fr-FR\",\"@id\":\"https:\/\/vosgesinfo.fr\/saintdieinfo\/#\/schema\/logo\/image\/\",\"url\":\"https:\/\/vosgesinfo.fr\/app\/uploads\/sites\/4\/2024\/02\/logo-sdi.jpg\",\"contentUrl\":\"https:\/\/vosgesinfo.fr\/app\/uploads\/sites\/4\/2024\/02\/logo-sdi.jpg\",\"width\":600,\"height\":600,\"caption\":\"Saint Die Info\"},\"image\":{\"@id\":\"https:\/\/vosgesinfo.fr\/saintdieinfo\/#\/schema\/logo\/image\/\"},\"sameAs\":[\"https:\/\/www.facebook.com\/Saintdieinfofr\",\"https:\/\/x.com\/VosgesInfo88\",\"https:\/\/www.youtube.com\/@vosgesinfo\"]},{\"@type\":\"Person\",\"@id\":\"https:\/\/vosgesinfo.fr\/saintdieinfo\/#\/schema\/person\/faee6704a21f3977511db84bd1cd450f\",\"name\":\"la r\u00e9daction\",\"image\":{\"@type\":\"ImageObject\",\"inLanguage\":\"fr-FR\",\"@id\":\"https:\/\/vosgesinfo.fr\/saintdieinfo\/#\/schema\/person\/image\/\",\"url\":\"https:\/\/secure.gravatar.com\/avatar\/6673d8bc6a9c17fa9a453eaa3448de834fa308c2ec9635b7aa99441a7c8d2cf6?s=96&d=mm&r=g\",\"contentUrl\":\"https:\/\/secure.gravatar.com\/avatar\/6673d8bc6a9c17fa9a453eaa3448de834fa308c2ec9635b7aa99441a7c8d2cf6?s=96&d=mm&r=g\",\"caption\":\"la r\u00e9daction\"},\"url\":\"https:\/\/vosgesinfo.fr\/saintdieinfo\/author\/redac\/\"}]}<\/script>\n<!-- \/ Yoast SEO plugin. -->","yoast_head_json":{"title":"Eric Vagnier, directeur du magasin Intermarch\u00e9 de Saint-Di\u00e9-des-Vosges, balaie les rumeurs de fermeture - Saint Die Info","robots":{"index":"index","follow":"follow","max-snippet":"max-snippet:-1","max-image-preview":"max-image-preview:large","max-video-preview":"max-video-preview:-1"},"canonical":"https:\/\/vosgesinfo.fr\/saintdieinfo\/2022\/11\/eric-vagnier-directeur-magasin-intermarche-de-saint-die-vosges-balaie-rumeurs-de-fermeture\/","twitter_card":"summary_large_image","twitter_title":"Eric Vagnier, directeur du magasin Intermarch\u00e9 de Saint-Di\u00e9-des-Vosges, balaie les rumeurs de fermeture - Saint Die Info","twitter_description":"Le magasin Intermarch\u00e9 de Saint-Di\u00e9-des-Vosges a ferm\u00e9 ses portes \u00e0 ses clients depuis le 26 ao\u00fbt dernier&#8230; la faute \u00e0 [&hellip;]","twitter_image":"https:\/\/vosgesinfo.fr\/app\/uploads\/sites\/4\/2024\/08\/202211point-situation-intermarche-sddv.jpg","twitter_creator":"@VosgesInfo88","twitter_site":"@VosgesInfo88","twitter_misc":{"\u00c9crit par":"la r\u00e9daction","Dur\u00e9e de lecture estim\u00e9e":"2 minutes"},"schema":{"@context":"https:\/\/schema.org","@graph":[{"@type":"Article","@id":"https:\/\/vosgesinfo.fr\/saintdieinfo\/2022\/11\/eric-vagnier-directeur-magasin-intermarche-de-saint-die-vosges-balaie-rumeurs-de-fermeture\/#article","isPartOf":{"@id":"https:\/\/vosgesinfo.fr\/saintdieinfo\/2022\/11\/eric-vagnier-directeur-magasin-intermarche-de-saint-die-vosges-balaie-rumeurs-de-fermeture\/"},"author":{"name":"la r\u00e9daction","@id":"https:\/\/vosgesinfo.fr\/saintdieinfo\/#\/schema\/person\/faee6704a21f3977511db84bd1cd450f"},"headline":"Eric Vagnier, directeur du magasin Intermarch\u00e9 de Saint-Di\u00e9-des-Vosges, balaie les rumeurs de fermeture","datePublished":"2022-11-30T13:06:09+00:00","dateModified":"2022-11-30T13:06:09+00:00","mainEntityOfPage":{"@id":"https:\/\/vosgesinfo.fr\/saintdieinfo\/2022\/11\/eric-vagnier-directeur-magasin-intermarche-de-saint-die-vosges-balaie-rumeurs-de-fermeture\/"},"wordCount":410,"commentCount":0,"publisher":{"@id":"https:\/\/vosgesinfo.fr\/saintdieinfo\/#organization"},"image":{"@id":"https:\/\/vosgesinfo.fr\/saintdieinfo\/2022\/11\/eric-vagnier-directeur-magasin-intermarche-de-saint-die-vosges-balaie-rumeurs-de-fermeture\/#primaryimage"},"thumbnailUrl":"https:\/\/vosgesinfo.fr\/app\/uploads\/sites\/4\/2024\/08\/202211point-situation-intermarche-sddv.jpg","keywords":["Eric Vagnier","RCM","R\u00e9ouverture du supermarch\u00e9 Intermarch\u00e9 de Saint-Di\u00e9-des-Vosges","Supermarch\u00e9 Intermarch\u00e9 de Saint-Di\u00e9-des-Vosges"],"articleSection":["A la Une","\u00c9conomie","Saint-Di\u00e9-des-Vosges et son Agglom\u00e9ration"],"inLanguage":"fr-FR","potentialAction":[{"@type":"CommentAction","name":"Comment","target":["https:\/\/vosgesinfo.fr\/saintdieinfo\/2022\/11\/eric-vagnier-directeur-magasin-intermarche-de-saint-die-vosges-balaie-rumeurs-de-fermeture\/#respond"]}]},{"@type":"WebPage","@id":"https:\/\/vosgesinfo.fr\/saintdieinfo\/2022\/11\/eric-vagnier-directeur-magasin-intermarche-de-saint-die-vosges-balaie-rumeurs-de-fermeture\/","url":"https:\/\/vosgesinfo.fr\/saintdieinfo\/2022\/11\/eric-vagnier-directeur-magasin-intermarche-de-saint-die-vosges-balaie-rumeurs-de-fermeture\/","name":"Eric Vagnier, directeur du magasin Intermarch\u00e9 de Saint-Di\u00e9-des-Vosges, balaie les rumeurs de fermeture - Saint Die Info","isPartOf":{"@id":"https:\/\/vosgesinfo.fr\/saintdieinfo\/#website"},"primaryImageOfPage":{"@id":"https:\/\/vosgesinfo.fr\/saintdieinfo\/2022\/11\/eric-vagnier-directeur-magasin-intermarche-de-saint-die-vosges-balaie-rumeurs-de-fermeture\/#primaryimage"},"image":{"@id":"https:\/\/vosgesinfo.fr\/saintdieinfo\/2022\/11\/eric-vagnier-directeur-magasin-intermarche-de-saint-die-vosges-balaie-rumeurs-de-fermeture\/#primaryimage"},"thumbnailUrl":"https:\/\/vosgesinfo.fr\/app\/uploads\/sites\/4\/2024\/08\/202211point-situation-intermarche-sddv.jpg","datePublished":"2022-11-30T13:06:09+00:00","dateModified":"2022-11-30T13:06:09+00:00","breadcrumb":{"@id":"https:\/\/vosgesinfo.fr\/saintdieinfo\/2022\/11\/eric-vagnier-directeur-magasin-intermarche-de-saint-die-vosges-balaie-rumeurs-de-fermeture\/#breadcrumb"},"inLanguage":"fr-FR","potentialAction":[{"@type":"ReadAction","target":["https:\/\/vosgesinfo.fr\/saintdieinfo\/2022\/11\/eric-vagnier-directeur-magasin-intermarche-de-saint-die-vosges-balaie-rumeurs-de-fermeture\/"]}]},{"@type":"ImageObject","inLanguage":"fr-FR","@id":"https:\/\/vosgesinfo.fr\/saintdieinfo\/2022\/11\/eric-vagnier-directeur-magasin-intermarche-de-saint-die-vosges-balaie-rumeurs-de-fermeture\/#primaryimage","url":"https:\/\/vosgesinfo.fr\/app\/uploads\/sites\/4\/2024\/08\/202211point-situation-intermarche-sddv.jpg","contentUrl":"https:\/\/vosgesinfo.fr\/app\/uploads\/sites\/4\/2024\/08\/202211point-situation-intermarche-sddv.jpg","width":2186,"height":1368},{"@type":"BreadcrumbList","@id":"https:\/\/vosgesinfo.fr\/saintdieinfo\/2022\/11\/eric-vagnier-directeur-magasin-intermarche-de-saint-die-vosges-balaie-rumeurs-de-fermeture\/#breadcrumb","itemListElement":[{"@type":"ListItem","position":1,"name":"Home","item":"https:\/\/vosgesinfo.fr\/saintdieinfo\/"},{"@type":"ListItem","position":2,"name":"Eric Vagnier, directeur du magasin Intermarch\u00e9 de Saint-Di\u00e9-des-Vosges, balaie les rumeurs de fermeture"}]},{"@type":"WebSite","@id":"https:\/\/vosgesinfo.fr\/saintdieinfo\/#website","url":"https:\/\/vosgesinfo.fr\/saintdieinfo\/","name":"Saint Die Info","description":"Toute l&#039;actualit\u00e9 de Saint-Di\u00e9-Des-Vosges","publisher":{"@id":"https:\/\/vosgesinfo.fr\/saintdieinfo\/#organization"},"alternateName":"Toute l'actualit\u00e9 de Saint-Di\u00e9-Des-Vosges","potentialAction":[{"@type":"SearchAction","target":{"@type":"EntryPoint","urlTemplate":"https:\/\/vosgesinfo.fr\/saintdieinfo\/?s={search_term_string}"},"query-input":"required name=search_term_string"}],"inLanguage":"fr-FR"},{"@type":"Organization","@id":"https:\/\/vosgesinfo.fr\/saintdieinfo\/#organization","name":"Saint Die Info","url":"https:\/\/vosgesinfo.fr\/saintdieinfo\/","logo":{"@type":"ImageObject","inLanguage":"fr-FR","@id":"https:\/\/vosgesinfo.fr\/saintdieinfo\/#\/schema\/logo\/image\/","url":"https:\/\/vosgesinfo.fr\/app\/uploads\/sites\/4\/2024\/02\/logo-sdi.jpg","contentUrl":"https:\/\/vosgesinfo.fr\/app\/uploads\/sites\/4\/2024\/02\/logo-sdi.jpg","width":600,"height":600,"caption":"Saint Die Info"},"image":{"@id":"https:\/\/vosgesinfo.fr\/saintdieinfo\/#\/schema\/logo\/image\/"},"sameAs":["https:\/\/www.facebook.com\/Saintdieinfofr","https:\/\/x.com\/VosgesInfo88","https:\/\/www.youtube.com\/@vosgesinfo"]},{"@type":"Person","@id":"https:\/\/vosgesinfo.fr\/saintdieinfo\/#\/schema\/person\/faee6704a21f3977511db84bd1cd450f","name":"la r\u00e9daction","image":{"@type":"ImageObject","inLanguage":"fr-FR","@id":"https:\/\/vosgesinfo.fr\/saintdieinfo\/#\/schema\/person\/image\/","url":"https:\/\/secure.gravatar.com\/avatar\/6673d8bc6a9c17fa9a453eaa3448de834fa308c2ec9635b7aa99441a7c8d2cf6?s=96&d=mm&r=g","contentUrl":"https:\/\/secure.gravatar.com\/avatar\/6673d8bc6a9c17fa9a453eaa3448de834fa308c2ec9635b7aa99441a7c8d2cf6?s=96&d=mm&r=g","caption":"la r\u00e9daction"},"url":"https:\/\/vosgesinfo.fr\/saintdieinfo\/author\/redac\/"}]}},"_links":{"self":[{"href":"https:\/\/vosgesinfo.fr\/saintdieinfo\/wp-json\/wp\/v2\/posts\/60133","targetHints":{"allow":["GET"]}}],"collection":[{"href":"https:\/\/vosgesinfo.fr\/saintdieinfo\/wp-json\/wp\/v2\/posts"}],"about":[{"href":"https:\/\/vosgesinfo.fr\/saintdieinfo\/wp-json\/wp\/v2\/types\/post"}],"author":[{"embeddable":true,"href":"https:\/\/vosgesinfo.fr\/saintdieinfo\/wp-json\/wp\/v2\/users\/44"}],"replies":[{"embeddable":true,"href":"https:\/\/vosgesinfo.fr\/saintdieinfo\/wp-json\/wp\/v2\/comments?post=60133"}],"version-history":[{"count":0,"href":"https:\/\/vosgesinfo.fr\/saintdieinfo\/wp-json\/wp\/v2\/posts\/60133\/revisions"}],"wp:featuredmedia":[{"embeddable":true,"href":"https:\/\/vosgesinfo.fr\/saintdieinfo\/wp-json\/wp\/v2\/media\/60134"}],"wp:attachment":[{"href":"https:\/\/vosgesinfo.fr\/saintdieinfo\/wp-json\/wp\/v2\/media?parent=60133"}],"wp:term":[{"taxonomy":"category","embeddable":true,"href":"https:\/\/vosgesinfo.fr\/saintdieinfo\/wp-json\/wp\/v2\/categories?post=60133"},{"taxonomy":"post_tag","embeddable":true,"href":"https:\/\/vosgesinfo.fr\/saintdieinfo\/wp-json\/wp\/v2\/tags?post=60133"}],"curies":[{"name":"wp","href":"https:\/\/api.w.org\/{rel}","templated":true}]}}