{"id":60195,"date":"2022-12-02T13:42:13","date_gmt":"2022-12-02T12:42:13","guid":{"rendered":"https:\/\/vosgesinfo.fr\/saintdieinfo\/2022\/12\/marche-de-noel-de-saint-die-vosges-inaugure\/"},"modified":"2022-12-02T13:42:13","modified_gmt":"2022-12-02T12:42:13","slug":"marche-de-noel-de-saint-die-vosges-inaugure","status":"publish","type":"post","link":"https:\/\/vosgesinfo.fr\/saintdieinfo\/2022\/12\/marche-de-noel-de-saint-die-vosges-inaugure\/","title":{"rendered":"Le march\u00e9 de No\u00ebl de Saint-Di\u00e9-des-Vosges est inaugur\u00e9 !"},"content":{"rendered":"<p><a href=\"\/2022\/12\/Inauguration_March\u00e9_Artisanal_de_No\u00ebl-1.jpg\" target=\"_blank\" rel=\"noopener\"><img decoding=\"async\" class=\"aligncenter wp-image-193593 size-large\" src=\"\/2022\/12\/Inauguration_March\u00e9_Artisanal_de_No\u00ebl-1-1024x771.jpg\" alt=\"Inauguration_March\u00e9_Artisanal_de_No\u00ebl (1)\" width=\"960\" height=\"723\" \/><\/a><\/p>\n<h2><strong><span style=\"font-size: 14pt;\">Les f\u00eates de fin d&rsquo;ann\u00e9e se sont d\u00e9finitivement install\u00e9es \u00e0 Saint-Di\u00e9-des-Vosges. Pour preuve, le march\u00e9 artisanal de No\u00ebl a \u00e9t\u00e9 inaugur\u00e9 ce vendredi en d\u00e9but d&rsquo;apr\u00e8s-midi, par le maire Bruno Toussaint, l&rsquo;adjointe Dominique Chobaut et Ang\u00e9lique Michel, du service Commerce de la Ville.<\/span><\/strong><\/h2>\n<p><!--more--><\/p>\n<p>Install\u00e9s au parc Jean-Mansuy au pied de la Tour de la Libert\u00e9, comme ces derni\u00e8res ann\u00e9es, les 25 petits chalets qui accueillent les exposants sont ouverts jusqu&rsquo;\u00e0 19h30 ce soir, puis de 14h \u00e0 19h30 ces samedi et dimanche. Le march\u00e9 de No\u00ebl accueillera ensuite les visiteurs du vendredi 9 au 11 d\u00e9cembre, et enfin du vendredi 16 au vendredi 23 d\u00e9cembre. L\u00e0 aussi de 14h \u00e0 19h30.<\/p>\n<p>Vins et jus de pommes chauds, cr\u00eapes, gaufres et autres sabl\u00e9s, bi\u00e8res artisanales, champagne, vins d\u2019Alsace, confitures, miel, pain d\u2019\u00e9pices, confiseries, chocolats, tartes flamb\u00e9es, tisanes, objets d\u00e9coratifs en c\u00e9ramique, en bois, fer, macram\u00e9 ou en vitrail, d\u00e9corations de No\u00ebl, luminaires, tableaux en galets, bougies parfum\u00e9es, tabliers, sapins de No\u00ebl en tissu, couteaux artisanaux, bijoux, cartes postales, savons\u2026 les produits propos\u00e9s sur le march\u00e9 de No\u00ebl d\u00e9odatien sont divers et vari\u00e9s, mais ont comme point commun d&rsquo;\u00eatre tous issus de l&rsquo;artisanat. Et dans un souci de renouvellement, environ un tiers des exposants sont de nouvelles t\u00eates.<\/p>\n<p>Le P\u00e8re No\u00ebl en personne est de la partie, puisqu&rsquo;il d\u00e9ambulera dans les all\u00e9es, se pr\u00eatant volontiers au jeu des photos. Notamment dans sa maison, situ\u00e9e \u00e0 l&rsquo;entr\u00e9e du march\u00e9 de No\u00ebl et construite par des agents des services techniques municipaux. Le tout sans oublier les diff\u00e9rentes animations qui rythmeront les prochains week-ends, avec au programme des balades en cal\u00e8che, des spectacles, des ateliers, des concerts&#8230; le programme complet est disponible sur <a href=\"https:\/\/www.saint-die.eu\/\" target=\"_blank\" rel=\"noopener\">www.saint-die.eu<\/a>.<\/p>\n<p>J.J.<\/p>\n\n","protected":false},"excerpt":{"rendered":"<p>Les f\u00eates de fin d&rsquo;ann\u00e9e se sont d\u00e9finitivement install\u00e9es \u00e0 Saint-Di\u00e9-des-Vosges. Pour preuve, le march\u00e9 artisanal de No\u00ebl a \u00e9t\u00e9 [&hellip;]<\/p>\n","protected":false},"author":44,"featured_media":60196,"comment_status":"open","ping_status":"open","sticky":false,"template":"","format":"standard","meta":{"footnotes":""},"categories":[460,20,2915],"tags":[5188,13317,3095,3240],"class_list":["post-60195","post","type-post","status-publish","format-standard","has-post-thumbnail","hentry","category-a-la-une","category-loisirs","category-saint-die-son-canton","tag-inauguration-du-marche-de-noel-de-saint-die-des-vosges","tag-marche-artisanal-de-noel-de-saint-die-des-vosges","tag-parc-jean-mansuy","tag-ville-de-saint-die-des-vosges"],"acf":[],"yoast_head":"<!-- This site is optimized with the Yoast SEO plugin v22.5 - https:\/\/yoast.com\/wordpress\/plugins\/seo\/ -->\n<title>Le march\u00e9 de No\u00ebl de Saint-Di\u00e9-des-Vosges est inaugur\u00e9 ! - Saint Die Info<\/title>\n<meta name=\"robots\" content=\"index, follow, max-snippet:-1, max-image-preview:large, max-video-preview:-1\" \/>\n<link rel=\"canonical\" href=\"https:\/\/vosgesinfo.fr\/saintdieinfo\/2022\/12\/marche-de-noel-de-saint-die-vosges-inaugure\/\" \/>\n<meta name=\"twitter:card\" content=\"summary_large_image\" \/>\n<meta name=\"twitter:title\" content=\"Le march\u00e9 de No\u00ebl de Saint-Di\u00e9-des-Vosges est inaugur\u00e9 ! - Saint Die Info\" \/>\n<meta name=\"twitter:description\" content=\"Les f\u00eates de fin d&rsquo;ann\u00e9e se sont d\u00e9finitivement install\u00e9es \u00e0 Saint-Di\u00e9-des-Vosges. Pour preuve, le march\u00e9 artisanal de No\u00ebl a \u00e9t\u00e9 [&hellip;]\" \/>\n<meta name=\"twitter:image\" content=\"https:\/\/vosgesinfo.fr\/app\/uploads\/sites\/4\/2024\/08\/202212inauguration-marche-artisanal-de-noel-1.jpg\" \/>\n<meta name=\"twitter:creator\" content=\"@VosgesInfo88\" \/>\n<meta name=\"twitter:site\" content=\"@VosgesInfo88\" \/>\n<meta name=\"twitter:label1\" content=\"\u00c9crit par\" \/>\n\t<meta name=\"twitter:data1\" content=\"la r\u00e9daction\" \/>\n\t<meta name=\"twitter:label2\" content=\"Dur\u00e9e de lecture estim\u00e9e\" \/>\n\t<meta name=\"twitter:data2\" content=\"2 minutes\" \/>\n<script type=\"application\/ld+json\" class=\"yoast-schema-graph\">{\"@context\":\"https:\/\/schema.org\",\"@graph\":[{\"@type\":\"Article\",\"@id\":\"https:\/\/vosgesinfo.fr\/saintdieinfo\/2022\/12\/marche-de-noel-de-saint-die-vosges-inaugure\/#article\",\"isPartOf\":{\"@id\":\"https:\/\/vosgesinfo.fr\/saintdieinfo\/2022\/12\/marche-de-noel-de-saint-die-vosges-inaugure\/\"},\"author\":{\"name\":\"la r\u00e9daction\",\"@id\":\"https:\/\/vosgesinfo.fr\/saintdieinfo\/#\/schema\/person\/faee6704a21f3977511db84bd1cd450f\"},\"headline\":\"Le march\u00e9 de No\u00ebl de Saint-Di\u00e9-des-Vosges est inaugur\u00e9 !\",\"datePublished\":\"2022-12-02T12:42:13+00:00\",\"dateModified\":\"2022-12-02T12:42:13+00:00\",\"mainEntityOfPage\":{\"@id\":\"https:\/\/vosgesinfo.fr\/saintdieinfo\/2022\/12\/marche-de-noel-de-saint-die-vosges-inaugure\/\"},\"wordCount\":339,\"commentCount\":0,\"publisher\":{\"@id\":\"https:\/\/vosgesinfo.fr\/saintdieinfo\/#organization\"},\"image\":{\"@id\":\"https:\/\/vosgesinfo.fr\/saintdieinfo\/2022\/12\/marche-de-noel-de-saint-die-vosges-inaugure\/#primaryimage\"},\"thumbnailUrl\":\"https:\/\/vosgesinfo.fr\/app\/uploads\/sites\/4\/2024\/08\/202212inauguration-marche-artisanal-de-noel-1.jpg\",\"keywords\":[\"Inauguration du march\u00e9 de No\u00ebl de Saint-Di\u00e9-des-Vosges\",\"March\u00e9 artisanal de No\u00ebl de Saint-Di\u00e9-des-Vosges\",\"Parc Jean-Mansuy\",\"Ville de Saint-Di\u00e9-des-Vosges\"],\"articleSection\":[\"A la Une\",\"Loisirs\",\"Saint-Di\u00e9-des-Vosges et son Agglom\u00e9ration\"],\"inLanguage\":\"fr-FR\",\"potentialAction\":[{\"@type\":\"CommentAction\",\"name\":\"Comment\",\"target\":[\"https:\/\/vosgesinfo.fr\/saintdieinfo\/2022\/12\/marche-de-noel-de-saint-die-vosges-inaugure\/#respond\"]}]},{\"@type\":\"WebPage\",\"@id\":\"https:\/\/vosgesinfo.fr\/saintdieinfo\/2022\/12\/marche-de-noel-de-saint-die-vosges-inaugure\/\",\"url\":\"https:\/\/vosgesinfo.fr\/saintdieinfo\/2022\/12\/marche-de-noel-de-saint-die-vosges-inaugure\/\",\"name\":\"Le march\u00e9 de No\u00ebl de Saint-Di\u00e9-des-Vosges est inaugur\u00e9 ! - Saint Die Info\",\"isPartOf\":{\"@id\":\"https:\/\/vosgesinfo.fr\/saintdieinfo\/#website\"},\"primaryImageOfPage\":{\"@id\":\"https:\/\/vosgesinfo.fr\/saintdieinfo\/2022\/12\/marche-de-noel-de-saint-die-vosges-inaugure\/#primaryimage\"},\"image\":{\"@id\":\"https:\/\/vosgesinfo.fr\/saintdieinfo\/2022\/12\/marche-de-noel-de-saint-die-vosges-inaugure\/#primaryimage\"},\"thumbnailUrl\":\"https:\/\/vosgesinfo.fr\/app\/uploads\/sites\/4\/2024\/08\/202212inauguration-marche-artisanal-de-noel-1.jpg\",\"datePublished\":\"2022-12-02T12:42:13+00:00\",\"dateModified\":\"2022-12-02T12:42:13+00:00\",\"breadcrumb\":{\"@id\":\"https:\/\/vosgesinfo.fr\/saintdieinfo\/2022\/12\/marche-de-noel-de-saint-die-vosges-inaugure\/#breadcrumb\"},\"inLanguage\":\"fr-FR\",\"potentialAction\":[{\"@type\":\"ReadAction\",\"target\":[\"https:\/\/vosgesinfo.fr\/saintdieinfo\/2022\/12\/marche-de-noel-de-saint-die-vosges-inaugure\/\"]}]},{\"@type\":\"ImageObject\",\"inLanguage\":\"fr-FR\",\"@id\":\"https:\/\/vosgesinfo.fr\/saintdieinfo\/2022\/12\/marche-de-noel-de-saint-die-vosges-inaugure\/#primaryimage\",\"url\":\"https:\/\/vosgesinfo.fr\/app\/uploads\/sites\/4\/2024\/08\/202212inauguration-marche-artisanal-de-noel-1.jpg\",\"contentUrl\":\"https:\/\/vosgesinfo.fr\/app\/uploads\/sites\/4\/2024\/08\/202212inauguration-marche-artisanal-de-noel-1.jpg\",\"width\":1600,\"height\":1205},{\"@type\":\"BreadcrumbList\",\"@id\":\"https:\/\/vosgesinfo.fr\/saintdieinfo\/2022\/12\/marche-de-noel-de-saint-die-vosges-inaugure\/#breadcrumb\",\"itemListElement\":[{\"@type\":\"ListItem\",\"position\":1,\"name\":\"Home\",\"item\":\"https:\/\/vosgesinfo.fr\/saintdieinfo\/\"},{\"@type\":\"ListItem\",\"position\":2,\"name\":\"Le march\u00e9 de No\u00ebl de Saint-Di\u00e9-des-Vosges est inaugur\u00e9 !\"}]},{\"@type\":\"WebSite\",\"@id\":\"https:\/\/vosgesinfo.fr\/saintdieinfo\/#website\",\"url\":\"https:\/\/vosgesinfo.fr\/saintdieinfo\/\",\"name\":\"Saint Die Info\",\"description\":\"Toute l&#039;actualit\u00e9 de Saint-Di\u00e9-Des-Vosges\",\"publisher\":{\"@id\":\"https:\/\/vosgesinfo.fr\/saintdieinfo\/#organization\"},\"alternateName\":\"Toute l'actualit\u00e9 de Saint-Di\u00e9-Des-Vosges\",\"potentialAction\":[{\"@type\":\"SearchAction\",\"target\":{\"@type\":\"EntryPoint\",\"urlTemplate\":\"https:\/\/vosgesinfo.fr\/saintdieinfo\/?s={search_term_string}\"},\"query-input\":\"required name=search_term_string\"}],\"inLanguage\":\"fr-FR\"},{\"@type\":\"Organization\",\"@id\":\"https:\/\/vosgesinfo.fr\/saintdieinfo\/#organization\",\"name\":\"Saint Die Info\",\"url\":\"https:\/\/vosgesinfo.fr\/saintdieinfo\/\",\"logo\":{\"@type\":\"ImageObject\",\"inLanguage\":\"fr-FR\",\"@id\":\"https:\/\/vosgesinfo.fr\/saintdieinfo\/#\/schema\/logo\/image\/\",\"url\":\"https:\/\/vosgesinfo.fr\/app\/uploads\/sites\/4\/2024\/02\/logo-sdi.jpg\",\"contentUrl\":\"https:\/\/vosgesinfo.fr\/app\/uploads\/sites\/4\/2024\/02\/logo-sdi.jpg\",\"width\":600,\"height\":600,\"caption\":\"Saint Die Info\"},\"image\":{\"@id\":\"https:\/\/vosgesinfo.fr\/saintdieinfo\/#\/schema\/logo\/image\/\"},\"sameAs\":[\"https:\/\/www.facebook.com\/Saintdieinfofr\",\"https:\/\/x.com\/VosgesInfo88\",\"https:\/\/www.youtube.com\/@vosgesinfo\"]},{\"@type\":\"Person\",\"@id\":\"https:\/\/vosgesinfo.fr\/saintdieinfo\/#\/schema\/person\/faee6704a21f3977511db84bd1cd450f\",\"name\":\"la r\u00e9daction\",\"image\":{\"@type\":\"ImageObject\",\"inLanguage\":\"fr-FR\",\"@id\":\"https:\/\/vosgesinfo.fr\/saintdieinfo\/#\/schema\/person\/image\/\",\"url\":\"https:\/\/secure.gravatar.com\/avatar\/6673d8bc6a9c17fa9a453eaa3448de834fa308c2ec9635b7aa99441a7c8d2cf6?s=96&d=mm&r=g\",\"contentUrl\":\"https:\/\/secure.gravatar.com\/avatar\/6673d8bc6a9c17fa9a453eaa3448de834fa308c2ec9635b7aa99441a7c8d2cf6?s=96&d=mm&r=g\",\"caption\":\"la r\u00e9daction\"},\"url\":\"https:\/\/vosgesinfo.fr\/saintdieinfo\/author\/redac\/\"}]}<\/script>\n<!-- \/ Yoast SEO plugin. -->","yoast_head_json":{"title":"Le march\u00e9 de No\u00ebl de Saint-Di\u00e9-des-Vosges est inaugur\u00e9 ! - Saint Die Info","robots":{"index":"index","follow":"follow","max-snippet":"max-snippet:-1","max-image-preview":"max-image-preview:large","max-video-preview":"max-video-preview:-1"},"canonical":"https:\/\/vosgesinfo.fr\/saintdieinfo\/2022\/12\/marche-de-noel-de-saint-die-vosges-inaugure\/","twitter_card":"summary_large_image","twitter_title":"Le march\u00e9 de No\u00ebl de Saint-Di\u00e9-des-Vosges est inaugur\u00e9 ! - Saint Die Info","twitter_description":"Les f\u00eates de fin d&rsquo;ann\u00e9e se sont d\u00e9finitivement install\u00e9es \u00e0 Saint-Di\u00e9-des-Vosges. Pour preuve, le march\u00e9 artisanal de No\u00ebl a \u00e9t\u00e9 [&hellip;]","twitter_image":"https:\/\/vosgesinfo.fr\/app\/uploads\/sites\/4\/2024\/08\/202212inauguration-marche-artisanal-de-noel-1.jpg","twitter_creator":"@VosgesInfo88","twitter_site":"@VosgesInfo88","twitter_misc":{"\u00c9crit par":"la r\u00e9daction","Dur\u00e9e de lecture estim\u00e9e":"2 minutes"},"schema":{"@context":"https:\/\/schema.org","@graph":[{"@type":"Article","@id":"https:\/\/vosgesinfo.fr\/saintdieinfo\/2022\/12\/marche-de-noel-de-saint-die-vosges-inaugure\/#article","isPartOf":{"@id":"https:\/\/vosgesinfo.fr\/saintdieinfo\/2022\/12\/marche-de-noel-de-saint-die-vosges-inaugure\/"},"author":{"name":"la r\u00e9daction","@id":"https:\/\/vosgesinfo.fr\/saintdieinfo\/#\/schema\/person\/faee6704a21f3977511db84bd1cd450f"},"headline":"Le march\u00e9 de No\u00ebl de Saint-Di\u00e9-des-Vosges est inaugur\u00e9 !","datePublished":"2022-12-02T12:42:13+00:00","dateModified":"2022-12-02T12:42:13+00:00","mainEntityOfPage":{"@id":"https:\/\/vosgesinfo.fr\/saintdieinfo\/2022\/12\/marche-de-noel-de-saint-die-vosges-inaugure\/"},"wordCount":339,"commentCount":0,"publisher":{"@id":"https:\/\/vosgesinfo.fr\/saintdieinfo\/#organization"},"image":{"@id":"https:\/\/vosgesinfo.fr\/saintdieinfo\/2022\/12\/marche-de-noel-de-saint-die-vosges-inaugure\/#primaryimage"},"thumbnailUrl":"https:\/\/vosgesinfo.fr\/app\/uploads\/sites\/4\/2024\/08\/202212inauguration-marche-artisanal-de-noel-1.jpg","keywords":["Inauguration du march\u00e9 de No\u00ebl de Saint-Di\u00e9-des-Vosges","March\u00e9 artisanal de No\u00ebl de Saint-Di\u00e9-des-Vosges","Parc Jean-Mansuy","Ville de Saint-Di\u00e9-des-Vosges"],"articleSection":["A la Une","Loisirs","Saint-Di\u00e9-des-Vosges et son Agglom\u00e9ration"],"inLanguage":"fr-FR","potentialAction":[{"@type":"CommentAction","name":"Comment","target":["https:\/\/vosgesinfo.fr\/saintdieinfo\/2022\/12\/marche-de-noel-de-saint-die-vosges-inaugure\/#respond"]}]},{"@type":"WebPage","@id":"https:\/\/vosgesinfo.fr\/saintdieinfo\/2022\/12\/marche-de-noel-de-saint-die-vosges-inaugure\/","url":"https:\/\/vosgesinfo.fr\/saintdieinfo\/2022\/12\/marche-de-noel-de-saint-die-vosges-inaugure\/","name":"Le march\u00e9 de No\u00ebl de Saint-Di\u00e9-des-Vosges est inaugur\u00e9 ! - Saint Die Info","isPartOf":{"@id":"https:\/\/vosgesinfo.fr\/saintdieinfo\/#website"},"primaryImageOfPage":{"@id":"https:\/\/vosgesinfo.fr\/saintdieinfo\/2022\/12\/marche-de-noel-de-saint-die-vosges-inaugure\/#primaryimage"},"image":{"@id":"https:\/\/vosgesinfo.fr\/saintdieinfo\/2022\/12\/marche-de-noel-de-saint-die-vosges-inaugure\/#primaryimage"},"thumbnailUrl":"https:\/\/vosgesinfo.fr\/app\/uploads\/sites\/4\/2024\/08\/202212inauguration-marche-artisanal-de-noel-1.jpg","datePublished":"2022-12-02T12:42:13+00:00","dateModified":"2022-12-02T12:42:13+00:00","breadcrumb":{"@id":"https:\/\/vosgesinfo.fr\/saintdieinfo\/2022\/12\/marche-de-noel-de-saint-die-vosges-inaugure\/#breadcrumb"},"inLanguage":"fr-FR","potentialAction":[{"@type":"ReadAction","target":["https:\/\/vosgesinfo.fr\/saintdieinfo\/2022\/12\/marche-de-noel-de-saint-die-vosges-inaugure\/"]}]},{"@type":"ImageObject","inLanguage":"fr-FR","@id":"https:\/\/vosgesinfo.fr\/saintdieinfo\/2022\/12\/marche-de-noel-de-saint-die-vosges-inaugure\/#primaryimage","url":"https:\/\/vosgesinfo.fr\/app\/uploads\/sites\/4\/2024\/08\/202212inauguration-marche-artisanal-de-noel-1.jpg","contentUrl":"https:\/\/vosgesinfo.fr\/app\/uploads\/sites\/4\/2024\/08\/202212inauguration-marche-artisanal-de-noel-1.jpg","width":1600,"height":1205},{"@type":"BreadcrumbList","@id":"https:\/\/vosgesinfo.fr\/saintdieinfo\/2022\/12\/marche-de-noel-de-saint-die-vosges-inaugure\/#breadcrumb","itemListElement":[{"@type":"ListItem","position":1,"name":"Home","item":"https:\/\/vosgesinfo.fr\/saintdieinfo\/"},{"@type":"ListItem","position":2,"name":"Le march\u00e9 de No\u00ebl de Saint-Di\u00e9-des-Vosges est inaugur\u00e9 !"}]},{"@type":"WebSite","@id":"https:\/\/vosgesinfo.fr\/saintdieinfo\/#website","url":"https:\/\/vosgesinfo.fr\/saintdieinfo\/","name":"Saint Die Info","description":"Toute l&#039;actualit\u00e9 de Saint-Di\u00e9-Des-Vosges","publisher":{"@id":"https:\/\/vosgesinfo.fr\/saintdieinfo\/#organization"},"alternateName":"Toute l'actualit\u00e9 de Saint-Di\u00e9-Des-Vosges","potentialAction":[{"@type":"SearchAction","target":{"@type":"EntryPoint","urlTemplate":"https:\/\/vosgesinfo.fr\/saintdieinfo\/?s={search_term_string}"},"query-input":"required name=search_term_string"}],"inLanguage":"fr-FR"},{"@type":"Organization","@id":"https:\/\/vosgesinfo.fr\/saintdieinfo\/#organization","name":"Saint Die Info","url":"https:\/\/vosgesinfo.fr\/saintdieinfo\/","logo":{"@type":"ImageObject","inLanguage":"fr-FR","@id":"https:\/\/vosgesinfo.fr\/saintdieinfo\/#\/schema\/logo\/image\/","url":"https:\/\/vosgesinfo.fr\/app\/uploads\/sites\/4\/2024\/02\/logo-sdi.jpg","contentUrl":"https:\/\/vosgesinfo.fr\/app\/uploads\/sites\/4\/2024\/02\/logo-sdi.jpg","width":600,"height":600,"caption":"Saint Die Info"},"image":{"@id":"https:\/\/vosgesinfo.fr\/saintdieinfo\/#\/schema\/logo\/image\/"},"sameAs":["https:\/\/www.facebook.com\/Saintdieinfofr","https:\/\/x.com\/VosgesInfo88","https:\/\/www.youtube.com\/@vosgesinfo"]},{"@type":"Person","@id":"https:\/\/vosgesinfo.fr\/saintdieinfo\/#\/schema\/person\/faee6704a21f3977511db84bd1cd450f","name":"la r\u00e9daction","image":{"@type":"ImageObject","inLanguage":"fr-FR","@id":"https:\/\/vosgesinfo.fr\/saintdieinfo\/#\/schema\/person\/image\/","url":"https:\/\/secure.gravatar.com\/avatar\/6673d8bc6a9c17fa9a453eaa3448de834fa308c2ec9635b7aa99441a7c8d2cf6?s=96&d=mm&r=g","contentUrl":"https:\/\/secure.gravatar.com\/avatar\/6673d8bc6a9c17fa9a453eaa3448de834fa308c2ec9635b7aa99441a7c8d2cf6?s=96&d=mm&r=g","caption":"la r\u00e9daction"},"url":"https:\/\/vosgesinfo.fr\/saintdieinfo\/author\/redac\/"}]}},"_links":{"self":[{"href":"https:\/\/vosgesinfo.fr\/saintdieinfo\/wp-json\/wp\/v2\/posts\/60195","targetHints":{"allow":["GET"]}}],"collection":[{"href":"https:\/\/vosgesinfo.fr\/saintdieinfo\/wp-json\/wp\/v2\/posts"}],"about":[{"href":"https:\/\/vosgesinfo.fr\/saintdieinfo\/wp-json\/wp\/v2\/types\/post"}],"author":[{"embeddable":true,"href":"https:\/\/vosgesinfo.fr\/saintdieinfo\/wp-json\/wp\/v2\/users\/44"}],"replies":[{"embeddable":true,"href":"https:\/\/vosgesinfo.fr\/saintdieinfo\/wp-json\/wp\/v2\/comments?post=60195"}],"version-history":[{"count":0,"href":"https:\/\/vosgesinfo.fr\/saintdieinfo\/wp-json\/wp\/v2\/posts\/60195\/revisions"}],"wp:featuredmedia":[{"embeddable":true,"href":"https:\/\/vosgesinfo.fr\/saintdieinfo\/wp-json\/wp\/v2\/media\/60196"}],"wp:attachment":[{"href":"https:\/\/vosgesinfo.fr\/saintdieinfo\/wp-json\/wp\/v2\/media?parent=60195"}],"wp:term":[{"taxonomy":"category","embeddable":true,"href":"https:\/\/vosgesinfo.fr\/saintdieinfo\/wp-json\/wp\/v2\/categories?post=60195"},{"taxonomy":"post_tag","embeddable":true,"href":"https:\/\/vosgesinfo.fr\/saintdieinfo\/wp-json\/wp\/v2\/tags?post=60195"}],"curies":[{"name":"wp","href":"https:\/\/api.w.org\/{rel}","templated":true}]}}