{"id":60247,"date":"2022-12-02T20:57:26","date_gmt":"2022-12-02T19:57:26","guid":{"rendered":"https:\/\/vosgesinfo.fr\/saintdieinfo\/2022\/12\/conseil-municipal-principales-subventions-aux-associations-deodatiennes\/"},"modified":"2022-12-02T20:57:26","modified_gmt":"2022-12-02T19:57:26","slug":"conseil-municipal-principales-subventions-aux-associations-deodatiennes","status":"publish","type":"post","link":"https:\/\/vosgesinfo.fr\/saintdieinfo\/2022\/12\/conseil-municipal-principales-subventions-aux-associations-deodatiennes\/","title":{"rendered":"Conseil Municipal : les principales subventions aux associations d\u00e9odatiennes"},"content":{"rendered":"<div id=\"attachment_189605\" style=\"width: 970px\" class=\"wp-caption aligncenter\"><a href=\"\/2022\/09\/Pr\u00e9sentation_Saison_2022-2023_Les_Louves-6.jpg\" target=\"_blank\" rel=\"noopener\"><img decoding=\"async\" aria-describedby=\"caption-attachment-189605\" class=\"wp-image-189605 size-large\" src=\"\/2022\/09\/Pr\u00e9sentation_Saison_2022-2023_Les_Louves-6-1024x771.jpg\" alt=\"Pr\u00e9sentation_Saison_2022-2023_Les_Louves (6)\" width=\"960\" height=\"723\" \/><\/a><p id=\"caption-attachment-189605\" class=\"wp-caption-text\">La principale subvention municipale, d&rsquo;un montant de 100 000\u20ac, a \u00e9t\u00e9 attribu\u00e9e au Saint-Di\u00e9-des-Vosges Volley-Ball, dont l&rsquo;\u00e9quipe des Louves ambitionne d&rsquo;acc\u00e9der au championnat professionnel. (Archive)<\/p><\/div>\n<h2><strong><span style=\"font-size: 14pt;\">Parmi les points \u00e0 l&rsquo;ordre du jour de la s\u00e9ance du Conseil Municipal de ce vendredi soir, 7 portaient sur les attributions de subventions aux associations de la ville pour l&rsquo;ann\u00e9e 2023.<\/span><\/strong><\/h2>\n<p><!--more--><\/p>\n<p>Le Saint-Di\u00e9-des-Vosges Volley-Ball, dont l&rsquo;\u00e9quipe premi\u00e8re f\u00e9minine a pour objectif d&rsquo;acc\u00e9der au championnat professionnel, se verra ainsi attribuer une subvention de 100 000\u20ac l&rsquo;an prochain, l&rsquo;association Horizons 2000, qui g\u00e8re le Centre Social Germaine-Tillion, une subvention de 62 500\u20ac, le SRDK Football 50 000\u20ac, l&rsquo;Ecole des Nez Rouges 26 000\u20ac, la SPA D\u00e9odatienne 25 000\u20ac, et le Centre Social Lucie-Aubrac de Kellermann 20 000\u20ac, dont la subvention a \u00e9t\u00e9 diminu\u00e9e de 40 000\u20ac en accord avec sa directrice St\u00e9phanie Demange. La subvention de l&rsquo;association du personnel municipal baisse \u00e9galement d&rsquo;un commun accord entre la Municipalit\u00e9 et son pr\u00e9sident, passant de 35 000\u20ac \u00e0 10 000\u20ac. Dans les 2 cas, la situation financi\u00e8re des associations concern\u00e9es est suffisamment bonne pour que ces diminutions, qui s&rsquo;expliquent par le contexte actuel, n&rsquo;aient pas d&rsquo;impact significatif sur leur fonctionnement.<\/p>\n<p>Quant \u00e0 l&rsquo;enveloppe globale allou\u00e9e aux subventions d\u00e9odatiennes, elle se chiffre \u00e0 hauteur \u00e0 500 000\u20ac en 2023. Un montant identique \u00e0 2022. Le maire Bruno Toussaint a toutefois pr\u00e9venu ce soir que \u00ab\u00a0il va falloir que les associations se bougent. Apr\u00e8s le vote de leur subvention allou\u00e9e, elles devront s\u2019investir dans l\u2019animation de la ville. Une subvention n\u2019est pas un d\u00fb, elle se m\u00e9rite. Le r\u00e8glement existe et le pr\u00e9cise. D\u00e9sormais, ces subventions seront attribu\u00e9es sous conditions. \u00bb<\/p>\n<p>J.J.<\/p>\n","protected":false},"excerpt":{"rendered":"<p>Parmi les points \u00e0 l&rsquo;ordre du jour de la s\u00e9ance du Conseil Municipal de ce vendredi soir, 7 portaient sur [&hellip;]<\/p>\n","protected":false},"author":44,"featured_media":60248,"comment_status":"open","ping_status":"open","sticky":false,"template":"","format":"standard","meta":{"footnotes":""},"categories":[460,2915,17],"tags":[13321,7916,3317],"class_list":["post-60247","post","type-post","status-publish","format-standard","has-post-thumbnail","hentry","category-a-la-une","category-saint-die-son-canton","category-vie-associative","tag-attribution-de-subventions","tag-conseil-municipal","tag-conseil-municipal-de-saint-die-des-vosges"],"acf":[],"yoast_head":"<!-- This site is optimized with the Yoast SEO plugin v22.5 - https:\/\/yoast.com\/wordpress\/plugins\/seo\/ -->\n<title>Conseil Municipal : les principales subventions aux associations d\u00e9odatiennes - Saint Die Info<\/title>\n<meta name=\"robots\" content=\"index, follow, max-snippet:-1, max-image-preview:large, max-video-preview:-1\" \/>\n<link rel=\"canonical\" href=\"https:\/\/vosgesinfo.fr\/saintdieinfo\/2022\/12\/conseil-municipal-principales-subventions-aux-associations-deodatiennes\/\" \/>\n<meta name=\"twitter:card\" content=\"summary_large_image\" \/>\n<meta name=\"twitter:title\" content=\"Conseil Municipal : les principales subventions aux associations d\u00e9odatiennes - Saint Die Info\" \/>\n<meta name=\"twitter:description\" content=\"Parmi les points \u00e0 l&rsquo;ordre du jour de la s\u00e9ance du Conseil Municipal de ce vendredi soir, 7 portaient sur [&hellip;]\" \/>\n<meta name=\"twitter:image\" content=\"https:\/\/vosgesinfo.fr\/app\/uploads\/sites\/4\/2024\/08\/202209presentation-saison-2022-2023-les-louves-6-1.jpg\" \/>\n<meta name=\"twitter:creator\" content=\"@VosgesInfo88\" \/>\n<meta name=\"twitter:site\" content=\"@VosgesInfo88\" \/>\n<meta name=\"twitter:label1\" content=\"\u00c9crit par\" \/>\n\t<meta name=\"twitter:data1\" content=\"la r\u00e9daction\" \/>\n\t<meta name=\"twitter:label2\" content=\"Dur\u00e9e de lecture estim\u00e9e\" \/>\n\t<meta name=\"twitter:data2\" content=\"1 minute\" \/>\n<script type=\"application\/ld+json\" class=\"yoast-schema-graph\">{\"@context\":\"https:\/\/schema.org\",\"@graph\":[{\"@type\":\"Article\",\"@id\":\"https:\/\/vosgesinfo.fr\/saintdieinfo\/2022\/12\/conseil-municipal-principales-subventions-aux-associations-deodatiennes\/#article\",\"isPartOf\":{\"@id\":\"https:\/\/vosgesinfo.fr\/saintdieinfo\/2022\/12\/conseil-municipal-principales-subventions-aux-associations-deodatiennes\/\"},\"author\":{\"name\":\"la r\u00e9daction\",\"@id\":\"https:\/\/vosgesinfo.fr\/saintdieinfo\/#\/schema\/person\/faee6704a21f3977511db84bd1cd450f\"},\"headline\":\"Conseil Municipal : les principales subventions aux associations d\u00e9odatiennes\",\"datePublished\":\"2022-12-02T19:57:26+00:00\",\"dateModified\":\"2022-12-02T19:57:26+00:00\",\"mainEntityOfPage\":{\"@id\":\"https:\/\/vosgesinfo.fr\/saintdieinfo\/2022\/12\/conseil-municipal-principales-subventions-aux-associations-deodatiennes\/\"},\"wordCount\":299,\"commentCount\":0,\"publisher\":{\"@id\":\"https:\/\/vosgesinfo.fr\/saintdieinfo\/#organization\"},\"image\":{\"@id\":\"https:\/\/vosgesinfo.fr\/saintdieinfo\/2022\/12\/conseil-municipal-principales-subventions-aux-associations-deodatiennes\/#primaryimage\"},\"thumbnailUrl\":\"https:\/\/vosgesinfo.fr\/app\/uploads\/sites\/4\/2024\/08\/202209presentation-saison-2022-2023-les-louves-6-1.jpg\",\"keywords\":[\"Attribution de subventions\",\"Conseil Municipal\",\"Conseil Municipal de Saint-Di\u00e9-des-Vosges\"],\"articleSection\":[\"A la Une\",\"Saint-Di\u00e9-des-Vosges et son Agglom\u00e9ration\",\"Vie Associative\"],\"inLanguage\":\"fr-FR\",\"potentialAction\":[{\"@type\":\"CommentAction\",\"name\":\"Comment\",\"target\":[\"https:\/\/vosgesinfo.fr\/saintdieinfo\/2022\/12\/conseil-municipal-principales-subventions-aux-associations-deodatiennes\/#respond\"]}]},{\"@type\":\"WebPage\",\"@id\":\"https:\/\/vosgesinfo.fr\/saintdieinfo\/2022\/12\/conseil-municipal-principales-subventions-aux-associations-deodatiennes\/\",\"url\":\"https:\/\/vosgesinfo.fr\/saintdieinfo\/2022\/12\/conseil-municipal-principales-subventions-aux-associations-deodatiennes\/\",\"name\":\"Conseil Municipal : les principales subventions aux associations d\u00e9odatiennes - Saint Die Info\",\"isPartOf\":{\"@id\":\"https:\/\/vosgesinfo.fr\/saintdieinfo\/#website\"},\"primaryImageOfPage\":{\"@id\":\"https:\/\/vosgesinfo.fr\/saintdieinfo\/2022\/12\/conseil-municipal-principales-subventions-aux-associations-deodatiennes\/#primaryimage\"},\"image\":{\"@id\":\"https:\/\/vosgesinfo.fr\/saintdieinfo\/2022\/12\/conseil-municipal-principales-subventions-aux-associations-deodatiennes\/#primaryimage\"},\"thumbnailUrl\":\"https:\/\/vosgesinfo.fr\/app\/uploads\/sites\/4\/2024\/08\/202209presentation-saison-2022-2023-les-louves-6-1.jpg\",\"datePublished\":\"2022-12-02T19:57:26+00:00\",\"dateModified\":\"2022-12-02T19:57:26+00:00\",\"breadcrumb\":{\"@id\":\"https:\/\/vosgesinfo.fr\/saintdieinfo\/2022\/12\/conseil-municipal-principales-subventions-aux-associations-deodatiennes\/#breadcrumb\"},\"inLanguage\":\"fr-FR\",\"potentialAction\":[{\"@type\":\"ReadAction\",\"target\":[\"https:\/\/vosgesinfo.fr\/saintdieinfo\/2022\/12\/conseil-municipal-principales-subventions-aux-associations-deodatiennes\/\"]}]},{\"@type\":\"ImageObject\",\"inLanguage\":\"fr-FR\",\"@id\":\"https:\/\/vosgesinfo.fr\/saintdieinfo\/2022\/12\/conseil-municipal-principales-subventions-aux-associations-deodatiennes\/#primaryimage\",\"url\":\"https:\/\/vosgesinfo.fr\/app\/uploads\/sites\/4\/2024\/08\/202209presentation-saison-2022-2023-les-louves-6-1.jpg\",\"contentUrl\":\"https:\/\/vosgesinfo.fr\/app\/uploads\/sites\/4\/2024\/08\/202209presentation-saison-2022-2023-les-louves-6-1.jpg\",\"width\":1600,\"height\":1205},{\"@type\":\"BreadcrumbList\",\"@id\":\"https:\/\/vosgesinfo.fr\/saintdieinfo\/2022\/12\/conseil-municipal-principales-subventions-aux-associations-deodatiennes\/#breadcrumb\",\"itemListElement\":[{\"@type\":\"ListItem\",\"position\":1,\"name\":\"Home\",\"item\":\"https:\/\/vosgesinfo.fr\/saintdieinfo\/\"},{\"@type\":\"ListItem\",\"position\":2,\"name\":\"Conseil Municipal : les principales subventions aux associations d\u00e9odatiennes\"}]},{\"@type\":\"WebSite\",\"@id\":\"https:\/\/vosgesinfo.fr\/saintdieinfo\/#website\",\"url\":\"https:\/\/vosgesinfo.fr\/saintdieinfo\/\",\"name\":\"Saint Die Info\",\"description\":\"Toute l&#039;actualit\u00e9 de Saint-Di\u00e9-Des-Vosges\",\"publisher\":{\"@id\":\"https:\/\/vosgesinfo.fr\/saintdieinfo\/#organization\"},\"alternateName\":\"Toute l'actualit\u00e9 de Saint-Di\u00e9-Des-Vosges\",\"potentialAction\":[{\"@type\":\"SearchAction\",\"target\":{\"@type\":\"EntryPoint\",\"urlTemplate\":\"https:\/\/vosgesinfo.fr\/saintdieinfo\/?s={search_term_string}\"},\"query-input\":\"required name=search_term_string\"}],\"inLanguage\":\"fr-FR\"},{\"@type\":\"Organization\",\"@id\":\"https:\/\/vosgesinfo.fr\/saintdieinfo\/#organization\",\"name\":\"Saint Die Info\",\"url\":\"https:\/\/vosgesinfo.fr\/saintdieinfo\/\",\"logo\":{\"@type\":\"ImageObject\",\"inLanguage\":\"fr-FR\",\"@id\":\"https:\/\/vosgesinfo.fr\/saintdieinfo\/#\/schema\/logo\/image\/\",\"url\":\"https:\/\/vosgesinfo.fr\/app\/uploads\/sites\/4\/2024\/02\/logo-sdi.jpg\",\"contentUrl\":\"https:\/\/vosgesinfo.fr\/app\/uploads\/sites\/4\/2024\/02\/logo-sdi.jpg\",\"width\":600,\"height\":600,\"caption\":\"Saint Die Info\"},\"image\":{\"@id\":\"https:\/\/vosgesinfo.fr\/saintdieinfo\/#\/schema\/logo\/image\/\"},\"sameAs\":[\"https:\/\/www.facebook.com\/Saintdieinfofr\",\"https:\/\/x.com\/VosgesInfo88\",\"https:\/\/www.youtube.com\/@vosgesinfo\"]},{\"@type\":\"Person\",\"@id\":\"https:\/\/vosgesinfo.fr\/saintdieinfo\/#\/schema\/person\/faee6704a21f3977511db84bd1cd450f\",\"name\":\"la r\u00e9daction\",\"image\":{\"@type\":\"ImageObject\",\"inLanguage\":\"fr-FR\",\"@id\":\"https:\/\/vosgesinfo.fr\/saintdieinfo\/#\/schema\/person\/image\/\",\"url\":\"https:\/\/secure.gravatar.com\/avatar\/6673d8bc6a9c17fa9a453eaa3448de834fa308c2ec9635b7aa99441a7c8d2cf6?s=96&d=mm&r=g\",\"contentUrl\":\"https:\/\/secure.gravatar.com\/avatar\/6673d8bc6a9c17fa9a453eaa3448de834fa308c2ec9635b7aa99441a7c8d2cf6?s=96&d=mm&r=g\",\"caption\":\"la r\u00e9daction\"},\"url\":\"https:\/\/vosgesinfo.fr\/saintdieinfo\/author\/redac\/\"}]}<\/script>\n<!-- \/ Yoast SEO plugin. -->","yoast_head_json":{"title":"Conseil Municipal : les principales subventions aux associations d\u00e9odatiennes - Saint Die Info","robots":{"index":"index","follow":"follow","max-snippet":"max-snippet:-1","max-image-preview":"max-image-preview:large","max-video-preview":"max-video-preview:-1"},"canonical":"https:\/\/vosgesinfo.fr\/saintdieinfo\/2022\/12\/conseil-municipal-principales-subventions-aux-associations-deodatiennes\/","twitter_card":"summary_large_image","twitter_title":"Conseil Municipal : les principales subventions aux associations d\u00e9odatiennes - Saint Die Info","twitter_description":"Parmi les points \u00e0 l&rsquo;ordre du jour de la s\u00e9ance du Conseil Municipal de ce vendredi soir, 7 portaient sur [&hellip;]","twitter_image":"https:\/\/vosgesinfo.fr\/app\/uploads\/sites\/4\/2024\/08\/202209presentation-saison-2022-2023-les-louves-6-1.jpg","twitter_creator":"@VosgesInfo88","twitter_site":"@VosgesInfo88","twitter_misc":{"\u00c9crit par":"la r\u00e9daction","Dur\u00e9e de lecture estim\u00e9e":"1 minute"},"schema":{"@context":"https:\/\/schema.org","@graph":[{"@type":"Article","@id":"https:\/\/vosgesinfo.fr\/saintdieinfo\/2022\/12\/conseil-municipal-principales-subventions-aux-associations-deodatiennes\/#article","isPartOf":{"@id":"https:\/\/vosgesinfo.fr\/saintdieinfo\/2022\/12\/conseil-municipal-principales-subventions-aux-associations-deodatiennes\/"},"author":{"name":"la r\u00e9daction","@id":"https:\/\/vosgesinfo.fr\/saintdieinfo\/#\/schema\/person\/faee6704a21f3977511db84bd1cd450f"},"headline":"Conseil Municipal : les principales subventions aux associations d\u00e9odatiennes","datePublished":"2022-12-02T19:57:26+00:00","dateModified":"2022-12-02T19:57:26+00:00","mainEntityOfPage":{"@id":"https:\/\/vosgesinfo.fr\/saintdieinfo\/2022\/12\/conseil-municipal-principales-subventions-aux-associations-deodatiennes\/"},"wordCount":299,"commentCount":0,"publisher":{"@id":"https:\/\/vosgesinfo.fr\/saintdieinfo\/#organization"},"image":{"@id":"https:\/\/vosgesinfo.fr\/saintdieinfo\/2022\/12\/conseil-municipal-principales-subventions-aux-associations-deodatiennes\/#primaryimage"},"thumbnailUrl":"https:\/\/vosgesinfo.fr\/app\/uploads\/sites\/4\/2024\/08\/202209presentation-saison-2022-2023-les-louves-6-1.jpg","keywords":["Attribution de subventions","Conseil Municipal","Conseil Municipal de Saint-Di\u00e9-des-Vosges"],"articleSection":["A la Une","Saint-Di\u00e9-des-Vosges et son Agglom\u00e9ration","Vie Associative"],"inLanguage":"fr-FR","potentialAction":[{"@type":"CommentAction","name":"Comment","target":["https:\/\/vosgesinfo.fr\/saintdieinfo\/2022\/12\/conseil-municipal-principales-subventions-aux-associations-deodatiennes\/#respond"]}]},{"@type":"WebPage","@id":"https:\/\/vosgesinfo.fr\/saintdieinfo\/2022\/12\/conseil-municipal-principales-subventions-aux-associations-deodatiennes\/","url":"https:\/\/vosgesinfo.fr\/saintdieinfo\/2022\/12\/conseil-municipal-principales-subventions-aux-associations-deodatiennes\/","name":"Conseil Municipal : les principales subventions aux associations d\u00e9odatiennes - Saint Die Info","isPartOf":{"@id":"https:\/\/vosgesinfo.fr\/saintdieinfo\/#website"},"primaryImageOfPage":{"@id":"https:\/\/vosgesinfo.fr\/saintdieinfo\/2022\/12\/conseil-municipal-principales-subventions-aux-associations-deodatiennes\/#primaryimage"},"image":{"@id":"https:\/\/vosgesinfo.fr\/saintdieinfo\/2022\/12\/conseil-municipal-principales-subventions-aux-associations-deodatiennes\/#primaryimage"},"thumbnailUrl":"https:\/\/vosgesinfo.fr\/app\/uploads\/sites\/4\/2024\/08\/202209presentation-saison-2022-2023-les-louves-6-1.jpg","datePublished":"2022-12-02T19:57:26+00:00","dateModified":"2022-12-02T19:57:26+00:00","breadcrumb":{"@id":"https:\/\/vosgesinfo.fr\/saintdieinfo\/2022\/12\/conseil-municipal-principales-subventions-aux-associations-deodatiennes\/#breadcrumb"},"inLanguage":"fr-FR","potentialAction":[{"@type":"ReadAction","target":["https:\/\/vosgesinfo.fr\/saintdieinfo\/2022\/12\/conseil-municipal-principales-subventions-aux-associations-deodatiennes\/"]}]},{"@type":"ImageObject","inLanguage":"fr-FR","@id":"https:\/\/vosgesinfo.fr\/saintdieinfo\/2022\/12\/conseil-municipal-principales-subventions-aux-associations-deodatiennes\/#primaryimage","url":"https:\/\/vosgesinfo.fr\/app\/uploads\/sites\/4\/2024\/08\/202209presentation-saison-2022-2023-les-louves-6-1.jpg","contentUrl":"https:\/\/vosgesinfo.fr\/app\/uploads\/sites\/4\/2024\/08\/202209presentation-saison-2022-2023-les-louves-6-1.jpg","width":1600,"height":1205},{"@type":"BreadcrumbList","@id":"https:\/\/vosgesinfo.fr\/saintdieinfo\/2022\/12\/conseil-municipal-principales-subventions-aux-associations-deodatiennes\/#breadcrumb","itemListElement":[{"@type":"ListItem","position":1,"name":"Home","item":"https:\/\/vosgesinfo.fr\/saintdieinfo\/"},{"@type":"ListItem","position":2,"name":"Conseil Municipal : les principales subventions aux associations d\u00e9odatiennes"}]},{"@type":"WebSite","@id":"https:\/\/vosgesinfo.fr\/saintdieinfo\/#website","url":"https:\/\/vosgesinfo.fr\/saintdieinfo\/","name":"Saint Die Info","description":"Toute l&#039;actualit\u00e9 de Saint-Di\u00e9-Des-Vosges","publisher":{"@id":"https:\/\/vosgesinfo.fr\/saintdieinfo\/#organization"},"alternateName":"Toute l'actualit\u00e9 de Saint-Di\u00e9-Des-Vosges","potentialAction":[{"@type":"SearchAction","target":{"@type":"EntryPoint","urlTemplate":"https:\/\/vosgesinfo.fr\/saintdieinfo\/?s={search_term_string}"},"query-input":"required name=search_term_string"}],"inLanguage":"fr-FR"},{"@type":"Organization","@id":"https:\/\/vosgesinfo.fr\/saintdieinfo\/#organization","name":"Saint Die Info","url":"https:\/\/vosgesinfo.fr\/saintdieinfo\/","logo":{"@type":"ImageObject","inLanguage":"fr-FR","@id":"https:\/\/vosgesinfo.fr\/saintdieinfo\/#\/schema\/logo\/image\/","url":"https:\/\/vosgesinfo.fr\/app\/uploads\/sites\/4\/2024\/02\/logo-sdi.jpg","contentUrl":"https:\/\/vosgesinfo.fr\/app\/uploads\/sites\/4\/2024\/02\/logo-sdi.jpg","width":600,"height":600,"caption":"Saint Die Info"},"image":{"@id":"https:\/\/vosgesinfo.fr\/saintdieinfo\/#\/schema\/logo\/image\/"},"sameAs":["https:\/\/www.facebook.com\/Saintdieinfofr","https:\/\/x.com\/VosgesInfo88","https:\/\/www.youtube.com\/@vosgesinfo"]},{"@type":"Person","@id":"https:\/\/vosgesinfo.fr\/saintdieinfo\/#\/schema\/person\/faee6704a21f3977511db84bd1cd450f","name":"la r\u00e9daction","image":{"@type":"ImageObject","inLanguage":"fr-FR","@id":"https:\/\/vosgesinfo.fr\/saintdieinfo\/#\/schema\/person\/image\/","url":"https:\/\/secure.gravatar.com\/avatar\/6673d8bc6a9c17fa9a453eaa3448de834fa308c2ec9635b7aa99441a7c8d2cf6?s=96&d=mm&r=g","contentUrl":"https:\/\/secure.gravatar.com\/avatar\/6673d8bc6a9c17fa9a453eaa3448de834fa308c2ec9635b7aa99441a7c8d2cf6?s=96&d=mm&r=g","caption":"la r\u00e9daction"},"url":"https:\/\/vosgesinfo.fr\/saintdieinfo\/author\/redac\/"}]}},"_links":{"self":[{"href":"https:\/\/vosgesinfo.fr\/saintdieinfo\/wp-json\/wp\/v2\/posts\/60247","targetHints":{"allow":["GET"]}}],"collection":[{"href":"https:\/\/vosgesinfo.fr\/saintdieinfo\/wp-json\/wp\/v2\/posts"}],"about":[{"href":"https:\/\/vosgesinfo.fr\/saintdieinfo\/wp-json\/wp\/v2\/types\/post"}],"author":[{"embeddable":true,"href":"https:\/\/vosgesinfo.fr\/saintdieinfo\/wp-json\/wp\/v2\/users\/44"}],"replies":[{"embeddable":true,"href":"https:\/\/vosgesinfo.fr\/saintdieinfo\/wp-json\/wp\/v2\/comments?post=60247"}],"version-history":[{"count":0,"href":"https:\/\/vosgesinfo.fr\/saintdieinfo\/wp-json\/wp\/v2\/posts\/60247\/revisions"}],"wp:featuredmedia":[{"embeddable":true,"href":"https:\/\/vosgesinfo.fr\/saintdieinfo\/wp-json\/wp\/v2\/media\/60248"}],"wp:attachment":[{"href":"https:\/\/vosgesinfo.fr\/saintdieinfo\/wp-json\/wp\/v2\/media?parent=60247"}],"wp:term":[{"taxonomy":"category","embeddable":true,"href":"https:\/\/vosgesinfo.fr\/saintdieinfo\/wp-json\/wp\/v2\/categories?post=60247"},{"taxonomy":"post_tag","embeddable":true,"href":"https:\/\/vosgesinfo.fr\/saintdieinfo\/wp-json\/wp\/v2\/tags?post=60247"}],"curies":[{"name":"wp","href":"https:\/\/api.w.org\/{rel}","templated":true}]}}