{"id":60282,"date":"2022-12-03T18:53:15","date_gmt":"2022-12-03T17:53:15","guid":{"rendered":"https:\/\/vosgesinfo.fr\/saintdieinfo\/2022\/12\/defile-de-saint-nicolas-de-saint-die-vosges-images-3\/"},"modified":"2022-12-03T18:53:15","modified_gmt":"2022-12-03T17:53:15","slug":"defile-de-saint-nicolas-de-saint-die-vosges-images-3","status":"publish","type":"post","link":"https:\/\/vosgesinfo.fr\/saintdieinfo\/2022\/12\/defile-de-saint-nicolas-de-saint-die-vosges-images-3\/","title":{"rendered":"Le d\u00e9fil\u00e9 de la Saint-Nicolas de Saint-Di\u00e9-des-Vosges en images"},"content":{"rendered":"<p><a href=\"\/2022\/12\/D\u00e9fil\u00e9_Saint-Nicolas_En_Images_2022-68.jpg\" target=\"_blank\" rel=\"noopener\"><img decoding=\"async\" class=\"aligncenter wp-image-193730 size-large\" src=\"\/2022\/12\/D\u00e9fil\u00e9_Saint-Nicolas_En_Images_2022-68-1024x771.jpg\" alt=\"D\u00e9fil\u00e9_Saint-Nicolas_En_Images_2022 (68)\" width=\"960\" height=\"723\" \/><\/a><\/p>\n<h2><strong><span style=\"font-size: 14pt;\">Moment incontournable de la fin d&rsquo;ann\u00e9e d\u00e9odatienne, Saint-Nicolas et son grand cort\u00e8ge ont d\u00e9fil\u00e9 dans les rues de Saint-Di\u00e9-des-Vosges ce samedi en fin de journ\u00e9e, une fois la nuit tomb\u00e9e.<\/span><\/strong><\/h2>\n<p><!--more--><\/p>\n<p>Le Saint Patron des Lorrains n&rsquo;\u00e9tait pas seul \u00e0 parader dans les rues d\u00e9odatiennes, loin de l\u00e0, puisque ce sont environ 1000 personnes qui ont pris part au d\u00e9fil\u00e9 cette ann\u00e9e. 29 associations ont particip\u00e9 aux festivit\u00e9s, certaines d&rsquo;entre elles pour la premi\u00e8re fois, r\u00e9parties entre les 15 chars, 6 groupes costum\u00e9s et parades ainsi que les 7 fanfares qui composaient le cort\u00e8ge. La nouveaut\u00e9 la plus notable cette ann\u00e9e \u00e9tait le char flambant neuf sur lequel tr\u00f4nait Saint-Nicolas. Car apr\u00e8s de nombreuses ann\u00e9es de bons et loyaux services, la Ville a estim\u00e9 que le pr\u00e9c\u00e9dent char avait fait son temps et a demand\u00e9 \u00e0 l&rsquo;Ecole des Nez Rouges d&rsquo;en r\u00e9aliser un nouveau (<a href=\"https:\/\/saintdieinfo.fr\/2022\/11\/nouveaute-de-taille-defile-de-saint-nicolas-a-saint-die-vosges\/\" target=\"_blank\" rel=\"noopener\">lire notre article<\/a>). L&rsquo;association circassienne ne manque d&rsquo;ailleurs pas d&rsquo;impressionner chaque ann\u00e9e avec ses chars&#8230; et celui de 2022 ne fait pas exception \u00e0 la r\u00e8gle. De ce d\u00e9fil\u00e9 2022, on retiendra \u00e9galement la m\u00e9t\u00e9o bien plus cl\u00e9mente que l&rsquo;an dernier, mais aussi les milliers de spectateurs, petits et grands, mass\u00e9s tout au long du parcours. Un parcours identique \u00e0 ces derni\u00e8res ann\u00e9es, avec un d\u00e9part au niveau du gymnase Ren\u00e9-Perrin, pour une arriv\u00e9e sur la place du G\u00e9n\u00e9ral-de-Gaulle en passant par le pont Jacques-Chirac, la rue d&rsquo;Alsace, la place Saint-Martin et la rue Thiers.<\/p>\n<h3><strong><span style=\"font-size: 12pt;\">Un d\u00e9fil\u00e9 \u00e0 retrouver en images ci-dessous\u00a0:<\/span><\/strong><\/h3>\n\n<p>J.J.<\/p>\n","protected":false},"excerpt":{"rendered":"<p>Moment incontournable de la fin d&rsquo;ann\u00e9e d\u00e9odatienne, Saint-Nicolas et son grand cort\u00e8ge ont d\u00e9fil\u00e9 dans les rues de Saint-Di\u00e9-des-Vosges ce [&hellip;]<\/p>\n","protected":false},"author":44,"featured_media":0,"comment_status":"open","ping_status":"open","sticky":false,"template":"","format":"standard","meta":{"footnotes":""},"categories":[460,20,2915],"tags":[5026,3724,2711],"class_list":["post-60282","post","type-post","status-publish","format-standard","hentry","category-a-la-une","category-loisirs","category-saint-die-son-canton","tag-defile-de-la-saint-nicolas","tag-defile-de-la-saint-nicolas-a-saint-die-des-vosges","tag-saint-nicolas"],"acf":[],"yoast_head":"<!-- This site is optimized with the Yoast SEO plugin v22.5 - https:\/\/yoast.com\/wordpress\/plugins\/seo\/ -->\n<title>Le d\u00e9fil\u00e9 de la Saint-Nicolas de Saint-Di\u00e9-des-Vosges en images - Saint Die Info<\/title>\n<meta name=\"robots\" content=\"index, follow, max-snippet:-1, max-image-preview:large, max-video-preview:-1\" \/>\n<link rel=\"canonical\" href=\"https:\/\/vosgesinfo.fr\/saintdieinfo\/2022\/12\/defile-de-saint-nicolas-de-saint-die-vosges-images-3\/\" \/>\n<meta name=\"twitter:card\" content=\"summary_large_image\" \/>\n<meta name=\"twitter:title\" content=\"Le d\u00e9fil\u00e9 de la Saint-Nicolas de Saint-Di\u00e9-des-Vosges en images - Saint Die Info\" \/>\n<meta name=\"twitter:description\" content=\"Moment incontournable de la fin d&rsquo;ann\u00e9e d\u00e9odatienne, Saint-Nicolas et son grand cort\u00e8ge ont d\u00e9fil\u00e9 dans les rues de Saint-Di\u00e9-des-Vosges ce [&hellip;]\" \/>\n<meta name=\"twitter:creator\" content=\"@VosgesInfo88\" \/>\n<meta name=\"twitter:site\" content=\"@VosgesInfo88\" \/>\n<meta name=\"twitter:label1\" content=\"\u00c9crit par\" \/>\n\t<meta name=\"twitter:data1\" content=\"la r\u00e9daction\" \/>\n\t<meta name=\"twitter:label2\" content=\"Dur\u00e9e de lecture estim\u00e9e\" \/>\n\t<meta name=\"twitter:data2\" content=\"1 minute\" \/>\n<script type=\"application\/ld+json\" class=\"yoast-schema-graph\">{\"@context\":\"https:\/\/schema.org\",\"@graph\":[{\"@type\":\"Article\",\"@id\":\"https:\/\/vosgesinfo.fr\/saintdieinfo\/2022\/12\/defile-de-saint-nicolas-de-saint-die-vosges-images-3\/#article\",\"isPartOf\":{\"@id\":\"https:\/\/vosgesinfo.fr\/saintdieinfo\/2022\/12\/defile-de-saint-nicolas-de-saint-die-vosges-images-3\/\"},\"author\":{\"name\":\"la r\u00e9daction\",\"@id\":\"https:\/\/vosgesinfo.fr\/saintdieinfo\/#\/schema\/person\/faee6704a21f3977511db84bd1cd450f\"},\"headline\":\"Le d\u00e9fil\u00e9 de la Saint-Nicolas de Saint-Di\u00e9-des-Vosges en images\",\"datePublished\":\"2022-12-03T17:53:15+00:00\",\"dateModified\":\"2022-12-03T17:53:15+00:00\",\"mainEntityOfPage\":{\"@id\":\"https:\/\/vosgesinfo.fr\/saintdieinfo\/2022\/12\/defile-de-saint-nicolas-de-saint-die-vosges-images-3\/\"},\"wordCount\":299,\"commentCount\":0,\"publisher\":{\"@id\":\"https:\/\/vosgesinfo.fr\/saintdieinfo\/#organization\"},\"keywords\":[\"D\u00e9fil\u00e9 de la Saint-Nicolas\",\"D\u00e9fil\u00e9 de la Saint-Nicolas \u00e0 Saint-Di\u00e9-des-Vosges\",\"Saint-Nicolas\"],\"articleSection\":[\"A la Une\",\"Loisirs\",\"Saint-Di\u00e9-des-Vosges et son Agglom\u00e9ration\"],\"inLanguage\":\"fr-FR\",\"potentialAction\":[{\"@type\":\"CommentAction\",\"name\":\"Comment\",\"target\":[\"https:\/\/vosgesinfo.fr\/saintdieinfo\/2022\/12\/defile-de-saint-nicolas-de-saint-die-vosges-images-3\/#respond\"]}]},{\"@type\":\"WebPage\",\"@id\":\"https:\/\/vosgesinfo.fr\/saintdieinfo\/2022\/12\/defile-de-saint-nicolas-de-saint-die-vosges-images-3\/\",\"url\":\"https:\/\/vosgesinfo.fr\/saintdieinfo\/2022\/12\/defile-de-saint-nicolas-de-saint-die-vosges-images-3\/\",\"name\":\"Le d\u00e9fil\u00e9 de la Saint-Nicolas de Saint-Di\u00e9-des-Vosges en images - Saint Die Info\",\"isPartOf\":{\"@id\":\"https:\/\/vosgesinfo.fr\/saintdieinfo\/#website\"},\"datePublished\":\"2022-12-03T17:53:15+00:00\",\"dateModified\":\"2022-12-03T17:53:15+00:00\",\"breadcrumb\":{\"@id\":\"https:\/\/vosgesinfo.fr\/saintdieinfo\/2022\/12\/defile-de-saint-nicolas-de-saint-die-vosges-images-3\/#breadcrumb\"},\"inLanguage\":\"fr-FR\",\"potentialAction\":[{\"@type\":\"ReadAction\",\"target\":[\"https:\/\/vosgesinfo.fr\/saintdieinfo\/2022\/12\/defile-de-saint-nicolas-de-saint-die-vosges-images-3\/\"]}]},{\"@type\":\"BreadcrumbList\",\"@id\":\"https:\/\/vosgesinfo.fr\/saintdieinfo\/2022\/12\/defile-de-saint-nicolas-de-saint-die-vosges-images-3\/#breadcrumb\",\"itemListElement\":[{\"@type\":\"ListItem\",\"position\":1,\"name\":\"Home\",\"item\":\"https:\/\/vosgesinfo.fr\/saintdieinfo\/\"},{\"@type\":\"ListItem\",\"position\":2,\"name\":\"Le d\u00e9fil\u00e9 de la Saint-Nicolas de Saint-Di\u00e9-des-Vosges en images\"}]},{\"@type\":\"WebSite\",\"@id\":\"https:\/\/vosgesinfo.fr\/saintdieinfo\/#website\",\"url\":\"https:\/\/vosgesinfo.fr\/saintdieinfo\/\",\"name\":\"Saint Die Info\",\"description\":\"Toute l&#039;actualit\u00e9 de Saint-Di\u00e9-Des-Vosges\",\"publisher\":{\"@id\":\"https:\/\/vosgesinfo.fr\/saintdieinfo\/#organization\"},\"alternateName\":\"Toute l'actualit\u00e9 de Saint-Di\u00e9-Des-Vosges\",\"potentialAction\":[{\"@type\":\"SearchAction\",\"target\":{\"@type\":\"EntryPoint\",\"urlTemplate\":\"https:\/\/vosgesinfo.fr\/saintdieinfo\/?s={search_term_string}\"},\"query-input\":\"required name=search_term_string\"}],\"inLanguage\":\"fr-FR\"},{\"@type\":\"Organization\",\"@id\":\"https:\/\/vosgesinfo.fr\/saintdieinfo\/#organization\",\"name\":\"Saint Die Info\",\"url\":\"https:\/\/vosgesinfo.fr\/saintdieinfo\/\",\"logo\":{\"@type\":\"ImageObject\",\"inLanguage\":\"fr-FR\",\"@id\":\"https:\/\/vosgesinfo.fr\/saintdieinfo\/#\/schema\/logo\/image\/\",\"url\":\"https:\/\/vosgesinfo.fr\/app\/uploads\/sites\/4\/2024\/02\/logo-sdi.jpg\",\"contentUrl\":\"https:\/\/vosgesinfo.fr\/app\/uploads\/sites\/4\/2024\/02\/logo-sdi.jpg\",\"width\":600,\"height\":600,\"caption\":\"Saint Die Info\"},\"image\":{\"@id\":\"https:\/\/vosgesinfo.fr\/saintdieinfo\/#\/schema\/logo\/image\/\"},\"sameAs\":[\"https:\/\/www.facebook.com\/Saintdieinfofr\",\"https:\/\/x.com\/VosgesInfo88\",\"https:\/\/www.youtube.com\/@vosgesinfo\"]},{\"@type\":\"Person\",\"@id\":\"https:\/\/vosgesinfo.fr\/saintdieinfo\/#\/schema\/person\/faee6704a21f3977511db84bd1cd450f\",\"name\":\"la r\u00e9daction\",\"image\":{\"@type\":\"ImageObject\",\"inLanguage\":\"fr-FR\",\"@id\":\"https:\/\/vosgesinfo.fr\/saintdieinfo\/#\/schema\/person\/image\/\",\"url\":\"https:\/\/secure.gravatar.com\/avatar\/6673d8bc6a9c17fa9a453eaa3448de834fa308c2ec9635b7aa99441a7c8d2cf6?s=96&d=mm&r=g\",\"contentUrl\":\"https:\/\/secure.gravatar.com\/avatar\/6673d8bc6a9c17fa9a453eaa3448de834fa308c2ec9635b7aa99441a7c8d2cf6?s=96&d=mm&r=g\",\"caption\":\"la r\u00e9daction\"},\"url\":\"https:\/\/vosgesinfo.fr\/saintdieinfo\/author\/redac\/\"}]}<\/script>\n<!-- \/ Yoast SEO plugin. -->","yoast_head_json":{"title":"Le d\u00e9fil\u00e9 de la Saint-Nicolas de Saint-Di\u00e9-des-Vosges en images - Saint Die Info","robots":{"index":"index","follow":"follow","max-snippet":"max-snippet:-1","max-image-preview":"max-image-preview:large","max-video-preview":"max-video-preview:-1"},"canonical":"https:\/\/vosgesinfo.fr\/saintdieinfo\/2022\/12\/defile-de-saint-nicolas-de-saint-die-vosges-images-3\/","twitter_card":"summary_large_image","twitter_title":"Le d\u00e9fil\u00e9 de la Saint-Nicolas de Saint-Di\u00e9-des-Vosges en images - Saint Die Info","twitter_description":"Moment incontournable de la fin d&rsquo;ann\u00e9e d\u00e9odatienne, Saint-Nicolas et son grand cort\u00e8ge ont d\u00e9fil\u00e9 dans les rues de Saint-Di\u00e9-des-Vosges ce [&hellip;]","twitter_creator":"@VosgesInfo88","twitter_site":"@VosgesInfo88","twitter_misc":{"\u00c9crit par":"la r\u00e9daction","Dur\u00e9e de lecture estim\u00e9e":"1 minute"},"schema":{"@context":"https:\/\/schema.org","@graph":[{"@type":"Article","@id":"https:\/\/vosgesinfo.fr\/saintdieinfo\/2022\/12\/defile-de-saint-nicolas-de-saint-die-vosges-images-3\/#article","isPartOf":{"@id":"https:\/\/vosgesinfo.fr\/saintdieinfo\/2022\/12\/defile-de-saint-nicolas-de-saint-die-vosges-images-3\/"},"author":{"name":"la r\u00e9daction","@id":"https:\/\/vosgesinfo.fr\/saintdieinfo\/#\/schema\/person\/faee6704a21f3977511db84bd1cd450f"},"headline":"Le d\u00e9fil\u00e9 de la Saint-Nicolas de Saint-Di\u00e9-des-Vosges en images","datePublished":"2022-12-03T17:53:15+00:00","dateModified":"2022-12-03T17:53:15+00:00","mainEntityOfPage":{"@id":"https:\/\/vosgesinfo.fr\/saintdieinfo\/2022\/12\/defile-de-saint-nicolas-de-saint-die-vosges-images-3\/"},"wordCount":299,"commentCount":0,"publisher":{"@id":"https:\/\/vosgesinfo.fr\/saintdieinfo\/#organization"},"keywords":["D\u00e9fil\u00e9 de la Saint-Nicolas","D\u00e9fil\u00e9 de la Saint-Nicolas \u00e0 Saint-Di\u00e9-des-Vosges","Saint-Nicolas"],"articleSection":["A la Une","Loisirs","Saint-Di\u00e9-des-Vosges et son Agglom\u00e9ration"],"inLanguage":"fr-FR","potentialAction":[{"@type":"CommentAction","name":"Comment","target":["https:\/\/vosgesinfo.fr\/saintdieinfo\/2022\/12\/defile-de-saint-nicolas-de-saint-die-vosges-images-3\/#respond"]}]},{"@type":"WebPage","@id":"https:\/\/vosgesinfo.fr\/saintdieinfo\/2022\/12\/defile-de-saint-nicolas-de-saint-die-vosges-images-3\/","url":"https:\/\/vosgesinfo.fr\/saintdieinfo\/2022\/12\/defile-de-saint-nicolas-de-saint-die-vosges-images-3\/","name":"Le d\u00e9fil\u00e9 de la Saint-Nicolas de Saint-Di\u00e9-des-Vosges en images - Saint Die Info","isPartOf":{"@id":"https:\/\/vosgesinfo.fr\/saintdieinfo\/#website"},"datePublished":"2022-12-03T17:53:15+00:00","dateModified":"2022-12-03T17:53:15+00:00","breadcrumb":{"@id":"https:\/\/vosgesinfo.fr\/saintdieinfo\/2022\/12\/defile-de-saint-nicolas-de-saint-die-vosges-images-3\/#breadcrumb"},"inLanguage":"fr-FR","potentialAction":[{"@type":"ReadAction","target":["https:\/\/vosgesinfo.fr\/saintdieinfo\/2022\/12\/defile-de-saint-nicolas-de-saint-die-vosges-images-3\/"]}]},{"@type":"BreadcrumbList","@id":"https:\/\/vosgesinfo.fr\/saintdieinfo\/2022\/12\/defile-de-saint-nicolas-de-saint-die-vosges-images-3\/#breadcrumb","itemListElement":[{"@type":"ListItem","position":1,"name":"Home","item":"https:\/\/vosgesinfo.fr\/saintdieinfo\/"},{"@type":"ListItem","position":2,"name":"Le d\u00e9fil\u00e9 de la Saint-Nicolas de Saint-Di\u00e9-des-Vosges en images"}]},{"@type":"WebSite","@id":"https:\/\/vosgesinfo.fr\/saintdieinfo\/#website","url":"https:\/\/vosgesinfo.fr\/saintdieinfo\/","name":"Saint Die Info","description":"Toute l&#039;actualit\u00e9 de Saint-Di\u00e9-Des-Vosges","publisher":{"@id":"https:\/\/vosgesinfo.fr\/saintdieinfo\/#organization"},"alternateName":"Toute l'actualit\u00e9 de Saint-Di\u00e9-Des-Vosges","potentialAction":[{"@type":"SearchAction","target":{"@type":"EntryPoint","urlTemplate":"https:\/\/vosgesinfo.fr\/saintdieinfo\/?s={search_term_string}"},"query-input":"required name=search_term_string"}],"inLanguage":"fr-FR"},{"@type":"Organization","@id":"https:\/\/vosgesinfo.fr\/saintdieinfo\/#organization","name":"Saint Die Info","url":"https:\/\/vosgesinfo.fr\/saintdieinfo\/","logo":{"@type":"ImageObject","inLanguage":"fr-FR","@id":"https:\/\/vosgesinfo.fr\/saintdieinfo\/#\/schema\/logo\/image\/","url":"https:\/\/vosgesinfo.fr\/app\/uploads\/sites\/4\/2024\/02\/logo-sdi.jpg","contentUrl":"https:\/\/vosgesinfo.fr\/app\/uploads\/sites\/4\/2024\/02\/logo-sdi.jpg","width":600,"height":600,"caption":"Saint Die Info"},"image":{"@id":"https:\/\/vosgesinfo.fr\/saintdieinfo\/#\/schema\/logo\/image\/"},"sameAs":["https:\/\/www.facebook.com\/Saintdieinfofr","https:\/\/x.com\/VosgesInfo88","https:\/\/www.youtube.com\/@vosgesinfo"]},{"@type":"Person","@id":"https:\/\/vosgesinfo.fr\/saintdieinfo\/#\/schema\/person\/faee6704a21f3977511db84bd1cd450f","name":"la r\u00e9daction","image":{"@type":"ImageObject","inLanguage":"fr-FR","@id":"https:\/\/vosgesinfo.fr\/saintdieinfo\/#\/schema\/person\/image\/","url":"https:\/\/secure.gravatar.com\/avatar\/6673d8bc6a9c17fa9a453eaa3448de834fa308c2ec9635b7aa99441a7c8d2cf6?s=96&d=mm&r=g","contentUrl":"https:\/\/secure.gravatar.com\/avatar\/6673d8bc6a9c17fa9a453eaa3448de834fa308c2ec9635b7aa99441a7c8d2cf6?s=96&d=mm&r=g","caption":"la r\u00e9daction"},"url":"https:\/\/vosgesinfo.fr\/saintdieinfo\/author\/redac\/"}]}},"_links":{"self":[{"href":"https:\/\/vosgesinfo.fr\/saintdieinfo\/wp-json\/wp\/v2\/posts\/60282","targetHints":{"allow":["GET"]}}],"collection":[{"href":"https:\/\/vosgesinfo.fr\/saintdieinfo\/wp-json\/wp\/v2\/posts"}],"about":[{"href":"https:\/\/vosgesinfo.fr\/saintdieinfo\/wp-json\/wp\/v2\/types\/post"}],"author":[{"embeddable":true,"href":"https:\/\/vosgesinfo.fr\/saintdieinfo\/wp-json\/wp\/v2\/users\/44"}],"replies":[{"embeddable":true,"href":"https:\/\/vosgesinfo.fr\/saintdieinfo\/wp-json\/wp\/v2\/comments?post=60282"}],"version-history":[{"count":0,"href":"https:\/\/vosgesinfo.fr\/saintdieinfo\/wp-json\/wp\/v2\/posts\/60282\/revisions"}],"wp:attachment":[{"href":"https:\/\/vosgesinfo.fr\/saintdieinfo\/wp-json\/wp\/v2\/media?parent=60282"}],"wp:term":[{"taxonomy":"category","embeddable":true,"href":"https:\/\/vosgesinfo.fr\/saintdieinfo\/wp-json\/wp\/v2\/categories?post=60282"},{"taxonomy":"post_tag","embeddable":true,"href":"https:\/\/vosgesinfo.fr\/saintdieinfo\/wp-json\/wp\/v2\/tags?post=60282"}],"curies":[{"name":"wp","href":"https:\/\/api.w.org\/{rel}","templated":true}]}}