{"id":60493,"date":"2022-12-05T07:14:02","date_gmt":"2022-12-05T06:14:02","guid":{"rendered":"https:\/\/vosgesinfo.fr\/saintdieinfo\/2022\/12\/vestiaire-social-boutique-coeur-ouvre-portes\/"},"modified":"2022-12-05T07:14:02","modified_gmt":"2022-12-05T06:14:02","slug":"vestiaire-social-boutique-coeur-ouvre-portes","status":"publish","type":"post","link":"https:\/\/vosgesinfo.fr\/saintdieinfo\/2022\/12\/vestiaire-social-boutique-coeur-ouvre-portes\/","title":{"rendered":"Le vestiaire social \u00ab\u00a0La boutique du coeur\u00a0\u00bb ouvre ses portes"},"content":{"rendered":"<div id=\"attachment_193768\" style=\"width: 970px\" class=\"wp-caption aligncenter\"><a href=\"\/2022\/12\/Vestiaire_Social_Boutique_du_Coeur.jpg\" target=\"_blank\" rel=\"noopener\"><img decoding=\"async\" aria-describedby=\"caption-attachment-193768\" class=\"wp-image-193768 size-large\" src=\"\/2022\/12\/Vestiaire_Social_Boutique_du_Coeur-1024x771.jpg\" alt=\"Vestiaire_Social_Boutique_du_Coeur\" width=\"960\" height=\"723\" \/><\/a><p id=\"caption-attachment-193768\" class=\"wp-caption-text\">(Photographie La boutique du coeur)<\/p><\/div>\n<h2><strong><span style=\"font-size: 14pt;\">Il est enfin remis sur pied. Apr\u00e8s trois ann\u00e9es marqu\u00e9es par la crise sanitaire, le vestiaire social de l\u2019association culturelle ACTES, baptis\u00e9 \u00ab\u00a0La boutique du c\u0153ur\u00a0\u00bb, ouvre ses portes le samedi 17 d\u00e9cembre 2022 de 8 h 30 \u00e0 12 h 30. Le local est situ\u00e9 au 61, rue des Travailleurs \u00e0 l\u2019\u00e9glise \u00e9vang\u00e9lique OSE-ADD de Saint-Di\u00e9-des-Vosges. Enfants et adultes pourront y retrouver un large choix de v\u00eatements de seconde main. Le tout \u00e0 des prix compris entre 50 centimes et 4,5 \u20ac selon les marques, de quoi d\u00e9nicher de bonnes affaires. Les b\u00e9n\u00e9voles vous accueilleront en tout cas avec plaisir.\u00a0<\/span><\/strong><\/h2>\n<p>&nbsp;<\/p>\n","protected":false},"excerpt":{"rendered":"<p>Il est enfin remis sur pied. Apr\u00e8s trois ann\u00e9es marqu\u00e9es par la crise sanitaire, le vestiaire social de l\u2019association culturelle [&hellip;]<\/p>\n","protected":false},"author":44,"featured_media":60494,"comment_status":"open","ping_status":"open","sticky":false,"template":"","format":"standard","meta":{"footnotes":""},"categories":[3900,2915,29],"tags":[13331,13332,13333],"class_list":["post-60493","post","type-post","status-publish","format-standard","has-post-thumbnail","hentry","category-breves","category-saint-die-son-canton","category-solidarite","tag-eglise-evangelique-ose-add","tag-la-boutique-du-coeur","tag-vestiaire-social"],"acf":[],"yoast_head":"<!-- This site is optimized with the Yoast SEO plugin v22.5 - https:\/\/yoast.com\/wordpress\/plugins\/seo\/ -->\n<title>Le vestiaire social &quot;La boutique du coeur&quot; ouvre ses portes - Saint Die Info<\/title>\n<meta name=\"robots\" content=\"index, follow, max-snippet:-1, max-image-preview:large, max-video-preview:-1\" \/>\n<link rel=\"canonical\" href=\"https:\/\/vosgesinfo.fr\/saintdieinfo\/2022\/12\/vestiaire-social-boutique-coeur-ouvre-portes\/\" \/>\n<meta name=\"twitter:card\" content=\"summary_large_image\" \/>\n<meta name=\"twitter:title\" content=\"Le vestiaire social &quot;La boutique du coeur&quot; ouvre ses portes - Saint Die Info\" \/>\n<meta name=\"twitter:description\" content=\"Il est enfin remis sur pied. Apr\u00e8s trois ann\u00e9es marqu\u00e9es par la crise sanitaire, le vestiaire social de l\u2019association culturelle [&hellip;]\" \/>\n<meta name=\"twitter:image\" content=\"https:\/\/vosgesinfo.fr\/app\/uploads\/sites\/4\/2024\/08\/202212vestiaire-social-boutique-du-coeur.jpg\" \/>\n<meta name=\"twitter:creator\" content=\"@VosgesInfo88\" \/>\n<meta name=\"twitter:site\" content=\"@VosgesInfo88\" \/>\n<meta name=\"twitter:label1\" content=\"\u00c9crit par\" \/>\n\t<meta name=\"twitter:data1\" content=\"la r\u00e9daction\" \/>\n\t<meta name=\"twitter:label2\" content=\"Dur\u00e9e de lecture estim\u00e9e\" \/>\n\t<meta name=\"twitter:data2\" content=\"1 minute\" \/>\n<script type=\"application\/ld+json\" class=\"yoast-schema-graph\">{\"@context\":\"https:\/\/schema.org\",\"@graph\":[{\"@type\":\"Article\",\"@id\":\"https:\/\/vosgesinfo.fr\/saintdieinfo\/2022\/12\/vestiaire-social-boutique-coeur-ouvre-portes\/#article\",\"isPartOf\":{\"@id\":\"https:\/\/vosgesinfo.fr\/saintdieinfo\/2022\/12\/vestiaire-social-boutique-coeur-ouvre-portes\/\"},\"author\":{\"name\":\"la r\u00e9daction\",\"@id\":\"https:\/\/vosgesinfo.fr\/saintdieinfo\/#\/schema\/person\/faee6704a21f3977511db84bd1cd450f\"},\"headline\":\"Le vestiaire social \u00ab\u00a0La boutique du coeur\u00a0\u00bb ouvre ses portes\",\"datePublished\":\"2022-12-05T06:14:02+00:00\",\"dateModified\":\"2022-12-05T06:14:02+00:00\",\"mainEntityOfPage\":{\"@id\":\"https:\/\/vosgesinfo.fr\/saintdieinfo\/2022\/12\/vestiaire-social-boutique-coeur-ouvre-portes\/\"},\"wordCount\":124,\"commentCount\":0,\"publisher\":{\"@id\":\"https:\/\/vosgesinfo.fr\/saintdieinfo\/#organization\"},\"image\":{\"@id\":\"https:\/\/vosgesinfo.fr\/saintdieinfo\/2022\/12\/vestiaire-social-boutique-coeur-ouvre-portes\/#primaryimage\"},\"thumbnailUrl\":\"https:\/\/vosgesinfo.fr\/app\/uploads\/sites\/4\/2024\/08\/202212vestiaire-social-boutique-du-coeur.jpg\",\"keywords\":[\"Eglise \u00e9vang\u00e9lique OSE-ADD\",\"La boutique du coeur\",\"Vestiaire social\"],\"articleSection\":[\"Br\u00e8ves\",\"Saint-Di\u00e9-des-Vosges et son Agglom\u00e9ration\",\"Solidarit\u00e9\"],\"inLanguage\":\"fr-FR\",\"potentialAction\":[{\"@type\":\"CommentAction\",\"name\":\"Comment\",\"target\":[\"https:\/\/vosgesinfo.fr\/saintdieinfo\/2022\/12\/vestiaire-social-boutique-coeur-ouvre-portes\/#respond\"]}]},{\"@type\":\"WebPage\",\"@id\":\"https:\/\/vosgesinfo.fr\/saintdieinfo\/2022\/12\/vestiaire-social-boutique-coeur-ouvre-portes\/\",\"url\":\"https:\/\/vosgesinfo.fr\/saintdieinfo\/2022\/12\/vestiaire-social-boutique-coeur-ouvre-portes\/\",\"name\":\"Le vestiaire social \\\"La boutique du coeur\\\" ouvre ses portes - Saint Die Info\",\"isPartOf\":{\"@id\":\"https:\/\/vosgesinfo.fr\/saintdieinfo\/#website\"},\"primaryImageOfPage\":{\"@id\":\"https:\/\/vosgesinfo.fr\/saintdieinfo\/2022\/12\/vestiaire-social-boutique-coeur-ouvre-portes\/#primaryimage\"},\"image\":{\"@id\":\"https:\/\/vosgesinfo.fr\/saintdieinfo\/2022\/12\/vestiaire-social-boutique-coeur-ouvre-portes\/#primaryimage\"},\"thumbnailUrl\":\"https:\/\/vosgesinfo.fr\/app\/uploads\/sites\/4\/2024\/08\/202212vestiaire-social-boutique-du-coeur.jpg\",\"datePublished\":\"2022-12-05T06:14:02+00:00\",\"dateModified\":\"2022-12-05T06:14:02+00:00\",\"breadcrumb\":{\"@id\":\"https:\/\/vosgesinfo.fr\/saintdieinfo\/2022\/12\/vestiaire-social-boutique-coeur-ouvre-portes\/#breadcrumb\"},\"inLanguage\":\"fr-FR\",\"potentialAction\":[{\"@type\":\"ReadAction\",\"target\":[\"https:\/\/vosgesinfo.fr\/saintdieinfo\/2022\/12\/vestiaire-social-boutique-coeur-ouvre-portes\/\"]}]},{\"@type\":\"ImageObject\",\"inLanguage\":\"fr-FR\",\"@id\":\"https:\/\/vosgesinfo.fr\/saintdieinfo\/2022\/12\/vestiaire-social-boutique-coeur-ouvre-portes\/#primaryimage\",\"url\":\"https:\/\/vosgesinfo.fr\/app\/uploads\/sites\/4\/2024\/08\/202212vestiaire-social-boutique-du-coeur.jpg\",\"contentUrl\":\"https:\/\/vosgesinfo.fr\/app\/uploads\/sites\/4\/2024\/08\/202212vestiaire-social-boutique-du-coeur.jpg\",\"width\":2040,\"height\":1536},{\"@type\":\"BreadcrumbList\",\"@id\":\"https:\/\/vosgesinfo.fr\/saintdieinfo\/2022\/12\/vestiaire-social-boutique-coeur-ouvre-portes\/#breadcrumb\",\"itemListElement\":[{\"@type\":\"ListItem\",\"position\":1,\"name\":\"Home\",\"item\":\"https:\/\/vosgesinfo.fr\/saintdieinfo\/\"},{\"@type\":\"ListItem\",\"position\":2,\"name\":\"Le vestiaire social \u00ab\u00a0La boutique du coeur\u00a0\u00bb ouvre ses portes\"}]},{\"@type\":\"WebSite\",\"@id\":\"https:\/\/vosgesinfo.fr\/saintdieinfo\/#website\",\"url\":\"https:\/\/vosgesinfo.fr\/saintdieinfo\/\",\"name\":\"Saint Die Info\",\"description\":\"Toute l&#039;actualit\u00e9 de Saint-Di\u00e9-Des-Vosges\",\"publisher\":{\"@id\":\"https:\/\/vosgesinfo.fr\/saintdieinfo\/#organization\"},\"alternateName\":\"Toute l'actualit\u00e9 de Saint-Di\u00e9-Des-Vosges\",\"potentialAction\":[{\"@type\":\"SearchAction\",\"target\":{\"@type\":\"EntryPoint\",\"urlTemplate\":\"https:\/\/vosgesinfo.fr\/saintdieinfo\/?s={search_term_string}\"},\"query-input\":\"required name=search_term_string\"}],\"inLanguage\":\"fr-FR\"},{\"@type\":\"Organization\",\"@id\":\"https:\/\/vosgesinfo.fr\/saintdieinfo\/#organization\",\"name\":\"Saint Die Info\",\"url\":\"https:\/\/vosgesinfo.fr\/saintdieinfo\/\",\"logo\":{\"@type\":\"ImageObject\",\"inLanguage\":\"fr-FR\",\"@id\":\"https:\/\/vosgesinfo.fr\/saintdieinfo\/#\/schema\/logo\/image\/\",\"url\":\"https:\/\/vosgesinfo.fr\/app\/uploads\/sites\/4\/2024\/02\/logo-sdi.jpg\",\"contentUrl\":\"https:\/\/vosgesinfo.fr\/app\/uploads\/sites\/4\/2024\/02\/logo-sdi.jpg\",\"width\":600,\"height\":600,\"caption\":\"Saint Die Info\"},\"image\":{\"@id\":\"https:\/\/vosgesinfo.fr\/saintdieinfo\/#\/schema\/logo\/image\/\"},\"sameAs\":[\"https:\/\/www.facebook.com\/Saintdieinfofr\",\"https:\/\/x.com\/VosgesInfo88\",\"https:\/\/www.youtube.com\/@vosgesinfo\"]},{\"@type\":\"Person\",\"@id\":\"https:\/\/vosgesinfo.fr\/saintdieinfo\/#\/schema\/person\/faee6704a21f3977511db84bd1cd450f\",\"name\":\"la r\u00e9daction\",\"image\":{\"@type\":\"ImageObject\",\"inLanguage\":\"fr-FR\",\"@id\":\"https:\/\/vosgesinfo.fr\/saintdieinfo\/#\/schema\/person\/image\/\",\"url\":\"https:\/\/secure.gravatar.com\/avatar\/6673d8bc6a9c17fa9a453eaa3448de834fa308c2ec9635b7aa99441a7c8d2cf6?s=96&d=mm&r=g\",\"contentUrl\":\"https:\/\/secure.gravatar.com\/avatar\/6673d8bc6a9c17fa9a453eaa3448de834fa308c2ec9635b7aa99441a7c8d2cf6?s=96&d=mm&r=g\",\"caption\":\"la r\u00e9daction\"},\"url\":\"https:\/\/vosgesinfo.fr\/saintdieinfo\/author\/redac\/\"}]}<\/script>\n<!-- \/ Yoast SEO plugin. -->","yoast_head_json":{"title":"Le vestiaire social \"La boutique du coeur\" ouvre ses portes - Saint Die Info","robots":{"index":"index","follow":"follow","max-snippet":"max-snippet:-1","max-image-preview":"max-image-preview:large","max-video-preview":"max-video-preview:-1"},"canonical":"https:\/\/vosgesinfo.fr\/saintdieinfo\/2022\/12\/vestiaire-social-boutique-coeur-ouvre-portes\/","twitter_card":"summary_large_image","twitter_title":"Le vestiaire social \"La boutique du coeur\" ouvre ses portes - Saint Die Info","twitter_description":"Il est enfin remis sur pied. Apr\u00e8s trois ann\u00e9es marqu\u00e9es par la crise sanitaire, le vestiaire social de l\u2019association culturelle [&hellip;]","twitter_image":"https:\/\/vosgesinfo.fr\/app\/uploads\/sites\/4\/2024\/08\/202212vestiaire-social-boutique-du-coeur.jpg","twitter_creator":"@VosgesInfo88","twitter_site":"@VosgesInfo88","twitter_misc":{"\u00c9crit par":"la r\u00e9daction","Dur\u00e9e de lecture estim\u00e9e":"1 minute"},"schema":{"@context":"https:\/\/schema.org","@graph":[{"@type":"Article","@id":"https:\/\/vosgesinfo.fr\/saintdieinfo\/2022\/12\/vestiaire-social-boutique-coeur-ouvre-portes\/#article","isPartOf":{"@id":"https:\/\/vosgesinfo.fr\/saintdieinfo\/2022\/12\/vestiaire-social-boutique-coeur-ouvre-portes\/"},"author":{"name":"la r\u00e9daction","@id":"https:\/\/vosgesinfo.fr\/saintdieinfo\/#\/schema\/person\/faee6704a21f3977511db84bd1cd450f"},"headline":"Le vestiaire social \u00ab\u00a0La boutique du coeur\u00a0\u00bb ouvre ses portes","datePublished":"2022-12-05T06:14:02+00:00","dateModified":"2022-12-05T06:14:02+00:00","mainEntityOfPage":{"@id":"https:\/\/vosgesinfo.fr\/saintdieinfo\/2022\/12\/vestiaire-social-boutique-coeur-ouvre-portes\/"},"wordCount":124,"commentCount":0,"publisher":{"@id":"https:\/\/vosgesinfo.fr\/saintdieinfo\/#organization"},"image":{"@id":"https:\/\/vosgesinfo.fr\/saintdieinfo\/2022\/12\/vestiaire-social-boutique-coeur-ouvre-portes\/#primaryimage"},"thumbnailUrl":"https:\/\/vosgesinfo.fr\/app\/uploads\/sites\/4\/2024\/08\/202212vestiaire-social-boutique-du-coeur.jpg","keywords":["Eglise \u00e9vang\u00e9lique OSE-ADD","La boutique du coeur","Vestiaire social"],"articleSection":["Br\u00e8ves","Saint-Di\u00e9-des-Vosges et son Agglom\u00e9ration","Solidarit\u00e9"],"inLanguage":"fr-FR","potentialAction":[{"@type":"CommentAction","name":"Comment","target":["https:\/\/vosgesinfo.fr\/saintdieinfo\/2022\/12\/vestiaire-social-boutique-coeur-ouvre-portes\/#respond"]}]},{"@type":"WebPage","@id":"https:\/\/vosgesinfo.fr\/saintdieinfo\/2022\/12\/vestiaire-social-boutique-coeur-ouvre-portes\/","url":"https:\/\/vosgesinfo.fr\/saintdieinfo\/2022\/12\/vestiaire-social-boutique-coeur-ouvre-portes\/","name":"Le vestiaire social \"La boutique du coeur\" ouvre ses portes - Saint Die Info","isPartOf":{"@id":"https:\/\/vosgesinfo.fr\/saintdieinfo\/#website"},"primaryImageOfPage":{"@id":"https:\/\/vosgesinfo.fr\/saintdieinfo\/2022\/12\/vestiaire-social-boutique-coeur-ouvre-portes\/#primaryimage"},"image":{"@id":"https:\/\/vosgesinfo.fr\/saintdieinfo\/2022\/12\/vestiaire-social-boutique-coeur-ouvre-portes\/#primaryimage"},"thumbnailUrl":"https:\/\/vosgesinfo.fr\/app\/uploads\/sites\/4\/2024\/08\/202212vestiaire-social-boutique-du-coeur.jpg","datePublished":"2022-12-05T06:14:02+00:00","dateModified":"2022-12-05T06:14:02+00:00","breadcrumb":{"@id":"https:\/\/vosgesinfo.fr\/saintdieinfo\/2022\/12\/vestiaire-social-boutique-coeur-ouvre-portes\/#breadcrumb"},"inLanguage":"fr-FR","potentialAction":[{"@type":"ReadAction","target":["https:\/\/vosgesinfo.fr\/saintdieinfo\/2022\/12\/vestiaire-social-boutique-coeur-ouvre-portes\/"]}]},{"@type":"ImageObject","inLanguage":"fr-FR","@id":"https:\/\/vosgesinfo.fr\/saintdieinfo\/2022\/12\/vestiaire-social-boutique-coeur-ouvre-portes\/#primaryimage","url":"https:\/\/vosgesinfo.fr\/app\/uploads\/sites\/4\/2024\/08\/202212vestiaire-social-boutique-du-coeur.jpg","contentUrl":"https:\/\/vosgesinfo.fr\/app\/uploads\/sites\/4\/2024\/08\/202212vestiaire-social-boutique-du-coeur.jpg","width":2040,"height":1536},{"@type":"BreadcrumbList","@id":"https:\/\/vosgesinfo.fr\/saintdieinfo\/2022\/12\/vestiaire-social-boutique-coeur-ouvre-portes\/#breadcrumb","itemListElement":[{"@type":"ListItem","position":1,"name":"Home","item":"https:\/\/vosgesinfo.fr\/saintdieinfo\/"},{"@type":"ListItem","position":2,"name":"Le vestiaire social \u00ab\u00a0La boutique du coeur\u00a0\u00bb ouvre ses portes"}]},{"@type":"WebSite","@id":"https:\/\/vosgesinfo.fr\/saintdieinfo\/#website","url":"https:\/\/vosgesinfo.fr\/saintdieinfo\/","name":"Saint Die Info","description":"Toute l&#039;actualit\u00e9 de Saint-Di\u00e9-Des-Vosges","publisher":{"@id":"https:\/\/vosgesinfo.fr\/saintdieinfo\/#organization"},"alternateName":"Toute l'actualit\u00e9 de Saint-Di\u00e9-Des-Vosges","potentialAction":[{"@type":"SearchAction","target":{"@type":"EntryPoint","urlTemplate":"https:\/\/vosgesinfo.fr\/saintdieinfo\/?s={search_term_string}"},"query-input":"required name=search_term_string"}],"inLanguage":"fr-FR"},{"@type":"Organization","@id":"https:\/\/vosgesinfo.fr\/saintdieinfo\/#organization","name":"Saint Die Info","url":"https:\/\/vosgesinfo.fr\/saintdieinfo\/","logo":{"@type":"ImageObject","inLanguage":"fr-FR","@id":"https:\/\/vosgesinfo.fr\/saintdieinfo\/#\/schema\/logo\/image\/","url":"https:\/\/vosgesinfo.fr\/app\/uploads\/sites\/4\/2024\/02\/logo-sdi.jpg","contentUrl":"https:\/\/vosgesinfo.fr\/app\/uploads\/sites\/4\/2024\/02\/logo-sdi.jpg","width":600,"height":600,"caption":"Saint Die Info"},"image":{"@id":"https:\/\/vosgesinfo.fr\/saintdieinfo\/#\/schema\/logo\/image\/"},"sameAs":["https:\/\/www.facebook.com\/Saintdieinfofr","https:\/\/x.com\/VosgesInfo88","https:\/\/www.youtube.com\/@vosgesinfo"]},{"@type":"Person","@id":"https:\/\/vosgesinfo.fr\/saintdieinfo\/#\/schema\/person\/faee6704a21f3977511db84bd1cd450f","name":"la r\u00e9daction","image":{"@type":"ImageObject","inLanguage":"fr-FR","@id":"https:\/\/vosgesinfo.fr\/saintdieinfo\/#\/schema\/person\/image\/","url":"https:\/\/secure.gravatar.com\/avatar\/6673d8bc6a9c17fa9a453eaa3448de834fa308c2ec9635b7aa99441a7c8d2cf6?s=96&d=mm&r=g","contentUrl":"https:\/\/secure.gravatar.com\/avatar\/6673d8bc6a9c17fa9a453eaa3448de834fa308c2ec9635b7aa99441a7c8d2cf6?s=96&d=mm&r=g","caption":"la r\u00e9daction"},"url":"https:\/\/vosgesinfo.fr\/saintdieinfo\/author\/redac\/"}]}},"_links":{"self":[{"href":"https:\/\/vosgesinfo.fr\/saintdieinfo\/wp-json\/wp\/v2\/posts\/60493","targetHints":{"allow":["GET"]}}],"collection":[{"href":"https:\/\/vosgesinfo.fr\/saintdieinfo\/wp-json\/wp\/v2\/posts"}],"about":[{"href":"https:\/\/vosgesinfo.fr\/saintdieinfo\/wp-json\/wp\/v2\/types\/post"}],"author":[{"embeddable":true,"href":"https:\/\/vosgesinfo.fr\/saintdieinfo\/wp-json\/wp\/v2\/users\/44"}],"replies":[{"embeddable":true,"href":"https:\/\/vosgesinfo.fr\/saintdieinfo\/wp-json\/wp\/v2\/comments?post=60493"}],"version-history":[{"count":0,"href":"https:\/\/vosgesinfo.fr\/saintdieinfo\/wp-json\/wp\/v2\/posts\/60493\/revisions"}],"wp:featuredmedia":[{"embeddable":true,"href":"https:\/\/vosgesinfo.fr\/saintdieinfo\/wp-json\/wp\/v2\/media\/60494"}],"wp:attachment":[{"href":"https:\/\/vosgesinfo.fr\/saintdieinfo\/wp-json\/wp\/v2\/media?parent=60493"}],"wp:term":[{"taxonomy":"category","embeddable":true,"href":"https:\/\/vosgesinfo.fr\/saintdieinfo\/wp-json\/wp\/v2\/categories?post=60493"},{"taxonomy":"post_tag","embeddable":true,"href":"https:\/\/vosgesinfo.fr\/saintdieinfo\/wp-json\/wp\/v2\/tags?post=60493"}],"curies":[{"name":"wp","href":"https:\/\/api.w.org\/{rel}","templated":true}]}}