{"id":60495,"date":"2022-12-05T07:31:08","date_gmt":"2022-12-05T06:31:08","guid":{"rendered":"https:\/\/vosgesinfo.fr\/saintdieinfo\/2022\/12\/michel-munier-dedicace-a-librairie-neuf\/"},"modified":"2022-12-05T07:31:08","modified_gmt":"2022-12-05T06:31:08","slug":"michel-munier-dedicace-a-librairie-neuf","status":"publish","type":"post","link":"https:\/\/vosgesinfo.fr\/saintdieinfo\/2022\/12\/michel-munier-dedicace-a-librairie-neuf\/","title":{"rendered":"Michel Munier en d\u00e9dicace \u00e0 la Librairie Le Neuf"},"content":{"rendered":"<h2><a href=\"\/2022\/12\/D\u00e9dicace_Michel_Munier_Le_Neuf-2.png\" target=\"_blank\" rel=\"noopener\"><img decoding=\"async\" class=\"aligncenter wp-image-193772 size-full\" src=\"\/2022\/12\/D\u00e9dicace_Michel_Munier_Le_Neuf-2.png\" alt=\"D\u00e9dicace_Michel_Munier_Le_Neuf (2)\" width=\"450\" height=\"450\" \/><\/a><\/h2>\n<h2><strong><span style=\"font-size: 14pt;\">Michel Munier sera pr\u00e9sent \u00e0 la Librairie Le Neuf ce samedi 10 d\u00e9cembre, de 14h30 \u00e0 17h, pour une s\u00e9ance de d\u00e9dicace de son livre autobiographique \u00ab\u00a0L&rsquo;oiseau-for\u00eat\u00a0\u00bb.<br \/>\n<\/span><\/strong><\/h2>\n<p><!--more--><\/p>\n<p>\u00ab\u00a0Naturaliste, \u00e9cologiste et photographe, l&rsquo;auteur s&rsquo;appuie sur ses carnets de terrain, des ann\u00e9es 1970 \u00e0 aujourd&rsquo;hui, pour partager son amour de la for\u00eat mais aussi son cri de d\u00e9tresse pour un oiseau rare et fascinant en voie d&rsquo;extinction, le grand t\u00e9tras. \u00ab\u00a0L&rsquo;oiseau-for\u00eat ou 800 nuits sous un sapin\u00a0\u00bb est une ode \u00e0 la for\u00eat et l&rsquo;un de ses habitants mythiques&#8230;<\/p>\n<p>Michel Munier est le p\u00e8re de Vincent \u00e0 qui il a appris tr\u00e8s t\u00f4t le monde de la for\u00eat, des animaux et de la photographie. Il y a quelques ann\u00e9es Michel et Vincent ont publi\u00e9 ensemble deux livres \u00ab Au fil des songes \u00bb et \u00ab Clair de Brume \u00bb, tous les deux \u00e9puis\u00e9s.<\/p>\n<p>N\u00e9 en 1947, ce vosgien de la plaine, fut ajusteur, enseignant et photographe. Il transmet sa passion de la photographie \u00e0 ses trois enfants, Isabelle, Sylvain et Vincent, membre le plus connu de la famille.\u00a0\u00bb<span style=\"font-size: xx-small;\"><br \/>\n<\/span><a href=\"\/2022\/12\/D\u00e9dicace_Michel_Munier_Le_Neuf-1.png\" target=\"_blank\" rel=\"noopener\"><img decoding=\"async\" class=\"aligncenter wp-image-193771 size-full\" src=\"\/2022\/12\/D\u00e9dicace_Michel_Munier_Le_Neuf-1.png\" alt=\"D\u00e9dicace_Michel_Munier_Le_Neuf (1)\" width=\"600\" height=\"879\" \/><\/a><\/p>\n","protected":false},"excerpt":{"rendered":"<p>Michel Munier sera pr\u00e9sent \u00e0 la Librairie Le Neuf ce samedi 10 d\u00e9cembre, de 14h30 \u00e0 17h, pour une s\u00e9ance [&hellip;]<\/p>\n","protected":false},"author":44,"featured_media":60496,"comment_status":"open","ping_status":"open","sticky":false,"template":"","format":"standard","meta":{"footnotes":""},"categories":[3900,7847,8090,2915],"tags":[13334,3192,5873,6649],"class_list":["post-60495","post","type-post","status-publish","format-standard","has-post-thumbnail","hentry","category-breves","category-art-culture","category-litterature","category-saint-die-son-canton","tag-loiseau-foret","tag-librairie-le-neuf","tag-michel-munier","tag-seance-de-dedicace"],"acf":[],"yoast_head":"<!-- This site is optimized with the Yoast SEO plugin v22.5 - https:\/\/yoast.com\/wordpress\/plugins\/seo\/ -->\n<title>Michel Munier en d\u00e9dicace \u00e0 la Librairie Le Neuf - Saint Die Info<\/title>\n<meta name=\"robots\" content=\"index, follow, max-snippet:-1, max-image-preview:large, max-video-preview:-1\" \/>\n<link rel=\"canonical\" href=\"https:\/\/vosgesinfo.fr\/saintdieinfo\/2022\/12\/michel-munier-dedicace-a-librairie-neuf\/\" \/>\n<meta name=\"twitter:card\" content=\"summary_large_image\" \/>\n<meta name=\"twitter:title\" content=\"Michel Munier en d\u00e9dicace \u00e0 la Librairie Le Neuf - Saint Die Info\" \/>\n<meta name=\"twitter:description\" content=\"Michel Munier sera pr\u00e9sent \u00e0 la Librairie Le Neuf ce samedi 10 d\u00e9cembre, de 14h30 \u00e0 17h, pour une s\u00e9ance [&hellip;]\" \/>\n<meta name=\"twitter:image\" content=\"https:\/\/vosgesinfo.fr\/app\/uploads\/sites\/4\/2024\/08\/202212dedicace-michel-munier-le-neuf-2.png\" \/>\n<meta name=\"twitter:creator\" content=\"@VosgesInfo88\" \/>\n<meta name=\"twitter:site\" content=\"@VosgesInfo88\" \/>\n<meta name=\"twitter:label1\" content=\"\u00c9crit par\" \/>\n\t<meta name=\"twitter:data1\" content=\"la r\u00e9daction\" \/>\n\t<meta name=\"twitter:label2\" content=\"Dur\u00e9e de lecture estim\u00e9e\" \/>\n\t<meta name=\"twitter:data2\" content=\"1 minute\" \/>\n<script type=\"application\/ld+json\" class=\"yoast-schema-graph\">{\"@context\":\"https:\/\/schema.org\",\"@graph\":[{\"@type\":\"Article\",\"@id\":\"https:\/\/vosgesinfo.fr\/saintdieinfo\/2022\/12\/michel-munier-dedicace-a-librairie-neuf\/#article\",\"isPartOf\":{\"@id\":\"https:\/\/vosgesinfo.fr\/saintdieinfo\/2022\/12\/michel-munier-dedicace-a-librairie-neuf\/\"},\"author\":{\"name\":\"la r\u00e9daction\",\"@id\":\"https:\/\/vosgesinfo.fr\/saintdieinfo\/#\/schema\/person\/faee6704a21f3977511db84bd1cd450f\"},\"headline\":\"Michel Munier en d\u00e9dicace \u00e0 la Librairie Le Neuf\",\"datePublished\":\"2022-12-05T06:31:08+00:00\",\"dateModified\":\"2022-12-05T06:31:08+00:00\",\"mainEntityOfPage\":{\"@id\":\"https:\/\/vosgesinfo.fr\/saintdieinfo\/2022\/12\/michel-munier-dedicace-a-librairie-neuf\/\"},\"wordCount\":195,\"commentCount\":0,\"publisher\":{\"@id\":\"https:\/\/vosgesinfo.fr\/saintdieinfo\/#organization\"},\"image\":{\"@id\":\"https:\/\/vosgesinfo.fr\/saintdieinfo\/2022\/12\/michel-munier-dedicace-a-librairie-neuf\/#primaryimage\"},\"thumbnailUrl\":\"https:\/\/vosgesinfo.fr\/app\/uploads\/sites\/4\/2024\/08\/202212dedicace-michel-munier-le-neuf-2.png\",\"keywords\":[\"L'oiseau-for\u00eat\",\"Librairie Le Neuf\",\"Michel Munier\",\"S\u00e9ance de d\u00e9dicace\"],\"articleSection\":[\"Br\u00e8ves\",\"Culture\",\"Litt\u00e9rature\",\"Saint-Di\u00e9-des-Vosges et son Agglom\u00e9ration\"],\"inLanguage\":\"fr-FR\",\"potentialAction\":[{\"@type\":\"CommentAction\",\"name\":\"Comment\",\"target\":[\"https:\/\/vosgesinfo.fr\/saintdieinfo\/2022\/12\/michel-munier-dedicace-a-librairie-neuf\/#respond\"]}]},{\"@type\":\"WebPage\",\"@id\":\"https:\/\/vosgesinfo.fr\/saintdieinfo\/2022\/12\/michel-munier-dedicace-a-librairie-neuf\/\",\"url\":\"https:\/\/vosgesinfo.fr\/saintdieinfo\/2022\/12\/michel-munier-dedicace-a-librairie-neuf\/\",\"name\":\"Michel Munier en d\u00e9dicace \u00e0 la Librairie Le Neuf - Saint Die Info\",\"isPartOf\":{\"@id\":\"https:\/\/vosgesinfo.fr\/saintdieinfo\/#website\"},\"primaryImageOfPage\":{\"@id\":\"https:\/\/vosgesinfo.fr\/saintdieinfo\/2022\/12\/michel-munier-dedicace-a-librairie-neuf\/#primaryimage\"},\"image\":{\"@id\":\"https:\/\/vosgesinfo.fr\/saintdieinfo\/2022\/12\/michel-munier-dedicace-a-librairie-neuf\/#primaryimage\"},\"thumbnailUrl\":\"https:\/\/vosgesinfo.fr\/app\/uploads\/sites\/4\/2024\/08\/202212dedicace-michel-munier-le-neuf-2.png\",\"datePublished\":\"2022-12-05T06:31:08+00:00\",\"dateModified\":\"2022-12-05T06:31:08+00:00\",\"breadcrumb\":{\"@id\":\"https:\/\/vosgesinfo.fr\/saintdieinfo\/2022\/12\/michel-munier-dedicace-a-librairie-neuf\/#breadcrumb\"},\"inLanguage\":\"fr-FR\",\"potentialAction\":[{\"@type\":\"ReadAction\",\"target\":[\"https:\/\/vosgesinfo.fr\/saintdieinfo\/2022\/12\/michel-munier-dedicace-a-librairie-neuf\/\"]}]},{\"@type\":\"ImageObject\",\"inLanguage\":\"fr-FR\",\"@id\":\"https:\/\/vosgesinfo.fr\/saintdieinfo\/2022\/12\/michel-munier-dedicace-a-librairie-neuf\/#primaryimage\",\"url\":\"https:\/\/vosgesinfo.fr\/app\/uploads\/sites\/4\/2024\/08\/202212dedicace-michel-munier-le-neuf-2.png\",\"contentUrl\":\"https:\/\/vosgesinfo.fr\/app\/uploads\/sites\/4\/2024\/08\/202212dedicace-michel-munier-le-neuf-2.png\",\"width\":450,\"height\":450},{\"@type\":\"BreadcrumbList\",\"@id\":\"https:\/\/vosgesinfo.fr\/saintdieinfo\/2022\/12\/michel-munier-dedicace-a-librairie-neuf\/#breadcrumb\",\"itemListElement\":[{\"@type\":\"ListItem\",\"position\":1,\"name\":\"Home\",\"item\":\"https:\/\/vosgesinfo.fr\/saintdieinfo\/\"},{\"@type\":\"ListItem\",\"position\":2,\"name\":\"Michel Munier en d\u00e9dicace \u00e0 la Librairie Le Neuf\"}]},{\"@type\":\"WebSite\",\"@id\":\"https:\/\/vosgesinfo.fr\/saintdieinfo\/#website\",\"url\":\"https:\/\/vosgesinfo.fr\/saintdieinfo\/\",\"name\":\"Saint Die Info\",\"description\":\"Toute l&#039;actualit\u00e9 de Saint-Di\u00e9-Des-Vosges\",\"publisher\":{\"@id\":\"https:\/\/vosgesinfo.fr\/saintdieinfo\/#organization\"},\"alternateName\":\"Toute l'actualit\u00e9 de Saint-Di\u00e9-Des-Vosges\",\"potentialAction\":[{\"@type\":\"SearchAction\",\"target\":{\"@type\":\"EntryPoint\",\"urlTemplate\":\"https:\/\/vosgesinfo.fr\/saintdieinfo\/?s={search_term_string}\"},\"query-input\":\"required name=search_term_string\"}],\"inLanguage\":\"fr-FR\"},{\"@type\":\"Organization\",\"@id\":\"https:\/\/vosgesinfo.fr\/saintdieinfo\/#organization\",\"name\":\"Saint Die Info\",\"url\":\"https:\/\/vosgesinfo.fr\/saintdieinfo\/\",\"logo\":{\"@type\":\"ImageObject\",\"inLanguage\":\"fr-FR\",\"@id\":\"https:\/\/vosgesinfo.fr\/saintdieinfo\/#\/schema\/logo\/image\/\",\"url\":\"https:\/\/vosgesinfo.fr\/app\/uploads\/sites\/4\/2024\/02\/logo-sdi.jpg\",\"contentUrl\":\"https:\/\/vosgesinfo.fr\/app\/uploads\/sites\/4\/2024\/02\/logo-sdi.jpg\",\"width\":600,\"height\":600,\"caption\":\"Saint Die Info\"},\"image\":{\"@id\":\"https:\/\/vosgesinfo.fr\/saintdieinfo\/#\/schema\/logo\/image\/\"},\"sameAs\":[\"https:\/\/www.facebook.com\/Saintdieinfofr\",\"https:\/\/x.com\/VosgesInfo88\",\"https:\/\/www.youtube.com\/@vosgesinfo\"]},{\"@type\":\"Person\",\"@id\":\"https:\/\/vosgesinfo.fr\/saintdieinfo\/#\/schema\/person\/faee6704a21f3977511db84bd1cd450f\",\"name\":\"la r\u00e9daction\",\"image\":{\"@type\":\"ImageObject\",\"inLanguage\":\"fr-FR\",\"@id\":\"https:\/\/vosgesinfo.fr\/saintdieinfo\/#\/schema\/person\/image\/\",\"url\":\"https:\/\/secure.gravatar.com\/avatar\/6673d8bc6a9c17fa9a453eaa3448de834fa308c2ec9635b7aa99441a7c8d2cf6?s=96&d=mm&r=g\",\"contentUrl\":\"https:\/\/secure.gravatar.com\/avatar\/6673d8bc6a9c17fa9a453eaa3448de834fa308c2ec9635b7aa99441a7c8d2cf6?s=96&d=mm&r=g\",\"caption\":\"la r\u00e9daction\"},\"url\":\"https:\/\/vosgesinfo.fr\/saintdieinfo\/author\/redac\/\"}]}<\/script>\n<!-- \/ Yoast SEO plugin. -->","yoast_head_json":{"title":"Michel Munier en d\u00e9dicace \u00e0 la Librairie Le Neuf - Saint Die Info","robots":{"index":"index","follow":"follow","max-snippet":"max-snippet:-1","max-image-preview":"max-image-preview:large","max-video-preview":"max-video-preview:-1"},"canonical":"https:\/\/vosgesinfo.fr\/saintdieinfo\/2022\/12\/michel-munier-dedicace-a-librairie-neuf\/","twitter_card":"summary_large_image","twitter_title":"Michel Munier en d\u00e9dicace \u00e0 la Librairie Le Neuf - Saint Die Info","twitter_description":"Michel Munier sera pr\u00e9sent \u00e0 la Librairie Le Neuf ce samedi 10 d\u00e9cembre, de 14h30 \u00e0 17h, pour une s\u00e9ance [&hellip;]","twitter_image":"https:\/\/vosgesinfo.fr\/app\/uploads\/sites\/4\/2024\/08\/202212dedicace-michel-munier-le-neuf-2.png","twitter_creator":"@VosgesInfo88","twitter_site":"@VosgesInfo88","twitter_misc":{"\u00c9crit par":"la r\u00e9daction","Dur\u00e9e de lecture estim\u00e9e":"1 minute"},"schema":{"@context":"https:\/\/schema.org","@graph":[{"@type":"Article","@id":"https:\/\/vosgesinfo.fr\/saintdieinfo\/2022\/12\/michel-munier-dedicace-a-librairie-neuf\/#article","isPartOf":{"@id":"https:\/\/vosgesinfo.fr\/saintdieinfo\/2022\/12\/michel-munier-dedicace-a-librairie-neuf\/"},"author":{"name":"la r\u00e9daction","@id":"https:\/\/vosgesinfo.fr\/saintdieinfo\/#\/schema\/person\/faee6704a21f3977511db84bd1cd450f"},"headline":"Michel Munier en d\u00e9dicace \u00e0 la Librairie Le Neuf","datePublished":"2022-12-05T06:31:08+00:00","dateModified":"2022-12-05T06:31:08+00:00","mainEntityOfPage":{"@id":"https:\/\/vosgesinfo.fr\/saintdieinfo\/2022\/12\/michel-munier-dedicace-a-librairie-neuf\/"},"wordCount":195,"commentCount":0,"publisher":{"@id":"https:\/\/vosgesinfo.fr\/saintdieinfo\/#organization"},"image":{"@id":"https:\/\/vosgesinfo.fr\/saintdieinfo\/2022\/12\/michel-munier-dedicace-a-librairie-neuf\/#primaryimage"},"thumbnailUrl":"https:\/\/vosgesinfo.fr\/app\/uploads\/sites\/4\/2024\/08\/202212dedicace-michel-munier-le-neuf-2.png","keywords":["L'oiseau-for\u00eat","Librairie Le Neuf","Michel Munier","S\u00e9ance de d\u00e9dicace"],"articleSection":["Br\u00e8ves","Culture","Litt\u00e9rature","Saint-Di\u00e9-des-Vosges et son Agglom\u00e9ration"],"inLanguage":"fr-FR","potentialAction":[{"@type":"CommentAction","name":"Comment","target":["https:\/\/vosgesinfo.fr\/saintdieinfo\/2022\/12\/michel-munier-dedicace-a-librairie-neuf\/#respond"]}]},{"@type":"WebPage","@id":"https:\/\/vosgesinfo.fr\/saintdieinfo\/2022\/12\/michel-munier-dedicace-a-librairie-neuf\/","url":"https:\/\/vosgesinfo.fr\/saintdieinfo\/2022\/12\/michel-munier-dedicace-a-librairie-neuf\/","name":"Michel Munier en d\u00e9dicace \u00e0 la Librairie Le Neuf - Saint Die Info","isPartOf":{"@id":"https:\/\/vosgesinfo.fr\/saintdieinfo\/#website"},"primaryImageOfPage":{"@id":"https:\/\/vosgesinfo.fr\/saintdieinfo\/2022\/12\/michel-munier-dedicace-a-librairie-neuf\/#primaryimage"},"image":{"@id":"https:\/\/vosgesinfo.fr\/saintdieinfo\/2022\/12\/michel-munier-dedicace-a-librairie-neuf\/#primaryimage"},"thumbnailUrl":"https:\/\/vosgesinfo.fr\/app\/uploads\/sites\/4\/2024\/08\/202212dedicace-michel-munier-le-neuf-2.png","datePublished":"2022-12-05T06:31:08+00:00","dateModified":"2022-12-05T06:31:08+00:00","breadcrumb":{"@id":"https:\/\/vosgesinfo.fr\/saintdieinfo\/2022\/12\/michel-munier-dedicace-a-librairie-neuf\/#breadcrumb"},"inLanguage":"fr-FR","potentialAction":[{"@type":"ReadAction","target":["https:\/\/vosgesinfo.fr\/saintdieinfo\/2022\/12\/michel-munier-dedicace-a-librairie-neuf\/"]}]},{"@type":"ImageObject","inLanguage":"fr-FR","@id":"https:\/\/vosgesinfo.fr\/saintdieinfo\/2022\/12\/michel-munier-dedicace-a-librairie-neuf\/#primaryimage","url":"https:\/\/vosgesinfo.fr\/app\/uploads\/sites\/4\/2024\/08\/202212dedicace-michel-munier-le-neuf-2.png","contentUrl":"https:\/\/vosgesinfo.fr\/app\/uploads\/sites\/4\/2024\/08\/202212dedicace-michel-munier-le-neuf-2.png","width":450,"height":450},{"@type":"BreadcrumbList","@id":"https:\/\/vosgesinfo.fr\/saintdieinfo\/2022\/12\/michel-munier-dedicace-a-librairie-neuf\/#breadcrumb","itemListElement":[{"@type":"ListItem","position":1,"name":"Home","item":"https:\/\/vosgesinfo.fr\/saintdieinfo\/"},{"@type":"ListItem","position":2,"name":"Michel Munier en d\u00e9dicace \u00e0 la Librairie Le Neuf"}]},{"@type":"WebSite","@id":"https:\/\/vosgesinfo.fr\/saintdieinfo\/#website","url":"https:\/\/vosgesinfo.fr\/saintdieinfo\/","name":"Saint Die Info","description":"Toute l&#039;actualit\u00e9 de Saint-Di\u00e9-Des-Vosges","publisher":{"@id":"https:\/\/vosgesinfo.fr\/saintdieinfo\/#organization"},"alternateName":"Toute l'actualit\u00e9 de Saint-Di\u00e9-Des-Vosges","potentialAction":[{"@type":"SearchAction","target":{"@type":"EntryPoint","urlTemplate":"https:\/\/vosgesinfo.fr\/saintdieinfo\/?s={search_term_string}"},"query-input":"required name=search_term_string"}],"inLanguage":"fr-FR"},{"@type":"Organization","@id":"https:\/\/vosgesinfo.fr\/saintdieinfo\/#organization","name":"Saint Die Info","url":"https:\/\/vosgesinfo.fr\/saintdieinfo\/","logo":{"@type":"ImageObject","inLanguage":"fr-FR","@id":"https:\/\/vosgesinfo.fr\/saintdieinfo\/#\/schema\/logo\/image\/","url":"https:\/\/vosgesinfo.fr\/app\/uploads\/sites\/4\/2024\/02\/logo-sdi.jpg","contentUrl":"https:\/\/vosgesinfo.fr\/app\/uploads\/sites\/4\/2024\/02\/logo-sdi.jpg","width":600,"height":600,"caption":"Saint Die Info"},"image":{"@id":"https:\/\/vosgesinfo.fr\/saintdieinfo\/#\/schema\/logo\/image\/"},"sameAs":["https:\/\/www.facebook.com\/Saintdieinfofr","https:\/\/x.com\/VosgesInfo88","https:\/\/www.youtube.com\/@vosgesinfo"]},{"@type":"Person","@id":"https:\/\/vosgesinfo.fr\/saintdieinfo\/#\/schema\/person\/faee6704a21f3977511db84bd1cd450f","name":"la r\u00e9daction","image":{"@type":"ImageObject","inLanguage":"fr-FR","@id":"https:\/\/vosgesinfo.fr\/saintdieinfo\/#\/schema\/person\/image\/","url":"https:\/\/secure.gravatar.com\/avatar\/6673d8bc6a9c17fa9a453eaa3448de834fa308c2ec9635b7aa99441a7c8d2cf6?s=96&d=mm&r=g","contentUrl":"https:\/\/secure.gravatar.com\/avatar\/6673d8bc6a9c17fa9a453eaa3448de834fa308c2ec9635b7aa99441a7c8d2cf6?s=96&d=mm&r=g","caption":"la r\u00e9daction"},"url":"https:\/\/vosgesinfo.fr\/saintdieinfo\/author\/redac\/"}]}},"_links":{"self":[{"href":"https:\/\/vosgesinfo.fr\/saintdieinfo\/wp-json\/wp\/v2\/posts\/60495","targetHints":{"allow":["GET"]}}],"collection":[{"href":"https:\/\/vosgesinfo.fr\/saintdieinfo\/wp-json\/wp\/v2\/posts"}],"about":[{"href":"https:\/\/vosgesinfo.fr\/saintdieinfo\/wp-json\/wp\/v2\/types\/post"}],"author":[{"embeddable":true,"href":"https:\/\/vosgesinfo.fr\/saintdieinfo\/wp-json\/wp\/v2\/users\/44"}],"replies":[{"embeddable":true,"href":"https:\/\/vosgesinfo.fr\/saintdieinfo\/wp-json\/wp\/v2\/comments?post=60495"}],"version-history":[{"count":0,"href":"https:\/\/vosgesinfo.fr\/saintdieinfo\/wp-json\/wp\/v2\/posts\/60495\/revisions"}],"wp:featuredmedia":[{"embeddable":true,"href":"https:\/\/vosgesinfo.fr\/saintdieinfo\/wp-json\/wp\/v2\/media\/60496"}],"wp:attachment":[{"href":"https:\/\/vosgesinfo.fr\/saintdieinfo\/wp-json\/wp\/v2\/media?parent=60495"}],"wp:term":[{"taxonomy":"category","embeddable":true,"href":"https:\/\/vosgesinfo.fr\/saintdieinfo\/wp-json\/wp\/v2\/categories?post=60495"},{"taxonomy":"post_tag","embeddable":true,"href":"https:\/\/vosgesinfo.fr\/saintdieinfo\/wp-json\/wp\/v2\/tags?post=60495"}],"curies":[{"name":"wp","href":"https:\/\/api.w.org\/{rel}","templated":true}]}}