{"id":60502,"date":"2022-12-05T09:40:00","date_gmt":"2022-12-05T08:40:00","guid":{"rendered":"https:\/\/vosgesinfo.fr\/saintdieinfo\/2022\/12\/lusse-fermeture-tunnel-maurice-lemaire-exercice-de-securite-civile\/"},"modified":"2022-12-05T09:40:00","modified_gmt":"2022-12-05T08:40:00","slug":"lusse-fermeture-tunnel-maurice-lemaire-exercice-de-securite-civile","status":"publish","type":"post","link":"https:\/\/vosgesinfo.fr\/saintdieinfo\/2022\/12\/lusse-fermeture-tunnel-maurice-lemaire-exercice-de-securite-civile\/","title":{"rendered":"Lusse \u2013 Fermeture du tunnel Maurice-Lemaire pour un exercice de s\u00e9curit\u00e9 civile"},"content":{"rendered":"<div id=\"attachment_193783\" style=\"width: 970px\" class=\"wp-caption aligncenter\"><a href=\"\/2022\/12\/Lusse-Exercice_Tunnel_Maurice-Lemaire.jpg\" target=\"_blank\" rel=\"noopener\"><img decoding=\"async\" aria-describedby=\"caption-attachment-193783\" class=\"wp-image-193783 size-large\" src=\"\/2022\/12\/Lusse-Exercice_Tunnel_Maurice-Lemaire-1024x683.jpg\" alt=\"Lusse-Exercice_Tunnel_Maurice-Lemaire\" width=\"960\" height=\"640\" \/><\/a><p id=\"caption-attachment-193783\" class=\"wp-caption-text\">(Photographie Pr\u00e9fecture des Vosges)<\/p><\/div>\n<h2><strong><span style=\"font-size: 14pt;\">La pr\u00e9f\u00e8te des Vosges, Val\u00e9rie Michel-Moreaux, organise avec le r\u00e9seau APRR un exercice de s\u00e9curit\u00e9 civile au tunnel Maurice-Lemaire, dans la nuit de ce jeudi 8 d\u00e9cembre. Le tunnel\u00a0 sera ferm\u00e9 dans les deux sens de circulation.<\/span><\/strong><\/h2>\n<p><!--more--><br \/>\nL&rsquo;op\u00e9ration n\u00e9cessitera l&rsquo;intervention de v\u00e9hicules de gendarmerie, d&rsquo;urgence et de secours. Nous vous remercions de bien vouloir respecter les mesures de circulation et de d\u00e9viation, prises pour la circonstance. Cet exercice de s\u00e9curit\u00e9 civile a pour objectif d&rsquo;am\u00e9liorer la coordination inter-services, v\u00e9rifier l&rsquo;efficacit\u00e9 des dispositifs mais \u00e9galement tester les proc\u00e9dures d&rsquo;intervention associant tous les acteurs impliqu\u00e9s dans la gestion de crise.<\/p>\n","protected":false},"excerpt":{"rendered":"<p>La pr\u00e9f\u00e8te des Vosges, Val\u00e9rie Michel-Moreaux, organise avec le r\u00e9seau APRR un exercice de s\u00e9curit\u00e9 civile au tunnel Maurice-Lemaire, dans [&hellip;]<\/p>\n","protected":false},"author":44,"featured_media":60503,"comment_status":"open","ping_status":"open","sticky":false,"template":"","format":"standard","meta":{"footnotes":""},"categories":[460,2915],"tags":[3350,11817,3395,550,3396],"class_list":["post-60502","post","type-post","status-publish","format-standard","has-post-thumbnail","hentry","category-a-la-une","category-saint-die-son-canton","tag-aprr","tag-exercice-de-securite-civile","tag-lusse","tag-prefecture-des-vosges","tag-tunnel-maurice-lemaire"],"acf":[],"yoast_head":"<!-- This site is optimized with the Yoast SEO plugin v22.5 - https:\/\/yoast.com\/wordpress\/plugins\/seo\/ -->\n<title>Lusse \u2013 Fermeture du tunnel Maurice-Lemaire pour un exercice de s\u00e9curit\u00e9 civile - Saint Die Info<\/title>\n<meta name=\"robots\" content=\"index, follow, max-snippet:-1, max-image-preview:large, max-video-preview:-1\" \/>\n<link rel=\"canonical\" href=\"https:\/\/vosgesinfo.fr\/saintdieinfo\/2022\/12\/lusse-fermeture-tunnel-maurice-lemaire-exercice-de-securite-civile\/\" \/>\n<meta name=\"twitter:card\" content=\"summary_large_image\" \/>\n<meta name=\"twitter:title\" content=\"Lusse \u2013 Fermeture du tunnel Maurice-Lemaire pour un exercice de s\u00e9curit\u00e9 civile - Saint Die Info\" \/>\n<meta name=\"twitter:description\" content=\"La pr\u00e9f\u00e8te des Vosges, Val\u00e9rie Michel-Moreaux, organise avec le r\u00e9seau APRR un exercice de s\u00e9curit\u00e9 civile au tunnel Maurice-Lemaire, dans [&hellip;]\" \/>\n<meta name=\"twitter:image\" content=\"https:\/\/vosgesinfo.fr\/app\/uploads\/sites\/4\/2024\/08\/202212lusse-exercice-tunnel-maurice-lemaire.jpg\" \/>\n<meta name=\"twitter:creator\" content=\"@VosgesInfo88\" \/>\n<meta name=\"twitter:site\" content=\"@VosgesInfo88\" \/>\n<meta name=\"twitter:label1\" content=\"\u00c9crit par\" \/>\n\t<meta name=\"twitter:data1\" content=\"la r\u00e9daction\" \/>\n\t<meta name=\"twitter:label2\" content=\"Dur\u00e9e de lecture estim\u00e9e\" \/>\n\t<meta name=\"twitter:data2\" content=\"1 minute\" \/>\n<script type=\"application\/ld+json\" class=\"yoast-schema-graph\">{\"@context\":\"https:\/\/schema.org\",\"@graph\":[{\"@type\":\"Article\",\"@id\":\"https:\/\/vosgesinfo.fr\/saintdieinfo\/2022\/12\/lusse-fermeture-tunnel-maurice-lemaire-exercice-de-securite-civile\/#article\",\"isPartOf\":{\"@id\":\"https:\/\/vosgesinfo.fr\/saintdieinfo\/2022\/12\/lusse-fermeture-tunnel-maurice-lemaire-exercice-de-securite-civile\/\"},\"author\":{\"name\":\"la r\u00e9daction\",\"@id\":\"https:\/\/vosgesinfo.fr\/saintdieinfo\/#\/schema\/person\/faee6704a21f3977511db84bd1cd450f\"},\"headline\":\"Lusse \u2013 Fermeture du tunnel Maurice-Lemaire pour un exercice de s\u00e9curit\u00e9 civile\",\"datePublished\":\"2022-12-05T08:40:00+00:00\",\"dateModified\":\"2022-12-05T08:40:00+00:00\",\"mainEntityOfPage\":{\"@id\":\"https:\/\/vosgesinfo.fr\/saintdieinfo\/2022\/12\/lusse-fermeture-tunnel-maurice-lemaire-exercice-de-securite-civile\/\"},\"wordCount\":142,\"commentCount\":0,\"publisher\":{\"@id\":\"https:\/\/vosgesinfo.fr\/saintdieinfo\/#organization\"},\"image\":{\"@id\":\"https:\/\/vosgesinfo.fr\/saintdieinfo\/2022\/12\/lusse-fermeture-tunnel-maurice-lemaire-exercice-de-securite-civile\/#primaryimage\"},\"thumbnailUrl\":\"https:\/\/vosgesinfo.fr\/app\/uploads\/sites\/4\/2024\/08\/202212lusse-exercice-tunnel-maurice-lemaire.jpg\",\"keywords\":[\"APRR\",\"Exercice de S\u00e9curit\u00e9 Civile\",\"Lusse\",\"pr\u00e9fecture des Vosges\",\"Tunnel Maurice-Lemaire\"],\"articleSection\":[\"A la Une\",\"Saint-Di\u00e9-des-Vosges et son Agglom\u00e9ration\"],\"inLanguage\":\"fr-FR\",\"potentialAction\":[{\"@type\":\"CommentAction\",\"name\":\"Comment\",\"target\":[\"https:\/\/vosgesinfo.fr\/saintdieinfo\/2022\/12\/lusse-fermeture-tunnel-maurice-lemaire-exercice-de-securite-civile\/#respond\"]}]},{\"@type\":\"WebPage\",\"@id\":\"https:\/\/vosgesinfo.fr\/saintdieinfo\/2022\/12\/lusse-fermeture-tunnel-maurice-lemaire-exercice-de-securite-civile\/\",\"url\":\"https:\/\/vosgesinfo.fr\/saintdieinfo\/2022\/12\/lusse-fermeture-tunnel-maurice-lemaire-exercice-de-securite-civile\/\",\"name\":\"Lusse \u2013 Fermeture du tunnel Maurice-Lemaire pour un exercice de s\u00e9curit\u00e9 civile - Saint Die Info\",\"isPartOf\":{\"@id\":\"https:\/\/vosgesinfo.fr\/saintdieinfo\/#website\"},\"primaryImageOfPage\":{\"@id\":\"https:\/\/vosgesinfo.fr\/saintdieinfo\/2022\/12\/lusse-fermeture-tunnel-maurice-lemaire-exercice-de-securite-civile\/#primaryimage\"},\"image\":{\"@id\":\"https:\/\/vosgesinfo.fr\/saintdieinfo\/2022\/12\/lusse-fermeture-tunnel-maurice-lemaire-exercice-de-securite-civile\/#primaryimage\"},\"thumbnailUrl\":\"https:\/\/vosgesinfo.fr\/app\/uploads\/sites\/4\/2024\/08\/202212lusse-exercice-tunnel-maurice-lemaire.jpg\",\"datePublished\":\"2022-12-05T08:40:00+00:00\",\"dateModified\":\"2022-12-05T08:40:00+00:00\",\"breadcrumb\":{\"@id\":\"https:\/\/vosgesinfo.fr\/saintdieinfo\/2022\/12\/lusse-fermeture-tunnel-maurice-lemaire-exercice-de-securite-civile\/#breadcrumb\"},\"inLanguage\":\"fr-FR\",\"potentialAction\":[{\"@type\":\"ReadAction\",\"target\":[\"https:\/\/vosgesinfo.fr\/saintdieinfo\/2022\/12\/lusse-fermeture-tunnel-maurice-lemaire-exercice-de-securite-civile\/\"]}]},{\"@type\":\"ImageObject\",\"inLanguage\":\"fr-FR\",\"@id\":\"https:\/\/vosgesinfo.fr\/saintdieinfo\/2022\/12\/lusse-fermeture-tunnel-maurice-lemaire-exercice-de-securite-civile\/#primaryimage\",\"url\":\"https:\/\/vosgesinfo.fr\/app\/uploads\/sites\/4\/2024\/08\/202212lusse-exercice-tunnel-maurice-lemaire.jpg\",\"contentUrl\":\"https:\/\/vosgesinfo.fr\/app\/uploads\/sites\/4\/2024\/08\/202212lusse-exercice-tunnel-maurice-lemaire.jpg\",\"width\":1600,\"height\":1067},{\"@type\":\"BreadcrumbList\",\"@id\":\"https:\/\/vosgesinfo.fr\/saintdieinfo\/2022\/12\/lusse-fermeture-tunnel-maurice-lemaire-exercice-de-securite-civile\/#breadcrumb\",\"itemListElement\":[{\"@type\":\"ListItem\",\"position\":1,\"name\":\"Home\",\"item\":\"https:\/\/vosgesinfo.fr\/saintdieinfo\/\"},{\"@type\":\"ListItem\",\"position\":2,\"name\":\"Lusse \u2013 Fermeture du tunnel Maurice-Lemaire pour un exercice de s\u00e9curit\u00e9 civile\"}]},{\"@type\":\"WebSite\",\"@id\":\"https:\/\/vosgesinfo.fr\/saintdieinfo\/#website\",\"url\":\"https:\/\/vosgesinfo.fr\/saintdieinfo\/\",\"name\":\"Saint Die Info\",\"description\":\"Toute l&#039;actualit\u00e9 de Saint-Di\u00e9-Des-Vosges\",\"publisher\":{\"@id\":\"https:\/\/vosgesinfo.fr\/saintdieinfo\/#organization\"},\"alternateName\":\"Toute l'actualit\u00e9 de Saint-Di\u00e9-Des-Vosges\",\"potentialAction\":[{\"@type\":\"SearchAction\",\"target\":{\"@type\":\"EntryPoint\",\"urlTemplate\":\"https:\/\/vosgesinfo.fr\/saintdieinfo\/?s={search_term_string}\"},\"query-input\":\"required name=search_term_string\"}],\"inLanguage\":\"fr-FR\"},{\"@type\":\"Organization\",\"@id\":\"https:\/\/vosgesinfo.fr\/saintdieinfo\/#organization\",\"name\":\"Saint Die Info\",\"url\":\"https:\/\/vosgesinfo.fr\/saintdieinfo\/\",\"logo\":{\"@type\":\"ImageObject\",\"inLanguage\":\"fr-FR\",\"@id\":\"https:\/\/vosgesinfo.fr\/saintdieinfo\/#\/schema\/logo\/image\/\",\"url\":\"https:\/\/vosgesinfo.fr\/app\/uploads\/sites\/4\/2024\/02\/logo-sdi.jpg\",\"contentUrl\":\"https:\/\/vosgesinfo.fr\/app\/uploads\/sites\/4\/2024\/02\/logo-sdi.jpg\",\"width\":600,\"height\":600,\"caption\":\"Saint Die Info\"},\"image\":{\"@id\":\"https:\/\/vosgesinfo.fr\/saintdieinfo\/#\/schema\/logo\/image\/\"},\"sameAs\":[\"https:\/\/www.facebook.com\/Saintdieinfofr\",\"https:\/\/x.com\/VosgesInfo88\",\"https:\/\/www.youtube.com\/@vosgesinfo\"]},{\"@type\":\"Person\",\"@id\":\"https:\/\/vosgesinfo.fr\/saintdieinfo\/#\/schema\/person\/faee6704a21f3977511db84bd1cd450f\",\"name\":\"la r\u00e9daction\",\"image\":{\"@type\":\"ImageObject\",\"inLanguage\":\"fr-FR\",\"@id\":\"https:\/\/vosgesinfo.fr\/saintdieinfo\/#\/schema\/person\/image\/\",\"url\":\"https:\/\/secure.gravatar.com\/avatar\/6673d8bc6a9c17fa9a453eaa3448de834fa308c2ec9635b7aa99441a7c8d2cf6?s=96&d=mm&r=g\",\"contentUrl\":\"https:\/\/secure.gravatar.com\/avatar\/6673d8bc6a9c17fa9a453eaa3448de834fa308c2ec9635b7aa99441a7c8d2cf6?s=96&d=mm&r=g\",\"caption\":\"la r\u00e9daction\"},\"url\":\"https:\/\/vosgesinfo.fr\/saintdieinfo\/author\/redac\/\"}]}<\/script>\n<!-- \/ Yoast SEO plugin. -->","yoast_head_json":{"title":"Lusse \u2013 Fermeture du tunnel Maurice-Lemaire pour un exercice de s\u00e9curit\u00e9 civile - Saint Die Info","robots":{"index":"index","follow":"follow","max-snippet":"max-snippet:-1","max-image-preview":"max-image-preview:large","max-video-preview":"max-video-preview:-1"},"canonical":"https:\/\/vosgesinfo.fr\/saintdieinfo\/2022\/12\/lusse-fermeture-tunnel-maurice-lemaire-exercice-de-securite-civile\/","twitter_card":"summary_large_image","twitter_title":"Lusse \u2013 Fermeture du tunnel Maurice-Lemaire pour un exercice de s\u00e9curit\u00e9 civile - Saint Die Info","twitter_description":"La pr\u00e9f\u00e8te des Vosges, Val\u00e9rie Michel-Moreaux, organise avec le r\u00e9seau APRR un exercice de s\u00e9curit\u00e9 civile au tunnel Maurice-Lemaire, dans [&hellip;]","twitter_image":"https:\/\/vosgesinfo.fr\/app\/uploads\/sites\/4\/2024\/08\/202212lusse-exercice-tunnel-maurice-lemaire.jpg","twitter_creator":"@VosgesInfo88","twitter_site":"@VosgesInfo88","twitter_misc":{"\u00c9crit par":"la r\u00e9daction","Dur\u00e9e de lecture estim\u00e9e":"1 minute"},"schema":{"@context":"https:\/\/schema.org","@graph":[{"@type":"Article","@id":"https:\/\/vosgesinfo.fr\/saintdieinfo\/2022\/12\/lusse-fermeture-tunnel-maurice-lemaire-exercice-de-securite-civile\/#article","isPartOf":{"@id":"https:\/\/vosgesinfo.fr\/saintdieinfo\/2022\/12\/lusse-fermeture-tunnel-maurice-lemaire-exercice-de-securite-civile\/"},"author":{"name":"la r\u00e9daction","@id":"https:\/\/vosgesinfo.fr\/saintdieinfo\/#\/schema\/person\/faee6704a21f3977511db84bd1cd450f"},"headline":"Lusse \u2013 Fermeture du tunnel Maurice-Lemaire pour un exercice de s\u00e9curit\u00e9 civile","datePublished":"2022-12-05T08:40:00+00:00","dateModified":"2022-12-05T08:40:00+00:00","mainEntityOfPage":{"@id":"https:\/\/vosgesinfo.fr\/saintdieinfo\/2022\/12\/lusse-fermeture-tunnel-maurice-lemaire-exercice-de-securite-civile\/"},"wordCount":142,"commentCount":0,"publisher":{"@id":"https:\/\/vosgesinfo.fr\/saintdieinfo\/#organization"},"image":{"@id":"https:\/\/vosgesinfo.fr\/saintdieinfo\/2022\/12\/lusse-fermeture-tunnel-maurice-lemaire-exercice-de-securite-civile\/#primaryimage"},"thumbnailUrl":"https:\/\/vosgesinfo.fr\/app\/uploads\/sites\/4\/2024\/08\/202212lusse-exercice-tunnel-maurice-lemaire.jpg","keywords":["APRR","Exercice de S\u00e9curit\u00e9 Civile","Lusse","pr\u00e9fecture des Vosges","Tunnel Maurice-Lemaire"],"articleSection":["A la Une","Saint-Di\u00e9-des-Vosges et son Agglom\u00e9ration"],"inLanguage":"fr-FR","potentialAction":[{"@type":"CommentAction","name":"Comment","target":["https:\/\/vosgesinfo.fr\/saintdieinfo\/2022\/12\/lusse-fermeture-tunnel-maurice-lemaire-exercice-de-securite-civile\/#respond"]}]},{"@type":"WebPage","@id":"https:\/\/vosgesinfo.fr\/saintdieinfo\/2022\/12\/lusse-fermeture-tunnel-maurice-lemaire-exercice-de-securite-civile\/","url":"https:\/\/vosgesinfo.fr\/saintdieinfo\/2022\/12\/lusse-fermeture-tunnel-maurice-lemaire-exercice-de-securite-civile\/","name":"Lusse \u2013 Fermeture du tunnel Maurice-Lemaire pour un exercice de s\u00e9curit\u00e9 civile - Saint Die Info","isPartOf":{"@id":"https:\/\/vosgesinfo.fr\/saintdieinfo\/#website"},"primaryImageOfPage":{"@id":"https:\/\/vosgesinfo.fr\/saintdieinfo\/2022\/12\/lusse-fermeture-tunnel-maurice-lemaire-exercice-de-securite-civile\/#primaryimage"},"image":{"@id":"https:\/\/vosgesinfo.fr\/saintdieinfo\/2022\/12\/lusse-fermeture-tunnel-maurice-lemaire-exercice-de-securite-civile\/#primaryimage"},"thumbnailUrl":"https:\/\/vosgesinfo.fr\/app\/uploads\/sites\/4\/2024\/08\/202212lusse-exercice-tunnel-maurice-lemaire.jpg","datePublished":"2022-12-05T08:40:00+00:00","dateModified":"2022-12-05T08:40:00+00:00","breadcrumb":{"@id":"https:\/\/vosgesinfo.fr\/saintdieinfo\/2022\/12\/lusse-fermeture-tunnel-maurice-lemaire-exercice-de-securite-civile\/#breadcrumb"},"inLanguage":"fr-FR","potentialAction":[{"@type":"ReadAction","target":["https:\/\/vosgesinfo.fr\/saintdieinfo\/2022\/12\/lusse-fermeture-tunnel-maurice-lemaire-exercice-de-securite-civile\/"]}]},{"@type":"ImageObject","inLanguage":"fr-FR","@id":"https:\/\/vosgesinfo.fr\/saintdieinfo\/2022\/12\/lusse-fermeture-tunnel-maurice-lemaire-exercice-de-securite-civile\/#primaryimage","url":"https:\/\/vosgesinfo.fr\/app\/uploads\/sites\/4\/2024\/08\/202212lusse-exercice-tunnel-maurice-lemaire.jpg","contentUrl":"https:\/\/vosgesinfo.fr\/app\/uploads\/sites\/4\/2024\/08\/202212lusse-exercice-tunnel-maurice-lemaire.jpg","width":1600,"height":1067},{"@type":"BreadcrumbList","@id":"https:\/\/vosgesinfo.fr\/saintdieinfo\/2022\/12\/lusse-fermeture-tunnel-maurice-lemaire-exercice-de-securite-civile\/#breadcrumb","itemListElement":[{"@type":"ListItem","position":1,"name":"Home","item":"https:\/\/vosgesinfo.fr\/saintdieinfo\/"},{"@type":"ListItem","position":2,"name":"Lusse \u2013 Fermeture du tunnel Maurice-Lemaire pour un exercice de s\u00e9curit\u00e9 civile"}]},{"@type":"WebSite","@id":"https:\/\/vosgesinfo.fr\/saintdieinfo\/#website","url":"https:\/\/vosgesinfo.fr\/saintdieinfo\/","name":"Saint Die Info","description":"Toute l&#039;actualit\u00e9 de Saint-Di\u00e9-Des-Vosges","publisher":{"@id":"https:\/\/vosgesinfo.fr\/saintdieinfo\/#organization"},"alternateName":"Toute l'actualit\u00e9 de Saint-Di\u00e9-Des-Vosges","potentialAction":[{"@type":"SearchAction","target":{"@type":"EntryPoint","urlTemplate":"https:\/\/vosgesinfo.fr\/saintdieinfo\/?s={search_term_string}"},"query-input":"required name=search_term_string"}],"inLanguage":"fr-FR"},{"@type":"Organization","@id":"https:\/\/vosgesinfo.fr\/saintdieinfo\/#organization","name":"Saint Die Info","url":"https:\/\/vosgesinfo.fr\/saintdieinfo\/","logo":{"@type":"ImageObject","inLanguage":"fr-FR","@id":"https:\/\/vosgesinfo.fr\/saintdieinfo\/#\/schema\/logo\/image\/","url":"https:\/\/vosgesinfo.fr\/app\/uploads\/sites\/4\/2024\/02\/logo-sdi.jpg","contentUrl":"https:\/\/vosgesinfo.fr\/app\/uploads\/sites\/4\/2024\/02\/logo-sdi.jpg","width":600,"height":600,"caption":"Saint Die Info"},"image":{"@id":"https:\/\/vosgesinfo.fr\/saintdieinfo\/#\/schema\/logo\/image\/"},"sameAs":["https:\/\/www.facebook.com\/Saintdieinfofr","https:\/\/x.com\/VosgesInfo88","https:\/\/www.youtube.com\/@vosgesinfo"]},{"@type":"Person","@id":"https:\/\/vosgesinfo.fr\/saintdieinfo\/#\/schema\/person\/faee6704a21f3977511db84bd1cd450f","name":"la r\u00e9daction","image":{"@type":"ImageObject","inLanguage":"fr-FR","@id":"https:\/\/vosgesinfo.fr\/saintdieinfo\/#\/schema\/person\/image\/","url":"https:\/\/secure.gravatar.com\/avatar\/6673d8bc6a9c17fa9a453eaa3448de834fa308c2ec9635b7aa99441a7c8d2cf6?s=96&d=mm&r=g","contentUrl":"https:\/\/secure.gravatar.com\/avatar\/6673d8bc6a9c17fa9a453eaa3448de834fa308c2ec9635b7aa99441a7c8d2cf6?s=96&d=mm&r=g","caption":"la r\u00e9daction"},"url":"https:\/\/vosgesinfo.fr\/saintdieinfo\/author\/redac\/"}]}},"_links":{"self":[{"href":"https:\/\/vosgesinfo.fr\/saintdieinfo\/wp-json\/wp\/v2\/posts\/60502","targetHints":{"allow":["GET"]}}],"collection":[{"href":"https:\/\/vosgesinfo.fr\/saintdieinfo\/wp-json\/wp\/v2\/posts"}],"about":[{"href":"https:\/\/vosgesinfo.fr\/saintdieinfo\/wp-json\/wp\/v2\/types\/post"}],"author":[{"embeddable":true,"href":"https:\/\/vosgesinfo.fr\/saintdieinfo\/wp-json\/wp\/v2\/users\/44"}],"replies":[{"embeddable":true,"href":"https:\/\/vosgesinfo.fr\/saintdieinfo\/wp-json\/wp\/v2\/comments?post=60502"}],"version-history":[{"count":0,"href":"https:\/\/vosgesinfo.fr\/saintdieinfo\/wp-json\/wp\/v2\/posts\/60502\/revisions"}],"wp:featuredmedia":[{"embeddable":true,"href":"https:\/\/vosgesinfo.fr\/saintdieinfo\/wp-json\/wp\/v2\/media\/60503"}],"wp:attachment":[{"href":"https:\/\/vosgesinfo.fr\/saintdieinfo\/wp-json\/wp\/v2\/media?parent=60502"}],"wp:term":[{"taxonomy":"category","embeddable":true,"href":"https:\/\/vosgesinfo.fr\/saintdieinfo\/wp-json\/wp\/v2\/categories?post=60502"},{"taxonomy":"post_tag","embeddable":true,"href":"https:\/\/vosgesinfo.fr\/saintdieinfo\/wp-json\/wp\/v2\/tags?post=60502"}],"curies":[{"name":"wp","href":"https:\/\/api.w.org\/{rel}","templated":true}]}}