{"id":60530,"date":"2022-12-05T12:23:17","date_gmt":"2022-12-05T11:23:17","guid":{"rendered":"https:\/\/vosgesinfo.fr\/saintdieinfo\/2022\/12\/2young-2waste-nouvelle-mini-entreprise-lycee-baumont\/"},"modified":"2022-12-05T12:23:17","modified_gmt":"2022-12-05T11:23:17","slug":"2young-2waste-nouvelle-mini-entreprise-lycee-baumont","status":"publish","type":"post","link":"https:\/\/vosgesinfo.fr\/saintdieinfo\/2022\/12\/2young-2waste-nouvelle-mini-entreprise-lycee-baumont\/","title":{"rendered":"\u00ab\u00a02Young 2Waste\u00a0\u00bb, la nouvelle mini-entreprise du lyc\u00e9e Baumont"},"content":{"rendered":"\n<h2><strong><span style=\"font-size: 14pt;\">Apr\u00e8s \u00ab\u00a0Melec CO\u00b2\u00a0\u00bb et son d\u00e9tecteur de CO\u00b2 l&rsquo;an dernier (<a href=\"https:\/\/saintdieinfo.fr\/2022\/05\/melec-co%c2%b2-eleves-lycee-georges-baumont-creent-detecteur-de-co%c2%b2\/\" target=\"_blank\" rel=\"noopener\">lire notre article<\/a>), une nouvelle mini-entreprise a \u00e9t\u00e9 r\u00e9cemment cr\u00e9\u00e9e au lyc\u00e9e Georges-Baumont, toujours dans le cadre du programme Entreprendre Pour Aprendre \u2013 EPA.<\/span><\/strong><\/h2>\n<p><!--more--><\/p>\n<p>Baptis\u00e9e \u00ab\u00a02Young 2Waste\u00a0\u00bb \u2013 litt\u00e9ralement \u00ab\u00a0Trop jeunes pour gaspiller\u00a0\u00bb \u2013 la nouvelle mini-entreprise r\u00e9unit 15 \u00e9l\u00e8ves du lyc\u00e9e polyvalent d\u00e9odatien, qui ont pour ambition de concevoir, fabriquer et commercialiser un objet permettant de conna\u00eetre la date d&rsquo;ouverture d&rsquo;un produit alimentaire se conservant au frigo. Comme par exemple une brique de lait ou de cr\u00e8me, du jambon sous vide&#8230; pour l&rsquo;adapter ensuite \u00e0 des solutions pharmaceutiques. L&rsquo;objectif derri\u00e8re cette mini-entreprise \u00e9tant d&rsquo;\u00e9viter le gaspillage, une probl\u00e9matique des plus pr\u00e9occupantes et des plus actuelles.<\/p>\n<p>J.J.<\/p>\n","protected":false},"excerpt":{"rendered":"<p>Apr\u00e8s \u00ab\u00a0Melec CO\u00b2\u00a0\u00bb et son d\u00e9tecteur de CO\u00b2 l&rsquo;an dernier (lire notre article), une nouvelle mini-entreprise a \u00e9t\u00e9 r\u00e9cemment cr\u00e9\u00e9e [&hellip;]<\/p>\n","protected":false},"author":44,"featured_media":60531,"comment_status":"open","ping_status":"open","sticky":false,"template":"","format":"standard","meta":{"footnotes":""},"categories":[460,6,2915],"tags":[13338,11526,13339,13340,11529],"class_list":["post-60530","post","type-post","status-publish","format-standard","has-post-thumbnail","hentry","category-a-la-une","category-education","category-saint-die-son-canton","tag-2young-2waste","tag-entreprendre-pour-apprendre","tag-epa","tag-mini-entreprise","tag-mini-entreprise-du-lycee-georges-baumont"],"acf":[],"yoast_head":"<!-- This site is optimized with the Yoast SEO plugin v22.5 - https:\/\/yoast.com\/wordpress\/plugins\/seo\/ -->\n<title>&quot;2Young 2Waste&quot;, la nouvelle mini-entreprise du lyc\u00e9e Baumont - Saint Die Info<\/title>\n<meta name=\"robots\" content=\"index, follow, max-snippet:-1, max-image-preview:large, max-video-preview:-1\" \/>\n<link rel=\"canonical\" href=\"https:\/\/vosgesinfo.fr\/saintdieinfo\/2022\/12\/2young-2waste-nouvelle-mini-entreprise-lycee-baumont\/\" \/>\n<meta name=\"twitter:card\" content=\"summary_large_image\" \/>\n<meta name=\"twitter:title\" content=\"&quot;2Young 2Waste&quot;, la nouvelle mini-entreprise du lyc\u00e9e Baumont - Saint Die Info\" \/>\n<meta name=\"twitter:description\" content=\"Apr\u00e8s \u00ab\u00a0Melec CO\u00b2\u00a0\u00bb et son d\u00e9tecteur de CO\u00b2 l&rsquo;an dernier (lire notre article), une nouvelle mini-entreprise a \u00e9t\u00e9 r\u00e9cemment cr\u00e9\u00e9e [&hellip;]\" \/>\n<meta name=\"twitter:image\" content=\"https:\/\/vosgesinfo.fr\/app\/uploads\/sites\/4\/2024\/08\/202212mini-entreprise-baumont-2young-2waste-1.jpg\" \/>\n<meta name=\"twitter:creator\" content=\"@VosgesInfo88\" \/>\n<meta name=\"twitter:site\" content=\"@VosgesInfo88\" \/>\n<meta name=\"twitter:label1\" content=\"\u00c9crit par\" \/>\n\t<meta name=\"twitter:data1\" content=\"la r\u00e9daction\" \/>\n\t<meta name=\"twitter:label2\" content=\"Dur\u00e9e de lecture estim\u00e9e\" \/>\n\t<meta name=\"twitter:data2\" content=\"1 minute\" \/>\n<script type=\"application\/ld+json\" class=\"yoast-schema-graph\">{\"@context\":\"https:\/\/schema.org\",\"@graph\":[{\"@type\":\"Article\",\"@id\":\"https:\/\/vosgesinfo.fr\/saintdieinfo\/2022\/12\/2young-2waste-nouvelle-mini-entreprise-lycee-baumont\/#article\",\"isPartOf\":{\"@id\":\"https:\/\/vosgesinfo.fr\/saintdieinfo\/2022\/12\/2young-2waste-nouvelle-mini-entreprise-lycee-baumont\/\"},\"author\":{\"name\":\"la r\u00e9daction\",\"@id\":\"https:\/\/vosgesinfo.fr\/saintdieinfo\/#\/schema\/person\/faee6704a21f3977511db84bd1cd450f\"},\"headline\":\"\u00ab\u00a02Young 2Waste\u00a0\u00bb, la nouvelle mini-entreprise du lyc\u00e9e Baumont\",\"datePublished\":\"2022-12-05T11:23:17+00:00\",\"dateModified\":\"2022-12-05T11:23:17+00:00\",\"mainEntityOfPage\":{\"@id\":\"https:\/\/vosgesinfo.fr\/saintdieinfo\/2022\/12\/2young-2waste-nouvelle-mini-entreprise-lycee-baumont\/\"},\"wordCount\":150,\"commentCount\":0,\"publisher\":{\"@id\":\"https:\/\/vosgesinfo.fr\/saintdieinfo\/#organization\"},\"image\":{\"@id\":\"https:\/\/vosgesinfo.fr\/saintdieinfo\/2022\/12\/2young-2waste-nouvelle-mini-entreprise-lycee-baumont\/#primaryimage\"},\"thumbnailUrl\":\"https:\/\/vosgesinfo.fr\/app\/uploads\/sites\/4\/2024\/08\/202212mini-entreprise-baumont-2young-2waste-1.jpg\",\"keywords\":[\"2Young 2Waste\",\"Entreprendre Pour Apprendre\",\"EPA\",\"Mini-entreprise\",\"Mini-entreprise du lyc\u00e9e Georges-Baumont\"],\"articleSection\":[\"A la Une\",\"\u00c9ducation\",\"Saint-Di\u00e9-des-Vosges et son Agglom\u00e9ration\"],\"inLanguage\":\"fr-FR\",\"potentialAction\":[{\"@type\":\"CommentAction\",\"name\":\"Comment\",\"target\":[\"https:\/\/vosgesinfo.fr\/saintdieinfo\/2022\/12\/2young-2waste-nouvelle-mini-entreprise-lycee-baumont\/#respond\"]}]},{\"@type\":\"WebPage\",\"@id\":\"https:\/\/vosgesinfo.fr\/saintdieinfo\/2022\/12\/2young-2waste-nouvelle-mini-entreprise-lycee-baumont\/\",\"url\":\"https:\/\/vosgesinfo.fr\/saintdieinfo\/2022\/12\/2young-2waste-nouvelle-mini-entreprise-lycee-baumont\/\",\"name\":\"\\\"2Young 2Waste\\\", la nouvelle mini-entreprise du lyc\u00e9e Baumont - Saint Die Info\",\"isPartOf\":{\"@id\":\"https:\/\/vosgesinfo.fr\/saintdieinfo\/#website\"},\"primaryImageOfPage\":{\"@id\":\"https:\/\/vosgesinfo.fr\/saintdieinfo\/2022\/12\/2young-2waste-nouvelle-mini-entreprise-lycee-baumont\/#primaryimage\"},\"image\":{\"@id\":\"https:\/\/vosgesinfo.fr\/saintdieinfo\/2022\/12\/2young-2waste-nouvelle-mini-entreprise-lycee-baumont\/#primaryimage\"},\"thumbnailUrl\":\"https:\/\/vosgesinfo.fr\/app\/uploads\/sites\/4\/2024\/08\/202212mini-entreprise-baumont-2young-2waste-1.jpg\",\"datePublished\":\"2022-12-05T11:23:17+00:00\",\"dateModified\":\"2022-12-05T11:23:17+00:00\",\"breadcrumb\":{\"@id\":\"https:\/\/vosgesinfo.fr\/saintdieinfo\/2022\/12\/2young-2waste-nouvelle-mini-entreprise-lycee-baumont\/#breadcrumb\"},\"inLanguage\":\"fr-FR\",\"potentialAction\":[{\"@type\":\"ReadAction\",\"target\":[\"https:\/\/vosgesinfo.fr\/saintdieinfo\/2022\/12\/2young-2waste-nouvelle-mini-entreprise-lycee-baumont\/\"]}]},{\"@type\":\"ImageObject\",\"inLanguage\":\"fr-FR\",\"@id\":\"https:\/\/vosgesinfo.fr\/saintdieinfo\/2022\/12\/2young-2waste-nouvelle-mini-entreprise-lycee-baumont\/#primaryimage\",\"url\":\"https:\/\/vosgesinfo.fr\/app\/uploads\/sites\/4\/2024\/08\/202212mini-entreprise-baumont-2young-2waste-1.jpg\",\"contentUrl\":\"https:\/\/vosgesinfo.fr\/app\/uploads\/sites\/4\/2024\/08\/202212mini-entreprise-baumont-2young-2waste-1.jpg\",\"width\":1440,\"height\":1076},{\"@type\":\"BreadcrumbList\",\"@id\":\"https:\/\/vosgesinfo.fr\/saintdieinfo\/2022\/12\/2young-2waste-nouvelle-mini-entreprise-lycee-baumont\/#breadcrumb\",\"itemListElement\":[{\"@type\":\"ListItem\",\"position\":1,\"name\":\"Home\",\"item\":\"https:\/\/vosgesinfo.fr\/saintdieinfo\/\"},{\"@type\":\"ListItem\",\"position\":2,\"name\":\"\u00ab\u00a02Young 2Waste\u00a0\u00bb, la nouvelle mini-entreprise du lyc\u00e9e Baumont\"}]},{\"@type\":\"WebSite\",\"@id\":\"https:\/\/vosgesinfo.fr\/saintdieinfo\/#website\",\"url\":\"https:\/\/vosgesinfo.fr\/saintdieinfo\/\",\"name\":\"Saint Die Info\",\"description\":\"Toute l&#039;actualit\u00e9 de Saint-Di\u00e9-Des-Vosges\",\"publisher\":{\"@id\":\"https:\/\/vosgesinfo.fr\/saintdieinfo\/#organization\"},\"alternateName\":\"Toute l'actualit\u00e9 de Saint-Di\u00e9-Des-Vosges\",\"potentialAction\":[{\"@type\":\"SearchAction\",\"target\":{\"@type\":\"EntryPoint\",\"urlTemplate\":\"https:\/\/vosgesinfo.fr\/saintdieinfo\/?s={search_term_string}\"},\"query-input\":\"required name=search_term_string\"}],\"inLanguage\":\"fr-FR\"},{\"@type\":\"Organization\",\"@id\":\"https:\/\/vosgesinfo.fr\/saintdieinfo\/#organization\",\"name\":\"Saint Die Info\",\"url\":\"https:\/\/vosgesinfo.fr\/saintdieinfo\/\",\"logo\":{\"@type\":\"ImageObject\",\"inLanguage\":\"fr-FR\",\"@id\":\"https:\/\/vosgesinfo.fr\/saintdieinfo\/#\/schema\/logo\/image\/\",\"url\":\"https:\/\/vosgesinfo.fr\/app\/uploads\/sites\/4\/2024\/02\/logo-sdi.jpg\",\"contentUrl\":\"https:\/\/vosgesinfo.fr\/app\/uploads\/sites\/4\/2024\/02\/logo-sdi.jpg\",\"width\":600,\"height\":600,\"caption\":\"Saint Die Info\"},\"image\":{\"@id\":\"https:\/\/vosgesinfo.fr\/saintdieinfo\/#\/schema\/logo\/image\/\"},\"sameAs\":[\"https:\/\/www.facebook.com\/Saintdieinfofr\",\"https:\/\/x.com\/VosgesInfo88\",\"https:\/\/www.youtube.com\/@vosgesinfo\"]},{\"@type\":\"Person\",\"@id\":\"https:\/\/vosgesinfo.fr\/saintdieinfo\/#\/schema\/person\/faee6704a21f3977511db84bd1cd450f\",\"name\":\"la r\u00e9daction\",\"image\":{\"@type\":\"ImageObject\",\"inLanguage\":\"fr-FR\",\"@id\":\"https:\/\/vosgesinfo.fr\/saintdieinfo\/#\/schema\/person\/image\/\",\"url\":\"https:\/\/secure.gravatar.com\/avatar\/6673d8bc6a9c17fa9a453eaa3448de834fa308c2ec9635b7aa99441a7c8d2cf6?s=96&d=mm&r=g\",\"contentUrl\":\"https:\/\/secure.gravatar.com\/avatar\/6673d8bc6a9c17fa9a453eaa3448de834fa308c2ec9635b7aa99441a7c8d2cf6?s=96&d=mm&r=g\",\"caption\":\"la r\u00e9daction\"},\"url\":\"https:\/\/vosgesinfo.fr\/saintdieinfo\/author\/redac\/\"}]}<\/script>\n<!-- \/ Yoast SEO plugin. -->","yoast_head_json":{"title":"\"2Young 2Waste\", la nouvelle mini-entreprise du lyc\u00e9e Baumont - Saint Die Info","robots":{"index":"index","follow":"follow","max-snippet":"max-snippet:-1","max-image-preview":"max-image-preview:large","max-video-preview":"max-video-preview:-1"},"canonical":"https:\/\/vosgesinfo.fr\/saintdieinfo\/2022\/12\/2young-2waste-nouvelle-mini-entreprise-lycee-baumont\/","twitter_card":"summary_large_image","twitter_title":"\"2Young 2Waste\", la nouvelle mini-entreprise du lyc\u00e9e Baumont - Saint Die Info","twitter_description":"Apr\u00e8s \u00ab\u00a0Melec CO\u00b2\u00a0\u00bb et son d\u00e9tecteur de CO\u00b2 l&rsquo;an dernier (lire notre article), une nouvelle mini-entreprise a \u00e9t\u00e9 r\u00e9cemment cr\u00e9\u00e9e [&hellip;]","twitter_image":"https:\/\/vosgesinfo.fr\/app\/uploads\/sites\/4\/2024\/08\/202212mini-entreprise-baumont-2young-2waste-1.jpg","twitter_creator":"@VosgesInfo88","twitter_site":"@VosgesInfo88","twitter_misc":{"\u00c9crit par":"la r\u00e9daction","Dur\u00e9e de lecture estim\u00e9e":"1 minute"},"schema":{"@context":"https:\/\/schema.org","@graph":[{"@type":"Article","@id":"https:\/\/vosgesinfo.fr\/saintdieinfo\/2022\/12\/2young-2waste-nouvelle-mini-entreprise-lycee-baumont\/#article","isPartOf":{"@id":"https:\/\/vosgesinfo.fr\/saintdieinfo\/2022\/12\/2young-2waste-nouvelle-mini-entreprise-lycee-baumont\/"},"author":{"name":"la r\u00e9daction","@id":"https:\/\/vosgesinfo.fr\/saintdieinfo\/#\/schema\/person\/faee6704a21f3977511db84bd1cd450f"},"headline":"\u00ab\u00a02Young 2Waste\u00a0\u00bb, la nouvelle mini-entreprise du lyc\u00e9e Baumont","datePublished":"2022-12-05T11:23:17+00:00","dateModified":"2022-12-05T11:23:17+00:00","mainEntityOfPage":{"@id":"https:\/\/vosgesinfo.fr\/saintdieinfo\/2022\/12\/2young-2waste-nouvelle-mini-entreprise-lycee-baumont\/"},"wordCount":150,"commentCount":0,"publisher":{"@id":"https:\/\/vosgesinfo.fr\/saintdieinfo\/#organization"},"image":{"@id":"https:\/\/vosgesinfo.fr\/saintdieinfo\/2022\/12\/2young-2waste-nouvelle-mini-entreprise-lycee-baumont\/#primaryimage"},"thumbnailUrl":"https:\/\/vosgesinfo.fr\/app\/uploads\/sites\/4\/2024\/08\/202212mini-entreprise-baumont-2young-2waste-1.jpg","keywords":["2Young 2Waste","Entreprendre Pour Apprendre","EPA","Mini-entreprise","Mini-entreprise du lyc\u00e9e Georges-Baumont"],"articleSection":["A la Une","\u00c9ducation","Saint-Di\u00e9-des-Vosges et son Agglom\u00e9ration"],"inLanguage":"fr-FR","potentialAction":[{"@type":"CommentAction","name":"Comment","target":["https:\/\/vosgesinfo.fr\/saintdieinfo\/2022\/12\/2young-2waste-nouvelle-mini-entreprise-lycee-baumont\/#respond"]}]},{"@type":"WebPage","@id":"https:\/\/vosgesinfo.fr\/saintdieinfo\/2022\/12\/2young-2waste-nouvelle-mini-entreprise-lycee-baumont\/","url":"https:\/\/vosgesinfo.fr\/saintdieinfo\/2022\/12\/2young-2waste-nouvelle-mini-entreprise-lycee-baumont\/","name":"\"2Young 2Waste\", la nouvelle mini-entreprise du lyc\u00e9e Baumont - Saint Die Info","isPartOf":{"@id":"https:\/\/vosgesinfo.fr\/saintdieinfo\/#website"},"primaryImageOfPage":{"@id":"https:\/\/vosgesinfo.fr\/saintdieinfo\/2022\/12\/2young-2waste-nouvelle-mini-entreprise-lycee-baumont\/#primaryimage"},"image":{"@id":"https:\/\/vosgesinfo.fr\/saintdieinfo\/2022\/12\/2young-2waste-nouvelle-mini-entreprise-lycee-baumont\/#primaryimage"},"thumbnailUrl":"https:\/\/vosgesinfo.fr\/app\/uploads\/sites\/4\/2024\/08\/202212mini-entreprise-baumont-2young-2waste-1.jpg","datePublished":"2022-12-05T11:23:17+00:00","dateModified":"2022-12-05T11:23:17+00:00","breadcrumb":{"@id":"https:\/\/vosgesinfo.fr\/saintdieinfo\/2022\/12\/2young-2waste-nouvelle-mini-entreprise-lycee-baumont\/#breadcrumb"},"inLanguage":"fr-FR","potentialAction":[{"@type":"ReadAction","target":["https:\/\/vosgesinfo.fr\/saintdieinfo\/2022\/12\/2young-2waste-nouvelle-mini-entreprise-lycee-baumont\/"]}]},{"@type":"ImageObject","inLanguage":"fr-FR","@id":"https:\/\/vosgesinfo.fr\/saintdieinfo\/2022\/12\/2young-2waste-nouvelle-mini-entreprise-lycee-baumont\/#primaryimage","url":"https:\/\/vosgesinfo.fr\/app\/uploads\/sites\/4\/2024\/08\/202212mini-entreprise-baumont-2young-2waste-1.jpg","contentUrl":"https:\/\/vosgesinfo.fr\/app\/uploads\/sites\/4\/2024\/08\/202212mini-entreprise-baumont-2young-2waste-1.jpg","width":1440,"height":1076},{"@type":"BreadcrumbList","@id":"https:\/\/vosgesinfo.fr\/saintdieinfo\/2022\/12\/2young-2waste-nouvelle-mini-entreprise-lycee-baumont\/#breadcrumb","itemListElement":[{"@type":"ListItem","position":1,"name":"Home","item":"https:\/\/vosgesinfo.fr\/saintdieinfo\/"},{"@type":"ListItem","position":2,"name":"\u00ab\u00a02Young 2Waste\u00a0\u00bb, la nouvelle mini-entreprise du lyc\u00e9e Baumont"}]},{"@type":"WebSite","@id":"https:\/\/vosgesinfo.fr\/saintdieinfo\/#website","url":"https:\/\/vosgesinfo.fr\/saintdieinfo\/","name":"Saint Die Info","description":"Toute l&#039;actualit\u00e9 de Saint-Di\u00e9-Des-Vosges","publisher":{"@id":"https:\/\/vosgesinfo.fr\/saintdieinfo\/#organization"},"alternateName":"Toute l'actualit\u00e9 de Saint-Di\u00e9-Des-Vosges","potentialAction":[{"@type":"SearchAction","target":{"@type":"EntryPoint","urlTemplate":"https:\/\/vosgesinfo.fr\/saintdieinfo\/?s={search_term_string}"},"query-input":"required name=search_term_string"}],"inLanguage":"fr-FR"},{"@type":"Organization","@id":"https:\/\/vosgesinfo.fr\/saintdieinfo\/#organization","name":"Saint Die Info","url":"https:\/\/vosgesinfo.fr\/saintdieinfo\/","logo":{"@type":"ImageObject","inLanguage":"fr-FR","@id":"https:\/\/vosgesinfo.fr\/saintdieinfo\/#\/schema\/logo\/image\/","url":"https:\/\/vosgesinfo.fr\/app\/uploads\/sites\/4\/2024\/02\/logo-sdi.jpg","contentUrl":"https:\/\/vosgesinfo.fr\/app\/uploads\/sites\/4\/2024\/02\/logo-sdi.jpg","width":600,"height":600,"caption":"Saint Die Info"},"image":{"@id":"https:\/\/vosgesinfo.fr\/saintdieinfo\/#\/schema\/logo\/image\/"},"sameAs":["https:\/\/www.facebook.com\/Saintdieinfofr","https:\/\/x.com\/VosgesInfo88","https:\/\/www.youtube.com\/@vosgesinfo"]},{"@type":"Person","@id":"https:\/\/vosgesinfo.fr\/saintdieinfo\/#\/schema\/person\/faee6704a21f3977511db84bd1cd450f","name":"la r\u00e9daction","image":{"@type":"ImageObject","inLanguage":"fr-FR","@id":"https:\/\/vosgesinfo.fr\/saintdieinfo\/#\/schema\/person\/image\/","url":"https:\/\/secure.gravatar.com\/avatar\/6673d8bc6a9c17fa9a453eaa3448de834fa308c2ec9635b7aa99441a7c8d2cf6?s=96&d=mm&r=g","contentUrl":"https:\/\/secure.gravatar.com\/avatar\/6673d8bc6a9c17fa9a453eaa3448de834fa308c2ec9635b7aa99441a7c8d2cf6?s=96&d=mm&r=g","caption":"la r\u00e9daction"},"url":"https:\/\/vosgesinfo.fr\/saintdieinfo\/author\/redac\/"}]}},"_links":{"self":[{"href":"https:\/\/vosgesinfo.fr\/saintdieinfo\/wp-json\/wp\/v2\/posts\/60530","targetHints":{"allow":["GET"]}}],"collection":[{"href":"https:\/\/vosgesinfo.fr\/saintdieinfo\/wp-json\/wp\/v2\/posts"}],"about":[{"href":"https:\/\/vosgesinfo.fr\/saintdieinfo\/wp-json\/wp\/v2\/types\/post"}],"author":[{"embeddable":true,"href":"https:\/\/vosgesinfo.fr\/saintdieinfo\/wp-json\/wp\/v2\/users\/44"}],"replies":[{"embeddable":true,"href":"https:\/\/vosgesinfo.fr\/saintdieinfo\/wp-json\/wp\/v2\/comments?post=60530"}],"version-history":[{"count":0,"href":"https:\/\/vosgesinfo.fr\/saintdieinfo\/wp-json\/wp\/v2\/posts\/60530\/revisions"}],"wp:featuredmedia":[{"embeddable":true,"href":"https:\/\/vosgesinfo.fr\/saintdieinfo\/wp-json\/wp\/v2\/media\/60531"}],"wp:attachment":[{"href":"https:\/\/vosgesinfo.fr\/saintdieinfo\/wp-json\/wp\/v2\/media?parent=60530"}],"wp:term":[{"taxonomy":"category","embeddable":true,"href":"https:\/\/vosgesinfo.fr\/saintdieinfo\/wp-json\/wp\/v2\/categories?post=60530"},{"taxonomy":"post_tag","embeddable":true,"href":"https:\/\/vosgesinfo.fr\/saintdieinfo\/wp-json\/wp\/v2\/tags?post=60530"}],"curies":[{"name":"wp","href":"https:\/\/api.w.org\/{rel}","templated":true}]}}