{"id":60540,"date":"2022-12-05T15:54:29","date_gmt":"2022-12-05T14:54:29","guid":{"rendered":"https:\/\/vosgesinfo.fr\/saintdieinfo\/2022\/12\/vosges-1025-armes-remises-lors-de-loperation-dabandon-simplifie-darmes\/"},"modified":"2022-12-05T15:54:29","modified_gmt":"2022-12-05T14:54:29","slug":"vosges-1025-armes-remises-lors-de-loperation-dabandon-simplifie-darmes","status":"publish","type":"post","link":"https:\/\/vosgesinfo.fr\/saintdieinfo\/2022\/12\/vosges-1025-armes-remises-lors-de-loperation-dabandon-simplifie-darmes\/","title":{"rendered":"Vosges \u2013 1025 armes remises lors de l&rsquo;op\u00e9ration d&rsquo;abandon simplifi\u00e9 d&rsquo;armes"},"content":{"rendered":"<div id=\"attachment_193289\" style=\"width: 970px\" class=\"wp-caption aligncenter\"><a href=\"\/2022\/11\/Armodrome_Commissariat_SDDV-2.jpg\" target=\"_blank\" rel=\"noopener\"><img decoding=\"async\" aria-describedby=\"caption-attachment-193289\" class=\"wp-image-193289 size-large\" src=\"\/2022\/11\/Armodrome_Commissariat_SDDV-2-1024x683.jpg\" alt=\"Armodrome_Commissariat_SDDV (2)\" width=\"960\" height=\"640\" \/><\/a><p id=\"caption-attachment-193289\" class=\"wp-caption-text\">(Archive)<\/p><\/div>\n<h2><strong><span style=\"font-size: 14pt;\"><span dir=\"ltr\">La pr\u00e9f\u00e8te des Vosges<\/span> <span dir=\"ltr\">se f\u00e9licite du succ\u00e8s de l&rsquo;op\u00e9ration d&rsquo;abandon simplifi\u00e9 d&rsquo;armes \u00e0 l&rsquo;\u00c9tat dans le<\/span><span dir=\"ltr\"> d\u00e9partement.<\/span><span dir=\"ltr\"> Dans<\/span> <span dir=\"ltr\">le cadre de l&rsquo;op\u00e9ration d&rsquo;abandon simplifi\u00e9 d&rsquo;armes<\/span> <span dir=\"ltr\">\u00e0 l\u2019\u00c9tat, organis\u00e9e par le minist\u00e8re de<\/span><span dir=\"ltr\"> l\u2019Int\u00e9rieur et des Outre-mer avec l&rsquo;appui du minist\u00e8re de la Justice, les particuliers, d\u00e9tenteurs non<\/span><span dir=\"ltr\"> d\u00e9clar\u00e9s ont pu s&rsquo;en dessaisir en les remettant \u00e0 des policiers et gendarmes ou les enregistrer pour les<\/span><span dir=\"ltr\"> conserver, dans le syst\u00e8me d\u2019information sur les armes (SIA) aupr\u00e8s d&rsquo;agents de pr\u00e9fectures et sous-<\/span><span dir=\"ltr\"> pr\u00e9fectures.<\/span><\/span><\/strong><\/h2>\n<p><!--more--><span dir=\"ltr\">Cette op\u00e9ration in\u00e9dite, organis\u00e9e dans 3 sites vosgiens<\/span> <span dir=\"ltr\">(commissariat de police d\u2019\u00c9pinal, commissariat <\/span><span dir=\"ltr\">de police de Saint-Di\u00e9 des Vosges et brigade de gendarmerie de Neufch\u00e2teau) , du 26 novembre au 2<\/span><span dir=\"ltr\"> d\u00e9cembre, a permis \u00e0 de nombreux usagers d&rsquo;effectuer l&rsquo;une ou l&rsquo;autre de ces d\u00e9marches. <\/span><span dir=\"ltr\">Cette action r\u00e9pondait \u00e0 un besoin fort des usagers, notamment pour ceux ayant acquis des armes par<\/span><span dir=\"ltr\"> h\u00e9ritage. Elle a largement contribu\u00e9 \u00e0 renforcer la relation et la confiance entre la population et les<\/span><span dir=\"ltr\"> forces de s\u00e9curit\u00e9 int\u00e9rieure autour de l&rsquo;objectif partag\u00e9 de s\u00e9curit\u00e9 publique.<\/span> <span dir=\"ltr\">Elle participe grandement<\/span><span dir=\"ltr\"> \u00e0 pr\u00e9venir les violences intrafamiliales, les accidents domestiques et les vols d&rsquo;armes<\/span><span dir=\"ltr\">.<\/span><\/p>\n<p><span dir=\"ltr\">Dans les Vosges,<\/span> <span dir=\"ltr\">1025 armes<\/span><span dir=\"ltr\">, dont 748 armes longues, 227 armes de poing et 50 armes \u00e0 feu et de<\/span><span dir=\"ltr\"> d\u00e9fense<\/span> <span dir=\"ltr\">ont \u00e9t\u00e9 abandonn\u00e9es ainsi que<\/span> <span dir=\"ltr\">37 256<\/span> <span dir=\"ltr\">munitions<\/span><span dir=\"ltr\">. <\/span><span dir=\"ltr\">Dans le m\u00eame temps,<\/span> <span dir=\"ltr\">177<\/span> <span dir=\"ltr\">armes jusqu\u2019ici non d\u00e9clar\u00e9es ont \u00e9t\u00e9 enregistr\u00e9es<\/span> <span dir=\"ltr\">dans le syst\u00e8me<\/span><span dir=\"ltr\"> d\u2019information sur les armes (SIA) permettant la r\u00e9gularisation de la situation de leurs propri\u00e9taires.<\/span><span dir=\"ltr\"> La simplicit\u00e9 de la proc\u00e9dure<\/span> <span dir=\"ltr\">d&rsquo;abandon assortie d&rsquo;une garantie d&rsquo;<\/span><span dir=\"ltr\">absence de poursuites<\/span> <span dir=\"ltr\">administratives<\/span><span dir=\"ltr\"> ou judiciaires pour d\u00e9tention ill\u00e9gale d&rsquo;armes, la<\/span> <span dir=\"ltr\">proximit\u00e9 des points d&rsquo;accueil<\/span> <span dir=\"ltr\">et l&rsquo;<\/span><span dir=\"ltr\">accompagnement<\/span><span dir=\"ltr\"> apport\u00e9 aux usagers<\/span> <span dir=\"ltr\">par les services de l&rsquo;\u00c9tat et leurs partenaires ont constitu\u00e9 des facteurs clefs de ce<\/span><span dir=\"ltr\"> succ\u00e8s.<\/span><\/p>\n<p><span dir=\"ltr\">Fort de cette dynamique, G\u00e9rald Darmanin,<\/span> <span dir=\"ltr\">ministre de l\u2019Int\u00e9rieur et des Outre-mer,<\/span> <span dir=\"ltr\">a d\u00e9cid\u00e9 d&rsquo;<\/span><span dir=\"ltr\">engager <\/span><span dir=\"ltr\">une r\u00e9forme de la proc\u00e9dure d&rsquo;abandon d&rsquo;armes<\/span> <span dir=\"ltr\">\u00e0 l&rsquo;\u00c9tat visant \u00e0 la simplifier. Une exp\u00e9rimentation sera<\/span><span dir=\"ltr\"> initi\u00e9e en ce sens d\u00e8s le premier trimestre 2023 dans 5 d\u00e9partements.<\/span><span dir=\"ltr\"> \u00c0 l&rsquo;issue du d\u00e9ploiement du syst\u00e8me d&rsquo;information sur les armes \u00e0 l&rsquo;ensemble des publics concern\u00e9s<\/span><span dir=\"ltr\"> (d\u00e9tenteurs d&rsquo;armes particuliers, associatifs et m\u00e9tiers) pr\u00e9vu<\/span> <span dir=\"ltr\">fin 2023, une nouvelle op\u00e9ration de ce<\/span><span dir=\"ltr\"> type sera organis\u00e9e<\/span><span dir=\"ltr\">. L&rsquo;abandon des armes non d\u00e9clar\u00e9es reste possible et leur enregistrement est<\/span><span dir=\"ltr\"> obligatoire dans le SIA.<\/span><\/p>\n<h3><strong><span style=\"font-size: 12pt;\"><span dir=\"ltr\">Quelques chiffres cl\u00e9s<\/span> <span dir=\"ltr\">:<\/span><\/span><\/strong><\/h3>\n<ul>\n<li><span dir=\"ltr\">30 000 d\u00e9tenteurs d\u2019armes dans le d\u00e9partement des Vosges pour 168 000 dans le Grand Est ;<\/span><\/li>\n<li><span dir=\"ltr\">39 000 armes d\u00e9tenues dans les Vosges pour 800 000 dans le Grand Est ;<\/span><\/li>\n<li><span dir=\"ltr\">2 millions d\u2019armes d\u00e9tenues ill\u00e9galement sur le territoire national.<\/span><\/li>\n<\/ul>\n<p><span dir=\"ltr\">Pour en savoir plus : <a href=\"https:\/\/www.service-public.fr\/particuliers\/vosdroits\/F11629\" target=\"_blank\" rel=\"noopener\">https:\/\/www.service-public.fr\/particuliers\/vosdroits\/F11629<\/a><\/span><\/p>\n","protected":false},"excerpt":{"rendered":"<p>La pr\u00e9f\u00e8te des Vosges se f\u00e9licite du succ\u00e8s de l&rsquo;op\u00e9ration d&rsquo;abandon simplifi\u00e9 d&rsquo;armes \u00e0 l&rsquo;\u00c9tat dans le d\u00e9partement. Dans le [&hellip;]<\/p>\n","protected":false},"author":44,"featured_media":60541,"comment_status":"open","ping_status":"open","sticky":false,"template":"","format":"standard","meta":{"footnotes":""},"categories":[460,18],"tags":[13343,13344,13345],"class_list":["post-60540","post","type-post","status-publish","format-standard","has-post-thumbnail","hentry","category-a-la-une","category-vosges","tag-armes-dans-les-vosges","tag-armodrome","tag-operation-dabandon-simplifie-darmes-a-letat"],"acf":[],"yoast_head":"<!-- This site is optimized with the Yoast SEO plugin v22.5 - https:\/\/yoast.com\/wordpress\/plugins\/seo\/ -->\n<title>Vosges \u2013 1025 armes remises lors de l&#039;op\u00e9ration d&#039;abandon simplifi\u00e9 d&#039;armes - Saint Die Info<\/title>\n<meta name=\"robots\" content=\"index, follow, max-snippet:-1, max-image-preview:large, max-video-preview:-1\" \/>\n<link rel=\"canonical\" href=\"https:\/\/vosgesinfo.fr\/saintdieinfo\/2022\/12\/vosges-1025-armes-remises-lors-de-loperation-dabandon-simplifie-darmes\/\" \/>\n<meta name=\"twitter:card\" content=\"summary_large_image\" \/>\n<meta name=\"twitter:title\" content=\"Vosges \u2013 1025 armes remises lors de l&#039;op\u00e9ration d&#039;abandon simplifi\u00e9 d&#039;armes - Saint Die Info\" \/>\n<meta name=\"twitter:description\" content=\"La pr\u00e9f\u00e8te des Vosges se f\u00e9licite du succ\u00e8s de l&rsquo;op\u00e9ration d&rsquo;abandon simplifi\u00e9 d&rsquo;armes \u00e0 l&rsquo;\u00c9tat dans le d\u00e9partement. Dans le [&hellip;]\" \/>\n<meta name=\"twitter:image\" content=\"https:\/\/vosgesinfo.fr\/app\/uploads\/sites\/4\/2024\/08\/202211armodrome-commissariat-sddv-2-1.jpg\" \/>\n<meta name=\"twitter:creator\" content=\"@VosgesInfo88\" \/>\n<meta name=\"twitter:site\" content=\"@VosgesInfo88\" \/>\n<meta name=\"twitter:label1\" content=\"\u00c9crit par\" \/>\n\t<meta name=\"twitter:data1\" content=\"la r\u00e9daction\" \/>\n\t<meta name=\"twitter:label2\" content=\"Dur\u00e9e de lecture estim\u00e9e\" \/>\n\t<meta name=\"twitter:data2\" content=\"2 minutes\" \/>\n<script type=\"application\/ld+json\" class=\"yoast-schema-graph\">{\"@context\":\"https:\/\/schema.org\",\"@graph\":[{\"@type\":\"Article\",\"@id\":\"https:\/\/vosgesinfo.fr\/saintdieinfo\/2022\/12\/vosges-1025-armes-remises-lors-de-loperation-dabandon-simplifie-darmes\/#article\",\"isPartOf\":{\"@id\":\"https:\/\/vosgesinfo.fr\/saintdieinfo\/2022\/12\/vosges-1025-armes-remises-lors-de-loperation-dabandon-simplifie-darmes\/\"},\"author\":{\"name\":\"la r\u00e9daction\",\"@id\":\"https:\/\/vosgesinfo.fr\/saintdieinfo\/#\/schema\/person\/faee6704a21f3977511db84bd1cd450f\"},\"headline\":\"Vosges \u2013 1025 armes remises lors de l&rsquo;op\u00e9ration d&rsquo;abandon simplifi\u00e9 d&rsquo;armes\",\"datePublished\":\"2022-12-05T14:54:29+00:00\",\"dateModified\":\"2022-12-05T14:54:29+00:00\",\"mainEntityOfPage\":{\"@id\":\"https:\/\/vosgesinfo.fr\/saintdieinfo\/2022\/12\/vosges-1025-armes-remises-lors-de-loperation-dabandon-simplifie-darmes\/\"},\"wordCount\":527,\"commentCount\":0,\"publisher\":{\"@id\":\"https:\/\/vosgesinfo.fr\/saintdieinfo\/#organization\"},\"image\":{\"@id\":\"https:\/\/vosgesinfo.fr\/saintdieinfo\/2022\/12\/vosges-1025-armes-remises-lors-de-loperation-dabandon-simplifie-darmes\/#primaryimage\"},\"thumbnailUrl\":\"https:\/\/vosgesinfo.fr\/app\/uploads\/sites\/4\/2024\/08\/202211armodrome-commissariat-sddv-2-1.jpg\",\"keywords\":[\"Armes dans les Vosges\",\"Armodrome\",\"Op\u00e9ration d'abandon simplifi\u00e9 d'armes \u00e0 l'\u00c9tat\"],\"articleSection\":[\"A la Une\",\"Vosges\"],\"inLanguage\":\"fr-FR\",\"potentialAction\":[{\"@type\":\"CommentAction\",\"name\":\"Comment\",\"target\":[\"https:\/\/vosgesinfo.fr\/saintdieinfo\/2022\/12\/vosges-1025-armes-remises-lors-de-loperation-dabandon-simplifie-darmes\/#respond\"]}]},{\"@type\":\"WebPage\",\"@id\":\"https:\/\/vosgesinfo.fr\/saintdieinfo\/2022\/12\/vosges-1025-armes-remises-lors-de-loperation-dabandon-simplifie-darmes\/\",\"url\":\"https:\/\/vosgesinfo.fr\/saintdieinfo\/2022\/12\/vosges-1025-armes-remises-lors-de-loperation-dabandon-simplifie-darmes\/\",\"name\":\"Vosges \u2013 1025 armes remises lors de l'op\u00e9ration d'abandon simplifi\u00e9 d'armes - Saint Die Info\",\"isPartOf\":{\"@id\":\"https:\/\/vosgesinfo.fr\/saintdieinfo\/#website\"},\"primaryImageOfPage\":{\"@id\":\"https:\/\/vosgesinfo.fr\/saintdieinfo\/2022\/12\/vosges-1025-armes-remises-lors-de-loperation-dabandon-simplifie-darmes\/#primaryimage\"},\"image\":{\"@id\":\"https:\/\/vosgesinfo.fr\/saintdieinfo\/2022\/12\/vosges-1025-armes-remises-lors-de-loperation-dabandon-simplifie-darmes\/#primaryimage\"},\"thumbnailUrl\":\"https:\/\/vosgesinfo.fr\/app\/uploads\/sites\/4\/2024\/08\/202211armodrome-commissariat-sddv-2-1.jpg\",\"datePublished\":\"2022-12-05T14:54:29+00:00\",\"dateModified\":\"2022-12-05T14:54:29+00:00\",\"breadcrumb\":{\"@id\":\"https:\/\/vosgesinfo.fr\/saintdieinfo\/2022\/12\/vosges-1025-armes-remises-lors-de-loperation-dabandon-simplifie-darmes\/#breadcrumb\"},\"inLanguage\":\"fr-FR\",\"potentialAction\":[{\"@type\":\"ReadAction\",\"target\":[\"https:\/\/vosgesinfo.fr\/saintdieinfo\/2022\/12\/vosges-1025-armes-remises-lors-de-loperation-dabandon-simplifie-darmes\/\"]}]},{\"@type\":\"ImageObject\",\"inLanguage\":\"fr-FR\",\"@id\":\"https:\/\/vosgesinfo.fr\/saintdieinfo\/2022\/12\/vosges-1025-armes-remises-lors-de-loperation-dabandon-simplifie-darmes\/#primaryimage\",\"url\":\"https:\/\/vosgesinfo.fr\/app\/uploads\/sites\/4\/2024\/08\/202211armodrome-commissariat-sddv-2-1.jpg\",\"contentUrl\":\"https:\/\/vosgesinfo.fr\/app\/uploads\/sites\/4\/2024\/08\/202211armodrome-commissariat-sddv-2-1.jpg\",\"width\":1620,\"height\":1080},{\"@type\":\"BreadcrumbList\",\"@id\":\"https:\/\/vosgesinfo.fr\/saintdieinfo\/2022\/12\/vosges-1025-armes-remises-lors-de-loperation-dabandon-simplifie-darmes\/#breadcrumb\",\"itemListElement\":[{\"@type\":\"ListItem\",\"position\":1,\"name\":\"Home\",\"item\":\"https:\/\/vosgesinfo.fr\/saintdieinfo\/\"},{\"@type\":\"ListItem\",\"position\":2,\"name\":\"Vosges \u2013 1025 armes remises lors de l&rsquo;op\u00e9ration d&rsquo;abandon simplifi\u00e9 d&rsquo;armes\"}]},{\"@type\":\"WebSite\",\"@id\":\"https:\/\/vosgesinfo.fr\/saintdieinfo\/#website\",\"url\":\"https:\/\/vosgesinfo.fr\/saintdieinfo\/\",\"name\":\"Saint Die Info\",\"description\":\"Toute l&#039;actualit\u00e9 de Saint-Di\u00e9-Des-Vosges\",\"publisher\":{\"@id\":\"https:\/\/vosgesinfo.fr\/saintdieinfo\/#organization\"},\"alternateName\":\"Toute l'actualit\u00e9 de Saint-Di\u00e9-Des-Vosges\",\"potentialAction\":[{\"@type\":\"SearchAction\",\"target\":{\"@type\":\"EntryPoint\",\"urlTemplate\":\"https:\/\/vosgesinfo.fr\/saintdieinfo\/?s={search_term_string}\"},\"query-input\":\"required name=search_term_string\"}],\"inLanguage\":\"fr-FR\"},{\"@type\":\"Organization\",\"@id\":\"https:\/\/vosgesinfo.fr\/saintdieinfo\/#organization\",\"name\":\"Saint Die Info\",\"url\":\"https:\/\/vosgesinfo.fr\/saintdieinfo\/\",\"logo\":{\"@type\":\"ImageObject\",\"inLanguage\":\"fr-FR\",\"@id\":\"https:\/\/vosgesinfo.fr\/saintdieinfo\/#\/schema\/logo\/image\/\",\"url\":\"https:\/\/vosgesinfo.fr\/app\/uploads\/sites\/4\/2024\/02\/logo-sdi.jpg\",\"contentUrl\":\"https:\/\/vosgesinfo.fr\/app\/uploads\/sites\/4\/2024\/02\/logo-sdi.jpg\",\"width\":600,\"height\":600,\"caption\":\"Saint Die Info\"},\"image\":{\"@id\":\"https:\/\/vosgesinfo.fr\/saintdieinfo\/#\/schema\/logo\/image\/\"},\"sameAs\":[\"https:\/\/www.facebook.com\/Saintdieinfofr\",\"https:\/\/x.com\/VosgesInfo88\",\"https:\/\/www.youtube.com\/@vosgesinfo\"]},{\"@type\":\"Person\",\"@id\":\"https:\/\/vosgesinfo.fr\/saintdieinfo\/#\/schema\/person\/faee6704a21f3977511db84bd1cd450f\",\"name\":\"la r\u00e9daction\",\"image\":{\"@type\":\"ImageObject\",\"inLanguage\":\"fr-FR\",\"@id\":\"https:\/\/vosgesinfo.fr\/saintdieinfo\/#\/schema\/person\/image\/\",\"url\":\"https:\/\/secure.gravatar.com\/avatar\/6673d8bc6a9c17fa9a453eaa3448de834fa308c2ec9635b7aa99441a7c8d2cf6?s=96&d=mm&r=g\",\"contentUrl\":\"https:\/\/secure.gravatar.com\/avatar\/6673d8bc6a9c17fa9a453eaa3448de834fa308c2ec9635b7aa99441a7c8d2cf6?s=96&d=mm&r=g\",\"caption\":\"la r\u00e9daction\"},\"url\":\"https:\/\/vosgesinfo.fr\/saintdieinfo\/author\/redac\/\"}]}<\/script>\n<!-- \/ Yoast SEO plugin. -->","yoast_head_json":{"title":"Vosges \u2013 1025 armes remises lors de l'op\u00e9ration d'abandon simplifi\u00e9 d'armes - Saint Die Info","robots":{"index":"index","follow":"follow","max-snippet":"max-snippet:-1","max-image-preview":"max-image-preview:large","max-video-preview":"max-video-preview:-1"},"canonical":"https:\/\/vosgesinfo.fr\/saintdieinfo\/2022\/12\/vosges-1025-armes-remises-lors-de-loperation-dabandon-simplifie-darmes\/","twitter_card":"summary_large_image","twitter_title":"Vosges \u2013 1025 armes remises lors de l'op\u00e9ration d'abandon simplifi\u00e9 d'armes - Saint Die Info","twitter_description":"La pr\u00e9f\u00e8te des Vosges se f\u00e9licite du succ\u00e8s de l&rsquo;op\u00e9ration d&rsquo;abandon simplifi\u00e9 d&rsquo;armes \u00e0 l&rsquo;\u00c9tat dans le d\u00e9partement. Dans le [&hellip;]","twitter_image":"https:\/\/vosgesinfo.fr\/app\/uploads\/sites\/4\/2024\/08\/202211armodrome-commissariat-sddv-2-1.jpg","twitter_creator":"@VosgesInfo88","twitter_site":"@VosgesInfo88","twitter_misc":{"\u00c9crit par":"la r\u00e9daction","Dur\u00e9e de lecture estim\u00e9e":"2 minutes"},"schema":{"@context":"https:\/\/schema.org","@graph":[{"@type":"Article","@id":"https:\/\/vosgesinfo.fr\/saintdieinfo\/2022\/12\/vosges-1025-armes-remises-lors-de-loperation-dabandon-simplifie-darmes\/#article","isPartOf":{"@id":"https:\/\/vosgesinfo.fr\/saintdieinfo\/2022\/12\/vosges-1025-armes-remises-lors-de-loperation-dabandon-simplifie-darmes\/"},"author":{"name":"la r\u00e9daction","@id":"https:\/\/vosgesinfo.fr\/saintdieinfo\/#\/schema\/person\/faee6704a21f3977511db84bd1cd450f"},"headline":"Vosges \u2013 1025 armes remises lors de l&rsquo;op\u00e9ration d&rsquo;abandon simplifi\u00e9 d&rsquo;armes","datePublished":"2022-12-05T14:54:29+00:00","dateModified":"2022-12-05T14:54:29+00:00","mainEntityOfPage":{"@id":"https:\/\/vosgesinfo.fr\/saintdieinfo\/2022\/12\/vosges-1025-armes-remises-lors-de-loperation-dabandon-simplifie-darmes\/"},"wordCount":527,"commentCount":0,"publisher":{"@id":"https:\/\/vosgesinfo.fr\/saintdieinfo\/#organization"},"image":{"@id":"https:\/\/vosgesinfo.fr\/saintdieinfo\/2022\/12\/vosges-1025-armes-remises-lors-de-loperation-dabandon-simplifie-darmes\/#primaryimage"},"thumbnailUrl":"https:\/\/vosgesinfo.fr\/app\/uploads\/sites\/4\/2024\/08\/202211armodrome-commissariat-sddv-2-1.jpg","keywords":["Armes dans les Vosges","Armodrome","Op\u00e9ration d'abandon simplifi\u00e9 d'armes \u00e0 l'\u00c9tat"],"articleSection":["A la Une","Vosges"],"inLanguage":"fr-FR","potentialAction":[{"@type":"CommentAction","name":"Comment","target":["https:\/\/vosgesinfo.fr\/saintdieinfo\/2022\/12\/vosges-1025-armes-remises-lors-de-loperation-dabandon-simplifie-darmes\/#respond"]}]},{"@type":"WebPage","@id":"https:\/\/vosgesinfo.fr\/saintdieinfo\/2022\/12\/vosges-1025-armes-remises-lors-de-loperation-dabandon-simplifie-darmes\/","url":"https:\/\/vosgesinfo.fr\/saintdieinfo\/2022\/12\/vosges-1025-armes-remises-lors-de-loperation-dabandon-simplifie-darmes\/","name":"Vosges \u2013 1025 armes remises lors de l'op\u00e9ration d'abandon simplifi\u00e9 d'armes - Saint Die Info","isPartOf":{"@id":"https:\/\/vosgesinfo.fr\/saintdieinfo\/#website"},"primaryImageOfPage":{"@id":"https:\/\/vosgesinfo.fr\/saintdieinfo\/2022\/12\/vosges-1025-armes-remises-lors-de-loperation-dabandon-simplifie-darmes\/#primaryimage"},"image":{"@id":"https:\/\/vosgesinfo.fr\/saintdieinfo\/2022\/12\/vosges-1025-armes-remises-lors-de-loperation-dabandon-simplifie-darmes\/#primaryimage"},"thumbnailUrl":"https:\/\/vosgesinfo.fr\/app\/uploads\/sites\/4\/2024\/08\/202211armodrome-commissariat-sddv-2-1.jpg","datePublished":"2022-12-05T14:54:29+00:00","dateModified":"2022-12-05T14:54:29+00:00","breadcrumb":{"@id":"https:\/\/vosgesinfo.fr\/saintdieinfo\/2022\/12\/vosges-1025-armes-remises-lors-de-loperation-dabandon-simplifie-darmes\/#breadcrumb"},"inLanguage":"fr-FR","potentialAction":[{"@type":"ReadAction","target":["https:\/\/vosgesinfo.fr\/saintdieinfo\/2022\/12\/vosges-1025-armes-remises-lors-de-loperation-dabandon-simplifie-darmes\/"]}]},{"@type":"ImageObject","inLanguage":"fr-FR","@id":"https:\/\/vosgesinfo.fr\/saintdieinfo\/2022\/12\/vosges-1025-armes-remises-lors-de-loperation-dabandon-simplifie-darmes\/#primaryimage","url":"https:\/\/vosgesinfo.fr\/app\/uploads\/sites\/4\/2024\/08\/202211armodrome-commissariat-sddv-2-1.jpg","contentUrl":"https:\/\/vosgesinfo.fr\/app\/uploads\/sites\/4\/2024\/08\/202211armodrome-commissariat-sddv-2-1.jpg","width":1620,"height":1080},{"@type":"BreadcrumbList","@id":"https:\/\/vosgesinfo.fr\/saintdieinfo\/2022\/12\/vosges-1025-armes-remises-lors-de-loperation-dabandon-simplifie-darmes\/#breadcrumb","itemListElement":[{"@type":"ListItem","position":1,"name":"Home","item":"https:\/\/vosgesinfo.fr\/saintdieinfo\/"},{"@type":"ListItem","position":2,"name":"Vosges \u2013 1025 armes remises lors de l&rsquo;op\u00e9ration d&rsquo;abandon simplifi\u00e9 d&rsquo;armes"}]},{"@type":"WebSite","@id":"https:\/\/vosgesinfo.fr\/saintdieinfo\/#website","url":"https:\/\/vosgesinfo.fr\/saintdieinfo\/","name":"Saint Die Info","description":"Toute l&#039;actualit\u00e9 de Saint-Di\u00e9-Des-Vosges","publisher":{"@id":"https:\/\/vosgesinfo.fr\/saintdieinfo\/#organization"},"alternateName":"Toute l'actualit\u00e9 de Saint-Di\u00e9-Des-Vosges","potentialAction":[{"@type":"SearchAction","target":{"@type":"EntryPoint","urlTemplate":"https:\/\/vosgesinfo.fr\/saintdieinfo\/?s={search_term_string}"},"query-input":"required name=search_term_string"}],"inLanguage":"fr-FR"},{"@type":"Organization","@id":"https:\/\/vosgesinfo.fr\/saintdieinfo\/#organization","name":"Saint Die Info","url":"https:\/\/vosgesinfo.fr\/saintdieinfo\/","logo":{"@type":"ImageObject","inLanguage":"fr-FR","@id":"https:\/\/vosgesinfo.fr\/saintdieinfo\/#\/schema\/logo\/image\/","url":"https:\/\/vosgesinfo.fr\/app\/uploads\/sites\/4\/2024\/02\/logo-sdi.jpg","contentUrl":"https:\/\/vosgesinfo.fr\/app\/uploads\/sites\/4\/2024\/02\/logo-sdi.jpg","width":600,"height":600,"caption":"Saint Die Info"},"image":{"@id":"https:\/\/vosgesinfo.fr\/saintdieinfo\/#\/schema\/logo\/image\/"},"sameAs":["https:\/\/www.facebook.com\/Saintdieinfofr","https:\/\/x.com\/VosgesInfo88","https:\/\/www.youtube.com\/@vosgesinfo"]},{"@type":"Person","@id":"https:\/\/vosgesinfo.fr\/saintdieinfo\/#\/schema\/person\/faee6704a21f3977511db84bd1cd450f","name":"la r\u00e9daction","image":{"@type":"ImageObject","inLanguage":"fr-FR","@id":"https:\/\/vosgesinfo.fr\/saintdieinfo\/#\/schema\/person\/image\/","url":"https:\/\/secure.gravatar.com\/avatar\/6673d8bc6a9c17fa9a453eaa3448de834fa308c2ec9635b7aa99441a7c8d2cf6?s=96&d=mm&r=g","contentUrl":"https:\/\/secure.gravatar.com\/avatar\/6673d8bc6a9c17fa9a453eaa3448de834fa308c2ec9635b7aa99441a7c8d2cf6?s=96&d=mm&r=g","caption":"la r\u00e9daction"},"url":"https:\/\/vosgesinfo.fr\/saintdieinfo\/author\/redac\/"}]}},"_links":{"self":[{"href":"https:\/\/vosgesinfo.fr\/saintdieinfo\/wp-json\/wp\/v2\/posts\/60540","targetHints":{"allow":["GET"]}}],"collection":[{"href":"https:\/\/vosgesinfo.fr\/saintdieinfo\/wp-json\/wp\/v2\/posts"}],"about":[{"href":"https:\/\/vosgesinfo.fr\/saintdieinfo\/wp-json\/wp\/v2\/types\/post"}],"author":[{"embeddable":true,"href":"https:\/\/vosgesinfo.fr\/saintdieinfo\/wp-json\/wp\/v2\/users\/44"}],"replies":[{"embeddable":true,"href":"https:\/\/vosgesinfo.fr\/saintdieinfo\/wp-json\/wp\/v2\/comments?post=60540"}],"version-history":[{"count":0,"href":"https:\/\/vosgesinfo.fr\/saintdieinfo\/wp-json\/wp\/v2\/posts\/60540\/revisions"}],"wp:featuredmedia":[{"embeddable":true,"href":"https:\/\/vosgesinfo.fr\/saintdieinfo\/wp-json\/wp\/v2\/media\/60541"}],"wp:attachment":[{"href":"https:\/\/vosgesinfo.fr\/saintdieinfo\/wp-json\/wp\/v2\/media?parent=60540"}],"wp:term":[{"taxonomy":"category","embeddable":true,"href":"https:\/\/vosgesinfo.fr\/saintdieinfo\/wp-json\/wp\/v2\/categories?post=60540"},{"taxonomy":"post_tag","embeddable":true,"href":"https:\/\/vosgesinfo.fr\/saintdieinfo\/wp-json\/wp\/v2\/tags?post=60540"}],"curies":[{"name":"wp","href":"https:\/\/api.w.org\/{rel}","templated":true}]}}