{"id":60542,"date":"2022-12-05T15:59:47","date_gmt":"2022-12-05T14:59:47","guid":{"rendered":"https:\/\/vosgesinfo.fr\/saintdieinfo\/2022\/12\/votez-sportifs-vosgiens-de-lannee\/"},"modified":"2022-12-05T15:59:47","modified_gmt":"2022-12-05T14:59:47","slug":"votez-sportifs-vosgiens-de-lannee","status":"publish","type":"post","link":"https:\/\/vosgesinfo.fr\/saintdieinfo\/2022\/12\/votez-sportifs-vosgiens-de-lannee\/","title":{"rendered":"Votez pour les sportifs vosgiens de l\u2019ann\u00e9e"},"content":{"rendered":"<p style=\"text-align: left;\" align=\"justify\"><img decoding=\"async\" class=\"aligncenter wp-image-193840 size-medium\" src=\"\/2022\/12\/vie-en-vosges-logos-400x162.png\" alt=\"vie-en-vosges-logos\" width=\"400\" height=\"162\" \/><\/p>\n<h2 style=\"text-align: left;\" align=\"justify\"><strong><span style=\"font-size: 14pt;\">Le grand public est appel\u00e9 \u00e0 \u00e9lire le sportif de l\u2019ann\u00e9e, l\u2019\u00e9quipe de l\u2019ann\u00e9e et l\u2019espoir de l\u2019ann\u00e9e. Les votes sont d\u00e9sormais ouverts sur le site\u00a0<u><a href=\"http:\/\/meritesportif.vosges.fr\/\" target=\"_blank\" rel=\"noopener\">http:\/\/meritesportif.vosges.fr<\/a><\/u>.\u00a0Le vote s\u2019ach\u00e8vera le\u00a018 d\u00e9cembre \u00e0 minuit. Il est possible de voter\u00a0une fois par 24 h.\u00a0Les r\u00e9sultats seront \u00e0 d\u00e9couvrir en direct sur Vosges T\u00e9l\u00e9vision le lundi 19 d\u00e9cembre lors de la c\u00e9r\u00e9monie du\u00a0M\u00e9rite\u00a0Sportif 2022, anim\u00e9e par Ga\u00eblle Millon, journaliste grand reporter.<\/span><\/strong><\/h2>\n<p style=\"text-align: left;\" align=\"justify\"><!--more--><\/p>\n<p style=\"text-align: left;\" align=\"justify\"><span style=\"font-size: 12pt;\">Organis\u00e9e par le Conseil d\u00e9partemental des Vosges, la 30<sup>e<\/sup> c\u00e9r\u00e9monie du M\u00e9rite Sportif rassemble chaque ann\u00e9e les repr\u00e9sentants les plus m\u00e9ritants du sport vosgien autour d\u2019une ambition partag\u00e9e :\u00a0\u00ab favoriser la visibilit\u00e9 de l\u2019excellence sportive vosgienne \u00bb.<\/span><\/p>\n<h3 style=\"text-align: left;\" align=\"justify\"><strong><span style=\"font-size: 12pt;\">Pour le sportif de l\u2019ann\u00e9e, le choix pourra se porter sur :\u00a0<\/span><\/strong><\/h3>\n<p class=\"western\" style=\"text-align: left;\"><span style=\"font-size: 12pt;\">Adrien BACKSCHEIDER, Ski, AS G\u00e9rardmer Ski Nordique\u00a0:<\/span><\/p>\n<p class=\"western\" style=\"text-align: left;\"><span style=\"font-size: 12pt;\">Cl\u00e9mence BERETTA, Athl\u00e9tisme, AVEC Pays de Remiremont\u00a0:<\/span><\/p>\n<p class=\"western\" style=\"text-align: left;\"><span style=\"font-size: 12pt;\">Julia CLAIR, Ski, Ski Club Xonrupt Longemer\u00a0:<\/span><\/p>\n<p class=\"western\" style=\"text-align: left;\"><span style=\"font-size: 12pt;\">Fabien CLAUDE, Ski, Basse-sur-le-Rupt Ski Nordique<\/span><\/p>\n<p class=\"western\" style=\"text-align: left;\"><span style=\"font-size: 12pt;\">Florent CLAUDE, Ski, Basse-sur-le-Rupt Ski Nordique<\/span><\/p>\n<p class=\"western\" style=\"text-align: left;\"><span style=\"font-size: 12pt;\">Delphine CLAUDEL, Ski, Soci\u00e9t\u00e9 Omnisports La Bressaude Ski<\/span><\/p>\n<p class=\"western\" style=\"text-align: left;\"><span style=\"font-size: 12pt;\">Antoine G\u00c9RARD, Ski, Union Sportive Ventron<\/span><\/p>\n<p class=\"western\" style=\"text-align: left;\"><span style=\"font-size: 12pt;\">Cl\u00e9ment NOEL, Ski, Basse-sur-le-Rupt Ski Nordique<\/span><\/p>\n<p class=\"western\" style=\"text-align: left;\"><span style=\"font-size: 12pt;\">Titouan PERRIN-GANIER, Cyclisme, Remiremont VTT<\/span><\/p>\n<p class=\"western\" style=\"text-align: left;\"><span style=\"font-size: 12pt;\">Benjamin POLIN, Athl\u00e9tisme, AVEC Pays d\u2019Epinal<\/span><\/p>\n<h3 style=\"text-align: left;\" align=\"justify\"><strong><span style=\"font-size: 12pt;\">Pour l\u2019espoir de l\u2019ann\u00e9e, le choix se fera entre :\u00a0<\/span><\/strong><\/h3>\n<p class=\"western\" style=\"text-align: left;\"><span style=\"font-size: 12pt;\">Paula BOTET, Soci\u00e9t\u00e9 Omnisports La Bressaude Ski<\/span><\/p>\n<p class=\"western\" style=\"text-align: left;\"><span style=\"font-size: 12pt;\">Hicham ERRBIBIH, Club Olympique de la Haute<\/span><\/p>\n<p class=\"western\" style=\"text-align: left;\"><span style=\"font-size: 12pt;\">El\u00e9a JOUVE, Soci\u00e9t\u00e9 d\u2019Escrime Spinalienne<\/span><\/p>\n<p class=\"western\" style=\"text-align: left;\"><span style=\"font-size: 12pt;\">Matteo MAIGRAT, Siam Boxing Thaon<\/span><\/p>\n<p class=\"western\" style=\"text-align: left;\"><span style=\"font-size: 12pt;\">Hugo MONASSE, Golbey Epinal Saint-Nabord Cano\u00eb Kayak<\/span><\/p>\n<p class=\"western\" style=\"text-align: left;\"><span style=\"font-size: 12pt;\"><a name=\"_GoBack\"><\/a>Chlo\u00e9 NICOT, AS G\u00e9rardmer Cano\u00eb Kayak<\/span><\/p>\n<p class=\"western\" style=\"text-align: left;\"><span style=\"font-size: 12pt;\">Tom ROCHAT, Ski Club Xonrupt Longemer<\/span><\/p>\n<p class=\"western\" style=\"text-align: left;\"><span style=\"font-size: 12pt;\">Aubin SPARFEL, Cycle Golb\u00e9en<\/span><\/p>\n<h3 style=\"text-align: left;\" align=\"justify\"><strong><span style=\"font-size: 12pt;\">Et pour l\u2019\u00e9quipe de l\u2019ann\u00e9e, le vote portera au choix sur :\u00a0<\/span><\/strong><\/h3>\n<p class=\"western\" style=\"text-align: left;\"><span style=\"font-size: 12pt;\">L\u2019\u00e9quipe de Tennis de table de l\u2019Association Stivalienne Raonnaise<\/span><\/p>\n<p class=\"western\" style=\"text-align: left;\"><span style=\"font-size: 12pt;\">L\u2019\u00e9quipe de Hockey sur glace du Epinal Hockey Club<\/span><\/p>\n<p class=\"western\" style=\"text-align: left;\"><span style=\"font-size: 12pt;\">L\u2019\u00e9quipe de Football de l\u2019Entente Sportive Thaonnaise<\/span><\/p>\n<p class=\"western\" style=\"text-align: left;\"><span style=\"font-size: 12pt;\">L\u2019\u00e9quipe de relais f\u00e9minin Ski de la Soci\u00e9t\u00e9 Omnisports La Bressaude<\/span><\/p>\n<p class=\"western\" style=\"text-align: left;\"><span style=\"font-size: 12pt;\">Les Louves du SRD Volley Ball<\/span><\/p>\n<p class=\"western\" style=\"text-align: left;\">&#8211;<\/p>\n<p style=\"text-align: left;\" align=\"justify\"><span style=\"font-size: 12pt;\">Une seule adresse pour voter\u00a0: <u><a href=\"http:\/\/meritesportif.vosges.fr\/\" target=\"_blank\" rel=\"noopener\">http:\/\/meritesportif.vosges.fr<\/a><\/u>\u00a0<\/span><\/p>\n","protected":false},"excerpt":{"rendered":"<p>Le grand public est appel\u00e9 \u00e0 \u00e9lire le sportif de l\u2019ann\u00e9e, l\u2019\u00e9quipe de l\u2019ann\u00e9e et l\u2019espoir de l\u2019ann\u00e9e. Les votes [&hellip;]<\/p>\n","protected":false},"author":44,"featured_media":60543,"comment_status":"open","ping_status":"open","sticky":false,"template":"","format":"standard","meta":{"footnotes":""},"categories":[460,14,18],"tags":[13346,13347],"class_list":["post-60542","post","type-post","status-publish","format-standard","has-post-thumbnail","hentry","category-a-la-une","category-sport","category-vosges","tag-sportifs-vosgiens-de-lannee","tag-trophee-du-merite-sportif-2022"],"acf":[],"yoast_head":"<!-- This site is optimized with the Yoast SEO plugin v22.5 - https:\/\/yoast.com\/wordpress\/plugins\/seo\/ -->\n<title>Votez pour les sportifs vosgiens de l\u2019ann\u00e9e - Saint Die Info<\/title>\n<meta name=\"robots\" content=\"index, follow, max-snippet:-1, max-image-preview:large, max-video-preview:-1\" \/>\n<link rel=\"canonical\" href=\"https:\/\/vosgesinfo.fr\/saintdieinfo\/2022\/12\/votez-sportifs-vosgiens-de-lannee\/\" \/>\n<meta name=\"twitter:card\" content=\"summary_large_image\" \/>\n<meta name=\"twitter:title\" content=\"Votez pour les sportifs vosgiens de l\u2019ann\u00e9e - Saint Die Info\" \/>\n<meta name=\"twitter:description\" content=\"Le grand public est appel\u00e9 \u00e0 \u00e9lire le sportif de l\u2019ann\u00e9e, l\u2019\u00e9quipe de l\u2019ann\u00e9e et l\u2019espoir de l\u2019ann\u00e9e. Les votes [&hellip;]\" \/>\n<meta name=\"twitter:image\" content=\"https:\/\/vosgesinfo.fr\/app\/uploads\/sites\/4\/2024\/08\/202212vie-en-vosges-logos.png\" \/>\n<meta name=\"twitter:creator\" content=\"@VosgesInfo88\" \/>\n<meta name=\"twitter:site\" content=\"@VosgesInfo88\" \/>\n<meta name=\"twitter:label1\" content=\"\u00c9crit par\" \/>\n\t<meta name=\"twitter:data1\" content=\"la r\u00e9daction\" \/>\n\t<meta name=\"twitter:label2\" content=\"Dur\u00e9e de lecture estim\u00e9e\" \/>\n\t<meta name=\"twitter:data2\" content=\"2 minutes\" \/>\n<script type=\"application\/ld+json\" class=\"yoast-schema-graph\">{\"@context\":\"https:\/\/schema.org\",\"@graph\":[{\"@type\":\"Article\",\"@id\":\"https:\/\/vosgesinfo.fr\/saintdieinfo\/2022\/12\/votez-sportifs-vosgiens-de-lannee\/#article\",\"isPartOf\":{\"@id\":\"https:\/\/vosgesinfo.fr\/saintdieinfo\/2022\/12\/votez-sportifs-vosgiens-de-lannee\/\"},\"author\":{\"name\":\"la r\u00e9daction\",\"@id\":\"https:\/\/vosgesinfo.fr\/saintdieinfo\/#\/schema\/person\/faee6704a21f3977511db84bd1cd450f\"},\"headline\":\"Votez pour les sportifs vosgiens de l\u2019ann\u00e9e\",\"datePublished\":\"2022-12-05T14:59:47+00:00\",\"dateModified\":\"2022-12-05T14:59:47+00:00\",\"mainEntityOfPage\":{\"@id\":\"https:\/\/vosgesinfo.fr\/saintdieinfo\/2022\/12\/votez-sportifs-vosgiens-de-lannee\/\"},\"wordCount\":371,\"commentCount\":0,\"publisher\":{\"@id\":\"https:\/\/vosgesinfo.fr\/saintdieinfo\/#organization\"},\"image\":{\"@id\":\"https:\/\/vosgesinfo.fr\/saintdieinfo\/2022\/12\/votez-sportifs-vosgiens-de-lannee\/#primaryimage\"},\"thumbnailUrl\":\"https:\/\/vosgesinfo.fr\/app\/uploads\/sites\/4\/2024\/08\/202212vie-en-vosges-logos.png\",\"keywords\":[\"Sportifs vosgiens de l'ann\u00e9e\",\"Troph\u00e9e du M\u00e9rite Sportif 2022\"],\"articleSection\":[\"A la Une\",\"Sport\",\"Vosges\"],\"inLanguage\":\"fr-FR\",\"potentialAction\":[{\"@type\":\"CommentAction\",\"name\":\"Comment\",\"target\":[\"https:\/\/vosgesinfo.fr\/saintdieinfo\/2022\/12\/votez-sportifs-vosgiens-de-lannee\/#respond\"]}]},{\"@type\":\"WebPage\",\"@id\":\"https:\/\/vosgesinfo.fr\/saintdieinfo\/2022\/12\/votez-sportifs-vosgiens-de-lannee\/\",\"url\":\"https:\/\/vosgesinfo.fr\/saintdieinfo\/2022\/12\/votez-sportifs-vosgiens-de-lannee\/\",\"name\":\"Votez pour les sportifs vosgiens de l\u2019ann\u00e9e - Saint Die Info\",\"isPartOf\":{\"@id\":\"https:\/\/vosgesinfo.fr\/saintdieinfo\/#website\"},\"primaryImageOfPage\":{\"@id\":\"https:\/\/vosgesinfo.fr\/saintdieinfo\/2022\/12\/votez-sportifs-vosgiens-de-lannee\/#primaryimage\"},\"image\":{\"@id\":\"https:\/\/vosgesinfo.fr\/saintdieinfo\/2022\/12\/votez-sportifs-vosgiens-de-lannee\/#primaryimage\"},\"thumbnailUrl\":\"https:\/\/vosgesinfo.fr\/app\/uploads\/sites\/4\/2024\/08\/202212vie-en-vosges-logos.png\",\"datePublished\":\"2022-12-05T14:59:47+00:00\",\"dateModified\":\"2022-12-05T14:59:47+00:00\",\"breadcrumb\":{\"@id\":\"https:\/\/vosgesinfo.fr\/saintdieinfo\/2022\/12\/votez-sportifs-vosgiens-de-lannee\/#breadcrumb\"},\"inLanguage\":\"fr-FR\",\"potentialAction\":[{\"@type\":\"ReadAction\",\"target\":[\"https:\/\/vosgesinfo.fr\/saintdieinfo\/2022\/12\/votez-sportifs-vosgiens-de-lannee\/\"]}]},{\"@type\":\"ImageObject\",\"inLanguage\":\"fr-FR\",\"@id\":\"https:\/\/vosgesinfo.fr\/saintdieinfo\/2022\/12\/votez-sportifs-vosgiens-de-lannee\/#primaryimage\",\"url\":\"https:\/\/vosgesinfo.fr\/app\/uploads\/sites\/4\/2024\/08\/202212vie-en-vosges-logos.png\",\"contentUrl\":\"https:\/\/vosgesinfo.fr\/app\/uploads\/sites\/4\/2024\/08\/202212vie-en-vosges-logos.png\",\"width\":978,\"height\":395},{\"@type\":\"BreadcrumbList\",\"@id\":\"https:\/\/vosgesinfo.fr\/saintdieinfo\/2022\/12\/votez-sportifs-vosgiens-de-lannee\/#breadcrumb\",\"itemListElement\":[{\"@type\":\"ListItem\",\"position\":1,\"name\":\"Home\",\"item\":\"https:\/\/vosgesinfo.fr\/saintdieinfo\/\"},{\"@type\":\"ListItem\",\"position\":2,\"name\":\"Votez pour les sportifs vosgiens de l\u2019ann\u00e9e\"}]},{\"@type\":\"WebSite\",\"@id\":\"https:\/\/vosgesinfo.fr\/saintdieinfo\/#website\",\"url\":\"https:\/\/vosgesinfo.fr\/saintdieinfo\/\",\"name\":\"Saint Die Info\",\"description\":\"Toute l&#039;actualit\u00e9 de Saint-Di\u00e9-Des-Vosges\",\"publisher\":{\"@id\":\"https:\/\/vosgesinfo.fr\/saintdieinfo\/#organization\"},\"alternateName\":\"Toute l'actualit\u00e9 de Saint-Di\u00e9-Des-Vosges\",\"potentialAction\":[{\"@type\":\"SearchAction\",\"target\":{\"@type\":\"EntryPoint\",\"urlTemplate\":\"https:\/\/vosgesinfo.fr\/saintdieinfo\/?s={search_term_string}\"},\"query-input\":\"required name=search_term_string\"}],\"inLanguage\":\"fr-FR\"},{\"@type\":\"Organization\",\"@id\":\"https:\/\/vosgesinfo.fr\/saintdieinfo\/#organization\",\"name\":\"Saint Die Info\",\"url\":\"https:\/\/vosgesinfo.fr\/saintdieinfo\/\",\"logo\":{\"@type\":\"ImageObject\",\"inLanguage\":\"fr-FR\",\"@id\":\"https:\/\/vosgesinfo.fr\/saintdieinfo\/#\/schema\/logo\/image\/\",\"url\":\"https:\/\/vosgesinfo.fr\/app\/uploads\/sites\/4\/2024\/02\/logo-sdi.jpg\",\"contentUrl\":\"https:\/\/vosgesinfo.fr\/app\/uploads\/sites\/4\/2024\/02\/logo-sdi.jpg\",\"width\":600,\"height\":600,\"caption\":\"Saint Die Info\"},\"image\":{\"@id\":\"https:\/\/vosgesinfo.fr\/saintdieinfo\/#\/schema\/logo\/image\/\"},\"sameAs\":[\"https:\/\/www.facebook.com\/Saintdieinfofr\",\"https:\/\/x.com\/VosgesInfo88\",\"https:\/\/www.youtube.com\/@vosgesinfo\"]},{\"@type\":\"Person\",\"@id\":\"https:\/\/vosgesinfo.fr\/saintdieinfo\/#\/schema\/person\/faee6704a21f3977511db84bd1cd450f\",\"name\":\"la r\u00e9daction\",\"image\":{\"@type\":\"ImageObject\",\"inLanguage\":\"fr-FR\",\"@id\":\"https:\/\/vosgesinfo.fr\/saintdieinfo\/#\/schema\/person\/image\/\",\"url\":\"https:\/\/secure.gravatar.com\/avatar\/6673d8bc6a9c17fa9a453eaa3448de834fa308c2ec9635b7aa99441a7c8d2cf6?s=96&d=mm&r=g\",\"contentUrl\":\"https:\/\/secure.gravatar.com\/avatar\/6673d8bc6a9c17fa9a453eaa3448de834fa308c2ec9635b7aa99441a7c8d2cf6?s=96&d=mm&r=g\",\"caption\":\"la r\u00e9daction\"},\"url\":\"https:\/\/vosgesinfo.fr\/saintdieinfo\/author\/redac\/\"}]}<\/script>\n<!-- \/ Yoast SEO plugin. -->","yoast_head_json":{"title":"Votez pour les sportifs vosgiens de l\u2019ann\u00e9e - Saint Die Info","robots":{"index":"index","follow":"follow","max-snippet":"max-snippet:-1","max-image-preview":"max-image-preview:large","max-video-preview":"max-video-preview:-1"},"canonical":"https:\/\/vosgesinfo.fr\/saintdieinfo\/2022\/12\/votez-sportifs-vosgiens-de-lannee\/","twitter_card":"summary_large_image","twitter_title":"Votez pour les sportifs vosgiens de l\u2019ann\u00e9e - Saint Die Info","twitter_description":"Le grand public est appel\u00e9 \u00e0 \u00e9lire le sportif de l\u2019ann\u00e9e, l\u2019\u00e9quipe de l\u2019ann\u00e9e et l\u2019espoir de l\u2019ann\u00e9e. Les votes [&hellip;]","twitter_image":"https:\/\/vosgesinfo.fr\/app\/uploads\/sites\/4\/2024\/08\/202212vie-en-vosges-logos.png","twitter_creator":"@VosgesInfo88","twitter_site":"@VosgesInfo88","twitter_misc":{"\u00c9crit par":"la r\u00e9daction","Dur\u00e9e de lecture estim\u00e9e":"2 minutes"},"schema":{"@context":"https:\/\/schema.org","@graph":[{"@type":"Article","@id":"https:\/\/vosgesinfo.fr\/saintdieinfo\/2022\/12\/votez-sportifs-vosgiens-de-lannee\/#article","isPartOf":{"@id":"https:\/\/vosgesinfo.fr\/saintdieinfo\/2022\/12\/votez-sportifs-vosgiens-de-lannee\/"},"author":{"name":"la r\u00e9daction","@id":"https:\/\/vosgesinfo.fr\/saintdieinfo\/#\/schema\/person\/faee6704a21f3977511db84bd1cd450f"},"headline":"Votez pour les sportifs vosgiens de l\u2019ann\u00e9e","datePublished":"2022-12-05T14:59:47+00:00","dateModified":"2022-12-05T14:59:47+00:00","mainEntityOfPage":{"@id":"https:\/\/vosgesinfo.fr\/saintdieinfo\/2022\/12\/votez-sportifs-vosgiens-de-lannee\/"},"wordCount":371,"commentCount":0,"publisher":{"@id":"https:\/\/vosgesinfo.fr\/saintdieinfo\/#organization"},"image":{"@id":"https:\/\/vosgesinfo.fr\/saintdieinfo\/2022\/12\/votez-sportifs-vosgiens-de-lannee\/#primaryimage"},"thumbnailUrl":"https:\/\/vosgesinfo.fr\/app\/uploads\/sites\/4\/2024\/08\/202212vie-en-vosges-logos.png","keywords":["Sportifs vosgiens de l'ann\u00e9e","Troph\u00e9e du M\u00e9rite Sportif 2022"],"articleSection":["A la Une","Sport","Vosges"],"inLanguage":"fr-FR","potentialAction":[{"@type":"CommentAction","name":"Comment","target":["https:\/\/vosgesinfo.fr\/saintdieinfo\/2022\/12\/votez-sportifs-vosgiens-de-lannee\/#respond"]}]},{"@type":"WebPage","@id":"https:\/\/vosgesinfo.fr\/saintdieinfo\/2022\/12\/votez-sportifs-vosgiens-de-lannee\/","url":"https:\/\/vosgesinfo.fr\/saintdieinfo\/2022\/12\/votez-sportifs-vosgiens-de-lannee\/","name":"Votez pour les sportifs vosgiens de l\u2019ann\u00e9e - Saint Die Info","isPartOf":{"@id":"https:\/\/vosgesinfo.fr\/saintdieinfo\/#website"},"primaryImageOfPage":{"@id":"https:\/\/vosgesinfo.fr\/saintdieinfo\/2022\/12\/votez-sportifs-vosgiens-de-lannee\/#primaryimage"},"image":{"@id":"https:\/\/vosgesinfo.fr\/saintdieinfo\/2022\/12\/votez-sportifs-vosgiens-de-lannee\/#primaryimage"},"thumbnailUrl":"https:\/\/vosgesinfo.fr\/app\/uploads\/sites\/4\/2024\/08\/202212vie-en-vosges-logos.png","datePublished":"2022-12-05T14:59:47+00:00","dateModified":"2022-12-05T14:59:47+00:00","breadcrumb":{"@id":"https:\/\/vosgesinfo.fr\/saintdieinfo\/2022\/12\/votez-sportifs-vosgiens-de-lannee\/#breadcrumb"},"inLanguage":"fr-FR","potentialAction":[{"@type":"ReadAction","target":["https:\/\/vosgesinfo.fr\/saintdieinfo\/2022\/12\/votez-sportifs-vosgiens-de-lannee\/"]}]},{"@type":"ImageObject","inLanguage":"fr-FR","@id":"https:\/\/vosgesinfo.fr\/saintdieinfo\/2022\/12\/votez-sportifs-vosgiens-de-lannee\/#primaryimage","url":"https:\/\/vosgesinfo.fr\/app\/uploads\/sites\/4\/2024\/08\/202212vie-en-vosges-logos.png","contentUrl":"https:\/\/vosgesinfo.fr\/app\/uploads\/sites\/4\/2024\/08\/202212vie-en-vosges-logos.png","width":978,"height":395},{"@type":"BreadcrumbList","@id":"https:\/\/vosgesinfo.fr\/saintdieinfo\/2022\/12\/votez-sportifs-vosgiens-de-lannee\/#breadcrumb","itemListElement":[{"@type":"ListItem","position":1,"name":"Home","item":"https:\/\/vosgesinfo.fr\/saintdieinfo\/"},{"@type":"ListItem","position":2,"name":"Votez pour les sportifs vosgiens de l\u2019ann\u00e9e"}]},{"@type":"WebSite","@id":"https:\/\/vosgesinfo.fr\/saintdieinfo\/#website","url":"https:\/\/vosgesinfo.fr\/saintdieinfo\/","name":"Saint Die Info","description":"Toute l&#039;actualit\u00e9 de Saint-Di\u00e9-Des-Vosges","publisher":{"@id":"https:\/\/vosgesinfo.fr\/saintdieinfo\/#organization"},"alternateName":"Toute l'actualit\u00e9 de Saint-Di\u00e9-Des-Vosges","potentialAction":[{"@type":"SearchAction","target":{"@type":"EntryPoint","urlTemplate":"https:\/\/vosgesinfo.fr\/saintdieinfo\/?s={search_term_string}"},"query-input":"required name=search_term_string"}],"inLanguage":"fr-FR"},{"@type":"Organization","@id":"https:\/\/vosgesinfo.fr\/saintdieinfo\/#organization","name":"Saint Die Info","url":"https:\/\/vosgesinfo.fr\/saintdieinfo\/","logo":{"@type":"ImageObject","inLanguage":"fr-FR","@id":"https:\/\/vosgesinfo.fr\/saintdieinfo\/#\/schema\/logo\/image\/","url":"https:\/\/vosgesinfo.fr\/app\/uploads\/sites\/4\/2024\/02\/logo-sdi.jpg","contentUrl":"https:\/\/vosgesinfo.fr\/app\/uploads\/sites\/4\/2024\/02\/logo-sdi.jpg","width":600,"height":600,"caption":"Saint Die Info"},"image":{"@id":"https:\/\/vosgesinfo.fr\/saintdieinfo\/#\/schema\/logo\/image\/"},"sameAs":["https:\/\/www.facebook.com\/Saintdieinfofr","https:\/\/x.com\/VosgesInfo88","https:\/\/www.youtube.com\/@vosgesinfo"]},{"@type":"Person","@id":"https:\/\/vosgesinfo.fr\/saintdieinfo\/#\/schema\/person\/faee6704a21f3977511db84bd1cd450f","name":"la r\u00e9daction","image":{"@type":"ImageObject","inLanguage":"fr-FR","@id":"https:\/\/vosgesinfo.fr\/saintdieinfo\/#\/schema\/person\/image\/","url":"https:\/\/secure.gravatar.com\/avatar\/6673d8bc6a9c17fa9a453eaa3448de834fa308c2ec9635b7aa99441a7c8d2cf6?s=96&d=mm&r=g","contentUrl":"https:\/\/secure.gravatar.com\/avatar\/6673d8bc6a9c17fa9a453eaa3448de834fa308c2ec9635b7aa99441a7c8d2cf6?s=96&d=mm&r=g","caption":"la r\u00e9daction"},"url":"https:\/\/vosgesinfo.fr\/saintdieinfo\/author\/redac\/"}]}},"_links":{"self":[{"href":"https:\/\/vosgesinfo.fr\/saintdieinfo\/wp-json\/wp\/v2\/posts\/60542","targetHints":{"allow":["GET"]}}],"collection":[{"href":"https:\/\/vosgesinfo.fr\/saintdieinfo\/wp-json\/wp\/v2\/posts"}],"about":[{"href":"https:\/\/vosgesinfo.fr\/saintdieinfo\/wp-json\/wp\/v2\/types\/post"}],"author":[{"embeddable":true,"href":"https:\/\/vosgesinfo.fr\/saintdieinfo\/wp-json\/wp\/v2\/users\/44"}],"replies":[{"embeddable":true,"href":"https:\/\/vosgesinfo.fr\/saintdieinfo\/wp-json\/wp\/v2\/comments?post=60542"}],"version-history":[{"count":0,"href":"https:\/\/vosgesinfo.fr\/saintdieinfo\/wp-json\/wp\/v2\/posts\/60542\/revisions"}],"wp:featuredmedia":[{"embeddable":true,"href":"https:\/\/vosgesinfo.fr\/saintdieinfo\/wp-json\/wp\/v2\/media\/60543"}],"wp:attachment":[{"href":"https:\/\/vosgesinfo.fr\/saintdieinfo\/wp-json\/wp\/v2\/media?parent=60542"}],"wp:term":[{"taxonomy":"category","embeddable":true,"href":"https:\/\/vosgesinfo.fr\/saintdieinfo\/wp-json\/wp\/v2\/categories?post=60542"},{"taxonomy":"post_tag","embeddable":true,"href":"https:\/\/vosgesinfo.fr\/saintdieinfo\/wp-json\/wp\/v2\/tags?post=60542"}],"curies":[{"name":"wp","href":"https:\/\/api.w.org\/{rel}","templated":true}]}}